{"id":9233,"date":"2026-04-24T23:00:32","date_gmt":"2026-04-24T22:00:32","guid":{"rendered":"https:\/\/sare.eus\/?p=9233"},"modified":"2026-04-25T09:02:36","modified_gmt":"2026-04-25T08:02:36","slug":"este-ultimo-viernes-de-abril-queremos-anunciar-una-rueda-de-prensa-masiva-el-6-de-junio-en-arrasate-que-sera-la-mas-importante-que-hemos-hecho-en-los-ultimos-anos","status":"publish","type":"post","link":"https:\/\/sare.eus\/es\/este-ultimo-viernes-de-abril-queremos-anunciar-una-rueda-de-prensa-masiva-el-6-de-junio-en-arrasate-que-sera-la-mas-importante-que-hemos-hecho-en-los-ultimos-anos\/","title":{"rendered":"Lectura del \u00faltimo viernes de abril: \u00abQueremos anunciar la ruede de masiva del 6 de junio en Arrasate, que ser\u00e1 la m\u00e1s importante que hemos hecho en los \u00faltimos a\u00f1os.\u00bb"},"content":{"rendered":"<p>Con la llegada del \u00faltimo viernes de abril, damos por terminado este cuarto mes del a\u00f1o que nos ha tra\u00eddo tanto avances como retrocesos. Y es por ello que queremos volver a poner el acento en que es hora ya de poner fin a las consecuencias que han dejado tantos a\u00f1os de conflicto y de abrir las puertas a la resoluci\u00f3n, la paz y la convivencia.<\/p>\n<p>Pero seguimos avanzando en el camino de vuelta a casa y, ello es evidente si atendemos a las cifras. <strong>Hoy son 97 l@s preos@s que forman el Colectivo y esperamos seguir avanzando en ese sentido en los pr\u00f3ximos d\u00edas. En cualquier caso, no est\u00e1 de m\u00e1s entender lo que significa esa cifra. De esos 97 presos, 60 est\u00e1n pisando la calle de manera cotidiana, por lo que son 37 los que siguen en r\u00e9gimen cerrado. Eso si: cumpliendo con todas las condiciones para poder pasar esos \u00faltimos a\u00f1os de condena en sus casas.<\/strong><\/p>\n<p>En los \u00faltimos d\u00edas, la negativa a aplicar el art\u00edculo 100.2 a Iparragirre y Karasatorre, que ha ocupado la actualidad medi\u00e1tica, la recibimos con gran preocupaci\u00f3n. Una vez m\u00e1s, ha quedado en evidencia una pr\u00e1ctica jur\u00eddica basada m\u00e1s en la l\u00f3gica de la venganza que en la argumentaci\u00f3n jur\u00eddica. Seguiremos trabajando en la construcci\u00f3n de la resoluci\u00f3n, la paz y la convivencia, a pesar de tener enfrente \u00e1mbitos judiciales, pol\u00edticos y lobbies medi\u00e1ticos que se dedican a ejercer presi\u00f3n y a imponer pol\u00edticas de venganza.<\/p>\n<p>La realidad del exilio, es otra. Por desgracia, tenemos que restar una cifra a ese n\u00famero que nos ha acompa\u00f1ado en los \u00faltimos meses. Y decimos por desgracia, porque la semana pasada nos dej\u00f3 Hilario Urbizu, vecino de Olazti que tras pasar los \u00faltimos 45 a\u00f1os lejos de casa, muri\u00f3 en M\u00e9xico tras una larga enfermedad.<\/p>\n<p>Ateniendo a las cifras, pues, podemos entender el momento actual. Y teniendo en cuenta cual est\u00e1 siendo la evoluci\u00f3n del camino de vuelta a casa, hemos realizado un ejercicio de reflexi\u00f3n que compartiremos con nuestra comunidad en 27 asambleas que realizaremos en toda Euskal Herria. Atentos, pues, a las convocatorias.<\/p>\n<p><strong>Para terminar, hoy hacemos p\u00fablico la rueda de prensa masiva que celebraremos el 6 de junio a las 11:30 en el parque Monterron de Arrasate. Prevemos que ser\u00e1 la comparecencia mas importante que hemos realizado en mucho tiempo y, como hasta ahora, queremos compartir con todos vosotros la importancia de esta rueda de prensa.<\/strong><\/p>\n<p>Seguimos avanzando con el futuro como meta; sigamos trabajando a favor de la resoluci\u00f3n, la paz y la convivencia.<\/p>\n<p><img loading=\"lazy\" decoding=\"async\" class=\"alignnone wp-image-9235 size-large\" src=\"https:\/\/sare.eus\/wp-content\/uploads\/2026\/04\/EK6_PP-02-1024x576.jpg\" alt=\"\" width=\"1024\" height=\"576\" srcset=\"https:\/\/sare.eus\/wp-content\/uploads\/2026\/04\/EK6_PP-02-1024x576.jpg 1024w, https:\/\/sare.eus\/wp-content\/uploads\/2026\/04\/EK6_PP-02-300x169.jpg 300w, https:\/\/sare.eus\/wp-content\/uploads\/2026\/04\/EK6_PP-02-768x432.jpg 768w, https:\/\/sare.eus\/wp-content\/uploads\/2026\/04\/EK6_PP-02-1536x864.jpg 1536w, https:\/\/sare.eus\/wp-content\/uploads\/2026\/04\/EK6_PP-02-1080x608.jpg 1080w, https:\/\/sare.eus\/wp-content\/uploads\/2026\/04\/EK6_PP-02.jpg 1920w\" sizes=\"(max-width: 1024px) 100vw, 1024px\" \/><\/p>\n","protected":false},"excerpt":{"rendered":"<p>Con la llegada del \u00faltimo viernes de abril, damos por terminado este cuarto mes del a\u00f1o que nos ha tra\u00eddo tanto avances como retrocesos. Y es por ello que queremos [&hellip;]<\/p>\n","protected":false},"author":2,"featured_media":9239,"comment_status":"closed","ping_status":"closed","sticky":false,"template":"","format":"standard","meta":{"_acf_changed":false,"_et_pb_use_builder":"","_et_pb_old_content":"","_et_gb_content_width":"","footnotes":""},"categories":[60],"tags":[],"class_list":["post-9233","post","type-post","status-publish","format-standard","has-post-thumbnail","hentry","category-etxera-es","et-has-post-format-content","et_post_format-et-post-format-standard"],"acf":[],"yoast_head":"<!-- This site is optimized with the Yoast SEO plugin v26.4 - https:\/\/yoast.com\/wordpress\/plugins\/seo\/ -->\n<title>Lectura del \u00faltimo viernes de abril: &quot;Queremos anunciar la ruede de masiva del 6 de junio en Arrasate, que ser\u00e1 la m\u00e1s importante que hemos hecho en los \u00faltimos a\u00f1os.&quot; - Sare Herritarra<\/title>\n<meta name=\"robots\" content=\"index, follow, max-snippet:-1, max-image-preview:large, max-video-preview:-1\" \/>\n<link rel=\"canonical\" href=\"https:\/\/sare.eus\/es\/este-ultimo-viernes-de-abril-queremos-anunciar-una-rueda-de-prensa-masiva-el-6-de-junio-en-arrasate-que-sera-la-mas-importante-que-hemos-hecho-en-los-ultimos-anos\/\" \/>\n<meta property=\"og:locale\" content=\"es_ES\" \/>\n<meta property=\"og:type\" content=\"article\" \/>\n<meta property=\"og:title\" content=\"Lectura del \u00faltimo viernes de abril: &quot;Queremos anunciar la ruede de masiva del 6 de junio en Arrasate, que ser\u00e1 la m\u00e1s importante que hemos hecho en los \u00faltimos a\u00f1os.&quot; - Sare Herritarra\" \/>\n<meta property=\"og:description\" content=\"Con la llegada del \u00faltimo viernes de abril, damos por terminado este cuarto mes del a\u00f1o que nos ha tra\u00eddo tanto avances como retrocesos. Y es por ello que queremos [&hellip;]\" \/>\n<meta property=\"og:url\" content=\"https:\/\/sare.eus\/es\/este-ultimo-viernes-de-abril-queremos-anunciar-una-rueda-de-prensa-masiva-el-6-de-junio-en-arrasate-que-sera-la-mas-importante-que-hemos-hecho-en-los-ultimos-anos\/\" \/>\n<meta property=\"og:site_name\" content=\"Sare Herritarra\" \/>\n<meta property=\"article:published_time\" content=\"2026-04-24T22:00:32+00:00\" \/>\n<meta property=\"article:modified_time\" content=\"2026-04-25T08:02:36+00:00\" \/>\n<meta property=\"og:image\" content=\"https:\/\/sare.eus\/wp-content\/uploads\/2026\/04\/IMG-20260424-WA0010.jpg\" \/>\n\t<meta property=\"og:image:width\" content=\"1600\" \/>\n\t<meta property=\"og:image:height\" content=\"900\" \/>\n\t<meta property=\"og:image:type\" content=\"image\/jpeg\" \/>\n<meta name=\"author\" content=\"sare\" \/>\n<meta name=\"twitter:card\" content=\"summary_large_image\" \/>\n<meta name=\"twitter:label1\" content=\"Escrito por\" \/>\n\t<meta name=\"twitter:data1\" content=\"sare\" \/>\n\t<meta name=\"twitter:label2\" content=\"Tiempo de lectura\" \/>\n\t<meta name=\"twitter:data2\" content=\"3 minutos\" \/>\n<script type=\"application\/ld+json\" class=\"yoast-schema-graph\">{\"@context\":\"https:\/\/schema.org\",\"@graph\":[{\"@type\":\"Article\",\"@id\":\"https:\/\/sare.eus\/es\/este-ultimo-viernes-de-abril-queremos-anunciar-una-rueda-de-prensa-masiva-el-6-de-junio-en-arrasate-que-sera-la-mas-importante-que-hemos-hecho-en-los-ultimos-anos\/#article\",\"isPartOf\":{\"@id\":\"https:\/\/sare.eus\/es\/este-ultimo-viernes-de-abril-queremos-anunciar-una-rueda-de-prensa-masiva-el-6-de-junio-en-arrasate-que-sera-la-mas-importante-que-hemos-hecho-en-los-ultimos-anos\/\"},\"author\":{\"name\":\"sare\",\"@id\":\"https:\/\/sare.eus\/#\/schema\/person\/2fe6d0df294f56313d3ab236dbe38e17\"},\"headline\":\"Lectura del \u00faltimo viernes de abril: \u00abQueremos anunciar la ruede de masiva del 6 de junio en Arrasate, que ser\u00e1 la m\u00e1s importante que hemos hecho en los \u00faltimos a\u00f1os.\u00bb\",\"datePublished\":\"2026-04-24T22:00:32+00:00\",\"dateModified\":\"2026-04-25T08:02:36+00:00\",\"mainEntityOfPage\":{\"@id\":\"https:\/\/sare.eus\/es\/este-ultimo-viernes-de-abril-queremos-anunciar-una-rueda-de-prensa-masiva-el-6-de-junio-en-arrasate-que-sera-la-mas-importante-que-hemos-hecho-en-los-ultimos-anos\/\"},\"wordCount\":482,\"publisher\":{\"@id\":\"https:\/\/sare.eus\/#organization\"},\"image\":{\"@id\":\"https:\/\/sare.eus\/es\/este-ultimo-viernes-de-abril-queremos-anunciar-una-rueda-de-prensa-masiva-el-6-de-junio-en-arrasate-que-sera-la-mas-importante-que-hemos-hecho-en-los-ultimos-anos\/#primaryimage\"},\"thumbnailUrl\":\"https:\/\/sare.eus\/wp-content\/uploads\/2026\/04\/IMG-20260424-WA0010.jpg\",\"articleSection\":[\"Etxera\"],\"inLanguage\":\"es\"},{\"@type\":\"WebPage\",\"@id\":\"https:\/\/sare.eus\/es\/este-ultimo-viernes-de-abril-queremos-anunciar-una-rueda-de-prensa-masiva-el-6-de-junio-en-arrasate-que-sera-la-mas-importante-que-hemos-hecho-en-los-ultimos-anos\/\",\"url\":\"https:\/\/sare.eus\/es\/este-ultimo-viernes-de-abril-queremos-anunciar-una-rueda-de-prensa-masiva-el-6-de-junio-en-arrasate-que-sera-la-mas-importante-que-hemos-hecho-en-los-ultimos-anos\/\",\"name\":\"Lectura del \u00faltimo viernes de abril: \\\"Queremos anunciar la ruede de masiva del 6 de junio en Arrasate, que ser\u00e1 la m\u00e1s importante que hemos hecho en los \u00faltimos a\u00f1os.\\\" - Sare Herritarra\",\"isPartOf\":{\"@id\":\"https:\/\/sare.eus\/#website\"},\"primaryImageOfPage\":{\"@id\":\"https:\/\/sare.eus\/es\/este-ultimo-viernes-de-abril-queremos-anunciar-una-rueda-de-prensa-masiva-el-6-de-junio-en-arrasate-que-sera-la-mas-importante-que-hemos-hecho-en-los-ultimos-anos\/#primaryimage\"},\"image\":{\"@id\":\"https:\/\/sare.eus\/es\/este-ultimo-viernes-de-abril-queremos-anunciar-una-rueda-de-prensa-masiva-el-6-de-junio-en-arrasate-que-sera-la-mas-importante-que-hemos-hecho-en-los-ultimos-anos\/#primaryimage\"},\"thumbnailUrl\":\"https:\/\/sare.eus\/wp-content\/uploads\/2026\/04\/IMG-20260424-WA0010.jpg\",\"datePublished\":\"2026-04-24T22:00:32+00:00\",\"dateModified\":\"2026-04-25T08:02:36+00:00\",\"breadcrumb\":{\"@id\":\"https:\/\/sare.eus\/es\/este-ultimo-viernes-de-abril-queremos-anunciar-una-rueda-de-prensa-masiva-el-6-de-junio-en-arrasate-que-sera-la-mas-importante-que-hemos-hecho-en-los-ultimos-anos\/#breadcrumb\"},\"inLanguage\":\"es\",\"potentialAction\":[{\"@type\":\"ReadAction\",\"target\":[\"https:\/\/sare.eus\/es\/este-ultimo-viernes-de-abril-queremos-anunciar-una-rueda-de-prensa-masiva-el-6-de-junio-en-arrasate-que-sera-la-mas-importante-que-hemos-hecho-en-los-ultimos-anos\/\"]}]},{\"@type\":\"ImageObject\",\"inLanguage\":\"es\",\"@id\":\"https:\/\/sare.eus\/es\/este-ultimo-viernes-de-abril-queremos-anunciar-una-rueda-de-prensa-masiva-el-6-de-junio-en-arrasate-que-sera-la-mas-importante-que-hemos-hecho-en-los-ultimos-anos\/#primaryimage\",\"url\":\"https:\/\/sare.eus\/wp-content\/uploads\/2026\/04\/IMG-20260424-WA0010.jpg\",\"contentUrl\":\"https:\/\/sare.eus\/wp-content\/uploads\/2026\/04\/IMG-20260424-WA0010.jpg\",\"width\":1600,\"height\":900},{\"@type\":\"BreadcrumbList\",\"@id\":\"https:\/\/sare.eus\/es\/este-ultimo-viernes-de-abril-queremos-anunciar-una-rueda-de-prensa-masiva-el-6-de-junio-en-arrasate-que-sera-la-mas-importante-que-hemos-hecho-en-los-ultimos-anos\/#breadcrumb\",\"itemListElement\":[{\"@type\":\"ListItem\",\"position\":1,\"name\":\"Home\",\"item\":\"https:\/\/sare.eus\/\"},{\"@type\":\"ListItem\",\"position\":2,\"name\":\"Lectura del \u00faltimo viernes de abril: &#8220;Queremos anunciar la ruede de masiva del 6 de junio en Arrasate, que ser\u00e1 la m\u00e1s importante que hemos hecho en los \u00faltimos a\u00f1os.&#8221;\"}]},{\"@type\":\"WebSite\",\"@id\":\"https:\/\/sare.eus\/#website\",\"url\":\"https:\/\/sare.eus\/\",\"name\":\"Sare Herritarra\",\"description\":\"KONPONBIDEAREN ETA GIZA ESKUBIDEEN ALDEKO SARE HERRITARRA\",\"publisher\":{\"@id\":\"https:\/\/sare.eus\/#organization\"},\"potentialAction\":[{\"@type\":\"SearchAction\",\"target\":{\"@type\":\"EntryPoint\",\"urlTemplate\":\"https:\/\/sare.eus\/?s={search_term_string}\"},\"query-input\":{\"@type\":\"PropertyValueSpecification\",\"valueRequired\":true,\"valueName\":\"search_term_string\"}}],\"inLanguage\":\"es\"},{\"@type\":\"Organization\",\"@id\":\"https:\/\/sare.eus\/#organization\",\"name\":\"Sare Herritarra\",\"url\":\"https:\/\/sare.eus\/\",\"logo\":{\"@type\":\"ImageObject\",\"inLanguage\":\"es\",\"@id\":\"https:\/\/sare.eus\/#\/schema\/logo\/image\/\",\"url\":\"https:\/\/sare.eus\/wp-content\/uploads\/2021\/08\/sare.png\",\"contentUrl\":\"https:\/\/sare.eus\/wp-content\/uploads\/2021\/08\/sare.png\",\"width\":120,\"height\":142,\"caption\":\"Sare Herritarra\"},\"image\":{\"@id\":\"https:\/\/sare.eus\/#\/schema\/logo\/image\/\"}},{\"@type\":\"Person\",\"@id\":\"https:\/\/sare.eus\/#\/schema\/person\/2fe6d0df294f56313d3ab236dbe38e17\",\"name\":\"sare\",\"image\":{\"@type\":\"ImageObject\",\"inLanguage\":\"es\",\"@id\":\"https:\/\/sare.eus\/#\/schema\/person\/image\/\",\"url\":\"https:\/\/secure.gravatar.com\/avatar\/77cad838677ceb1977e7b3c878b55eaa7fa4aae2158983063b047c3ad7ef2c25?s=96&d=mm&r=g\",\"contentUrl\":\"https:\/\/secure.gravatar.com\/avatar\/77cad838677ceb1977e7b3c878b55eaa7fa4aae2158983063b047c3ad7ef2c25?s=96&d=mm&r=g\",\"caption\":\"sare\"},\"url\":\"https:\/\/sare.eus\/es\/author\/sare\/\"}]}<\/script>\n<!-- \/ Yoast SEO plugin. -->","yoast_head_json":{"title":"Lectura del \u00faltimo viernes de abril: \"Queremos anunciar la ruede de masiva del 6 de junio en Arrasate, que ser\u00e1 la m\u00e1s importante que hemos hecho en los \u00faltimos a\u00f1os.\" - Sare Herritarra","robots":{"index":"index","follow":"follow","max-snippet":"max-snippet:-1","max-image-preview":"max-image-preview:large","max-video-preview":"max-video-preview:-1"},"canonical":"https:\/\/sare.eus\/es\/este-ultimo-viernes-de-abril-queremos-anunciar-una-rueda-de-prensa-masiva-el-6-de-junio-en-arrasate-que-sera-la-mas-importante-que-hemos-hecho-en-los-ultimos-anos\/","og_locale":"es_ES","og_type":"article","og_title":"Lectura del \u00faltimo viernes de abril: \"Queremos anunciar la ruede de masiva del 6 de junio en Arrasate, que ser\u00e1 la m\u00e1s importante que hemos hecho en los \u00faltimos a\u00f1os.\" - Sare Herritarra","og_description":"Con la llegada del \u00faltimo viernes de abril, damos por terminado este cuarto mes del a\u00f1o que nos ha tra\u00eddo tanto avances como retrocesos. Y es por ello que queremos [&hellip;]","og_url":"https:\/\/sare.eus\/es\/este-ultimo-viernes-de-abril-queremos-anunciar-una-rueda-de-prensa-masiva-el-6-de-junio-en-arrasate-que-sera-la-mas-importante-que-hemos-hecho-en-los-ultimos-anos\/","og_site_name":"Sare Herritarra","article_published_time":"2026-04-24T22:00:32+00:00","article_modified_time":"2026-04-25T08:02:36+00:00","og_image":[{"width":1600,"height":900,"url":"https:\/\/sare.eus\/wp-content\/uploads\/2026\/04\/IMG-20260424-WA0010.jpg","type":"image\/jpeg"}],"author":"sare","twitter_card":"summary_large_image","twitter_misc":{"Escrito por":"sare","Tiempo de lectura":"3 minutos"},"schema":{"@context":"https:\/\/schema.org","@graph":[{"@type":"Article","@id":"https:\/\/sare.eus\/es\/este-ultimo-viernes-de-abril-queremos-anunciar-una-rueda-de-prensa-masiva-el-6-de-junio-en-arrasate-que-sera-la-mas-importante-que-hemos-hecho-en-los-ultimos-anos\/#article","isPartOf":{"@id":"https:\/\/sare.eus\/es\/este-ultimo-viernes-de-abril-queremos-anunciar-una-rueda-de-prensa-masiva-el-6-de-junio-en-arrasate-que-sera-la-mas-importante-que-hemos-hecho-en-los-ultimos-anos\/"},"author":{"name":"sare","@id":"https:\/\/sare.eus\/#\/schema\/person\/2fe6d0df294f56313d3ab236dbe38e17"},"headline":"Lectura del \u00faltimo viernes de abril: \u00abQueremos anunciar la ruede de masiva del 6 de junio en Arrasate, que ser\u00e1 la m\u00e1s importante que hemos hecho en los \u00faltimos a\u00f1os.\u00bb","datePublished":"2026-04-24T22:00:32+00:00","dateModified":"2026-04-25T08:02:36+00:00","mainEntityOfPage":{"@id":"https:\/\/sare.eus\/es\/este-ultimo-viernes-de-abril-queremos-anunciar-una-rueda-de-prensa-masiva-el-6-de-junio-en-arrasate-que-sera-la-mas-importante-que-hemos-hecho-en-los-ultimos-anos\/"},"wordCount":482,"publisher":{"@id":"https:\/\/sare.eus\/#organization"},"image":{"@id":"https:\/\/sare.eus\/es\/este-ultimo-viernes-de-abril-queremos-anunciar-una-rueda-de-prensa-masiva-el-6-de-junio-en-arrasate-que-sera-la-mas-importante-que-hemos-hecho-en-los-ultimos-anos\/#primaryimage"},"thumbnailUrl":"https:\/\/sare.eus\/wp-content\/uploads\/2026\/04\/IMG-20260424-WA0010.jpg","articleSection":["Etxera"],"inLanguage":"es"},{"@type":"WebPage","@id":"https:\/\/sare.eus\/es\/este-ultimo-viernes-de-abril-queremos-anunciar-una-rueda-de-prensa-masiva-el-6-de-junio-en-arrasate-que-sera-la-mas-importante-que-hemos-hecho-en-los-ultimos-anos\/","url":"https:\/\/sare.eus\/es\/este-ultimo-viernes-de-abril-queremos-anunciar-una-rueda-de-prensa-masiva-el-6-de-junio-en-arrasate-que-sera-la-mas-importante-que-hemos-hecho-en-los-ultimos-anos\/","name":"Lectura del \u00faltimo viernes de abril: \"Queremos anunciar la ruede de masiva del 6 de junio en Arrasate, que ser\u00e1 la m\u00e1s importante que hemos hecho en los \u00faltimos a\u00f1os.\" - Sare Herritarra","isPartOf":{"@id":"https:\/\/sare.eus\/#website"},"primaryImageOfPage":{"@id":"https:\/\/sare.eus\/es\/este-ultimo-viernes-de-abril-queremos-anunciar-una-rueda-de-prensa-masiva-el-6-de-junio-en-arrasate-que-sera-la-mas-importante-que-hemos-hecho-en-los-ultimos-anos\/#primaryimage"},"image":{"@id":"https:\/\/sare.eus\/es\/este-ultimo-viernes-de-abril-queremos-anunciar-una-rueda-de-prensa-masiva-el-6-de-junio-en-arrasate-que-sera-la-mas-importante-que-hemos-hecho-en-los-ultimos-anos\/#primaryimage"},"thumbnailUrl":"https:\/\/sare.eus\/wp-content\/uploads\/2026\/04\/IMG-20260424-WA0010.jpg","datePublished":"2026-04-24T22:00:32+00:00","dateModified":"2026-04-25T08:02:36+00:00","breadcrumb":{"@id":"https:\/\/sare.eus\/es\/este-ultimo-viernes-de-abril-queremos-anunciar-una-rueda-de-prensa-masiva-el-6-de-junio-en-arrasate-que-sera-la-mas-importante-que-hemos-hecho-en-los-ultimos-anos\/#breadcrumb"},"inLanguage":"es","potentialAction":[{"@type":"ReadAction","target":["https:\/\/sare.eus\/es\/este-ultimo-viernes-de-abril-queremos-anunciar-una-rueda-de-prensa-masiva-el-6-de-junio-en-arrasate-que-sera-la-mas-importante-que-hemos-hecho-en-los-ultimos-anos\/"]}]},{"@type":"ImageObject","inLanguage":"es","@id":"https:\/\/sare.eus\/es\/este-ultimo-viernes-de-abril-queremos-anunciar-una-rueda-de-prensa-masiva-el-6-de-junio-en-arrasate-que-sera-la-mas-importante-que-hemos-hecho-en-los-ultimos-anos\/#primaryimage","url":"https:\/\/sare.eus\/wp-content\/uploads\/2026\/04\/IMG-20260424-WA0010.jpg","contentUrl":"https:\/\/sare.eus\/wp-content\/uploads\/2026\/04\/IMG-20260424-WA0010.jpg","width":1600,"height":900},{"@type":"BreadcrumbList","@id":"https:\/\/sare.eus\/es\/este-ultimo-viernes-de-abril-queremos-anunciar-una-rueda-de-prensa-masiva-el-6-de-junio-en-arrasate-que-sera-la-mas-importante-que-hemos-hecho-en-los-ultimos-anos\/#breadcrumb","itemListElement":[{"@type":"ListItem","position":1,"name":"Home","item":"https:\/\/sare.eus\/"},{"@type":"ListItem","position":2,"name":"Lectura del \u00faltimo viernes de abril: &#8220;Queremos anunciar la ruede de masiva del 6 de junio en Arrasate, que ser\u00e1 la m\u00e1s importante que hemos hecho en los \u00faltimos a\u00f1os.&#8221;"}]},{"@type":"WebSite","@id":"https:\/\/sare.eus\/#website","url":"https:\/\/sare.eus\/","name":"Sare Herritarra","description":"KONPONBIDEAREN ETA GIZA ESKUBIDEEN ALDEKO SARE HERRITARRA","publisher":{"@id":"https:\/\/sare.eus\/#organization"},"potentialAction":[{"@type":"SearchAction","target":{"@type":"EntryPoint","urlTemplate":"https:\/\/sare.eus\/?s={search_term_string}"},"query-input":{"@type":"PropertyValueSpecification","valueRequired":true,"valueName":"search_term_string"}}],"inLanguage":"es"},{"@type":"Organization","@id":"https:\/\/sare.eus\/#organization","name":"Sare Herritarra","url":"https:\/\/sare.eus\/","logo":{"@type":"ImageObject","inLanguage":"es","@id":"https:\/\/sare.eus\/#\/schema\/logo\/image\/","url":"https:\/\/sare.eus\/wp-content\/uploads\/2021\/08\/sare.png","contentUrl":"https:\/\/sare.eus\/wp-content\/uploads\/2021\/08\/sare.png","width":120,"height":142,"caption":"Sare Herritarra"},"image":{"@id":"https:\/\/sare.eus\/#\/schema\/logo\/image\/"}},{"@type":"Person","@id":"https:\/\/sare.eus\/#\/schema\/person\/2fe6d0df294f56313d3ab236dbe38e17","name":"sare","image":{"@type":"ImageObject","inLanguage":"es","@id":"https:\/\/sare.eus\/#\/schema\/person\/image\/","url":"https:\/\/secure.gravatar.com\/avatar\/77cad838677ceb1977e7b3c878b55eaa7fa4aae2158983063b047c3ad7ef2c25?s=96&d=mm&r=g","contentUrl":"https:\/\/secure.gravatar.com\/avatar\/77cad838677ceb1977e7b3c878b55eaa7fa4aae2158983063b047c3ad7ef2c25?s=96&d=mm&r=g","caption":"sare"},"url":"https:\/\/sare.eus\/es\/author\/sare\/"}]}},"_links":{"self":[{"href":"https:\/\/sare.eus\/es\/wp-json\/wp\/v2\/posts\/9233","targetHints":{"allow":["GET"]}}],"collection":[{"href":"https:\/\/sare.eus\/es\/wp-json\/wp\/v2\/posts"}],"about":[{"href":"https:\/\/sare.eus\/es\/wp-json\/wp\/v2\/types\/post"}],"author":[{"embeddable":true,"href":"https:\/\/sare.eus\/es\/wp-json\/wp\/v2\/users\/2"}],"replies":[{"embeddable":true,"href":"https:\/\/sare.eus\/es\/wp-json\/wp\/v2\/comments?post=9233"}],"version-history":[{"count":3,"href":"https:\/\/sare.eus\/es\/wp-json\/wp\/v2\/posts\/9233\/revisions"}],"predecessor-version":[{"id":9242,"href":"https:\/\/sare.eus\/es\/wp-json\/wp\/v2\/posts\/9233\/revisions\/9242"}],"wp:featuredmedia":[{"embeddable":true,"href":"https:\/\/sare.eus\/es\/wp-json\/wp\/v2\/media\/9239"}],"wp:attachment":[{"href":"https:\/\/sare.eus\/es\/wp-json\/wp\/v2\/media?parent=9233"}],"wp:term":[{"taxonomy":"category","embeddable":true,"href":"https:\/\/sare.eus\/es\/wp-json\/wp\/v2\/categories?post=9233"},{"taxonomy":"post_tag","embeddable":true,"href":"https:\/\/sare.eus\/es\/wp-json\/wp\/v2\/tags?post=9233"}],"curies":[{"name":"wp","href":"https:\/\/api.w.org\/{rel}","templated":true}]}}