{"id":9222,"date":"2026-04-23T07:22:57","date_gmt":"2026-04-23T06:22:57","guid":{"rendered":"https:\/\/sare.eus\/iparragirre-eta-karasatorre\/"},"modified":"2026-04-23T07:28:58","modified_gmt":"2026-04-23T06:28:58","slug":"iparragirre-eta-karasatorre","status":"publish","type":"post","link":"https:\/\/sare.eus\/es\/iparragirre-eta-karasatorre\/","title":{"rendered":"SARE denuncia la negativa a aplicar el art\u00edculo 100.2 a Iparragirre y Karasatorre"},"content":{"rendered":"<p>Ante la decisi\u00f3n del Juzgado Central de Vigilancia Penitenciaria, de rechazar la aplicaci\u00f3n del art. 100.2, a los presos\/as vascos, Marixol Iparragirre y Ju\u00e1n Ramon Karasatorre, la Red Ciudadana SARE, quiere mostrar su desacuerdo, junto la preocupaci\u00f3n ante la argumentaci\u00f3n sugerida por la autoridad judicial.<\/p>\n<p>En primer lugar, esta decisi\u00f3n pone de manifiesto una actitud que poco tiene que ver con la justicia y mucho con la venganza promovida desde \u00e1mbitos judiciales, pol\u00edticos y lobby medi\u00e1ticos.<\/p>\n<p>Denunciamos que mientras las Juntas de Tratamiento de los Centros Penitenciarios, conformadas por profesionales de diferentes disciplinas, estudian caso a caso y promueven o rechazan las progresiones de grado o aplicaciones del art.100.2, un juzgado de excepci\u00f3n como es la Audiencia Nacional, ubicado a 400 kms., de distancia, que desconoce el recorrido realizado por estos presos, procede a anular dichas decisiones, adoptadas en \u00faltima instancia por la Administraci\u00f3n Penitenciaria, aduciendo argumentos m\u00e1s pol\u00edticos que judiciales.<\/p>\n<p>Si bien es cierto que la decisi\u00f3n final ha sido adoptada por el Juez de Vigilancia, tiene un peso importante en ella, las presiones ejercidas por lobby que act\u00faan a trav\u00e9s de medios de comunicaci\u00f3n, presionando para impedir que se aplique medidas de car\u00e1cter ordinario a estos presos y presas.<\/p>\n<p>Vaya, por tanto, nuestra denuncia p\u00fablica, de la utilizaci\u00f3n pol\u00edtica que se hace de todo ello, utilizando el dolor de las v\u00edctimas, para argumentar este tipo de decisiones.<\/p>\n<p>La revancha no alivia el sufrimiento de ninguna v\u00edctima. Las v\u00edctimas reivindican el reconocimiento de su dolor y la no utilizaci\u00f3n pol\u00edtica del mismo. Dejemos a las v\u00edctimas en paz. Reconozcamos ese sufrimiento, como hace SARE de manera permanente.<\/p>\n<p>A la sociedad vasca, le pedimos continuar dando pasos en favor de la paz y de la convivencia y esto solo puede alcanzarse desde una pol\u00edtica penitenciaria humanista, alejada de la venganza y con un tratamiento digno a las v\u00edctimas de todas las violencias.<\/p>\n<p>Continuaremos trabajando en la construcci\u00f3n de un futuro compartido por el conjunto de la sociedad vasca, con una apuesta decidida por la paz, la resoluci\u00f3n y la convivencia.<\/p>\n","protected":false},"excerpt":{"rendered":"<p>Ante la decisi\u00f3n del Juzgado Central de Vigilancia Penitenciaria, de rechazar la aplicaci\u00f3n del art. 100.2, a los presos\/as vascos, Marixol Iparragirre y Ju\u00e1n Ramon Karasatorre, la Red Ciudadana SARE, [&hellip;]<\/p>\n","protected":false},"author":2,"featured_media":9223,"comment_status":"closed","ping_status":"closed","sticky":false,"template":"","format":"standard","meta":{"_acf_changed":false,"_et_pb_use_builder":"","_et_pb_old_content":"","_et_gb_content_width":"","footnotes":""},"categories":[69],"tags":[],"class_list":["post-9222","post","type-post","status-publish","format-standard","has-post-thumbnail","hentry","category-leyes-de-excepcion","et-has-post-format-content","et_post_format-et-post-format-standard"],"acf":[],"yoast_head":"<!-- This site is optimized with the Yoast SEO plugin v26.4 - https:\/\/yoast.com\/wordpress\/plugins\/seo\/ -->\n<title>SARE denuncia la negativa a aplicar el art\u00edculo 100.2 a Iparragirre y Karasatorre - Sare Herritarra<\/title>\n<meta name=\"robots\" content=\"index, follow, max-snippet:-1, max-image-preview:large, max-video-preview:-1\" \/>\n<link rel=\"canonical\" href=\"https:\/\/sare.eus\/es\/iparragirre-eta-karasatorre\/\" \/>\n<meta property=\"og:locale\" content=\"es_ES\" \/>\n<meta property=\"og:type\" content=\"article\" \/>\n<meta property=\"og:title\" content=\"SARE denuncia la negativa a aplicar el art\u00edculo 100.2 a Iparragirre y Karasatorre - Sare Herritarra\" \/>\n<meta property=\"og:description\" content=\"Ante la decisi\u00f3n del Juzgado Central de Vigilancia Penitenciaria, de rechazar la aplicaci\u00f3n del art. 100.2, a los presos\/as vascos, Marixol Iparragirre y Ju\u00e1n Ramon Karasatorre, la Red Ciudadana SARE, [&hellip;]\" \/>\n<meta property=\"og:url\" content=\"https:\/\/sare.eus\/es\/iparragirre-eta-karasatorre\/\" \/>\n<meta property=\"og:site_name\" content=\"Sare Herritarra\" \/>\n<meta property=\"article:published_time\" content=\"2026-04-23T06:22:57+00:00\" \/>\n<meta property=\"article:modified_time\" content=\"2026-04-23T06:28:58+00:00\" \/>\n<meta property=\"og:image\" content=\"https:\/\/sare.eus\/wp-content\/uploads\/2026\/04\/OHARRAK-NOTA-WEBGUNEAN-JARTZEKO_02-scaled.jpg\" \/>\n\t<meta property=\"og:image:width\" content=\"2560\" \/>\n\t<meta property=\"og:image:height\" content=\"1920\" \/>\n\t<meta property=\"og:image:type\" content=\"image\/jpeg\" \/>\n<meta name=\"author\" content=\"sare\" \/>\n<meta name=\"twitter:card\" content=\"summary_large_image\" \/>\n<meta name=\"twitter:label1\" content=\"Escrito por\" \/>\n\t<meta name=\"twitter:data1\" content=\"sare\" \/>\n\t<meta name=\"twitter:label2\" content=\"Tiempo de lectura\" \/>\n\t<meta name=\"twitter:data2\" content=\"3 minutos\" \/>\n<script type=\"application\/ld+json\" class=\"yoast-schema-graph\">{\"@context\":\"https:\/\/schema.org\",\"@graph\":[{\"@type\":\"Article\",\"@id\":\"https:\/\/sare.eus\/es\/iparragirre-eta-karasatorre\/#article\",\"isPartOf\":{\"@id\":\"https:\/\/sare.eus\/es\/iparragirre-eta-karasatorre\/\"},\"author\":{\"name\":\"sare\",\"@id\":\"https:\/\/sare.eus\/#\/schema\/person\/2fe6d0df294f56313d3ab236dbe38e17\"},\"headline\":\"SARE denuncia la negativa a aplicar el art\u00edculo 100.2 a Iparragirre y Karasatorre\",\"datePublished\":\"2026-04-23T06:22:57+00:00\",\"dateModified\":\"2026-04-23T06:28:58+00:00\",\"mainEntityOfPage\":{\"@id\":\"https:\/\/sare.eus\/es\/iparragirre-eta-karasatorre\/\"},\"wordCount\":382,\"publisher\":{\"@id\":\"https:\/\/sare.eus\/#organization\"},\"image\":{\"@id\":\"https:\/\/sare.eus\/es\/iparragirre-eta-karasatorre\/#primaryimage\"},\"thumbnailUrl\":\"https:\/\/sare.eus\/wp-content\/uploads\/2026\/04\/OHARRAK-NOTA-WEBGUNEAN-JARTZEKO_02-scaled.jpg\",\"articleSection\":[\"Leyes de Excepci\u00f3n\"],\"inLanguage\":\"es\"},{\"@type\":\"WebPage\",\"@id\":\"https:\/\/sare.eus\/es\/iparragirre-eta-karasatorre\/\",\"url\":\"https:\/\/sare.eus\/es\/iparragirre-eta-karasatorre\/\",\"name\":\"SARE denuncia la negativa a aplicar el art\u00edculo 100.2 a Iparragirre y Karasatorre - Sare Herritarra\",\"isPartOf\":{\"@id\":\"https:\/\/sare.eus\/#website\"},\"primaryImageOfPage\":{\"@id\":\"https:\/\/sare.eus\/es\/iparragirre-eta-karasatorre\/#primaryimage\"},\"image\":{\"@id\":\"https:\/\/sare.eus\/es\/iparragirre-eta-karasatorre\/#primaryimage\"},\"thumbnailUrl\":\"https:\/\/sare.eus\/wp-content\/uploads\/2026\/04\/OHARRAK-NOTA-WEBGUNEAN-JARTZEKO_02-scaled.jpg\",\"datePublished\":\"2026-04-23T06:22:57+00:00\",\"dateModified\":\"2026-04-23T06:28:58+00:00\",\"breadcrumb\":{\"@id\":\"https:\/\/sare.eus\/es\/iparragirre-eta-karasatorre\/#breadcrumb\"},\"inLanguage\":\"es\",\"potentialAction\":[{\"@type\":\"ReadAction\",\"target\":[\"https:\/\/sare.eus\/es\/iparragirre-eta-karasatorre\/\"]}]},{\"@type\":\"ImageObject\",\"inLanguage\":\"es\",\"@id\":\"https:\/\/sare.eus\/es\/iparragirre-eta-karasatorre\/#primaryimage\",\"url\":\"https:\/\/sare.eus\/wp-content\/uploads\/2026\/04\/OHARRAK-NOTA-WEBGUNEAN-JARTZEKO_02-scaled.jpg\",\"contentUrl\":\"https:\/\/sare.eus\/wp-content\/uploads\/2026\/04\/OHARRAK-NOTA-WEBGUNEAN-JARTZEKO_02-scaled.jpg\",\"width\":2560,\"height\":1920},{\"@type\":\"BreadcrumbList\",\"@id\":\"https:\/\/sare.eus\/es\/iparragirre-eta-karasatorre\/#breadcrumb\",\"itemListElement\":[{\"@type\":\"ListItem\",\"position\":1,\"name\":\"Home\",\"item\":\"https:\/\/sare.eus\/\"},{\"@type\":\"ListItem\",\"position\":2,\"name\":\"SARE denuncia la negativa a aplicar el art\u00edculo 100.2 a Iparragirre y Karasatorre\"}]},{\"@type\":\"WebSite\",\"@id\":\"https:\/\/sare.eus\/#website\",\"url\":\"https:\/\/sare.eus\/\",\"name\":\"Sare Herritarra\",\"description\":\"KONPONBIDEAREN ETA GIZA ESKUBIDEEN ALDEKO SARE HERRITARRA\",\"publisher\":{\"@id\":\"https:\/\/sare.eus\/#organization\"},\"potentialAction\":[{\"@type\":\"SearchAction\",\"target\":{\"@type\":\"EntryPoint\",\"urlTemplate\":\"https:\/\/sare.eus\/?s={search_term_string}\"},\"query-input\":{\"@type\":\"PropertyValueSpecification\",\"valueRequired\":true,\"valueName\":\"search_term_string\"}}],\"inLanguage\":\"es\"},{\"@type\":\"Organization\",\"@id\":\"https:\/\/sare.eus\/#organization\",\"name\":\"Sare Herritarra\",\"url\":\"https:\/\/sare.eus\/\",\"logo\":{\"@type\":\"ImageObject\",\"inLanguage\":\"es\",\"@id\":\"https:\/\/sare.eus\/#\/schema\/logo\/image\/\",\"url\":\"https:\/\/sare.eus\/wp-content\/uploads\/2021\/08\/sare.png\",\"contentUrl\":\"https:\/\/sare.eus\/wp-content\/uploads\/2021\/08\/sare.png\",\"width\":120,\"height\":142,\"caption\":\"Sare Herritarra\"},\"image\":{\"@id\":\"https:\/\/sare.eus\/#\/schema\/logo\/image\/\"}},{\"@type\":\"Person\",\"@id\":\"https:\/\/sare.eus\/#\/schema\/person\/2fe6d0df294f56313d3ab236dbe38e17\",\"name\":\"sare\",\"image\":{\"@type\":\"ImageObject\",\"inLanguage\":\"es\",\"@id\":\"https:\/\/sare.eus\/#\/schema\/person\/image\/\",\"url\":\"https:\/\/secure.gravatar.com\/avatar\/77cad838677ceb1977e7b3c878b55eaa7fa4aae2158983063b047c3ad7ef2c25?s=96&d=mm&r=g\",\"contentUrl\":\"https:\/\/secure.gravatar.com\/avatar\/77cad838677ceb1977e7b3c878b55eaa7fa4aae2158983063b047c3ad7ef2c25?s=96&d=mm&r=g\",\"caption\":\"sare\"},\"url\":\"https:\/\/sare.eus\/es\/author\/sare\/\"}]}<\/script>\n<!-- \/ Yoast SEO plugin. -->","yoast_head_json":{"title":"SARE denuncia la negativa a aplicar el art\u00edculo 100.2 a Iparragirre y Karasatorre - Sare Herritarra","robots":{"index":"index","follow":"follow","max-snippet":"max-snippet:-1","max-image-preview":"max-image-preview:large","max-video-preview":"max-video-preview:-1"},"canonical":"https:\/\/sare.eus\/es\/iparragirre-eta-karasatorre\/","og_locale":"es_ES","og_type":"article","og_title":"SARE denuncia la negativa a aplicar el art\u00edculo 100.2 a Iparragirre y Karasatorre - Sare Herritarra","og_description":"Ante la decisi\u00f3n del Juzgado Central de Vigilancia Penitenciaria, de rechazar la aplicaci\u00f3n del art. 100.2, a los presos\/as vascos, Marixol Iparragirre y Ju\u00e1n Ramon Karasatorre, la Red Ciudadana SARE, [&hellip;]","og_url":"https:\/\/sare.eus\/es\/iparragirre-eta-karasatorre\/","og_site_name":"Sare Herritarra","article_published_time":"2026-04-23T06:22:57+00:00","article_modified_time":"2026-04-23T06:28:58+00:00","og_image":[{"width":2560,"height":1920,"url":"https:\/\/sare.eus\/wp-content\/uploads\/2026\/04\/OHARRAK-NOTA-WEBGUNEAN-JARTZEKO_02-scaled.jpg","type":"image\/jpeg"}],"author":"sare","twitter_card":"summary_large_image","twitter_misc":{"Escrito por":"sare","Tiempo de lectura":"3 minutos"},"schema":{"@context":"https:\/\/schema.org","@graph":[{"@type":"Article","@id":"https:\/\/sare.eus\/es\/iparragirre-eta-karasatorre\/#article","isPartOf":{"@id":"https:\/\/sare.eus\/es\/iparragirre-eta-karasatorre\/"},"author":{"name":"sare","@id":"https:\/\/sare.eus\/#\/schema\/person\/2fe6d0df294f56313d3ab236dbe38e17"},"headline":"SARE denuncia la negativa a aplicar el art\u00edculo 100.2 a Iparragirre y Karasatorre","datePublished":"2026-04-23T06:22:57+00:00","dateModified":"2026-04-23T06:28:58+00:00","mainEntityOfPage":{"@id":"https:\/\/sare.eus\/es\/iparragirre-eta-karasatorre\/"},"wordCount":382,"publisher":{"@id":"https:\/\/sare.eus\/#organization"},"image":{"@id":"https:\/\/sare.eus\/es\/iparragirre-eta-karasatorre\/#primaryimage"},"thumbnailUrl":"https:\/\/sare.eus\/wp-content\/uploads\/2026\/04\/OHARRAK-NOTA-WEBGUNEAN-JARTZEKO_02-scaled.jpg","articleSection":["Leyes de Excepci\u00f3n"],"inLanguage":"es"},{"@type":"WebPage","@id":"https:\/\/sare.eus\/es\/iparragirre-eta-karasatorre\/","url":"https:\/\/sare.eus\/es\/iparragirre-eta-karasatorre\/","name":"SARE denuncia la negativa a aplicar el art\u00edculo 100.2 a Iparragirre y Karasatorre - Sare Herritarra","isPartOf":{"@id":"https:\/\/sare.eus\/#website"},"primaryImageOfPage":{"@id":"https:\/\/sare.eus\/es\/iparragirre-eta-karasatorre\/#primaryimage"},"image":{"@id":"https:\/\/sare.eus\/es\/iparragirre-eta-karasatorre\/#primaryimage"},"thumbnailUrl":"https:\/\/sare.eus\/wp-content\/uploads\/2026\/04\/OHARRAK-NOTA-WEBGUNEAN-JARTZEKO_02-scaled.jpg","datePublished":"2026-04-23T06:22:57+00:00","dateModified":"2026-04-23T06:28:58+00:00","breadcrumb":{"@id":"https:\/\/sare.eus\/es\/iparragirre-eta-karasatorre\/#breadcrumb"},"inLanguage":"es","potentialAction":[{"@type":"ReadAction","target":["https:\/\/sare.eus\/es\/iparragirre-eta-karasatorre\/"]}]},{"@type":"ImageObject","inLanguage":"es","@id":"https:\/\/sare.eus\/es\/iparragirre-eta-karasatorre\/#primaryimage","url":"https:\/\/sare.eus\/wp-content\/uploads\/2026\/04\/OHARRAK-NOTA-WEBGUNEAN-JARTZEKO_02-scaled.jpg","contentUrl":"https:\/\/sare.eus\/wp-content\/uploads\/2026\/04\/OHARRAK-NOTA-WEBGUNEAN-JARTZEKO_02-scaled.jpg","width":2560,"height":1920},{"@type":"BreadcrumbList","@id":"https:\/\/sare.eus\/es\/iparragirre-eta-karasatorre\/#breadcrumb","itemListElement":[{"@type":"ListItem","position":1,"name":"Home","item":"https:\/\/sare.eus\/"},{"@type":"ListItem","position":2,"name":"SARE denuncia la negativa a aplicar el art\u00edculo 100.2 a Iparragirre y Karasatorre"}]},{"@type":"WebSite","@id":"https:\/\/sare.eus\/#website","url":"https:\/\/sare.eus\/","name":"Sare Herritarra","description":"KONPONBIDEAREN ETA GIZA ESKUBIDEEN ALDEKO SARE HERRITARRA","publisher":{"@id":"https:\/\/sare.eus\/#organization"},"potentialAction":[{"@type":"SearchAction","target":{"@type":"EntryPoint","urlTemplate":"https:\/\/sare.eus\/?s={search_term_string}"},"query-input":{"@type":"PropertyValueSpecification","valueRequired":true,"valueName":"search_term_string"}}],"inLanguage":"es"},{"@type":"Organization","@id":"https:\/\/sare.eus\/#organization","name":"Sare Herritarra","url":"https:\/\/sare.eus\/","logo":{"@type":"ImageObject","inLanguage":"es","@id":"https:\/\/sare.eus\/#\/schema\/logo\/image\/","url":"https:\/\/sare.eus\/wp-content\/uploads\/2021\/08\/sare.png","contentUrl":"https:\/\/sare.eus\/wp-content\/uploads\/2021\/08\/sare.png","width":120,"height":142,"caption":"Sare Herritarra"},"image":{"@id":"https:\/\/sare.eus\/#\/schema\/logo\/image\/"}},{"@type":"Person","@id":"https:\/\/sare.eus\/#\/schema\/person\/2fe6d0df294f56313d3ab236dbe38e17","name":"sare","image":{"@type":"ImageObject","inLanguage":"es","@id":"https:\/\/sare.eus\/#\/schema\/person\/image\/","url":"https:\/\/secure.gravatar.com\/avatar\/77cad838677ceb1977e7b3c878b55eaa7fa4aae2158983063b047c3ad7ef2c25?s=96&d=mm&r=g","contentUrl":"https:\/\/secure.gravatar.com\/avatar\/77cad838677ceb1977e7b3c878b55eaa7fa4aae2158983063b047c3ad7ef2c25?s=96&d=mm&r=g","caption":"sare"},"url":"https:\/\/sare.eus\/es\/author\/sare\/"}]}},"_links":{"self":[{"href":"https:\/\/sare.eus\/es\/wp-json\/wp\/v2\/posts\/9222","targetHints":{"allow":["GET"]}}],"collection":[{"href":"https:\/\/sare.eus\/es\/wp-json\/wp\/v2\/posts"}],"about":[{"href":"https:\/\/sare.eus\/es\/wp-json\/wp\/v2\/types\/post"}],"author":[{"embeddable":true,"href":"https:\/\/sare.eus\/es\/wp-json\/wp\/v2\/users\/2"}],"replies":[{"embeddable":true,"href":"https:\/\/sare.eus\/es\/wp-json\/wp\/v2\/comments?post=9222"}],"version-history":[{"count":2,"href":"https:\/\/sare.eus\/es\/wp-json\/wp\/v2\/posts\/9222\/revisions"}],"predecessor-version":[{"id":9226,"href":"https:\/\/sare.eus\/es\/wp-json\/wp\/v2\/posts\/9222\/revisions\/9226"}],"wp:featuredmedia":[{"embeddable":true,"href":"https:\/\/sare.eus\/es\/wp-json\/wp\/v2\/media\/9223"}],"wp:attachment":[{"href":"https:\/\/sare.eus\/es\/wp-json\/wp\/v2\/media?parent=9222"}],"wp:term":[{"taxonomy":"category","embeddable":true,"href":"https:\/\/sare.eus\/es\/wp-json\/wp\/v2\/categories?post=9222"},{"taxonomy":"post_tag","embeddable":true,"href":"https:\/\/sare.eus\/es\/wp-json\/wp\/v2\/tags?post=9222"}],"curies":[{"name":"wp","href":"https:\/\/api.w.org\/{rel}","templated":true}]}}