{"id":8749,"date":"2025-12-04T22:24:10","date_gmt":"2025-12-04T21:24:10","guid":{"rendered":"https:\/\/sare.eus\/?p=8749"},"modified":"2025-12-15T16:03:48","modified_gmt":"2025-12-15T15:03:48","slug":"bizumkada-nazionala-haz-tu-aportacion","status":"publish","type":"post","link":"https:\/\/sare.eus\/es\/bizumkada-nazionala-haz-tu-aportacion\/","title":{"rendered":"BIZUMKADA NAZIONALA haz tu aportaci\u00f3n"},"content":{"rendered":"<p>En los \u00faltimos meses no hemos parado de afirmar que hemos dado grandes pasos hacia adelante en el proceso de resoluci\u00f3n de las consecuencias del conflicto y en el camino de vuelta a casa de las y los presos, huidos y deportados vascos.<\/p>\n<p><strong>El 10 de enero reivindicaremos que queremos culminar con \u00e9xito los procesos de resoluci\u00f3n y de regreso a casa. Los queremos en casa. Esta situaci\u00f3n no se puede alargar m\u00e1s.<\/strong><\/p>\n<p>Este a\u00f1o, por segunda vez, tanto en los d\u00edas previos como en los posteriores a la manifestaci\u00f3n del 10 de enero, la sociedad vasca tendr\u00e1 una nueva forma de aportar a esta movilizaci\u00f3n. Nosotros la hemos llamado<strong> \u00abBIZUMKADA NAZIONALA\u00bb<\/strong>, una iniciativa mediante la cual cualquier ciudadano o ciudadana podr\u00e1 realizar una aportaci\u00f3n econ\u00f3mica, asista o no a la manifestaci\u00f3n.<\/p>\n<p>SARE es una asociaci\u00f3n que trabaja con muy pocas subvenciones institucionales y que se sostiene gracias a las aportaciones de sus miembros y a las colectas que realizamos en los actos y manifestaciones que organizamos.<\/p>\n<p>Es evidente que necesitamos recursos para poder seguir desarrollando nuestra labor. Por eso ponemos en marcha la iniciativa <strong>\u00abBIZUMKADA NAZIONALA\u00bb<\/strong>, con el objetivo de trasladar a la sociedad vasca la necesidad de apoyo econ\u00f3mico para poder continuar con nuestro trabajo.<\/p>\n<p><a href=\"https:\/\/sare.eus\/es\/bizumkada\/\" target=\"_blank\" rel=\"noopener\">https:\/\/sare.eus\/es\/bizumkada\/<\/a><\/p>\n<p><strong>Necesitamos de tu impulso, eskerrik asko!<\/strong><\/p>\n<p><a href=\"https:\/\/www.sare.eus\/bizumkada\" target=\"_blank\" rel=\"noopener\"><img loading=\"lazy\" decoding=\"async\" class=\"alignnone wp-image-8730 size-large\" src=\"https:\/\/sare.eus\/wp-content\/uploads\/2025\/12\/2026-bizumkada-zer-da-bannner-portada-web-1024x213.jpg\" alt=\"\" width=\"1024\" height=\"213\" srcset=\"https:\/\/sare.eus\/wp-content\/uploads\/2025\/12\/2026-bizumkada-zer-da-bannner-portada-web-1024x213.jpg 1024w, https:\/\/sare.eus\/wp-content\/uploads\/2025\/12\/2026-bizumkada-zer-da-bannner-portada-web-300x63.jpg 300w, https:\/\/sare.eus\/wp-content\/uploads\/2025\/12\/2026-bizumkada-zer-da-bannner-portada-web-768x160.jpg 768w, https:\/\/sare.eus\/wp-content\/uploads\/2025\/12\/2026-bizumkada-zer-da-bannner-portada-web-1536x320.jpg 1536w, https:\/\/sare.eus\/wp-content\/uploads\/2025\/12\/2026-bizumkada-zer-da-bannner-portada-web-2048x427.jpg 2048w, https:\/\/sare.eus\/wp-content\/uploads\/2025\/12\/2026-bizumkada-zer-da-bannner-portada-web-1080x225.jpg 1080w\" sizes=\"(max-width: 1024px) 100vw, 1024px\" \/><\/a><\/p>\n","protected":false},"excerpt":{"rendered":"<p>En los \u00faltimos meses no hemos parado de afirmar que hemos dado grandes pasos hacia adelante en el proceso de resoluci\u00f3n de las consecuencias del conflicto y en el camino [&hellip;]<\/p>\n","protected":false},"author":2,"featured_media":8747,"comment_status":"closed","ping_status":"closed","sticky":false,"template":"","format":"standard","meta":{"_acf_changed":false,"_et_pb_use_builder":"","_et_pb_old_content":"","_et_gb_content_width":"","footnotes":""},"categories":[60],"tags":[],"class_list":["post-8749","post","type-post","status-publish","format-standard","has-post-thumbnail","hentry","category-etxera-es","et-has-post-format-content","et_post_format-et-post-format-standard"],"acf":[],"yoast_head":"<!-- This site is optimized with the Yoast SEO plugin v26.4 - https:\/\/yoast.com\/wordpress\/plugins\/seo\/ -->\n<title>BIZUMKADA NAZIONALA haz tu aportaci\u00f3n - Sare Herritarra<\/title>\n<meta name=\"robots\" content=\"index, follow, max-snippet:-1, max-image-preview:large, max-video-preview:-1\" \/>\n<link rel=\"canonical\" href=\"https:\/\/sare.eus\/es\/bizumkada-nazionala-haz-tu-aportacion\/\" \/>\n<meta property=\"og:locale\" content=\"es_ES\" \/>\n<meta property=\"og:type\" content=\"article\" \/>\n<meta property=\"og:title\" content=\"BIZUMKADA NAZIONALA haz tu aportaci\u00f3n - Sare Herritarra\" \/>\n<meta property=\"og:description\" content=\"En los \u00faltimos meses no hemos parado de afirmar que hemos dado grandes pasos hacia adelante en el proceso de resoluci\u00f3n de las consecuencias del conflicto y en el camino [&hellip;]\" \/>\n<meta property=\"og:url\" content=\"https:\/\/sare.eus\/es\/bizumkada-nazionala-haz-tu-aportacion\/\" \/>\n<meta property=\"og:site_name\" content=\"Sare Herritarra\" \/>\n<meta property=\"article:published_time\" content=\"2025-12-04T21:24:10+00:00\" \/>\n<meta property=\"article:modified_time\" content=\"2025-12-15T15:03:48+00:00\" \/>\n<meta property=\"og:image\" content=\"https:\/\/sare.eus\/wp-content\/uploads\/2025\/12\/photo_2025-12-04_21-56-33.jpg\" \/>\n\t<meta property=\"og:image:width\" content=\"1386\" \/>\n\t<meta property=\"og:image:height\" content=\"864\" \/>\n\t<meta property=\"og:image:type\" content=\"image\/jpeg\" \/>\n<meta name=\"author\" content=\"sare\" \/>\n<meta name=\"twitter:card\" content=\"summary_large_image\" \/>\n<meta name=\"twitter:label1\" content=\"Escrito por\" \/>\n\t<meta name=\"twitter:data1\" content=\"sare\" \/>\n\t<meta name=\"twitter:label2\" content=\"Tiempo de lectura\" \/>\n\t<meta name=\"twitter:data2\" content=\"2 minutos\" \/>\n<script type=\"application\/ld+json\" class=\"yoast-schema-graph\">{\"@context\":\"https:\/\/schema.org\",\"@graph\":[{\"@type\":\"Article\",\"@id\":\"https:\/\/sare.eus\/es\/bizumkada-nazionala-haz-tu-aportacion\/#article\",\"isPartOf\":{\"@id\":\"https:\/\/sare.eus\/es\/bizumkada-nazionala-haz-tu-aportacion\/\"},\"author\":{\"name\":\"sare\",\"@id\":\"https:\/\/sare.eus\/#\/schema\/person\/2fe6d0df294f56313d3ab236dbe38e17\"},\"headline\":\"BIZUMKADA NAZIONALA haz tu aportaci\u00f3n\",\"datePublished\":\"2025-12-04T21:24:10+00:00\",\"dateModified\":\"2025-12-15T15:03:48+00:00\",\"mainEntityOfPage\":{\"@id\":\"https:\/\/sare.eus\/es\/bizumkada-nazionala-haz-tu-aportacion\/\"},\"wordCount\":235,\"publisher\":{\"@id\":\"https:\/\/sare.eus\/#organization\"},\"image\":{\"@id\":\"https:\/\/sare.eus\/es\/bizumkada-nazionala-haz-tu-aportacion\/#primaryimage\"},\"thumbnailUrl\":\"https:\/\/sare.eus\/wp-content\/uploads\/2025\/12\/photo_2025-12-04_21-56-33.jpg\",\"articleSection\":[\"Etxera\"],\"inLanguage\":\"es\"},{\"@type\":\"WebPage\",\"@id\":\"https:\/\/sare.eus\/es\/bizumkada-nazionala-haz-tu-aportacion\/\",\"url\":\"https:\/\/sare.eus\/es\/bizumkada-nazionala-haz-tu-aportacion\/\",\"name\":\"BIZUMKADA NAZIONALA haz tu aportaci\u00f3n - Sare Herritarra\",\"isPartOf\":{\"@id\":\"https:\/\/sare.eus\/#website\"},\"primaryImageOfPage\":{\"@id\":\"https:\/\/sare.eus\/es\/bizumkada-nazionala-haz-tu-aportacion\/#primaryimage\"},\"image\":{\"@id\":\"https:\/\/sare.eus\/es\/bizumkada-nazionala-haz-tu-aportacion\/#primaryimage\"},\"thumbnailUrl\":\"https:\/\/sare.eus\/wp-content\/uploads\/2025\/12\/photo_2025-12-04_21-56-33.jpg\",\"datePublished\":\"2025-12-04T21:24:10+00:00\",\"dateModified\":\"2025-12-15T15:03:48+00:00\",\"breadcrumb\":{\"@id\":\"https:\/\/sare.eus\/es\/bizumkada-nazionala-haz-tu-aportacion\/#breadcrumb\"},\"inLanguage\":\"es\",\"potentialAction\":[{\"@type\":\"ReadAction\",\"target\":[\"https:\/\/sare.eus\/es\/bizumkada-nazionala-haz-tu-aportacion\/\"]}]},{\"@type\":\"ImageObject\",\"inLanguage\":\"es\",\"@id\":\"https:\/\/sare.eus\/es\/bizumkada-nazionala-haz-tu-aportacion\/#primaryimage\",\"url\":\"https:\/\/sare.eus\/wp-content\/uploads\/2025\/12\/photo_2025-12-04_21-56-33.jpg\",\"contentUrl\":\"https:\/\/sare.eus\/wp-content\/uploads\/2025\/12\/photo_2025-12-04_21-56-33.jpg\",\"width\":1386,\"height\":864},{\"@type\":\"BreadcrumbList\",\"@id\":\"https:\/\/sare.eus\/es\/bizumkada-nazionala-haz-tu-aportacion\/#breadcrumb\",\"itemListElement\":[{\"@type\":\"ListItem\",\"position\":1,\"name\":\"Home\",\"item\":\"https:\/\/sare.eus\/\"},{\"@type\":\"ListItem\",\"position\":2,\"name\":\"BIZUMKADA NAZIONALA haz tu aportaci\u00f3n\"}]},{\"@type\":\"WebSite\",\"@id\":\"https:\/\/sare.eus\/#website\",\"url\":\"https:\/\/sare.eus\/\",\"name\":\"Sare Herritarra\",\"description\":\"KONPONBIDEAREN ETA GIZA ESKUBIDEEN ALDEKO SARE HERRITARRA\",\"publisher\":{\"@id\":\"https:\/\/sare.eus\/#organization\"},\"potentialAction\":[{\"@type\":\"SearchAction\",\"target\":{\"@type\":\"EntryPoint\",\"urlTemplate\":\"https:\/\/sare.eus\/?s={search_term_string}\"},\"query-input\":{\"@type\":\"PropertyValueSpecification\",\"valueRequired\":true,\"valueName\":\"search_term_string\"}}],\"inLanguage\":\"es\"},{\"@type\":\"Organization\",\"@id\":\"https:\/\/sare.eus\/#organization\",\"name\":\"Sare Herritarra\",\"url\":\"https:\/\/sare.eus\/\",\"logo\":{\"@type\":\"ImageObject\",\"inLanguage\":\"es\",\"@id\":\"https:\/\/sare.eus\/#\/schema\/logo\/image\/\",\"url\":\"https:\/\/sare.eus\/wp-content\/uploads\/2021\/08\/sare.png\",\"contentUrl\":\"https:\/\/sare.eus\/wp-content\/uploads\/2021\/08\/sare.png\",\"width\":120,\"height\":142,\"caption\":\"Sare Herritarra\"},\"image\":{\"@id\":\"https:\/\/sare.eus\/#\/schema\/logo\/image\/\"}},{\"@type\":\"Person\",\"@id\":\"https:\/\/sare.eus\/#\/schema\/person\/2fe6d0df294f56313d3ab236dbe38e17\",\"name\":\"sare\",\"image\":{\"@type\":\"ImageObject\",\"inLanguage\":\"es\",\"@id\":\"https:\/\/sare.eus\/#\/schema\/person\/image\/\",\"url\":\"https:\/\/secure.gravatar.com\/avatar\/77cad838677ceb1977e7b3c878b55eaa7fa4aae2158983063b047c3ad7ef2c25?s=96&d=mm&r=g\",\"contentUrl\":\"https:\/\/secure.gravatar.com\/avatar\/77cad838677ceb1977e7b3c878b55eaa7fa4aae2158983063b047c3ad7ef2c25?s=96&d=mm&r=g\",\"caption\":\"sare\"},\"url\":\"https:\/\/sare.eus\/es\/author\/sare\/\"}]}<\/script>\n<!-- \/ Yoast SEO plugin. -->","yoast_head_json":{"title":"BIZUMKADA NAZIONALA haz tu aportaci\u00f3n - Sare Herritarra","robots":{"index":"index","follow":"follow","max-snippet":"max-snippet:-1","max-image-preview":"max-image-preview:large","max-video-preview":"max-video-preview:-1"},"canonical":"https:\/\/sare.eus\/es\/bizumkada-nazionala-haz-tu-aportacion\/","og_locale":"es_ES","og_type":"article","og_title":"BIZUMKADA NAZIONALA haz tu aportaci\u00f3n - Sare Herritarra","og_description":"En los \u00faltimos meses no hemos parado de afirmar que hemos dado grandes pasos hacia adelante en el proceso de resoluci\u00f3n de las consecuencias del conflicto y en el camino [&hellip;]","og_url":"https:\/\/sare.eus\/es\/bizumkada-nazionala-haz-tu-aportacion\/","og_site_name":"Sare Herritarra","article_published_time":"2025-12-04T21:24:10+00:00","article_modified_time":"2025-12-15T15:03:48+00:00","og_image":[{"width":1386,"height":864,"url":"https:\/\/sare.eus\/wp-content\/uploads\/2025\/12\/photo_2025-12-04_21-56-33.jpg","type":"image\/jpeg"}],"author":"sare","twitter_card":"summary_large_image","twitter_misc":{"Escrito por":"sare","Tiempo de lectura":"2 minutos"},"schema":{"@context":"https:\/\/schema.org","@graph":[{"@type":"Article","@id":"https:\/\/sare.eus\/es\/bizumkada-nazionala-haz-tu-aportacion\/#article","isPartOf":{"@id":"https:\/\/sare.eus\/es\/bizumkada-nazionala-haz-tu-aportacion\/"},"author":{"name":"sare","@id":"https:\/\/sare.eus\/#\/schema\/person\/2fe6d0df294f56313d3ab236dbe38e17"},"headline":"BIZUMKADA NAZIONALA haz tu aportaci\u00f3n","datePublished":"2025-12-04T21:24:10+00:00","dateModified":"2025-12-15T15:03:48+00:00","mainEntityOfPage":{"@id":"https:\/\/sare.eus\/es\/bizumkada-nazionala-haz-tu-aportacion\/"},"wordCount":235,"publisher":{"@id":"https:\/\/sare.eus\/#organization"},"image":{"@id":"https:\/\/sare.eus\/es\/bizumkada-nazionala-haz-tu-aportacion\/#primaryimage"},"thumbnailUrl":"https:\/\/sare.eus\/wp-content\/uploads\/2025\/12\/photo_2025-12-04_21-56-33.jpg","articleSection":["Etxera"],"inLanguage":"es"},{"@type":"WebPage","@id":"https:\/\/sare.eus\/es\/bizumkada-nazionala-haz-tu-aportacion\/","url":"https:\/\/sare.eus\/es\/bizumkada-nazionala-haz-tu-aportacion\/","name":"BIZUMKADA NAZIONALA haz tu aportaci\u00f3n - Sare Herritarra","isPartOf":{"@id":"https:\/\/sare.eus\/#website"},"primaryImageOfPage":{"@id":"https:\/\/sare.eus\/es\/bizumkada-nazionala-haz-tu-aportacion\/#primaryimage"},"image":{"@id":"https:\/\/sare.eus\/es\/bizumkada-nazionala-haz-tu-aportacion\/#primaryimage"},"thumbnailUrl":"https:\/\/sare.eus\/wp-content\/uploads\/2025\/12\/photo_2025-12-04_21-56-33.jpg","datePublished":"2025-12-04T21:24:10+00:00","dateModified":"2025-12-15T15:03:48+00:00","breadcrumb":{"@id":"https:\/\/sare.eus\/es\/bizumkada-nazionala-haz-tu-aportacion\/#breadcrumb"},"inLanguage":"es","potentialAction":[{"@type":"ReadAction","target":["https:\/\/sare.eus\/es\/bizumkada-nazionala-haz-tu-aportacion\/"]}]},{"@type":"ImageObject","inLanguage":"es","@id":"https:\/\/sare.eus\/es\/bizumkada-nazionala-haz-tu-aportacion\/#primaryimage","url":"https:\/\/sare.eus\/wp-content\/uploads\/2025\/12\/photo_2025-12-04_21-56-33.jpg","contentUrl":"https:\/\/sare.eus\/wp-content\/uploads\/2025\/12\/photo_2025-12-04_21-56-33.jpg","width":1386,"height":864},{"@type":"BreadcrumbList","@id":"https:\/\/sare.eus\/es\/bizumkada-nazionala-haz-tu-aportacion\/#breadcrumb","itemListElement":[{"@type":"ListItem","position":1,"name":"Home","item":"https:\/\/sare.eus\/"},{"@type":"ListItem","position":2,"name":"BIZUMKADA NAZIONALA haz tu aportaci\u00f3n"}]},{"@type":"WebSite","@id":"https:\/\/sare.eus\/#website","url":"https:\/\/sare.eus\/","name":"Sare Herritarra","description":"KONPONBIDEAREN ETA GIZA ESKUBIDEEN ALDEKO SARE HERRITARRA","publisher":{"@id":"https:\/\/sare.eus\/#organization"},"potentialAction":[{"@type":"SearchAction","target":{"@type":"EntryPoint","urlTemplate":"https:\/\/sare.eus\/?s={search_term_string}"},"query-input":{"@type":"PropertyValueSpecification","valueRequired":true,"valueName":"search_term_string"}}],"inLanguage":"es"},{"@type":"Organization","@id":"https:\/\/sare.eus\/#organization","name":"Sare Herritarra","url":"https:\/\/sare.eus\/","logo":{"@type":"ImageObject","inLanguage":"es","@id":"https:\/\/sare.eus\/#\/schema\/logo\/image\/","url":"https:\/\/sare.eus\/wp-content\/uploads\/2021\/08\/sare.png","contentUrl":"https:\/\/sare.eus\/wp-content\/uploads\/2021\/08\/sare.png","width":120,"height":142,"caption":"Sare Herritarra"},"image":{"@id":"https:\/\/sare.eus\/#\/schema\/logo\/image\/"}},{"@type":"Person","@id":"https:\/\/sare.eus\/#\/schema\/person\/2fe6d0df294f56313d3ab236dbe38e17","name":"sare","image":{"@type":"ImageObject","inLanguage":"es","@id":"https:\/\/sare.eus\/#\/schema\/person\/image\/","url":"https:\/\/secure.gravatar.com\/avatar\/77cad838677ceb1977e7b3c878b55eaa7fa4aae2158983063b047c3ad7ef2c25?s=96&d=mm&r=g","contentUrl":"https:\/\/secure.gravatar.com\/avatar\/77cad838677ceb1977e7b3c878b55eaa7fa4aae2158983063b047c3ad7ef2c25?s=96&d=mm&r=g","caption":"sare"},"url":"https:\/\/sare.eus\/es\/author\/sare\/"}]}},"_links":{"self":[{"href":"https:\/\/sare.eus\/es\/wp-json\/wp\/v2\/posts\/8749","targetHints":{"allow":["GET"]}}],"collection":[{"href":"https:\/\/sare.eus\/es\/wp-json\/wp\/v2\/posts"}],"about":[{"href":"https:\/\/sare.eus\/es\/wp-json\/wp\/v2\/types\/post"}],"author":[{"embeddable":true,"href":"https:\/\/sare.eus\/es\/wp-json\/wp\/v2\/users\/2"}],"replies":[{"embeddable":true,"href":"https:\/\/sare.eus\/es\/wp-json\/wp\/v2\/comments?post=8749"}],"version-history":[{"count":3,"href":"https:\/\/sare.eus\/es\/wp-json\/wp\/v2\/posts\/8749\/revisions"}],"predecessor-version":[{"id":8800,"href":"https:\/\/sare.eus\/es\/wp-json\/wp\/v2\/posts\/8749\/revisions\/8800"}],"wp:featuredmedia":[{"embeddable":true,"href":"https:\/\/sare.eus\/es\/wp-json\/wp\/v2\/media\/8747"}],"wp:attachment":[{"href":"https:\/\/sare.eus\/es\/wp-json\/wp\/v2\/media?parent=8749"}],"wp:term":[{"taxonomy":"category","embeddable":true,"href":"https:\/\/sare.eus\/es\/wp-json\/wp\/v2\/categories?post=8749"},{"taxonomy":"post_tag","embeddable":true,"href":"https:\/\/sare.eus\/es\/wp-json\/wp\/v2\/tags?post=8749"}],"curies":[{"name":"wp","href":"https:\/\/api.w.org\/{rel}","templated":true}]}}