{"id":8499,"date":"2025-10-18T09:28:04","date_gmt":"2025-10-18T08:28:04","guid":{"rendered":"https:\/\/sare.eus\/?p=8499"},"modified":"2025-10-18T12:13:31","modified_gmt":"2025-10-18T11:13:31","slug":"comienza-la-ii-conferencia-por-la-resolucion-la-paz-y-la-convivencia","status":"publish","type":"post","link":"https:\/\/sare.eus\/es\/comienza-la-ii-conferencia-por-la-resolucion-la-paz-y-la-convivencia\/","title":{"rendered":"Comienza la II. conferencia por la Resoluci\u00f3n, la Paz y la Convivencia"},"content":{"rendered":"<blockquote><p><em><strong>Bienvenida de Bego Atxa:<\/strong><\/em><\/p><\/blockquote>\n<p>En nombre de la Red Ciudadana Sare, queremos trasladarles a todos Vds., nuestro agradecimiento por vuestra asistencia a estas II Jornadas por la Resoluci\u00f3n , la paz y la convivencia.<\/p>\n<p>Hemos intentado, al igual que hicimos en las I Jornadas que celebramos el pasado a\u00f1o en Octubre en Donostia, que quienes van a participar hoy como ponentes, sean personas con amplia experiencia en \u00e1mbitos de la defensa de los derechos humanos, el tratamiento a las v\u00edctimas de la violencia y la forma de gestionar la situaci\u00f3n de los presos y presas, todo ello consecuencia de conflictos vividos en diferentes partes del mundo y que nos pueden servir en Euskal Herria, como ejemplos en la forma en como buscar soluciones a nuestra propia situaci\u00f3n.<\/p>\n<p>Ni todos los conflictos vividos en otras partes, ni las soluciones que se han aplicado en la b\u00fasqueda de la paz, tienen que ser de aplicaci\u00f3n mim\u00e9tica a lo que se denomina el \u201cCaso Vasco\u201d, pero con seguridad son ejemplos que deben servirnos para enfrentarnos a nuestros propios problemas.<\/p>\n<p>Pero es de todo esto de lo que hoy nos hablar\u00e1n en la primera parte de estas Jornadas, el irland\u00e9s Michael Culbert; y el sudafricano Roelf Meyer, que inconvenientes de vuelos no le han permitido llegar hoy a estar con nosotros, pero a miles de kms, nos explicar\u00e1 su experiencia.<br \/>\n<iframe loading=\"lazy\" title=\"YouTube video player\" src=\"https:\/\/www.youtube.com\/embed\/kPBRNjqrzJw?si=2FY4_e-XmOo9BLw6\" width=\"560\" height=\"315\" frameborder=\"0\" allowfullscreen=\"allowfullscreen\"><\/iframe><\/p>\n<p>En la segunda parte, escucharemos a Olatz Iglesias, Carlos Martin Beristain y Paco Etxebarria.<\/p>\n<p>Y como colof\u00f3n de estas jornadas, su cierre, contar\u00e1 con la intervenci\u00f3n de Mar\u00eda Jauregi y Joseba Azkarraga.<\/p>\n<p>A todos ellos, nuestro inmenso agradecimiento por haber aceptado nuestra invitaci\u00f3n para participar en estas jornadas, que sin duda, esta presencia hace de las mismas, un acto de una gran importancia.<\/p>\n<p>Agradecimiento extensivo a Xabier Madariaga y Naroa Iturri, que ser\u00e1n quienes moderen y coordinen estas Jornadas. Muchas gracias.<\/p>\n<hr \/>\n\n\t\t<style type=\"text\/css\">\n\t\t\t#gallery-1 {\n\t\t\t\tmargin: auto;\n\t\t\t}\n\t\t\t#gallery-1 .gallery-item {\n\t\t\t\tfloat: left;\n\t\t\t\tmargin-top: 10px;\n\t\t\t\ttext-align: center;\n\t\t\t\twidth: 50%;\n\t\t\t}\n\t\t\t#gallery-1 img {\n\t\t\t\tborder: 2px solid #cfcfcf;\n\t\t\t}\n\t\t\t#gallery-1 .gallery-caption {\n\t\t\t\tmargin-left: 0;\n\t\t\t}\n\t\t\t\/* see gallery_shortcode() in wp-includes\/media.php *\/\n\t\t<\/style>\n\t\t<div id='gallery-1' class='gallery galleryid-8499 gallery-columns-2 gallery-size-medium'><dl class='gallery-item'>\n\t\t\t<dt class='gallery-icon landscape'>\n\t\t\t\t<a href='https:\/\/sare.eus\/es\/comienza-la-ii-conferencia-por-la-resolucion-la-paz-y-la-convivencia\/558678027_1250809580416376_4544115244973892710_n-2\/'><img loading=\"lazy\" decoding=\"async\" width=\"300\" height=\"200\" src=\"https:\/\/sare.eus\/wp-content\/uploads\/2025\/10\/558678027_1250809580416376_4544115244973892710_n-300x200.jpg\" class=\"attachment-medium size-medium\" alt=\"\" srcset=\"https:\/\/sare.eus\/wp-content\/uploads\/2025\/10\/558678027_1250809580416376_4544115244973892710_n-300x200.jpg 300w, https:\/\/sare.eus\/wp-content\/uploads\/2025\/10\/558678027_1250809580416376_4544115244973892710_n-1024x682.jpg 1024w, https:\/\/sare.eus\/wp-content\/uploads\/2025\/10\/558678027_1250809580416376_4544115244973892710_n-768x512.jpg 768w, https:\/\/sare.eus\/wp-content\/uploads\/2025\/10\/558678027_1250809580416376_4544115244973892710_n-1536x1024.jpg 1536w, https:\/\/sare.eus\/wp-content\/uploads\/2025\/10\/558678027_1250809580416376_4544115244973892710_n-1080x720.jpg 1080w, https:\/\/sare.eus\/wp-content\/uploads\/2025\/10\/558678027_1250809580416376_4544115244973892710_n.jpg 2000w\" sizes=\"(max-width: 300px) 100vw, 300px\" \/><\/a>\n\t\t\t<\/dt><\/dl><dl class='gallery-item'>\n\t\t\t<dt class='gallery-icon landscape'>\n\t\t\t\t<a href='https:\/\/sare.eus\/es\/comienza-la-ii-conferencia-por-la-resolucion-la-paz-y-la-convivencia\/514285241_1250809640416370_5859278851635126514_n-2\/'><img loading=\"lazy\" decoding=\"async\" width=\"300\" height=\"200\" src=\"https:\/\/sare.eus\/wp-content\/uploads\/2025\/10\/514285241_1250809640416370_5859278851635126514_n-300x200.jpg\" class=\"attachment-medium size-medium\" alt=\"\" srcset=\"https:\/\/sare.eus\/wp-content\/uploads\/2025\/10\/514285241_1250809640416370_5859278851635126514_n-300x200.jpg 300w, https:\/\/sare.eus\/wp-content\/uploads\/2025\/10\/514285241_1250809640416370_5859278851635126514_n-1024x682.jpg 1024w, https:\/\/sare.eus\/wp-content\/uploads\/2025\/10\/514285241_1250809640416370_5859278851635126514_n-768x512.jpg 768w, https:\/\/sare.eus\/wp-content\/uploads\/2025\/10\/514285241_1250809640416370_5859278851635126514_n-1536x1024.jpg 1536w, https:\/\/sare.eus\/wp-content\/uploads\/2025\/10\/514285241_1250809640416370_5859278851635126514_n-1080x720.jpg 1080w, https:\/\/sare.eus\/wp-content\/uploads\/2025\/10\/514285241_1250809640416370_5859278851635126514_n.jpg 2000w\" sizes=\"(max-width: 300px) 100vw, 300px\" \/><\/a>\n\t\t\t<\/dt><\/dl><br style=\"clear: both\" \/><dl class='gallery-item'>\n\t\t\t<dt class='gallery-icon landscape'>\n\t\t\t\t<a href='https:\/\/sare.eus\/es\/comienza-la-ii-conferencia-por-la-resolucion-la-paz-y-la-convivencia\/565821768_1250809643749703_5828271588140059608_n-2\/'><img loading=\"lazy\" decoding=\"async\" width=\"300\" height=\"200\" src=\"https:\/\/sare.eus\/wp-content\/uploads\/2025\/10\/565821768_1250809643749703_5828271588140059608_n-300x200.jpg\" class=\"attachment-medium size-medium\" alt=\"\" srcset=\"https:\/\/sare.eus\/wp-content\/uploads\/2025\/10\/565821768_1250809643749703_5828271588140059608_n-300x200.jpg 300w, https:\/\/sare.eus\/wp-content\/uploads\/2025\/10\/565821768_1250809643749703_5828271588140059608_n-1024x682.jpg 1024w, https:\/\/sare.eus\/wp-content\/uploads\/2025\/10\/565821768_1250809643749703_5828271588140059608_n-768x512.jpg 768w, https:\/\/sare.eus\/wp-content\/uploads\/2025\/10\/565821768_1250809643749703_5828271588140059608_n-1536x1024.jpg 1536w, https:\/\/sare.eus\/wp-content\/uploads\/2025\/10\/565821768_1250809643749703_5828271588140059608_n-1080x720.jpg 1080w, https:\/\/sare.eus\/wp-content\/uploads\/2025\/10\/565821768_1250809643749703_5828271588140059608_n.jpg 2000w\" sizes=\"(max-width: 300px) 100vw, 300px\" \/><\/a>\n\t\t\t<\/dt><\/dl><dl class='gallery-item'>\n\t\t\t<dt class='gallery-icon landscape'>\n\t\t\t\t<a href='https:\/\/sare.eus\/es\/comienza-la-ii-conferencia-por-la-resolucion-la-paz-y-la-convivencia\/561370199_1250809543749713_1309952817919647912_n-2\/'><img loading=\"lazy\" decoding=\"async\" width=\"300\" height=\"200\" src=\"https:\/\/sare.eus\/wp-content\/uploads\/2025\/10\/561370199_1250809543749713_1309952817919647912_n-300x200.jpg\" class=\"attachment-medium size-medium\" alt=\"\" srcset=\"https:\/\/sare.eus\/wp-content\/uploads\/2025\/10\/561370199_1250809543749713_1309952817919647912_n-300x200.jpg 300w, https:\/\/sare.eus\/wp-content\/uploads\/2025\/10\/561370199_1250809543749713_1309952817919647912_n-1024x682.jpg 1024w, https:\/\/sare.eus\/wp-content\/uploads\/2025\/10\/561370199_1250809543749713_1309952817919647912_n-768x512.jpg 768w, https:\/\/sare.eus\/wp-content\/uploads\/2025\/10\/561370199_1250809543749713_1309952817919647912_n-1536x1024.jpg 1536w, https:\/\/sare.eus\/wp-content\/uploads\/2025\/10\/561370199_1250809543749713_1309952817919647912_n-1080x720.jpg 1080w, https:\/\/sare.eus\/wp-content\/uploads\/2025\/10\/561370199_1250809543749713_1309952817919647912_n.jpg 2000w\" sizes=\"(max-width: 300px) 100vw, 300px\" \/><\/a>\n\t\t\t<\/dt><\/dl><br style=\"clear: both\" \/><dl class='gallery-item'>\n\t\t\t<dt class='gallery-icon landscape'>\n\t\t\t\t<a href='https:\/\/sare.eus\/es\/comienza-la-ii-conferencia-por-la-resolucion-la-paz-y-la-convivencia\/561643854_1250809587083042_1725014235518219410_n-2\/'><img loading=\"lazy\" decoding=\"async\" width=\"300\" height=\"200\" src=\"https:\/\/sare.eus\/wp-content\/uploads\/2025\/10\/561643854_1250809587083042_1725014235518219410_n-300x200.jpg\" class=\"attachment-medium size-medium\" alt=\"\" srcset=\"https:\/\/sare.eus\/wp-content\/uploads\/2025\/10\/561643854_1250809587083042_1725014235518219410_n-300x200.jpg 300w, https:\/\/sare.eus\/wp-content\/uploads\/2025\/10\/561643854_1250809587083042_1725014235518219410_n-1024x682.jpg 1024w, https:\/\/sare.eus\/wp-content\/uploads\/2025\/10\/561643854_1250809587083042_1725014235518219410_n-768x512.jpg 768w, https:\/\/sare.eus\/wp-content\/uploads\/2025\/10\/561643854_1250809587083042_1725014235518219410_n-1536x1024.jpg 1536w, https:\/\/sare.eus\/wp-content\/uploads\/2025\/10\/561643854_1250809587083042_1725014235518219410_n-1080x720.jpg 1080w, https:\/\/sare.eus\/wp-content\/uploads\/2025\/10\/561643854_1250809587083042_1725014235518219410_n.jpg 2000w\" sizes=\"(max-width: 300px) 100vw, 300px\" \/><\/a>\n\t\t\t<\/dt><\/dl><dl class='gallery-item'>\n\t\t\t<dt class='gallery-icon landscape'>\n\t\t\t\t<a href='https:\/\/sare.eus\/es\/comienza-la-ii-conferencia-por-la-resolucion-la-paz-y-la-convivencia\/565712951_1250809637083037_2790067402414364493_n-2\/'><img loading=\"lazy\" decoding=\"async\" width=\"300\" height=\"200\" src=\"https:\/\/sare.eus\/wp-content\/uploads\/2025\/10\/565712951_1250809637083037_2790067402414364493_n-300x200.jpg\" class=\"attachment-medium size-medium\" alt=\"\" srcset=\"https:\/\/sare.eus\/wp-content\/uploads\/2025\/10\/565712951_1250809637083037_2790067402414364493_n-300x200.jpg 300w, https:\/\/sare.eus\/wp-content\/uploads\/2025\/10\/565712951_1250809637083037_2790067402414364493_n-1024x682.jpg 1024w, https:\/\/sare.eus\/wp-content\/uploads\/2025\/10\/565712951_1250809637083037_2790067402414364493_n-768x512.jpg 768w, https:\/\/sare.eus\/wp-content\/uploads\/2025\/10\/565712951_1250809637083037_2790067402414364493_n-1536x1024.jpg 1536w, https:\/\/sare.eus\/wp-content\/uploads\/2025\/10\/565712951_1250809637083037_2790067402414364493_n-1080x720.jpg 1080w, https:\/\/sare.eus\/wp-content\/uploads\/2025\/10\/565712951_1250809637083037_2790067402414364493_n.jpg 2000w\" sizes=\"(max-width: 300px) 100vw, 300px\" \/><\/a>\n\t\t\t<\/dt><\/dl><br style=\"clear: both\" \/><dl class='gallery-item'>\n\t\t\t<dt class='gallery-icon landscape'>\n\t\t\t\t<a href='https:\/\/sare.eus\/es\/comienza-la-ii-conferencia-por-la-resolucion-la-paz-y-la-convivencia\/566229405_1250809583749709_2924580075360530530_n-2\/'><img loading=\"lazy\" decoding=\"async\" width=\"300\" height=\"200\" src=\"https:\/\/sare.eus\/wp-content\/uploads\/2025\/10\/566229405_1250809583749709_2924580075360530530_n-300x200.jpg\" class=\"attachment-medium size-medium\" alt=\"\" srcset=\"https:\/\/sare.eus\/wp-content\/uploads\/2025\/10\/566229405_1250809583749709_2924580075360530530_n-300x200.jpg 300w, https:\/\/sare.eus\/wp-content\/uploads\/2025\/10\/566229405_1250809583749709_2924580075360530530_n-1024x682.jpg 1024w, https:\/\/sare.eus\/wp-content\/uploads\/2025\/10\/566229405_1250809583749709_2924580075360530530_n-768x512.jpg 768w, https:\/\/sare.eus\/wp-content\/uploads\/2025\/10\/566229405_1250809583749709_2924580075360530530_n-1536x1024.jpg 1536w, https:\/\/sare.eus\/wp-content\/uploads\/2025\/10\/566229405_1250809583749709_2924580075360530530_n-1080x720.jpg 1080w, https:\/\/sare.eus\/wp-content\/uploads\/2025\/10\/566229405_1250809583749709_2924580075360530530_n.jpg 2000w\" sizes=\"(max-width: 300px) 100vw, 300px\" \/><\/a>\n\t\t\t<\/dt><\/dl><dl class='gallery-item'>\n\t\t\t<dt class='gallery-icon landscape'>\n\t\t\t\t<a href='https:\/\/sare.eus\/es\/comienza-la-ii-conferencia-por-la-resolucion-la-paz-y-la-convivencia\/566345445_1250809680416366_9104721515458660116_n-2\/'><img loading=\"lazy\" decoding=\"async\" width=\"300\" height=\"200\" src=\"https:\/\/sare.eus\/wp-content\/uploads\/2025\/10\/566345445_1250809680416366_9104721515458660116_n-300x200.jpg\" class=\"attachment-medium size-medium\" alt=\"\" srcset=\"https:\/\/sare.eus\/wp-content\/uploads\/2025\/10\/566345445_1250809680416366_9104721515458660116_n-300x200.jpg 300w, https:\/\/sare.eus\/wp-content\/uploads\/2025\/10\/566345445_1250809680416366_9104721515458660116_n-1024x682.jpg 1024w, https:\/\/sare.eus\/wp-content\/uploads\/2025\/10\/566345445_1250809680416366_9104721515458660116_n-768x512.jpg 768w, https:\/\/sare.eus\/wp-content\/uploads\/2025\/10\/566345445_1250809680416366_9104721515458660116_n-1536x1024.jpg 1536w, https:\/\/sare.eus\/wp-content\/uploads\/2025\/10\/566345445_1250809680416366_9104721515458660116_n-1080x720.jpg 1080w, https:\/\/sare.eus\/wp-content\/uploads\/2025\/10\/566345445_1250809680416366_9104721515458660116_n.jpg 2000w\" sizes=\"(max-width: 300px) 100vw, 300px\" \/><\/a>\n\t\t\t<\/dt><\/dl><br style=\"clear: both\" \/><dl class='gallery-item'>\n\t\t\t<dt class='gallery-icon landscape'>\n\t\t\t\t<a href='https:\/\/sare.eus\/es\/comienza-la-ii-conferencia-por-la-resolucion-la-paz-y-la-convivencia\/566208517_1250810830416251_4051563618227215312_n-2\/'><img loading=\"lazy\" decoding=\"async\" width=\"300\" height=\"200\" src=\"https:\/\/sare.eus\/wp-content\/uploads\/2025\/10\/566208517_1250810830416251_4051563618227215312_n-300x200.jpg\" class=\"attachment-medium size-medium\" alt=\"\" srcset=\"https:\/\/sare.eus\/wp-content\/uploads\/2025\/10\/566208517_1250810830416251_4051563618227215312_n-300x200.jpg 300w, https:\/\/sare.eus\/wp-content\/uploads\/2025\/10\/566208517_1250810830416251_4051563618227215312_n-1024x682.jpg 1024w, https:\/\/sare.eus\/wp-content\/uploads\/2025\/10\/566208517_1250810830416251_4051563618227215312_n-768x512.jpg 768w, https:\/\/sare.eus\/wp-content\/uploads\/2025\/10\/566208517_1250810830416251_4051563618227215312_n-1536x1024.jpg 1536w, https:\/\/sare.eus\/wp-content\/uploads\/2025\/10\/566208517_1250810830416251_4051563618227215312_n-1080x720.jpg 1080w, https:\/\/sare.eus\/wp-content\/uploads\/2025\/10\/566208517_1250810830416251_4051563618227215312_n.jpg 2000w\" sizes=\"(max-width: 300px) 100vw, 300px\" \/><\/a>\n\t\t\t<\/dt><\/dl><dl class='gallery-item'>\n\t\t\t<dt class='gallery-icon landscape'>\n\t\t\t\t<a href='https:\/\/sare.eus\/es\/comienza-la-ii-conferencia-por-la-resolucion-la-paz-y-la-convivencia\/560816500_1250809727083028_3248512363843579838_n-2\/'><img loading=\"lazy\" decoding=\"async\" width=\"300\" height=\"200\" src=\"https:\/\/sare.eus\/wp-content\/uploads\/2025\/10\/560816500_1250809727083028_3248512363843579838_n-300x200.jpg\" class=\"attachment-medium size-medium\" alt=\"\" srcset=\"https:\/\/sare.eus\/wp-content\/uploads\/2025\/10\/560816500_1250809727083028_3248512363843579838_n-300x200.jpg 300w, https:\/\/sare.eus\/wp-content\/uploads\/2025\/10\/560816500_1250809727083028_3248512363843579838_n-1024x682.jpg 1024w, https:\/\/sare.eus\/wp-content\/uploads\/2025\/10\/560816500_1250809727083028_3248512363843579838_n-768x512.jpg 768w, https:\/\/sare.eus\/wp-content\/uploads\/2025\/10\/560816500_1250809727083028_3248512363843579838_n-1536x1024.jpg 1536w, https:\/\/sare.eus\/wp-content\/uploads\/2025\/10\/560816500_1250809727083028_3248512363843579838_n-1080x720.jpg 1080w, https:\/\/sare.eus\/wp-content\/uploads\/2025\/10\/560816500_1250809727083028_3248512363843579838_n.jpg 2000w\" sizes=\"(max-width: 300px) 100vw, 300px\" \/><\/a>\n\t\t\t<\/dt><\/dl><br style=\"clear: both\" \/>\n\t\t<\/div>\n\n","protected":false},"excerpt":{"rendered":"<p>Bienvenida de Bego Atxa: En nombre de la Red Ciudadana Sare, queremos trasladarles a todos Vds., nuestro agradecimiento por vuestra asistencia a estas II Jornadas por la Resoluci\u00f3n , la [&hellip;]<\/p>\n","protected":false},"author":2,"featured_media":8516,"comment_status":"closed","ping_status":"closed","sticky":false,"template":"","format":"standard","meta":{"_acf_changed":false,"_et_pb_use_builder":"","_et_pb_old_content":"","_et_gb_content_width":"","footnotes":""},"categories":[60],"tags":[],"class_list":["post-8499","post","type-post","status-publish","format-standard","has-post-thumbnail","hentry","category-etxera-es","et-has-post-format-content","et_post_format-et-post-format-standard"],"acf":[],"yoast_head":"<!-- This site is optimized with the Yoast SEO plugin v26.4 - https:\/\/yoast.com\/wordpress\/plugins\/seo\/ -->\n<title>Comienza la II. conferencia por la Resoluci\u00f3n, la Paz y la Convivencia - Sare Herritarra<\/title>\n<meta name=\"robots\" content=\"index, follow, max-snippet:-1, max-image-preview:large, max-video-preview:-1\" \/>\n<link rel=\"canonical\" href=\"https:\/\/sare.eus\/es\/comienza-la-ii-conferencia-por-la-resolucion-la-paz-y-la-convivencia\/\" \/>\n<meta property=\"og:locale\" content=\"es_ES\" \/>\n<meta property=\"og:type\" content=\"article\" \/>\n<meta property=\"og:title\" content=\"Comienza la II. conferencia por la Resoluci\u00f3n, la Paz y la Convivencia - Sare Herritarra\" \/>\n<meta property=\"og:description\" content=\"Bienvenida de Bego Atxa: En nombre de la Red Ciudadana Sare, queremos trasladarles a todos Vds., nuestro agradecimiento por vuestra asistencia a estas II Jornadas por la Resoluci\u00f3n , la [&hellip;]\" \/>\n<meta property=\"og:url\" content=\"https:\/\/sare.eus\/es\/comienza-la-ii-conferencia-por-la-resolucion-la-paz-y-la-convivencia\/\" \/>\n<meta property=\"og:site_name\" content=\"Sare Herritarra\" \/>\n<meta property=\"article:published_time\" content=\"2025-10-18T08:28:04+00:00\" \/>\n<meta property=\"article:modified_time\" content=\"2025-10-18T11:13:31+00:00\" \/>\n<meta property=\"og:image\" content=\"https:\/\/sare.eus\/wp-content\/uploads\/2025\/10\/web.jpg\" \/>\n\t<meta property=\"og:image:width\" content=\"1280\" \/>\n\t<meta property=\"og:image:height\" content=\"853\" \/>\n\t<meta property=\"og:image:type\" content=\"image\/jpeg\" \/>\n<meta name=\"author\" content=\"sare\" \/>\n<meta name=\"twitter:card\" content=\"summary_large_image\" \/>\n<meta name=\"twitter:label1\" content=\"Escrito por\" \/>\n\t<meta name=\"twitter:data1\" content=\"sare\" \/>\n\t<meta name=\"twitter:label2\" content=\"Tiempo de lectura\" \/>\n\t<meta name=\"twitter:data2\" content=\"2 minutos\" \/>\n<script type=\"application\/ld+json\" class=\"yoast-schema-graph\">{\"@context\":\"https:\/\/schema.org\",\"@graph\":[{\"@type\":\"Article\",\"@id\":\"https:\/\/sare.eus\/es\/comienza-la-ii-conferencia-por-la-resolucion-la-paz-y-la-convivencia\/#article\",\"isPartOf\":{\"@id\":\"https:\/\/sare.eus\/es\/comienza-la-ii-conferencia-por-la-resolucion-la-paz-y-la-convivencia\/\"},\"author\":{\"name\":\"sare\",\"@id\":\"https:\/\/sare.eus\/#\/schema\/person\/2fe6d0df294f56313d3ab236dbe38e17\"},\"headline\":\"Comienza la II. conferencia por la Resoluci\u00f3n, la Paz y la Convivencia\",\"datePublished\":\"2025-10-18T08:28:04+00:00\",\"dateModified\":\"2025-10-18T11:13:31+00:00\",\"mainEntityOfPage\":{\"@id\":\"https:\/\/sare.eus\/es\/comienza-la-ii-conferencia-por-la-resolucion-la-paz-y-la-convivencia\/\"},\"wordCount\":339,\"publisher\":{\"@id\":\"https:\/\/sare.eus\/#organization\"},\"image\":{\"@id\":\"https:\/\/sare.eus\/es\/comienza-la-ii-conferencia-por-la-resolucion-la-paz-y-la-convivencia\/#primaryimage\"},\"thumbnailUrl\":\"https:\/\/sare.eus\/wp-content\/uploads\/2025\/10\/web.jpg\",\"articleSection\":[\"Etxera\"],\"inLanguage\":\"es\"},{\"@type\":\"WebPage\",\"@id\":\"https:\/\/sare.eus\/es\/comienza-la-ii-conferencia-por-la-resolucion-la-paz-y-la-convivencia\/\",\"url\":\"https:\/\/sare.eus\/es\/comienza-la-ii-conferencia-por-la-resolucion-la-paz-y-la-convivencia\/\",\"name\":\"Comienza la II. conferencia por la Resoluci\u00f3n, la Paz y la Convivencia - Sare Herritarra\",\"isPartOf\":{\"@id\":\"https:\/\/sare.eus\/#website\"},\"primaryImageOfPage\":{\"@id\":\"https:\/\/sare.eus\/es\/comienza-la-ii-conferencia-por-la-resolucion-la-paz-y-la-convivencia\/#primaryimage\"},\"image\":{\"@id\":\"https:\/\/sare.eus\/es\/comienza-la-ii-conferencia-por-la-resolucion-la-paz-y-la-convivencia\/#primaryimage\"},\"thumbnailUrl\":\"https:\/\/sare.eus\/wp-content\/uploads\/2025\/10\/web.jpg\",\"datePublished\":\"2025-10-18T08:28:04+00:00\",\"dateModified\":\"2025-10-18T11:13:31+00:00\",\"breadcrumb\":{\"@id\":\"https:\/\/sare.eus\/es\/comienza-la-ii-conferencia-por-la-resolucion-la-paz-y-la-convivencia\/#breadcrumb\"},\"inLanguage\":\"es\",\"potentialAction\":[{\"@type\":\"ReadAction\",\"target\":[\"https:\/\/sare.eus\/es\/comienza-la-ii-conferencia-por-la-resolucion-la-paz-y-la-convivencia\/\"]}]},{\"@type\":\"ImageObject\",\"inLanguage\":\"es\",\"@id\":\"https:\/\/sare.eus\/es\/comienza-la-ii-conferencia-por-la-resolucion-la-paz-y-la-convivencia\/#primaryimage\",\"url\":\"https:\/\/sare.eus\/wp-content\/uploads\/2025\/10\/web.jpg\",\"contentUrl\":\"https:\/\/sare.eus\/wp-content\/uploads\/2025\/10\/web.jpg\",\"width\":1280,\"height\":853},{\"@type\":\"BreadcrumbList\",\"@id\":\"https:\/\/sare.eus\/es\/comienza-la-ii-conferencia-por-la-resolucion-la-paz-y-la-convivencia\/#breadcrumb\",\"itemListElement\":[{\"@type\":\"ListItem\",\"position\":1,\"name\":\"Home\",\"item\":\"https:\/\/sare.eus\/\"},{\"@type\":\"ListItem\",\"position\":2,\"name\":\"Comienza la II. conferencia por la Resoluci\u00f3n, la Paz y la Convivencia\"}]},{\"@type\":\"WebSite\",\"@id\":\"https:\/\/sare.eus\/#website\",\"url\":\"https:\/\/sare.eus\/\",\"name\":\"Sare Herritarra\",\"description\":\"KONPONBIDEAREN ETA GIZA ESKUBIDEEN ALDEKO SARE HERRITARRA\",\"publisher\":{\"@id\":\"https:\/\/sare.eus\/#organization\"},\"potentialAction\":[{\"@type\":\"SearchAction\",\"target\":{\"@type\":\"EntryPoint\",\"urlTemplate\":\"https:\/\/sare.eus\/?s={search_term_string}\"},\"query-input\":{\"@type\":\"PropertyValueSpecification\",\"valueRequired\":true,\"valueName\":\"search_term_string\"}}],\"inLanguage\":\"es\"},{\"@type\":\"Organization\",\"@id\":\"https:\/\/sare.eus\/#organization\",\"name\":\"Sare Herritarra\",\"url\":\"https:\/\/sare.eus\/\",\"logo\":{\"@type\":\"ImageObject\",\"inLanguage\":\"es\",\"@id\":\"https:\/\/sare.eus\/#\/schema\/logo\/image\/\",\"url\":\"https:\/\/sare.eus\/wp-content\/uploads\/2021\/08\/sare.png\",\"contentUrl\":\"https:\/\/sare.eus\/wp-content\/uploads\/2021\/08\/sare.png\",\"width\":120,\"height\":142,\"caption\":\"Sare Herritarra\"},\"image\":{\"@id\":\"https:\/\/sare.eus\/#\/schema\/logo\/image\/\"}},{\"@type\":\"Person\",\"@id\":\"https:\/\/sare.eus\/#\/schema\/person\/2fe6d0df294f56313d3ab236dbe38e17\",\"name\":\"sare\",\"image\":{\"@type\":\"ImageObject\",\"inLanguage\":\"es\",\"@id\":\"https:\/\/sare.eus\/#\/schema\/person\/image\/\",\"url\":\"https:\/\/secure.gravatar.com\/avatar\/77cad838677ceb1977e7b3c878b55eaa7fa4aae2158983063b047c3ad7ef2c25?s=96&d=mm&r=g\",\"contentUrl\":\"https:\/\/secure.gravatar.com\/avatar\/77cad838677ceb1977e7b3c878b55eaa7fa4aae2158983063b047c3ad7ef2c25?s=96&d=mm&r=g\",\"caption\":\"sare\"},\"url\":\"https:\/\/sare.eus\/es\/author\/sare\/\"}]}<\/script>\n<!-- \/ Yoast SEO plugin. -->","yoast_head_json":{"title":"Comienza la II. conferencia por la Resoluci\u00f3n, la Paz y la Convivencia - Sare Herritarra","robots":{"index":"index","follow":"follow","max-snippet":"max-snippet:-1","max-image-preview":"max-image-preview:large","max-video-preview":"max-video-preview:-1"},"canonical":"https:\/\/sare.eus\/es\/comienza-la-ii-conferencia-por-la-resolucion-la-paz-y-la-convivencia\/","og_locale":"es_ES","og_type":"article","og_title":"Comienza la II. conferencia por la Resoluci\u00f3n, la Paz y la Convivencia - Sare Herritarra","og_description":"Bienvenida de Bego Atxa: En nombre de la Red Ciudadana Sare, queremos trasladarles a todos Vds., nuestro agradecimiento por vuestra asistencia a estas II Jornadas por la Resoluci\u00f3n , la [&hellip;]","og_url":"https:\/\/sare.eus\/es\/comienza-la-ii-conferencia-por-la-resolucion-la-paz-y-la-convivencia\/","og_site_name":"Sare Herritarra","article_published_time":"2025-10-18T08:28:04+00:00","article_modified_time":"2025-10-18T11:13:31+00:00","og_image":[{"width":1280,"height":853,"url":"https:\/\/sare.eus\/wp-content\/uploads\/2025\/10\/web.jpg","type":"image\/jpeg"}],"author":"sare","twitter_card":"summary_large_image","twitter_misc":{"Escrito por":"sare","Tiempo de lectura":"2 minutos"},"schema":{"@context":"https:\/\/schema.org","@graph":[{"@type":"Article","@id":"https:\/\/sare.eus\/es\/comienza-la-ii-conferencia-por-la-resolucion-la-paz-y-la-convivencia\/#article","isPartOf":{"@id":"https:\/\/sare.eus\/es\/comienza-la-ii-conferencia-por-la-resolucion-la-paz-y-la-convivencia\/"},"author":{"name":"sare","@id":"https:\/\/sare.eus\/#\/schema\/person\/2fe6d0df294f56313d3ab236dbe38e17"},"headline":"Comienza la II. conferencia por la Resoluci\u00f3n, la Paz y la Convivencia","datePublished":"2025-10-18T08:28:04+00:00","dateModified":"2025-10-18T11:13:31+00:00","mainEntityOfPage":{"@id":"https:\/\/sare.eus\/es\/comienza-la-ii-conferencia-por-la-resolucion-la-paz-y-la-convivencia\/"},"wordCount":339,"publisher":{"@id":"https:\/\/sare.eus\/#organization"},"image":{"@id":"https:\/\/sare.eus\/es\/comienza-la-ii-conferencia-por-la-resolucion-la-paz-y-la-convivencia\/#primaryimage"},"thumbnailUrl":"https:\/\/sare.eus\/wp-content\/uploads\/2025\/10\/web.jpg","articleSection":["Etxera"],"inLanguage":"es"},{"@type":"WebPage","@id":"https:\/\/sare.eus\/es\/comienza-la-ii-conferencia-por-la-resolucion-la-paz-y-la-convivencia\/","url":"https:\/\/sare.eus\/es\/comienza-la-ii-conferencia-por-la-resolucion-la-paz-y-la-convivencia\/","name":"Comienza la II. conferencia por la Resoluci\u00f3n, la Paz y la Convivencia - Sare Herritarra","isPartOf":{"@id":"https:\/\/sare.eus\/#website"},"primaryImageOfPage":{"@id":"https:\/\/sare.eus\/es\/comienza-la-ii-conferencia-por-la-resolucion-la-paz-y-la-convivencia\/#primaryimage"},"image":{"@id":"https:\/\/sare.eus\/es\/comienza-la-ii-conferencia-por-la-resolucion-la-paz-y-la-convivencia\/#primaryimage"},"thumbnailUrl":"https:\/\/sare.eus\/wp-content\/uploads\/2025\/10\/web.jpg","datePublished":"2025-10-18T08:28:04+00:00","dateModified":"2025-10-18T11:13:31+00:00","breadcrumb":{"@id":"https:\/\/sare.eus\/es\/comienza-la-ii-conferencia-por-la-resolucion-la-paz-y-la-convivencia\/#breadcrumb"},"inLanguage":"es","potentialAction":[{"@type":"ReadAction","target":["https:\/\/sare.eus\/es\/comienza-la-ii-conferencia-por-la-resolucion-la-paz-y-la-convivencia\/"]}]},{"@type":"ImageObject","inLanguage":"es","@id":"https:\/\/sare.eus\/es\/comienza-la-ii-conferencia-por-la-resolucion-la-paz-y-la-convivencia\/#primaryimage","url":"https:\/\/sare.eus\/wp-content\/uploads\/2025\/10\/web.jpg","contentUrl":"https:\/\/sare.eus\/wp-content\/uploads\/2025\/10\/web.jpg","width":1280,"height":853},{"@type":"BreadcrumbList","@id":"https:\/\/sare.eus\/es\/comienza-la-ii-conferencia-por-la-resolucion-la-paz-y-la-convivencia\/#breadcrumb","itemListElement":[{"@type":"ListItem","position":1,"name":"Home","item":"https:\/\/sare.eus\/"},{"@type":"ListItem","position":2,"name":"Comienza la II. conferencia por la Resoluci\u00f3n, la Paz y la Convivencia"}]},{"@type":"WebSite","@id":"https:\/\/sare.eus\/#website","url":"https:\/\/sare.eus\/","name":"Sare Herritarra","description":"KONPONBIDEAREN ETA GIZA ESKUBIDEEN ALDEKO SARE HERRITARRA","publisher":{"@id":"https:\/\/sare.eus\/#organization"},"potentialAction":[{"@type":"SearchAction","target":{"@type":"EntryPoint","urlTemplate":"https:\/\/sare.eus\/?s={search_term_string}"},"query-input":{"@type":"PropertyValueSpecification","valueRequired":true,"valueName":"search_term_string"}}],"inLanguage":"es"},{"@type":"Organization","@id":"https:\/\/sare.eus\/#organization","name":"Sare Herritarra","url":"https:\/\/sare.eus\/","logo":{"@type":"ImageObject","inLanguage":"es","@id":"https:\/\/sare.eus\/#\/schema\/logo\/image\/","url":"https:\/\/sare.eus\/wp-content\/uploads\/2021\/08\/sare.png","contentUrl":"https:\/\/sare.eus\/wp-content\/uploads\/2021\/08\/sare.png","width":120,"height":142,"caption":"Sare Herritarra"},"image":{"@id":"https:\/\/sare.eus\/#\/schema\/logo\/image\/"}},{"@type":"Person","@id":"https:\/\/sare.eus\/#\/schema\/person\/2fe6d0df294f56313d3ab236dbe38e17","name":"sare","image":{"@type":"ImageObject","inLanguage":"es","@id":"https:\/\/sare.eus\/#\/schema\/person\/image\/","url":"https:\/\/secure.gravatar.com\/avatar\/77cad838677ceb1977e7b3c878b55eaa7fa4aae2158983063b047c3ad7ef2c25?s=96&d=mm&r=g","contentUrl":"https:\/\/secure.gravatar.com\/avatar\/77cad838677ceb1977e7b3c878b55eaa7fa4aae2158983063b047c3ad7ef2c25?s=96&d=mm&r=g","caption":"sare"},"url":"https:\/\/sare.eus\/es\/author\/sare\/"}]}},"_links":{"self":[{"href":"https:\/\/sare.eus\/es\/wp-json\/wp\/v2\/posts\/8499","targetHints":{"allow":["GET"]}}],"collection":[{"href":"https:\/\/sare.eus\/es\/wp-json\/wp\/v2\/posts"}],"about":[{"href":"https:\/\/sare.eus\/es\/wp-json\/wp\/v2\/types\/post"}],"author":[{"embeddable":true,"href":"https:\/\/sare.eus\/es\/wp-json\/wp\/v2\/users\/2"}],"replies":[{"embeddable":true,"href":"https:\/\/sare.eus\/es\/wp-json\/wp\/v2\/comments?post=8499"}],"version-history":[{"count":3,"href":"https:\/\/sare.eus\/es\/wp-json\/wp\/v2\/posts\/8499\/revisions"}],"predecessor-version":[{"id":8542,"href":"https:\/\/sare.eus\/es\/wp-json\/wp\/v2\/posts\/8499\/revisions\/8542"}],"wp:featuredmedia":[{"embeddable":true,"href":"https:\/\/sare.eus\/es\/wp-json\/wp\/v2\/media\/8516"}],"wp:attachment":[{"href":"https:\/\/sare.eus\/es\/wp-json\/wp\/v2\/media?parent=8499"}],"wp:term":[{"taxonomy":"category","embeddable":true,"href":"https:\/\/sare.eus\/es\/wp-json\/wp\/v2\/categories?post=8499"},{"taxonomy":"post_tag","embeddable":true,"href":"https:\/\/sare.eus\/es\/wp-json\/wp\/v2\/tags?post=8499"}],"curies":[{"name":"wp","href":"https:\/\/api.w.org\/{rel}","templated":true}]}}