{"id":8492,"date":"2025-10-17T10:31:14","date_gmt":"2025-10-17T09:31:14","guid":{"rendered":"https:\/\/sare.eus\/euskal-gehingo-sindikaleko-ordezkariak-gaztakaren-ondorioen-gainditzea-ezin-dala-gehaigo-luzatu-ozen-eta-argi-adierazi-dute-gaur-goizean-euskaldunan\/"},"modified":"2025-10-17T10:49:38","modified_gmt":"2025-10-17T09:49:38","slug":"los-representantes-de-la-mayoria-sindical-vasca-han-manifestado-clara-y-firmemente-esta-manana-en-el-euskalduna-que-la-superacion-de-las-consecuencias-del-conflicto-no-puede-alargarse-mas","status":"publish","type":"post","link":"https:\/\/sare.eus\/es\/los-representantes-de-la-mayoria-sindical-vasca-han-manifestado-clara-y-firmemente-esta-manana-en-el-euskalduna-que-la-superacion-de-las-consecuencias-del-conflicto-no-puede-alargarse-mas\/","title":{"rendered":"Los representantes de la mayor\u00eda sindical vasca han manifestado clara y firmemente esta ma\u00f1ana en el Euskalduna que \u201cla superaci\u00f3n de las consecuencias del conflicto no puede alargarse m\u00e1s\u201d."},"content":{"rendered":"<p>Las representantes de la mayor\u00eda sindical vasca nos hemos reunido hoy aqu\u00ed para decir alto y claro, que la superaci\u00f3n de las consecuencias del conflicto no se pueden alargar m\u00e1s. Llevamos a\u00f1os uniendo nuestras fuerzas y moviliz\u00e1ndonos a favor de los derechos de las presas. Y hoy, cuando se van a cumplir 15 a\u00f1os desde el cese de la actividad de ETA, nos hemos vuelto a reunir ante el Palacio Euskalduna, para gritar a los cuatro vientos que no se puede alargar m\u00e1s. Aqu\u00ed, en este lugar tan significativo para los trabajadores vascos, nos reafirmamos en nuestro compromiso por la soluci\u00f3n, la convivencia y la paz. Y es por ello que mostramos p\u00fablicamente nuestra adhesi\u00f3n a la II. Conferencia por la resoluci\u00f3n que va a celebrar ma\u00f1ana Sare.<\/p>\n<p>Es una anomal\u00eda democr\u00e1tica que todav\u00eda haya 50 presos vascos en r\u00e9gimen cerrado. Y consideramos que la superaci\u00f3n de esa anomal\u00eda es necesaria si queremos dar el salto a escenarios de convivencia. Porque, m\u00e1s all\u00e1 de ser un deseo, es una necesidad de la sociedad vasca poner en v\u00edas de soluci\u00f3n la problem\u00e1tica de las presas vascas.<\/p>\n<p>Del mismo modo, y coincidiendo tambi\u00e9n con uno de los objetivos de la conferencia, consideramos necesario el reconocimiento de todas las victimas generadas por el conflicto. Y, m\u00e1s all\u00e1 de exigir verdad, justicia y reparaci\u00f3n, nos reafirmamos en nuestro compromiso hacia ello, mostrando a su vez nuestra disponibilidad para realizar nuestra aportaci\u00f3n desde el sindicalismo.<\/p>\n<p>Por todo ello, como ya hemos apuntado antes, ma\u00f1ana estaremos aqu\u00ed, en el Palacio Euskalduna, participando en la II. Conferencia por la resoluci\u00f3n de Sare. Porque consideramos que las aportaciones que se realizar\u00e1n tanto desde el \u00e1mbito nacional como desde el internacional, pueden ser una aportaci\u00f3n necesaria en ese sentido y porque, en cualquier caso, es responsabilidad de todos nosotros dar pasos hacia la resoluci\u00f3n integral, aportando cada cual desde nuestro \u00e1mbito.<\/p>\n<p><strong>Porque no se puede alargar m\u00e1s&#8230;resoluci\u00f3n, convivencia, paz!<\/strong><\/p>\n<p>&nbsp;<\/p>\n","protected":false},"excerpt":{"rendered":"<p>Las representantes de la mayor\u00eda sindical vasca nos hemos reunido hoy aqu\u00ed para decir alto y claro, que la superaci\u00f3n de las consecuencias del conflicto no se pueden alargar m\u00e1s. [&hellip;]<\/p>\n","protected":false},"author":2,"featured_media":8490,"comment_status":"closed","ping_status":"closed","sticky":false,"template":"","format":"standard","meta":{"_acf_changed":false,"_et_pb_use_builder":"","_et_pb_old_content":"","_et_gb_content_width":"","footnotes":""},"categories":[60],"tags":[],"class_list":["post-8492","post","type-post","status-publish","format-standard","has-post-thumbnail","hentry","category-etxera-es","et-has-post-format-content","et_post_format-et-post-format-standard"],"acf":[],"yoast_head":"<!-- This site is optimized with the Yoast SEO plugin v26.4 - https:\/\/yoast.com\/wordpress\/plugins\/seo\/ -->\n<title>Los representantes de la mayor\u00eda sindical vasca han manifestado clara y firmemente esta ma\u00f1ana en el Euskalduna que \u201cla superaci\u00f3n de las consecuencias del conflicto no puede alargarse m\u00e1s\u201d. - Sare Herritarra<\/title>\n<meta name=\"robots\" content=\"index, follow, max-snippet:-1, max-image-preview:large, max-video-preview:-1\" \/>\n<link rel=\"canonical\" href=\"https:\/\/sare.eus\/es\/los-representantes-de-la-mayoria-sindical-vasca-han-manifestado-clara-y-firmemente-esta-manana-en-el-euskalduna-que-la-superacion-de-las-consecuencias-del-conflicto-no-puede-alargarse-mas\/\" \/>\n<meta property=\"og:locale\" content=\"es_ES\" \/>\n<meta property=\"og:type\" content=\"article\" \/>\n<meta property=\"og:title\" content=\"Los representantes de la mayor\u00eda sindical vasca han manifestado clara y firmemente esta ma\u00f1ana en el Euskalduna que \u201cla superaci\u00f3n de las consecuencias del conflicto no puede alargarse m\u00e1s\u201d. - Sare Herritarra\" \/>\n<meta property=\"og:description\" content=\"Las representantes de la mayor\u00eda sindical vasca nos hemos reunido hoy aqu\u00ed para decir alto y claro, que la superaci\u00f3n de las consecuencias del conflicto no se pueden alargar m\u00e1s. [&hellip;]\" \/>\n<meta property=\"og:url\" content=\"https:\/\/sare.eus\/es\/los-representantes-de-la-mayoria-sindical-vasca-han-manifestado-clara-y-firmemente-esta-manana-en-el-euskalduna-que-la-superacion-de-las-consecuencias-del-conflicto-no-puede-alargarse-mas\/\" \/>\n<meta property=\"og:site_name\" content=\"Sare Herritarra\" \/>\n<meta property=\"article:published_time\" content=\"2025-10-17T09:31:14+00:00\" \/>\n<meta property=\"article:modified_time\" content=\"2025-10-17T09:49:38+00:00\" \/>\n<meta property=\"og:image\" content=\"https:\/\/sare.eus\/wp-content\/uploads\/2025\/10\/2025-10-17_SINDIKATUAK-BILBO-AGERRALDIA.jpg\" \/>\n\t<meta property=\"og:image:width\" content=\"1920\" \/>\n\t<meta property=\"og:image:height\" content=\"1080\" \/>\n\t<meta property=\"og:image:type\" content=\"image\/jpeg\" \/>\n<meta name=\"author\" content=\"sare\" \/>\n<meta name=\"twitter:card\" content=\"summary_large_image\" \/>\n<meta name=\"twitter:label1\" content=\"Escrito por\" \/>\n\t<meta name=\"twitter:data1\" content=\"sare\" \/>\n\t<meta name=\"twitter:label2\" content=\"Tiempo de lectura\" \/>\n\t<meta name=\"twitter:data2\" content=\"2 minutos\" \/>\n<script type=\"application\/ld+json\" class=\"yoast-schema-graph\">{\"@context\":\"https:\/\/schema.org\",\"@graph\":[{\"@type\":\"Article\",\"@id\":\"https:\/\/sare.eus\/es\/los-representantes-de-la-mayoria-sindical-vasca-han-manifestado-clara-y-firmemente-esta-manana-en-el-euskalduna-que-la-superacion-de-las-consecuencias-del-conflicto-no-puede-alargarse-mas\/#article\",\"isPartOf\":{\"@id\":\"https:\/\/sare.eus\/es\/los-representantes-de-la-mayoria-sindical-vasca-han-manifestado-clara-y-firmemente-esta-manana-en-el-euskalduna-que-la-superacion-de-las-consecuencias-del-conflicto-no-puede-alargarse-mas\/\"},\"author\":{\"name\":\"sare\",\"@id\":\"https:\/\/sare.eus\/#\/schema\/person\/2fe6d0df294f56313d3ab236dbe38e17\"},\"headline\":\"Los representantes de la mayor\u00eda sindical vasca han manifestado clara y firmemente esta ma\u00f1ana en el Euskalduna que \u201cla superaci\u00f3n de las consecuencias del conflicto no puede alargarse m\u00e1s\u201d.\",\"datePublished\":\"2025-10-17T09:31:14+00:00\",\"dateModified\":\"2025-10-17T09:49:38+00:00\",\"mainEntityOfPage\":{\"@id\":\"https:\/\/sare.eus\/es\/los-representantes-de-la-mayoria-sindical-vasca-han-manifestado-clara-y-firmemente-esta-manana-en-el-euskalduna-que-la-superacion-de-las-consecuencias-del-conflicto-no-puede-alargarse-mas\/\"},\"wordCount\":386,\"publisher\":{\"@id\":\"https:\/\/sare.eus\/#organization\"},\"image\":{\"@id\":\"https:\/\/sare.eus\/es\/los-representantes-de-la-mayoria-sindical-vasca-han-manifestado-clara-y-firmemente-esta-manana-en-el-euskalduna-que-la-superacion-de-las-consecuencias-del-conflicto-no-puede-alargarse-mas\/#primaryimage\"},\"thumbnailUrl\":\"https:\/\/sare.eus\/wp-content\/uploads\/2025\/10\/2025-10-17_SINDIKATUAK-BILBO-AGERRALDIA.jpg\",\"articleSection\":[\"Etxera\"],\"inLanguage\":\"es\"},{\"@type\":\"WebPage\",\"@id\":\"https:\/\/sare.eus\/es\/los-representantes-de-la-mayoria-sindical-vasca-han-manifestado-clara-y-firmemente-esta-manana-en-el-euskalduna-que-la-superacion-de-las-consecuencias-del-conflicto-no-puede-alargarse-mas\/\",\"url\":\"https:\/\/sare.eus\/es\/los-representantes-de-la-mayoria-sindical-vasca-han-manifestado-clara-y-firmemente-esta-manana-en-el-euskalduna-que-la-superacion-de-las-consecuencias-del-conflicto-no-puede-alargarse-mas\/\",\"name\":\"Los representantes de la mayor\u00eda sindical vasca han manifestado clara y firmemente esta ma\u00f1ana en el Euskalduna que \u201cla superaci\u00f3n de las consecuencias del conflicto no puede alargarse m\u00e1s\u201d. - Sare Herritarra\",\"isPartOf\":{\"@id\":\"https:\/\/sare.eus\/#website\"},\"primaryImageOfPage\":{\"@id\":\"https:\/\/sare.eus\/es\/los-representantes-de-la-mayoria-sindical-vasca-han-manifestado-clara-y-firmemente-esta-manana-en-el-euskalduna-que-la-superacion-de-las-consecuencias-del-conflicto-no-puede-alargarse-mas\/#primaryimage\"},\"image\":{\"@id\":\"https:\/\/sare.eus\/es\/los-representantes-de-la-mayoria-sindical-vasca-han-manifestado-clara-y-firmemente-esta-manana-en-el-euskalduna-que-la-superacion-de-las-consecuencias-del-conflicto-no-puede-alargarse-mas\/#primaryimage\"},\"thumbnailUrl\":\"https:\/\/sare.eus\/wp-content\/uploads\/2025\/10\/2025-10-17_SINDIKATUAK-BILBO-AGERRALDIA.jpg\",\"datePublished\":\"2025-10-17T09:31:14+00:00\",\"dateModified\":\"2025-10-17T09:49:38+00:00\",\"breadcrumb\":{\"@id\":\"https:\/\/sare.eus\/es\/los-representantes-de-la-mayoria-sindical-vasca-han-manifestado-clara-y-firmemente-esta-manana-en-el-euskalduna-que-la-superacion-de-las-consecuencias-del-conflicto-no-puede-alargarse-mas\/#breadcrumb\"},\"inLanguage\":\"es\",\"potentialAction\":[{\"@type\":\"ReadAction\",\"target\":[\"https:\/\/sare.eus\/es\/los-representantes-de-la-mayoria-sindical-vasca-han-manifestado-clara-y-firmemente-esta-manana-en-el-euskalduna-que-la-superacion-de-las-consecuencias-del-conflicto-no-puede-alargarse-mas\/\"]}]},{\"@type\":\"ImageObject\",\"inLanguage\":\"es\",\"@id\":\"https:\/\/sare.eus\/es\/los-representantes-de-la-mayoria-sindical-vasca-han-manifestado-clara-y-firmemente-esta-manana-en-el-euskalduna-que-la-superacion-de-las-consecuencias-del-conflicto-no-puede-alargarse-mas\/#primaryimage\",\"url\":\"https:\/\/sare.eus\/wp-content\/uploads\/2025\/10\/2025-10-17_SINDIKATUAK-BILBO-AGERRALDIA.jpg\",\"contentUrl\":\"https:\/\/sare.eus\/wp-content\/uploads\/2025\/10\/2025-10-17_SINDIKATUAK-BILBO-AGERRALDIA.jpg\",\"width\":1920,\"height\":1080},{\"@type\":\"BreadcrumbList\",\"@id\":\"https:\/\/sare.eus\/es\/los-representantes-de-la-mayoria-sindical-vasca-han-manifestado-clara-y-firmemente-esta-manana-en-el-euskalduna-que-la-superacion-de-las-consecuencias-del-conflicto-no-puede-alargarse-mas\/#breadcrumb\",\"itemListElement\":[{\"@type\":\"ListItem\",\"position\":1,\"name\":\"Home\",\"item\":\"https:\/\/sare.eus\/\"},{\"@type\":\"ListItem\",\"position\":2,\"name\":\"Los representantes de la mayor\u00eda sindical vasca han manifestado clara y firmemente esta ma\u00f1ana en el Euskalduna que \u201cla superaci\u00f3n de las consecuencias del conflicto no puede alargarse m\u00e1s\u201d.\"}]},{\"@type\":\"WebSite\",\"@id\":\"https:\/\/sare.eus\/#website\",\"url\":\"https:\/\/sare.eus\/\",\"name\":\"Sare Herritarra\",\"description\":\"KONPONBIDEAREN ETA GIZA ESKUBIDEEN ALDEKO SARE HERRITARRA\",\"publisher\":{\"@id\":\"https:\/\/sare.eus\/#organization\"},\"potentialAction\":[{\"@type\":\"SearchAction\",\"target\":{\"@type\":\"EntryPoint\",\"urlTemplate\":\"https:\/\/sare.eus\/?s={search_term_string}\"},\"query-input\":{\"@type\":\"PropertyValueSpecification\",\"valueRequired\":true,\"valueName\":\"search_term_string\"}}],\"inLanguage\":\"es\"},{\"@type\":\"Organization\",\"@id\":\"https:\/\/sare.eus\/#organization\",\"name\":\"Sare Herritarra\",\"url\":\"https:\/\/sare.eus\/\",\"logo\":{\"@type\":\"ImageObject\",\"inLanguage\":\"es\",\"@id\":\"https:\/\/sare.eus\/#\/schema\/logo\/image\/\",\"url\":\"https:\/\/sare.eus\/wp-content\/uploads\/2021\/08\/sare.png\",\"contentUrl\":\"https:\/\/sare.eus\/wp-content\/uploads\/2021\/08\/sare.png\",\"width\":120,\"height\":142,\"caption\":\"Sare Herritarra\"},\"image\":{\"@id\":\"https:\/\/sare.eus\/#\/schema\/logo\/image\/\"}},{\"@type\":\"Person\",\"@id\":\"https:\/\/sare.eus\/#\/schema\/person\/2fe6d0df294f56313d3ab236dbe38e17\",\"name\":\"sare\",\"image\":{\"@type\":\"ImageObject\",\"inLanguage\":\"es\",\"@id\":\"https:\/\/sare.eus\/#\/schema\/person\/image\/\",\"url\":\"https:\/\/secure.gravatar.com\/avatar\/77cad838677ceb1977e7b3c878b55eaa7fa4aae2158983063b047c3ad7ef2c25?s=96&d=mm&r=g\",\"contentUrl\":\"https:\/\/secure.gravatar.com\/avatar\/77cad838677ceb1977e7b3c878b55eaa7fa4aae2158983063b047c3ad7ef2c25?s=96&d=mm&r=g\",\"caption\":\"sare\"},\"url\":\"https:\/\/sare.eus\/es\/author\/sare\/\"}]}<\/script>\n<!-- \/ Yoast SEO plugin. -->","yoast_head_json":{"title":"Los representantes de la mayor\u00eda sindical vasca han manifestado clara y firmemente esta ma\u00f1ana en el Euskalduna que \u201cla superaci\u00f3n de las consecuencias del conflicto no puede alargarse m\u00e1s\u201d. - Sare Herritarra","robots":{"index":"index","follow":"follow","max-snippet":"max-snippet:-1","max-image-preview":"max-image-preview:large","max-video-preview":"max-video-preview:-1"},"canonical":"https:\/\/sare.eus\/es\/los-representantes-de-la-mayoria-sindical-vasca-han-manifestado-clara-y-firmemente-esta-manana-en-el-euskalduna-que-la-superacion-de-las-consecuencias-del-conflicto-no-puede-alargarse-mas\/","og_locale":"es_ES","og_type":"article","og_title":"Los representantes de la mayor\u00eda sindical vasca han manifestado clara y firmemente esta ma\u00f1ana en el Euskalduna que \u201cla superaci\u00f3n de las consecuencias del conflicto no puede alargarse m\u00e1s\u201d. - Sare Herritarra","og_description":"Las representantes de la mayor\u00eda sindical vasca nos hemos reunido hoy aqu\u00ed para decir alto y claro, que la superaci\u00f3n de las consecuencias del conflicto no se pueden alargar m\u00e1s. [&hellip;]","og_url":"https:\/\/sare.eus\/es\/los-representantes-de-la-mayoria-sindical-vasca-han-manifestado-clara-y-firmemente-esta-manana-en-el-euskalduna-que-la-superacion-de-las-consecuencias-del-conflicto-no-puede-alargarse-mas\/","og_site_name":"Sare Herritarra","article_published_time":"2025-10-17T09:31:14+00:00","article_modified_time":"2025-10-17T09:49:38+00:00","og_image":[{"width":1920,"height":1080,"url":"https:\/\/sare.eus\/wp-content\/uploads\/2025\/10\/2025-10-17_SINDIKATUAK-BILBO-AGERRALDIA.jpg","type":"image\/jpeg"}],"author":"sare","twitter_card":"summary_large_image","twitter_misc":{"Escrito por":"sare","Tiempo de lectura":"2 minutos"},"schema":{"@context":"https:\/\/schema.org","@graph":[{"@type":"Article","@id":"https:\/\/sare.eus\/es\/los-representantes-de-la-mayoria-sindical-vasca-han-manifestado-clara-y-firmemente-esta-manana-en-el-euskalduna-que-la-superacion-de-las-consecuencias-del-conflicto-no-puede-alargarse-mas\/#article","isPartOf":{"@id":"https:\/\/sare.eus\/es\/los-representantes-de-la-mayoria-sindical-vasca-han-manifestado-clara-y-firmemente-esta-manana-en-el-euskalduna-que-la-superacion-de-las-consecuencias-del-conflicto-no-puede-alargarse-mas\/"},"author":{"name":"sare","@id":"https:\/\/sare.eus\/#\/schema\/person\/2fe6d0df294f56313d3ab236dbe38e17"},"headline":"Los representantes de la mayor\u00eda sindical vasca han manifestado clara y firmemente esta ma\u00f1ana en el Euskalduna que \u201cla superaci\u00f3n de las consecuencias del conflicto no puede alargarse m\u00e1s\u201d.","datePublished":"2025-10-17T09:31:14+00:00","dateModified":"2025-10-17T09:49:38+00:00","mainEntityOfPage":{"@id":"https:\/\/sare.eus\/es\/los-representantes-de-la-mayoria-sindical-vasca-han-manifestado-clara-y-firmemente-esta-manana-en-el-euskalduna-que-la-superacion-de-las-consecuencias-del-conflicto-no-puede-alargarse-mas\/"},"wordCount":386,"publisher":{"@id":"https:\/\/sare.eus\/#organization"},"image":{"@id":"https:\/\/sare.eus\/es\/los-representantes-de-la-mayoria-sindical-vasca-han-manifestado-clara-y-firmemente-esta-manana-en-el-euskalduna-que-la-superacion-de-las-consecuencias-del-conflicto-no-puede-alargarse-mas\/#primaryimage"},"thumbnailUrl":"https:\/\/sare.eus\/wp-content\/uploads\/2025\/10\/2025-10-17_SINDIKATUAK-BILBO-AGERRALDIA.jpg","articleSection":["Etxera"],"inLanguage":"es"},{"@type":"WebPage","@id":"https:\/\/sare.eus\/es\/los-representantes-de-la-mayoria-sindical-vasca-han-manifestado-clara-y-firmemente-esta-manana-en-el-euskalduna-que-la-superacion-de-las-consecuencias-del-conflicto-no-puede-alargarse-mas\/","url":"https:\/\/sare.eus\/es\/los-representantes-de-la-mayoria-sindical-vasca-han-manifestado-clara-y-firmemente-esta-manana-en-el-euskalduna-que-la-superacion-de-las-consecuencias-del-conflicto-no-puede-alargarse-mas\/","name":"Los representantes de la mayor\u00eda sindical vasca han manifestado clara y firmemente esta ma\u00f1ana en el Euskalduna que \u201cla superaci\u00f3n de las consecuencias del conflicto no puede alargarse m\u00e1s\u201d. - Sare Herritarra","isPartOf":{"@id":"https:\/\/sare.eus\/#website"},"primaryImageOfPage":{"@id":"https:\/\/sare.eus\/es\/los-representantes-de-la-mayoria-sindical-vasca-han-manifestado-clara-y-firmemente-esta-manana-en-el-euskalduna-que-la-superacion-de-las-consecuencias-del-conflicto-no-puede-alargarse-mas\/#primaryimage"},"image":{"@id":"https:\/\/sare.eus\/es\/los-representantes-de-la-mayoria-sindical-vasca-han-manifestado-clara-y-firmemente-esta-manana-en-el-euskalduna-que-la-superacion-de-las-consecuencias-del-conflicto-no-puede-alargarse-mas\/#primaryimage"},"thumbnailUrl":"https:\/\/sare.eus\/wp-content\/uploads\/2025\/10\/2025-10-17_SINDIKATUAK-BILBO-AGERRALDIA.jpg","datePublished":"2025-10-17T09:31:14+00:00","dateModified":"2025-10-17T09:49:38+00:00","breadcrumb":{"@id":"https:\/\/sare.eus\/es\/los-representantes-de-la-mayoria-sindical-vasca-han-manifestado-clara-y-firmemente-esta-manana-en-el-euskalduna-que-la-superacion-de-las-consecuencias-del-conflicto-no-puede-alargarse-mas\/#breadcrumb"},"inLanguage":"es","potentialAction":[{"@type":"ReadAction","target":["https:\/\/sare.eus\/es\/los-representantes-de-la-mayoria-sindical-vasca-han-manifestado-clara-y-firmemente-esta-manana-en-el-euskalduna-que-la-superacion-de-las-consecuencias-del-conflicto-no-puede-alargarse-mas\/"]}]},{"@type":"ImageObject","inLanguage":"es","@id":"https:\/\/sare.eus\/es\/los-representantes-de-la-mayoria-sindical-vasca-han-manifestado-clara-y-firmemente-esta-manana-en-el-euskalduna-que-la-superacion-de-las-consecuencias-del-conflicto-no-puede-alargarse-mas\/#primaryimage","url":"https:\/\/sare.eus\/wp-content\/uploads\/2025\/10\/2025-10-17_SINDIKATUAK-BILBO-AGERRALDIA.jpg","contentUrl":"https:\/\/sare.eus\/wp-content\/uploads\/2025\/10\/2025-10-17_SINDIKATUAK-BILBO-AGERRALDIA.jpg","width":1920,"height":1080},{"@type":"BreadcrumbList","@id":"https:\/\/sare.eus\/es\/los-representantes-de-la-mayoria-sindical-vasca-han-manifestado-clara-y-firmemente-esta-manana-en-el-euskalduna-que-la-superacion-de-las-consecuencias-del-conflicto-no-puede-alargarse-mas\/#breadcrumb","itemListElement":[{"@type":"ListItem","position":1,"name":"Home","item":"https:\/\/sare.eus\/"},{"@type":"ListItem","position":2,"name":"Los representantes de la mayor\u00eda sindical vasca han manifestado clara y firmemente esta ma\u00f1ana en el Euskalduna que \u201cla superaci\u00f3n de las consecuencias del conflicto no puede alargarse m\u00e1s\u201d."}]},{"@type":"WebSite","@id":"https:\/\/sare.eus\/#website","url":"https:\/\/sare.eus\/","name":"Sare Herritarra","description":"KONPONBIDEAREN ETA GIZA ESKUBIDEEN ALDEKO SARE HERRITARRA","publisher":{"@id":"https:\/\/sare.eus\/#organization"},"potentialAction":[{"@type":"SearchAction","target":{"@type":"EntryPoint","urlTemplate":"https:\/\/sare.eus\/?s={search_term_string}"},"query-input":{"@type":"PropertyValueSpecification","valueRequired":true,"valueName":"search_term_string"}}],"inLanguage":"es"},{"@type":"Organization","@id":"https:\/\/sare.eus\/#organization","name":"Sare Herritarra","url":"https:\/\/sare.eus\/","logo":{"@type":"ImageObject","inLanguage":"es","@id":"https:\/\/sare.eus\/#\/schema\/logo\/image\/","url":"https:\/\/sare.eus\/wp-content\/uploads\/2021\/08\/sare.png","contentUrl":"https:\/\/sare.eus\/wp-content\/uploads\/2021\/08\/sare.png","width":120,"height":142,"caption":"Sare Herritarra"},"image":{"@id":"https:\/\/sare.eus\/#\/schema\/logo\/image\/"}},{"@type":"Person","@id":"https:\/\/sare.eus\/#\/schema\/person\/2fe6d0df294f56313d3ab236dbe38e17","name":"sare","image":{"@type":"ImageObject","inLanguage":"es","@id":"https:\/\/sare.eus\/#\/schema\/person\/image\/","url":"https:\/\/secure.gravatar.com\/avatar\/77cad838677ceb1977e7b3c878b55eaa7fa4aae2158983063b047c3ad7ef2c25?s=96&d=mm&r=g","contentUrl":"https:\/\/secure.gravatar.com\/avatar\/77cad838677ceb1977e7b3c878b55eaa7fa4aae2158983063b047c3ad7ef2c25?s=96&d=mm&r=g","caption":"sare"},"url":"https:\/\/sare.eus\/es\/author\/sare\/"}]}},"_links":{"self":[{"href":"https:\/\/sare.eus\/es\/wp-json\/wp\/v2\/posts\/8492","targetHints":{"allow":["GET"]}}],"collection":[{"href":"https:\/\/sare.eus\/es\/wp-json\/wp\/v2\/posts"}],"about":[{"href":"https:\/\/sare.eus\/es\/wp-json\/wp\/v2\/types\/post"}],"author":[{"embeddable":true,"href":"https:\/\/sare.eus\/es\/wp-json\/wp\/v2\/users\/2"}],"replies":[{"embeddable":true,"href":"https:\/\/sare.eus\/es\/wp-json\/wp\/v2\/comments?post=8492"}],"version-history":[{"count":3,"href":"https:\/\/sare.eus\/es\/wp-json\/wp\/v2\/posts\/8492\/revisions"}],"predecessor-version":[{"id":8495,"href":"https:\/\/sare.eus\/es\/wp-json\/wp\/v2\/posts\/8492\/revisions\/8495"}],"wp:featuredmedia":[{"embeddable":true,"href":"https:\/\/sare.eus\/es\/wp-json\/wp\/v2\/media\/8490"}],"wp:attachment":[{"href":"https:\/\/sare.eus\/es\/wp-json\/wp\/v2\/media?parent=8492"}],"wp:term":[{"taxonomy":"category","embeddable":true,"href":"https:\/\/sare.eus\/es\/wp-json\/wp\/v2\/categories?post=8492"},{"taxonomy":"post_tag","embeddable":true,"href":"https:\/\/sare.eus\/es\/wp-json\/wp\/v2\/tags?post=8492"}],"curies":[{"name":"wp","href":"https:\/\/api.w.org\/{rel}","templated":true}]}}