{"id":8479,"date":"2025-10-08T10:24:50","date_gmt":"2025-10-08T09:24:50","guid":{"rendered":"https:\/\/sare.eus\/?p=8479"},"modified":"2025-10-08T10:24:50","modified_gmt":"2025-10-08T09:24:50","slug":"no-se-puede-alargar-mas","status":"publish","type":"post","link":"https:\/\/sare.eus\/es\/no-se-puede-alargar-mas\/","title":{"rendered":"\u00a1Porque esta situaci\u00f3n no se puede alargar m\u00e1s!"},"content":{"rendered":"<blockquote><p><em>Gasteiz | Rueda prensa presentaci\u00f3n manifestaci\u00f3n enero 2026<\/em><\/p><\/blockquote>\n<p>Porque estamos hablando de derechos. En un Estado de Derecho, los derechos, por definici\u00f3n, nunca deben vulnerarse y, si se vulneran, se denuncian y se defienden. Es un deber c\u00edvico defenderlos<\/p>\n<p>Y porque mantener esta situaci\u00f3n por m\u00e1s tiempo no beneficia a nadie.<\/p>\n<p>Por ello, les hemos convocado hoy, para anunciarles que miles y miles de personas volveremos a llenar las calles de Bilbo, el s\u00e1bado d\u00eda 10 de enero, para defender los derechos de personas privadas de libertad y, sobre todo, para apostar por la resoluci\u00f3n, la paz y la convivencia en Euskal Herria.<\/p>\n<p><img loading=\"lazy\" decoding=\"async\" class=\"alignleft wp-image-8476\" src=\"https:\/\/sare.eus\/wp-content\/uploads\/2025\/10\/WEB_2026.01.10_SARE_MANIFESTAZIO-NAZIONALA-BILBO-212x300.jpg\" alt=\"\" width=\"500\" height=\"708\" srcset=\"https:\/\/sare.eus\/wp-content\/uploads\/2025\/10\/WEB_2026.01.10_SARE_MANIFESTAZIO-NAZIONALA-BILBO-212x300.jpg 212w, https:\/\/sare.eus\/wp-content\/uploads\/2025\/10\/WEB_2026.01.10_SARE_MANIFESTAZIO-NAZIONALA-BILBO-723x1024.jpg 723w, https:\/\/sare.eus\/wp-content\/uploads\/2025\/10\/WEB_2026.01.10_SARE_MANIFESTAZIO-NAZIONALA-BILBO-768x1088.jpg 768w, https:\/\/sare.eus\/wp-content\/uploads\/2025\/10\/WEB_2026.01.10_SARE_MANIFESTAZIO-NAZIONALA-BILBO-1084x1536.jpg 1084w, https:\/\/sare.eus\/wp-content\/uploads\/2025\/10\/WEB_2026.01.10_SARE_MANIFESTAZIO-NAZIONALA-BILBO-1446x2048.jpg 1446w, https:\/\/sare.eus\/wp-content\/uploads\/2025\/10\/WEB_2026.01.10_SARE_MANIFESTAZIO-NAZIONALA-BILBO-1080x1530.jpg 1080w, https:\/\/sare.eus\/wp-content\/uploads\/2025\/10\/WEB_2026.01.10_SARE_MANIFESTAZIO-NAZIONALA-BILBO-scaled.jpg 1807w\" sizes=\"(max-width: 500px) 100vw, 500px\" \/>Esta convocatoria de hoy nos sirve tambi\u00e9n para hacer un balance del camino recorrido, pero, a\u00fan m\u00e1s importante, para recordar la parte del camino que nos queda por recorrer.<\/p>\n<p>Han tenido que pasar 34 a\u00f1os, para qu\u00e9 en marzo de 2023, se pusiera fin a la cruel pol\u00edtica de alejamiento.<\/p>\n<p>Otros tantos a\u00f1os, para que la pr\u00e1ctica totalidad estos presos y presas dejaran de estar en primer grado penitenciario, r\u00e9gimen cerrado. Un r\u00e9gimen de vida en prisi\u00f3n que, por las limitaciones de derechos que acarrea, deber\u00eda ser un hecho excepcional.<\/p>\n<p>Y, desde ese a\u00f1o 2023, los avances que se han producido han sido importantes. Es de justicia, reconocerlo.<\/p>\n<p>Desde Sare, consideramos que ahora nos toca enfilar la \u00faltima parte de un proceso que se ha alargado mucho y que ha creado mucho sufrimiento.<\/p>\n<p>Y para que esta \u00faltima parte del camino no se alargue innecesariamente, hacemos un llamamiento al conjunto de la sociedad vasca. Hagamos este camino juntos, al margen de adscripciones ideol\u00f3gicas. Hagamos una apuesta por la resoluci\u00f3n, la paz y la convivencia.<\/p>\n<p>Hace unos d\u00edas, record\u00e1bamos que las c\u00e1rceles de Euskal Herria albergan a 123 presos\/presas y 3 m\u00e1s en territorio franc\u00e9s.<\/p>\n<p>Record\u00e1bamos que, aproximadamente, 63, contin\u00faan en segundo grado penitenciario, a pesar que han cumplido la mitad de su condena, esto es, la parte de condena que la ley exige para progresar al tercer grado.<\/p>\n<p>Record\u00e1bamos que m\u00e1s del 25% de estos presos\/as (32), tienen una gran parte de su condena cumplida y sin embargo, no han tenido ni salidas programadas, ni permisos penitenciarios, aunque la normativa penitenciaria indica que, con el cumplimiento de una 1\/4 parte de la condena es posible acceder a estas medidas.<\/p>\n<p>Y resulta dif\u00edcil de comprender que la aplicaci\u00f3n de criterios arbitrarios y discrecionales pueda ser la base de lo que se ha venido a denominar Modelo Penitenciario Vasco. No todas las personas presas deben de progresar de la misma manera, pero todas ellas deben ser tratadas con los mismos criterios. Y las autoridades penitenciarias centrales de la CAV deben actuar con claridad en un tema como este.<\/p>\n<p>Hay muchas razones para que el 10 de enero volvamos a exigir una pol\u00edtica penitenciaria ordinaria sin excepciones.<\/p>\n<p>Excepciones que a\u00fan se mantienen en el \u00e1mbito pol\u00edtico\/legislativo, con leyes restrictivas de derechos que fueron aprobadas \u201cad hoc\u201d para estos presos y presas, en tiempos que nada tienen que ver con los actuales. Si ya entonces eran rechazables, por la vulneraci\u00f3n de derechos que supon\u00edan, m\u00e1s lo son ahora, tras m\u00e1s de 15 a\u00f1os de la desaparici\u00f3n en la pr\u00e1ctica de ETA.<\/p>\n<p>Excepciones que no acaban de desaparecer en el \u00e1mbito judicial, donde subsisten algunas actitudes que se alejan del Derecho Penitenciario ordinario y mantienen criterios excepcionales, exigentes incluso m\u00e1s all\u00e1 de la literalidad de la ley, pero que no empa\u00f1an, afortunadamente, los cambios positivos en la interpretaci\u00f3n, por parte de fiscales y jueces, de esa legislaci\u00f3n a\u00fan vigente, abandonando antiguas posiciones de bloqueo total.<\/p>\n<p>Y excepciones que se mantienen en el d\u00eda a d\u00eda, en el tratamiento penitenciario.<\/p>\n<p>Sigue siendo necesario profundizar en el avance que, con car\u00e1cter general, se ha producido en los \u00faltimos a\u00f1os, rompiendo inercias, abandonando clich\u00e9s y prejuicios y aplicando a estas personas presas criterios propios de un modelo penitenciario avanzado, superando las posiciones ligadas al pasado, cada vez m\u00e1s residuales, pero que entorpecen o retrasan los procesos de vuelta a la sociedad.<\/p>\n<p>Vamos tarde, porque han pasado muchos a\u00f1os, desde que las excepcionalidades deber\u00edan haber finalizado. No dejemos que esto siga ocurriendo.<\/p>\n<p>Esta situaci\u00f3n no puede alargarse m\u00e1s.<\/p>\n<p>Por eso bajo el lema: EZIN DA GEHIAGO LUZATU &#8211; NO SE PUEDE ALARGAR M\u00c1S, el 10 de enero, volveremos a exigir una pol\u00edtica penitenciaria ordinaria para las presas y presos y el regreso de exiliados y deportados.<\/p>\n<p>Y, lo queremos volver a reiterar, la defensa de los derechos de estas personas presas debe ir acompa\u00f1ada del reconocimiento de los derechos y sentimientos de quienes sufrieron su violencia, u otras violencias. Siempre hemos defendido que todas las personas afectadas por las diferentes violencias de aquellos a\u00f1os merecen el esfuerzo de la sociedad vasca en su reconocimiento y en la reparaci\u00f3n de su dolor.<\/p>\n<p>Hemos comenzado esta intervenci\u00f3n con esta idea y con ella cerramos: esta situaci\u00f3n a nadie beneficia. El final de las pol\u00edticas de excepci\u00f3n, inevitablemente, acercara posiciones, generar\u00e1 nuevas empat\u00edas, sanara heridas. Todo dolor innecesario que se contin\u00fae generando, sea quien sea quien lo sufra, es responsabilidad exclusiva de quienes se oponen a la resoluci\u00f3n definitiva de las consecuencias del pasado.<\/p>\n<p>Es hora de avanzar, y uno de los primeros pasos, necesariamente, debe ser el de aplicar la legislaci\u00f3n, sin excepciones, es decir, dar una soluci\u00f3n legal y progresiva, a quienes siguen en prisi\u00f3n.<\/p>\n<p>Y esto hay que hacerlo ya, porque ya vamos tarde.<\/p>\n","protected":false},"excerpt":{"rendered":"<p>Gasteiz | Rueda prensa presentaci\u00f3n manifestaci\u00f3n enero 2026 Porque estamos hablando de derechos. En un Estado de Derecho, los derechos, por definici\u00f3n, nunca deben vulnerarse y, si se vulneran, se [&hellip;]<\/p>\n","protected":false},"author":2,"featured_media":8484,"comment_status":"closed","ping_status":"closed","sticky":false,"template":"","format":"standard","meta":{"_acf_changed":false,"_et_pb_use_builder":"","_et_pb_old_content":"","_et_gb_content_width":"","footnotes":""},"categories":[60],"tags":[],"class_list":["post-8479","post","type-post","status-publish","format-standard","has-post-thumbnail","hentry","category-etxera-es","et-has-post-format-content","et_post_format-et-post-format-standard"],"acf":[],"yoast_head":"<!-- This site is optimized with the Yoast SEO plugin v26.4 - https:\/\/yoast.com\/wordpress\/plugins\/seo\/ -->\n<title>\u00a1Porque esta situaci\u00f3n no se puede alargar m\u00e1s! - Sare Herritarra<\/title>\n<meta name=\"robots\" content=\"index, follow, max-snippet:-1, max-image-preview:large, max-video-preview:-1\" \/>\n<link rel=\"canonical\" href=\"https:\/\/sare.eus\/es\/no-se-puede-alargar-mas\/\" \/>\n<meta property=\"og:locale\" content=\"es_ES\" \/>\n<meta property=\"og:type\" content=\"article\" \/>\n<meta property=\"og:title\" content=\"\u00a1Porque esta situaci\u00f3n no se puede alargar m\u00e1s! - Sare Herritarra\" \/>\n<meta property=\"og:description\" content=\"Gasteiz | Rueda prensa presentaci\u00f3n manifestaci\u00f3n enero 2026 Porque estamos hablando de derechos. En un Estado de Derecho, los derechos, por definici\u00f3n, nunca deben vulnerarse y, si se vulneran, se [&hellip;]\" \/>\n<meta property=\"og:url\" content=\"https:\/\/sare.eus\/es\/no-se-puede-alargar-mas\/\" \/>\n<meta property=\"og:site_name\" content=\"Sare Herritarra\" \/>\n<meta property=\"article:published_time\" content=\"2025-10-08T09:24:50+00:00\" \/>\n<meta property=\"og:image\" content=\"https:\/\/sare.eus\/wp-content\/uploads\/2025\/10\/photo_2025-10-08_11-22-25.jpg\" \/>\n\t<meta property=\"og:image:width\" content=\"1280\" \/>\n\t<meta property=\"og:image:height\" content=\"878\" \/>\n\t<meta property=\"og:image:type\" content=\"image\/jpeg\" \/>\n<meta name=\"author\" content=\"sare\" \/>\n<meta name=\"twitter:card\" content=\"summary_large_image\" \/>\n<meta name=\"twitter:label1\" content=\"Escrito por\" \/>\n\t<meta name=\"twitter:data1\" content=\"sare\" \/>\n\t<meta name=\"twitter:label2\" content=\"Tiempo de lectura\" \/>\n\t<meta name=\"twitter:data2\" content=\"6 minutos\" \/>\n<script type=\"application\/ld+json\" class=\"yoast-schema-graph\">{\"@context\":\"https:\/\/schema.org\",\"@graph\":[{\"@type\":\"Article\",\"@id\":\"https:\/\/sare.eus\/es\/no-se-puede-alargar-mas\/#article\",\"isPartOf\":{\"@id\":\"https:\/\/sare.eus\/es\/no-se-puede-alargar-mas\/\"},\"author\":{\"name\":\"sare\",\"@id\":\"https:\/\/sare.eus\/#\/schema\/person\/2fe6d0df294f56313d3ab236dbe38e17\"},\"headline\":\"\u00a1Porque esta situaci\u00f3n no se puede alargar m\u00e1s!\",\"datePublished\":\"2025-10-08T09:24:50+00:00\",\"mainEntityOfPage\":{\"@id\":\"https:\/\/sare.eus\/es\/no-se-puede-alargar-mas\/\"},\"wordCount\":970,\"publisher\":{\"@id\":\"https:\/\/sare.eus\/#organization\"},\"image\":{\"@id\":\"https:\/\/sare.eus\/es\/no-se-puede-alargar-mas\/#primaryimage\"},\"thumbnailUrl\":\"https:\/\/sare.eus\/wp-content\/uploads\/2025\/10\/photo_2025-10-08_11-22-25.jpg\",\"articleSection\":[\"Etxera\"],\"inLanguage\":\"es\"},{\"@type\":\"WebPage\",\"@id\":\"https:\/\/sare.eus\/es\/no-se-puede-alargar-mas\/\",\"url\":\"https:\/\/sare.eus\/es\/no-se-puede-alargar-mas\/\",\"name\":\"\u00a1Porque esta situaci\u00f3n no se puede alargar m\u00e1s! - Sare Herritarra\",\"isPartOf\":{\"@id\":\"https:\/\/sare.eus\/#website\"},\"primaryImageOfPage\":{\"@id\":\"https:\/\/sare.eus\/es\/no-se-puede-alargar-mas\/#primaryimage\"},\"image\":{\"@id\":\"https:\/\/sare.eus\/es\/no-se-puede-alargar-mas\/#primaryimage\"},\"thumbnailUrl\":\"https:\/\/sare.eus\/wp-content\/uploads\/2025\/10\/photo_2025-10-08_11-22-25.jpg\",\"datePublished\":\"2025-10-08T09:24:50+00:00\",\"breadcrumb\":{\"@id\":\"https:\/\/sare.eus\/es\/no-se-puede-alargar-mas\/#breadcrumb\"},\"inLanguage\":\"es\",\"potentialAction\":[{\"@type\":\"ReadAction\",\"target\":[\"https:\/\/sare.eus\/es\/no-se-puede-alargar-mas\/\"]}]},{\"@type\":\"ImageObject\",\"inLanguage\":\"es\",\"@id\":\"https:\/\/sare.eus\/es\/no-se-puede-alargar-mas\/#primaryimage\",\"url\":\"https:\/\/sare.eus\/wp-content\/uploads\/2025\/10\/photo_2025-10-08_11-22-25.jpg\",\"contentUrl\":\"https:\/\/sare.eus\/wp-content\/uploads\/2025\/10\/photo_2025-10-08_11-22-25.jpg\",\"width\":1280,\"height\":878},{\"@type\":\"BreadcrumbList\",\"@id\":\"https:\/\/sare.eus\/es\/no-se-puede-alargar-mas\/#breadcrumb\",\"itemListElement\":[{\"@type\":\"ListItem\",\"position\":1,\"name\":\"Home\",\"item\":\"https:\/\/sare.eus\/\"},{\"@type\":\"ListItem\",\"position\":2,\"name\":\"\u00a1Porque esta situaci\u00f3n no se puede alargar m\u00e1s!\"}]},{\"@type\":\"WebSite\",\"@id\":\"https:\/\/sare.eus\/#website\",\"url\":\"https:\/\/sare.eus\/\",\"name\":\"Sare Herritarra\",\"description\":\"KONPONBIDEAREN ETA GIZA ESKUBIDEEN ALDEKO SARE HERRITARRA\",\"publisher\":{\"@id\":\"https:\/\/sare.eus\/#organization\"},\"potentialAction\":[{\"@type\":\"SearchAction\",\"target\":{\"@type\":\"EntryPoint\",\"urlTemplate\":\"https:\/\/sare.eus\/?s={search_term_string}\"},\"query-input\":{\"@type\":\"PropertyValueSpecification\",\"valueRequired\":true,\"valueName\":\"search_term_string\"}}],\"inLanguage\":\"es\"},{\"@type\":\"Organization\",\"@id\":\"https:\/\/sare.eus\/#organization\",\"name\":\"Sare Herritarra\",\"url\":\"https:\/\/sare.eus\/\",\"logo\":{\"@type\":\"ImageObject\",\"inLanguage\":\"es\",\"@id\":\"https:\/\/sare.eus\/#\/schema\/logo\/image\/\",\"url\":\"https:\/\/sare.eus\/wp-content\/uploads\/2021\/08\/sare.png\",\"contentUrl\":\"https:\/\/sare.eus\/wp-content\/uploads\/2021\/08\/sare.png\",\"width\":120,\"height\":142,\"caption\":\"Sare Herritarra\"},\"image\":{\"@id\":\"https:\/\/sare.eus\/#\/schema\/logo\/image\/\"}},{\"@type\":\"Person\",\"@id\":\"https:\/\/sare.eus\/#\/schema\/person\/2fe6d0df294f56313d3ab236dbe38e17\",\"name\":\"sare\",\"image\":{\"@type\":\"ImageObject\",\"inLanguage\":\"es\",\"@id\":\"https:\/\/sare.eus\/#\/schema\/person\/image\/\",\"url\":\"https:\/\/secure.gravatar.com\/avatar\/77cad838677ceb1977e7b3c878b55eaa7fa4aae2158983063b047c3ad7ef2c25?s=96&d=mm&r=g\",\"contentUrl\":\"https:\/\/secure.gravatar.com\/avatar\/77cad838677ceb1977e7b3c878b55eaa7fa4aae2158983063b047c3ad7ef2c25?s=96&d=mm&r=g\",\"caption\":\"sare\"},\"url\":\"https:\/\/sare.eus\/es\/author\/sare\/\"}]}<\/script>\n<!-- \/ Yoast SEO plugin. -->","yoast_head_json":{"title":"\u00a1Porque esta situaci\u00f3n no se puede alargar m\u00e1s! - Sare Herritarra","robots":{"index":"index","follow":"follow","max-snippet":"max-snippet:-1","max-image-preview":"max-image-preview:large","max-video-preview":"max-video-preview:-1"},"canonical":"https:\/\/sare.eus\/es\/no-se-puede-alargar-mas\/","og_locale":"es_ES","og_type":"article","og_title":"\u00a1Porque esta situaci\u00f3n no se puede alargar m\u00e1s! - Sare Herritarra","og_description":"Gasteiz | Rueda prensa presentaci\u00f3n manifestaci\u00f3n enero 2026 Porque estamos hablando de derechos. En un Estado de Derecho, los derechos, por definici\u00f3n, nunca deben vulnerarse y, si se vulneran, se [&hellip;]","og_url":"https:\/\/sare.eus\/es\/no-se-puede-alargar-mas\/","og_site_name":"Sare Herritarra","article_published_time":"2025-10-08T09:24:50+00:00","og_image":[{"width":1280,"height":878,"url":"https:\/\/sare.eus\/wp-content\/uploads\/2025\/10\/photo_2025-10-08_11-22-25.jpg","type":"image\/jpeg"}],"author":"sare","twitter_card":"summary_large_image","twitter_misc":{"Escrito por":"sare","Tiempo de lectura":"6 minutos"},"schema":{"@context":"https:\/\/schema.org","@graph":[{"@type":"Article","@id":"https:\/\/sare.eus\/es\/no-se-puede-alargar-mas\/#article","isPartOf":{"@id":"https:\/\/sare.eus\/es\/no-se-puede-alargar-mas\/"},"author":{"name":"sare","@id":"https:\/\/sare.eus\/#\/schema\/person\/2fe6d0df294f56313d3ab236dbe38e17"},"headline":"\u00a1Porque esta situaci\u00f3n no se puede alargar m\u00e1s!","datePublished":"2025-10-08T09:24:50+00:00","mainEntityOfPage":{"@id":"https:\/\/sare.eus\/es\/no-se-puede-alargar-mas\/"},"wordCount":970,"publisher":{"@id":"https:\/\/sare.eus\/#organization"},"image":{"@id":"https:\/\/sare.eus\/es\/no-se-puede-alargar-mas\/#primaryimage"},"thumbnailUrl":"https:\/\/sare.eus\/wp-content\/uploads\/2025\/10\/photo_2025-10-08_11-22-25.jpg","articleSection":["Etxera"],"inLanguage":"es"},{"@type":"WebPage","@id":"https:\/\/sare.eus\/es\/no-se-puede-alargar-mas\/","url":"https:\/\/sare.eus\/es\/no-se-puede-alargar-mas\/","name":"\u00a1Porque esta situaci\u00f3n no se puede alargar m\u00e1s! - Sare Herritarra","isPartOf":{"@id":"https:\/\/sare.eus\/#website"},"primaryImageOfPage":{"@id":"https:\/\/sare.eus\/es\/no-se-puede-alargar-mas\/#primaryimage"},"image":{"@id":"https:\/\/sare.eus\/es\/no-se-puede-alargar-mas\/#primaryimage"},"thumbnailUrl":"https:\/\/sare.eus\/wp-content\/uploads\/2025\/10\/photo_2025-10-08_11-22-25.jpg","datePublished":"2025-10-08T09:24:50+00:00","breadcrumb":{"@id":"https:\/\/sare.eus\/es\/no-se-puede-alargar-mas\/#breadcrumb"},"inLanguage":"es","potentialAction":[{"@type":"ReadAction","target":["https:\/\/sare.eus\/es\/no-se-puede-alargar-mas\/"]}]},{"@type":"ImageObject","inLanguage":"es","@id":"https:\/\/sare.eus\/es\/no-se-puede-alargar-mas\/#primaryimage","url":"https:\/\/sare.eus\/wp-content\/uploads\/2025\/10\/photo_2025-10-08_11-22-25.jpg","contentUrl":"https:\/\/sare.eus\/wp-content\/uploads\/2025\/10\/photo_2025-10-08_11-22-25.jpg","width":1280,"height":878},{"@type":"BreadcrumbList","@id":"https:\/\/sare.eus\/es\/no-se-puede-alargar-mas\/#breadcrumb","itemListElement":[{"@type":"ListItem","position":1,"name":"Home","item":"https:\/\/sare.eus\/"},{"@type":"ListItem","position":2,"name":"\u00a1Porque esta situaci\u00f3n no se puede alargar m\u00e1s!"}]},{"@type":"WebSite","@id":"https:\/\/sare.eus\/#website","url":"https:\/\/sare.eus\/","name":"Sare Herritarra","description":"KONPONBIDEAREN ETA GIZA ESKUBIDEEN ALDEKO SARE HERRITARRA","publisher":{"@id":"https:\/\/sare.eus\/#organization"},"potentialAction":[{"@type":"SearchAction","target":{"@type":"EntryPoint","urlTemplate":"https:\/\/sare.eus\/?s={search_term_string}"},"query-input":{"@type":"PropertyValueSpecification","valueRequired":true,"valueName":"search_term_string"}}],"inLanguage":"es"},{"@type":"Organization","@id":"https:\/\/sare.eus\/#organization","name":"Sare Herritarra","url":"https:\/\/sare.eus\/","logo":{"@type":"ImageObject","inLanguage":"es","@id":"https:\/\/sare.eus\/#\/schema\/logo\/image\/","url":"https:\/\/sare.eus\/wp-content\/uploads\/2021\/08\/sare.png","contentUrl":"https:\/\/sare.eus\/wp-content\/uploads\/2021\/08\/sare.png","width":120,"height":142,"caption":"Sare Herritarra"},"image":{"@id":"https:\/\/sare.eus\/#\/schema\/logo\/image\/"}},{"@type":"Person","@id":"https:\/\/sare.eus\/#\/schema\/person\/2fe6d0df294f56313d3ab236dbe38e17","name":"sare","image":{"@type":"ImageObject","inLanguage":"es","@id":"https:\/\/sare.eus\/#\/schema\/person\/image\/","url":"https:\/\/secure.gravatar.com\/avatar\/77cad838677ceb1977e7b3c878b55eaa7fa4aae2158983063b047c3ad7ef2c25?s=96&d=mm&r=g","contentUrl":"https:\/\/secure.gravatar.com\/avatar\/77cad838677ceb1977e7b3c878b55eaa7fa4aae2158983063b047c3ad7ef2c25?s=96&d=mm&r=g","caption":"sare"},"url":"https:\/\/sare.eus\/es\/author\/sare\/"}]}},"_links":{"self":[{"href":"https:\/\/sare.eus\/es\/wp-json\/wp\/v2\/posts\/8479","targetHints":{"allow":["GET"]}}],"collection":[{"href":"https:\/\/sare.eus\/es\/wp-json\/wp\/v2\/posts"}],"about":[{"href":"https:\/\/sare.eus\/es\/wp-json\/wp\/v2\/types\/post"}],"author":[{"embeddable":true,"href":"https:\/\/sare.eus\/es\/wp-json\/wp\/v2\/users\/2"}],"replies":[{"embeddable":true,"href":"https:\/\/sare.eus\/es\/wp-json\/wp\/v2\/comments?post=8479"}],"version-history":[{"count":2,"href":"https:\/\/sare.eus\/es\/wp-json\/wp\/v2\/posts\/8479\/revisions"}],"predecessor-version":[{"id":8481,"href":"https:\/\/sare.eus\/es\/wp-json\/wp\/v2\/posts\/8479\/revisions\/8481"}],"wp:featuredmedia":[{"embeddable":true,"href":"https:\/\/sare.eus\/es\/wp-json\/wp\/v2\/media\/8484"}],"wp:attachment":[{"href":"https:\/\/sare.eus\/es\/wp-json\/wp\/v2\/media?parent=8479"}],"wp:term":[{"taxonomy":"category","embeddable":true,"href":"https:\/\/sare.eus\/es\/wp-json\/wp\/v2\/categories?post=8479"},{"taxonomy":"post_tag","embeddable":true,"href":"https:\/\/sare.eus\/es\/wp-json\/wp\/v2\/tags?post=8479"}],"curies":[{"name":"wp","href":"https:\/\/api.w.org\/{rel}","templated":true}]}}