{"id":8448,"date":"2025-09-23T08:39:59","date_gmt":"2025-09-23T07:39:59","guid":{"rendered":"https:\/\/sare.eus\/ii-konferentzia\/"},"modified":"2025-10-06T11:05:17","modified_gmt":"2025-10-06T10:05:17","slug":"ii-conferencia","status":"publish","type":"post","link":"https:\/\/sare.eus\/es\/ii-conferencia\/","title":{"rendered":"II. CONFERENCIA"},"content":{"rendered":"<blockquote>\n<h1>No se puede alargar m\u00e1s<\/h1>\n<\/blockquote>\n<p>Resoluci\u00f3n \u00b7 Paz \u00b7 Convivencia<br \/>\nII. CONFERENCIA SARE HERRITARRA<\/p>\n<p>18 de octubre de 2025<br \/>\nPALACIO EUSKALDUNA | BILBAO<\/p>\n<p><img loading=\"lazy\" decoding=\"async\" class=\"alignnone wp-image-8408 size-large\" src=\"https:\/\/sare.eus\/wp-content\/uploads\/2025\/09\/I.-KONFERENTZIA-DONOSTIA-1024x576.jpg\" alt=\"\" width=\"1024\" height=\"576\" srcset=\"https:\/\/sare.eus\/wp-content\/uploads\/2025\/09\/I.-KONFERENTZIA-DONOSTIA-1024x576.jpg 1024w, https:\/\/sare.eus\/wp-content\/uploads\/2025\/09\/I.-KONFERENTZIA-DONOSTIA-300x169.jpg 300w, https:\/\/sare.eus\/wp-content\/uploads\/2025\/09\/I.-KONFERENTZIA-DONOSTIA-768x432.jpg 768w, https:\/\/sare.eus\/wp-content\/uploads\/2025\/09\/I.-KONFERENTZIA-DONOSTIA-1536x864.jpg 1536w, https:\/\/sare.eus\/wp-content\/uploads\/2025\/09\/I.-KONFERENTZIA-DONOSTIA-2048x1152.jpg 2048w, https:\/\/sare.eus\/wp-content\/uploads\/2025\/09\/I.-KONFERENTZIA-DONOSTIA-1080x608.jpg 1080w\" sizes=\"(max-width: 1024px) 100vw, 1024px\" \/><\/p>\n<p>10:00 \u00b7 Bienvenida:<strong> Bego Atxa Azurmendi<\/strong> (Portavoz de Sare)<\/p>\n<p><img loading=\"lazy\" decoding=\"async\" class=\"alignnone wp-image-8410 size-medium\" src=\"https:\/\/sare.eus\/wp-content\/uploads\/2025\/09\/BEGO-ATXA-300x300.jpg\" alt=\"\" width=\"300\" height=\"300\" srcset=\"https:\/\/sare.eus\/wp-content\/uploads\/2025\/09\/BEGO-ATXA-300x300.jpg 300w, https:\/\/sare.eus\/wp-content\/uploads\/2025\/09\/BEGO-ATXA-1024x1024.jpg 1024w, https:\/\/sare.eus\/wp-content\/uploads\/2025\/09\/BEGO-ATXA-150x150.jpg 150w, https:\/\/sare.eus\/wp-content\/uploads\/2025\/09\/BEGO-ATXA-768x768.jpg 768w, https:\/\/sare.eus\/wp-content\/uploads\/2025\/09\/BEGO-ATXA-1536x1536.jpg 1536w, https:\/\/sare.eus\/wp-content\/uploads\/2025\/09\/BEGO-ATXA-2048x2048.jpg 2048w, https:\/\/sare.eus\/wp-content\/uploads\/2025\/09\/BEGO-ATXA-1080x1080.jpg 1080w, https:\/\/sare.eus\/wp-content\/uploads\/2025\/09\/BEGO-ATXA-440x440.jpg 440w\" sizes=\"(max-width: 300px) 100vw, 300px\" \/><\/p>\n<p>10:15 \u00b7 PARTE 1<\/p>\n<p><strong>T\u00edtulo: MODELOS DE RESOLUCI\u00d3N DE CONFLICTOS EN EL \u00c1MBITO INTERNACIONAL<\/strong><\/p>\n<p>Han sido varios los pa\u00edses que han vivido un conflicto violento de base pol\u00edtica. No todos son iguales, pero la forma en la que otros pa\u00edses han resuelto conflictos de este tipo, nos puede servir de gu\u00eda para afrontar el caso de nuestro Pa\u00eds.<\/p>\n<p>La existencia, a\u00fan, de presos\/as, exiliados\/as, deportados\/as, para los que se requiere una soluci\u00f3n judicial y penitenciaria, sin excepcionalidades que vulneren sus derechos, as\u00ed como la urgente necesidad de buscar un marco de convivencia en la que todas las v\u00edctimas de todas las violencias, sean tenidas en cuenta, deber\u00eda ser un objetivo que uniera voluntades de personas que, al margen de sus adscripciones pol\u00edticas o ideol\u00f3gicas, defendieran la aplicaci\u00f3n de los derechos humanos para todas las personas.<\/p>\n<p><strong>Ponentes:<\/strong><br \/>\nDesde Irlanda: <strong>Michael Culbert.<\/strong><br \/>\n<img loading=\"lazy\" decoding=\"async\" class=\"size-medium wp-image-8419 alignleft\" src=\"https:\/\/sare.eus\/wp-content\/uploads\/2025\/09\/Michael-Culbert-Irlanda-300x300.jpg\" alt=\"\" width=\"300\" height=\"300\" srcset=\"https:\/\/sare.eus\/wp-content\/uploads\/2025\/09\/Michael-Culbert-Irlanda-300x300.jpg 300w, https:\/\/sare.eus\/wp-content\/uploads\/2025\/09\/Michael-Culbert-Irlanda-1024x1024.jpg 1024w, https:\/\/sare.eus\/wp-content\/uploads\/2025\/09\/Michael-Culbert-Irlanda-150x150.jpg 150w, https:\/\/sare.eus\/wp-content\/uploads\/2025\/09\/Michael-Culbert-Irlanda-768x768.jpg 768w, https:\/\/sare.eus\/wp-content\/uploads\/2025\/09\/Michael-Culbert-Irlanda-1536x1536.jpg 1536w, https:\/\/sare.eus\/wp-content\/uploads\/2025\/09\/Michael-Culbert-Irlanda-2048x2048.jpg 2048w, https:\/\/sare.eus\/wp-content\/uploads\/2025\/09\/Michael-Culbert-Irlanda-1080x1080.jpg 1080w, https:\/\/sare.eus\/wp-content\/uploads\/2025\/09\/Michael-Culbert-Irlanda-440x440.jpg 440w\" sizes=\"(max-width: 300px) 100vw, 300px\" \/>Nacido en Belfast. A principios de la d\u00e9cada de 1970, entr\u00f3 en el IRA. Fue detenido en 1978 y encarcelado en la prisi\u00f3n de Maze (Long Kesh). Condenado a cadena perpetua y preso 16 a\u00f1os, fue liberado en 1993.<\/p>\n<p>Cuando estaba en la c\u00e1rcel, particip\u00f3 en la protesta llamada \u00abBlanket Protest\u00bb y en 1983 comenz\u00f3 a estudiar Ciencias Sociales, Educaci\u00f3n y Consultor\u00eda a trav\u00e9s de la Open University. En 1992 obtuvo la licenciatura honor\u00edfica en Ciencias Sociales y en 1993 el Diploma de Postgrado en Educaci\u00f3n y Asesoramiento. Posteriormente, obtuvo el diploma de postgrado en Estudios de Paz en la Universidad del Ulster (1994).<\/p>\n<p>Vali\u00e9ndose de su formaci\u00f3n acad\u00e9mica, comparti\u00f3 conocimiento con otros presos republicanos y entre 1995 y 1999 trabaj\u00f3 como tutor de desarrollo personal. Se convirti\u00f3 en director de Coiste na nIarchim\u00ed, una organizaci\u00f3n que agrupa a unos 25.000 ex presos republicanos, que ofrece ayuda y promueve la reconciliaci\u00f3n.<\/p>\n<p>Mantuvo un di\u00e1logo activo con antiguos miembros de las fuerzas armadas y de los lealistas unionistas brit\u00e1nicos, participando en proyectos de reconciliaci\u00f3n p\u00fablica e iniciativas educativas.<\/p>\n<p>Desde Sud\u00e1frica &#8211;<strong> Roelof Petrus Meyer<\/strong><br \/>\n<img loading=\"lazy\" decoding=\"async\" class=\"size-medium wp-image-8427 alignleft\" src=\"https:\/\/sare.eus\/wp-content\/uploads\/2025\/09\/Roelof-Petrus-Meyer00-300x300.jpg\" alt=\"\" width=\"300\" height=\"300\" srcset=\"https:\/\/sare.eus\/wp-content\/uploads\/2025\/09\/Roelof-Petrus-Meyer00-300x300.jpg 300w, https:\/\/sare.eus\/wp-content\/uploads\/2025\/09\/Roelof-Petrus-Meyer00-1024x1024.jpg 1024w, https:\/\/sare.eus\/wp-content\/uploads\/2025\/09\/Roelof-Petrus-Meyer00-150x150.jpg 150w, https:\/\/sare.eus\/wp-content\/uploads\/2025\/09\/Roelof-Petrus-Meyer00-768x768.jpg 768w, https:\/\/sare.eus\/wp-content\/uploads\/2025\/09\/Roelof-Petrus-Meyer00-1536x1536.jpg 1536w, https:\/\/sare.eus\/wp-content\/uploads\/2025\/09\/Roelof-Petrus-Meyer00-2048x2048.jpg 2048w, https:\/\/sare.eus\/wp-content\/uploads\/2025\/09\/Roelof-Petrus-Meyer00-1080x1080.jpg 1080w, https:\/\/sare.eus\/wp-content\/uploads\/2025\/09\/Roelof-Petrus-Meyer00-440x440.jpg 440w\" sizes=\"(max-width: 300px) 100vw, 300px\" \/>Nacido el 16 de julio de 1947, es un pol\u00edtico y empresario sudafricano. Miembro del Parlamento entre 1979 y 1997, fue el principal negociador del gobierno del Partido Nacional durante las negociaciones para poner fin al apartheid. Posteriormente, cofund\u00f3 el Movimiento Democr\u00e1tico Unido.<\/p>\n<p>Durante su periodo en el Parlamento, Meyer form\u00f3 parte de los gobiernos de tres presidentes sucesivos: P. W. Botha, F. W. de Klerk y Nelson Mandela. Tras renunciar al Partido Nacional en 1997, cofund\u00f3 el Movimiento Democr\u00e1tico Unido con Bantu Holomisa. Regres\u00f3 brevemente al Parlamento entre 1999 y 2000 antes de retirarse de la pol\u00edtica de primera l\u00ednea en enero de 2000.<\/p>\n<p>Meyer se hizo famoso como negociador jefe del gobierno en el Foro Multipartidista de Negociaci\u00f3n de 1993, tras el fracaso de CODESA, donde estableci\u00f3 una relaci\u00f3n amistosa y eficaz con el negociador jefe del CNA, Cyril Ramaphosa. En este puesto, colabor\u00f3 \u200b\u200bestrechamente con Niel Barnard, jefe del Servicio Nacional de Inteligencia y firme defensor de un acuerdo negociado. Tras la conclusi\u00f3n de las negociaciones en noviembre de 1993, se convirti\u00f3 en el principal representante del gobierno en el Consejo Ejecutivo de Transici\u00f3n (CET). Meyer y Ramaphosa recibieron el Premio al Liderazgo y Servicio de las Cervecer\u00edas Sudafricanas en 2004.<\/p>\n<p>&nbsp;<\/p>\n<p>Moderador: <strong>Xabier Madariaga Idirin<\/strong> (periodista)<\/p>\n<p><img loading=\"lazy\" decoding=\"async\" class=\"size-medium wp-image-8429 alignnone\" src=\"https:\/\/sare.eus\/wp-content\/uploads\/2025\/09\/Xabier_Madariaga-300x300.jpg\" alt=\"\" width=\"300\" height=\"300\" srcset=\"https:\/\/sare.eus\/wp-content\/uploads\/2025\/09\/Xabier_Madariaga-300x300.jpg 300w, https:\/\/sare.eus\/wp-content\/uploads\/2025\/09\/Xabier_Madariaga-1024x1024.jpg 1024w, https:\/\/sare.eus\/wp-content\/uploads\/2025\/09\/Xabier_Madariaga-150x150.jpg 150w, https:\/\/sare.eus\/wp-content\/uploads\/2025\/09\/Xabier_Madariaga-768x768.jpg 768w, https:\/\/sare.eus\/wp-content\/uploads\/2025\/09\/Xabier_Madariaga-1536x1536.jpg 1536w, https:\/\/sare.eus\/wp-content\/uploads\/2025\/09\/Xabier_Madariaga-2048x2048.jpg 2048w, https:\/\/sare.eus\/wp-content\/uploads\/2025\/09\/Xabier_Madariaga-1080x1080.jpg 1080w, https:\/\/sare.eus\/wp-content\/uploads\/2025\/09\/Xabier_Madariaga-440x440.jpg 440w\" sizes=\"(max-width: 300px) 100vw, 300px\" \/><\/p>\n<hr \/>\n<p>11:15 DESCANSO<\/p>\n<p>11:30-13:30 \u00b7 PARTE 2<\/p>\n<p><strong>T\u00edtulo: V\u00cdCTIMAS DE UN CONFLICTO. ES HORA DE SU RECONOCIMIENTO SIN EXCEPCIONES<\/strong><br \/>\nCon el objetivo de alcanzar el necesario reconocimiento de todas las v\u00edctimas, resulta necesaria una reflexi\u00f3n sobre el tratamiento que reciben desde las diferentes Administraciones, as\u00ed como la necesidad de integrar en esa consideraci\u00f3n de v\u00edctimas a aquellas personas que, en las diferentes leyes aprobadas por los parlamentos de Gasteiz, Nafarroa y Cortes Generales, no fueron reconocidas como tal.<\/p>\n<p>Ponentes:<br \/>\n<strong>Olatz Iglesias Mujika<\/strong><br \/>\nFamiliar de presos vascos, y Psic\u00f3loga<\/p>\n<p><img loading=\"lazy\" decoding=\"async\" class=\"alignnone size-medium wp-image-8423\" src=\"https:\/\/sare.eus\/wp-content\/uploads\/2025\/09\/OLATZ-IGLESIAS-MUJIKA-300x300.jpg\" alt=\"\" width=\"300\" height=\"300\" srcset=\"https:\/\/sare.eus\/wp-content\/uploads\/2025\/09\/OLATZ-IGLESIAS-MUJIKA-300x300.jpg 300w, https:\/\/sare.eus\/wp-content\/uploads\/2025\/09\/OLATZ-IGLESIAS-MUJIKA-1024x1024.jpg 1024w, https:\/\/sare.eus\/wp-content\/uploads\/2025\/09\/OLATZ-IGLESIAS-MUJIKA-150x150.jpg 150w, https:\/\/sare.eus\/wp-content\/uploads\/2025\/09\/OLATZ-IGLESIAS-MUJIKA-768x768.jpg 768w, https:\/\/sare.eus\/wp-content\/uploads\/2025\/09\/OLATZ-IGLESIAS-MUJIKA-1536x1536.jpg 1536w, https:\/\/sare.eus\/wp-content\/uploads\/2025\/09\/OLATZ-IGLESIAS-MUJIKA-2048x2048.jpg 2048w, https:\/\/sare.eus\/wp-content\/uploads\/2025\/09\/OLATZ-IGLESIAS-MUJIKA-1080x1080.jpg 1080w, https:\/\/sare.eus\/wp-content\/uploads\/2025\/09\/OLATZ-IGLESIAS-MUJIKA-440x440.jpg 440w\" sizes=\"(max-width: 300px) 100vw, 300px\" \/><\/p>\n<p><strong>Carlos Martin Beristain<\/strong><br \/>\n<img loading=\"lazy\" decoding=\"async\" class=\"size-medium wp-image-8413 alignleft\" src=\"https:\/\/sare.eus\/wp-content\/uploads\/2025\/09\/Carlos-Martin-Beristain-POR-CONFIRMAR-300x300.jpg\" alt=\"\" width=\"300\" height=\"300\" srcset=\"https:\/\/sare.eus\/wp-content\/uploads\/2025\/09\/Carlos-Martin-Beristain-POR-CONFIRMAR-300x300.jpg 300w, https:\/\/sare.eus\/wp-content\/uploads\/2025\/09\/Carlos-Martin-Beristain-POR-CONFIRMAR-1024x1024.jpg 1024w, https:\/\/sare.eus\/wp-content\/uploads\/2025\/09\/Carlos-Martin-Beristain-POR-CONFIRMAR-150x150.jpg 150w, https:\/\/sare.eus\/wp-content\/uploads\/2025\/09\/Carlos-Martin-Beristain-POR-CONFIRMAR-768x768.jpg 768w, https:\/\/sare.eus\/wp-content\/uploads\/2025\/09\/Carlos-Martin-Beristain-POR-CONFIRMAR-1536x1536.jpg 1536w, https:\/\/sare.eus\/wp-content\/uploads\/2025\/09\/Carlos-Martin-Beristain-POR-CONFIRMAR-2048x2048.jpg 2048w, https:\/\/sare.eus\/wp-content\/uploads\/2025\/09\/Carlos-Martin-Beristain-POR-CONFIRMAR-1080x1080.jpg 1080w, https:\/\/sare.eus\/wp-content\/uploads\/2025\/09\/Carlos-Martin-Beristain-POR-CONFIRMAR-440x440.jpg 440w\" sizes=\"(max-width: 300px) 100vw, 300px\" \/>M\u00e9dico y doctor en Psicolog\u00eda, investigador de violaciones de derechos humanos en Am\u00e9rica Latina y otras regiones del mundo, as\u00ed como referente en la atenci\u00f3n psicosocial a las v\u00edctimas. Adem\u00e1s de perito para la evaluaci\u00f3n m\u00e9dica y psicosocial en varias ocasiones ante la Corte Interamericana de Derechos Humanos (CIDH), ha trabajado como asesor de v\u00edctimas en diversos casos ante la Corte Penal Internacional (CPI).<\/p>\n<p>Fue Representante de la Comisi\u00f3n de la Verdad de Colombia y facilitador de Gleencree. Coordinador del informe \u2018Guatemala: nunca m\u00e1s\u2019, hizo parte del Grupo Interdisciplinario de Expertos Independientes de la Comisi\u00f3n Interamericana de Derechos Humanos para el caso de Ayotzinapa, M\u00e9xico y ha sido asesor de las comisiones de la verdad de Per\u00fa, Paraguay y Ecuador.<\/p>\n<p><strong>Paco Etxeberria Gabilondo<\/strong><br \/>\n<img loading=\"lazy\" decoding=\"async\" class=\"size-medium wp-image-8425 alignleft\" src=\"https:\/\/sare.eus\/wp-content\/uploads\/2025\/09\/Paco-Etxeberria-300x300.jpg\" alt=\"\" width=\"300\" height=\"300\" srcset=\"https:\/\/sare.eus\/wp-content\/uploads\/2025\/09\/Paco-Etxeberria-300x300.jpg 300w, https:\/\/sare.eus\/wp-content\/uploads\/2025\/09\/Paco-Etxeberria-1024x1024.jpg 1024w, https:\/\/sare.eus\/wp-content\/uploads\/2025\/09\/Paco-Etxeberria-150x150.jpg 150w, https:\/\/sare.eus\/wp-content\/uploads\/2025\/09\/Paco-Etxeberria-768x768.jpg 768w, https:\/\/sare.eus\/wp-content\/uploads\/2025\/09\/Paco-Etxeberria-1536x1536.jpg 1536w, https:\/\/sare.eus\/wp-content\/uploads\/2025\/09\/Paco-Etxeberria-2048x2048.jpg 2048w, https:\/\/sare.eus\/wp-content\/uploads\/2025\/09\/Paco-Etxeberria-1080x1080.jpg 1080w, https:\/\/sare.eus\/wp-content\/uploads\/2025\/09\/Paco-Etxeberria-440x440.jpg 440w\" sizes=\"(max-width: 300px) 100vw, 300px\" \/>Antrop\u00f3logo forense vasco. Doctor en Medicina por la Universidad del Pa\u00eds Vasco (1991), es m\u00e9dico especialista en Medicina legal y forense y especialista en Antropolog\u00eda y biolog\u00eda forense de la Universidad Complutense de Madrid. Profesor titular de Medicina legal y forense en la Universidad del Pa\u00eds Vasco, presidente del departamento de Antropolog\u00eda f\u00edsica de la Sociedad de Ciencias Aranzadi, de la cual fue presidente, presidente de la secci\u00f3n de Medicina legal y forense de la Academia de Ciencias M\u00e9dicas de Bilbao y profesor del Instituto Vasco de Criminolog\u00eda, en donde ha sido secretario y subdirector.<\/p>\n<p>&nbsp;<\/p>\n<p>&nbsp;<\/p>\n<p>Moderadora:<strong> Naroa Iturri<\/strong> (periodista)<br \/>\n<img loading=\"lazy\" decoding=\"async\" class=\"size-medium wp-image-8421 alignnone\" src=\"https:\/\/sare.eus\/wp-content\/uploads\/2025\/09\/Naroa_Iturri-03-300x300.jpg\" alt=\"\" width=\"300\" height=\"300\" srcset=\"https:\/\/sare.eus\/wp-content\/uploads\/2025\/09\/Naroa_Iturri-03-300x300.jpg 300w, https:\/\/sare.eus\/wp-content\/uploads\/2025\/09\/Naroa_Iturri-03-1024x1024.jpg 1024w, https:\/\/sare.eus\/wp-content\/uploads\/2025\/09\/Naroa_Iturri-03-150x150.jpg 150w, https:\/\/sare.eus\/wp-content\/uploads\/2025\/09\/Naroa_Iturri-03-768x768.jpg 768w, https:\/\/sare.eus\/wp-content\/uploads\/2025\/09\/Naroa_Iturri-03-1536x1536.jpg 1536w, https:\/\/sare.eus\/wp-content\/uploads\/2025\/09\/Naroa_Iturri-03-2048x2048.jpg 2048w, https:\/\/sare.eus\/wp-content\/uploads\/2025\/09\/Naroa_Iturri-03-1080x1080.jpg 1080w, https:\/\/sare.eus\/wp-content\/uploads\/2025\/09\/Naroa_Iturri-03-440x440.jpg 440w\" sizes=\"(max-width: 300px) 100vw, 300px\" \/><\/p>\n<hr \/>\n<p>Final: <strong>Joseba Azkarraga Rodero<\/strong> (SARE) + <strong>Maria Jauregi Lasa<\/strong> (Victima de ETA)<\/p>\n<p><img loading=\"lazy\" decoding=\"async\" class=\"alignnone size-medium wp-image-8415\" src=\"https:\/\/sare.eus\/wp-content\/uploads\/2025\/09\/Joseba-Azkarraga-300x300.jpg\" alt=\"\" width=\"300\" height=\"300\" srcset=\"https:\/\/sare.eus\/wp-content\/uploads\/2025\/09\/Joseba-Azkarraga-300x300.jpg 300w, https:\/\/sare.eus\/wp-content\/uploads\/2025\/09\/Joseba-Azkarraga-1024x1024.jpg 1024w, https:\/\/sare.eus\/wp-content\/uploads\/2025\/09\/Joseba-Azkarraga-150x150.jpg 150w, https:\/\/sare.eus\/wp-content\/uploads\/2025\/09\/Joseba-Azkarraga-768x768.jpg 768w, https:\/\/sare.eus\/wp-content\/uploads\/2025\/09\/Joseba-Azkarraga-1536x1536.jpg 1536w, https:\/\/sare.eus\/wp-content\/uploads\/2025\/09\/Joseba-Azkarraga-2048x2048.jpg 2048w, https:\/\/sare.eus\/wp-content\/uploads\/2025\/09\/Joseba-Azkarraga-1080x1080.jpg 1080w, https:\/\/sare.eus\/wp-content\/uploads\/2025\/09\/Joseba-Azkarraga-440x440.jpg 440w\" sizes=\"(max-width: 300px) 100vw, 300px\" \/> <img loading=\"lazy\" decoding=\"async\" class=\"alignnone size-medium wp-image-8417\" src=\"https:\/\/sare.eus\/wp-content\/uploads\/2025\/09\/Maria-Jauregi-300x300.jpg\" alt=\"\" width=\"300\" height=\"300\" srcset=\"https:\/\/sare.eus\/wp-content\/uploads\/2025\/09\/Maria-Jauregi-300x300.jpg 300w, https:\/\/sare.eus\/wp-content\/uploads\/2025\/09\/Maria-Jauregi-1024x1024.jpg 1024w, https:\/\/sare.eus\/wp-content\/uploads\/2025\/09\/Maria-Jauregi-150x150.jpg 150w, https:\/\/sare.eus\/wp-content\/uploads\/2025\/09\/Maria-Jauregi-768x768.jpg 768w, https:\/\/sare.eus\/wp-content\/uploads\/2025\/09\/Maria-Jauregi-1536x1536.jpg 1536w, https:\/\/sare.eus\/wp-content\/uploads\/2025\/09\/Maria-Jauregi-2048x2048.jpg 2048w, https:\/\/sare.eus\/wp-content\/uploads\/2025\/09\/Maria-Jauregi-1080x1080.jpg 1080w, https:\/\/sare.eus\/wp-content\/uploads\/2025\/09\/Maria-Jauregi-440x440.jpg 440w\" sizes=\"(max-width: 300px) 100vw, 300px\" \/><br \/>\nCuando hablamos de convivencia y paz, no queremos que se quede en un slogan vac\u00edo. Alcanzar tan importantes objetivos, requiere que todos\/as demos pasos en lograr una soluci\u00f3n justa a la situaci\u00f3n de todas las v\u00edctimas de todas las violencias, sin excepciones y junto a ello reivindicar una aplicaci\u00f3n de la normativa judicial y penitenciaria a las presas y presos vascos. Una sociedad en convivencia exige una soluci\u00f3n justa a estas situaciones. De esta forma, sin olvidar lo ocurrido, la sociedad vasca, que ha sufrido la confrontaci\u00f3n violenta y su respuesta, podr\u00e1 avanzar en la reconstrucci\u00f3n de la convivencia.<\/p>\n<p>Conclusiones, lectura del manifiesto.<\/p>\n<hr \/>\n<p>&nbsp;<\/p>\n<p><a href=\"https:\/\/sare.eus\/wp-content\/uploads\/2025\/09\/ENG_draft_DOSSIER_18O-II.KONFERENTZIA_SARE-1.pdf\">\u00bb Download the conference dossier in English<\/a><\/p>\n<p><a href=\"https:\/\/sare.eus\/wp-content\/uploads\/2025\/09\/ENG_draft_DOSSIER_18O-II.KONFERENTZIA_SARE-1.pdf\" target=\"_blank\" rel=\"noopener\"><img loading=\"lazy\" decoding=\"async\" class=\"alignnone wp-image-8451 size-medium\" src=\"https:\/\/sare.eus\/wp-content\/uploads\/2025\/09\/konferentzia-atril-300x100.jpg\" alt=\"\" width=\"300\" height=\"100\" srcset=\"https:\/\/sare.eus\/wp-content\/uploads\/2025\/09\/konferentzia-atril-300x100.jpg 300w, https:\/\/sare.eus\/wp-content\/uploads\/2025\/09\/konferentzia-atril-1024x341.jpg 1024w, https:\/\/sare.eus\/wp-content\/uploads\/2025\/09\/konferentzia-atril-768x256.jpg 768w, https:\/\/sare.eus\/wp-content\/uploads\/2025\/09\/konferentzia-atril-1536x512.jpg 1536w, https:\/\/sare.eus\/wp-content\/uploads\/2025\/09\/konferentzia-atril-2048x683.jpg 2048w, https:\/\/sare.eus\/wp-content\/uploads\/2025\/09\/konferentzia-atril-1080x360.jpg 1080w\" sizes=\"(max-width: 300px) 100vw, 300px\" \/><\/a><\/p>\n<p>&nbsp;<\/p>\n","protected":false},"excerpt":{"rendered":"<p>No se puede alargar m\u00e1s Resoluci\u00f3n \u00b7 Paz \u00b7 Convivencia II. CONFERENCIA SARE HERRITARRA 18 de octubre de 2025 PALACIO EUSKALDUNA | BILBAO 10:00 \u00b7 Bienvenida: Bego Atxa Azurmendi (Portavoz [&hellip;]<\/p>\n","protected":false},"author":2,"featured_media":8375,"comment_status":"closed","ping_status":"closed","sticky":false,"template":"","format":"standard","meta":{"_acf_changed":false,"_et_pb_use_builder":"","_et_pb_old_content":"","_et_gb_content_width":"","footnotes":""},"categories":[60],"tags":[],"class_list":["post-8448","post","type-post","status-publish","format-standard","has-post-thumbnail","hentry","category-etxera-es","et-has-post-format-content","et_post_format-et-post-format-standard"],"acf":[],"yoast_head":"<!-- This site is optimized with the Yoast SEO plugin v26.4 - https:\/\/yoast.com\/wordpress\/plugins\/seo\/ -->\n<title>II. CONFERENCIA - Sare Herritarra<\/title>\n<meta name=\"robots\" content=\"index, follow, max-snippet:-1, max-image-preview:large, max-video-preview:-1\" \/>\n<link rel=\"canonical\" href=\"https:\/\/sare.eus\/es\/ii-conferencia\/\" \/>\n<meta property=\"og:locale\" content=\"es_ES\" \/>\n<meta property=\"og:type\" content=\"article\" \/>\n<meta property=\"og:title\" content=\"II. CONFERENCIA - Sare Herritarra\" \/>\n<meta property=\"og:description\" content=\"No se puede alargar m\u00e1s Resoluci\u00f3n \u00b7 Paz \u00b7 Convivencia II. CONFERENCIA SARE HERRITARRA 18 de octubre de 2025 PALACIO EUSKALDUNA | BILBAO 10:00 \u00b7 Bienvenida: Bego Atxa Azurmendi (Portavoz [&hellip;]\" \/>\n<meta property=\"og:url\" content=\"https:\/\/sare.eus\/es\/ii-conferencia\/\" \/>\n<meta property=\"og:site_name\" content=\"Sare Herritarra\" \/>\n<meta property=\"article:published_time\" content=\"2025-09-23T07:39:59+00:00\" \/>\n<meta property=\"article:modified_time\" content=\"2025-10-06T10:05:17+00:00\" \/>\n<meta property=\"og:image\" content=\"https:\/\/sare.eus\/wp-content\/uploads\/2025\/09\/web-konferentzia-dok.jpg\" \/>\n\t<meta property=\"og:image:width\" content=\"1366\" \/>\n\t<meta property=\"og:image:height\" content=\"768\" \/>\n\t<meta property=\"og:image:type\" content=\"image\/jpeg\" \/>\n<meta name=\"author\" content=\"sare\" \/>\n<meta name=\"twitter:card\" content=\"summary_large_image\" \/>\n<meta name=\"twitter:label1\" content=\"Escrito por\" \/>\n\t<meta name=\"twitter:data1\" content=\"sare\" \/>\n\t<meta name=\"twitter:label2\" content=\"Tiempo de lectura\" \/>\n\t<meta name=\"twitter:data2\" content=\"9 minutos\" \/>\n<script type=\"application\/ld+json\" class=\"yoast-schema-graph\">{\"@context\":\"https:\/\/schema.org\",\"@graph\":[{\"@type\":\"Article\",\"@id\":\"https:\/\/sare.eus\/es\/ii-conferencia\/#article\",\"isPartOf\":{\"@id\":\"https:\/\/sare.eus\/es\/ii-conferencia\/\"},\"author\":{\"name\":\"sare\",\"@id\":\"https:\/\/sare.eus\/#\/schema\/person\/2fe6d0df294f56313d3ab236dbe38e17\"},\"headline\":\"II. CONFERENCIA\",\"datePublished\":\"2025-09-23T07:39:59+00:00\",\"dateModified\":\"2025-10-06T10:05:17+00:00\",\"mainEntityOfPage\":{\"@id\":\"https:\/\/sare.eus\/es\/ii-conferencia\/\"},\"wordCount\":1055,\"publisher\":{\"@id\":\"https:\/\/sare.eus\/#organization\"},\"image\":{\"@id\":\"https:\/\/sare.eus\/es\/ii-conferencia\/#primaryimage\"},\"thumbnailUrl\":\"https:\/\/sare.eus\/wp-content\/uploads\/2025\/09\/web-konferentzia-dok.jpg\",\"articleSection\":[\"Etxera\"],\"inLanguage\":\"es\"},{\"@type\":\"WebPage\",\"@id\":\"https:\/\/sare.eus\/es\/ii-conferencia\/\",\"url\":\"https:\/\/sare.eus\/es\/ii-conferencia\/\",\"name\":\"II. CONFERENCIA - Sare Herritarra\",\"isPartOf\":{\"@id\":\"https:\/\/sare.eus\/#website\"},\"primaryImageOfPage\":{\"@id\":\"https:\/\/sare.eus\/es\/ii-conferencia\/#primaryimage\"},\"image\":{\"@id\":\"https:\/\/sare.eus\/es\/ii-conferencia\/#primaryimage\"},\"thumbnailUrl\":\"https:\/\/sare.eus\/wp-content\/uploads\/2025\/09\/web-konferentzia-dok.jpg\",\"datePublished\":\"2025-09-23T07:39:59+00:00\",\"dateModified\":\"2025-10-06T10:05:17+00:00\",\"breadcrumb\":{\"@id\":\"https:\/\/sare.eus\/es\/ii-conferencia\/#breadcrumb\"},\"inLanguage\":\"es\",\"potentialAction\":[{\"@type\":\"ReadAction\",\"target\":[\"https:\/\/sare.eus\/es\/ii-conferencia\/\"]}]},{\"@type\":\"ImageObject\",\"inLanguage\":\"es\",\"@id\":\"https:\/\/sare.eus\/es\/ii-conferencia\/#primaryimage\",\"url\":\"https:\/\/sare.eus\/wp-content\/uploads\/2025\/09\/web-konferentzia-dok.jpg\",\"contentUrl\":\"https:\/\/sare.eus\/wp-content\/uploads\/2025\/09\/web-konferentzia-dok.jpg\",\"width\":1366,\"height\":768},{\"@type\":\"BreadcrumbList\",\"@id\":\"https:\/\/sare.eus\/es\/ii-conferencia\/#breadcrumb\",\"itemListElement\":[{\"@type\":\"ListItem\",\"position\":1,\"name\":\"Home\",\"item\":\"https:\/\/sare.eus\/\"},{\"@type\":\"ListItem\",\"position\":2,\"name\":\"II. CONFERENCIA\"}]},{\"@type\":\"WebSite\",\"@id\":\"https:\/\/sare.eus\/#website\",\"url\":\"https:\/\/sare.eus\/\",\"name\":\"Sare Herritarra\",\"description\":\"KONPONBIDEAREN ETA GIZA ESKUBIDEEN ALDEKO SARE HERRITARRA\",\"publisher\":{\"@id\":\"https:\/\/sare.eus\/#organization\"},\"potentialAction\":[{\"@type\":\"SearchAction\",\"target\":{\"@type\":\"EntryPoint\",\"urlTemplate\":\"https:\/\/sare.eus\/?s={search_term_string}\"},\"query-input\":{\"@type\":\"PropertyValueSpecification\",\"valueRequired\":true,\"valueName\":\"search_term_string\"}}],\"inLanguage\":\"es\"},{\"@type\":\"Organization\",\"@id\":\"https:\/\/sare.eus\/#organization\",\"name\":\"Sare Herritarra\",\"url\":\"https:\/\/sare.eus\/\",\"logo\":{\"@type\":\"ImageObject\",\"inLanguage\":\"es\",\"@id\":\"https:\/\/sare.eus\/#\/schema\/logo\/image\/\",\"url\":\"https:\/\/sare.eus\/wp-content\/uploads\/2021\/08\/sare.png\",\"contentUrl\":\"https:\/\/sare.eus\/wp-content\/uploads\/2021\/08\/sare.png\",\"width\":120,\"height\":142,\"caption\":\"Sare Herritarra\"},\"image\":{\"@id\":\"https:\/\/sare.eus\/#\/schema\/logo\/image\/\"}},{\"@type\":\"Person\",\"@id\":\"https:\/\/sare.eus\/#\/schema\/person\/2fe6d0df294f56313d3ab236dbe38e17\",\"name\":\"sare\",\"image\":{\"@type\":\"ImageObject\",\"inLanguage\":\"es\",\"@id\":\"https:\/\/sare.eus\/#\/schema\/person\/image\/\",\"url\":\"https:\/\/secure.gravatar.com\/avatar\/77cad838677ceb1977e7b3c878b55eaa7fa4aae2158983063b047c3ad7ef2c25?s=96&d=mm&r=g\",\"contentUrl\":\"https:\/\/secure.gravatar.com\/avatar\/77cad838677ceb1977e7b3c878b55eaa7fa4aae2158983063b047c3ad7ef2c25?s=96&d=mm&r=g\",\"caption\":\"sare\"},\"url\":\"https:\/\/sare.eus\/es\/author\/sare\/\"}]}<\/script>\n<!-- \/ Yoast SEO plugin. -->","yoast_head_json":{"title":"II. CONFERENCIA - Sare Herritarra","robots":{"index":"index","follow":"follow","max-snippet":"max-snippet:-1","max-image-preview":"max-image-preview:large","max-video-preview":"max-video-preview:-1"},"canonical":"https:\/\/sare.eus\/es\/ii-conferencia\/","og_locale":"es_ES","og_type":"article","og_title":"II. CONFERENCIA - Sare Herritarra","og_description":"No se puede alargar m\u00e1s Resoluci\u00f3n \u00b7 Paz \u00b7 Convivencia II. CONFERENCIA SARE HERRITARRA 18 de octubre de 2025 PALACIO EUSKALDUNA | BILBAO 10:00 \u00b7 Bienvenida: Bego Atxa Azurmendi (Portavoz [&hellip;]","og_url":"https:\/\/sare.eus\/es\/ii-conferencia\/","og_site_name":"Sare Herritarra","article_published_time":"2025-09-23T07:39:59+00:00","article_modified_time":"2025-10-06T10:05:17+00:00","og_image":[{"width":1366,"height":768,"url":"https:\/\/sare.eus\/wp-content\/uploads\/2025\/09\/web-konferentzia-dok.jpg","type":"image\/jpeg"}],"author":"sare","twitter_card":"summary_large_image","twitter_misc":{"Escrito por":"sare","Tiempo de lectura":"9 minutos"},"schema":{"@context":"https:\/\/schema.org","@graph":[{"@type":"Article","@id":"https:\/\/sare.eus\/es\/ii-conferencia\/#article","isPartOf":{"@id":"https:\/\/sare.eus\/es\/ii-conferencia\/"},"author":{"name":"sare","@id":"https:\/\/sare.eus\/#\/schema\/person\/2fe6d0df294f56313d3ab236dbe38e17"},"headline":"II. CONFERENCIA","datePublished":"2025-09-23T07:39:59+00:00","dateModified":"2025-10-06T10:05:17+00:00","mainEntityOfPage":{"@id":"https:\/\/sare.eus\/es\/ii-conferencia\/"},"wordCount":1055,"publisher":{"@id":"https:\/\/sare.eus\/#organization"},"image":{"@id":"https:\/\/sare.eus\/es\/ii-conferencia\/#primaryimage"},"thumbnailUrl":"https:\/\/sare.eus\/wp-content\/uploads\/2025\/09\/web-konferentzia-dok.jpg","articleSection":["Etxera"],"inLanguage":"es"},{"@type":"WebPage","@id":"https:\/\/sare.eus\/es\/ii-conferencia\/","url":"https:\/\/sare.eus\/es\/ii-conferencia\/","name":"II. CONFERENCIA - Sare Herritarra","isPartOf":{"@id":"https:\/\/sare.eus\/#website"},"primaryImageOfPage":{"@id":"https:\/\/sare.eus\/es\/ii-conferencia\/#primaryimage"},"image":{"@id":"https:\/\/sare.eus\/es\/ii-conferencia\/#primaryimage"},"thumbnailUrl":"https:\/\/sare.eus\/wp-content\/uploads\/2025\/09\/web-konferentzia-dok.jpg","datePublished":"2025-09-23T07:39:59+00:00","dateModified":"2025-10-06T10:05:17+00:00","breadcrumb":{"@id":"https:\/\/sare.eus\/es\/ii-conferencia\/#breadcrumb"},"inLanguage":"es","potentialAction":[{"@type":"ReadAction","target":["https:\/\/sare.eus\/es\/ii-conferencia\/"]}]},{"@type":"ImageObject","inLanguage":"es","@id":"https:\/\/sare.eus\/es\/ii-conferencia\/#primaryimage","url":"https:\/\/sare.eus\/wp-content\/uploads\/2025\/09\/web-konferentzia-dok.jpg","contentUrl":"https:\/\/sare.eus\/wp-content\/uploads\/2025\/09\/web-konferentzia-dok.jpg","width":1366,"height":768},{"@type":"BreadcrumbList","@id":"https:\/\/sare.eus\/es\/ii-conferencia\/#breadcrumb","itemListElement":[{"@type":"ListItem","position":1,"name":"Home","item":"https:\/\/sare.eus\/"},{"@type":"ListItem","position":2,"name":"II. CONFERENCIA"}]},{"@type":"WebSite","@id":"https:\/\/sare.eus\/#website","url":"https:\/\/sare.eus\/","name":"Sare Herritarra","description":"KONPONBIDEAREN ETA GIZA ESKUBIDEEN ALDEKO SARE HERRITARRA","publisher":{"@id":"https:\/\/sare.eus\/#organization"},"potentialAction":[{"@type":"SearchAction","target":{"@type":"EntryPoint","urlTemplate":"https:\/\/sare.eus\/?s={search_term_string}"},"query-input":{"@type":"PropertyValueSpecification","valueRequired":true,"valueName":"search_term_string"}}],"inLanguage":"es"},{"@type":"Organization","@id":"https:\/\/sare.eus\/#organization","name":"Sare Herritarra","url":"https:\/\/sare.eus\/","logo":{"@type":"ImageObject","inLanguage":"es","@id":"https:\/\/sare.eus\/#\/schema\/logo\/image\/","url":"https:\/\/sare.eus\/wp-content\/uploads\/2021\/08\/sare.png","contentUrl":"https:\/\/sare.eus\/wp-content\/uploads\/2021\/08\/sare.png","width":120,"height":142,"caption":"Sare Herritarra"},"image":{"@id":"https:\/\/sare.eus\/#\/schema\/logo\/image\/"}},{"@type":"Person","@id":"https:\/\/sare.eus\/#\/schema\/person\/2fe6d0df294f56313d3ab236dbe38e17","name":"sare","image":{"@type":"ImageObject","inLanguage":"es","@id":"https:\/\/sare.eus\/#\/schema\/person\/image\/","url":"https:\/\/secure.gravatar.com\/avatar\/77cad838677ceb1977e7b3c878b55eaa7fa4aae2158983063b047c3ad7ef2c25?s=96&d=mm&r=g","contentUrl":"https:\/\/secure.gravatar.com\/avatar\/77cad838677ceb1977e7b3c878b55eaa7fa4aae2158983063b047c3ad7ef2c25?s=96&d=mm&r=g","caption":"sare"},"url":"https:\/\/sare.eus\/es\/author\/sare\/"}]}},"_links":{"self":[{"href":"https:\/\/sare.eus\/es\/wp-json\/wp\/v2\/posts\/8448","targetHints":{"allow":["GET"]}}],"collection":[{"href":"https:\/\/sare.eus\/es\/wp-json\/wp\/v2\/posts"}],"about":[{"href":"https:\/\/sare.eus\/es\/wp-json\/wp\/v2\/types\/post"}],"author":[{"embeddable":true,"href":"https:\/\/sare.eus\/es\/wp-json\/wp\/v2\/users\/2"}],"replies":[{"embeddable":true,"href":"https:\/\/sare.eus\/es\/wp-json\/wp\/v2\/comments?post=8448"}],"version-history":[{"count":7,"href":"https:\/\/sare.eus\/es\/wp-json\/wp\/v2\/posts\/8448\/revisions"}],"predecessor-version":[{"id":8472,"href":"https:\/\/sare.eus\/es\/wp-json\/wp\/v2\/posts\/8448\/revisions\/8472"}],"wp:featuredmedia":[{"embeddable":true,"href":"https:\/\/sare.eus\/es\/wp-json\/wp\/v2\/media\/8375"}],"wp:attachment":[{"href":"https:\/\/sare.eus\/es\/wp-json\/wp\/v2\/media?parent=8448"}],"wp:term":[{"taxonomy":"category","embeddable":true,"href":"https:\/\/sare.eus\/es\/wp-json\/wp\/v2\/categories?post=8448"},{"taxonomy":"post_tag","embeddable":true,"href":"https:\/\/sare.eus\/es\/wp-json\/wp\/v2\/tags?post=8448"}],"curies":[{"name":"wp","href":"https:\/\/api.w.org\/{rel}","templated":true}]}}