{"id":8371,"date":"2025-09-15T10:29:47","date_gmt":"2025-09-15T09:29:47","guid":{"rendered":"https:\/\/sare.eus\/?p=8371"},"modified":"2025-10-01T21:16:33","modified_gmt":"2025-10-01T20:16:33","slug":"2-conferencia_sare","status":"publish","type":"post","link":"https:\/\/sare.eus\/es\/2-conferencia_sare\/","title":{"rendered":"SARE presenta su II. Conferencia que se celebrara el 18 de octubre en el Palacio Euskalduna de Bilbao"},"content":{"rendered":"<blockquote>\n<h2><em>Resoluci\u00f3n, Paz y Convivencia. En este orden es posible alcanzar los objetivos que creemos una parte importante de la sociedad vasca, anhela.\u00a0<\/em><\/h2>\n<\/blockquote>\n<p>&nbsp;<\/p>\n<p><iframe loading=\"lazy\" title=\"YouTube video player\" src=\"https:\/\/www.youtube.com\/embed\/4OTF4TWFR4Y?si=6dMrmUmVMsYRIX2c\" width=\"560\" height=\"315\" frameborder=\"0\" allowfullscreen=\"allowfullscreen\"><\/iframe><\/p>\n<h4><strong>&#x1f4cb; Dosier de la conferencia: <a href=\"https:\/\/sare.eus\/es\/ii-conferencia\" target=\"_blank\" rel=\"noopener\">https:\/\/sare.eus\/es\/ii-conferencia\u00a0<\/a><\/strong><\/h4>\n<h4><strong>&#x1f39f; Entrada con invitaci\u00f3n, consigue la tuya en esta enlace: <a href=\"https:\/\/labur.eus\/II_Konferentzia\" target=\"_blank\" rel=\"noopener\">https:\/\/labur.eus\/II_Konferentzia<\/a><\/strong><\/h4>\n<hr \/>\n<h2><strong>Resoluci\u00f3n\u00a0<\/strong><\/h2>\n<p>Estamos construyendo la paz. A un ritmo mucho m\u00e1s lento que si hubi\u00e9ramos transitado por un verdadero proceso de paz, que deber\u00eda haberse iniciado tras la decisi\u00f3n de ETA de poner fin a su actividad y dejar de ser operativa hace 15 a\u00f1os.<\/p>\n<p>Ninguna medida que se adopte para avanzar en esta direcci\u00f3n generar\u00eda alarma social. Un proceso de paz acordado por los agentes sociales y pol\u00edticos deber\u00eda haber sido el modelo a seguir. No es otro el proceso desarrollado en otros pa\u00edses donde ha existido una confrontaci\u00f3n violenta de base pol\u00edtica, en marcos pol\u00edticos caracterizados como dictaduras, s\u00ed, pero tambi\u00e9n en estados homologados como estados democr\u00e1ticos, en la \u00faltima d\u00e9cada del siglo XX.<\/p>\n<p>Alcanzar este objetivo nos exige, entre otras cuestiones, encontrar una soluci\u00f3n justa, a trav\u00e9s de una pol\u00edtica penitenciaria de car\u00e1cter ordinario, para los 126 presos\/as, 110 hombres y 16 mujeres, que a\u00fan se mantienen en prisi\u00f3n: 123 en c\u00e1rceles de EH y 3 en c\u00e1rceles francesas.<\/p>\n<p>Presos que, en una gran parte de ellos, llevan m\u00e1s de 20 a\u00f1os de condena cumplida, siendo varios los que han superado los 30 a\u00f1os. De estos presos\/as, 65 a\u00fan se mantienen en 2G, siendo 42 los que se encuentran en 3G.<\/p>\n<p>De estos 65, hay 35 que, por haber cumplido la pena que la ley exige, podr\u00edan cumplir sus condenas en r\u00e9gimen abierto, a los cuales se les a\u00f1adir\u00edan otros 11, hasta un total de 46 que se encontrar\u00edan en la misma situaci\u00f3n si se les hubieran computado la condena cumplida en el Estado franc\u00e9s y muchos de ellos, por superar las 3\/4 partes de cumplimiento de la condena, podr\u00edan encontrarse en libertad condicional. Sin embargo, algunos de ellos, ni siquiera han accedido a las formas m\u00e1s simples de retomar contacto con el exterior (salidas programadas, permisos, etc.).<\/p>\n<p>Las penas privativas de libertad en los estados democr\u00e1ticos se dirigen a la reintegraci\u00f3n de las personas condenadas, muy lejos de la ley del tali\u00f3n y de venganza institucional. El Derecho Penal es un instrumento dirigido a garantizar la paz social. Y el Derecho Penitenciario, las normas que se\u00f1alan como deben ejecutarse las penas, se rige por el criterio de que las personas presas son titulares de derechos que no pueden relativizarse.<\/p>\n<p>Entre estos derechos se encuentra el de buscar su vuelta a la sociedad en los t\u00e9rminos que se\u00f1ala como debe la ley. En un contexto de violencia acabada, de compromiso de no reiteraci\u00f3n y de reconocimiento del da\u00f1o causado, este derecho debe respetarse y apoyarse de manera decidida.<\/p>\n<p>Se deben hacer compatibles una pol\u00edtica penitenciaria de car\u00e1cter humanista con la necesaria solidaridad con el sufrimiento de todas las v\u00edctimas de todas las violencias, procurando a todas ellas un tratamiento igual, que evite un trato discriminatorio por parte de los poderes del Estado. Todas las v\u00edctimas tienen el derecho de reclamar y exigir memoria, verdad, reconocimiento y reparaci\u00f3n.<\/p>\n<p>Pedir la aplicaci\u00f3n de la legislaci\u00f3n penitenciaria ordinaria no implica. Un menoscabo de la dignidad de las v\u00edctimas. La reintegraci\u00f3n social de personas presas es bandera de todo Estado de derecho. Pedir la pronta excarcelaci\u00f3n de estas personas, siendo innegable que su proceso de reintegraci\u00f3n social ser\u00e1 sencillo y no se ver\u00e1 acompa\u00f1ado de comportamientos que lesionen la sensibilidad de las v\u00edctimas, es importante.<\/p>\n<p>Como sociedad, debemos, tambi\u00e9n, poner el foco en las otras v\u00edctimas. Adem\u00e1s de la violencia de ETA, hemos conocido violencias cuyos protagonistas no han sido ciudadanos particulares sino el propio Estado, actuando en ocasiones haciendo un uso desproporcionado de la ley y, en otras, simplemente, de manera absolutamente ilegal.<\/p>\n<p>Todos estos derechos, una pol\u00edtica penitenciaria sin excepciones y un trato digno a todas las v\u00edctimas se complementan entre s\u00ed en las sociedades abiertas regidas por los principios del Estado de Derecho.<\/p>\n<p>Dentro de este \u00e1mbito de la Resoluci\u00f3n, nos trasladar\u00e1n sus reflexiones, personas de reconocido prestigio y que han trabajado en sus pa\u00edses en la resoluci\u00f3n de las consecuencias de la violencia.<\/p>\n<p><strong>Michael Culbert.<\/strong> Perteneciente al IRA y preso durante varios a\u00f1os. Actualmente es Dto. de una Organizaci\u00f3n que agrupa a unos 25.000 ex presos republicanos que ofrece ayuda y promueve la reconciliaci\u00f3n.<\/p>\n<p><strong>Roelf Meyer.<\/strong> Fue el primer ministro blanco del Gobierno de Nelson Mandela y uno de los art\u00edfices del fin del apartheid en su pa\u00eds.<\/p>\n<h2><strong>Paz<\/strong><\/h2>\n<p>El an\u00e1lisis y el tratamiento de las consecuencias de las violencias es relevante para forjar la paz y afianzarla. La paz en Euskal Herria , sin embargo, va m\u00e1s all\u00e1 de la problem\u00e1tica de presos y v\u00edctimas, aunque esta sea la tem\u00e1tica que se abordar\u00e1 en estas jornadas. La tem\u00e1tica general de las secuelas de las violencias exige, tras el final de la violencia de ETA, culminar con la desaparici\u00f3n de las excepcionalidades (legislativas, judiciales, penitenciarias) del propio Estado de Derecho, pero tambi\u00e9n un salto de profundizaci\u00f3n democr\u00e1tica.<\/p>\n<p>Y una profundizaci\u00f3n en todo ello nos exige abordar, sin l\u00edmites, todas las vulneraciones de derechos que se han producido en nuestro pa\u00eds. Por supuesto, las que la pr\u00e1ctica de la violencia de ETA ha generado, pero tambi\u00e9n las que la respuesta del Estado ha producido.<\/p>\n<p>Tambi\u00e9n de esas violaciones trataremos en estas jornadas. No se trata de evitar responsabilidades propias poniendo el foco en las de otros. Pero abordar el problema del dolor, de las violencias, de sus consecuencias sin negar la realidad que, oculta, es perfectamente conocida, nos ayudar\u00e1. Por ejemplo, sin negar la pr\u00e1ctica de la tortura en centros de detenci\u00f3n, que ha sido pr\u00e1ctica habitual durante muchos a\u00f1os.<\/p>\n<p>Para reflexionar sobre ello, contaremos con:<\/p>\n<p><strong>Olatz Iglesias.<\/strong> Hija de presos y que en su momento form\u00f3 parte del grupo que se denomin\u00f3 como \u201cNi\u00f1os de la mochila\u201d.<\/p>\n<p><strong>Carlos Martin Beristain.<\/strong> M\u00e9dico y doctor en psicolog\u00eda, que ha trabajado intensamente en muchos pa\u00edses, fundamentalmente, en Americana Latina, sobre el tratamiento a las personas v\u00edctimas de violaciones de DDHH.<\/p>\n<p><strong>Paco Etxeberria.<\/strong> Antrop\u00f3logo forense vasco y que, a trav\u00e9s de la Sociedad Aranzadi, ha trabajado y contin\u00faa trabajando en la recuperaci\u00f3n de cuerpos de personas, v\u00edctimas de la dictadura.<\/p>\n<h2><strong>Convivencia<\/strong><\/h2>\n<p>Y hablaremos tambi\u00e9n de convivencia.<br \/>\nDe una convivencia sin odios ni revanchas que nos exigir\u00e1 a todos entender que nuestro Pa\u00eds lo conforman y construyen todas las sensibilidades. Tendr\u00edamos que tener en cuenta Memorias y Relatos en plural. Nos falta esto, para intentar acercarnos a miradas comunes sobre el pasado y poder tejer algo muy importante, unos puntos comunes.<\/p>\n<p>Una normalidad restablecida y el reconocimiento del da\u00f1o bastar\u00eda para empezar a construir una memoria compartida, que ser\u00eda la base para la convivencia. Se habla con frecuencia del perd\u00f3n, de la necesidad de pedir perd\u00f3n, de la autocr\u00edtica por lo ocurrido, por lo que cada cual hizo en el pasado, pero quiz\u00e1s deber\u00edamos comenzar por la aceptaci\u00f3n acr\u00edtica de que esos hechos generaron dolor y por la asunci\u00f3n de la responsabilidad que a cada cual compete. En este sentido, es innegable que actores de violencia relacionada con el conflicto de las \u00faltimas d\u00e9cadas, tanto personales como institucionales, cada uno al ritmo que considera adecuado o en funci\u00f3n de circunstancias de todo orden, van avanzando en esta direcci\u00f3n. Solo desde el reconocimiento se podr\u00e1 avanzar, aumentar la confianza, generar empat\u00eda\u2026<\/p>\n<p>Las varas de medir las distintas violencias y sus consecuencias deben ser iguales. El trato que se d\u00e9 a las personas que han sufrido y sufren como consecuencia deben todo lo ocurrido en las \u00faltimas d\u00e9cadas debe ser iguales, en el plano del reconocimiento -de la aceptaci\u00f3n de que ocurri\u00f3- y en el plano de la restauraci\u00f3n.<\/p>\n<p>Desde SARE, consideramos que respeto, reparaci\u00f3n, reconocer el da\u00f1o producido, cambiar valores y actitudes sociales, son los elementos clave en la buena direcci\u00f3n del futuro.\u00a0 Necesitamos verdad, justicia igual para todos y todas y decisiones pol\u00edticas y resoluciones judiciales en claves restaurativa y de convivencia.<\/p>\n<p>Este tema ser\u00e1 abordado por <strong>Maria Jauregi<\/strong> (v\u00edctima de ETA) y <strong>Joseba Azkarraga<\/strong> (portavoz de SARE), a trav\u00e9s de una lectura de un documento compartido. De esta forma estas jornadas quedar\u00e1n clausuradas.<\/p>\n<p>&nbsp;<\/p>\n<hr \/>\n<h2>PROGRAMACI\u00d3N Y HORARIOS<\/h2>\n<p><img loading=\"lazy\" decoding=\"async\" class=\"alignnone wp-image-8372 size-large\" src=\"https:\/\/sare.eus\/wp-content\/uploads\/2025\/09\/WEB_2025.10.18_II-Konferentzia-_Sare-2-723x1024.jpg\" alt=\"\" width=\"723\" height=\"1024\" srcset=\"https:\/\/sare.eus\/wp-content\/uploads\/2025\/09\/WEB_2025.10.18_II-Konferentzia-_Sare-2-723x1024.jpg 723w, https:\/\/sare.eus\/wp-content\/uploads\/2025\/09\/WEB_2025.10.18_II-Konferentzia-_Sare-2-212x300.jpg 212w, https:\/\/sare.eus\/wp-content\/uploads\/2025\/09\/WEB_2025.10.18_II-Konferentzia-_Sare-2-768x1088.jpg 768w, https:\/\/sare.eus\/wp-content\/uploads\/2025\/09\/WEB_2025.10.18_II-Konferentzia-_Sare-2-1084x1536.jpg 1084w, https:\/\/sare.eus\/wp-content\/uploads\/2025\/09\/WEB_2025.10.18_II-Konferentzia-_Sare-2-1446x2048.jpg 1446w, https:\/\/sare.eus\/wp-content\/uploads\/2025\/09\/WEB_2025.10.18_II-Konferentzia-_Sare-2-1080x1530.jpg 1080w, https:\/\/sare.eus\/wp-content\/uploads\/2025\/09\/WEB_2025.10.18_II-Konferentzia-_Sare-2-scaled.jpg 1807w\" sizes=\"(max-width: 723px) 100vw, 723px\" \/><\/p>\n<p>&nbsp;<\/p>\n","protected":false},"excerpt":{"rendered":"<p>Resoluci\u00f3n, Paz y Convivencia. En este orden es posible alcanzar los objetivos que creemos una parte importante de la sociedad vasca, anhela.\u00a0 &nbsp; &#x1f4cb; Dosier de la conferencia: https:\/\/sare.eus\/es\/ii-conferencia\u00a0 &#x1f39f; [&hellip;]<\/p>\n","protected":false},"author":2,"featured_media":8387,"comment_status":"closed","ping_status":"closed","sticky":false,"template":"","format":"standard","meta":{"_acf_changed":false,"_et_pb_use_builder":"","_et_pb_old_content":"","_et_gb_content_width":"","footnotes":""},"categories":[60],"tags":[],"class_list":["post-8371","post","type-post","status-publish","format-standard","has-post-thumbnail","hentry","category-etxera-es","et-has-post-format-content","et_post_format-et-post-format-standard"],"acf":[],"yoast_head":"<!-- This site is optimized with the Yoast SEO plugin v26.4 - https:\/\/yoast.com\/wordpress\/plugins\/seo\/ -->\n<title>SARE presenta su II. Conferencia que se celebrara el 18 de octubre en el Palacio Euskalduna de Bilbao - Sare Herritarra<\/title>\n<meta name=\"robots\" content=\"index, follow, max-snippet:-1, max-image-preview:large, max-video-preview:-1\" \/>\n<link rel=\"canonical\" href=\"https:\/\/sare.eus\/es\/2-conferencia_sare\/\" \/>\n<meta property=\"og:locale\" content=\"es_ES\" \/>\n<meta property=\"og:type\" content=\"article\" \/>\n<meta property=\"og:title\" content=\"SARE presenta su II. Conferencia que se celebrara el 18 de octubre en el Palacio Euskalduna de Bilbao - Sare Herritarra\" \/>\n<meta property=\"og:description\" content=\"Resoluci\u00f3n, Paz y Convivencia. En este orden es posible alcanzar los objetivos que creemos una parte importante de la sociedad vasca, anhela.\u00a0 &nbsp; &#x1f4cb; Dosier de la conferencia: https:\/\/sare.eus\/es\/ii-conferencia\u00a0 &#x1f39f; [&hellip;]\" \/>\n<meta property=\"og:url\" content=\"https:\/\/sare.eus\/es\/2-conferencia_sare\/\" \/>\n<meta property=\"og:site_name\" content=\"Sare Herritarra\" \/>\n<meta property=\"article:published_time\" content=\"2025-09-15T09:29:47+00:00\" \/>\n<meta property=\"article:modified_time\" content=\"2025-10-01T20:16:33+00:00\" \/>\n<meta property=\"og:image\" content=\"https:\/\/sare.eus\/wp-content\/uploads\/2025\/09\/Imagen-de-WhatsApp-2025-09-15-a-las-11.27.40_78c5c4e9.jpg\" \/>\n\t<meta property=\"og:image:width\" content=\"1823\" \/>\n\t<meta property=\"og:image:height\" content=\"1152\" \/>\n\t<meta property=\"og:image:type\" content=\"image\/jpeg\" \/>\n<meta name=\"author\" content=\"sare\" \/>\n<meta name=\"twitter:card\" content=\"summary_large_image\" \/>\n<meta name=\"twitter:label1\" content=\"Escrito por\" \/>\n\t<meta name=\"twitter:data1\" content=\"sare\" \/>\n\t<meta name=\"twitter:label2\" content=\"Tiempo de lectura\" \/>\n\t<meta name=\"twitter:data2\" content=\"8 minutos\" \/>\n<script type=\"application\/ld+json\" class=\"yoast-schema-graph\">{\"@context\":\"https:\/\/schema.org\",\"@graph\":[{\"@type\":\"Article\",\"@id\":\"https:\/\/sare.eus\/es\/2-conferencia_sare\/#article\",\"isPartOf\":{\"@id\":\"https:\/\/sare.eus\/es\/2-conferencia_sare\/\"},\"author\":{\"name\":\"sare\",\"@id\":\"https:\/\/sare.eus\/#\/schema\/person\/2fe6d0df294f56313d3ab236dbe38e17\"},\"headline\":\"SARE presenta su II. Conferencia que se celebrara el 18 de octubre en el Palacio Euskalduna de Bilbao\",\"datePublished\":\"2025-09-15T09:29:47+00:00\",\"dateModified\":\"2025-10-01T20:16:33+00:00\",\"mainEntityOfPage\":{\"@id\":\"https:\/\/sare.eus\/es\/2-conferencia_sare\/\"},\"wordCount\":1515,\"publisher\":{\"@id\":\"https:\/\/sare.eus\/#organization\"},\"image\":{\"@id\":\"https:\/\/sare.eus\/es\/2-conferencia_sare\/#primaryimage\"},\"thumbnailUrl\":\"https:\/\/sare.eus\/wp-content\/uploads\/2025\/09\/Imagen-de-WhatsApp-2025-09-15-a-las-11.27.40_78c5c4e9.jpg\",\"articleSection\":[\"Etxera\"],\"inLanguage\":\"es\"},{\"@type\":\"WebPage\",\"@id\":\"https:\/\/sare.eus\/es\/2-conferencia_sare\/\",\"url\":\"https:\/\/sare.eus\/es\/2-conferencia_sare\/\",\"name\":\"SARE presenta su II. Conferencia que se celebrara el 18 de octubre en el Palacio Euskalduna de Bilbao - Sare Herritarra\",\"isPartOf\":{\"@id\":\"https:\/\/sare.eus\/#website\"},\"primaryImageOfPage\":{\"@id\":\"https:\/\/sare.eus\/es\/2-conferencia_sare\/#primaryimage\"},\"image\":{\"@id\":\"https:\/\/sare.eus\/es\/2-conferencia_sare\/#primaryimage\"},\"thumbnailUrl\":\"https:\/\/sare.eus\/wp-content\/uploads\/2025\/09\/Imagen-de-WhatsApp-2025-09-15-a-las-11.27.40_78c5c4e9.jpg\",\"datePublished\":\"2025-09-15T09:29:47+00:00\",\"dateModified\":\"2025-10-01T20:16:33+00:00\",\"breadcrumb\":{\"@id\":\"https:\/\/sare.eus\/es\/2-conferencia_sare\/#breadcrumb\"},\"inLanguage\":\"es\",\"potentialAction\":[{\"@type\":\"ReadAction\",\"target\":[\"https:\/\/sare.eus\/es\/2-conferencia_sare\/\"]}]},{\"@type\":\"ImageObject\",\"inLanguage\":\"es\",\"@id\":\"https:\/\/sare.eus\/es\/2-conferencia_sare\/#primaryimage\",\"url\":\"https:\/\/sare.eus\/wp-content\/uploads\/2025\/09\/Imagen-de-WhatsApp-2025-09-15-a-las-11.27.40_78c5c4e9.jpg\",\"contentUrl\":\"https:\/\/sare.eus\/wp-content\/uploads\/2025\/09\/Imagen-de-WhatsApp-2025-09-15-a-las-11.27.40_78c5c4e9.jpg\",\"width\":1823,\"height\":1152},{\"@type\":\"BreadcrumbList\",\"@id\":\"https:\/\/sare.eus\/es\/2-conferencia_sare\/#breadcrumb\",\"itemListElement\":[{\"@type\":\"ListItem\",\"position\":1,\"name\":\"Home\",\"item\":\"https:\/\/sare.eus\/\"},{\"@type\":\"ListItem\",\"position\":2,\"name\":\"SARE presenta su II. Conferencia que se celebrara el 18 de octubre en el Palacio Euskalduna de Bilbao\"}]},{\"@type\":\"WebSite\",\"@id\":\"https:\/\/sare.eus\/#website\",\"url\":\"https:\/\/sare.eus\/\",\"name\":\"Sare Herritarra\",\"description\":\"KONPONBIDEAREN ETA GIZA ESKUBIDEEN ALDEKO SARE HERRITARRA\",\"publisher\":{\"@id\":\"https:\/\/sare.eus\/#organization\"},\"potentialAction\":[{\"@type\":\"SearchAction\",\"target\":{\"@type\":\"EntryPoint\",\"urlTemplate\":\"https:\/\/sare.eus\/?s={search_term_string}\"},\"query-input\":{\"@type\":\"PropertyValueSpecification\",\"valueRequired\":true,\"valueName\":\"search_term_string\"}}],\"inLanguage\":\"es\"},{\"@type\":\"Organization\",\"@id\":\"https:\/\/sare.eus\/#organization\",\"name\":\"Sare Herritarra\",\"url\":\"https:\/\/sare.eus\/\",\"logo\":{\"@type\":\"ImageObject\",\"inLanguage\":\"es\",\"@id\":\"https:\/\/sare.eus\/#\/schema\/logo\/image\/\",\"url\":\"https:\/\/sare.eus\/wp-content\/uploads\/2021\/08\/sare.png\",\"contentUrl\":\"https:\/\/sare.eus\/wp-content\/uploads\/2021\/08\/sare.png\",\"width\":120,\"height\":142,\"caption\":\"Sare Herritarra\"},\"image\":{\"@id\":\"https:\/\/sare.eus\/#\/schema\/logo\/image\/\"}},{\"@type\":\"Person\",\"@id\":\"https:\/\/sare.eus\/#\/schema\/person\/2fe6d0df294f56313d3ab236dbe38e17\",\"name\":\"sare\",\"image\":{\"@type\":\"ImageObject\",\"inLanguage\":\"es\",\"@id\":\"https:\/\/sare.eus\/#\/schema\/person\/image\/\",\"url\":\"https:\/\/secure.gravatar.com\/avatar\/77cad838677ceb1977e7b3c878b55eaa7fa4aae2158983063b047c3ad7ef2c25?s=96&d=mm&r=g\",\"contentUrl\":\"https:\/\/secure.gravatar.com\/avatar\/77cad838677ceb1977e7b3c878b55eaa7fa4aae2158983063b047c3ad7ef2c25?s=96&d=mm&r=g\",\"caption\":\"sare\"},\"url\":\"https:\/\/sare.eus\/es\/author\/sare\/\"}]}<\/script>\n<!-- \/ Yoast SEO plugin. -->","yoast_head_json":{"title":"SARE presenta su II. Conferencia que se celebrara el 18 de octubre en el Palacio Euskalduna de Bilbao - Sare Herritarra","robots":{"index":"index","follow":"follow","max-snippet":"max-snippet:-1","max-image-preview":"max-image-preview:large","max-video-preview":"max-video-preview:-1"},"canonical":"https:\/\/sare.eus\/es\/2-conferencia_sare\/","og_locale":"es_ES","og_type":"article","og_title":"SARE presenta su II. Conferencia que se celebrara el 18 de octubre en el Palacio Euskalduna de Bilbao - Sare Herritarra","og_description":"Resoluci\u00f3n, Paz y Convivencia. En este orden es posible alcanzar los objetivos que creemos una parte importante de la sociedad vasca, anhela.\u00a0 &nbsp; &#x1f4cb; Dosier de la conferencia: https:\/\/sare.eus\/es\/ii-conferencia\u00a0 &#x1f39f; [&hellip;]","og_url":"https:\/\/sare.eus\/es\/2-conferencia_sare\/","og_site_name":"Sare Herritarra","article_published_time":"2025-09-15T09:29:47+00:00","article_modified_time":"2025-10-01T20:16:33+00:00","og_image":[{"width":1823,"height":1152,"url":"https:\/\/sare.eus\/wp-content\/uploads\/2025\/09\/Imagen-de-WhatsApp-2025-09-15-a-las-11.27.40_78c5c4e9.jpg","type":"image\/jpeg"}],"author":"sare","twitter_card":"summary_large_image","twitter_misc":{"Escrito por":"sare","Tiempo de lectura":"8 minutos"},"schema":{"@context":"https:\/\/schema.org","@graph":[{"@type":"Article","@id":"https:\/\/sare.eus\/es\/2-conferencia_sare\/#article","isPartOf":{"@id":"https:\/\/sare.eus\/es\/2-conferencia_sare\/"},"author":{"name":"sare","@id":"https:\/\/sare.eus\/#\/schema\/person\/2fe6d0df294f56313d3ab236dbe38e17"},"headline":"SARE presenta su II. Conferencia que se celebrara el 18 de octubre en el Palacio Euskalduna de Bilbao","datePublished":"2025-09-15T09:29:47+00:00","dateModified":"2025-10-01T20:16:33+00:00","mainEntityOfPage":{"@id":"https:\/\/sare.eus\/es\/2-conferencia_sare\/"},"wordCount":1515,"publisher":{"@id":"https:\/\/sare.eus\/#organization"},"image":{"@id":"https:\/\/sare.eus\/es\/2-conferencia_sare\/#primaryimage"},"thumbnailUrl":"https:\/\/sare.eus\/wp-content\/uploads\/2025\/09\/Imagen-de-WhatsApp-2025-09-15-a-las-11.27.40_78c5c4e9.jpg","articleSection":["Etxera"],"inLanguage":"es"},{"@type":"WebPage","@id":"https:\/\/sare.eus\/es\/2-conferencia_sare\/","url":"https:\/\/sare.eus\/es\/2-conferencia_sare\/","name":"SARE presenta su II. Conferencia que se celebrara el 18 de octubre en el Palacio Euskalduna de Bilbao - Sare Herritarra","isPartOf":{"@id":"https:\/\/sare.eus\/#website"},"primaryImageOfPage":{"@id":"https:\/\/sare.eus\/es\/2-conferencia_sare\/#primaryimage"},"image":{"@id":"https:\/\/sare.eus\/es\/2-conferencia_sare\/#primaryimage"},"thumbnailUrl":"https:\/\/sare.eus\/wp-content\/uploads\/2025\/09\/Imagen-de-WhatsApp-2025-09-15-a-las-11.27.40_78c5c4e9.jpg","datePublished":"2025-09-15T09:29:47+00:00","dateModified":"2025-10-01T20:16:33+00:00","breadcrumb":{"@id":"https:\/\/sare.eus\/es\/2-conferencia_sare\/#breadcrumb"},"inLanguage":"es","potentialAction":[{"@type":"ReadAction","target":["https:\/\/sare.eus\/es\/2-conferencia_sare\/"]}]},{"@type":"ImageObject","inLanguage":"es","@id":"https:\/\/sare.eus\/es\/2-conferencia_sare\/#primaryimage","url":"https:\/\/sare.eus\/wp-content\/uploads\/2025\/09\/Imagen-de-WhatsApp-2025-09-15-a-las-11.27.40_78c5c4e9.jpg","contentUrl":"https:\/\/sare.eus\/wp-content\/uploads\/2025\/09\/Imagen-de-WhatsApp-2025-09-15-a-las-11.27.40_78c5c4e9.jpg","width":1823,"height":1152},{"@type":"BreadcrumbList","@id":"https:\/\/sare.eus\/es\/2-conferencia_sare\/#breadcrumb","itemListElement":[{"@type":"ListItem","position":1,"name":"Home","item":"https:\/\/sare.eus\/"},{"@type":"ListItem","position":2,"name":"SARE presenta su II. Conferencia que se celebrara el 18 de octubre en el Palacio Euskalduna de Bilbao"}]},{"@type":"WebSite","@id":"https:\/\/sare.eus\/#website","url":"https:\/\/sare.eus\/","name":"Sare Herritarra","description":"KONPONBIDEAREN ETA GIZA ESKUBIDEEN ALDEKO SARE HERRITARRA","publisher":{"@id":"https:\/\/sare.eus\/#organization"},"potentialAction":[{"@type":"SearchAction","target":{"@type":"EntryPoint","urlTemplate":"https:\/\/sare.eus\/?s={search_term_string}"},"query-input":{"@type":"PropertyValueSpecification","valueRequired":true,"valueName":"search_term_string"}}],"inLanguage":"es"},{"@type":"Organization","@id":"https:\/\/sare.eus\/#organization","name":"Sare Herritarra","url":"https:\/\/sare.eus\/","logo":{"@type":"ImageObject","inLanguage":"es","@id":"https:\/\/sare.eus\/#\/schema\/logo\/image\/","url":"https:\/\/sare.eus\/wp-content\/uploads\/2021\/08\/sare.png","contentUrl":"https:\/\/sare.eus\/wp-content\/uploads\/2021\/08\/sare.png","width":120,"height":142,"caption":"Sare Herritarra"},"image":{"@id":"https:\/\/sare.eus\/#\/schema\/logo\/image\/"}},{"@type":"Person","@id":"https:\/\/sare.eus\/#\/schema\/person\/2fe6d0df294f56313d3ab236dbe38e17","name":"sare","image":{"@type":"ImageObject","inLanguage":"es","@id":"https:\/\/sare.eus\/#\/schema\/person\/image\/","url":"https:\/\/secure.gravatar.com\/avatar\/77cad838677ceb1977e7b3c878b55eaa7fa4aae2158983063b047c3ad7ef2c25?s=96&d=mm&r=g","contentUrl":"https:\/\/secure.gravatar.com\/avatar\/77cad838677ceb1977e7b3c878b55eaa7fa4aae2158983063b047c3ad7ef2c25?s=96&d=mm&r=g","caption":"sare"},"url":"https:\/\/sare.eus\/es\/author\/sare\/"}]}},"_links":{"self":[{"href":"https:\/\/sare.eus\/es\/wp-json\/wp\/v2\/posts\/8371","targetHints":{"allow":["GET"]}}],"collection":[{"href":"https:\/\/sare.eus\/es\/wp-json\/wp\/v2\/posts"}],"about":[{"href":"https:\/\/sare.eus\/es\/wp-json\/wp\/v2\/types\/post"}],"author":[{"embeddable":true,"href":"https:\/\/sare.eus\/es\/wp-json\/wp\/v2\/users\/2"}],"replies":[{"embeddable":true,"href":"https:\/\/sare.eus\/es\/wp-json\/wp\/v2\/comments?post=8371"}],"version-history":[{"count":13,"href":"https:\/\/sare.eus\/es\/wp-json\/wp\/v2\/posts\/8371\/revisions"}],"predecessor-version":[{"id":8467,"href":"https:\/\/sare.eus\/es\/wp-json\/wp\/v2\/posts\/8371\/revisions\/8467"}],"wp:featuredmedia":[{"embeddable":true,"href":"https:\/\/sare.eus\/es\/wp-json\/wp\/v2\/media\/8387"}],"wp:attachment":[{"href":"https:\/\/sare.eus\/es\/wp-json\/wp\/v2\/media?parent=8371"}],"wp:term":[{"taxonomy":"category","embeddable":true,"href":"https:\/\/sare.eus\/es\/wp-json\/wp\/v2\/categories?post=8371"},{"taxonomy":"post_tag","embeddable":true,"href":"https:\/\/sare.eus\/es\/wp-json\/wp\/v2\/tags?post=8371"}],"curies":[{"name":"wp","href":"https:\/\/api.w.org\/{rel}","templated":true}]}}