{"id":8351,"date":"2025-08-22T12:29:33","date_gmt":"2025-08-22T11:29:33","guid":{"rendered":"https:\/\/sare.eus\/?p=8351"},"modified":"2025-08-22T12:29:33","modified_gmt":"2025-08-22T11:29:33","slug":"lectura-de-la-movilizacion-de-la-semana-de-bilbo","status":"publish","type":"post","link":"https:\/\/sare.eus\/es\/lectura-de-la-movilizacion-de-la-semana-de-bilbo\/","title":{"rendered":"LECTURA DE LA MOVILIZACION DE LA SEMANA DE BILBO"},"content":{"rendered":"<p>Lo que los bilba\u00ednos y vizca\u00ednos venimos demostrando a\u00f1o tras a\u00f1o a lo largo de la Aste Nagusia es que sabemos incorporar la reivindicaci\u00f3n a la fiesta y combinar el disfrute con las reivindicaciones. Este a\u00f1o estamos trabajando en el mismo camino. A estos d\u00edas que llevamos disfrutando de la m\u00fasica, los bailes y las fiestas, hemos sumado con esta movilizaci\u00f3n la necesidad de que los y las presas vascas, exiliadas y deportadas tengan la opci\u00f3n de regresar a sus casas.<\/p>\n<p>Saltamos y gritamos con el pregonero y la txupinera, hemos estado en la gargant\u00faa, hemos comido y bebido en las txoznas, hemos bailado en conciertos y hemos dado la bienvenida a Marijaia en varios rincones de Bilbao. No podemos olvidar que el pr\u00f3ximo a\u00f1o, exactamente cuando se cumplen 15 a\u00f1os del cese de la actividad de ETA, son varios los sufrimientos y consecuencias que siguen siendo vigentes.<\/p>\n<p>Cuando hablamos de consecuencias nos estamos refiriendo, claro est\u00e1, a las consecuencias que nos ha dejado el conflicto que durante tantos a\u00f1os, tanto sufrimiento gener\u00f3. Las v\u00edctimas tienen derecho a la verdad, a ser reconocidas por parte de las instituciones y a la reparaci\u00f3n, y necesitamos seguir avanzando en ese camino. No podemos olvidar, sin embargo, que para dar el salto a los escenarios de convivencia que tanto ansiamos, ser\u00e1 imprescindible acabar con todos los sufrimientos y consecuencias, y esto supone tambi\u00e9n, dar una resoluci\u00f3n definitiva a la cuesti\u00f3n de los y las presas, exiliadas y deportadas vascos.<\/p>\n<p>La resoluci\u00f3n definitiva vendr\u00e1 con la eliminaci\u00f3n de las leyes y pol\u00edticas de excepci\u00f3n. Tenemos que acabar con las leyes y pol\u00edticas que nos atan al pasado si queremos dar el salto al futuro, a la convivencia. Los bilba\u00ednos y vizca\u00ednos lo tenemos claro: Resoluci\u00f3n, paz y convivencia.<\/p>\n<p><strong>EUSKAL PRESO, IHESLARI ETA DEPORTATUAK ETXERA!<\/strong><\/p>\n","protected":false},"excerpt":{"rendered":"<p>Lo que los bilba\u00ednos y vizca\u00ednos venimos demostrando a\u00f1o tras a\u00f1o a lo largo de la Aste Nagusia es que sabemos incorporar la reivindicaci\u00f3n a la fiesta y combinar el [&hellip;]<\/p>\n","protected":false},"author":2,"featured_media":8354,"comment_status":"closed","ping_status":"closed","sticky":false,"template":"","format":"standard","meta":{"_acf_changed":false,"_et_pb_use_builder":"","_et_pb_old_content":"","_et_gb_content_width":"","footnotes":""},"categories":[60],"tags":[],"class_list":["post-8351","post","type-post","status-publish","format-standard","has-post-thumbnail","hentry","category-etxera-es","et-has-post-format-content","et_post_format-et-post-format-standard"],"acf":[],"yoast_head":"<!-- This site is optimized with the Yoast SEO plugin v26.4 - https:\/\/yoast.com\/wordpress\/plugins\/seo\/ -->\n<title>LECTURA DE LA MOVILIZACION DE LA SEMANA DE BILBO - Sare Herritarra<\/title>\n<meta name=\"robots\" content=\"index, follow, max-snippet:-1, max-image-preview:large, max-video-preview:-1\" \/>\n<link rel=\"canonical\" href=\"https:\/\/sare.eus\/es\/lectura-de-la-movilizacion-de-la-semana-de-bilbo\/\" \/>\n<meta property=\"og:locale\" content=\"es_ES\" \/>\n<meta property=\"og:type\" content=\"article\" \/>\n<meta property=\"og:title\" content=\"LECTURA DE LA MOVILIZACION DE LA SEMANA DE BILBO - Sare Herritarra\" \/>\n<meta property=\"og:description\" content=\"Lo que los bilba\u00ednos y vizca\u00ednos venimos demostrando a\u00f1o tras a\u00f1o a lo largo de la Aste Nagusia es que sabemos incorporar la reivindicaci\u00f3n a la fiesta y combinar el [&hellip;]\" \/>\n<meta property=\"og:url\" content=\"https:\/\/sare.eus\/es\/lectura-de-la-movilizacion-de-la-semana-de-bilbo\/\" \/>\n<meta property=\"og:site_name\" content=\"Sare Herritarra\" \/>\n<meta property=\"article:published_time\" content=\"2025-08-22T11:29:33+00:00\" \/>\n<meta property=\"og:image\" content=\"https:\/\/sare.eus\/wp-content\/uploads\/2025\/08\/IMG_20250822_132737_780.jpg\" \/>\n\t<meta property=\"og:image:width\" content=\"1280\" \/>\n\t<meta property=\"og:image:height\" content=\"720\" \/>\n\t<meta property=\"og:image:type\" content=\"image\/jpeg\" \/>\n<meta name=\"author\" content=\"sare\" \/>\n<meta name=\"twitter:card\" content=\"summary_large_image\" \/>\n<meta name=\"twitter:label1\" content=\"Escrito por\" \/>\n\t<meta name=\"twitter:data1\" content=\"sare\" \/>\n\t<meta name=\"twitter:label2\" content=\"Tiempo de lectura\" \/>\n\t<meta name=\"twitter:data2\" content=\"2 minutos\" \/>\n<script type=\"application\/ld+json\" class=\"yoast-schema-graph\">{\"@context\":\"https:\/\/schema.org\",\"@graph\":[{\"@type\":\"Article\",\"@id\":\"https:\/\/sare.eus\/es\/lectura-de-la-movilizacion-de-la-semana-de-bilbo\/#article\",\"isPartOf\":{\"@id\":\"https:\/\/sare.eus\/es\/lectura-de-la-movilizacion-de-la-semana-de-bilbo\/\"},\"author\":{\"name\":\"sare\",\"@id\":\"https:\/\/sare.eus\/#\/schema\/person\/2fe6d0df294f56313d3ab236dbe38e17\"},\"headline\":\"LECTURA DE LA MOVILIZACION DE LA SEMANA DE BILBO\",\"datePublished\":\"2025-08-22T11:29:33+00:00\",\"mainEntityOfPage\":{\"@id\":\"https:\/\/sare.eus\/es\/lectura-de-la-movilizacion-de-la-semana-de-bilbo\/\"},\"wordCount\":336,\"publisher\":{\"@id\":\"https:\/\/sare.eus\/#organization\"},\"image\":{\"@id\":\"https:\/\/sare.eus\/es\/lectura-de-la-movilizacion-de-la-semana-de-bilbo\/#primaryimage\"},\"thumbnailUrl\":\"https:\/\/sare.eus\/wp-content\/uploads\/2025\/08\/IMG_20250822_132737_780.jpg\",\"articleSection\":[\"Etxera\"],\"inLanguage\":\"es\"},{\"@type\":\"WebPage\",\"@id\":\"https:\/\/sare.eus\/es\/lectura-de-la-movilizacion-de-la-semana-de-bilbo\/\",\"url\":\"https:\/\/sare.eus\/es\/lectura-de-la-movilizacion-de-la-semana-de-bilbo\/\",\"name\":\"LECTURA DE LA MOVILIZACION DE LA SEMANA DE BILBO - Sare Herritarra\",\"isPartOf\":{\"@id\":\"https:\/\/sare.eus\/#website\"},\"primaryImageOfPage\":{\"@id\":\"https:\/\/sare.eus\/es\/lectura-de-la-movilizacion-de-la-semana-de-bilbo\/#primaryimage\"},\"image\":{\"@id\":\"https:\/\/sare.eus\/es\/lectura-de-la-movilizacion-de-la-semana-de-bilbo\/#primaryimage\"},\"thumbnailUrl\":\"https:\/\/sare.eus\/wp-content\/uploads\/2025\/08\/IMG_20250822_132737_780.jpg\",\"datePublished\":\"2025-08-22T11:29:33+00:00\",\"breadcrumb\":{\"@id\":\"https:\/\/sare.eus\/es\/lectura-de-la-movilizacion-de-la-semana-de-bilbo\/#breadcrumb\"},\"inLanguage\":\"es\",\"potentialAction\":[{\"@type\":\"ReadAction\",\"target\":[\"https:\/\/sare.eus\/es\/lectura-de-la-movilizacion-de-la-semana-de-bilbo\/\"]}]},{\"@type\":\"ImageObject\",\"inLanguage\":\"es\",\"@id\":\"https:\/\/sare.eus\/es\/lectura-de-la-movilizacion-de-la-semana-de-bilbo\/#primaryimage\",\"url\":\"https:\/\/sare.eus\/wp-content\/uploads\/2025\/08\/IMG_20250822_132737_780.jpg\",\"contentUrl\":\"https:\/\/sare.eus\/wp-content\/uploads\/2025\/08\/IMG_20250822_132737_780.jpg\",\"width\":1280,\"height\":720},{\"@type\":\"BreadcrumbList\",\"@id\":\"https:\/\/sare.eus\/es\/lectura-de-la-movilizacion-de-la-semana-de-bilbo\/#breadcrumb\",\"itemListElement\":[{\"@type\":\"ListItem\",\"position\":1,\"name\":\"Home\",\"item\":\"https:\/\/sare.eus\/\"},{\"@type\":\"ListItem\",\"position\":2,\"name\":\"LECTURA DE LA MOVILIZACION DE LA SEMANA DE BILBO\"}]},{\"@type\":\"WebSite\",\"@id\":\"https:\/\/sare.eus\/#website\",\"url\":\"https:\/\/sare.eus\/\",\"name\":\"Sare Herritarra\",\"description\":\"KONPONBIDEAREN ETA GIZA ESKUBIDEEN ALDEKO SARE HERRITARRA\",\"publisher\":{\"@id\":\"https:\/\/sare.eus\/#organization\"},\"potentialAction\":[{\"@type\":\"SearchAction\",\"target\":{\"@type\":\"EntryPoint\",\"urlTemplate\":\"https:\/\/sare.eus\/?s={search_term_string}\"},\"query-input\":{\"@type\":\"PropertyValueSpecification\",\"valueRequired\":true,\"valueName\":\"search_term_string\"}}],\"inLanguage\":\"es\"},{\"@type\":\"Organization\",\"@id\":\"https:\/\/sare.eus\/#organization\",\"name\":\"Sare Herritarra\",\"url\":\"https:\/\/sare.eus\/\",\"logo\":{\"@type\":\"ImageObject\",\"inLanguage\":\"es\",\"@id\":\"https:\/\/sare.eus\/#\/schema\/logo\/image\/\",\"url\":\"https:\/\/sare.eus\/wp-content\/uploads\/2021\/08\/sare.png\",\"contentUrl\":\"https:\/\/sare.eus\/wp-content\/uploads\/2021\/08\/sare.png\",\"width\":120,\"height\":142,\"caption\":\"Sare Herritarra\"},\"image\":{\"@id\":\"https:\/\/sare.eus\/#\/schema\/logo\/image\/\"}},{\"@type\":\"Person\",\"@id\":\"https:\/\/sare.eus\/#\/schema\/person\/2fe6d0df294f56313d3ab236dbe38e17\",\"name\":\"sare\",\"image\":{\"@type\":\"ImageObject\",\"inLanguage\":\"es\",\"@id\":\"https:\/\/sare.eus\/#\/schema\/person\/image\/\",\"url\":\"https:\/\/secure.gravatar.com\/avatar\/77cad838677ceb1977e7b3c878b55eaa7fa4aae2158983063b047c3ad7ef2c25?s=96&d=mm&r=g\",\"contentUrl\":\"https:\/\/secure.gravatar.com\/avatar\/77cad838677ceb1977e7b3c878b55eaa7fa4aae2158983063b047c3ad7ef2c25?s=96&d=mm&r=g\",\"caption\":\"sare\"},\"url\":\"https:\/\/sare.eus\/es\/author\/sare\/\"}]}<\/script>\n<!-- \/ Yoast SEO plugin. -->","yoast_head_json":{"title":"LECTURA DE LA MOVILIZACION DE LA SEMANA DE BILBO - Sare Herritarra","robots":{"index":"index","follow":"follow","max-snippet":"max-snippet:-1","max-image-preview":"max-image-preview:large","max-video-preview":"max-video-preview:-1"},"canonical":"https:\/\/sare.eus\/es\/lectura-de-la-movilizacion-de-la-semana-de-bilbo\/","og_locale":"es_ES","og_type":"article","og_title":"LECTURA DE LA MOVILIZACION DE LA SEMANA DE BILBO - Sare Herritarra","og_description":"Lo que los bilba\u00ednos y vizca\u00ednos venimos demostrando a\u00f1o tras a\u00f1o a lo largo de la Aste Nagusia es que sabemos incorporar la reivindicaci\u00f3n a la fiesta y combinar el [&hellip;]","og_url":"https:\/\/sare.eus\/es\/lectura-de-la-movilizacion-de-la-semana-de-bilbo\/","og_site_name":"Sare Herritarra","article_published_time":"2025-08-22T11:29:33+00:00","og_image":[{"width":1280,"height":720,"url":"https:\/\/sare.eus\/wp-content\/uploads\/2025\/08\/IMG_20250822_132737_780.jpg","type":"image\/jpeg"}],"author":"sare","twitter_card":"summary_large_image","twitter_misc":{"Escrito por":"sare","Tiempo de lectura":"2 minutos"},"schema":{"@context":"https:\/\/schema.org","@graph":[{"@type":"Article","@id":"https:\/\/sare.eus\/es\/lectura-de-la-movilizacion-de-la-semana-de-bilbo\/#article","isPartOf":{"@id":"https:\/\/sare.eus\/es\/lectura-de-la-movilizacion-de-la-semana-de-bilbo\/"},"author":{"name":"sare","@id":"https:\/\/sare.eus\/#\/schema\/person\/2fe6d0df294f56313d3ab236dbe38e17"},"headline":"LECTURA DE LA MOVILIZACION DE LA SEMANA DE BILBO","datePublished":"2025-08-22T11:29:33+00:00","mainEntityOfPage":{"@id":"https:\/\/sare.eus\/es\/lectura-de-la-movilizacion-de-la-semana-de-bilbo\/"},"wordCount":336,"publisher":{"@id":"https:\/\/sare.eus\/#organization"},"image":{"@id":"https:\/\/sare.eus\/es\/lectura-de-la-movilizacion-de-la-semana-de-bilbo\/#primaryimage"},"thumbnailUrl":"https:\/\/sare.eus\/wp-content\/uploads\/2025\/08\/IMG_20250822_132737_780.jpg","articleSection":["Etxera"],"inLanguage":"es"},{"@type":"WebPage","@id":"https:\/\/sare.eus\/es\/lectura-de-la-movilizacion-de-la-semana-de-bilbo\/","url":"https:\/\/sare.eus\/es\/lectura-de-la-movilizacion-de-la-semana-de-bilbo\/","name":"LECTURA DE LA MOVILIZACION DE LA SEMANA DE BILBO - Sare Herritarra","isPartOf":{"@id":"https:\/\/sare.eus\/#website"},"primaryImageOfPage":{"@id":"https:\/\/sare.eus\/es\/lectura-de-la-movilizacion-de-la-semana-de-bilbo\/#primaryimage"},"image":{"@id":"https:\/\/sare.eus\/es\/lectura-de-la-movilizacion-de-la-semana-de-bilbo\/#primaryimage"},"thumbnailUrl":"https:\/\/sare.eus\/wp-content\/uploads\/2025\/08\/IMG_20250822_132737_780.jpg","datePublished":"2025-08-22T11:29:33+00:00","breadcrumb":{"@id":"https:\/\/sare.eus\/es\/lectura-de-la-movilizacion-de-la-semana-de-bilbo\/#breadcrumb"},"inLanguage":"es","potentialAction":[{"@type":"ReadAction","target":["https:\/\/sare.eus\/es\/lectura-de-la-movilizacion-de-la-semana-de-bilbo\/"]}]},{"@type":"ImageObject","inLanguage":"es","@id":"https:\/\/sare.eus\/es\/lectura-de-la-movilizacion-de-la-semana-de-bilbo\/#primaryimage","url":"https:\/\/sare.eus\/wp-content\/uploads\/2025\/08\/IMG_20250822_132737_780.jpg","contentUrl":"https:\/\/sare.eus\/wp-content\/uploads\/2025\/08\/IMG_20250822_132737_780.jpg","width":1280,"height":720},{"@type":"BreadcrumbList","@id":"https:\/\/sare.eus\/es\/lectura-de-la-movilizacion-de-la-semana-de-bilbo\/#breadcrumb","itemListElement":[{"@type":"ListItem","position":1,"name":"Home","item":"https:\/\/sare.eus\/"},{"@type":"ListItem","position":2,"name":"LECTURA DE LA MOVILIZACION DE LA SEMANA DE BILBO"}]},{"@type":"WebSite","@id":"https:\/\/sare.eus\/#website","url":"https:\/\/sare.eus\/","name":"Sare Herritarra","description":"KONPONBIDEAREN ETA GIZA ESKUBIDEEN ALDEKO SARE HERRITARRA","publisher":{"@id":"https:\/\/sare.eus\/#organization"},"potentialAction":[{"@type":"SearchAction","target":{"@type":"EntryPoint","urlTemplate":"https:\/\/sare.eus\/?s={search_term_string}"},"query-input":{"@type":"PropertyValueSpecification","valueRequired":true,"valueName":"search_term_string"}}],"inLanguage":"es"},{"@type":"Organization","@id":"https:\/\/sare.eus\/#organization","name":"Sare Herritarra","url":"https:\/\/sare.eus\/","logo":{"@type":"ImageObject","inLanguage":"es","@id":"https:\/\/sare.eus\/#\/schema\/logo\/image\/","url":"https:\/\/sare.eus\/wp-content\/uploads\/2021\/08\/sare.png","contentUrl":"https:\/\/sare.eus\/wp-content\/uploads\/2021\/08\/sare.png","width":120,"height":142,"caption":"Sare Herritarra"},"image":{"@id":"https:\/\/sare.eus\/#\/schema\/logo\/image\/"}},{"@type":"Person","@id":"https:\/\/sare.eus\/#\/schema\/person\/2fe6d0df294f56313d3ab236dbe38e17","name":"sare","image":{"@type":"ImageObject","inLanguage":"es","@id":"https:\/\/sare.eus\/#\/schema\/person\/image\/","url":"https:\/\/secure.gravatar.com\/avatar\/77cad838677ceb1977e7b3c878b55eaa7fa4aae2158983063b047c3ad7ef2c25?s=96&d=mm&r=g","contentUrl":"https:\/\/secure.gravatar.com\/avatar\/77cad838677ceb1977e7b3c878b55eaa7fa4aae2158983063b047c3ad7ef2c25?s=96&d=mm&r=g","caption":"sare"},"url":"https:\/\/sare.eus\/es\/author\/sare\/"}]}},"_links":{"self":[{"href":"https:\/\/sare.eus\/es\/wp-json\/wp\/v2\/posts\/8351","targetHints":{"allow":["GET"]}}],"collection":[{"href":"https:\/\/sare.eus\/es\/wp-json\/wp\/v2\/posts"}],"about":[{"href":"https:\/\/sare.eus\/es\/wp-json\/wp\/v2\/types\/post"}],"author":[{"embeddable":true,"href":"https:\/\/sare.eus\/es\/wp-json\/wp\/v2\/users\/2"}],"replies":[{"embeddable":true,"href":"https:\/\/sare.eus\/es\/wp-json\/wp\/v2\/comments?post=8351"}],"version-history":[{"count":1,"href":"https:\/\/sare.eus\/es\/wp-json\/wp\/v2\/posts\/8351\/revisions"}],"predecessor-version":[{"id":8352,"href":"https:\/\/sare.eus\/es\/wp-json\/wp\/v2\/posts\/8351\/revisions\/8352"}],"wp:featuredmedia":[{"embeddable":true,"href":"https:\/\/sare.eus\/es\/wp-json\/wp\/v2\/media\/8354"}],"wp:attachment":[{"href":"https:\/\/sare.eus\/es\/wp-json\/wp\/v2\/media?parent=8351"}],"wp:term":[{"taxonomy":"category","embeddable":true,"href":"https:\/\/sare.eus\/es\/wp-json\/wp\/v2\/categories?post=8351"},{"taxonomy":"post_tag","embeddable":true,"href":"https:\/\/sare.eus\/es\/wp-json\/wp\/v2\/tags?post=8351"}],"curies":[{"name":"wp","href":"https:\/\/api.w.org\/{rel}","templated":true}]}}