{"id":8336,"date":"2025-08-12T11:11:36","date_gmt":"2025-08-12T10:11:36","guid":{"rendered":"https:\/\/sare.eus\/?p=8336"},"modified":"2025-08-12T11:11:36","modified_gmt":"2025-08-12T10:11:36","slug":"bizkaiko-etxera-eguna-el-22-de-agosto-en-fiestas-de-bilbo","status":"publish","type":"post","link":"https:\/\/sare.eus\/es\/bizkaiko-etxera-eguna-el-22-de-agosto-en-fiestas-de-bilbo\/","title":{"rendered":"Bizkaiko Etxera eguna el 22 de agosto en fiestas de Bilbo"},"content":{"rendered":"<p>Ya estamos en pleno verano y la Aste Nagusia de Bilbao vuelve a llamar a la puerta. Nuestro Bilbo zaharra vuelve a sumergirse en 9 d\u00edas de fiesta. Ser\u00e1n d\u00edas de juerga, m\u00fasica y bailes, de brindis con amigos y, tambi\u00e9n, de compartir miles de momentos especiales, de encuentros y de abrazos. Y como no, tambi\u00e9n d\u00edas para presentar Bilbo y Euskal Herria al mundo. Pero a pesar de la magia de la fiesta y de las ganas de sumergirnos en ella, no podemos olvidar que los a\u00f1os de conflicto que ha padecido nuestro Pueblo han generado consecuencias que todav\u00eda a d\u00eda de hoy, muchas vecinas de Bilbo y del resto de Euskal Herria siguen padeciendo.<\/p>\n<p>Ya lo dijimos el a\u00f1o pasado: \u00abNunca veremos a Mari Jaia caminar hacia atr\u00e1s\u00bb. S\u00f3lo avanza y tiene como meta principal el encuentro con diferentes vecinos y vecinas. Si estuviera inm\u00f3vil y en un lugar aislado, no tendr\u00eda la posibilidad de cumplir las funciones asignadas por la ciudadan\u00eda, no tendr\u00eda la posibilidad de llevar la fiesta a los diferentes rincones de Bilbo. Y no podr\u00eda saciar de alegr\u00eda e igualdad nuestra capital, con lo que nuestra Aste Nagusia no ser\u00eda la fiesta que conocemos y la convivencia no estar\u00eda plenamente garantizada. Pues, con la situaci\u00f3n excepcional de las y los presos, refugiados y deportados vascos, ocurre lo mismo. Nuestra sociedad ha superado las heridas m\u00e1s intensas del conflicto; lleva a\u00f1os dando pasos hacia la convivencia y avanzando en el proceso de soluci\u00f3n democr\u00e1tica. Como Mari Jaia en Aste Nagusia, deseamos un Pueblo donde las ideas se debatir\u00e1n libremente sin conculcaciones de derechos. En el mismo sentido, al igual que aquellos que se ponen en el medio del camino para obstaculizar a Mari Jaia, las leyes de excepci\u00f3n tienen como objetivo obstaculizar el proceso de vuelta a casa de presas, huidas y deportdas.Y nosotras no queremos un Bilbo o una Euskal Herria as\u00ed. No queremos un Bilbo o una Euskal Herria llena de obst\u00e1culos y trabas. Por ello, nos volvemos a juntar aqu\u00ed para gritar bien alto contra las leyes de excepci\u00f3n y a favor de la superaci\u00f3n de las consecuencias del conflicto.<\/p>\n<p>Llevamos d\u00e9cadas reivindicando la vuelta a casa de las presas, huidas y deportadas y creemos sinceramente que ya es hora de que el clamor \u00abEtxera\u00bb pase de ser reivindicaci\u00f3n a logro colectivo. Porque, adem\u00e1s de los presos y sus familiares, con ese logro ganar\u00eda toda la sociedad. De hecho, este logro nos acercar\u00eda a escenarios de convivencia real, y har\u00eda m\u00e1s realizable la verdadera paz que necesita este pa\u00eds.<\/p>\n<p><strong>En este sentido, convocamos a participar en el \u201cEtxera Eguna de Bizkaia\u201d el pr\u00f3ximo 22 de agosto. Las vecinas de Bilbo, junto con quienes vengan de otros pueblos, gritaremos a los cuatro vientos a favor de la vuelta a casa de presos, exiliados y deportados. La primera cita ser\u00e1 a las 13:00 horas, con la manifestaci\u00f3n de car\u00e1cter festivo que comenzar\u00e1 en la plaza el\u00edptica y finalizar\u00e1 en el Ayuntamiento. A las 15:00 horas se celebrar\u00e1 una comida popular en la zona de txosnas. Y para finalizar, a las 17:30, en Atzekalde, se realizar\u00e1 un sencillo acto seguido de un concierto de manos del grupo galego Loita Amada.<\/strong><\/p>\n<hr \/>\n<div id=\"attachment_8266\" style=\"width: 435px\" class=\"wp-caption alignnone\"><img loading=\"lazy\" decoding=\"async\" aria-describedby=\"caption-attachment-8266\" class=\"wp-image-8266 size-large\" src=\"https:\/\/sare.eus\/wp-content\/uploads\/2025\/08\/Ab-22-Bilbo-425x1024.jpg\" alt=\"\" width=\"425\" height=\"1024\" srcset=\"https:\/\/sare.eus\/wp-content\/uploads\/2025\/08\/Ab-22-Bilbo-425x1024.jpg 425w, https:\/\/sare.eus\/wp-content\/uploads\/2025\/08\/Ab-22-Bilbo-124x300.jpg 124w, https:\/\/sare.eus\/wp-content\/uploads\/2025\/08\/Ab-22-Bilbo-768x1851.jpg 768w, https:\/\/sare.eus\/wp-content\/uploads\/2025\/08\/Ab-22-Bilbo-637x1536.jpg 637w, https:\/\/sare.eus\/wp-content\/uploads\/2025\/08\/Ab-22-Bilbo-850x2048.jpg 850w, https:\/\/sare.eus\/wp-content\/uploads\/2025\/08\/Ab-22-Bilbo-1080x2603.jpg 1080w, https:\/\/sare.eus\/wp-content\/uploads\/2025\/08\/Ab-22-Bilbo-scaled.jpg 1062w\" sizes=\"(max-width: 425px) 100vw, 425px\" \/><p id=\"caption-attachment-8266\" class=\"wp-caption-text\">BILBO<\/p><\/div>\n","protected":false},"excerpt":{"rendered":"<p>Ya estamos en pleno verano y la Aste Nagusia de Bilbao vuelve a llamar a la puerta. Nuestro Bilbo zaharra vuelve a sumergirse en 9 d\u00edas de fiesta. Ser\u00e1n d\u00edas [&hellip;]<\/p>\n","protected":false},"author":2,"featured_media":8339,"comment_status":"closed","ping_status":"closed","sticky":false,"template":"","format":"standard","meta":{"_acf_changed":false,"_et_pb_use_builder":"","_et_pb_old_content":"","_et_gb_content_width":"","footnotes":""},"categories":[60],"tags":[],"class_list":["post-8336","post","type-post","status-publish","format-standard","has-post-thumbnail","hentry","category-etxera-es","et-has-post-format-content","et_post_format-et-post-format-standard"],"acf":[],"yoast_head":"<!-- This site is optimized with the Yoast SEO plugin v26.4 - https:\/\/yoast.com\/wordpress\/plugins\/seo\/ -->\n<title>Bizkaiko Etxera eguna el 22 de agosto en fiestas de Bilbo - Sare Herritarra<\/title>\n<meta name=\"robots\" content=\"index, follow, max-snippet:-1, max-image-preview:large, max-video-preview:-1\" \/>\n<link rel=\"canonical\" href=\"https:\/\/sare.eus\/es\/bizkaiko-etxera-eguna-el-22-de-agosto-en-fiestas-de-bilbo\/\" \/>\n<meta property=\"og:locale\" content=\"es_ES\" \/>\n<meta property=\"og:type\" content=\"article\" \/>\n<meta property=\"og:title\" content=\"Bizkaiko Etxera eguna el 22 de agosto en fiestas de Bilbo - Sare Herritarra\" \/>\n<meta property=\"og:description\" content=\"Ya estamos en pleno verano y la Aste Nagusia de Bilbao vuelve a llamar a la puerta. Nuestro Bilbo zaharra vuelve a sumergirse en 9 d\u00edas de fiesta. Ser\u00e1n d\u00edas [&hellip;]\" \/>\n<meta property=\"og:url\" content=\"https:\/\/sare.eus\/es\/bizkaiko-etxera-eguna-el-22-de-agosto-en-fiestas-de-bilbo\/\" \/>\n<meta property=\"og:site_name\" content=\"Sare Herritarra\" \/>\n<meta property=\"article:published_time\" content=\"2025-08-12T10:11:36+00:00\" \/>\n<meta property=\"og:image\" content=\"https:\/\/sare.eus\/wp-content\/uploads\/2025\/08\/IMG_20250812_120901_589.jpg\" \/>\n\t<meta property=\"og:image:width\" content=\"2048\" \/>\n\t<meta property=\"og:image:height\" content=\"1285\" \/>\n\t<meta property=\"og:image:type\" content=\"image\/jpeg\" \/>\n<meta name=\"author\" content=\"sare\" \/>\n<meta name=\"twitter:card\" content=\"summary_large_image\" \/>\n<meta name=\"twitter:label1\" content=\"Escrito por\" \/>\n\t<meta name=\"twitter:data1\" content=\"sare\" \/>\n\t<meta name=\"twitter:label2\" content=\"Tiempo de lectura\" \/>\n\t<meta name=\"twitter:data2\" content=\"4 minutos\" \/>\n<script type=\"application\/ld+json\" class=\"yoast-schema-graph\">{\"@context\":\"https:\/\/schema.org\",\"@graph\":[{\"@type\":\"Article\",\"@id\":\"https:\/\/sare.eus\/es\/bizkaiko-etxera-eguna-el-22-de-agosto-en-fiestas-de-bilbo\/#article\",\"isPartOf\":{\"@id\":\"https:\/\/sare.eus\/es\/bizkaiko-etxera-eguna-el-22-de-agosto-en-fiestas-de-bilbo\/\"},\"author\":{\"name\":\"sare\",\"@id\":\"https:\/\/sare.eus\/#\/schema\/person\/2fe6d0df294f56313d3ab236dbe38e17\"},\"headline\":\"Bizkaiko Etxera eguna el 22 de agosto en fiestas de Bilbo\",\"datePublished\":\"2025-08-12T10:11:36+00:00\",\"mainEntityOfPage\":{\"@id\":\"https:\/\/sare.eus\/es\/bizkaiko-etxera-eguna-el-22-de-agosto-en-fiestas-de-bilbo\/\"},\"wordCount\":592,\"publisher\":{\"@id\":\"https:\/\/sare.eus\/#organization\"},\"image\":{\"@id\":\"https:\/\/sare.eus\/es\/bizkaiko-etxera-eguna-el-22-de-agosto-en-fiestas-de-bilbo\/#primaryimage\"},\"thumbnailUrl\":\"https:\/\/sare.eus\/wp-content\/uploads\/2025\/08\/IMG_20250812_120901_589.jpg\",\"articleSection\":[\"Etxera\"],\"inLanguage\":\"es\"},{\"@type\":\"WebPage\",\"@id\":\"https:\/\/sare.eus\/es\/bizkaiko-etxera-eguna-el-22-de-agosto-en-fiestas-de-bilbo\/\",\"url\":\"https:\/\/sare.eus\/es\/bizkaiko-etxera-eguna-el-22-de-agosto-en-fiestas-de-bilbo\/\",\"name\":\"Bizkaiko Etxera eguna el 22 de agosto en fiestas de Bilbo - Sare Herritarra\",\"isPartOf\":{\"@id\":\"https:\/\/sare.eus\/#website\"},\"primaryImageOfPage\":{\"@id\":\"https:\/\/sare.eus\/es\/bizkaiko-etxera-eguna-el-22-de-agosto-en-fiestas-de-bilbo\/#primaryimage\"},\"image\":{\"@id\":\"https:\/\/sare.eus\/es\/bizkaiko-etxera-eguna-el-22-de-agosto-en-fiestas-de-bilbo\/#primaryimage\"},\"thumbnailUrl\":\"https:\/\/sare.eus\/wp-content\/uploads\/2025\/08\/IMG_20250812_120901_589.jpg\",\"datePublished\":\"2025-08-12T10:11:36+00:00\",\"breadcrumb\":{\"@id\":\"https:\/\/sare.eus\/es\/bizkaiko-etxera-eguna-el-22-de-agosto-en-fiestas-de-bilbo\/#breadcrumb\"},\"inLanguage\":\"es\",\"potentialAction\":[{\"@type\":\"ReadAction\",\"target\":[\"https:\/\/sare.eus\/es\/bizkaiko-etxera-eguna-el-22-de-agosto-en-fiestas-de-bilbo\/\"]}]},{\"@type\":\"ImageObject\",\"inLanguage\":\"es\",\"@id\":\"https:\/\/sare.eus\/es\/bizkaiko-etxera-eguna-el-22-de-agosto-en-fiestas-de-bilbo\/#primaryimage\",\"url\":\"https:\/\/sare.eus\/wp-content\/uploads\/2025\/08\/IMG_20250812_120901_589.jpg\",\"contentUrl\":\"https:\/\/sare.eus\/wp-content\/uploads\/2025\/08\/IMG_20250812_120901_589.jpg\",\"width\":2048,\"height\":1285},{\"@type\":\"BreadcrumbList\",\"@id\":\"https:\/\/sare.eus\/es\/bizkaiko-etxera-eguna-el-22-de-agosto-en-fiestas-de-bilbo\/#breadcrumb\",\"itemListElement\":[{\"@type\":\"ListItem\",\"position\":1,\"name\":\"Home\",\"item\":\"https:\/\/sare.eus\/\"},{\"@type\":\"ListItem\",\"position\":2,\"name\":\"Bizkaiko Etxera eguna el 22 de agosto en fiestas de Bilbo\"}]},{\"@type\":\"WebSite\",\"@id\":\"https:\/\/sare.eus\/#website\",\"url\":\"https:\/\/sare.eus\/\",\"name\":\"Sare Herritarra\",\"description\":\"KONPONBIDEAREN ETA GIZA ESKUBIDEEN ALDEKO SARE HERRITARRA\",\"publisher\":{\"@id\":\"https:\/\/sare.eus\/#organization\"},\"potentialAction\":[{\"@type\":\"SearchAction\",\"target\":{\"@type\":\"EntryPoint\",\"urlTemplate\":\"https:\/\/sare.eus\/?s={search_term_string}\"},\"query-input\":{\"@type\":\"PropertyValueSpecification\",\"valueRequired\":true,\"valueName\":\"search_term_string\"}}],\"inLanguage\":\"es\"},{\"@type\":\"Organization\",\"@id\":\"https:\/\/sare.eus\/#organization\",\"name\":\"Sare Herritarra\",\"url\":\"https:\/\/sare.eus\/\",\"logo\":{\"@type\":\"ImageObject\",\"inLanguage\":\"es\",\"@id\":\"https:\/\/sare.eus\/#\/schema\/logo\/image\/\",\"url\":\"https:\/\/sare.eus\/wp-content\/uploads\/2021\/08\/sare.png\",\"contentUrl\":\"https:\/\/sare.eus\/wp-content\/uploads\/2021\/08\/sare.png\",\"width\":120,\"height\":142,\"caption\":\"Sare Herritarra\"},\"image\":{\"@id\":\"https:\/\/sare.eus\/#\/schema\/logo\/image\/\"}},{\"@type\":\"Person\",\"@id\":\"https:\/\/sare.eus\/#\/schema\/person\/2fe6d0df294f56313d3ab236dbe38e17\",\"name\":\"sare\",\"image\":{\"@type\":\"ImageObject\",\"inLanguage\":\"es\",\"@id\":\"https:\/\/sare.eus\/#\/schema\/person\/image\/\",\"url\":\"https:\/\/secure.gravatar.com\/avatar\/77cad838677ceb1977e7b3c878b55eaa7fa4aae2158983063b047c3ad7ef2c25?s=96&d=mm&r=g\",\"contentUrl\":\"https:\/\/secure.gravatar.com\/avatar\/77cad838677ceb1977e7b3c878b55eaa7fa4aae2158983063b047c3ad7ef2c25?s=96&d=mm&r=g\",\"caption\":\"sare\"},\"url\":\"https:\/\/sare.eus\/es\/author\/sare\/\"}]}<\/script>\n<!-- \/ Yoast SEO plugin. -->","yoast_head_json":{"title":"Bizkaiko Etxera eguna el 22 de agosto en fiestas de Bilbo - Sare Herritarra","robots":{"index":"index","follow":"follow","max-snippet":"max-snippet:-1","max-image-preview":"max-image-preview:large","max-video-preview":"max-video-preview:-1"},"canonical":"https:\/\/sare.eus\/es\/bizkaiko-etxera-eguna-el-22-de-agosto-en-fiestas-de-bilbo\/","og_locale":"es_ES","og_type":"article","og_title":"Bizkaiko Etxera eguna el 22 de agosto en fiestas de Bilbo - Sare Herritarra","og_description":"Ya estamos en pleno verano y la Aste Nagusia de Bilbao vuelve a llamar a la puerta. Nuestro Bilbo zaharra vuelve a sumergirse en 9 d\u00edas de fiesta. Ser\u00e1n d\u00edas [&hellip;]","og_url":"https:\/\/sare.eus\/es\/bizkaiko-etxera-eguna-el-22-de-agosto-en-fiestas-de-bilbo\/","og_site_name":"Sare Herritarra","article_published_time":"2025-08-12T10:11:36+00:00","og_image":[{"width":2048,"height":1285,"url":"https:\/\/sare.eus\/wp-content\/uploads\/2025\/08\/IMG_20250812_120901_589.jpg","type":"image\/jpeg"}],"author":"sare","twitter_card":"summary_large_image","twitter_misc":{"Escrito por":"sare","Tiempo de lectura":"4 minutos"},"schema":{"@context":"https:\/\/schema.org","@graph":[{"@type":"Article","@id":"https:\/\/sare.eus\/es\/bizkaiko-etxera-eguna-el-22-de-agosto-en-fiestas-de-bilbo\/#article","isPartOf":{"@id":"https:\/\/sare.eus\/es\/bizkaiko-etxera-eguna-el-22-de-agosto-en-fiestas-de-bilbo\/"},"author":{"name":"sare","@id":"https:\/\/sare.eus\/#\/schema\/person\/2fe6d0df294f56313d3ab236dbe38e17"},"headline":"Bizkaiko Etxera eguna el 22 de agosto en fiestas de Bilbo","datePublished":"2025-08-12T10:11:36+00:00","mainEntityOfPage":{"@id":"https:\/\/sare.eus\/es\/bizkaiko-etxera-eguna-el-22-de-agosto-en-fiestas-de-bilbo\/"},"wordCount":592,"publisher":{"@id":"https:\/\/sare.eus\/#organization"},"image":{"@id":"https:\/\/sare.eus\/es\/bizkaiko-etxera-eguna-el-22-de-agosto-en-fiestas-de-bilbo\/#primaryimage"},"thumbnailUrl":"https:\/\/sare.eus\/wp-content\/uploads\/2025\/08\/IMG_20250812_120901_589.jpg","articleSection":["Etxera"],"inLanguage":"es"},{"@type":"WebPage","@id":"https:\/\/sare.eus\/es\/bizkaiko-etxera-eguna-el-22-de-agosto-en-fiestas-de-bilbo\/","url":"https:\/\/sare.eus\/es\/bizkaiko-etxera-eguna-el-22-de-agosto-en-fiestas-de-bilbo\/","name":"Bizkaiko Etxera eguna el 22 de agosto en fiestas de Bilbo - Sare Herritarra","isPartOf":{"@id":"https:\/\/sare.eus\/#website"},"primaryImageOfPage":{"@id":"https:\/\/sare.eus\/es\/bizkaiko-etxera-eguna-el-22-de-agosto-en-fiestas-de-bilbo\/#primaryimage"},"image":{"@id":"https:\/\/sare.eus\/es\/bizkaiko-etxera-eguna-el-22-de-agosto-en-fiestas-de-bilbo\/#primaryimage"},"thumbnailUrl":"https:\/\/sare.eus\/wp-content\/uploads\/2025\/08\/IMG_20250812_120901_589.jpg","datePublished":"2025-08-12T10:11:36+00:00","breadcrumb":{"@id":"https:\/\/sare.eus\/es\/bizkaiko-etxera-eguna-el-22-de-agosto-en-fiestas-de-bilbo\/#breadcrumb"},"inLanguage":"es","potentialAction":[{"@type":"ReadAction","target":["https:\/\/sare.eus\/es\/bizkaiko-etxera-eguna-el-22-de-agosto-en-fiestas-de-bilbo\/"]}]},{"@type":"ImageObject","inLanguage":"es","@id":"https:\/\/sare.eus\/es\/bizkaiko-etxera-eguna-el-22-de-agosto-en-fiestas-de-bilbo\/#primaryimage","url":"https:\/\/sare.eus\/wp-content\/uploads\/2025\/08\/IMG_20250812_120901_589.jpg","contentUrl":"https:\/\/sare.eus\/wp-content\/uploads\/2025\/08\/IMG_20250812_120901_589.jpg","width":2048,"height":1285},{"@type":"BreadcrumbList","@id":"https:\/\/sare.eus\/es\/bizkaiko-etxera-eguna-el-22-de-agosto-en-fiestas-de-bilbo\/#breadcrumb","itemListElement":[{"@type":"ListItem","position":1,"name":"Home","item":"https:\/\/sare.eus\/"},{"@type":"ListItem","position":2,"name":"Bizkaiko Etxera eguna el 22 de agosto en fiestas de Bilbo"}]},{"@type":"WebSite","@id":"https:\/\/sare.eus\/#website","url":"https:\/\/sare.eus\/","name":"Sare Herritarra","description":"KONPONBIDEAREN ETA GIZA ESKUBIDEEN ALDEKO SARE HERRITARRA","publisher":{"@id":"https:\/\/sare.eus\/#organization"},"potentialAction":[{"@type":"SearchAction","target":{"@type":"EntryPoint","urlTemplate":"https:\/\/sare.eus\/?s={search_term_string}"},"query-input":{"@type":"PropertyValueSpecification","valueRequired":true,"valueName":"search_term_string"}}],"inLanguage":"es"},{"@type":"Organization","@id":"https:\/\/sare.eus\/#organization","name":"Sare Herritarra","url":"https:\/\/sare.eus\/","logo":{"@type":"ImageObject","inLanguage":"es","@id":"https:\/\/sare.eus\/#\/schema\/logo\/image\/","url":"https:\/\/sare.eus\/wp-content\/uploads\/2021\/08\/sare.png","contentUrl":"https:\/\/sare.eus\/wp-content\/uploads\/2021\/08\/sare.png","width":120,"height":142,"caption":"Sare Herritarra"},"image":{"@id":"https:\/\/sare.eus\/#\/schema\/logo\/image\/"}},{"@type":"Person","@id":"https:\/\/sare.eus\/#\/schema\/person\/2fe6d0df294f56313d3ab236dbe38e17","name":"sare","image":{"@type":"ImageObject","inLanguage":"es","@id":"https:\/\/sare.eus\/#\/schema\/person\/image\/","url":"https:\/\/secure.gravatar.com\/avatar\/77cad838677ceb1977e7b3c878b55eaa7fa4aae2158983063b047c3ad7ef2c25?s=96&d=mm&r=g","contentUrl":"https:\/\/secure.gravatar.com\/avatar\/77cad838677ceb1977e7b3c878b55eaa7fa4aae2158983063b047c3ad7ef2c25?s=96&d=mm&r=g","caption":"sare"},"url":"https:\/\/sare.eus\/es\/author\/sare\/"}]}},"_links":{"self":[{"href":"https:\/\/sare.eus\/es\/wp-json\/wp\/v2\/posts\/8336","targetHints":{"allow":["GET"]}}],"collection":[{"href":"https:\/\/sare.eus\/es\/wp-json\/wp\/v2\/posts"}],"about":[{"href":"https:\/\/sare.eus\/es\/wp-json\/wp\/v2\/types\/post"}],"author":[{"embeddable":true,"href":"https:\/\/sare.eus\/es\/wp-json\/wp\/v2\/users\/2"}],"replies":[{"embeddable":true,"href":"https:\/\/sare.eus\/es\/wp-json\/wp\/v2\/comments?post=8336"}],"version-history":[{"count":1,"href":"https:\/\/sare.eus\/es\/wp-json\/wp\/v2\/posts\/8336\/revisions"}],"predecessor-version":[{"id":8337,"href":"https:\/\/sare.eus\/es\/wp-json\/wp\/v2\/posts\/8336\/revisions\/8337"}],"wp:featuredmedia":[{"embeddable":true,"href":"https:\/\/sare.eus\/es\/wp-json\/wp\/v2\/media\/8339"}],"wp:attachment":[{"href":"https:\/\/sare.eus\/es\/wp-json\/wp\/v2\/media?parent=8336"}],"wp:term":[{"taxonomy":"category","embeddable":true,"href":"https:\/\/sare.eus\/es\/wp-json\/wp\/v2\/categories?post=8336"},{"taxonomy":"post_tag","embeddable":true,"href":"https:\/\/sare.eus\/es\/wp-json\/wp\/v2\/tags?post=8336"}],"curies":[{"name":"wp","href":"https:\/\/api.w.org\/{rel}","templated":true}]}}