{"id":8324,"date":"2025-08-10T10:42:30","date_gmt":"2025-08-10T09:42:30","guid":{"rendered":"https:\/\/sare.eus\/?p=8324"},"modified":"2025-08-11T18:14:53","modified_gmt":"2025-08-11T17:14:53","slug":"nota-red-ciudadana-sare","status":"publish","type":"post","link":"https:\/\/sare.eus\/es\/nota-red-ciudadana-sare\/","title":{"rendered":"NOTA | Red ciudadana SARE"},"content":{"rendered":"<p><strong>Una vez finalizadas las fiestas de Gasteiz y ante las pr\u00f3ximas fiestas de Donostia, Bilbo y otras localidades de Euskal Herria, la Red Ciudadana SARE, ante las reiteradas declaraciones que se ha venido produciendo por algunos responsables pol\u00edticos, desea trasladar a la sociedad vasca:<\/strong><\/p>\n<p>1. La reivindicaci\u00f3n que, desde nuestro nacimiento, hace ya 11 a\u00f1os, venimos haciendo en favor de los derechos que asisten a los presos y presas vascos, es una reivindicaci\u00f3n democr\u00e1tica que trata de trasladar la necesidad de poner fin a la vulneraci\u00f3n de derechos, que, desde el \u00e1mbito pol\u00edtico y judicial, y a trav\u00e9s de pol\u00edticas de excepcionalidad jur\u00eddica y penitenciaria, se contin\u00faa aplicando a estos presos\/as.<\/p>\n<p>2. Que esta reivindicaci\u00f3n la hemos hecho siempre, a trav\u00e9s de manifestaciones, ruedas de prensa, carteler\u00eda o pancartas. Esta ha sido nuestra forma de proceder en estos 11 a\u00f1os y continuar\u00e1 siendo hasta poner fin a esta injusta situaci\u00f3n.<\/p>\n<p>3. Lamentamos la intencionalidad pol\u00edtica que persiguen estas cr\u00edticas, cuyo objetivo es tratar de criminalizar una reinvindicaci\u00f3n democr\u00e1tica, que en ning\u00fan momento ha supuesto menoscabo de la solidaridad que, siempre, trasladamos a las v\u00edctimas de todas las violencias.<\/p>\n<p>4. Dejen ya de utilizar el dolor y el sufrimiento de las v\u00edctimas. Cada una de ellas es due\u00f1a de su sufrimiento y les debemos respeto, solidaridad y afecto.<\/p>\n<p>5. M\u00e1s que nuestras pancartas con el slogan de \u201cETXERA\u201d, les deber\u00eda preocupar si lo que reivindicamos es justo o no. Y si por el contrario lo que democr\u00e1ticamente resulta preocupante es no esforzarse por paliar esta vulneraci\u00f3n de derechos.<\/p>\n<p>6. Continuaremos reivindicando la necesidad de avanzar hacia una verdadera paz, basada en la resoluci\u00f3n y que nos acerque a la convivencia.<\/p>\n<p>En este objetivo, nos encontraran siempre.<\/p>\n<hr \/>\n\n\t\t<style type=\"text\/css\">\n\t\t\t#gallery-1 {\n\t\t\t\tmargin: auto;\n\t\t\t}\n\t\t\t#gallery-1 .gallery-item {\n\t\t\t\tfloat: left;\n\t\t\t\tmargin-top: 10px;\n\t\t\t\ttext-align: center;\n\t\t\t\twidth: 50%;\n\t\t\t}\n\t\t\t#gallery-1 img {\n\t\t\t\tborder: 2px solid #cfcfcf;\n\t\t\t}\n\t\t\t#gallery-1 .gallery-caption {\n\t\t\t\tmargin-left: 0;\n\t\t\t}\n\t\t\t\/* see gallery_shortcode() in wp-includes\/media.php *\/\n\t\t<\/style>\n\t\t<div id='gallery-1' class='gallery galleryid-8324 gallery-columns-2 gallery-size-medium'><dl class='gallery-item'>\n\t\t\t<dt class='gallery-icon portrait'>\n\t\t\t\t<a href='https:\/\/sare.eus\/es\/como-cada-ano-nos-volvemos-a-juntar-en-diferentes-playas-de-eh-para-reivindicar-la-vuelta-a-casa-de-las-y-los-presos-refugiados-y-deportados-vascos\/ab-16-donostia-2\/'><img loading=\"lazy\" decoding=\"async\" width=\"212\" height=\"300\" src=\"https:\/\/sare.eus\/wp-content\/uploads\/2025\/08\/Ab-16-Donostia-212x300.jpg\" class=\"attachment-medium size-medium\" alt=\"\" aria-describedby=\"gallery-1-8264\" srcset=\"https:\/\/sare.eus\/wp-content\/uploads\/2025\/08\/Ab-16-Donostia-212x300.jpg 212w, https:\/\/sare.eus\/wp-content\/uploads\/2025\/08\/Ab-16-Donostia-724x1024.jpg 724w, https:\/\/sare.eus\/wp-content\/uploads\/2025\/08\/Ab-16-Donostia-768x1086.jpg 768w, https:\/\/sare.eus\/wp-content\/uploads\/2025\/08\/Ab-16-Donostia-1086x1536.jpg 1086w, https:\/\/sare.eus\/wp-content\/uploads\/2025\/08\/Ab-16-Donostia-1448x2048.jpg 1448w, https:\/\/sare.eus\/wp-content\/uploads\/2025\/08\/Ab-16-Donostia-1080x1527.jpg 1080w, https:\/\/sare.eus\/wp-content\/uploads\/2025\/08\/Ab-16-Donostia-scaled.jpg 1811w\" sizes=\"(max-width: 212px) 100vw, 212px\" \/><\/a>\n\t\t\t<\/dt>\n\t\t\t\t<dd class='wp-caption-text gallery-caption' id='gallery-1-8264'>\n\t\t\t\tDONOSTIA \n\t\t\t\t<\/dd><\/dl><dl class='gallery-item'>\n\t\t\t<dt class='gallery-icon portrait'>\n\t\t\t\t<a href='https:\/\/sare.eus\/es\/como-cada-ano-nos-volvemos-a-juntar-en-diferentes-playas-de-eh-para-reivindicar-la-vuelta-a-casa-de-las-y-los-presos-refugiados-y-deportados-vascos\/ab-22-bilbo-2\/'><img loading=\"lazy\" decoding=\"async\" width=\"124\" height=\"300\" src=\"https:\/\/sare.eus\/wp-content\/uploads\/2025\/08\/Ab-22-Bilbo-124x300.jpg\" class=\"attachment-medium size-medium\" alt=\"\" aria-describedby=\"gallery-1-8266\" srcset=\"https:\/\/sare.eus\/wp-content\/uploads\/2025\/08\/Ab-22-Bilbo-124x300.jpg 124w, https:\/\/sare.eus\/wp-content\/uploads\/2025\/08\/Ab-22-Bilbo-425x1024.jpg 425w, https:\/\/sare.eus\/wp-content\/uploads\/2025\/08\/Ab-22-Bilbo-768x1851.jpg 768w, https:\/\/sare.eus\/wp-content\/uploads\/2025\/08\/Ab-22-Bilbo-637x1536.jpg 637w, https:\/\/sare.eus\/wp-content\/uploads\/2025\/08\/Ab-22-Bilbo-850x2048.jpg 850w, https:\/\/sare.eus\/wp-content\/uploads\/2025\/08\/Ab-22-Bilbo-1080x2603.jpg 1080w, https:\/\/sare.eus\/wp-content\/uploads\/2025\/08\/Ab-22-Bilbo-scaled.jpg 1062w\" sizes=\"(max-width: 124px) 100vw, 124px\" \/><\/a>\n\t\t\t<\/dt>\n\t\t\t\t<dd class='wp-caption-text gallery-caption' id='gallery-1-8266'>\n\t\t\t\tBILBO\n\t\t\t\t<\/dd><\/dl><br style=\"clear: both\" \/>\n\t\t<\/div>\n\n","protected":false},"excerpt":{"rendered":"<p>Una vez finalizadas las fiestas de Gasteiz y ante las pr\u00f3ximas fiestas de Donostia, Bilbo y otras localidades de Euskal Herria, la Red Ciudadana SARE, ante las reiteradas declaraciones que [&hellip;]<\/p>\n","protected":false},"author":2,"featured_media":8332,"comment_status":"closed","ping_status":"closed","sticky":false,"template":"","format":"standard","meta":{"_acf_changed":false,"_et_pb_use_builder":"","_et_pb_old_content":"","_et_gb_content_width":"","footnotes":""},"categories":[60],"tags":[],"class_list":["post-8324","post","type-post","status-publish","format-standard","has-post-thumbnail","hentry","category-etxera-es","et-has-post-format-content","et_post_format-et-post-format-standard"],"acf":[],"yoast_head":"<!-- This site is optimized with the Yoast SEO plugin v26.4 - https:\/\/yoast.com\/wordpress\/plugins\/seo\/ -->\n<title>NOTA | Red ciudadana SARE - Sare Herritarra<\/title>\n<meta name=\"robots\" content=\"index, follow, max-snippet:-1, max-image-preview:large, max-video-preview:-1\" \/>\n<link rel=\"canonical\" href=\"https:\/\/sare.eus\/es\/nota-red-ciudadana-sare\/\" \/>\n<meta property=\"og:locale\" content=\"es_ES\" \/>\n<meta property=\"og:type\" content=\"article\" \/>\n<meta property=\"og:title\" content=\"NOTA | Red ciudadana SARE - Sare Herritarra\" \/>\n<meta property=\"og:description\" content=\"Una vez finalizadas las fiestas de Gasteiz y ante las pr\u00f3ximas fiestas de Donostia, Bilbo y otras localidades de Euskal Herria, la Red Ciudadana SARE, ante las reiteradas declaraciones que [&hellip;]\" \/>\n<meta property=\"og:url\" content=\"https:\/\/sare.eus\/es\/nota-red-ciudadana-sare\/\" \/>\n<meta property=\"og:site_name\" content=\"Sare Herritarra\" \/>\n<meta property=\"article:published_time\" content=\"2025-08-10T09:42:30+00:00\" \/>\n<meta property=\"article:modified_time\" content=\"2025-08-11T17:14:53+00:00\" \/>\n<meta property=\"og:image\" content=\"https:\/\/sare.eus\/wp-content\/uploads\/2025\/08\/photo_2025-08-10_14-14-41-e1754932470839.jpg\" \/>\n\t<meta property=\"og:image:width\" content=\"1230\" \/>\n\t<meta property=\"og:image:height\" content=\"760\" \/>\n\t<meta property=\"og:image:type\" content=\"image\/jpeg\" \/>\n<meta name=\"author\" content=\"sare\" \/>\n<meta name=\"twitter:card\" content=\"summary_large_image\" \/>\n<meta name=\"twitter:label1\" content=\"Escrito por\" \/>\n\t<meta name=\"twitter:data1\" content=\"sare\" \/>\n\t<meta name=\"twitter:label2\" content=\"Tiempo de lectura\" \/>\n\t<meta name=\"twitter:data2\" content=\"2 minutos\" \/>\n<script type=\"application\/ld+json\" class=\"yoast-schema-graph\">{\"@context\":\"https:\/\/schema.org\",\"@graph\":[{\"@type\":\"Article\",\"@id\":\"https:\/\/sare.eus\/es\/nota-red-ciudadana-sare\/#article\",\"isPartOf\":{\"@id\":\"https:\/\/sare.eus\/es\/nota-red-ciudadana-sare\/\"},\"author\":{\"name\":\"sare\",\"@id\":\"https:\/\/sare.eus\/#\/schema\/person\/2fe6d0df294f56313d3ab236dbe38e17\"},\"headline\":\"NOTA | Red ciudadana SARE\",\"datePublished\":\"2025-08-10T09:42:30+00:00\",\"dateModified\":\"2025-08-11T17:14:53+00:00\",\"mainEntityOfPage\":{\"@id\":\"https:\/\/sare.eus\/es\/nota-red-ciudadana-sare\/\"},\"wordCount\":317,\"publisher\":{\"@id\":\"https:\/\/sare.eus\/#organization\"},\"image\":{\"@id\":\"https:\/\/sare.eus\/es\/nota-red-ciudadana-sare\/#primaryimage\"},\"thumbnailUrl\":\"https:\/\/sare.eus\/wp-content\/uploads\/2025\/08\/photo_2025-08-10_14-14-41-e1754932470839.jpg\",\"articleSection\":[\"Etxera\"],\"inLanguage\":\"es\"},{\"@type\":\"WebPage\",\"@id\":\"https:\/\/sare.eus\/es\/nota-red-ciudadana-sare\/\",\"url\":\"https:\/\/sare.eus\/es\/nota-red-ciudadana-sare\/\",\"name\":\"NOTA | Red ciudadana SARE - Sare Herritarra\",\"isPartOf\":{\"@id\":\"https:\/\/sare.eus\/#website\"},\"primaryImageOfPage\":{\"@id\":\"https:\/\/sare.eus\/es\/nota-red-ciudadana-sare\/#primaryimage\"},\"image\":{\"@id\":\"https:\/\/sare.eus\/es\/nota-red-ciudadana-sare\/#primaryimage\"},\"thumbnailUrl\":\"https:\/\/sare.eus\/wp-content\/uploads\/2025\/08\/photo_2025-08-10_14-14-41-e1754932470839.jpg\",\"datePublished\":\"2025-08-10T09:42:30+00:00\",\"dateModified\":\"2025-08-11T17:14:53+00:00\",\"breadcrumb\":{\"@id\":\"https:\/\/sare.eus\/es\/nota-red-ciudadana-sare\/#breadcrumb\"},\"inLanguage\":\"es\",\"potentialAction\":[{\"@type\":\"ReadAction\",\"target\":[\"https:\/\/sare.eus\/es\/nota-red-ciudadana-sare\/\"]}]},{\"@type\":\"ImageObject\",\"inLanguage\":\"es\",\"@id\":\"https:\/\/sare.eus\/es\/nota-red-ciudadana-sare\/#primaryimage\",\"url\":\"https:\/\/sare.eus\/wp-content\/uploads\/2025\/08\/photo_2025-08-10_14-14-41-e1754932470839.jpg\",\"contentUrl\":\"https:\/\/sare.eus\/wp-content\/uploads\/2025\/08\/photo_2025-08-10_14-14-41-e1754932470839.jpg\",\"width\":1230,\"height\":760},{\"@type\":\"BreadcrumbList\",\"@id\":\"https:\/\/sare.eus\/es\/nota-red-ciudadana-sare\/#breadcrumb\",\"itemListElement\":[{\"@type\":\"ListItem\",\"position\":1,\"name\":\"Home\",\"item\":\"https:\/\/sare.eus\/\"},{\"@type\":\"ListItem\",\"position\":2,\"name\":\"NOTA | Red ciudadana SARE\"}]},{\"@type\":\"WebSite\",\"@id\":\"https:\/\/sare.eus\/#website\",\"url\":\"https:\/\/sare.eus\/\",\"name\":\"Sare Herritarra\",\"description\":\"KONPONBIDEAREN ETA GIZA ESKUBIDEEN ALDEKO SARE HERRITARRA\",\"publisher\":{\"@id\":\"https:\/\/sare.eus\/#organization\"},\"potentialAction\":[{\"@type\":\"SearchAction\",\"target\":{\"@type\":\"EntryPoint\",\"urlTemplate\":\"https:\/\/sare.eus\/?s={search_term_string}\"},\"query-input\":{\"@type\":\"PropertyValueSpecification\",\"valueRequired\":true,\"valueName\":\"search_term_string\"}}],\"inLanguage\":\"es\"},{\"@type\":\"Organization\",\"@id\":\"https:\/\/sare.eus\/#organization\",\"name\":\"Sare Herritarra\",\"url\":\"https:\/\/sare.eus\/\",\"logo\":{\"@type\":\"ImageObject\",\"inLanguage\":\"es\",\"@id\":\"https:\/\/sare.eus\/#\/schema\/logo\/image\/\",\"url\":\"https:\/\/sare.eus\/wp-content\/uploads\/2021\/08\/sare.png\",\"contentUrl\":\"https:\/\/sare.eus\/wp-content\/uploads\/2021\/08\/sare.png\",\"width\":120,\"height\":142,\"caption\":\"Sare Herritarra\"},\"image\":{\"@id\":\"https:\/\/sare.eus\/#\/schema\/logo\/image\/\"}},{\"@type\":\"Person\",\"@id\":\"https:\/\/sare.eus\/#\/schema\/person\/2fe6d0df294f56313d3ab236dbe38e17\",\"name\":\"sare\",\"image\":{\"@type\":\"ImageObject\",\"inLanguage\":\"es\",\"@id\":\"https:\/\/sare.eus\/#\/schema\/person\/image\/\",\"url\":\"https:\/\/secure.gravatar.com\/avatar\/77cad838677ceb1977e7b3c878b55eaa7fa4aae2158983063b047c3ad7ef2c25?s=96&d=mm&r=g\",\"contentUrl\":\"https:\/\/secure.gravatar.com\/avatar\/77cad838677ceb1977e7b3c878b55eaa7fa4aae2158983063b047c3ad7ef2c25?s=96&d=mm&r=g\",\"caption\":\"sare\"},\"url\":\"https:\/\/sare.eus\/es\/author\/sare\/\"}]}<\/script>\n<!-- \/ Yoast SEO plugin. -->","yoast_head_json":{"title":"NOTA | Red ciudadana SARE - Sare Herritarra","robots":{"index":"index","follow":"follow","max-snippet":"max-snippet:-1","max-image-preview":"max-image-preview:large","max-video-preview":"max-video-preview:-1"},"canonical":"https:\/\/sare.eus\/es\/nota-red-ciudadana-sare\/","og_locale":"es_ES","og_type":"article","og_title":"NOTA | Red ciudadana SARE - Sare Herritarra","og_description":"Una vez finalizadas las fiestas de Gasteiz y ante las pr\u00f3ximas fiestas de Donostia, Bilbo y otras localidades de Euskal Herria, la Red Ciudadana SARE, ante las reiteradas declaraciones que [&hellip;]","og_url":"https:\/\/sare.eus\/es\/nota-red-ciudadana-sare\/","og_site_name":"Sare Herritarra","article_published_time":"2025-08-10T09:42:30+00:00","article_modified_time":"2025-08-11T17:14:53+00:00","og_image":[{"width":1230,"height":760,"url":"https:\/\/sare.eus\/wp-content\/uploads\/2025\/08\/photo_2025-08-10_14-14-41-e1754932470839.jpg","type":"image\/jpeg"}],"author":"sare","twitter_card":"summary_large_image","twitter_misc":{"Escrito por":"sare","Tiempo de lectura":"2 minutos"},"schema":{"@context":"https:\/\/schema.org","@graph":[{"@type":"Article","@id":"https:\/\/sare.eus\/es\/nota-red-ciudadana-sare\/#article","isPartOf":{"@id":"https:\/\/sare.eus\/es\/nota-red-ciudadana-sare\/"},"author":{"name":"sare","@id":"https:\/\/sare.eus\/#\/schema\/person\/2fe6d0df294f56313d3ab236dbe38e17"},"headline":"NOTA | Red ciudadana SARE","datePublished":"2025-08-10T09:42:30+00:00","dateModified":"2025-08-11T17:14:53+00:00","mainEntityOfPage":{"@id":"https:\/\/sare.eus\/es\/nota-red-ciudadana-sare\/"},"wordCount":317,"publisher":{"@id":"https:\/\/sare.eus\/#organization"},"image":{"@id":"https:\/\/sare.eus\/es\/nota-red-ciudadana-sare\/#primaryimage"},"thumbnailUrl":"https:\/\/sare.eus\/wp-content\/uploads\/2025\/08\/photo_2025-08-10_14-14-41-e1754932470839.jpg","articleSection":["Etxera"],"inLanguage":"es"},{"@type":"WebPage","@id":"https:\/\/sare.eus\/es\/nota-red-ciudadana-sare\/","url":"https:\/\/sare.eus\/es\/nota-red-ciudadana-sare\/","name":"NOTA | Red ciudadana SARE - Sare Herritarra","isPartOf":{"@id":"https:\/\/sare.eus\/#website"},"primaryImageOfPage":{"@id":"https:\/\/sare.eus\/es\/nota-red-ciudadana-sare\/#primaryimage"},"image":{"@id":"https:\/\/sare.eus\/es\/nota-red-ciudadana-sare\/#primaryimage"},"thumbnailUrl":"https:\/\/sare.eus\/wp-content\/uploads\/2025\/08\/photo_2025-08-10_14-14-41-e1754932470839.jpg","datePublished":"2025-08-10T09:42:30+00:00","dateModified":"2025-08-11T17:14:53+00:00","breadcrumb":{"@id":"https:\/\/sare.eus\/es\/nota-red-ciudadana-sare\/#breadcrumb"},"inLanguage":"es","potentialAction":[{"@type":"ReadAction","target":["https:\/\/sare.eus\/es\/nota-red-ciudadana-sare\/"]}]},{"@type":"ImageObject","inLanguage":"es","@id":"https:\/\/sare.eus\/es\/nota-red-ciudadana-sare\/#primaryimage","url":"https:\/\/sare.eus\/wp-content\/uploads\/2025\/08\/photo_2025-08-10_14-14-41-e1754932470839.jpg","contentUrl":"https:\/\/sare.eus\/wp-content\/uploads\/2025\/08\/photo_2025-08-10_14-14-41-e1754932470839.jpg","width":1230,"height":760},{"@type":"BreadcrumbList","@id":"https:\/\/sare.eus\/es\/nota-red-ciudadana-sare\/#breadcrumb","itemListElement":[{"@type":"ListItem","position":1,"name":"Home","item":"https:\/\/sare.eus\/"},{"@type":"ListItem","position":2,"name":"NOTA | Red ciudadana SARE"}]},{"@type":"WebSite","@id":"https:\/\/sare.eus\/#website","url":"https:\/\/sare.eus\/","name":"Sare Herritarra","description":"KONPONBIDEAREN ETA GIZA ESKUBIDEEN ALDEKO SARE HERRITARRA","publisher":{"@id":"https:\/\/sare.eus\/#organization"},"potentialAction":[{"@type":"SearchAction","target":{"@type":"EntryPoint","urlTemplate":"https:\/\/sare.eus\/?s={search_term_string}"},"query-input":{"@type":"PropertyValueSpecification","valueRequired":true,"valueName":"search_term_string"}}],"inLanguage":"es"},{"@type":"Organization","@id":"https:\/\/sare.eus\/#organization","name":"Sare Herritarra","url":"https:\/\/sare.eus\/","logo":{"@type":"ImageObject","inLanguage":"es","@id":"https:\/\/sare.eus\/#\/schema\/logo\/image\/","url":"https:\/\/sare.eus\/wp-content\/uploads\/2021\/08\/sare.png","contentUrl":"https:\/\/sare.eus\/wp-content\/uploads\/2021\/08\/sare.png","width":120,"height":142,"caption":"Sare Herritarra"},"image":{"@id":"https:\/\/sare.eus\/#\/schema\/logo\/image\/"}},{"@type":"Person","@id":"https:\/\/sare.eus\/#\/schema\/person\/2fe6d0df294f56313d3ab236dbe38e17","name":"sare","image":{"@type":"ImageObject","inLanguage":"es","@id":"https:\/\/sare.eus\/#\/schema\/person\/image\/","url":"https:\/\/secure.gravatar.com\/avatar\/77cad838677ceb1977e7b3c878b55eaa7fa4aae2158983063b047c3ad7ef2c25?s=96&d=mm&r=g","contentUrl":"https:\/\/secure.gravatar.com\/avatar\/77cad838677ceb1977e7b3c878b55eaa7fa4aae2158983063b047c3ad7ef2c25?s=96&d=mm&r=g","caption":"sare"},"url":"https:\/\/sare.eus\/es\/author\/sare\/"}]}},"_links":{"self":[{"href":"https:\/\/sare.eus\/es\/wp-json\/wp\/v2\/posts\/8324","targetHints":{"allow":["GET"]}}],"collection":[{"href":"https:\/\/sare.eus\/es\/wp-json\/wp\/v2\/posts"}],"about":[{"href":"https:\/\/sare.eus\/es\/wp-json\/wp\/v2\/types\/post"}],"author":[{"embeddable":true,"href":"https:\/\/sare.eus\/es\/wp-json\/wp\/v2\/users\/2"}],"replies":[{"embeddable":true,"href":"https:\/\/sare.eus\/es\/wp-json\/wp\/v2\/comments?post=8324"}],"version-history":[{"count":2,"href":"https:\/\/sare.eus\/es\/wp-json\/wp\/v2\/posts\/8324\/revisions"}],"predecessor-version":[{"id":8326,"href":"https:\/\/sare.eus\/es\/wp-json\/wp\/v2\/posts\/8324\/revisions\/8326"}],"wp:featuredmedia":[{"embeddable":true,"href":"https:\/\/sare.eus\/es\/wp-json\/wp\/v2\/media\/8332"}],"wp:attachment":[{"href":"https:\/\/sare.eus\/es\/wp-json\/wp\/v2\/media?parent=8324"}],"wp:term":[{"taxonomy":"category","embeddable":true,"href":"https:\/\/sare.eus\/es\/wp-json\/wp\/v2\/categories?post=8324"},{"taxonomy":"post_tag","embeddable":true,"href":"https:\/\/sare.eus\/es\/wp-json\/wp\/v2\/tags?post=8324"}],"curies":[{"name":"wp","href":"https:\/\/api.w.org\/{rel}","templated":true}]}}