{"id":8268,"date":"2025-08-03T12:34:28","date_gmt":"2025-08-03T11:34:28","guid":{"rendered":"https:\/\/sare.eus\/?p=8268"},"modified":"2025-08-04T15:30:33","modified_gmt":"2025-08-04T14:30:33","slug":"como-cada-ano-nos-volvemos-a-juntar-en-diferentes-playas-de-eh-para-reivindicar-la-vuelta-a-casa-de-las-y-los-presos-refugiados-y-deportados-vascos","status":"publish","type":"post","link":"https:\/\/sare.eus\/es\/como-cada-ano-nos-volvemos-a-juntar-en-diferentes-playas-de-eh-para-reivindicar-la-vuelta-a-casa-de-las-y-los-presos-refugiados-y-deportados-vascos\/","title":{"rendered":"Como cada a\u00f1o, nos volvemos a juntar en diferentes playas de EH para reivindicar la vuelta a casa de las y los presos, refugiados y deportados vascos."},"content":{"rendered":"<p>Tal y como venimos haciendo cada a\u00f1o, nos volvemos a juntar en diferentes playas de Euskal Herria para reivindicar la vuelta a casa de de las y los presos, refugiados\u00a0 y deportados vascos. Etxerat y Sare nos volvemos a juntar hoy para exigir el fin del sufrimiento que las consecuencias del conflicto han generando y siguen generando a d\u00eda de hoy.<\/p>\n<p><iframe loading=\"lazy\" title=\"YouTube video player\" src=\"https:\/\/www.youtube.com\/embed\/6O9bDgYfkCQ?si=4ioQqyr9VeZzTr0i\" width=\"560\" height=\"315\" frameborder=\"0\" allowfullscreen=\"allowfullscreen\"><\/iframe><\/p>\n<p>Bajo el lema \u201cBehin Betiko Azken Txanpa Etxera\u201d, nos estamos movilizando en 11 playas de hego Euskal Herria. El objetivo es el mismo en todas ellas: acabar de una vez por todas con el sufrimiento, reivindicar la paz y avanzar a escenarios de convivencia.<\/p>\n<p>\u201cAzken txanpa\u201d es un t\u00e9rmino que utilizamos para referirnos a los finales. Pero sabemos que esos finales, en ocasiones, suelen ser muy duros y largos. De hecho, esta fase de vuelta a casa de las y los presos, refugiados\u00a0 y deportados est\u00e1 siendo muy dura y, todo ello cuando se van a cumplir 15 a\u00f1os de que ETA abandonara su actividad armada. Pero cogimos la ola y es evidente que los pasos dados en ese proceso han dado sus frutos.<\/p>\n<p>A d\u00eda de hoy, son 56 las y los presos que est\u00e1n cumpliendo sus condenas en r\u00e9gimen abierto y esa es una se\u00f1al clara de que hemos sabido coger esa ola. Pero son muchas las victimas de diferentes violencias que todav\u00eda esperan verdad, justicia y reparaci\u00f3n. Y qu\u00e9 decir de las y los exiliados y deportados que han sido obligados a pasar largos a\u00f1os de exilio y deportaci\u00f3n.<\/p>\n<p>Por todo ello, decimos \u201cBehin betiko txanpa\u201d. Porque las \u00faltimas \u201ctxanpas\u201d necesitan de lo \u00faltimos empujones para superar todas las consecuencias del conflicto y dar pasos a favor de la resoluci\u00f3n, la paz y la convivencia. Y porque el sufrimiento persiste a\u00fan, es necesario que la mayor\u00eda de la ciudadan\u00eda de Euskal Herria mantenga el apoyo a la vuelta a casa de las y los represaliados vascos. Es necesario, pues, seguir moviliz\u00e1ndose, porque solo as\u00ed conseguiremos dar por finalizada la \u00faltima \u201ctxanpa\u201d.<\/p>\n<p>&nbsp;<\/p>\n\n\t\t<style type=\"text\/css\">\n\t\t\t#gallery-1 {\n\t\t\t\tmargin: auto;\n\t\t\t}\n\t\t\t#gallery-1 .gallery-item {\n\t\t\t\tfloat: left;\n\t\t\t\tmargin-top: 10px;\n\t\t\t\ttext-align: center;\n\t\t\t\twidth: 50%;\n\t\t\t}\n\t\t\t#gallery-1 img {\n\t\t\t\tborder: 2px solid #cfcfcf;\n\t\t\t}\n\t\t\t#gallery-1 .gallery-caption {\n\t\t\t\tmargin-left: 0;\n\t\t\t}\n\t\t\t\/* see gallery_shortcode() in wp-includes\/media.php *\/\n\t\t<\/style>\n\t\t<div id='gallery-1' class='gallery galleryid-8268 gallery-columns-2 gallery-size-medium'><dl class='gallery-item'>\n\t\t\t<dt class='gallery-icon landscape'>\n\t\t\t\t<a href='https:\/\/sare.eus\/es\/como-cada-ano-nos-volvemos-a-juntar-en-diferentes-playas-de-eh-para-reivindicar-la-vuelta-a-casa-de-las-y-los-presos-refugiados-y-deportados-vascos\/bakio-2\/'><img loading=\"lazy\" decoding=\"async\" width=\"300\" height=\"117\" src=\"https:\/\/sare.eus\/wp-content\/uploads\/2025\/08\/BAKIO-300x117.jpeg\" class=\"attachment-medium size-medium\" alt=\"\" aria-describedby=\"gallery-1-8276\" srcset=\"https:\/\/sare.eus\/wp-content\/uploads\/2025\/08\/BAKIO-300x117.jpeg 300w, https:\/\/sare.eus\/wp-content\/uploads\/2025\/08\/BAKIO-1024x400.jpeg 1024w, https:\/\/sare.eus\/wp-content\/uploads\/2025\/08\/BAKIO-768x300.jpeg 768w, https:\/\/sare.eus\/wp-content\/uploads\/2025\/08\/BAKIO-1536x600.jpeg 1536w, https:\/\/sare.eus\/wp-content\/uploads\/2025\/08\/BAKIO-1080x422.jpeg 1080w, https:\/\/sare.eus\/wp-content\/uploads\/2025\/08\/BAKIO.jpeg 1600w\" sizes=\"(max-width: 300px) 100vw, 300px\" \/><\/a>\n\t\t\t<\/dt>\n\t\t\t\t<dd class='wp-caption-text gallery-caption' id='gallery-1-8276'>\n\t\t\t\tBAKIO\n\t\t\t\t<\/dd><\/dl><dl class='gallery-item'>\n\t\t\t<dt class='gallery-icon landscape'>\n\t\t\t\t<a href='https:\/\/sare.eus\/es\/como-cada-ano-nos-volvemos-a-juntar-en-diferentes-playas-de-eh-para-reivindicar-la-vuelta-a-casa-de-las-y-los-presos-refugiados-y-deportados-vascos\/deba-2\/'><img loading=\"lazy\" decoding=\"async\" width=\"300\" height=\"135\" src=\"https:\/\/sare.eus\/wp-content\/uploads\/2025\/08\/DEBA-300x135.jpeg\" class=\"attachment-medium size-medium\" alt=\"\" aria-describedby=\"gallery-1-8278\" srcset=\"https:\/\/sare.eus\/wp-content\/uploads\/2025\/08\/DEBA-300x135.jpeg 300w, https:\/\/sare.eus\/wp-content\/uploads\/2025\/08\/DEBA-1024x461.jpeg 1024w, https:\/\/sare.eus\/wp-content\/uploads\/2025\/08\/DEBA-768x346.jpeg 768w, https:\/\/sare.eus\/wp-content\/uploads\/2025\/08\/DEBA-1536x691.jpeg 1536w, https:\/\/sare.eus\/wp-content\/uploads\/2025\/08\/DEBA-1080x486.jpeg 1080w, https:\/\/sare.eus\/wp-content\/uploads\/2025\/08\/DEBA.jpeg 2000w\" sizes=\"(max-width: 300px) 100vw, 300px\" \/><\/a>\n\t\t\t<\/dt>\n\t\t\t\t<dd class='wp-caption-text gallery-caption' id='gallery-1-8278'>\n\t\t\t\tDEBA \n\t\t\t\t<\/dd><\/dl><br style=\"clear: both\" \/><dl class='gallery-item'>\n\t\t\t<dt class='gallery-icon landscape'>\n\t\t\t\t<a href='https:\/\/sare.eus\/es\/como-cada-ano-nos-volvemos-a-juntar-en-diferentes-playas-de-eh-para-reivindicar-la-vuelta-a-casa-de-las-y-los-presos-refugiados-y-deportados-vascos\/donostia-2-2\/'><img loading=\"lazy\" decoding=\"async\" width=\"300\" height=\"200\" src=\"https:\/\/sare.eus\/wp-content\/uploads\/2025\/08\/DONOSTIA-300x200.jpeg\" class=\"attachment-medium size-medium\" alt=\"\" aria-describedby=\"gallery-1-8280\" srcset=\"https:\/\/sare.eus\/wp-content\/uploads\/2025\/08\/DONOSTIA-300x200.jpeg 300w, https:\/\/sare.eus\/wp-content\/uploads\/2025\/08\/DONOSTIA-1024x682.jpeg 1024w, https:\/\/sare.eus\/wp-content\/uploads\/2025\/08\/DONOSTIA-768x512.jpeg 768w, https:\/\/sare.eus\/wp-content\/uploads\/2025\/08\/DONOSTIA-1536x1023.jpeg 1536w, https:\/\/sare.eus\/wp-content\/uploads\/2025\/08\/DONOSTIA-1080x720.jpeg 1080w, https:\/\/sare.eus\/wp-content\/uploads\/2025\/08\/DONOSTIA.jpeg 1600w\" sizes=\"(max-width: 300px) 100vw, 300px\" \/><\/a>\n\t\t\t<\/dt>\n\t\t\t\t<dd class='wp-caption-text gallery-caption' id='gallery-1-8280'>\n\t\t\t\tDONOSTIA \n\t\t\t\t<\/dd><\/dl><dl class='gallery-item'>\n\t\t\t<dt class='gallery-icon landscape'>\n\t\t\t\t<a href='https:\/\/sare.eus\/es\/como-cada-ano-nos-volvemos-a-juntar-en-diferentes-playas-de-eh-para-reivindicar-la-vuelta-a-casa-de-las-y-los-presos-refugiados-y-deportados-vascos\/ea-2\/'><img loading=\"lazy\" decoding=\"async\" width=\"300\" height=\"225\" src=\"https:\/\/sare.eus\/wp-content\/uploads\/2025\/08\/EA-300x225.jpeg\" class=\"attachment-medium size-medium\" alt=\"\" aria-describedby=\"gallery-1-8282\" srcset=\"https:\/\/sare.eus\/wp-content\/uploads\/2025\/08\/EA-300x225.jpeg 300w, https:\/\/sare.eus\/wp-content\/uploads\/2025\/08\/EA-1024x768.jpeg 1024w, https:\/\/sare.eus\/wp-content\/uploads\/2025\/08\/EA-768x576.jpeg 768w, https:\/\/sare.eus\/wp-content\/uploads\/2025\/08\/EA-1536x1152.jpeg 1536w, https:\/\/sare.eus\/wp-content\/uploads\/2025\/08\/EA-1080x810.jpeg 1080w, https:\/\/sare.eus\/wp-content\/uploads\/2025\/08\/EA.jpeg 1600w\" sizes=\"(max-width: 300px) 100vw, 300px\" \/><\/a>\n\t\t\t<\/dt>\n\t\t\t\t<dd class='wp-caption-text gallery-caption' id='gallery-1-8282'>\n\t\t\t\tEA\n\t\t\t\t<\/dd><\/dl><br style=\"clear: both\" \/><dl class='gallery-item'>\n\t\t\t<dt class='gallery-icon landscape'>\n\t\t\t\t<a href='https:\/\/sare.eus\/es\/como-cada-ano-nos-volvemos-a-juntar-en-diferentes-playas-de-eh-para-reivindicar-la-vuelta-a-casa-de-las-y-los-presos-refugiados-y-deportados-vascos\/laga-2\/'><img loading=\"lazy\" decoding=\"async\" width=\"300\" height=\"225\" src=\"https:\/\/sare.eus\/wp-content\/uploads\/2025\/08\/LAGA-300x225.jpeg\" class=\"attachment-medium size-medium\" alt=\"\" aria-describedby=\"gallery-1-8284\" srcset=\"https:\/\/sare.eus\/wp-content\/uploads\/2025\/08\/LAGA-300x225.jpeg 300w, https:\/\/sare.eus\/wp-content\/uploads\/2025\/08\/LAGA-1024x768.jpeg 1024w, https:\/\/sare.eus\/wp-content\/uploads\/2025\/08\/LAGA-768x576.jpeg 768w, https:\/\/sare.eus\/wp-content\/uploads\/2025\/08\/LAGA-1536x1152.jpeg 1536w, https:\/\/sare.eus\/wp-content\/uploads\/2025\/08\/LAGA-1080x810.jpeg 1080w, https:\/\/sare.eus\/wp-content\/uploads\/2025\/08\/LAGA.jpeg 1600w\" sizes=\"(max-width: 300px) 100vw, 300px\" \/><\/a>\n\t\t\t<\/dt>\n\t\t\t\t<dd class='wp-caption-text gallery-caption' id='gallery-1-8284'>\n\t\t\t\tLAGA\n\t\t\t\t<\/dd><\/dl><dl class='gallery-item'>\n\t\t\t<dt class='gallery-icon landscape'>\n\t\t\t\t<a href='https:\/\/sare.eus\/es\/como-cada-ano-nos-volvemos-a-juntar-en-diferentes-playas-de-eh-para-reivindicar-la-vuelta-a-casa-de-las-y-los-presos-refugiados-y-deportados-vascos\/laida-2\/'><img loading=\"lazy\" decoding=\"async\" width=\"300\" height=\"225\" src=\"https:\/\/sare.eus\/wp-content\/uploads\/2025\/08\/LAIDA-300x225.jpeg\" class=\"attachment-medium size-medium\" alt=\"\" aria-describedby=\"gallery-1-8287\" srcset=\"https:\/\/sare.eus\/wp-content\/uploads\/2025\/08\/LAIDA-300x225.jpeg 300w, https:\/\/sare.eus\/wp-content\/uploads\/2025\/08\/LAIDA-1024x768.jpeg 1024w, https:\/\/sare.eus\/wp-content\/uploads\/2025\/08\/LAIDA-768x576.jpeg 768w, https:\/\/sare.eus\/wp-content\/uploads\/2025\/08\/LAIDA-1536x1152.jpeg 1536w, https:\/\/sare.eus\/wp-content\/uploads\/2025\/08\/LAIDA-1080x810.jpeg 1080w, https:\/\/sare.eus\/wp-content\/uploads\/2025\/08\/LAIDA.jpeg 2040w\" sizes=\"(max-width: 300px) 100vw, 300px\" \/><\/a>\n\t\t\t<\/dt>\n\t\t\t\t<dd class='wp-caption-text gallery-caption' id='gallery-1-8287'>\n\t\t\t\tLAIDA\n\t\t\t\t<\/dd><\/dl><br style=\"clear: both\" \/><dl class='gallery-item'>\n\t\t\t<dt class='gallery-icon landscape'>\n\t\t\t\t<a href='https:\/\/sare.eus\/es\/como-cada-ano-nos-volvemos-a-juntar-en-diferentes-playas-de-eh-para-reivindicar-la-vuelta-a-casa-de-las-y-los-presos-refugiados-y-deportados-vascos\/las-arenas-2\/'><img loading=\"lazy\" decoding=\"async\" width=\"300\" height=\"225\" src=\"https:\/\/sare.eus\/wp-content\/uploads\/2025\/08\/LAS-ARENAS-300x225.jpeg\" class=\"attachment-medium size-medium\" alt=\"\" aria-describedby=\"gallery-1-8289\" srcset=\"https:\/\/sare.eus\/wp-content\/uploads\/2025\/08\/LAS-ARENAS-300x225.jpeg 300w, https:\/\/sare.eus\/wp-content\/uploads\/2025\/08\/LAS-ARENAS-1024x768.jpeg 1024w, https:\/\/sare.eus\/wp-content\/uploads\/2025\/08\/LAS-ARENAS-768x576.jpeg 768w, https:\/\/sare.eus\/wp-content\/uploads\/2025\/08\/LAS-ARENAS-1536x1152.jpeg 1536w, https:\/\/sare.eus\/wp-content\/uploads\/2025\/08\/LAS-ARENAS-1080x810.jpeg 1080w, https:\/\/sare.eus\/wp-content\/uploads\/2025\/08\/LAS-ARENAS.jpeg 2032w\" sizes=\"(max-width: 300px) 100vw, 300px\" \/><\/a>\n\t\t\t<\/dt>\n\t\t\t\t<dd class='wp-caption-text gallery-caption' id='gallery-1-8289'>\n\t\t\t\tMUSKIZ-ZIERBENA\n\t\t\t\t<\/dd><\/dl><dl class='gallery-item'>\n\t\t\t<dt class='gallery-icon landscape'>\n\t\t\t\t<a href='https:\/\/sare.eus\/es\/como-cada-ano-nos-volvemos-a-juntar-en-diferentes-playas-de-eh-para-reivindicar-la-vuelta-a-casa-de-las-y-los-presos-refugiados-y-deportados-vascos\/lekeitio-2\/'><img loading=\"lazy\" decoding=\"async\" width=\"300\" height=\"225\" src=\"https:\/\/sare.eus\/wp-content\/uploads\/2025\/08\/LEKEITIO-300x225.jpeg\" class=\"attachment-medium size-medium\" alt=\"\" aria-describedby=\"gallery-1-8291\" srcset=\"https:\/\/sare.eus\/wp-content\/uploads\/2025\/08\/LEKEITIO-300x225.jpeg 300w, https:\/\/sare.eus\/wp-content\/uploads\/2025\/08\/LEKEITIO-1024x768.jpeg 1024w, https:\/\/sare.eus\/wp-content\/uploads\/2025\/08\/LEKEITIO-768x576.jpeg 768w, https:\/\/sare.eus\/wp-content\/uploads\/2025\/08\/LEKEITIO-1536x1152.jpeg 1536w, https:\/\/sare.eus\/wp-content\/uploads\/2025\/08\/LEKEITIO-1080x810.jpeg 1080w, https:\/\/sare.eus\/wp-content\/uploads\/2025\/08\/LEKEITIO.jpeg 1600w\" sizes=\"(max-width: 300px) 100vw, 300px\" \/><\/a>\n\t\t\t<\/dt>\n\t\t\t\t<dd class='wp-caption-text gallery-caption' id='gallery-1-8291'>\n\t\t\t\tLEKEITIO\n\t\t\t\t<\/dd><\/dl><br style=\"clear: both\" \/><dl class='gallery-item'>\n\t\t\t<dt class='gallery-icon landscape'>\n\t\t\t\t<a href='https:\/\/sare.eus\/es\/como-cada-ano-nos-volvemos-a-juntar-en-diferentes-playas-de-eh-para-reivindicar-la-vuelta-a-casa-de-las-y-los-presos-refugiados-y-deportados-vascos\/mundaka-2\/'><img loading=\"lazy\" decoding=\"async\" width=\"300\" height=\"129\" src=\"https:\/\/sare.eus\/wp-content\/uploads\/2025\/08\/MUNDAKA-300x129.jpeg\" class=\"attachment-medium size-medium\" alt=\"\" aria-describedby=\"gallery-1-8293\" srcset=\"https:\/\/sare.eus\/wp-content\/uploads\/2025\/08\/MUNDAKA-300x129.jpeg 300w, https:\/\/sare.eus\/wp-content\/uploads\/2025\/08\/MUNDAKA-1024x439.jpeg 1024w, https:\/\/sare.eus\/wp-content\/uploads\/2025\/08\/MUNDAKA-768x329.jpeg 768w, https:\/\/sare.eus\/wp-content\/uploads\/2025\/08\/MUNDAKA-1536x659.jpeg 1536w, https:\/\/sare.eus\/wp-content\/uploads\/2025\/08\/MUNDAKA-1080x463.jpeg 1080w, https:\/\/sare.eus\/wp-content\/uploads\/2025\/08\/MUNDAKA.jpeg 1795w\" sizes=\"(max-width: 300px) 100vw, 300px\" \/><\/a>\n\t\t\t<\/dt>\n\t\t\t\t<dd class='wp-caption-text gallery-caption' id='gallery-1-8293'>\n\t\t\t\tMUNDAKA\n\t\t\t\t<\/dd><\/dl><dl class='gallery-item'>\n\t\t\t<dt class='gallery-icon landscape'>\n\t\t\t\t<a href='https:\/\/sare.eus\/es\/como-cada-ano-nos-volvemos-a-juntar-en-diferentes-playas-de-eh-para-reivindicar-la-vuelta-a-casa-de-las-y-los-presos-refugiados-y-deportados-vascos\/ondarru-2\/'><img loading=\"lazy\" decoding=\"async\" width=\"300\" height=\"225\" src=\"https:\/\/sare.eus\/wp-content\/uploads\/2025\/08\/ONDARRU-300x225.jpeg\" class=\"attachment-medium size-medium\" alt=\"\" aria-describedby=\"gallery-1-8295\" srcset=\"https:\/\/sare.eus\/wp-content\/uploads\/2025\/08\/ONDARRU-300x225.jpeg 300w, https:\/\/sare.eus\/wp-content\/uploads\/2025\/08\/ONDARRU-1024x768.jpeg 1024w, https:\/\/sare.eus\/wp-content\/uploads\/2025\/08\/ONDARRU-768x576.jpeg 768w, https:\/\/sare.eus\/wp-content\/uploads\/2025\/08\/ONDARRU-1536x1152.jpeg 1536w, https:\/\/sare.eus\/wp-content\/uploads\/2025\/08\/ONDARRU-2048x1536.jpeg 2048w, https:\/\/sare.eus\/wp-content\/uploads\/2025\/08\/ONDARRU-1080x810.jpeg 1080w\" sizes=\"(max-width: 300px) 100vw, 300px\" \/><\/a>\n\t\t\t<\/dt>\n\t\t\t\t<dd class='wp-caption-text gallery-caption' id='gallery-1-8295'>\n\t\t\t\tONDARRU\n\t\t\t\t<\/dd><\/dl><br style=\"clear: both\" \/><dl class='gallery-item'>\n\t\t\t<dt class='gallery-icon landscape'>\n\t\t\t\t<a href='https:\/\/sare.eus\/es\/como-cada-ano-nos-volvemos-a-juntar-en-diferentes-playas-de-eh-para-reivindicar-la-vuelta-a-casa-de-las-y-los-presos-refugiados-y-deportados-vascos\/orio-2\/'><img loading=\"lazy\" decoding=\"async\" width=\"300\" height=\"225\" src=\"https:\/\/sare.eus\/wp-content\/uploads\/2025\/08\/ORIO-300x225.jpeg\" class=\"attachment-medium size-medium\" alt=\"\" aria-describedby=\"gallery-1-8297\" srcset=\"https:\/\/sare.eus\/wp-content\/uploads\/2025\/08\/ORIO-300x225.jpeg 300w, https:\/\/sare.eus\/wp-content\/uploads\/2025\/08\/ORIO-1024x768.jpeg 1024w, https:\/\/sare.eus\/wp-content\/uploads\/2025\/08\/ORIO-768x576.jpeg 768w, https:\/\/sare.eus\/wp-content\/uploads\/2025\/08\/ORIO-1536x1152.jpeg 1536w, https:\/\/sare.eus\/wp-content\/uploads\/2025\/08\/ORIO-1080x810.jpeg 1080w, https:\/\/sare.eus\/wp-content\/uploads\/2025\/08\/ORIO.jpeg 1600w\" sizes=\"(max-width: 300px) 100vw, 300px\" \/><\/a>\n\t\t\t<\/dt>\n\t\t\t\t<dd class='wp-caption-text gallery-caption' id='gallery-1-8297'>\n\t\t\t\tORIO\n\t\t\t\t<\/dd><\/dl>\n\t\t\t<br style='clear: both' \/>\n\t\t<\/div>\n\n<hr \/>\n<p><strong>HURRENGO DEIALDIAK<\/strong><\/p>\n\n\t\t<style type=\"text\/css\">\n\t\t\t#gallery-2 {\n\t\t\t\tmargin: auto;\n\t\t\t}\n\t\t\t#gallery-2 .gallery-item {\n\t\t\t\tfloat: left;\n\t\t\t\tmargin-top: 10px;\n\t\t\t\ttext-align: center;\n\t\t\t\twidth: 33%;\n\t\t\t}\n\t\t\t#gallery-2 img {\n\t\t\t\tborder: 2px solid #cfcfcf;\n\t\t\t}\n\t\t\t#gallery-2 .gallery-caption {\n\t\t\t\tmargin-left: 0;\n\t\t\t}\n\t\t\t\/* see gallery_shortcode() in wp-includes\/media.php *\/\n\t\t<\/style>\n\t\t<div id='gallery-2' class='gallery galleryid-8268 gallery-columns-3 gallery-size-large'><dl class='gallery-item'>\n\t\t\t<dt class='gallery-icon portrait'>\n\t\t\t\t<a href='https:\/\/sare.eus\/es\/como-cada-ano-nos-volvemos-a-juntar-en-diferentes-playas-de-eh-para-reivindicar-la-vuelta-a-casa-de-las-y-los-presos-refugiados-y-deportados-vascos\/ab-05-gasteiz-2025-2\/'><img loading=\"lazy\" decoding=\"async\" width=\"724\" height=\"1024\" src=\"https:\/\/sare.eus\/wp-content\/uploads\/2025\/08\/AB-05-GASTEIZ-2025-724x1024.jpg\" class=\"attachment-large size-large\" alt=\"\" aria-describedby=\"gallery-2-8262\" srcset=\"https:\/\/sare.eus\/wp-content\/uploads\/2025\/08\/AB-05-GASTEIZ-2025-724x1024.jpg 724w, https:\/\/sare.eus\/wp-content\/uploads\/2025\/08\/AB-05-GASTEIZ-2025-212x300.jpg 212w, https:\/\/sare.eus\/wp-content\/uploads\/2025\/08\/AB-05-GASTEIZ-2025-768x1086.jpg 768w, https:\/\/sare.eus\/wp-content\/uploads\/2025\/08\/AB-05-GASTEIZ-2025-1086x1536.jpg 1086w, https:\/\/sare.eus\/wp-content\/uploads\/2025\/08\/AB-05-GASTEIZ-2025-1448x2048.jpg 1448w, https:\/\/sare.eus\/wp-content\/uploads\/2025\/08\/AB-05-GASTEIZ-2025-1080x1527.jpg 1080w, https:\/\/sare.eus\/wp-content\/uploads\/2025\/08\/AB-05-GASTEIZ-2025-scaled.jpg 1810w\" sizes=\"(max-width: 724px) 100vw, 724px\" \/><\/a>\n\t\t\t<\/dt>\n\t\t\t\t<dd class='wp-caption-text gallery-caption' id='gallery-2-8262'>\n\t\t\t\tGASTEIZ\n\t\t\t\t<\/dd><\/dl><dl class='gallery-item'>\n\t\t\t<dt class='gallery-icon portrait'>\n\t\t\t\t<a href='https:\/\/sare.eus\/es\/como-cada-ano-nos-volvemos-a-juntar-en-diferentes-playas-de-eh-para-reivindicar-la-vuelta-a-casa-de-las-y-los-presos-refugiados-y-deportados-vascos\/ab-16-donostia-2\/'><img loading=\"lazy\" decoding=\"async\" width=\"724\" height=\"1024\" src=\"https:\/\/sare.eus\/wp-content\/uploads\/2025\/08\/Ab-16-Donostia-724x1024.jpg\" class=\"attachment-large size-large\" alt=\"\" aria-describedby=\"gallery-2-8264\" srcset=\"https:\/\/sare.eus\/wp-content\/uploads\/2025\/08\/Ab-16-Donostia-724x1024.jpg 724w, https:\/\/sare.eus\/wp-content\/uploads\/2025\/08\/Ab-16-Donostia-212x300.jpg 212w, https:\/\/sare.eus\/wp-content\/uploads\/2025\/08\/Ab-16-Donostia-768x1086.jpg 768w, https:\/\/sare.eus\/wp-content\/uploads\/2025\/08\/Ab-16-Donostia-1086x1536.jpg 1086w, https:\/\/sare.eus\/wp-content\/uploads\/2025\/08\/Ab-16-Donostia-1448x2048.jpg 1448w, https:\/\/sare.eus\/wp-content\/uploads\/2025\/08\/Ab-16-Donostia-1080x1527.jpg 1080w, https:\/\/sare.eus\/wp-content\/uploads\/2025\/08\/Ab-16-Donostia-scaled.jpg 1811w\" sizes=\"(max-width: 724px) 100vw, 724px\" \/><\/a>\n\t\t\t<\/dt>\n\t\t\t\t<dd class='wp-caption-text gallery-caption' id='gallery-2-8264'>\n\t\t\t\tDONOSTIA \n\t\t\t\t<\/dd><\/dl><dl class='gallery-item'>\n\t\t\t<dt class='gallery-icon portrait'>\n\t\t\t\t<a href='https:\/\/sare.eus\/es\/como-cada-ano-nos-volvemos-a-juntar-en-diferentes-playas-de-eh-para-reivindicar-la-vuelta-a-casa-de-las-y-los-presos-refugiados-y-deportados-vascos\/ab-22-bilbo-2\/'><img loading=\"lazy\" decoding=\"async\" width=\"425\" height=\"1024\" src=\"https:\/\/sare.eus\/wp-content\/uploads\/2025\/08\/Ab-22-Bilbo-425x1024.jpg\" class=\"attachment-large size-large\" alt=\"\" aria-describedby=\"gallery-2-8266\" srcset=\"https:\/\/sare.eus\/wp-content\/uploads\/2025\/08\/Ab-22-Bilbo-425x1024.jpg 425w, https:\/\/sare.eus\/wp-content\/uploads\/2025\/08\/Ab-22-Bilbo-124x300.jpg 124w, https:\/\/sare.eus\/wp-content\/uploads\/2025\/08\/Ab-22-Bilbo-768x1851.jpg 768w, https:\/\/sare.eus\/wp-content\/uploads\/2025\/08\/Ab-22-Bilbo-637x1536.jpg 637w, https:\/\/sare.eus\/wp-content\/uploads\/2025\/08\/Ab-22-Bilbo-850x2048.jpg 850w, https:\/\/sare.eus\/wp-content\/uploads\/2025\/08\/Ab-22-Bilbo-1080x2603.jpg 1080w, https:\/\/sare.eus\/wp-content\/uploads\/2025\/08\/Ab-22-Bilbo-scaled.jpg 1062w\" sizes=\"(max-width: 425px) 100vw, 425px\" \/><\/a>\n\t\t\t<\/dt>\n\t\t\t\t<dd class='wp-caption-text gallery-caption' id='gallery-2-8266'>\n\t\t\t\tBILBO\n\t\t\t\t<\/dd><\/dl><br style=\"clear: both\" \/>\n\t\t<\/div>\n\n<p>&nbsp;<\/p>\n<hr \/>\n<p><strong>HURRENGO DEIALDIAK<\/strong><\/p>\n","protected":false},"excerpt":{"rendered":"<p>Tal y como venimos haciendo cada a\u00f1o, nos volvemos a juntar en diferentes playas de Euskal Herria para reivindicar la vuelta a casa de de las y los presos, refugiados\u00a0 [&hellip;]<\/p>\n","protected":false},"author":2,"featured_media":8273,"comment_status":"closed","ping_status":"closed","sticky":false,"template":"","format":"standard","meta":{"_acf_changed":false,"_et_pb_use_builder":"","_et_pb_old_content":"","_et_gb_content_width":"","footnotes":""},"categories":[60],"tags":[],"class_list":["post-8268","post","type-post","status-publish","format-standard","has-post-thumbnail","hentry","category-etxera-es","et-has-post-format-content","et_post_format-et-post-format-standard"],"acf":[],"yoast_head":"<!-- This site is optimized with the Yoast SEO plugin v26.4 - https:\/\/yoast.com\/wordpress\/plugins\/seo\/ -->\n<title>Como cada a\u00f1o, nos volvemos a juntar en diferentes playas de EH para reivindicar la vuelta a casa de las y los presos, refugiados y deportados vascos. - Sare Herritarra<\/title>\n<meta name=\"robots\" content=\"index, follow, max-snippet:-1, max-image-preview:large, max-video-preview:-1\" \/>\n<link rel=\"canonical\" href=\"https:\/\/sare.eus\/es\/como-cada-ano-nos-volvemos-a-juntar-en-diferentes-playas-de-eh-para-reivindicar-la-vuelta-a-casa-de-las-y-los-presos-refugiados-y-deportados-vascos\/\" \/>\n<meta property=\"og:locale\" content=\"es_ES\" \/>\n<meta property=\"og:type\" content=\"article\" \/>\n<meta property=\"og:title\" content=\"Como cada a\u00f1o, nos volvemos a juntar en diferentes playas de EH para reivindicar la vuelta a casa de las y los presos, refugiados y deportados vascos. - Sare Herritarra\" \/>\n<meta property=\"og:description\" content=\"Tal y como venimos haciendo cada a\u00f1o, nos volvemos a juntar en diferentes playas de Euskal Herria para reivindicar la vuelta a casa de de las y los presos, refugiados\u00a0 [&hellip;]\" \/>\n<meta property=\"og:url\" content=\"https:\/\/sare.eus\/es\/como-cada-ano-nos-volvemos-a-juntar-en-diferentes-playas-de-eh-para-reivindicar-la-vuelta-a-casa-de-las-y-los-presos-refugiados-y-deportados-vascos\/\" \/>\n<meta property=\"og:site_name\" content=\"Sare Herritarra\" \/>\n<meta property=\"article:published_time\" content=\"2025-08-03T11:34:28+00:00\" \/>\n<meta property=\"article:modified_time\" content=\"2025-08-04T14:30:33+00:00\" \/>\n<meta property=\"og:image\" content=\"https:\/\/sare.eus\/wp-content\/uploads\/2025\/08\/20250803_132847.jpg\" \/>\n\t<meta property=\"og:image:width\" content=\"2048\" \/>\n\t<meta property=\"og:image:height\" content=\"1152\" \/>\n\t<meta property=\"og:image:type\" content=\"image\/jpeg\" \/>\n<meta name=\"author\" content=\"sare\" \/>\n<meta name=\"twitter:card\" content=\"summary_large_image\" \/>\n<meta name=\"twitter:label1\" content=\"Escrito por\" \/>\n\t<meta name=\"twitter:data1\" content=\"sare\" \/>\n\t<meta name=\"twitter:label2\" content=\"Tiempo de lectura\" \/>\n\t<meta name=\"twitter:data2\" content=\"3 minutos\" \/>\n<script type=\"application\/ld+json\" class=\"yoast-schema-graph\">{\"@context\":\"https:\/\/schema.org\",\"@graph\":[{\"@type\":\"Article\",\"@id\":\"https:\/\/sare.eus\/es\/como-cada-ano-nos-volvemos-a-juntar-en-diferentes-playas-de-eh-para-reivindicar-la-vuelta-a-casa-de-las-y-los-presos-refugiados-y-deportados-vascos\/#article\",\"isPartOf\":{\"@id\":\"https:\/\/sare.eus\/es\/como-cada-ano-nos-volvemos-a-juntar-en-diferentes-playas-de-eh-para-reivindicar-la-vuelta-a-casa-de-las-y-los-presos-refugiados-y-deportados-vascos\/\"},\"author\":{\"name\":\"sare\",\"@id\":\"https:\/\/sare.eus\/#\/schema\/person\/2fe6d0df294f56313d3ab236dbe38e17\"},\"headline\":\"Como cada a\u00f1o, nos volvemos a juntar en diferentes playas de EH para reivindicar la vuelta a casa de las y los presos, refugiados y deportados vascos.\",\"datePublished\":\"2025-08-03T11:34:28+00:00\",\"dateModified\":\"2025-08-04T14:30:33+00:00\",\"mainEntityOfPage\":{\"@id\":\"https:\/\/sare.eus\/es\/como-cada-ano-nos-volvemos-a-juntar-en-diferentes-playas-de-eh-para-reivindicar-la-vuelta-a-casa-de-las-y-los-presos-refugiados-y-deportados-vascos\/\"},\"wordCount\":392,\"publisher\":{\"@id\":\"https:\/\/sare.eus\/#organization\"},\"image\":{\"@id\":\"https:\/\/sare.eus\/es\/como-cada-ano-nos-volvemos-a-juntar-en-diferentes-playas-de-eh-para-reivindicar-la-vuelta-a-casa-de-las-y-los-presos-refugiados-y-deportados-vascos\/#primaryimage\"},\"thumbnailUrl\":\"https:\/\/sare.eus\/wp-content\/uploads\/2025\/08\/20250803_132847.jpg\",\"articleSection\":[\"Etxera\"],\"inLanguage\":\"es\"},{\"@type\":\"WebPage\",\"@id\":\"https:\/\/sare.eus\/es\/como-cada-ano-nos-volvemos-a-juntar-en-diferentes-playas-de-eh-para-reivindicar-la-vuelta-a-casa-de-las-y-los-presos-refugiados-y-deportados-vascos\/\",\"url\":\"https:\/\/sare.eus\/es\/como-cada-ano-nos-volvemos-a-juntar-en-diferentes-playas-de-eh-para-reivindicar-la-vuelta-a-casa-de-las-y-los-presos-refugiados-y-deportados-vascos\/\",\"name\":\"Como cada a\u00f1o, nos volvemos a juntar en diferentes playas de EH para reivindicar la vuelta a casa de las y los presos, refugiados y deportados vascos. - Sare Herritarra\",\"isPartOf\":{\"@id\":\"https:\/\/sare.eus\/#website\"},\"primaryImageOfPage\":{\"@id\":\"https:\/\/sare.eus\/es\/como-cada-ano-nos-volvemos-a-juntar-en-diferentes-playas-de-eh-para-reivindicar-la-vuelta-a-casa-de-las-y-los-presos-refugiados-y-deportados-vascos\/#primaryimage\"},\"image\":{\"@id\":\"https:\/\/sare.eus\/es\/como-cada-ano-nos-volvemos-a-juntar-en-diferentes-playas-de-eh-para-reivindicar-la-vuelta-a-casa-de-las-y-los-presos-refugiados-y-deportados-vascos\/#primaryimage\"},\"thumbnailUrl\":\"https:\/\/sare.eus\/wp-content\/uploads\/2025\/08\/20250803_132847.jpg\",\"datePublished\":\"2025-08-03T11:34:28+00:00\",\"dateModified\":\"2025-08-04T14:30:33+00:00\",\"breadcrumb\":{\"@id\":\"https:\/\/sare.eus\/es\/como-cada-ano-nos-volvemos-a-juntar-en-diferentes-playas-de-eh-para-reivindicar-la-vuelta-a-casa-de-las-y-los-presos-refugiados-y-deportados-vascos\/#breadcrumb\"},\"inLanguage\":\"es\",\"potentialAction\":[{\"@type\":\"ReadAction\",\"target\":[\"https:\/\/sare.eus\/es\/como-cada-ano-nos-volvemos-a-juntar-en-diferentes-playas-de-eh-para-reivindicar-la-vuelta-a-casa-de-las-y-los-presos-refugiados-y-deportados-vascos\/\"]}]},{\"@type\":\"ImageObject\",\"inLanguage\":\"es\",\"@id\":\"https:\/\/sare.eus\/es\/como-cada-ano-nos-volvemos-a-juntar-en-diferentes-playas-de-eh-para-reivindicar-la-vuelta-a-casa-de-las-y-los-presos-refugiados-y-deportados-vascos\/#primaryimage\",\"url\":\"https:\/\/sare.eus\/wp-content\/uploads\/2025\/08\/20250803_132847.jpg\",\"contentUrl\":\"https:\/\/sare.eus\/wp-content\/uploads\/2025\/08\/20250803_132847.jpg\",\"width\":2048,\"height\":1152},{\"@type\":\"BreadcrumbList\",\"@id\":\"https:\/\/sare.eus\/es\/como-cada-ano-nos-volvemos-a-juntar-en-diferentes-playas-de-eh-para-reivindicar-la-vuelta-a-casa-de-las-y-los-presos-refugiados-y-deportados-vascos\/#breadcrumb\",\"itemListElement\":[{\"@type\":\"ListItem\",\"position\":1,\"name\":\"Home\",\"item\":\"https:\/\/sare.eus\/\"},{\"@type\":\"ListItem\",\"position\":2,\"name\":\"Como cada a\u00f1o, nos volvemos a juntar en diferentes playas de EH para reivindicar la vuelta a casa de las y los presos, refugiados y deportados vascos.\"}]},{\"@type\":\"WebSite\",\"@id\":\"https:\/\/sare.eus\/#website\",\"url\":\"https:\/\/sare.eus\/\",\"name\":\"Sare Herritarra\",\"description\":\"KONPONBIDEAREN ETA GIZA ESKUBIDEEN ALDEKO SARE HERRITARRA\",\"publisher\":{\"@id\":\"https:\/\/sare.eus\/#organization\"},\"potentialAction\":[{\"@type\":\"SearchAction\",\"target\":{\"@type\":\"EntryPoint\",\"urlTemplate\":\"https:\/\/sare.eus\/?s={search_term_string}\"},\"query-input\":{\"@type\":\"PropertyValueSpecification\",\"valueRequired\":true,\"valueName\":\"search_term_string\"}}],\"inLanguage\":\"es\"},{\"@type\":\"Organization\",\"@id\":\"https:\/\/sare.eus\/#organization\",\"name\":\"Sare Herritarra\",\"url\":\"https:\/\/sare.eus\/\",\"logo\":{\"@type\":\"ImageObject\",\"inLanguage\":\"es\",\"@id\":\"https:\/\/sare.eus\/#\/schema\/logo\/image\/\",\"url\":\"https:\/\/sare.eus\/wp-content\/uploads\/2021\/08\/sare.png\",\"contentUrl\":\"https:\/\/sare.eus\/wp-content\/uploads\/2021\/08\/sare.png\",\"width\":120,\"height\":142,\"caption\":\"Sare Herritarra\"},\"image\":{\"@id\":\"https:\/\/sare.eus\/#\/schema\/logo\/image\/\"}},{\"@type\":\"Person\",\"@id\":\"https:\/\/sare.eus\/#\/schema\/person\/2fe6d0df294f56313d3ab236dbe38e17\",\"name\":\"sare\",\"image\":{\"@type\":\"ImageObject\",\"inLanguage\":\"es\",\"@id\":\"https:\/\/sare.eus\/#\/schema\/person\/image\/\",\"url\":\"https:\/\/secure.gravatar.com\/avatar\/77cad838677ceb1977e7b3c878b55eaa7fa4aae2158983063b047c3ad7ef2c25?s=96&d=mm&r=g\",\"contentUrl\":\"https:\/\/secure.gravatar.com\/avatar\/77cad838677ceb1977e7b3c878b55eaa7fa4aae2158983063b047c3ad7ef2c25?s=96&d=mm&r=g\",\"caption\":\"sare\"},\"url\":\"https:\/\/sare.eus\/es\/author\/sare\/\"}]}<\/script>\n<!-- \/ Yoast SEO plugin. -->","yoast_head_json":{"title":"Como cada a\u00f1o, nos volvemos a juntar en diferentes playas de EH para reivindicar la vuelta a casa de las y los presos, refugiados y deportados vascos. - Sare Herritarra","robots":{"index":"index","follow":"follow","max-snippet":"max-snippet:-1","max-image-preview":"max-image-preview:large","max-video-preview":"max-video-preview:-1"},"canonical":"https:\/\/sare.eus\/es\/como-cada-ano-nos-volvemos-a-juntar-en-diferentes-playas-de-eh-para-reivindicar-la-vuelta-a-casa-de-las-y-los-presos-refugiados-y-deportados-vascos\/","og_locale":"es_ES","og_type":"article","og_title":"Como cada a\u00f1o, nos volvemos a juntar en diferentes playas de EH para reivindicar la vuelta a casa de las y los presos, refugiados y deportados vascos. - Sare Herritarra","og_description":"Tal y como venimos haciendo cada a\u00f1o, nos volvemos a juntar en diferentes playas de Euskal Herria para reivindicar la vuelta a casa de de las y los presos, refugiados\u00a0 [&hellip;]","og_url":"https:\/\/sare.eus\/es\/como-cada-ano-nos-volvemos-a-juntar-en-diferentes-playas-de-eh-para-reivindicar-la-vuelta-a-casa-de-las-y-los-presos-refugiados-y-deportados-vascos\/","og_site_name":"Sare Herritarra","article_published_time":"2025-08-03T11:34:28+00:00","article_modified_time":"2025-08-04T14:30:33+00:00","og_image":[{"width":2048,"height":1152,"url":"https:\/\/sare.eus\/wp-content\/uploads\/2025\/08\/20250803_132847.jpg","type":"image\/jpeg"}],"author":"sare","twitter_card":"summary_large_image","twitter_misc":{"Escrito por":"sare","Tiempo de lectura":"3 minutos"},"schema":{"@context":"https:\/\/schema.org","@graph":[{"@type":"Article","@id":"https:\/\/sare.eus\/es\/como-cada-ano-nos-volvemos-a-juntar-en-diferentes-playas-de-eh-para-reivindicar-la-vuelta-a-casa-de-las-y-los-presos-refugiados-y-deportados-vascos\/#article","isPartOf":{"@id":"https:\/\/sare.eus\/es\/como-cada-ano-nos-volvemos-a-juntar-en-diferentes-playas-de-eh-para-reivindicar-la-vuelta-a-casa-de-las-y-los-presos-refugiados-y-deportados-vascos\/"},"author":{"name":"sare","@id":"https:\/\/sare.eus\/#\/schema\/person\/2fe6d0df294f56313d3ab236dbe38e17"},"headline":"Como cada a\u00f1o, nos volvemos a juntar en diferentes playas de EH para reivindicar la vuelta a casa de las y los presos, refugiados y deportados vascos.","datePublished":"2025-08-03T11:34:28+00:00","dateModified":"2025-08-04T14:30:33+00:00","mainEntityOfPage":{"@id":"https:\/\/sare.eus\/es\/como-cada-ano-nos-volvemos-a-juntar-en-diferentes-playas-de-eh-para-reivindicar-la-vuelta-a-casa-de-las-y-los-presos-refugiados-y-deportados-vascos\/"},"wordCount":392,"publisher":{"@id":"https:\/\/sare.eus\/#organization"},"image":{"@id":"https:\/\/sare.eus\/es\/como-cada-ano-nos-volvemos-a-juntar-en-diferentes-playas-de-eh-para-reivindicar-la-vuelta-a-casa-de-las-y-los-presos-refugiados-y-deportados-vascos\/#primaryimage"},"thumbnailUrl":"https:\/\/sare.eus\/wp-content\/uploads\/2025\/08\/20250803_132847.jpg","articleSection":["Etxera"],"inLanguage":"es"},{"@type":"WebPage","@id":"https:\/\/sare.eus\/es\/como-cada-ano-nos-volvemos-a-juntar-en-diferentes-playas-de-eh-para-reivindicar-la-vuelta-a-casa-de-las-y-los-presos-refugiados-y-deportados-vascos\/","url":"https:\/\/sare.eus\/es\/como-cada-ano-nos-volvemos-a-juntar-en-diferentes-playas-de-eh-para-reivindicar-la-vuelta-a-casa-de-las-y-los-presos-refugiados-y-deportados-vascos\/","name":"Como cada a\u00f1o, nos volvemos a juntar en diferentes playas de EH para reivindicar la vuelta a casa de las y los presos, refugiados y deportados vascos. - Sare Herritarra","isPartOf":{"@id":"https:\/\/sare.eus\/#website"},"primaryImageOfPage":{"@id":"https:\/\/sare.eus\/es\/como-cada-ano-nos-volvemos-a-juntar-en-diferentes-playas-de-eh-para-reivindicar-la-vuelta-a-casa-de-las-y-los-presos-refugiados-y-deportados-vascos\/#primaryimage"},"image":{"@id":"https:\/\/sare.eus\/es\/como-cada-ano-nos-volvemos-a-juntar-en-diferentes-playas-de-eh-para-reivindicar-la-vuelta-a-casa-de-las-y-los-presos-refugiados-y-deportados-vascos\/#primaryimage"},"thumbnailUrl":"https:\/\/sare.eus\/wp-content\/uploads\/2025\/08\/20250803_132847.jpg","datePublished":"2025-08-03T11:34:28+00:00","dateModified":"2025-08-04T14:30:33+00:00","breadcrumb":{"@id":"https:\/\/sare.eus\/es\/como-cada-ano-nos-volvemos-a-juntar-en-diferentes-playas-de-eh-para-reivindicar-la-vuelta-a-casa-de-las-y-los-presos-refugiados-y-deportados-vascos\/#breadcrumb"},"inLanguage":"es","potentialAction":[{"@type":"ReadAction","target":["https:\/\/sare.eus\/es\/como-cada-ano-nos-volvemos-a-juntar-en-diferentes-playas-de-eh-para-reivindicar-la-vuelta-a-casa-de-las-y-los-presos-refugiados-y-deportados-vascos\/"]}]},{"@type":"ImageObject","inLanguage":"es","@id":"https:\/\/sare.eus\/es\/como-cada-ano-nos-volvemos-a-juntar-en-diferentes-playas-de-eh-para-reivindicar-la-vuelta-a-casa-de-las-y-los-presos-refugiados-y-deportados-vascos\/#primaryimage","url":"https:\/\/sare.eus\/wp-content\/uploads\/2025\/08\/20250803_132847.jpg","contentUrl":"https:\/\/sare.eus\/wp-content\/uploads\/2025\/08\/20250803_132847.jpg","width":2048,"height":1152},{"@type":"BreadcrumbList","@id":"https:\/\/sare.eus\/es\/como-cada-ano-nos-volvemos-a-juntar-en-diferentes-playas-de-eh-para-reivindicar-la-vuelta-a-casa-de-las-y-los-presos-refugiados-y-deportados-vascos\/#breadcrumb","itemListElement":[{"@type":"ListItem","position":1,"name":"Home","item":"https:\/\/sare.eus\/"},{"@type":"ListItem","position":2,"name":"Como cada a\u00f1o, nos volvemos a juntar en diferentes playas de EH para reivindicar la vuelta a casa de las y los presos, refugiados y deportados vascos."}]},{"@type":"WebSite","@id":"https:\/\/sare.eus\/#website","url":"https:\/\/sare.eus\/","name":"Sare Herritarra","description":"KONPONBIDEAREN ETA GIZA ESKUBIDEEN ALDEKO SARE HERRITARRA","publisher":{"@id":"https:\/\/sare.eus\/#organization"},"potentialAction":[{"@type":"SearchAction","target":{"@type":"EntryPoint","urlTemplate":"https:\/\/sare.eus\/?s={search_term_string}"},"query-input":{"@type":"PropertyValueSpecification","valueRequired":true,"valueName":"search_term_string"}}],"inLanguage":"es"},{"@type":"Organization","@id":"https:\/\/sare.eus\/#organization","name":"Sare Herritarra","url":"https:\/\/sare.eus\/","logo":{"@type":"ImageObject","inLanguage":"es","@id":"https:\/\/sare.eus\/#\/schema\/logo\/image\/","url":"https:\/\/sare.eus\/wp-content\/uploads\/2021\/08\/sare.png","contentUrl":"https:\/\/sare.eus\/wp-content\/uploads\/2021\/08\/sare.png","width":120,"height":142,"caption":"Sare Herritarra"},"image":{"@id":"https:\/\/sare.eus\/#\/schema\/logo\/image\/"}},{"@type":"Person","@id":"https:\/\/sare.eus\/#\/schema\/person\/2fe6d0df294f56313d3ab236dbe38e17","name":"sare","image":{"@type":"ImageObject","inLanguage":"es","@id":"https:\/\/sare.eus\/#\/schema\/person\/image\/","url":"https:\/\/secure.gravatar.com\/avatar\/77cad838677ceb1977e7b3c878b55eaa7fa4aae2158983063b047c3ad7ef2c25?s=96&d=mm&r=g","contentUrl":"https:\/\/secure.gravatar.com\/avatar\/77cad838677ceb1977e7b3c878b55eaa7fa4aae2158983063b047c3ad7ef2c25?s=96&d=mm&r=g","caption":"sare"},"url":"https:\/\/sare.eus\/es\/author\/sare\/"}]}},"_links":{"self":[{"href":"https:\/\/sare.eus\/es\/wp-json\/wp\/v2\/posts\/8268","targetHints":{"allow":["GET"]}}],"collection":[{"href":"https:\/\/sare.eus\/es\/wp-json\/wp\/v2\/posts"}],"about":[{"href":"https:\/\/sare.eus\/es\/wp-json\/wp\/v2\/types\/post"}],"author":[{"embeddable":true,"href":"https:\/\/sare.eus\/es\/wp-json\/wp\/v2\/users\/2"}],"replies":[{"embeddable":true,"href":"https:\/\/sare.eus\/es\/wp-json\/wp\/v2\/comments?post=8268"}],"version-history":[{"count":7,"href":"https:\/\/sare.eus\/es\/wp-json\/wp\/v2\/posts\/8268\/revisions"}],"predecessor-version":[{"id":8306,"href":"https:\/\/sare.eus\/es\/wp-json\/wp\/v2\/posts\/8268\/revisions\/8306"}],"wp:featuredmedia":[{"embeddable":true,"href":"https:\/\/sare.eus\/es\/wp-json\/wp\/v2\/media\/8273"}],"wp:attachment":[{"href":"https:\/\/sare.eus\/es\/wp-json\/wp\/v2\/media?parent=8268"}],"wp:term":[{"taxonomy":"category","embeddable":true,"href":"https:\/\/sare.eus\/es\/wp-json\/wp\/v2\/categories?post=8268"},{"taxonomy":"post_tag","embeddable":true,"href":"https:\/\/sare.eus\/es\/wp-json\/wp\/v2\/tags?post=8268"}],"curies":[{"name":"wp","href":"https:\/\/api.w.org\/{rel}","templated":true}]}}