{"id":8228,"date":"2025-07-16T10:23:25","date_gmt":"2025-07-16T09:23:25","guid":{"rendered":"https:\/\/sare.eus\/?p=8228"},"modified":"2025-07-16T10:23:25","modified_gmt":"2025-07-16T09:23:25","slug":"hondartzetara","status":"publish","type":"post","link":"https:\/\/sare.eus\/es\/hondartzetara\/","title":{"rendered":"El 3 de agosto nos movilizaremos en 11 playas de Hego Euskal Herria"},"content":{"rendered":"<p>Hoy 16 de Julio nos reunimos en Donostia frente a la playa de la Ondarreta para dar a conocer las movilizaciones que desde Sare y Etxerat llevaremos a cabo el 3 de Agosto en 11 playas de Euskal Herria.<\/p>\n<p>Como ya hemos mencionado, el 3 de agosto organizaremos las movilizaciones que todos los a\u00f1os organizamos en las 11 playas de Hego Euskal Herria bajo el nombre \u00abBehin betiko txanpa etxera\u00bb. Sobre las 12:00 del mediod\u00eda nos reuniremos en 8 playas de Bizkaia y 3 de Gipuzkoa para unirnos al llamamiento en favor de la vuelta a casa de los presos y presas, refugiadas y deportadas vascas y reivindicar la resoluci\u00f3n, la paz y la convivencia en Euskal Herria.<\/p>\n<p>En Bizkaia nos movilizaremos en Bakio, Ea, Laga, Laida, Lekeitio, Mundaka, Muskiz-Zierbena y Ondarru. En Gipuzkoa, en Deba, Donostia y Orio.<\/p>\n<p>Reivindicaremos la champa definitiva tambi\u00e9n en las playas. El a\u00f1o que viene se cumplir\u00e1n 15 a\u00f1os desde el cese de la actividad de ETA, y a diferencia de lo ocurrido en la mayor\u00eda de los otros conflictos a nivel mundial, en Euskal Herria todav\u00eda estamos viviendo las consecuencias del conflicto que caus\u00f3 un sufrimiento tremendo. Euskal Herria y sus ciudadanos necesitamos superar el pasado y mirar al futuro. Necesitamos seguir dando pasos hacia la resoluci\u00f3n, la paz y la convivencia.<\/p>\n<p>El 3 de agosto nos reuniremos en las citadas 11 playas con el objetivo de reafirmar el compromiso de Sare y Etxerat de seguir dando pasos en este sentido. <strong>Porque lo necesitamos y lo merecemos, behin betiko txanpa etxera. Behin betiko, euskal preso, iheslari eta deportatuak etxera.<\/strong><\/p>\n<hr \/>\n<h2><strong>Todas las convocatorias:\u00a0<\/strong><\/h2>\n<p><strong>BIZKAIA:<\/strong><br \/>\n\u2022 Bakio \u00b7 Bentako plazan \u00b7 12:00etan<\/p>\n<p>\u2022 Ea \u00b7 Frontoiaren atzeko aldean \u00b7 13:00etan<\/p>\n<p>\u2022 Laga \u00b7 Hondartzan. \u00b7 12:00etan<\/p>\n<p>\u2022 Laida \u00b7 Kanpinaren aurreko aldean \u00b7 12:00etan<\/p>\n<p>\u2022 Lekeitio \u00b7 Abadien moilan \u00b7 12:00etan<\/p>\n<p>\u2022 Mundaka \u00b7 Laidatxun \u00b7 13:00etan<\/p>\n<p>\u2022 Muskiz-Zierbena \u00b7 La Arena (Aparkalekuan) \u00b7 12:00etan<\/p>\n<p>\u2022 Ondarru \u00b7 Alamedatik \u00b7 12:00etan<\/p>\n<p><strong>GIPUZKOA<\/strong><br \/>\n\u2022 Deba \u00b7 Santiago hondartzan \u00b7 12:00etan<\/p>\n<p>\u2022 Orio \u00b7 Autopista azpian \u00b7 12:00etan<\/p>\n<p>\u2022<strong> DONOSTIA \u00b7 ONDARRETAKO HONDARTZAN \u00b7 12:00etan.<\/strong><\/p>\n<ul>\n<li>\n<div class=\"row\">\n<div class=\"col-md-12 col-xs-12\">Convocatoria central. All\u00ed se har\u00e1n declaraciones a la prensa.<\/div>\n<\/div>\n<\/li>\n<\/ul>\n<hr \/>\n\n\t\t<style type=\"text\/css\">\n\t\t\t#gallery-1 {\n\t\t\t\tmargin: auto;\n\t\t\t}\n\t\t\t#gallery-1 .gallery-item {\n\t\t\t\tfloat: left;\n\t\t\t\tmargin-top: 10px;\n\t\t\t\ttext-align: center;\n\t\t\t\twidth: 25%;\n\t\t\t}\n\t\t\t#gallery-1 img {\n\t\t\t\tborder: 2px solid #cfcfcf;\n\t\t\t}\n\t\t\t#gallery-1 .gallery-caption {\n\t\t\t\tmargin-left: 0;\n\t\t\t}\n\t\t\t\/* see gallery_shortcode() in wp-includes\/media.php *\/\n\t\t<\/style>\n\t\t<div id='gallery-1' class='gallery galleryid-8228 gallery-columns-4 gallery-size-medium'><dl class='gallery-item'>\n\t\t\t<dt class='gallery-icon portrait'>\n\t\t\t\t<a href='https:\/\/sare.eus\/es\/hondartzetara\/ab-03_2025_hondartzetara_bakio-01-2\/'><img loading=\"lazy\" decoding=\"async\" width=\"212\" height=\"300\" src=\"https:\/\/sare.eus\/wp-content\/uploads\/2025\/07\/Ab-03_2025_Hondartzetara_Bakio-01-212x300.jpg\" class=\"attachment-medium size-medium\" alt=\"\" srcset=\"https:\/\/sare.eus\/wp-content\/uploads\/2025\/07\/Ab-03_2025_Hondartzetara_Bakio-01-212x300.jpg 212w, https:\/\/sare.eus\/wp-content\/uploads\/2025\/07\/Ab-03_2025_Hondartzetara_Bakio-01-724x1024.jpg 724w, https:\/\/sare.eus\/wp-content\/uploads\/2025\/07\/Ab-03_2025_Hondartzetara_Bakio-01-768x1086.jpg 768w, https:\/\/sare.eus\/wp-content\/uploads\/2025\/07\/Ab-03_2025_Hondartzetara_Bakio-01-1086x1536.jpg 1086w, https:\/\/sare.eus\/wp-content\/uploads\/2025\/07\/Ab-03_2025_Hondartzetara_Bakio-01-1449x2048.jpg 1449w, https:\/\/sare.eus\/wp-content\/uploads\/2025\/07\/Ab-03_2025_Hondartzetara_Bakio-01-1080x1527.jpg 1080w, https:\/\/sare.eus\/wp-content\/uploads\/2025\/07\/Ab-03_2025_Hondartzetara_Bakio-01-scaled.jpg 1811w\" sizes=\"(max-width: 212px) 100vw, 212px\" \/><\/a>\n\t\t\t<\/dt><\/dl><dl class='gallery-item'>\n\t\t\t<dt class='gallery-icon portrait'>\n\t\t\t\t<a href='https:\/\/sare.eus\/es\/hondartzetara\/ab-03_2025_hondartzetara_deba-01-2\/'><img loading=\"lazy\" decoding=\"async\" width=\"212\" height=\"300\" src=\"https:\/\/sare.eus\/wp-content\/uploads\/2025\/07\/Ab-03_2025_Hondartzetara_Deba-01-212x300.jpg\" class=\"attachment-medium size-medium\" alt=\"\" srcset=\"https:\/\/sare.eus\/wp-content\/uploads\/2025\/07\/Ab-03_2025_Hondartzetara_Deba-01-212x300.jpg 212w, https:\/\/sare.eus\/wp-content\/uploads\/2025\/07\/Ab-03_2025_Hondartzetara_Deba-01-724x1024.jpg 724w, https:\/\/sare.eus\/wp-content\/uploads\/2025\/07\/Ab-03_2025_Hondartzetara_Deba-01-768x1086.jpg 768w, https:\/\/sare.eus\/wp-content\/uploads\/2025\/07\/Ab-03_2025_Hondartzetara_Deba-01-1086x1536.jpg 1086w, https:\/\/sare.eus\/wp-content\/uploads\/2025\/07\/Ab-03_2025_Hondartzetara_Deba-01-1449x2048.jpg 1449w, https:\/\/sare.eus\/wp-content\/uploads\/2025\/07\/Ab-03_2025_Hondartzetara_Deba-01-1080x1527.jpg 1080w, https:\/\/sare.eus\/wp-content\/uploads\/2025\/07\/Ab-03_2025_Hondartzetara_Deba-01-scaled.jpg 1811w\" sizes=\"(max-width: 212px) 100vw, 212px\" \/><\/a>\n\t\t\t<\/dt><\/dl><dl class='gallery-item'>\n\t\t\t<dt class='gallery-icon portrait'>\n\t\t\t\t<a href='https:\/\/sare.eus\/es\/hondartzetara\/ab-03_2025_hondartzetara_donostia-01-2\/'><img loading=\"lazy\" decoding=\"async\" width=\"212\" height=\"300\" src=\"https:\/\/sare.eus\/wp-content\/uploads\/2025\/07\/Ab-03_2025_Hondartzetara_Donostia-01-212x300.jpg\" class=\"attachment-medium size-medium\" alt=\"\" srcset=\"https:\/\/sare.eus\/wp-content\/uploads\/2025\/07\/Ab-03_2025_Hondartzetara_Donostia-01-212x300.jpg 212w, https:\/\/sare.eus\/wp-content\/uploads\/2025\/07\/Ab-03_2025_Hondartzetara_Donostia-01-724x1024.jpg 724w, https:\/\/sare.eus\/wp-content\/uploads\/2025\/07\/Ab-03_2025_Hondartzetara_Donostia-01-768x1086.jpg 768w, https:\/\/sare.eus\/wp-content\/uploads\/2025\/07\/Ab-03_2025_Hondartzetara_Donostia-01-1086x1536.jpg 1086w, https:\/\/sare.eus\/wp-content\/uploads\/2025\/07\/Ab-03_2025_Hondartzetara_Donostia-01-1449x2048.jpg 1449w, https:\/\/sare.eus\/wp-content\/uploads\/2025\/07\/Ab-03_2025_Hondartzetara_Donostia-01-1080x1527.jpg 1080w, https:\/\/sare.eus\/wp-content\/uploads\/2025\/07\/Ab-03_2025_Hondartzetara_Donostia-01-scaled.jpg 1811w\" sizes=\"(max-width: 212px) 100vw, 212px\" \/><\/a>\n\t\t\t<\/dt><\/dl><dl class='gallery-item'>\n\t\t\t<dt class='gallery-icon portrait'>\n\t\t\t\t<a href='https:\/\/sare.eus\/es\/hondartzetara\/ab-03_2025_hondartzetara_ea-01-2\/'><img loading=\"lazy\" decoding=\"async\" width=\"212\" height=\"300\" src=\"https:\/\/sare.eus\/wp-content\/uploads\/2025\/07\/Ab-03_2025_Hondartzetara_Ea-01-212x300.jpg\" class=\"attachment-medium size-medium\" alt=\"\" srcset=\"https:\/\/sare.eus\/wp-content\/uploads\/2025\/07\/Ab-03_2025_Hondartzetara_Ea-01-212x300.jpg 212w, https:\/\/sare.eus\/wp-content\/uploads\/2025\/07\/Ab-03_2025_Hondartzetara_Ea-01-724x1024.jpg 724w, https:\/\/sare.eus\/wp-content\/uploads\/2025\/07\/Ab-03_2025_Hondartzetara_Ea-01-768x1086.jpg 768w, https:\/\/sare.eus\/wp-content\/uploads\/2025\/07\/Ab-03_2025_Hondartzetara_Ea-01-1086x1536.jpg 1086w, https:\/\/sare.eus\/wp-content\/uploads\/2025\/07\/Ab-03_2025_Hondartzetara_Ea-01-1449x2048.jpg 1449w, https:\/\/sare.eus\/wp-content\/uploads\/2025\/07\/Ab-03_2025_Hondartzetara_Ea-01-1080x1527.jpg 1080w, https:\/\/sare.eus\/wp-content\/uploads\/2025\/07\/Ab-03_2025_Hondartzetara_Ea-01-scaled.jpg 1811w\" sizes=\"(max-width: 212px) 100vw, 212px\" \/><\/a>\n\t\t\t<\/dt><\/dl><br style=\"clear: both\" \/><dl class='gallery-item'>\n\t\t\t<dt class='gallery-icon portrait'>\n\t\t\t\t<a href='https:\/\/sare.eus\/es\/hondartzetara\/ab-03_2025_hondartzetara_laga-01-2\/'><img loading=\"lazy\" decoding=\"async\" width=\"212\" height=\"300\" src=\"https:\/\/sare.eus\/wp-content\/uploads\/2025\/07\/Ab-03_2025_Hondartzetara_Laga-01-212x300.jpg\" class=\"attachment-medium size-medium\" alt=\"\" srcset=\"https:\/\/sare.eus\/wp-content\/uploads\/2025\/07\/Ab-03_2025_Hondartzetara_Laga-01-212x300.jpg 212w, https:\/\/sare.eus\/wp-content\/uploads\/2025\/07\/Ab-03_2025_Hondartzetara_Laga-01-724x1024.jpg 724w, https:\/\/sare.eus\/wp-content\/uploads\/2025\/07\/Ab-03_2025_Hondartzetara_Laga-01-768x1086.jpg 768w, https:\/\/sare.eus\/wp-content\/uploads\/2025\/07\/Ab-03_2025_Hondartzetara_Laga-01-1086x1536.jpg 1086w, https:\/\/sare.eus\/wp-content\/uploads\/2025\/07\/Ab-03_2025_Hondartzetara_Laga-01-1449x2048.jpg 1449w, https:\/\/sare.eus\/wp-content\/uploads\/2025\/07\/Ab-03_2025_Hondartzetara_Laga-01-1080x1527.jpg 1080w, https:\/\/sare.eus\/wp-content\/uploads\/2025\/07\/Ab-03_2025_Hondartzetara_Laga-01-scaled.jpg 1811w\" sizes=\"(max-width: 212px) 100vw, 212px\" \/><\/a>\n\t\t\t<\/dt><\/dl><dl class='gallery-item'>\n\t\t\t<dt class='gallery-icon portrait'>\n\t\t\t\t<a href='https:\/\/sare.eus\/es\/hondartzetara\/ab-03_2025_hondartzetara_laida-01-2\/'><img loading=\"lazy\" decoding=\"async\" width=\"212\" height=\"300\" src=\"https:\/\/sare.eus\/wp-content\/uploads\/2025\/07\/Ab-03_2025_Hondartzetara_Laida-01-212x300.jpg\" class=\"attachment-medium size-medium\" alt=\"\" srcset=\"https:\/\/sare.eus\/wp-content\/uploads\/2025\/07\/Ab-03_2025_Hondartzetara_Laida-01-212x300.jpg 212w, https:\/\/sare.eus\/wp-content\/uploads\/2025\/07\/Ab-03_2025_Hondartzetara_Laida-01-724x1024.jpg 724w, https:\/\/sare.eus\/wp-content\/uploads\/2025\/07\/Ab-03_2025_Hondartzetara_Laida-01-768x1086.jpg 768w, https:\/\/sare.eus\/wp-content\/uploads\/2025\/07\/Ab-03_2025_Hondartzetara_Laida-01-1086x1536.jpg 1086w, https:\/\/sare.eus\/wp-content\/uploads\/2025\/07\/Ab-03_2025_Hondartzetara_Laida-01-1449x2048.jpg 1449w, https:\/\/sare.eus\/wp-content\/uploads\/2025\/07\/Ab-03_2025_Hondartzetara_Laida-01-1080x1527.jpg 1080w, https:\/\/sare.eus\/wp-content\/uploads\/2025\/07\/Ab-03_2025_Hondartzetara_Laida-01-scaled.jpg 1811w\" sizes=\"(max-width: 212px) 100vw, 212px\" \/><\/a>\n\t\t\t<\/dt><\/dl><dl class='gallery-item'>\n\t\t\t<dt class='gallery-icon portrait'>\n\t\t\t\t<a href='https:\/\/sare.eus\/es\/hondartzetara\/ab-03_2025_hondartzetara_lekeitio-01-2\/'><img loading=\"lazy\" decoding=\"async\" width=\"212\" height=\"300\" src=\"https:\/\/sare.eus\/wp-content\/uploads\/2025\/07\/Ab-03_2025_Hondartzetara_Lekeitio-01-212x300.jpg\" class=\"attachment-medium size-medium\" alt=\"\" srcset=\"https:\/\/sare.eus\/wp-content\/uploads\/2025\/07\/Ab-03_2025_Hondartzetara_Lekeitio-01-212x300.jpg 212w, https:\/\/sare.eus\/wp-content\/uploads\/2025\/07\/Ab-03_2025_Hondartzetara_Lekeitio-01-724x1024.jpg 724w, https:\/\/sare.eus\/wp-content\/uploads\/2025\/07\/Ab-03_2025_Hondartzetara_Lekeitio-01-768x1086.jpg 768w, https:\/\/sare.eus\/wp-content\/uploads\/2025\/07\/Ab-03_2025_Hondartzetara_Lekeitio-01-1086x1536.jpg 1086w, https:\/\/sare.eus\/wp-content\/uploads\/2025\/07\/Ab-03_2025_Hondartzetara_Lekeitio-01-1449x2048.jpg 1449w, https:\/\/sare.eus\/wp-content\/uploads\/2025\/07\/Ab-03_2025_Hondartzetara_Lekeitio-01-1080x1527.jpg 1080w, https:\/\/sare.eus\/wp-content\/uploads\/2025\/07\/Ab-03_2025_Hondartzetara_Lekeitio-01-scaled.jpg 1811w\" sizes=\"(max-width: 212px) 100vw, 212px\" \/><\/a>\n\t\t\t<\/dt><\/dl><dl class='gallery-item'>\n\t\t\t<dt class='gallery-icon portrait'>\n\t\t\t\t<a href='https:\/\/sare.eus\/es\/hondartzetara\/ab-03_2025_hondartzetara_mundaka-01-2\/'><img loading=\"lazy\" decoding=\"async\" width=\"212\" height=\"300\" src=\"https:\/\/sare.eus\/wp-content\/uploads\/2025\/07\/Ab-03_2025_Hondartzetara_Mundaka-01-212x300.jpg\" class=\"attachment-medium size-medium\" alt=\"\" srcset=\"https:\/\/sare.eus\/wp-content\/uploads\/2025\/07\/Ab-03_2025_Hondartzetara_Mundaka-01-212x300.jpg 212w, https:\/\/sare.eus\/wp-content\/uploads\/2025\/07\/Ab-03_2025_Hondartzetara_Mundaka-01-724x1024.jpg 724w, https:\/\/sare.eus\/wp-content\/uploads\/2025\/07\/Ab-03_2025_Hondartzetara_Mundaka-01-768x1086.jpg 768w, https:\/\/sare.eus\/wp-content\/uploads\/2025\/07\/Ab-03_2025_Hondartzetara_Mundaka-01-1086x1536.jpg 1086w, https:\/\/sare.eus\/wp-content\/uploads\/2025\/07\/Ab-03_2025_Hondartzetara_Mundaka-01-1449x2048.jpg 1449w, https:\/\/sare.eus\/wp-content\/uploads\/2025\/07\/Ab-03_2025_Hondartzetara_Mundaka-01-1080x1527.jpg 1080w, https:\/\/sare.eus\/wp-content\/uploads\/2025\/07\/Ab-03_2025_Hondartzetara_Mundaka-01-scaled.jpg 1811w\" sizes=\"(max-width: 212px) 100vw, 212px\" \/><\/a>\n\t\t\t<\/dt><\/dl><br style=\"clear: both\" \/><dl class='gallery-item'>\n\t\t\t<dt class='gallery-icon portrait'>\n\t\t\t\t<a href='https:\/\/sare.eus\/es\/hondartzetara\/ab-03_2025_hondartzetara_muskiz-zierbena-01-2\/'><img loading=\"lazy\" decoding=\"async\" width=\"212\" height=\"300\" src=\"https:\/\/sare.eus\/wp-content\/uploads\/2025\/07\/Ab-03_2025_Hondartzetara_Muskiz-Zierbena-01-212x300.jpg\" class=\"attachment-medium size-medium\" alt=\"\" srcset=\"https:\/\/sare.eus\/wp-content\/uploads\/2025\/07\/Ab-03_2025_Hondartzetara_Muskiz-Zierbena-01-212x300.jpg 212w, https:\/\/sare.eus\/wp-content\/uploads\/2025\/07\/Ab-03_2025_Hondartzetara_Muskiz-Zierbena-01-724x1024.jpg 724w, https:\/\/sare.eus\/wp-content\/uploads\/2025\/07\/Ab-03_2025_Hondartzetara_Muskiz-Zierbena-01-768x1086.jpg 768w, https:\/\/sare.eus\/wp-content\/uploads\/2025\/07\/Ab-03_2025_Hondartzetara_Muskiz-Zierbena-01-1086x1536.jpg 1086w, https:\/\/sare.eus\/wp-content\/uploads\/2025\/07\/Ab-03_2025_Hondartzetara_Muskiz-Zierbena-01-1449x2048.jpg 1449w, https:\/\/sare.eus\/wp-content\/uploads\/2025\/07\/Ab-03_2025_Hondartzetara_Muskiz-Zierbena-01-1080x1527.jpg 1080w, https:\/\/sare.eus\/wp-content\/uploads\/2025\/07\/Ab-03_2025_Hondartzetara_Muskiz-Zierbena-01-scaled.jpg 1811w\" sizes=\"(max-width: 212px) 100vw, 212px\" \/><\/a>\n\t\t\t<\/dt><\/dl><dl class='gallery-item'>\n\t\t\t<dt class='gallery-icon portrait'>\n\t\t\t\t<a href='https:\/\/sare.eus\/es\/hondartzetara\/ab-03_2025_hondartzetara_ondarru-01-2\/'><img loading=\"lazy\" decoding=\"async\" width=\"212\" height=\"300\" src=\"https:\/\/sare.eus\/wp-content\/uploads\/2025\/07\/Ab-03_2025_Hondartzetara_Ondarru-01-212x300.jpg\" class=\"attachment-medium size-medium\" alt=\"\" srcset=\"https:\/\/sare.eus\/wp-content\/uploads\/2025\/07\/Ab-03_2025_Hondartzetara_Ondarru-01-212x300.jpg 212w, https:\/\/sare.eus\/wp-content\/uploads\/2025\/07\/Ab-03_2025_Hondartzetara_Ondarru-01-724x1024.jpg 724w, https:\/\/sare.eus\/wp-content\/uploads\/2025\/07\/Ab-03_2025_Hondartzetara_Ondarru-01-768x1086.jpg 768w, https:\/\/sare.eus\/wp-content\/uploads\/2025\/07\/Ab-03_2025_Hondartzetara_Ondarru-01-1086x1536.jpg 1086w, https:\/\/sare.eus\/wp-content\/uploads\/2025\/07\/Ab-03_2025_Hondartzetara_Ondarru-01-1449x2048.jpg 1449w, https:\/\/sare.eus\/wp-content\/uploads\/2025\/07\/Ab-03_2025_Hondartzetara_Ondarru-01-1080x1527.jpg 1080w, https:\/\/sare.eus\/wp-content\/uploads\/2025\/07\/Ab-03_2025_Hondartzetara_Ondarru-01-scaled.jpg 1811w\" sizes=\"(max-width: 212px) 100vw, 212px\" \/><\/a>\n\t\t\t<\/dt><\/dl><dl class='gallery-item'>\n\t\t\t<dt class='gallery-icon portrait'>\n\t\t\t\t<a href='https:\/\/sare.eus\/es\/hondartzetara\/ab-03_2025_hondartzetara_orio-01-2\/'><img loading=\"lazy\" decoding=\"async\" width=\"212\" height=\"300\" src=\"https:\/\/sare.eus\/wp-content\/uploads\/2025\/07\/Ab-03_2025_Hondartzetara_Orio-01-212x300.jpg\" class=\"attachment-medium size-medium\" alt=\"\" srcset=\"https:\/\/sare.eus\/wp-content\/uploads\/2025\/07\/Ab-03_2025_Hondartzetara_Orio-01-212x300.jpg 212w, https:\/\/sare.eus\/wp-content\/uploads\/2025\/07\/Ab-03_2025_Hondartzetara_Orio-01-724x1024.jpg 724w, https:\/\/sare.eus\/wp-content\/uploads\/2025\/07\/Ab-03_2025_Hondartzetara_Orio-01-768x1086.jpg 768w, https:\/\/sare.eus\/wp-content\/uploads\/2025\/07\/Ab-03_2025_Hondartzetara_Orio-01-1086x1536.jpg 1086w, https:\/\/sare.eus\/wp-content\/uploads\/2025\/07\/Ab-03_2025_Hondartzetara_Orio-01-1449x2048.jpg 1449w, https:\/\/sare.eus\/wp-content\/uploads\/2025\/07\/Ab-03_2025_Hondartzetara_Orio-01-1080x1527.jpg 1080w, https:\/\/sare.eus\/wp-content\/uploads\/2025\/07\/Ab-03_2025_Hondartzetara_Orio-01-scaled.jpg 1811w\" sizes=\"(max-width: 212px) 100vw, 212px\" \/><\/a>\n\t\t\t<\/dt><\/dl>\n\t\t\t<br style='clear: both' \/>\n\t\t<\/div>\n\n","protected":false},"excerpt":{"rendered":"<p>Hoy 16 de Julio nos reunimos en Donostia frente a la playa de la Ondarreta para dar a conocer las movilizaciones que desde Sare y Etxerat llevaremos a cabo el [&hellip;]<\/p>\n","protected":false},"author":2,"featured_media":8231,"comment_status":"closed","ping_status":"closed","sticky":false,"template":"","format":"standard","meta":{"_acf_changed":false,"_et_pb_use_builder":"","_et_pb_old_content":"","_et_gb_content_width":"","footnotes":""},"categories":[60],"tags":[],"class_list":["post-8228","post","type-post","status-publish","format-standard","has-post-thumbnail","hentry","category-etxera-es","et-has-post-format-content","et_post_format-et-post-format-standard"],"acf":[],"yoast_head":"<!-- This site is optimized with the Yoast SEO plugin v26.4 - https:\/\/yoast.com\/wordpress\/plugins\/seo\/ -->\n<title>El 3 de agosto nos movilizaremos en 11 playas de Hego Euskal Herria - Sare Herritarra<\/title>\n<meta name=\"robots\" content=\"index, follow, max-snippet:-1, max-image-preview:large, max-video-preview:-1\" \/>\n<link rel=\"canonical\" href=\"https:\/\/sare.eus\/es\/hondartzetara\/\" \/>\n<meta property=\"og:locale\" content=\"es_ES\" \/>\n<meta property=\"og:type\" content=\"article\" \/>\n<meta property=\"og:title\" content=\"El 3 de agosto nos movilizaremos en 11 playas de Hego Euskal Herria - Sare Herritarra\" \/>\n<meta property=\"og:description\" content=\"Hoy 16 de Julio nos reunimos en Donostia frente a la playa de la Ondarreta para dar a conocer las movilizaciones que desde Sare y Etxerat llevaremos a cabo el [&hellip;]\" \/>\n<meta property=\"og:url\" content=\"https:\/\/sare.eus\/es\/hondartzetara\/\" \/>\n<meta property=\"og:site_name\" content=\"Sare Herritarra\" \/>\n<meta property=\"article:published_time\" content=\"2025-07-16T09:23:25+00:00\" \/>\n<meta property=\"og:image\" content=\"https:\/\/sare.eus\/wp-content\/uploads\/2025\/07\/IMG_20250716_113016-scaled.jpg\" \/>\n\t<meta property=\"og:image:width\" content=\"2560\" \/>\n\t<meta property=\"og:image:height\" content=\"1803\" \/>\n\t<meta property=\"og:image:type\" content=\"image\/jpeg\" \/>\n<meta name=\"author\" content=\"sare\" \/>\n<meta name=\"twitter:card\" content=\"summary_large_image\" \/>\n<meta name=\"twitter:label1\" content=\"Escrito por\" \/>\n\t<meta name=\"twitter:data1\" content=\"sare\" \/>\n\t<meta name=\"twitter:label2\" content=\"Tiempo de lectura\" \/>\n\t<meta name=\"twitter:data2\" content=\"2 minutos\" \/>\n<script type=\"application\/ld+json\" class=\"yoast-schema-graph\">{\"@context\":\"https:\/\/schema.org\",\"@graph\":[{\"@type\":\"Article\",\"@id\":\"https:\/\/sare.eus\/es\/hondartzetara\/#article\",\"isPartOf\":{\"@id\":\"https:\/\/sare.eus\/es\/hondartzetara\/\"},\"author\":{\"name\":\"sare\",\"@id\":\"https:\/\/sare.eus\/#\/schema\/person\/2fe6d0df294f56313d3ab236dbe38e17\"},\"headline\":\"El 3 de agosto nos movilizaremos en 11 playas de Hego Euskal Herria\",\"datePublished\":\"2025-07-16T09:23:25+00:00\",\"mainEntityOfPage\":{\"@id\":\"https:\/\/sare.eus\/es\/hondartzetara\/\"},\"wordCount\":340,\"publisher\":{\"@id\":\"https:\/\/sare.eus\/#organization\"},\"image\":{\"@id\":\"https:\/\/sare.eus\/es\/hondartzetara\/#primaryimage\"},\"thumbnailUrl\":\"https:\/\/sare.eus\/wp-content\/uploads\/2025\/07\/IMG_20250716_113016-scaled.jpg\",\"articleSection\":[\"Etxera\"],\"inLanguage\":\"es\"},{\"@type\":\"WebPage\",\"@id\":\"https:\/\/sare.eus\/es\/hondartzetara\/\",\"url\":\"https:\/\/sare.eus\/es\/hondartzetara\/\",\"name\":\"El 3 de agosto nos movilizaremos en 11 playas de Hego Euskal Herria - Sare Herritarra\",\"isPartOf\":{\"@id\":\"https:\/\/sare.eus\/#website\"},\"primaryImageOfPage\":{\"@id\":\"https:\/\/sare.eus\/es\/hondartzetara\/#primaryimage\"},\"image\":{\"@id\":\"https:\/\/sare.eus\/es\/hondartzetara\/#primaryimage\"},\"thumbnailUrl\":\"https:\/\/sare.eus\/wp-content\/uploads\/2025\/07\/IMG_20250716_113016-scaled.jpg\",\"datePublished\":\"2025-07-16T09:23:25+00:00\",\"breadcrumb\":{\"@id\":\"https:\/\/sare.eus\/es\/hondartzetara\/#breadcrumb\"},\"inLanguage\":\"es\",\"potentialAction\":[{\"@type\":\"ReadAction\",\"target\":[\"https:\/\/sare.eus\/es\/hondartzetara\/\"]}]},{\"@type\":\"ImageObject\",\"inLanguage\":\"es\",\"@id\":\"https:\/\/sare.eus\/es\/hondartzetara\/#primaryimage\",\"url\":\"https:\/\/sare.eus\/wp-content\/uploads\/2025\/07\/IMG_20250716_113016-scaled.jpg\",\"contentUrl\":\"https:\/\/sare.eus\/wp-content\/uploads\/2025\/07\/IMG_20250716_113016-scaled.jpg\",\"width\":2560,\"height\":1803,\"caption\":\"Oplus_32\"},{\"@type\":\"BreadcrumbList\",\"@id\":\"https:\/\/sare.eus\/es\/hondartzetara\/#breadcrumb\",\"itemListElement\":[{\"@type\":\"ListItem\",\"position\":1,\"name\":\"Home\",\"item\":\"https:\/\/sare.eus\/\"},{\"@type\":\"ListItem\",\"position\":2,\"name\":\"El 3 de agosto nos movilizaremos en 11 playas de Hego Euskal Herria\"}]},{\"@type\":\"WebSite\",\"@id\":\"https:\/\/sare.eus\/#website\",\"url\":\"https:\/\/sare.eus\/\",\"name\":\"Sare Herritarra\",\"description\":\"KONPONBIDEAREN ETA GIZA ESKUBIDEEN ALDEKO SARE HERRITARRA\",\"publisher\":{\"@id\":\"https:\/\/sare.eus\/#organization\"},\"potentialAction\":[{\"@type\":\"SearchAction\",\"target\":{\"@type\":\"EntryPoint\",\"urlTemplate\":\"https:\/\/sare.eus\/?s={search_term_string}\"},\"query-input\":{\"@type\":\"PropertyValueSpecification\",\"valueRequired\":true,\"valueName\":\"search_term_string\"}}],\"inLanguage\":\"es\"},{\"@type\":\"Organization\",\"@id\":\"https:\/\/sare.eus\/#organization\",\"name\":\"Sare Herritarra\",\"url\":\"https:\/\/sare.eus\/\",\"logo\":{\"@type\":\"ImageObject\",\"inLanguage\":\"es\",\"@id\":\"https:\/\/sare.eus\/#\/schema\/logo\/image\/\",\"url\":\"https:\/\/sare.eus\/wp-content\/uploads\/2021\/08\/sare.png\",\"contentUrl\":\"https:\/\/sare.eus\/wp-content\/uploads\/2021\/08\/sare.png\",\"width\":120,\"height\":142,\"caption\":\"Sare Herritarra\"},\"image\":{\"@id\":\"https:\/\/sare.eus\/#\/schema\/logo\/image\/\"}},{\"@type\":\"Person\",\"@id\":\"https:\/\/sare.eus\/#\/schema\/person\/2fe6d0df294f56313d3ab236dbe38e17\",\"name\":\"sare\",\"image\":{\"@type\":\"ImageObject\",\"inLanguage\":\"es\",\"@id\":\"https:\/\/sare.eus\/#\/schema\/person\/image\/\",\"url\":\"https:\/\/secure.gravatar.com\/avatar\/77cad838677ceb1977e7b3c878b55eaa7fa4aae2158983063b047c3ad7ef2c25?s=96&d=mm&r=g\",\"contentUrl\":\"https:\/\/secure.gravatar.com\/avatar\/77cad838677ceb1977e7b3c878b55eaa7fa4aae2158983063b047c3ad7ef2c25?s=96&d=mm&r=g\",\"caption\":\"sare\"},\"url\":\"https:\/\/sare.eus\/es\/author\/sare\/\"}]}<\/script>\n<!-- \/ Yoast SEO plugin. -->","yoast_head_json":{"title":"El 3 de agosto nos movilizaremos en 11 playas de Hego Euskal Herria - Sare Herritarra","robots":{"index":"index","follow":"follow","max-snippet":"max-snippet:-1","max-image-preview":"max-image-preview:large","max-video-preview":"max-video-preview:-1"},"canonical":"https:\/\/sare.eus\/es\/hondartzetara\/","og_locale":"es_ES","og_type":"article","og_title":"El 3 de agosto nos movilizaremos en 11 playas de Hego Euskal Herria - Sare Herritarra","og_description":"Hoy 16 de Julio nos reunimos en Donostia frente a la playa de la Ondarreta para dar a conocer las movilizaciones que desde Sare y Etxerat llevaremos a cabo el [&hellip;]","og_url":"https:\/\/sare.eus\/es\/hondartzetara\/","og_site_name":"Sare Herritarra","article_published_time":"2025-07-16T09:23:25+00:00","og_image":[{"width":2560,"height":1803,"url":"https:\/\/sare.eus\/wp-content\/uploads\/2025\/07\/IMG_20250716_113016-scaled.jpg","type":"image\/jpeg"}],"author":"sare","twitter_card":"summary_large_image","twitter_misc":{"Escrito por":"sare","Tiempo de lectura":"2 minutos"},"schema":{"@context":"https:\/\/schema.org","@graph":[{"@type":"Article","@id":"https:\/\/sare.eus\/es\/hondartzetara\/#article","isPartOf":{"@id":"https:\/\/sare.eus\/es\/hondartzetara\/"},"author":{"name":"sare","@id":"https:\/\/sare.eus\/#\/schema\/person\/2fe6d0df294f56313d3ab236dbe38e17"},"headline":"El 3 de agosto nos movilizaremos en 11 playas de Hego Euskal Herria","datePublished":"2025-07-16T09:23:25+00:00","mainEntityOfPage":{"@id":"https:\/\/sare.eus\/es\/hondartzetara\/"},"wordCount":340,"publisher":{"@id":"https:\/\/sare.eus\/#organization"},"image":{"@id":"https:\/\/sare.eus\/es\/hondartzetara\/#primaryimage"},"thumbnailUrl":"https:\/\/sare.eus\/wp-content\/uploads\/2025\/07\/IMG_20250716_113016-scaled.jpg","articleSection":["Etxera"],"inLanguage":"es"},{"@type":"WebPage","@id":"https:\/\/sare.eus\/es\/hondartzetara\/","url":"https:\/\/sare.eus\/es\/hondartzetara\/","name":"El 3 de agosto nos movilizaremos en 11 playas de Hego Euskal Herria - Sare Herritarra","isPartOf":{"@id":"https:\/\/sare.eus\/#website"},"primaryImageOfPage":{"@id":"https:\/\/sare.eus\/es\/hondartzetara\/#primaryimage"},"image":{"@id":"https:\/\/sare.eus\/es\/hondartzetara\/#primaryimage"},"thumbnailUrl":"https:\/\/sare.eus\/wp-content\/uploads\/2025\/07\/IMG_20250716_113016-scaled.jpg","datePublished":"2025-07-16T09:23:25+00:00","breadcrumb":{"@id":"https:\/\/sare.eus\/es\/hondartzetara\/#breadcrumb"},"inLanguage":"es","potentialAction":[{"@type":"ReadAction","target":["https:\/\/sare.eus\/es\/hondartzetara\/"]}]},{"@type":"ImageObject","inLanguage":"es","@id":"https:\/\/sare.eus\/es\/hondartzetara\/#primaryimage","url":"https:\/\/sare.eus\/wp-content\/uploads\/2025\/07\/IMG_20250716_113016-scaled.jpg","contentUrl":"https:\/\/sare.eus\/wp-content\/uploads\/2025\/07\/IMG_20250716_113016-scaled.jpg","width":2560,"height":1803,"caption":"Oplus_32"},{"@type":"BreadcrumbList","@id":"https:\/\/sare.eus\/es\/hondartzetara\/#breadcrumb","itemListElement":[{"@type":"ListItem","position":1,"name":"Home","item":"https:\/\/sare.eus\/"},{"@type":"ListItem","position":2,"name":"El 3 de agosto nos movilizaremos en 11 playas de Hego Euskal Herria"}]},{"@type":"WebSite","@id":"https:\/\/sare.eus\/#website","url":"https:\/\/sare.eus\/","name":"Sare Herritarra","description":"KONPONBIDEAREN ETA GIZA ESKUBIDEEN ALDEKO SARE HERRITARRA","publisher":{"@id":"https:\/\/sare.eus\/#organization"},"potentialAction":[{"@type":"SearchAction","target":{"@type":"EntryPoint","urlTemplate":"https:\/\/sare.eus\/?s={search_term_string}"},"query-input":{"@type":"PropertyValueSpecification","valueRequired":true,"valueName":"search_term_string"}}],"inLanguage":"es"},{"@type":"Organization","@id":"https:\/\/sare.eus\/#organization","name":"Sare Herritarra","url":"https:\/\/sare.eus\/","logo":{"@type":"ImageObject","inLanguage":"es","@id":"https:\/\/sare.eus\/#\/schema\/logo\/image\/","url":"https:\/\/sare.eus\/wp-content\/uploads\/2021\/08\/sare.png","contentUrl":"https:\/\/sare.eus\/wp-content\/uploads\/2021\/08\/sare.png","width":120,"height":142,"caption":"Sare Herritarra"},"image":{"@id":"https:\/\/sare.eus\/#\/schema\/logo\/image\/"}},{"@type":"Person","@id":"https:\/\/sare.eus\/#\/schema\/person\/2fe6d0df294f56313d3ab236dbe38e17","name":"sare","image":{"@type":"ImageObject","inLanguage":"es","@id":"https:\/\/sare.eus\/#\/schema\/person\/image\/","url":"https:\/\/secure.gravatar.com\/avatar\/77cad838677ceb1977e7b3c878b55eaa7fa4aae2158983063b047c3ad7ef2c25?s=96&d=mm&r=g","contentUrl":"https:\/\/secure.gravatar.com\/avatar\/77cad838677ceb1977e7b3c878b55eaa7fa4aae2158983063b047c3ad7ef2c25?s=96&d=mm&r=g","caption":"sare"},"url":"https:\/\/sare.eus\/es\/author\/sare\/"}]}},"_links":{"self":[{"href":"https:\/\/sare.eus\/es\/wp-json\/wp\/v2\/posts\/8228","targetHints":{"allow":["GET"]}}],"collection":[{"href":"https:\/\/sare.eus\/es\/wp-json\/wp\/v2\/posts"}],"about":[{"href":"https:\/\/sare.eus\/es\/wp-json\/wp\/v2\/types\/post"}],"author":[{"embeddable":true,"href":"https:\/\/sare.eus\/es\/wp-json\/wp\/v2\/users\/2"}],"replies":[{"embeddable":true,"href":"https:\/\/sare.eus\/es\/wp-json\/wp\/v2\/comments?post=8228"}],"version-history":[{"count":1,"href":"https:\/\/sare.eus\/es\/wp-json\/wp\/v2\/posts\/8228\/revisions"}],"predecessor-version":[{"id":8229,"href":"https:\/\/sare.eus\/es\/wp-json\/wp\/v2\/posts\/8228\/revisions\/8229"}],"wp:featuredmedia":[{"embeddable":true,"href":"https:\/\/sare.eus\/es\/wp-json\/wp\/v2\/media\/8231"}],"wp:attachment":[{"href":"https:\/\/sare.eus\/es\/wp-json\/wp\/v2\/media?parent=8228"}],"wp:term":[{"taxonomy":"category","embeddable":true,"href":"https:\/\/sare.eus\/es\/wp-json\/wp\/v2\/categories?post=8228"},{"taxonomy":"post_tag","embeddable":true,"href":"https:\/\/sare.eus\/es\/wp-json\/wp\/v2\/tags?post=8228"}],"curies":[{"name":"wp","href":"https:\/\/api.w.org\/{rel}","templated":true}]}}