{"id":8192,"date":"2025-07-04T19:59:54","date_gmt":"2025-07-04T18:59:54","guid":{"rendered":"https:\/\/sare.eus\/?p=8192"},"modified":"2025-07-05T10:27:49","modified_gmt":"2025-07-05T09:27:49","slug":"kalejira-en-visperas-de-los-sanfermines-para-reivindicar-la-vuelta-a-casa-de-presos-huidos-y-deportados","status":"publish","type":"post","link":"https:\/\/sare.eus\/es\/kalejira-en-visperas-de-los-sanfermines-para-reivindicar-la-vuelta-a-casa-de-presos-huidos-y-deportados\/","title":{"rendered":"Kalejira en v\u00edsperas de los sanfermines para reivindicar la vuelta a casa de presos, huidos y deportados"},"content":{"rendered":"<p>Si hay algo que define a los sanfermines, eso es su car\u00e1cter participativo, el protagonismo de la gente. Por encima de programas oficiales, ritos y costumbres m\u00e1s o menos establecidos, es la gente la que hace y la que vive la fiesta, momentico a momentico, desde el txupinazo inicial hasta el pobre de m\u00ed final. Y as\u00ed, cuando a la gente se le da la oportunidad no s\u00f3lo de opinar sino tambi\u00e9n de decidir, es cuando sale una y otra vez a flote ese corcho que es reflejo de las mejores esencias de las gentes de Iru\u00f1ea. De esa Iru\u00f1ea alegre y rebelde que Mart\u00edn Villa y sus secuaces quisieron escarmentar en aquel tr\u00e1gico 8 de julio de 1978 y que, cuarenta y siete a\u00f1os despu\u00e9s, sigue en pie un pueblo que busca soluciones donde todav\u00eda hoy hay injusticias, medidas excepcionales y mucho sufrimiento.<br \/>\n<iframe loading=\"lazy\" title=\"YouTube video player\" src=\"https:\/\/www.youtube.com\/embed\/O7cGsvoALm0?si=gvS8eSh-nl2XXYcS\" width=\"560\" height=\"315\" frameborder=\"0\" allowfullscreen=\"allowfullscreen\"><\/iframe><\/p>\n<p>Sirva esta introducci\u00f3n para contextualizar el sentido que adquiere en este momento hist\u00f3rico la necesaria reintegraci\u00f3n en la vida social de las personas que siguen presas por motivaciones pol\u00edticas. No nos cansaremos de repetir que todas estas personas debieran encontrarse ya en sus hogares si se aplicara de forma ponderada y justa la legislaci\u00f3n penitenciaria vigente. Llevan ya largos a\u00f1os en prisi\u00f3n, cumplen desde hace tiempo los requisitos establecidos por la ley para acceder a reg\u00edmenes de cumplimiento abiertos (100.2 tercer grado, libertad condicional\u2026). Su permanencia en prisi\u00f3n s\u00f3lo se explica por la obsesi\u00f3n por mantener una pol\u00edtica de excepci\u00f3n que busca cronificar, eternizar, un problema pol\u00edtico que ya ha causado demasiado sufrimiento a todas las partes.<\/p>\n<p>La vuelta a sus hogares de estas personas todav\u00eda presas supondr\u00eda un paso de gigante en la normalizaci\u00f3n pol\u00edtica de nuestra sociedad. No est\u00e1 dem\u00e1s, recordar que fue precisamente la aparici\u00f3n en la plaza de toros de una pancarta con el lema \u201cAmnist\u00eda\u201d el momento elegido por la Polic\u00eda para activar la operaci\u00f3n de castigo a Iru\u00f1ea que acab\u00f3 con centenares de personas heridas y caus\u00f3 la muerte de Germ\u00e1n Rodr\u00edguez. Que cuarenta y siete a\u00f1os despu\u00e9s, haya personas presas, exiliadas o deportadas por motivaciones pol\u00edticas, sigue siendo un factor que, adem\u00e1s de provocar un sufrimiento injusto a muchas familias, perturba el normal devenir de la vida social y la convivencia de nuestra sociedad.<\/p>\n<p>Por todo ello, llamamos al pueblo de Iru\u00f1ea a movilizarse tambi\u00e9n en Sanfermines por la vuelta a sus hogares de los y las presas, exiliadas y deportadas vascas. Por unos San Fermines sin personas presas, exiliadas o deportadas. DENAK ETXERA!! LORTUKO DUGU!<\/p>\n","protected":false},"excerpt":{"rendered":"<p>Si hay algo que define a los sanfermines, eso es su car\u00e1cter participativo, el protagonismo de la gente. Por encima de programas oficiales, ritos y costumbres m\u00e1s o menos establecidos, [&hellip;]<\/p>\n","protected":false},"author":2,"featured_media":8195,"comment_status":"closed","ping_status":"closed","sticky":false,"template":"","format":"standard","meta":{"_acf_changed":false,"_et_pb_use_builder":"","_et_pb_old_content":"","_et_gb_content_width":"","footnotes":""},"categories":[60],"tags":[],"class_list":["post-8192","post","type-post","status-publish","format-standard","has-post-thumbnail","hentry","category-etxera-es","et-has-post-format-content","et_post_format-et-post-format-standard"],"acf":[],"yoast_head":"<!-- This site is optimized with the Yoast SEO plugin v26.4 - https:\/\/yoast.com\/wordpress\/plugins\/seo\/ -->\n<title>Kalejira en v\u00edsperas de los sanfermines para reivindicar la vuelta a casa de presos, huidos y deportados - Sare Herritarra<\/title>\n<meta name=\"robots\" content=\"index, follow, max-snippet:-1, max-image-preview:large, max-video-preview:-1\" \/>\n<link rel=\"canonical\" href=\"https:\/\/sare.eus\/es\/kalejira-en-visperas-de-los-sanfermines-para-reivindicar-la-vuelta-a-casa-de-presos-huidos-y-deportados\/\" \/>\n<meta property=\"og:locale\" content=\"es_ES\" \/>\n<meta property=\"og:type\" content=\"article\" \/>\n<meta property=\"og:title\" content=\"Kalejira en v\u00edsperas de los sanfermines para reivindicar la vuelta a casa de presos, huidos y deportados - Sare Herritarra\" \/>\n<meta property=\"og:description\" content=\"Si hay algo que define a los sanfermines, eso es su car\u00e1cter participativo, el protagonismo de la gente. Por encima de programas oficiales, ritos y costumbres m\u00e1s o menos establecidos, [&hellip;]\" \/>\n<meta property=\"og:url\" content=\"https:\/\/sare.eus\/es\/kalejira-en-visperas-de-los-sanfermines-para-reivindicar-la-vuelta-a-casa-de-presos-huidos-y-deportados\/\" \/>\n<meta property=\"og:site_name\" content=\"Sare Herritarra\" \/>\n<meta property=\"article:published_time\" content=\"2025-07-04T18:59:54+00:00\" \/>\n<meta property=\"article:modified_time\" content=\"2025-07-05T09:27:49+00:00\" \/>\n<meta property=\"og:image\" content=\"https:\/\/sare.eus\/wp-content\/uploads\/2025\/07\/Imagen-de-WhatsApp-2025-07-04-a-las-20.35.08_ee18be36.jpg\" \/>\n\t<meta property=\"og:image:width\" content=\"2000\" \/>\n\t<meta property=\"og:image:height\" content=\"1125\" \/>\n\t<meta property=\"og:image:type\" content=\"image\/jpeg\" \/>\n<meta name=\"author\" content=\"sare\" \/>\n<meta name=\"twitter:card\" content=\"summary_large_image\" \/>\n<meta name=\"twitter:label1\" content=\"Escrito por\" \/>\n\t<meta name=\"twitter:data1\" content=\"sare\" \/>\n\t<meta name=\"twitter:label2\" content=\"Tiempo de lectura\" \/>\n\t<meta name=\"twitter:data2\" content=\"3 minutos\" \/>\n<script type=\"application\/ld+json\" class=\"yoast-schema-graph\">{\"@context\":\"https:\/\/schema.org\",\"@graph\":[{\"@type\":\"Article\",\"@id\":\"https:\/\/sare.eus\/es\/kalejira-en-visperas-de-los-sanfermines-para-reivindicar-la-vuelta-a-casa-de-presos-huidos-y-deportados\/#article\",\"isPartOf\":{\"@id\":\"https:\/\/sare.eus\/es\/kalejira-en-visperas-de-los-sanfermines-para-reivindicar-la-vuelta-a-casa-de-presos-huidos-y-deportados\/\"},\"author\":{\"name\":\"sare\",\"@id\":\"https:\/\/sare.eus\/#\/schema\/person\/2fe6d0df294f56313d3ab236dbe38e17\"},\"headline\":\"Kalejira en v\u00edsperas de los sanfermines para reivindicar la vuelta a casa de presos, huidos y deportados\",\"datePublished\":\"2025-07-04T18:59:54+00:00\",\"dateModified\":\"2025-07-05T09:27:49+00:00\",\"mainEntityOfPage\":{\"@id\":\"https:\/\/sare.eus\/es\/kalejira-en-visperas-de-los-sanfermines-para-reivindicar-la-vuelta-a-casa-de-presos-huidos-y-deportados\/\"},\"wordCount\":475,\"publisher\":{\"@id\":\"https:\/\/sare.eus\/#organization\"},\"image\":{\"@id\":\"https:\/\/sare.eus\/es\/kalejira-en-visperas-de-los-sanfermines-para-reivindicar-la-vuelta-a-casa-de-presos-huidos-y-deportados\/#primaryimage\"},\"thumbnailUrl\":\"https:\/\/sare.eus\/wp-content\/uploads\/2025\/07\/Imagen-de-WhatsApp-2025-07-04-a-las-20.35.08_ee18be36.jpg\",\"articleSection\":[\"Etxera\"],\"inLanguage\":\"es\"},{\"@type\":\"WebPage\",\"@id\":\"https:\/\/sare.eus\/es\/kalejira-en-visperas-de-los-sanfermines-para-reivindicar-la-vuelta-a-casa-de-presos-huidos-y-deportados\/\",\"url\":\"https:\/\/sare.eus\/es\/kalejira-en-visperas-de-los-sanfermines-para-reivindicar-la-vuelta-a-casa-de-presos-huidos-y-deportados\/\",\"name\":\"Kalejira en v\u00edsperas de los sanfermines para reivindicar la vuelta a casa de presos, huidos y deportados - Sare Herritarra\",\"isPartOf\":{\"@id\":\"https:\/\/sare.eus\/#website\"},\"primaryImageOfPage\":{\"@id\":\"https:\/\/sare.eus\/es\/kalejira-en-visperas-de-los-sanfermines-para-reivindicar-la-vuelta-a-casa-de-presos-huidos-y-deportados\/#primaryimage\"},\"image\":{\"@id\":\"https:\/\/sare.eus\/es\/kalejira-en-visperas-de-los-sanfermines-para-reivindicar-la-vuelta-a-casa-de-presos-huidos-y-deportados\/#primaryimage\"},\"thumbnailUrl\":\"https:\/\/sare.eus\/wp-content\/uploads\/2025\/07\/Imagen-de-WhatsApp-2025-07-04-a-las-20.35.08_ee18be36.jpg\",\"datePublished\":\"2025-07-04T18:59:54+00:00\",\"dateModified\":\"2025-07-05T09:27:49+00:00\",\"breadcrumb\":{\"@id\":\"https:\/\/sare.eus\/es\/kalejira-en-visperas-de-los-sanfermines-para-reivindicar-la-vuelta-a-casa-de-presos-huidos-y-deportados\/#breadcrumb\"},\"inLanguage\":\"es\",\"potentialAction\":[{\"@type\":\"ReadAction\",\"target\":[\"https:\/\/sare.eus\/es\/kalejira-en-visperas-de-los-sanfermines-para-reivindicar-la-vuelta-a-casa-de-presos-huidos-y-deportados\/\"]}]},{\"@type\":\"ImageObject\",\"inLanguage\":\"es\",\"@id\":\"https:\/\/sare.eus\/es\/kalejira-en-visperas-de-los-sanfermines-para-reivindicar-la-vuelta-a-casa-de-presos-huidos-y-deportados\/#primaryimage\",\"url\":\"https:\/\/sare.eus\/wp-content\/uploads\/2025\/07\/Imagen-de-WhatsApp-2025-07-04-a-las-20.35.08_ee18be36.jpg\",\"contentUrl\":\"https:\/\/sare.eus\/wp-content\/uploads\/2025\/07\/Imagen-de-WhatsApp-2025-07-04-a-las-20.35.08_ee18be36.jpg\",\"width\":2000,\"height\":1125},{\"@type\":\"BreadcrumbList\",\"@id\":\"https:\/\/sare.eus\/es\/kalejira-en-visperas-de-los-sanfermines-para-reivindicar-la-vuelta-a-casa-de-presos-huidos-y-deportados\/#breadcrumb\",\"itemListElement\":[{\"@type\":\"ListItem\",\"position\":1,\"name\":\"Home\",\"item\":\"https:\/\/sare.eus\/\"},{\"@type\":\"ListItem\",\"position\":2,\"name\":\"Kalejira en v\u00edsperas de los sanfermines para reivindicar la vuelta a casa de presos, huidos y deportados\"}]},{\"@type\":\"WebSite\",\"@id\":\"https:\/\/sare.eus\/#website\",\"url\":\"https:\/\/sare.eus\/\",\"name\":\"Sare Herritarra\",\"description\":\"KONPONBIDEAREN ETA GIZA ESKUBIDEEN ALDEKO SARE HERRITARRA\",\"publisher\":{\"@id\":\"https:\/\/sare.eus\/#organization\"},\"potentialAction\":[{\"@type\":\"SearchAction\",\"target\":{\"@type\":\"EntryPoint\",\"urlTemplate\":\"https:\/\/sare.eus\/?s={search_term_string}\"},\"query-input\":{\"@type\":\"PropertyValueSpecification\",\"valueRequired\":true,\"valueName\":\"search_term_string\"}}],\"inLanguage\":\"es\"},{\"@type\":\"Organization\",\"@id\":\"https:\/\/sare.eus\/#organization\",\"name\":\"Sare Herritarra\",\"url\":\"https:\/\/sare.eus\/\",\"logo\":{\"@type\":\"ImageObject\",\"inLanguage\":\"es\",\"@id\":\"https:\/\/sare.eus\/#\/schema\/logo\/image\/\",\"url\":\"https:\/\/sare.eus\/wp-content\/uploads\/2021\/08\/sare.png\",\"contentUrl\":\"https:\/\/sare.eus\/wp-content\/uploads\/2021\/08\/sare.png\",\"width\":120,\"height\":142,\"caption\":\"Sare Herritarra\"},\"image\":{\"@id\":\"https:\/\/sare.eus\/#\/schema\/logo\/image\/\"}},{\"@type\":\"Person\",\"@id\":\"https:\/\/sare.eus\/#\/schema\/person\/2fe6d0df294f56313d3ab236dbe38e17\",\"name\":\"sare\",\"image\":{\"@type\":\"ImageObject\",\"inLanguage\":\"es\",\"@id\":\"https:\/\/sare.eus\/#\/schema\/person\/image\/\",\"url\":\"https:\/\/secure.gravatar.com\/avatar\/77cad838677ceb1977e7b3c878b55eaa7fa4aae2158983063b047c3ad7ef2c25?s=96&d=mm&r=g\",\"contentUrl\":\"https:\/\/secure.gravatar.com\/avatar\/77cad838677ceb1977e7b3c878b55eaa7fa4aae2158983063b047c3ad7ef2c25?s=96&d=mm&r=g\",\"caption\":\"sare\"},\"url\":\"https:\/\/sare.eus\/es\/author\/sare\/\"}]}<\/script>\n<!-- \/ Yoast SEO plugin. -->","yoast_head_json":{"title":"Kalejira en v\u00edsperas de los sanfermines para reivindicar la vuelta a casa de presos, huidos y deportados - Sare Herritarra","robots":{"index":"index","follow":"follow","max-snippet":"max-snippet:-1","max-image-preview":"max-image-preview:large","max-video-preview":"max-video-preview:-1"},"canonical":"https:\/\/sare.eus\/es\/kalejira-en-visperas-de-los-sanfermines-para-reivindicar-la-vuelta-a-casa-de-presos-huidos-y-deportados\/","og_locale":"es_ES","og_type":"article","og_title":"Kalejira en v\u00edsperas de los sanfermines para reivindicar la vuelta a casa de presos, huidos y deportados - Sare Herritarra","og_description":"Si hay algo que define a los sanfermines, eso es su car\u00e1cter participativo, el protagonismo de la gente. Por encima de programas oficiales, ritos y costumbres m\u00e1s o menos establecidos, [&hellip;]","og_url":"https:\/\/sare.eus\/es\/kalejira-en-visperas-de-los-sanfermines-para-reivindicar-la-vuelta-a-casa-de-presos-huidos-y-deportados\/","og_site_name":"Sare Herritarra","article_published_time":"2025-07-04T18:59:54+00:00","article_modified_time":"2025-07-05T09:27:49+00:00","og_image":[{"width":2000,"height":1125,"url":"https:\/\/sare.eus\/wp-content\/uploads\/2025\/07\/Imagen-de-WhatsApp-2025-07-04-a-las-20.35.08_ee18be36.jpg","type":"image\/jpeg"}],"author":"sare","twitter_card":"summary_large_image","twitter_misc":{"Escrito por":"sare","Tiempo de lectura":"3 minutos"},"schema":{"@context":"https:\/\/schema.org","@graph":[{"@type":"Article","@id":"https:\/\/sare.eus\/es\/kalejira-en-visperas-de-los-sanfermines-para-reivindicar-la-vuelta-a-casa-de-presos-huidos-y-deportados\/#article","isPartOf":{"@id":"https:\/\/sare.eus\/es\/kalejira-en-visperas-de-los-sanfermines-para-reivindicar-la-vuelta-a-casa-de-presos-huidos-y-deportados\/"},"author":{"name":"sare","@id":"https:\/\/sare.eus\/#\/schema\/person\/2fe6d0df294f56313d3ab236dbe38e17"},"headline":"Kalejira en v\u00edsperas de los sanfermines para reivindicar la vuelta a casa de presos, huidos y deportados","datePublished":"2025-07-04T18:59:54+00:00","dateModified":"2025-07-05T09:27:49+00:00","mainEntityOfPage":{"@id":"https:\/\/sare.eus\/es\/kalejira-en-visperas-de-los-sanfermines-para-reivindicar-la-vuelta-a-casa-de-presos-huidos-y-deportados\/"},"wordCount":475,"publisher":{"@id":"https:\/\/sare.eus\/#organization"},"image":{"@id":"https:\/\/sare.eus\/es\/kalejira-en-visperas-de-los-sanfermines-para-reivindicar-la-vuelta-a-casa-de-presos-huidos-y-deportados\/#primaryimage"},"thumbnailUrl":"https:\/\/sare.eus\/wp-content\/uploads\/2025\/07\/Imagen-de-WhatsApp-2025-07-04-a-las-20.35.08_ee18be36.jpg","articleSection":["Etxera"],"inLanguage":"es"},{"@type":"WebPage","@id":"https:\/\/sare.eus\/es\/kalejira-en-visperas-de-los-sanfermines-para-reivindicar-la-vuelta-a-casa-de-presos-huidos-y-deportados\/","url":"https:\/\/sare.eus\/es\/kalejira-en-visperas-de-los-sanfermines-para-reivindicar-la-vuelta-a-casa-de-presos-huidos-y-deportados\/","name":"Kalejira en v\u00edsperas de los sanfermines para reivindicar la vuelta a casa de presos, huidos y deportados - Sare Herritarra","isPartOf":{"@id":"https:\/\/sare.eus\/#website"},"primaryImageOfPage":{"@id":"https:\/\/sare.eus\/es\/kalejira-en-visperas-de-los-sanfermines-para-reivindicar-la-vuelta-a-casa-de-presos-huidos-y-deportados\/#primaryimage"},"image":{"@id":"https:\/\/sare.eus\/es\/kalejira-en-visperas-de-los-sanfermines-para-reivindicar-la-vuelta-a-casa-de-presos-huidos-y-deportados\/#primaryimage"},"thumbnailUrl":"https:\/\/sare.eus\/wp-content\/uploads\/2025\/07\/Imagen-de-WhatsApp-2025-07-04-a-las-20.35.08_ee18be36.jpg","datePublished":"2025-07-04T18:59:54+00:00","dateModified":"2025-07-05T09:27:49+00:00","breadcrumb":{"@id":"https:\/\/sare.eus\/es\/kalejira-en-visperas-de-los-sanfermines-para-reivindicar-la-vuelta-a-casa-de-presos-huidos-y-deportados\/#breadcrumb"},"inLanguage":"es","potentialAction":[{"@type":"ReadAction","target":["https:\/\/sare.eus\/es\/kalejira-en-visperas-de-los-sanfermines-para-reivindicar-la-vuelta-a-casa-de-presos-huidos-y-deportados\/"]}]},{"@type":"ImageObject","inLanguage":"es","@id":"https:\/\/sare.eus\/es\/kalejira-en-visperas-de-los-sanfermines-para-reivindicar-la-vuelta-a-casa-de-presos-huidos-y-deportados\/#primaryimage","url":"https:\/\/sare.eus\/wp-content\/uploads\/2025\/07\/Imagen-de-WhatsApp-2025-07-04-a-las-20.35.08_ee18be36.jpg","contentUrl":"https:\/\/sare.eus\/wp-content\/uploads\/2025\/07\/Imagen-de-WhatsApp-2025-07-04-a-las-20.35.08_ee18be36.jpg","width":2000,"height":1125},{"@type":"BreadcrumbList","@id":"https:\/\/sare.eus\/es\/kalejira-en-visperas-de-los-sanfermines-para-reivindicar-la-vuelta-a-casa-de-presos-huidos-y-deportados\/#breadcrumb","itemListElement":[{"@type":"ListItem","position":1,"name":"Home","item":"https:\/\/sare.eus\/"},{"@type":"ListItem","position":2,"name":"Kalejira en v\u00edsperas de los sanfermines para reivindicar la vuelta a casa de presos, huidos y deportados"}]},{"@type":"WebSite","@id":"https:\/\/sare.eus\/#website","url":"https:\/\/sare.eus\/","name":"Sare Herritarra","description":"KONPONBIDEAREN ETA GIZA ESKUBIDEEN ALDEKO SARE HERRITARRA","publisher":{"@id":"https:\/\/sare.eus\/#organization"},"potentialAction":[{"@type":"SearchAction","target":{"@type":"EntryPoint","urlTemplate":"https:\/\/sare.eus\/?s={search_term_string}"},"query-input":{"@type":"PropertyValueSpecification","valueRequired":true,"valueName":"search_term_string"}}],"inLanguage":"es"},{"@type":"Organization","@id":"https:\/\/sare.eus\/#organization","name":"Sare Herritarra","url":"https:\/\/sare.eus\/","logo":{"@type":"ImageObject","inLanguage":"es","@id":"https:\/\/sare.eus\/#\/schema\/logo\/image\/","url":"https:\/\/sare.eus\/wp-content\/uploads\/2021\/08\/sare.png","contentUrl":"https:\/\/sare.eus\/wp-content\/uploads\/2021\/08\/sare.png","width":120,"height":142,"caption":"Sare Herritarra"},"image":{"@id":"https:\/\/sare.eus\/#\/schema\/logo\/image\/"}},{"@type":"Person","@id":"https:\/\/sare.eus\/#\/schema\/person\/2fe6d0df294f56313d3ab236dbe38e17","name":"sare","image":{"@type":"ImageObject","inLanguage":"es","@id":"https:\/\/sare.eus\/#\/schema\/person\/image\/","url":"https:\/\/secure.gravatar.com\/avatar\/77cad838677ceb1977e7b3c878b55eaa7fa4aae2158983063b047c3ad7ef2c25?s=96&d=mm&r=g","contentUrl":"https:\/\/secure.gravatar.com\/avatar\/77cad838677ceb1977e7b3c878b55eaa7fa4aae2158983063b047c3ad7ef2c25?s=96&d=mm&r=g","caption":"sare"},"url":"https:\/\/sare.eus\/es\/author\/sare\/"}]}},"_links":{"self":[{"href":"https:\/\/sare.eus\/es\/wp-json\/wp\/v2\/posts\/8192","targetHints":{"allow":["GET"]}}],"collection":[{"href":"https:\/\/sare.eus\/es\/wp-json\/wp\/v2\/posts"}],"about":[{"href":"https:\/\/sare.eus\/es\/wp-json\/wp\/v2\/types\/post"}],"author":[{"embeddable":true,"href":"https:\/\/sare.eus\/es\/wp-json\/wp\/v2\/users\/2"}],"replies":[{"embeddable":true,"href":"https:\/\/sare.eus\/es\/wp-json\/wp\/v2\/comments?post=8192"}],"version-history":[{"count":2,"href":"https:\/\/sare.eus\/es\/wp-json\/wp\/v2\/posts\/8192\/revisions"}],"predecessor-version":[{"id":8199,"href":"https:\/\/sare.eus\/es\/wp-json\/wp\/v2\/posts\/8192\/revisions\/8199"}],"wp:featuredmedia":[{"embeddable":true,"href":"https:\/\/sare.eus\/es\/wp-json\/wp\/v2\/media\/8195"}],"wp:attachment":[{"href":"https:\/\/sare.eus\/es\/wp-json\/wp\/v2\/media?parent=8192"}],"wp:term":[{"taxonomy":"category","embeddable":true,"href":"https:\/\/sare.eus\/es\/wp-json\/wp\/v2\/categories?post=8192"},{"taxonomy":"post_tag","embeddable":true,"href":"https:\/\/sare.eus\/es\/wp-json\/wp\/v2\/tags?post=8192"}],"curies":[{"name":"wp","href":"https:\/\/api.w.org\/{rel}","templated":true}]}}