{"id":8176,"date":"2025-06-20T11:50:21","date_gmt":"2025-06-20T10:50:21","guid":{"rendered":"https:\/\/sare.eus\/?p=8176"},"modified":"2025-06-20T11:50:21","modified_gmt":"2025-06-20T10:50:21","slug":"texto-de-las-movilizaciones-convocadas-por-sare-y-la-mayoria-sindical-vasca","status":"publish","type":"post","link":"https:\/\/sare.eus\/es\/texto-de-las-movilizaciones-convocadas-por-sare-y-la-mayoria-sindical-vasca\/","title":{"rendered":"Texto de las movilizaciones convocadas por SARE y la mayor\u00eda sindical vasca"},"content":{"rendered":"<p>Sare y la mayor\u00eda sindical vasca, nos reunimos hoy para llevar a cabo la segunda y \u00faltima movilizaci\u00f3n convocada este curso 2024-2025. Una vez m\u00e1s, la mayor\u00eda sindical vasca se une a Sare Herritarra, a la reivindicaci\u00f3n de la superaci\u00f3n de las consecuencias creadas por a\u00f1os de conflicto y, por supuesto, a la reivindicaci\u00f3n de paz, resoluci\u00f3n y convivencia.<\/p>\n<p>El a\u00f1o que viene se cumplir\u00e1n 15 a\u00f1os desde que ETA abandonara su actividad armada y todav\u00eda la sociedad vasca sigue padeciendo las consecuencias de tanto sufrimiento. Los sindicatos reunidos hoy, nos reafirmamos en nuestro compromiso de trabajar para aportar en aras de dar el salto a escenarios de convivencia que tanto ans\u00eda nuestra sociedad. Porque es necesario, si queremos mirar hacia el futuro, dar por solucionadas las consecuencias que nos amarran al pasado.<\/p>\n<p>Cuando hablamos de consecuencias, hablamos de las victimas que ha dejado el sufrimiento al que hacemos referencia. Y nos referimos a la necesidad que tienen todas esas victimas de conocer la verdad y ser reparadas y reconocidas por las instituciones. Y hablamos tambien de esos 56 presos vascos que, como consecuencia de esas leyes y pol\u00edticas de excepci\u00f3n, est\u00e1n cumpliendo sus condenas en r\u00e9gimen cerrado, as\u00ed como de los exiliados y deportados.<\/p>\n<p>Es responsabilidad de partidos, agentes sociales y pol\u00edticos, sindicatos y, de la sociedad de Euskal Herria en general, aportar para llegar a escenarios de convivencia. Es responsabilidad de todos nosotros seguir trabajando por la resoluci\u00f3n, aportando cada cual desde nuestra posici\u00f3n.<\/p>\n<p>Los sindicatos que representamos a la mayor\u00eda de la clase trabajadora vasca nos reafirmamos hoy con ese compromiso. Nos reafirmamos con el compromiso de aportar en la resoluci\u00f3n de las consecuencias del conflicto. No dejemos alargar m\u00e1s el sufrimiento.<\/p>\n<p>Los y las presas, refugiadas y deportadas vascas a los centros de trabajo!<\/p>\n","protected":false},"excerpt":{"rendered":"<p>Sare y la mayor\u00eda sindical vasca, nos reunimos hoy para llevar a cabo la segunda y \u00faltima movilizaci\u00f3n convocada este curso 2024-2025. Una vez m\u00e1s, la mayor\u00eda sindical vasca se [&hellip;]<\/p>\n","protected":false},"author":2,"featured_media":8180,"comment_status":"closed","ping_status":"closed","sticky":false,"template":"","format":"standard","meta":{"_acf_changed":false,"_et_pb_use_builder":"","_et_pb_old_content":"","_et_gb_content_width":"","footnotes":""},"categories":[60,69],"tags":[],"class_list":["post-8176","post","type-post","status-publish","format-standard","has-post-thumbnail","hentry","category-etxera-es","category-leyes-de-excepcion","et-has-post-format-content","et_post_format-et-post-format-standard"],"acf":[],"yoast_head":"<!-- This site is optimized with the Yoast SEO plugin v26.4 - https:\/\/yoast.com\/wordpress\/plugins\/seo\/ -->\n<title>Texto de las movilizaciones convocadas por SARE y la mayor\u00eda sindical vasca - Sare Herritarra<\/title>\n<meta name=\"robots\" content=\"index, follow, max-snippet:-1, max-image-preview:large, max-video-preview:-1\" \/>\n<link rel=\"canonical\" href=\"https:\/\/sare.eus\/es\/texto-de-las-movilizaciones-convocadas-por-sare-y-la-mayoria-sindical-vasca\/\" \/>\n<meta property=\"og:locale\" content=\"es_ES\" \/>\n<meta property=\"og:type\" content=\"article\" \/>\n<meta property=\"og:title\" content=\"Texto de las movilizaciones convocadas por SARE y la mayor\u00eda sindical vasca - Sare Herritarra\" \/>\n<meta property=\"og:description\" content=\"Sare y la mayor\u00eda sindical vasca, nos reunimos hoy para llevar a cabo la segunda y \u00faltima movilizaci\u00f3n convocada este curso 2024-2025. Una vez m\u00e1s, la mayor\u00eda sindical vasca se [&hellip;]\" \/>\n<meta property=\"og:url\" content=\"https:\/\/sare.eus\/es\/texto-de-las-movilizaciones-convocadas-por-sare-y-la-mayoria-sindical-vasca\/\" \/>\n<meta property=\"og:site_name\" content=\"Sare Herritarra\" \/>\n<meta property=\"article:published_time\" content=\"2025-06-20T10:50:21+00:00\" \/>\n<meta property=\"og:image\" content=\"https:\/\/sare.eus\/wp-content\/uploads\/2025\/06\/IMG-20250620-WA0012.jpg\" \/>\n\t<meta property=\"og:image:width\" content=\"2040\" \/>\n\t<meta property=\"og:image:height\" content=\"1536\" \/>\n\t<meta property=\"og:image:type\" content=\"image\/jpeg\" \/>\n<meta name=\"author\" content=\"sare\" \/>\n<meta name=\"twitter:card\" content=\"summary_large_image\" \/>\n<meta name=\"twitter:label1\" content=\"Escrito por\" \/>\n\t<meta name=\"twitter:data1\" content=\"sare\" \/>\n\t<meta name=\"twitter:label2\" content=\"Tiempo de lectura\" \/>\n\t<meta name=\"twitter:data2\" content=\"2 minutos\" \/>\n<script type=\"application\/ld+json\" class=\"yoast-schema-graph\">{\"@context\":\"https:\/\/schema.org\",\"@graph\":[{\"@type\":\"Article\",\"@id\":\"https:\/\/sare.eus\/es\/texto-de-las-movilizaciones-convocadas-por-sare-y-la-mayoria-sindical-vasca\/#article\",\"isPartOf\":{\"@id\":\"https:\/\/sare.eus\/es\/texto-de-las-movilizaciones-convocadas-por-sare-y-la-mayoria-sindical-vasca\/\"},\"author\":{\"name\":\"sare\",\"@id\":\"https:\/\/sare.eus\/#\/schema\/person\/2fe6d0df294f56313d3ab236dbe38e17\"},\"headline\":\"Texto de las movilizaciones convocadas por SARE y la mayor\u00eda sindical vasca\",\"datePublished\":\"2025-06-20T10:50:21+00:00\",\"mainEntityOfPage\":{\"@id\":\"https:\/\/sare.eus\/es\/texto-de-las-movilizaciones-convocadas-por-sare-y-la-mayoria-sindical-vasca\/\"},\"wordCount\":333,\"publisher\":{\"@id\":\"https:\/\/sare.eus\/#organization\"},\"image\":{\"@id\":\"https:\/\/sare.eus\/es\/texto-de-las-movilizaciones-convocadas-por-sare-y-la-mayoria-sindical-vasca\/#primaryimage\"},\"thumbnailUrl\":\"https:\/\/sare.eus\/wp-content\/uploads\/2025\/06\/IMG-20250620-WA0012.jpg\",\"articleSection\":[\"Etxera\",\"Leyes de Excepci\u00f3n\"],\"inLanguage\":\"es\"},{\"@type\":\"WebPage\",\"@id\":\"https:\/\/sare.eus\/es\/texto-de-las-movilizaciones-convocadas-por-sare-y-la-mayoria-sindical-vasca\/\",\"url\":\"https:\/\/sare.eus\/es\/texto-de-las-movilizaciones-convocadas-por-sare-y-la-mayoria-sindical-vasca\/\",\"name\":\"Texto de las movilizaciones convocadas por SARE y la mayor\u00eda sindical vasca - Sare Herritarra\",\"isPartOf\":{\"@id\":\"https:\/\/sare.eus\/#website\"},\"primaryImageOfPage\":{\"@id\":\"https:\/\/sare.eus\/es\/texto-de-las-movilizaciones-convocadas-por-sare-y-la-mayoria-sindical-vasca\/#primaryimage\"},\"image\":{\"@id\":\"https:\/\/sare.eus\/es\/texto-de-las-movilizaciones-convocadas-por-sare-y-la-mayoria-sindical-vasca\/#primaryimage\"},\"thumbnailUrl\":\"https:\/\/sare.eus\/wp-content\/uploads\/2025\/06\/IMG-20250620-WA0012.jpg\",\"datePublished\":\"2025-06-20T10:50:21+00:00\",\"breadcrumb\":{\"@id\":\"https:\/\/sare.eus\/es\/texto-de-las-movilizaciones-convocadas-por-sare-y-la-mayoria-sindical-vasca\/#breadcrumb\"},\"inLanguage\":\"es\",\"potentialAction\":[{\"@type\":\"ReadAction\",\"target\":[\"https:\/\/sare.eus\/es\/texto-de-las-movilizaciones-convocadas-por-sare-y-la-mayoria-sindical-vasca\/\"]}]},{\"@type\":\"ImageObject\",\"inLanguage\":\"es\",\"@id\":\"https:\/\/sare.eus\/es\/texto-de-las-movilizaciones-convocadas-por-sare-y-la-mayoria-sindical-vasca\/#primaryimage\",\"url\":\"https:\/\/sare.eus\/wp-content\/uploads\/2025\/06\/IMG-20250620-WA0012.jpg\",\"contentUrl\":\"https:\/\/sare.eus\/wp-content\/uploads\/2025\/06\/IMG-20250620-WA0012.jpg\",\"width\":2040,\"height\":1536},{\"@type\":\"BreadcrumbList\",\"@id\":\"https:\/\/sare.eus\/es\/texto-de-las-movilizaciones-convocadas-por-sare-y-la-mayoria-sindical-vasca\/#breadcrumb\",\"itemListElement\":[{\"@type\":\"ListItem\",\"position\":1,\"name\":\"Home\",\"item\":\"https:\/\/sare.eus\/\"},{\"@type\":\"ListItem\",\"position\":2,\"name\":\"Texto de las movilizaciones convocadas por SARE y la mayor\u00eda sindical vasca\"}]},{\"@type\":\"WebSite\",\"@id\":\"https:\/\/sare.eus\/#website\",\"url\":\"https:\/\/sare.eus\/\",\"name\":\"Sare Herritarra\",\"description\":\"KONPONBIDEAREN ETA GIZA ESKUBIDEEN ALDEKO SARE HERRITARRA\",\"publisher\":{\"@id\":\"https:\/\/sare.eus\/#organization\"},\"potentialAction\":[{\"@type\":\"SearchAction\",\"target\":{\"@type\":\"EntryPoint\",\"urlTemplate\":\"https:\/\/sare.eus\/?s={search_term_string}\"},\"query-input\":{\"@type\":\"PropertyValueSpecification\",\"valueRequired\":true,\"valueName\":\"search_term_string\"}}],\"inLanguage\":\"es\"},{\"@type\":\"Organization\",\"@id\":\"https:\/\/sare.eus\/#organization\",\"name\":\"Sare Herritarra\",\"url\":\"https:\/\/sare.eus\/\",\"logo\":{\"@type\":\"ImageObject\",\"inLanguage\":\"es\",\"@id\":\"https:\/\/sare.eus\/#\/schema\/logo\/image\/\",\"url\":\"https:\/\/sare.eus\/wp-content\/uploads\/2021\/08\/sare.png\",\"contentUrl\":\"https:\/\/sare.eus\/wp-content\/uploads\/2021\/08\/sare.png\",\"width\":120,\"height\":142,\"caption\":\"Sare Herritarra\"},\"image\":{\"@id\":\"https:\/\/sare.eus\/#\/schema\/logo\/image\/\"}},{\"@type\":\"Person\",\"@id\":\"https:\/\/sare.eus\/#\/schema\/person\/2fe6d0df294f56313d3ab236dbe38e17\",\"name\":\"sare\",\"image\":{\"@type\":\"ImageObject\",\"inLanguage\":\"es\",\"@id\":\"https:\/\/sare.eus\/#\/schema\/person\/image\/\",\"url\":\"https:\/\/secure.gravatar.com\/avatar\/77cad838677ceb1977e7b3c878b55eaa7fa4aae2158983063b047c3ad7ef2c25?s=96&d=mm&r=g\",\"contentUrl\":\"https:\/\/secure.gravatar.com\/avatar\/77cad838677ceb1977e7b3c878b55eaa7fa4aae2158983063b047c3ad7ef2c25?s=96&d=mm&r=g\",\"caption\":\"sare\"},\"url\":\"https:\/\/sare.eus\/es\/author\/sare\/\"}]}<\/script>\n<!-- \/ Yoast SEO plugin. -->","yoast_head_json":{"title":"Texto de las movilizaciones convocadas por SARE y la mayor\u00eda sindical vasca - Sare Herritarra","robots":{"index":"index","follow":"follow","max-snippet":"max-snippet:-1","max-image-preview":"max-image-preview:large","max-video-preview":"max-video-preview:-1"},"canonical":"https:\/\/sare.eus\/es\/texto-de-las-movilizaciones-convocadas-por-sare-y-la-mayoria-sindical-vasca\/","og_locale":"es_ES","og_type":"article","og_title":"Texto de las movilizaciones convocadas por SARE y la mayor\u00eda sindical vasca - Sare Herritarra","og_description":"Sare y la mayor\u00eda sindical vasca, nos reunimos hoy para llevar a cabo la segunda y \u00faltima movilizaci\u00f3n convocada este curso 2024-2025. Una vez m\u00e1s, la mayor\u00eda sindical vasca se [&hellip;]","og_url":"https:\/\/sare.eus\/es\/texto-de-las-movilizaciones-convocadas-por-sare-y-la-mayoria-sindical-vasca\/","og_site_name":"Sare Herritarra","article_published_time":"2025-06-20T10:50:21+00:00","og_image":[{"width":2040,"height":1536,"url":"https:\/\/sare.eus\/wp-content\/uploads\/2025\/06\/IMG-20250620-WA0012.jpg","type":"image\/jpeg"}],"author":"sare","twitter_card":"summary_large_image","twitter_misc":{"Escrito por":"sare","Tiempo de lectura":"2 minutos"},"schema":{"@context":"https:\/\/schema.org","@graph":[{"@type":"Article","@id":"https:\/\/sare.eus\/es\/texto-de-las-movilizaciones-convocadas-por-sare-y-la-mayoria-sindical-vasca\/#article","isPartOf":{"@id":"https:\/\/sare.eus\/es\/texto-de-las-movilizaciones-convocadas-por-sare-y-la-mayoria-sindical-vasca\/"},"author":{"name":"sare","@id":"https:\/\/sare.eus\/#\/schema\/person\/2fe6d0df294f56313d3ab236dbe38e17"},"headline":"Texto de las movilizaciones convocadas por SARE y la mayor\u00eda sindical vasca","datePublished":"2025-06-20T10:50:21+00:00","mainEntityOfPage":{"@id":"https:\/\/sare.eus\/es\/texto-de-las-movilizaciones-convocadas-por-sare-y-la-mayoria-sindical-vasca\/"},"wordCount":333,"publisher":{"@id":"https:\/\/sare.eus\/#organization"},"image":{"@id":"https:\/\/sare.eus\/es\/texto-de-las-movilizaciones-convocadas-por-sare-y-la-mayoria-sindical-vasca\/#primaryimage"},"thumbnailUrl":"https:\/\/sare.eus\/wp-content\/uploads\/2025\/06\/IMG-20250620-WA0012.jpg","articleSection":["Etxera","Leyes de Excepci\u00f3n"],"inLanguage":"es"},{"@type":"WebPage","@id":"https:\/\/sare.eus\/es\/texto-de-las-movilizaciones-convocadas-por-sare-y-la-mayoria-sindical-vasca\/","url":"https:\/\/sare.eus\/es\/texto-de-las-movilizaciones-convocadas-por-sare-y-la-mayoria-sindical-vasca\/","name":"Texto de las movilizaciones convocadas por SARE y la mayor\u00eda sindical vasca - Sare Herritarra","isPartOf":{"@id":"https:\/\/sare.eus\/#website"},"primaryImageOfPage":{"@id":"https:\/\/sare.eus\/es\/texto-de-las-movilizaciones-convocadas-por-sare-y-la-mayoria-sindical-vasca\/#primaryimage"},"image":{"@id":"https:\/\/sare.eus\/es\/texto-de-las-movilizaciones-convocadas-por-sare-y-la-mayoria-sindical-vasca\/#primaryimage"},"thumbnailUrl":"https:\/\/sare.eus\/wp-content\/uploads\/2025\/06\/IMG-20250620-WA0012.jpg","datePublished":"2025-06-20T10:50:21+00:00","breadcrumb":{"@id":"https:\/\/sare.eus\/es\/texto-de-las-movilizaciones-convocadas-por-sare-y-la-mayoria-sindical-vasca\/#breadcrumb"},"inLanguage":"es","potentialAction":[{"@type":"ReadAction","target":["https:\/\/sare.eus\/es\/texto-de-las-movilizaciones-convocadas-por-sare-y-la-mayoria-sindical-vasca\/"]}]},{"@type":"ImageObject","inLanguage":"es","@id":"https:\/\/sare.eus\/es\/texto-de-las-movilizaciones-convocadas-por-sare-y-la-mayoria-sindical-vasca\/#primaryimage","url":"https:\/\/sare.eus\/wp-content\/uploads\/2025\/06\/IMG-20250620-WA0012.jpg","contentUrl":"https:\/\/sare.eus\/wp-content\/uploads\/2025\/06\/IMG-20250620-WA0012.jpg","width":2040,"height":1536},{"@type":"BreadcrumbList","@id":"https:\/\/sare.eus\/es\/texto-de-las-movilizaciones-convocadas-por-sare-y-la-mayoria-sindical-vasca\/#breadcrumb","itemListElement":[{"@type":"ListItem","position":1,"name":"Home","item":"https:\/\/sare.eus\/"},{"@type":"ListItem","position":2,"name":"Texto de las movilizaciones convocadas por SARE y la mayor\u00eda sindical vasca"}]},{"@type":"WebSite","@id":"https:\/\/sare.eus\/#website","url":"https:\/\/sare.eus\/","name":"Sare Herritarra","description":"KONPONBIDEAREN ETA GIZA ESKUBIDEEN ALDEKO SARE HERRITARRA","publisher":{"@id":"https:\/\/sare.eus\/#organization"},"potentialAction":[{"@type":"SearchAction","target":{"@type":"EntryPoint","urlTemplate":"https:\/\/sare.eus\/?s={search_term_string}"},"query-input":{"@type":"PropertyValueSpecification","valueRequired":true,"valueName":"search_term_string"}}],"inLanguage":"es"},{"@type":"Organization","@id":"https:\/\/sare.eus\/#organization","name":"Sare Herritarra","url":"https:\/\/sare.eus\/","logo":{"@type":"ImageObject","inLanguage":"es","@id":"https:\/\/sare.eus\/#\/schema\/logo\/image\/","url":"https:\/\/sare.eus\/wp-content\/uploads\/2021\/08\/sare.png","contentUrl":"https:\/\/sare.eus\/wp-content\/uploads\/2021\/08\/sare.png","width":120,"height":142,"caption":"Sare Herritarra"},"image":{"@id":"https:\/\/sare.eus\/#\/schema\/logo\/image\/"}},{"@type":"Person","@id":"https:\/\/sare.eus\/#\/schema\/person\/2fe6d0df294f56313d3ab236dbe38e17","name":"sare","image":{"@type":"ImageObject","inLanguage":"es","@id":"https:\/\/sare.eus\/#\/schema\/person\/image\/","url":"https:\/\/secure.gravatar.com\/avatar\/77cad838677ceb1977e7b3c878b55eaa7fa4aae2158983063b047c3ad7ef2c25?s=96&d=mm&r=g","contentUrl":"https:\/\/secure.gravatar.com\/avatar\/77cad838677ceb1977e7b3c878b55eaa7fa4aae2158983063b047c3ad7ef2c25?s=96&d=mm&r=g","caption":"sare"},"url":"https:\/\/sare.eus\/es\/author\/sare\/"}]}},"_links":{"self":[{"href":"https:\/\/sare.eus\/es\/wp-json\/wp\/v2\/posts\/8176","targetHints":{"allow":["GET"]}}],"collection":[{"href":"https:\/\/sare.eus\/es\/wp-json\/wp\/v2\/posts"}],"about":[{"href":"https:\/\/sare.eus\/es\/wp-json\/wp\/v2\/types\/post"}],"author":[{"embeddable":true,"href":"https:\/\/sare.eus\/es\/wp-json\/wp\/v2\/users\/2"}],"replies":[{"embeddable":true,"href":"https:\/\/sare.eus\/es\/wp-json\/wp\/v2\/comments?post=8176"}],"version-history":[{"count":2,"href":"https:\/\/sare.eus\/es\/wp-json\/wp\/v2\/posts\/8176\/revisions"}],"predecessor-version":[{"id":8178,"href":"https:\/\/sare.eus\/es\/wp-json\/wp\/v2\/posts\/8176\/revisions\/8178"}],"wp:featuredmedia":[{"embeddable":true,"href":"https:\/\/sare.eus\/es\/wp-json\/wp\/v2\/media\/8180"}],"wp:attachment":[{"href":"https:\/\/sare.eus\/es\/wp-json\/wp\/v2\/media?parent=8176"}],"wp:term":[{"taxonomy":"category","embeddable":true,"href":"https:\/\/sare.eus\/es\/wp-json\/wp\/v2\/categories?post=8176"},{"taxonomy":"post_tag","embeddable":true,"href":"https:\/\/sare.eus\/es\/wp-json\/wp\/v2\/tags?post=8176"}],"curies":[{"name":"wp","href":"https:\/\/api.w.org\/{rel}","templated":true}]}}