{"id":8154,"date":"2025-06-06T07:49:28","date_gmt":"2025-06-06T06:49:28","guid":{"rendered":"https:\/\/sare.eus\/san-ferminetan-ere-etxera\/"},"modified":"2025-06-19T08:39:42","modified_gmt":"2025-06-19T07:39:42","slug":"san-ferminetan-ere-etxera","status":"publish","type":"post","link":"https:\/\/sare.eus\/es\/san-ferminetan-ere-etxera\/","title":{"rendered":"Este a\u00f1o organizaremos dos actividades conjuntas con Etxerat en las fiestas de San Ferm\u00edn. Kalejira el 4 de julio y d\u00eda 8 de julio ETXERA EGUNA."},"content":{"rendered":"<p><iframe loading=\"lazy\" title=\"YouTube video player\" src=\"https:\/\/www.youtube.com\/embed\/Fut0PD6TANo?si=XY9bkbhuPOhVfGDI\" width=\"560\" height=\"315\" frameborder=\"0\" allowfullscreen=\"allowfullscreen\"><\/iframe><br \/>\nSe acercan los d\u00edas en que Pamplona, nuestra Iru\u00f1ea, volver\u00e1 a convertirse en capital del mundo. D\u00edas de fiesta, de m\u00fasicas y bailes, d\u00edas de brindis y momenticos a miles. D\u00edas de encuentros, de abrazos; d\u00edas en los que Iru\u00f1ea se abre al mundo y el mundo se mira en Iru\u00f1ea.<\/p>\n<p>El deseo que tenemos por sumergirnos en la magia de la fiesta no impide que reivindiquemos el regreso de los y las presas, exiliadas y deportadas vascas. Constatamos que todav\u00eda son muy fuertes las inercias que pretenden arrastrarnos a ese pasado de sufrimiento y conflicto del que tanto esfuerzo nos esta costando salir.<\/p>\n<p>Porque sinceramente creemos que ya toca su retirada. Toca que \u201cETXERA\u201d pase de ser una reivindicaci\u00f3n a convertirse en un logro de todas y todos. Un avance del que todas podamos sentirnos satisfechas y todas ganemos. S\u00ed, todas ganamos cuando se acaba con la conculcaci\u00f3n de derechos; todas ganamos cuando se acaba con las pol\u00edticas de excepci\u00f3n y de venganza; todas ganamos cuando sacamos sufrimiento de la ecuaci\u00f3n pol\u00edtica para abrir paso de par en par a escenarios de convivencia, a escenarios de memoria inclusiva, a escenarios de reencuentro.<\/p>\n<p>En este sentido, el 4 de julio, en v\u00edsperas de San Ferm\u00edn, queremos llevar adelante, una vez m\u00e1s, una movilizaci\u00f3n especial previo a los San Fermines: ETXERA KALEJIRA, por la resoluci\u00f3n, la convivencia y el regreso a casa.<\/p>\n<p>Adem\u00e1s, el 8 de julio hemos organizado el Etxera Eguna de San Fermin, con un amplio programa. Comida popular, acto, kalejira con elektro txaranga y conciertos.<\/p>\n<p>Para terminar, hoy y aqu\u00ed, nos gustar\u00eda invitar a que la reivindicaci\u00f3n de Etxera est\u00e9 presente en balcones y rincones en estos San Fermines 2025. Queremos unos San Fermines sin personas presas, huidas ni deportadas y en el camino para conseguirlo estaremos en la calle, combinando la fiesta con la reivindicaci\u00f3n. Ongi pasa!<\/p>\n<p><strong>Euskal preso, iheslari eta deportatuak ETXERA!<\/strong><\/p>\n<hr \/>\n\n\t\t<style type=\"text\/css\">\n\t\t\t#gallery-1 {\n\t\t\t\tmargin: auto;\n\t\t\t}\n\t\t\t#gallery-1 .gallery-item {\n\t\t\t\tfloat: left;\n\t\t\t\tmargin-top: 10px;\n\t\t\t\ttext-align: center;\n\t\t\t\twidth: 33%;\n\t\t\t}\n\t\t\t#gallery-1 img {\n\t\t\t\tborder: 2px solid #cfcfcf;\n\t\t\t}\n\t\t\t#gallery-1 .gallery-caption {\n\t\t\t\tmargin-left: 0;\n\t\t\t}\n\t\t\t\/* see gallery_shortcode() in wp-includes\/media.php *\/\n\t\t<\/style>\n\t\t<div id='gallery-1' class='gallery galleryid-8154 gallery-columns-3 gallery-size-large'><dl class='gallery-item'>\n\t\t\t<dt class='gallery-icon portrait'>\n\t\t\t\t<a href='https:\/\/sare.eus\/es\/san-ferminetan-ere-etxera\/web-sfk-etxera-2025-02-2\/'><img loading=\"lazy\" decoding=\"async\" width=\"724\" height=\"1024\" src=\"https:\/\/sare.eus\/wp-content\/uploads\/2025\/06\/WEB-SFk-etxera-2025-02-724x1024.jpg\" class=\"attachment-large size-large\" alt=\"\" srcset=\"https:\/\/sare.eus\/wp-content\/uploads\/2025\/06\/WEB-SFk-etxera-2025-02-724x1024.jpg 724w, https:\/\/sare.eus\/wp-content\/uploads\/2025\/06\/WEB-SFk-etxera-2025-02-212x300.jpg 212w, https:\/\/sare.eus\/wp-content\/uploads\/2025\/06\/WEB-SFk-etxera-2025-02-768x1086.jpg 768w, https:\/\/sare.eus\/wp-content\/uploads\/2025\/06\/WEB-SFk-etxera-2025-02-1086x1536.jpg 1086w, https:\/\/sare.eus\/wp-content\/uploads\/2025\/06\/WEB-SFk-etxera-2025-02-1448x2048.jpg 1448w, https:\/\/sare.eus\/wp-content\/uploads\/2025\/06\/WEB-SFk-etxera-2025-02-1080x1527.jpg 1080w, https:\/\/sare.eus\/wp-content\/uploads\/2025\/06\/WEB-SFk-etxera-2025-02-scaled.jpg 1811w\" sizes=\"(max-width: 724px) 100vw, 724px\" \/><\/a>\n\t\t\t<\/dt><\/dl><dl class='gallery-item'>\n\t\t\t<dt class='gallery-icon portrait'>\n\t\t\t\t<a href='https:\/\/sare.eus\/es\/san-ferminetan-ere-etxera\/web-sfk-2025-etxera-uzt-8-egitaraua-01-2-2\/'><img loading=\"lazy\" decoding=\"async\" width=\"700\" height=\"1024\" src=\"https:\/\/sare.eus\/wp-content\/uploads\/2025\/06\/WEB-SFK-2025-etxera-Uzt-8-egitaraua-01-1-700x1024.jpg\" class=\"attachment-large size-large\" alt=\"\" srcset=\"https:\/\/sare.eus\/wp-content\/uploads\/2025\/06\/WEB-SFK-2025-etxera-Uzt-8-egitaraua-01-1-700x1024.jpg 700w, https:\/\/sare.eus\/wp-content\/uploads\/2025\/06\/WEB-SFK-2025-etxera-Uzt-8-egitaraua-01-1-205x300.jpg 205w, https:\/\/sare.eus\/wp-content\/uploads\/2025\/06\/WEB-SFK-2025-etxera-Uzt-8-egitaraua-01-1-768x1124.jpg 768w, https:\/\/sare.eus\/wp-content\/uploads\/2025\/06\/WEB-SFK-2025-etxera-Uzt-8-egitaraua-01-1-1050x1536.jpg 1050w, https:\/\/sare.eus\/wp-content\/uploads\/2025\/06\/WEB-SFK-2025-etxera-Uzt-8-egitaraua-01-1-1399x2048.jpg 1399w, https:\/\/sare.eus\/wp-content\/uploads\/2025\/06\/WEB-SFK-2025-etxera-Uzt-8-egitaraua-01-1-1080x1581.jpg 1080w, https:\/\/sare.eus\/wp-content\/uploads\/2025\/06\/WEB-SFK-2025-etxera-Uzt-8-egitaraua-01-1-scaled.jpg 1749w\" sizes=\"(max-width: 700px) 100vw, 700px\" \/><\/a>\n\t\t\t<\/dt><\/dl><dl class='gallery-item'>\n\t\t\t<dt class='gallery-icon portrait'>\n\t\t\t\t<a href='https:\/\/sare.eus\/es\/san-ferminetan-ere-etxera\/web-sfk-2025-etxera-uzt-8-menua-01-2\/'><img loading=\"lazy\" decoding=\"async\" width=\"724\" height=\"1024\" src=\"https:\/\/sare.eus\/wp-content\/uploads\/2025\/06\/WEB-SFK-2025-etxera-Uzt-8-menua-01-724x1024.jpg\" class=\"attachment-large size-large\" alt=\"\" srcset=\"https:\/\/sare.eus\/wp-content\/uploads\/2025\/06\/WEB-SFK-2025-etxera-Uzt-8-menua-01-724x1024.jpg 724w, https:\/\/sare.eus\/wp-content\/uploads\/2025\/06\/WEB-SFK-2025-etxera-Uzt-8-menua-01-212x300.jpg 212w, https:\/\/sare.eus\/wp-content\/uploads\/2025\/06\/WEB-SFK-2025-etxera-Uzt-8-menua-01-768x1086.jpg 768w, https:\/\/sare.eus\/wp-content\/uploads\/2025\/06\/WEB-SFK-2025-etxera-Uzt-8-menua-01-1086x1536.jpg 1086w, https:\/\/sare.eus\/wp-content\/uploads\/2025\/06\/WEB-SFK-2025-etxera-Uzt-8-menua-01-1448x2048.jpg 1448w, https:\/\/sare.eus\/wp-content\/uploads\/2025\/06\/WEB-SFK-2025-etxera-Uzt-8-menua-01-1080x1528.jpg 1080w, https:\/\/sare.eus\/wp-content\/uploads\/2025\/06\/WEB-SFK-2025-etxera-Uzt-8-menua-01-scaled.jpg 1810w\" sizes=\"(max-width: 724px) 100vw, 724px\" \/><\/a>\n\t\t\t<\/dt><\/dl><br style=\"clear: both\" \/>\n\t\t<\/div>\n\n","protected":false},"excerpt":{"rendered":"<p>Se acercan los d\u00edas en que Pamplona, nuestra Iru\u00f1ea, volver\u00e1 a convertirse en capital del mundo. D\u00edas de fiesta, de m\u00fasicas y bailes, d\u00edas de brindis y momenticos a miles. [&hellip;]<\/p>\n","protected":false},"author":2,"featured_media":8143,"comment_status":"closed","ping_status":"closed","sticky":false,"template":"","format":"standard","meta":{"_acf_changed":false,"_et_pb_use_builder":"","_et_pb_old_content":"","_et_gb_content_width":"","footnotes":""},"categories":[60],"tags":[],"class_list":["post-8154","post","type-post","status-publish","format-standard","has-post-thumbnail","hentry","category-etxera-es","et-has-post-format-content","et_post_format-et-post-format-standard"],"acf":[],"yoast_head":"<!-- This site is optimized with the Yoast SEO plugin v26.4 - https:\/\/yoast.com\/wordpress\/plugins\/seo\/ -->\n<title>Este a\u00f1o organizaremos dos actividades conjuntas con Etxerat en las fiestas de San Ferm\u00edn. Kalejira el 4 de julio y d\u00eda 8 de julio ETXERA EGUNA. - Sare Herritarra<\/title>\n<meta name=\"robots\" content=\"index, follow, max-snippet:-1, max-image-preview:large, max-video-preview:-1\" \/>\n<link rel=\"canonical\" href=\"https:\/\/sare.eus\/es\/san-ferminetan-ere-etxera\/\" \/>\n<meta property=\"og:locale\" content=\"es_ES\" \/>\n<meta property=\"og:type\" content=\"article\" \/>\n<meta property=\"og:title\" content=\"Este a\u00f1o organizaremos dos actividades conjuntas con Etxerat en las fiestas de San Ferm\u00edn. Kalejira el 4 de julio y d\u00eda 8 de julio ETXERA EGUNA. - Sare Herritarra\" \/>\n<meta property=\"og:description\" content=\"Se acercan los d\u00edas en que Pamplona, nuestra Iru\u00f1ea, volver\u00e1 a convertirse en capital del mundo. D\u00edas de fiesta, de m\u00fasicas y bailes, d\u00edas de brindis y momenticos a miles. [&hellip;]\" \/>\n<meta property=\"og:url\" content=\"https:\/\/sare.eus\/es\/san-ferminetan-ere-etxera\/\" \/>\n<meta property=\"og:site_name\" content=\"Sare Herritarra\" \/>\n<meta property=\"article:published_time\" content=\"2025-06-06T06:49:28+00:00\" \/>\n<meta property=\"article:modified_time\" content=\"2025-06-19T07:39:42+00:00\" \/>\n<meta property=\"og:image\" content=\"https:\/\/sare.eus\/wp-content\/uploads\/2025\/06\/SFk-etxera-2025-05-05.jpg\" \/>\n\t<meta property=\"og:image:width\" content=\"2560\" \/>\n\t<meta property=\"og:image:height\" content=\"1440\" \/>\n\t<meta property=\"og:image:type\" content=\"image\/jpeg\" \/>\n<meta name=\"author\" content=\"sare\" \/>\n<meta name=\"twitter:card\" content=\"summary_large_image\" \/>\n<meta name=\"twitter:label1\" content=\"Escrito por\" \/>\n\t<meta name=\"twitter:data1\" content=\"sare\" \/>\n\t<meta name=\"twitter:label2\" content=\"Tiempo de lectura\" \/>\n\t<meta name=\"twitter:data2\" content=\"2 minutos\" \/>\n<script type=\"application\/ld+json\" class=\"yoast-schema-graph\">{\"@context\":\"https:\/\/schema.org\",\"@graph\":[{\"@type\":\"Article\",\"@id\":\"https:\/\/sare.eus\/es\/san-ferminetan-ere-etxera\/#article\",\"isPartOf\":{\"@id\":\"https:\/\/sare.eus\/es\/san-ferminetan-ere-etxera\/\"},\"author\":{\"name\":\"sare\",\"@id\":\"https:\/\/sare.eus\/#\/schema\/person\/2fe6d0df294f56313d3ab236dbe38e17\"},\"headline\":\"Este a\u00f1o organizaremos dos actividades conjuntas con Etxerat en las fiestas de San Ferm\u00edn. Kalejira el 4 de julio y d\u00eda 8 de julio ETXERA EGUNA.\",\"datePublished\":\"2025-06-06T06:49:28+00:00\",\"dateModified\":\"2025-06-19T07:39:42+00:00\",\"mainEntityOfPage\":{\"@id\":\"https:\/\/sare.eus\/es\/san-ferminetan-ere-etxera\/\"},\"wordCount\":369,\"publisher\":{\"@id\":\"https:\/\/sare.eus\/#organization\"},\"image\":{\"@id\":\"https:\/\/sare.eus\/es\/san-ferminetan-ere-etxera\/#primaryimage\"},\"thumbnailUrl\":\"https:\/\/sare.eus\/wp-content\/uploads\/2025\/06\/SFk-etxera-2025-05-05.jpg\",\"articleSection\":[\"Etxera\"],\"inLanguage\":\"es\"},{\"@type\":\"WebPage\",\"@id\":\"https:\/\/sare.eus\/es\/san-ferminetan-ere-etxera\/\",\"url\":\"https:\/\/sare.eus\/es\/san-ferminetan-ere-etxera\/\",\"name\":\"Este a\u00f1o organizaremos dos actividades conjuntas con Etxerat en las fiestas de San Ferm\u00edn. Kalejira el 4 de julio y d\u00eda 8 de julio ETXERA EGUNA. - Sare Herritarra\",\"isPartOf\":{\"@id\":\"https:\/\/sare.eus\/#website\"},\"primaryImageOfPage\":{\"@id\":\"https:\/\/sare.eus\/es\/san-ferminetan-ere-etxera\/#primaryimage\"},\"image\":{\"@id\":\"https:\/\/sare.eus\/es\/san-ferminetan-ere-etxera\/#primaryimage\"},\"thumbnailUrl\":\"https:\/\/sare.eus\/wp-content\/uploads\/2025\/06\/SFk-etxera-2025-05-05.jpg\",\"datePublished\":\"2025-06-06T06:49:28+00:00\",\"dateModified\":\"2025-06-19T07:39:42+00:00\",\"breadcrumb\":{\"@id\":\"https:\/\/sare.eus\/es\/san-ferminetan-ere-etxera\/#breadcrumb\"},\"inLanguage\":\"es\",\"potentialAction\":[{\"@type\":\"ReadAction\",\"target\":[\"https:\/\/sare.eus\/es\/san-ferminetan-ere-etxera\/\"]}]},{\"@type\":\"ImageObject\",\"inLanguage\":\"es\",\"@id\":\"https:\/\/sare.eus\/es\/san-ferminetan-ere-etxera\/#primaryimage\",\"url\":\"https:\/\/sare.eus\/wp-content\/uploads\/2025\/06\/SFk-etxera-2025-05-05.jpg\",\"contentUrl\":\"https:\/\/sare.eus\/wp-content\/uploads\/2025\/06\/SFk-etxera-2025-05-05.jpg\",\"width\":2560,\"height\":1440},{\"@type\":\"BreadcrumbList\",\"@id\":\"https:\/\/sare.eus\/es\/san-ferminetan-ere-etxera\/#breadcrumb\",\"itemListElement\":[{\"@type\":\"ListItem\",\"position\":1,\"name\":\"Home\",\"item\":\"https:\/\/sare.eus\/\"},{\"@type\":\"ListItem\",\"position\":2,\"name\":\"Este a\u00f1o organizaremos dos actividades conjuntas con Etxerat en las fiestas de San Ferm\u00edn. Kalejira el 4 de julio y d\u00eda 8 de julio ETXERA EGUNA.\"}]},{\"@type\":\"WebSite\",\"@id\":\"https:\/\/sare.eus\/#website\",\"url\":\"https:\/\/sare.eus\/\",\"name\":\"Sare Herritarra\",\"description\":\"KONPONBIDEAREN ETA GIZA ESKUBIDEEN ALDEKO SARE HERRITARRA\",\"publisher\":{\"@id\":\"https:\/\/sare.eus\/#organization\"},\"potentialAction\":[{\"@type\":\"SearchAction\",\"target\":{\"@type\":\"EntryPoint\",\"urlTemplate\":\"https:\/\/sare.eus\/?s={search_term_string}\"},\"query-input\":{\"@type\":\"PropertyValueSpecification\",\"valueRequired\":true,\"valueName\":\"search_term_string\"}}],\"inLanguage\":\"es\"},{\"@type\":\"Organization\",\"@id\":\"https:\/\/sare.eus\/#organization\",\"name\":\"Sare Herritarra\",\"url\":\"https:\/\/sare.eus\/\",\"logo\":{\"@type\":\"ImageObject\",\"inLanguage\":\"es\",\"@id\":\"https:\/\/sare.eus\/#\/schema\/logo\/image\/\",\"url\":\"https:\/\/sare.eus\/wp-content\/uploads\/2021\/08\/sare.png\",\"contentUrl\":\"https:\/\/sare.eus\/wp-content\/uploads\/2021\/08\/sare.png\",\"width\":120,\"height\":142,\"caption\":\"Sare Herritarra\"},\"image\":{\"@id\":\"https:\/\/sare.eus\/#\/schema\/logo\/image\/\"}},{\"@type\":\"Person\",\"@id\":\"https:\/\/sare.eus\/#\/schema\/person\/2fe6d0df294f56313d3ab236dbe38e17\",\"name\":\"sare\",\"image\":{\"@type\":\"ImageObject\",\"inLanguage\":\"es\",\"@id\":\"https:\/\/sare.eus\/#\/schema\/person\/image\/\",\"url\":\"https:\/\/secure.gravatar.com\/avatar\/77cad838677ceb1977e7b3c878b55eaa7fa4aae2158983063b047c3ad7ef2c25?s=96&d=mm&r=g\",\"contentUrl\":\"https:\/\/secure.gravatar.com\/avatar\/77cad838677ceb1977e7b3c878b55eaa7fa4aae2158983063b047c3ad7ef2c25?s=96&d=mm&r=g\",\"caption\":\"sare\"},\"url\":\"https:\/\/sare.eus\/es\/author\/sare\/\"}]}<\/script>\n<!-- \/ Yoast SEO plugin. -->","yoast_head_json":{"title":"Este a\u00f1o organizaremos dos actividades conjuntas con Etxerat en las fiestas de San Ferm\u00edn. Kalejira el 4 de julio y d\u00eda 8 de julio ETXERA EGUNA. - Sare Herritarra","robots":{"index":"index","follow":"follow","max-snippet":"max-snippet:-1","max-image-preview":"max-image-preview:large","max-video-preview":"max-video-preview:-1"},"canonical":"https:\/\/sare.eus\/es\/san-ferminetan-ere-etxera\/","og_locale":"es_ES","og_type":"article","og_title":"Este a\u00f1o organizaremos dos actividades conjuntas con Etxerat en las fiestas de San Ferm\u00edn. Kalejira el 4 de julio y d\u00eda 8 de julio ETXERA EGUNA. - Sare Herritarra","og_description":"Se acercan los d\u00edas en que Pamplona, nuestra Iru\u00f1ea, volver\u00e1 a convertirse en capital del mundo. D\u00edas de fiesta, de m\u00fasicas y bailes, d\u00edas de brindis y momenticos a miles. [&hellip;]","og_url":"https:\/\/sare.eus\/es\/san-ferminetan-ere-etxera\/","og_site_name":"Sare Herritarra","article_published_time":"2025-06-06T06:49:28+00:00","article_modified_time":"2025-06-19T07:39:42+00:00","og_image":[{"width":2560,"height":1440,"url":"https:\/\/sare.eus\/wp-content\/uploads\/2025\/06\/SFk-etxera-2025-05-05.jpg","type":"image\/jpeg"}],"author":"sare","twitter_card":"summary_large_image","twitter_misc":{"Escrito por":"sare","Tiempo de lectura":"2 minutos"},"schema":{"@context":"https:\/\/schema.org","@graph":[{"@type":"Article","@id":"https:\/\/sare.eus\/es\/san-ferminetan-ere-etxera\/#article","isPartOf":{"@id":"https:\/\/sare.eus\/es\/san-ferminetan-ere-etxera\/"},"author":{"name":"sare","@id":"https:\/\/sare.eus\/#\/schema\/person\/2fe6d0df294f56313d3ab236dbe38e17"},"headline":"Este a\u00f1o organizaremos dos actividades conjuntas con Etxerat en las fiestas de San Ferm\u00edn. Kalejira el 4 de julio y d\u00eda 8 de julio ETXERA EGUNA.","datePublished":"2025-06-06T06:49:28+00:00","dateModified":"2025-06-19T07:39:42+00:00","mainEntityOfPage":{"@id":"https:\/\/sare.eus\/es\/san-ferminetan-ere-etxera\/"},"wordCount":369,"publisher":{"@id":"https:\/\/sare.eus\/#organization"},"image":{"@id":"https:\/\/sare.eus\/es\/san-ferminetan-ere-etxera\/#primaryimage"},"thumbnailUrl":"https:\/\/sare.eus\/wp-content\/uploads\/2025\/06\/SFk-etxera-2025-05-05.jpg","articleSection":["Etxera"],"inLanguage":"es"},{"@type":"WebPage","@id":"https:\/\/sare.eus\/es\/san-ferminetan-ere-etxera\/","url":"https:\/\/sare.eus\/es\/san-ferminetan-ere-etxera\/","name":"Este a\u00f1o organizaremos dos actividades conjuntas con Etxerat en las fiestas de San Ferm\u00edn. Kalejira el 4 de julio y d\u00eda 8 de julio ETXERA EGUNA. - Sare Herritarra","isPartOf":{"@id":"https:\/\/sare.eus\/#website"},"primaryImageOfPage":{"@id":"https:\/\/sare.eus\/es\/san-ferminetan-ere-etxera\/#primaryimage"},"image":{"@id":"https:\/\/sare.eus\/es\/san-ferminetan-ere-etxera\/#primaryimage"},"thumbnailUrl":"https:\/\/sare.eus\/wp-content\/uploads\/2025\/06\/SFk-etxera-2025-05-05.jpg","datePublished":"2025-06-06T06:49:28+00:00","dateModified":"2025-06-19T07:39:42+00:00","breadcrumb":{"@id":"https:\/\/sare.eus\/es\/san-ferminetan-ere-etxera\/#breadcrumb"},"inLanguage":"es","potentialAction":[{"@type":"ReadAction","target":["https:\/\/sare.eus\/es\/san-ferminetan-ere-etxera\/"]}]},{"@type":"ImageObject","inLanguage":"es","@id":"https:\/\/sare.eus\/es\/san-ferminetan-ere-etxera\/#primaryimage","url":"https:\/\/sare.eus\/wp-content\/uploads\/2025\/06\/SFk-etxera-2025-05-05.jpg","contentUrl":"https:\/\/sare.eus\/wp-content\/uploads\/2025\/06\/SFk-etxera-2025-05-05.jpg","width":2560,"height":1440},{"@type":"BreadcrumbList","@id":"https:\/\/sare.eus\/es\/san-ferminetan-ere-etxera\/#breadcrumb","itemListElement":[{"@type":"ListItem","position":1,"name":"Home","item":"https:\/\/sare.eus\/"},{"@type":"ListItem","position":2,"name":"Este a\u00f1o organizaremos dos actividades conjuntas con Etxerat en las fiestas de San Ferm\u00edn. Kalejira el 4 de julio y d\u00eda 8 de julio ETXERA EGUNA."}]},{"@type":"WebSite","@id":"https:\/\/sare.eus\/#website","url":"https:\/\/sare.eus\/","name":"Sare Herritarra","description":"KONPONBIDEAREN ETA GIZA ESKUBIDEEN ALDEKO SARE HERRITARRA","publisher":{"@id":"https:\/\/sare.eus\/#organization"},"potentialAction":[{"@type":"SearchAction","target":{"@type":"EntryPoint","urlTemplate":"https:\/\/sare.eus\/?s={search_term_string}"},"query-input":{"@type":"PropertyValueSpecification","valueRequired":true,"valueName":"search_term_string"}}],"inLanguage":"es"},{"@type":"Organization","@id":"https:\/\/sare.eus\/#organization","name":"Sare Herritarra","url":"https:\/\/sare.eus\/","logo":{"@type":"ImageObject","inLanguage":"es","@id":"https:\/\/sare.eus\/#\/schema\/logo\/image\/","url":"https:\/\/sare.eus\/wp-content\/uploads\/2021\/08\/sare.png","contentUrl":"https:\/\/sare.eus\/wp-content\/uploads\/2021\/08\/sare.png","width":120,"height":142,"caption":"Sare Herritarra"},"image":{"@id":"https:\/\/sare.eus\/#\/schema\/logo\/image\/"}},{"@type":"Person","@id":"https:\/\/sare.eus\/#\/schema\/person\/2fe6d0df294f56313d3ab236dbe38e17","name":"sare","image":{"@type":"ImageObject","inLanguage":"es","@id":"https:\/\/sare.eus\/#\/schema\/person\/image\/","url":"https:\/\/secure.gravatar.com\/avatar\/77cad838677ceb1977e7b3c878b55eaa7fa4aae2158983063b047c3ad7ef2c25?s=96&d=mm&r=g","contentUrl":"https:\/\/secure.gravatar.com\/avatar\/77cad838677ceb1977e7b3c878b55eaa7fa4aae2158983063b047c3ad7ef2c25?s=96&d=mm&r=g","caption":"sare"},"url":"https:\/\/sare.eus\/es\/author\/sare\/"}]}},"_links":{"self":[{"href":"https:\/\/sare.eus\/es\/wp-json\/wp\/v2\/posts\/8154","targetHints":{"allow":["GET"]}}],"collection":[{"href":"https:\/\/sare.eus\/es\/wp-json\/wp\/v2\/posts"}],"about":[{"href":"https:\/\/sare.eus\/es\/wp-json\/wp\/v2\/types\/post"}],"author":[{"embeddable":true,"href":"https:\/\/sare.eus\/es\/wp-json\/wp\/v2\/users\/2"}],"replies":[{"embeddable":true,"href":"https:\/\/sare.eus\/es\/wp-json\/wp\/v2\/comments?post=8154"}],"version-history":[{"count":8,"href":"https:\/\/sare.eus\/es\/wp-json\/wp\/v2\/posts\/8154\/revisions"}],"predecessor-version":[{"id":8173,"href":"https:\/\/sare.eus\/es\/wp-json\/wp\/v2\/posts\/8154\/revisions\/8173"}],"wp:featuredmedia":[{"embeddable":true,"href":"https:\/\/sare.eus\/es\/wp-json\/wp\/v2\/media\/8143"}],"wp:attachment":[{"href":"https:\/\/sare.eus\/es\/wp-json\/wp\/v2\/media?parent=8154"}],"wp:term":[{"taxonomy":"category","embeddable":true,"href":"https:\/\/sare.eus\/es\/wp-json\/wp\/v2\/categories?post=8154"},{"taxonomy":"post_tag","embeddable":true,"href":"https:\/\/sare.eus\/es\/wp-json\/wp\/v2\/tags?post=8154"}],"curies":[{"name":"wp","href":"https:\/\/api.w.org\/{rel}","templated":true}]}}