{"id":8109,"date":"2025-05-17T12:58:30","date_gmt":"2025-05-17T11:58:30","guid":{"rendered":"https:\/\/sare.eus\/?p=8109"},"modified":"2025-05-17T12:58:30","modified_gmt":"2025-05-17T11:58:30","slug":"arranca-desde-lesaka-la-iniciativa-puzzlea-osatu-arte","status":"publish","type":"post","link":"https:\/\/sare.eus\/es\/arranca-desde-lesaka-la-iniciativa-puzzlea-osatu-arte\/","title":{"rendered":"Arranca desde Lesaka la iniciativa \u00abPuzzlea osatu arte\u00bb"},"content":{"rendered":"<p>En el marco de la iniciativa \u00abPuzzlea osatu arte\u00bb acabamos de salir de Lesaka, estamos en la 1\u00aa parada del recorrido que realizaremos entre hoy y ma\u00f1ana y tenemos por delante otras 27 paradas por todo el pa\u00eds.<\/p>\n<p>Lo que queremos reivindicar en estos pueblos es la resoluci\u00f3n de las consecuencias que nos ha dejado el conflicto. Es imprescindible acabar con todas esas consecuencias si queremos dar el salto a escenarios de convivencia y, por tanto, junto con el reconocimiento y la reparaci\u00f3n de las v\u00edctimas de las diferentes violencias, es imprescindible que avancemos en el camino a casa de las y los presos, huidos y deportados vascos.<\/p>\n<p>57 son todav\u00eda los presos vascos con dificultades para hacer el camino a casa y en ese camino siguen siendo un obst\u00e1culo las leyes y pol\u00edticas de excepci\u00f3n. Todav\u00eda los presos vascos reciben un tratamiento excepcional y es significativo que si se les aplicaran leyes y pol\u00edticas ordinarias el 100% de los presos vascos estar\u00eda en casa.<\/p>\n<p>Tenemos como objetivo completar el puzle de la resoluci\u00f3n y clamar por ello durante estos dos d\u00edas. Se trata de colocar en el puzle las piezas que a\u00fan faltan por colocar a los pueblos y seguiremos trabajando para que todos los presos y presas vascas, junto con la sociedad vasca, hagan el camino a casa.<\/p>\n","protected":false},"excerpt":{"rendered":"<p>En el marco de la iniciativa \u00abPuzzlea osatu arte\u00bb acabamos de salir de Lesaka, estamos en la 1\u00aa parada del recorrido que realizaremos entre hoy y ma\u00f1ana y tenemos por [&hellip;]<\/p>\n","protected":false},"author":2,"featured_media":8123,"comment_status":"closed","ping_status":"closed","sticky":false,"template":"","format":"standard","meta":{"_acf_changed":false,"_et_pb_use_builder":"","_et_pb_old_content":"","_et_gb_content_width":"","footnotes":""},"categories":[60,69],"tags":[],"class_list":["post-8109","post","type-post","status-publish","format-standard","has-post-thumbnail","hentry","category-etxera-es","category-leyes-de-excepcion","et-has-post-format-content","et_post_format-et-post-format-standard"],"acf":[],"yoast_head":"<!-- This site is optimized with the Yoast SEO plugin v26.4 - https:\/\/yoast.com\/wordpress\/plugins\/seo\/ -->\n<title>Arranca desde Lesaka la iniciativa &quot;Puzzlea osatu arte&quot; - Sare Herritarra<\/title>\n<meta name=\"robots\" content=\"index, follow, max-snippet:-1, max-image-preview:large, max-video-preview:-1\" \/>\n<link rel=\"canonical\" href=\"https:\/\/sare.eus\/es\/arranca-desde-lesaka-la-iniciativa-puzzlea-osatu-arte\/\" \/>\n<meta property=\"og:locale\" content=\"es_ES\" \/>\n<meta property=\"og:type\" content=\"article\" \/>\n<meta property=\"og:title\" content=\"Arranca desde Lesaka la iniciativa &quot;Puzzlea osatu arte&quot; - Sare Herritarra\" \/>\n<meta property=\"og:description\" content=\"En el marco de la iniciativa \u00abPuzzlea osatu arte\u00bb acabamos de salir de Lesaka, estamos en la 1\u00aa parada del recorrido que realizaremos entre hoy y ma\u00f1ana y tenemos por [&hellip;]\" \/>\n<meta property=\"og:url\" content=\"https:\/\/sare.eus\/es\/arranca-desde-lesaka-la-iniciativa-puzzlea-osatu-arte\/\" \/>\n<meta property=\"og:site_name\" content=\"Sare Herritarra\" \/>\n<meta property=\"article:published_time\" content=\"2025-05-17T11:58:30+00:00\" \/>\n<meta property=\"og:image\" content=\"https:\/\/sare.eus\/wp-content\/uploads\/2025\/05\/IMG_0344-scaled.jpg\" \/>\n\t<meta property=\"og:image:width\" content=\"2560\" \/>\n\t<meta property=\"og:image:height\" content=\"1440\" \/>\n\t<meta property=\"og:image:type\" content=\"image\/jpeg\" \/>\n<meta name=\"author\" content=\"sare\" \/>\n<meta name=\"twitter:card\" content=\"summary_large_image\" \/>\n<meta name=\"twitter:label1\" content=\"Escrito por\" \/>\n\t<meta name=\"twitter:data1\" content=\"sare\" \/>\n\t<meta name=\"twitter:label2\" content=\"Tiempo de lectura\" \/>\n\t<meta name=\"twitter:data2\" content=\"2 minutos\" \/>\n<script type=\"application\/ld+json\" class=\"yoast-schema-graph\">{\"@context\":\"https:\/\/schema.org\",\"@graph\":[{\"@type\":\"Article\",\"@id\":\"https:\/\/sare.eus\/es\/arranca-desde-lesaka-la-iniciativa-puzzlea-osatu-arte\/#article\",\"isPartOf\":{\"@id\":\"https:\/\/sare.eus\/es\/arranca-desde-lesaka-la-iniciativa-puzzlea-osatu-arte\/\"},\"author\":{\"name\":\"sare\",\"@id\":\"https:\/\/sare.eus\/#\/schema\/person\/2fe6d0df294f56313d3ab236dbe38e17\"},\"headline\":\"Arranca desde Lesaka la iniciativa \u00abPuzzlea osatu arte\u00bb\",\"datePublished\":\"2025-05-17T11:58:30+00:00\",\"mainEntityOfPage\":{\"@id\":\"https:\/\/sare.eus\/es\/arranca-desde-lesaka-la-iniciativa-puzzlea-osatu-arte\/\"},\"wordCount\":239,\"publisher\":{\"@id\":\"https:\/\/sare.eus\/#organization\"},\"image\":{\"@id\":\"https:\/\/sare.eus\/es\/arranca-desde-lesaka-la-iniciativa-puzzlea-osatu-arte\/#primaryimage\"},\"thumbnailUrl\":\"https:\/\/sare.eus\/wp-content\/uploads\/2025\/05\/IMG_0344-scaled.jpg\",\"articleSection\":[\"Etxera\",\"Leyes de Excepci\u00f3n\"],\"inLanguage\":\"es\"},{\"@type\":\"WebPage\",\"@id\":\"https:\/\/sare.eus\/es\/arranca-desde-lesaka-la-iniciativa-puzzlea-osatu-arte\/\",\"url\":\"https:\/\/sare.eus\/es\/arranca-desde-lesaka-la-iniciativa-puzzlea-osatu-arte\/\",\"name\":\"Arranca desde Lesaka la iniciativa \\\"Puzzlea osatu arte\\\" - Sare Herritarra\",\"isPartOf\":{\"@id\":\"https:\/\/sare.eus\/#website\"},\"primaryImageOfPage\":{\"@id\":\"https:\/\/sare.eus\/es\/arranca-desde-lesaka-la-iniciativa-puzzlea-osatu-arte\/#primaryimage\"},\"image\":{\"@id\":\"https:\/\/sare.eus\/es\/arranca-desde-lesaka-la-iniciativa-puzzlea-osatu-arte\/#primaryimage\"},\"thumbnailUrl\":\"https:\/\/sare.eus\/wp-content\/uploads\/2025\/05\/IMG_0344-scaled.jpg\",\"datePublished\":\"2025-05-17T11:58:30+00:00\",\"breadcrumb\":{\"@id\":\"https:\/\/sare.eus\/es\/arranca-desde-lesaka-la-iniciativa-puzzlea-osatu-arte\/#breadcrumb\"},\"inLanguage\":\"es\",\"potentialAction\":[{\"@type\":\"ReadAction\",\"target\":[\"https:\/\/sare.eus\/es\/arranca-desde-lesaka-la-iniciativa-puzzlea-osatu-arte\/\"]}]},{\"@type\":\"ImageObject\",\"inLanguage\":\"es\",\"@id\":\"https:\/\/sare.eus\/es\/arranca-desde-lesaka-la-iniciativa-puzzlea-osatu-arte\/#primaryimage\",\"url\":\"https:\/\/sare.eus\/wp-content\/uploads\/2025\/05\/IMG_0344-scaled.jpg\",\"contentUrl\":\"https:\/\/sare.eus\/wp-content\/uploads\/2025\/05\/IMG_0344-scaled.jpg\",\"width\":2560,\"height\":1440},{\"@type\":\"BreadcrumbList\",\"@id\":\"https:\/\/sare.eus\/es\/arranca-desde-lesaka-la-iniciativa-puzzlea-osatu-arte\/#breadcrumb\",\"itemListElement\":[{\"@type\":\"ListItem\",\"position\":1,\"name\":\"Home\",\"item\":\"https:\/\/sare.eus\/\"},{\"@type\":\"ListItem\",\"position\":2,\"name\":\"Arranca desde Lesaka la iniciativa &#8220;Puzzlea osatu arte&#8221;\"}]},{\"@type\":\"WebSite\",\"@id\":\"https:\/\/sare.eus\/#website\",\"url\":\"https:\/\/sare.eus\/\",\"name\":\"Sare Herritarra\",\"description\":\"KONPONBIDEAREN ETA GIZA ESKUBIDEEN ALDEKO SARE HERRITARRA\",\"publisher\":{\"@id\":\"https:\/\/sare.eus\/#organization\"},\"potentialAction\":[{\"@type\":\"SearchAction\",\"target\":{\"@type\":\"EntryPoint\",\"urlTemplate\":\"https:\/\/sare.eus\/?s={search_term_string}\"},\"query-input\":{\"@type\":\"PropertyValueSpecification\",\"valueRequired\":true,\"valueName\":\"search_term_string\"}}],\"inLanguage\":\"es\"},{\"@type\":\"Organization\",\"@id\":\"https:\/\/sare.eus\/#organization\",\"name\":\"Sare Herritarra\",\"url\":\"https:\/\/sare.eus\/\",\"logo\":{\"@type\":\"ImageObject\",\"inLanguage\":\"es\",\"@id\":\"https:\/\/sare.eus\/#\/schema\/logo\/image\/\",\"url\":\"https:\/\/sare.eus\/wp-content\/uploads\/2021\/08\/sare.png\",\"contentUrl\":\"https:\/\/sare.eus\/wp-content\/uploads\/2021\/08\/sare.png\",\"width\":120,\"height\":142,\"caption\":\"Sare Herritarra\"},\"image\":{\"@id\":\"https:\/\/sare.eus\/#\/schema\/logo\/image\/\"}},{\"@type\":\"Person\",\"@id\":\"https:\/\/sare.eus\/#\/schema\/person\/2fe6d0df294f56313d3ab236dbe38e17\",\"name\":\"sare\",\"image\":{\"@type\":\"ImageObject\",\"inLanguage\":\"es\",\"@id\":\"https:\/\/sare.eus\/#\/schema\/person\/image\/\",\"url\":\"https:\/\/secure.gravatar.com\/avatar\/77cad838677ceb1977e7b3c878b55eaa7fa4aae2158983063b047c3ad7ef2c25?s=96&d=mm&r=g\",\"contentUrl\":\"https:\/\/secure.gravatar.com\/avatar\/77cad838677ceb1977e7b3c878b55eaa7fa4aae2158983063b047c3ad7ef2c25?s=96&d=mm&r=g\",\"caption\":\"sare\"},\"url\":\"https:\/\/sare.eus\/es\/author\/sare\/\"}]}<\/script>\n<!-- \/ Yoast SEO plugin. -->","yoast_head_json":{"title":"Arranca desde Lesaka la iniciativa \"Puzzlea osatu arte\" - Sare Herritarra","robots":{"index":"index","follow":"follow","max-snippet":"max-snippet:-1","max-image-preview":"max-image-preview:large","max-video-preview":"max-video-preview:-1"},"canonical":"https:\/\/sare.eus\/es\/arranca-desde-lesaka-la-iniciativa-puzzlea-osatu-arte\/","og_locale":"es_ES","og_type":"article","og_title":"Arranca desde Lesaka la iniciativa \"Puzzlea osatu arte\" - Sare Herritarra","og_description":"En el marco de la iniciativa \u00abPuzzlea osatu arte\u00bb acabamos de salir de Lesaka, estamos en la 1\u00aa parada del recorrido que realizaremos entre hoy y ma\u00f1ana y tenemos por [&hellip;]","og_url":"https:\/\/sare.eus\/es\/arranca-desde-lesaka-la-iniciativa-puzzlea-osatu-arte\/","og_site_name":"Sare Herritarra","article_published_time":"2025-05-17T11:58:30+00:00","og_image":[{"width":2560,"height":1440,"url":"https:\/\/sare.eus\/wp-content\/uploads\/2025\/05\/IMG_0344-scaled.jpg","type":"image\/jpeg"}],"author":"sare","twitter_card":"summary_large_image","twitter_misc":{"Escrito por":"sare","Tiempo de lectura":"2 minutos"},"schema":{"@context":"https:\/\/schema.org","@graph":[{"@type":"Article","@id":"https:\/\/sare.eus\/es\/arranca-desde-lesaka-la-iniciativa-puzzlea-osatu-arte\/#article","isPartOf":{"@id":"https:\/\/sare.eus\/es\/arranca-desde-lesaka-la-iniciativa-puzzlea-osatu-arte\/"},"author":{"name":"sare","@id":"https:\/\/sare.eus\/#\/schema\/person\/2fe6d0df294f56313d3ab236dbe38e17"},"headline":"Arranca desde Lesaka la iniciativa \u00abPuzzlea osatu arte\u00bb","datePublished":"2025-05-17T11:58:30+00:00","mainEntityOfPage":{"@id":"https:\/\/sare.eus\/es\/arranca-desde-lesaka-la-iniciativa-puzzlea-osatu-arte\/"},"wordCount":239,"publisher":{"@id":"https:\/\/sare.eus\/#organization"},"image":{"@id":"https:\/\/sare.eus\/es\/arranca-desde-lesaka-la-iniciativa-puzzlea-osatu-arte\/#primaryimage"},"thumbnailUrl":"https:\/\/sare.eus\/wp-content\/uploads\/2025\/05\/IMG_0344-scaled.jpg","articleSection":["Etxera","Leyes de Excepci\u00f3n"],"inLanguage":"es"},{"@type":"WebPage","@id":"https:\/\/sare.eus\/es\/arranca-desde-lesaka-la-iniciativa-puzzlea-osatu-arte\/","url":"https:\/\/sare.eus\/es\/arranca-desde-lesaka-la-iniciativa-puzzlea-osatu-arte\/","name":"Arranca desde Lesaka la iniciativa \"Puzzlea osatu arte\" - Sare Herritarra","isPartOf":{"@id":"https:\/\/sare.eus\/#website"},"primaryImageOfPage":{"@id":"https:\/\/sare.eus\/es\/arranca-desde-lesaka-la-iniciativa-puzzlea-osatu-arte\/#primaryimage"},"image":{"@id":"https:\/\/sare.eus\/es\/arranca-desde-lesaka-la-iniciativa-puzzlea-osatu-arte\/#primaryimage"},"thumbnailUrl":"https:\/\/sare.eus\/wp-content\/uploads\/2025\/05\/IMG_0344-scaled.jpg","datePublished":"2025-05-17T11:58:30+00:00","breadcrumb":{"@id":"https:\/\/sare.eus\/es\/arranca-desde-lesaka-la-iniciativa-puzzlea-osatu-arte\/#breadcrumb"},"inLanguage":"es","potentialAction":[{"@type":"ReadAction","target":["https:\/\/sare.eus\/es\/arranca-desde-lesaka-la-iniciativa-puzzlea-osatu-arte\/"]}]},{"@type":"ImageObject","inLanguage":"es","@id":"https:\/\/sare.eus\/es\/arranca-desde-lesaka-la-iniciativa-puzzlea-osatu-arte\/#primaryimage","url":"https:\/\/sare.eus\/wp-content\/uploads\/2025\/05\/IMG_0344-scaled.jpg","contentUrl":"https:\/\/sare.eus\/wp-content\/uploads\/2025\/05\/IMG_0344-scaled.jpg","width":2560,"height":1440},{"@type":"BreadcrumbList","@id":"https:\/\/sare.eus\/es\/arranca-desde-lesaka-la-iniciativa-puzzlea-osatu-arte\/#breadcrumb","itemListElement":[{"@type":"ListItem","position":1,"name":"Home","item":"https:\/\/sare.eus\/"},{"@type":"ListItem","position":2,"name":"Arranca desde Lesaka la iniciativa &#8220;Puzzlea osatu arte&#8221;"}]},{"@type":"WebSite","@id":"https:\/\/sare.eus\/#website","url":"https:\/\/sare.eus\/","name":"Sare Herritarra","description":"KONPONBIDEAREN ETA GIZA ESKUBIDEEN ALDEKO SARE HERRITARRA","publisher":{"@id":"https:\/\/sare.eus\/#organization"},"potentialAction":[{"@type":"SearchAction","target":{"@type":"EntryPoint","urlTemplate":"https:\/\/sare.eus\/?s={search_term_string}"},"query-input":{"@type":"PropertyValueSpecification","valueRequired":true,"valueName":"search_term_string"}}],"inLanguage":"es"},{"@type":"Organization","@id":"https:\/\/sare.eus\/#organization","name":"Sare Herritarra","url":"https:\/\/sare.eus\/","logo":{"@type":"ImageObject","inLanguage":"es","@id":"https:\/\/sare.eus\/#\/schema\/logo\/image\/","url":"https:\/\/sare.eus\/wp-content\/uploads\/2021\/08\/sare.png","contentUrl":"https:\/\/sare.eus\/wp-content\/uploads\/2021\/08\/sare.png","width":120,"height":142,"caption":"Sare Herritarra"},"image":{"@id":"https:\/\/sare.eus\/#\/schema\/logo\/image\/"}},{"@type":"Person","@id":"https:\/\/sare.eus\/#\/schema\/person\/2fe6d0df294f56313d3ab236dbe38e17","name":"sare","image":{"@type":"ImageObject","inLanguage":"es","@id":"https:\/\/sare.eus\/#\/schema\/person\/image\/","url":"https:\/\/secure.gravatar.com\/avatar\/77cad838677ceb1977e7b3c878b55eaa7fa4aae2158983063b047c3ad7ef2c25?s=96&d=mm&r=g","contentUrl":"https:\/\/secure.gravatar.com\/avatar\/77cad838677ceb1977e7b3c878b55eaa7fa4aae2158983063b047c3ad7ef2c25?s=96&d=mm&r=g","caption":"sare"},"url":"https:\/\/sare.eus\/es\/author\/sare\/"}]}},"_links":{"self":[{"href":"https:\/\/sare.eus\/es\/wp-json\/wp\/v2\/posts\/8109","targetHints":{"allow":["GET"]}}],"collection":[{"href":"https:\/\/sare.eus\/es\/wp-json\/wp\/v2\/posts"}],"about":[{"href":"https:\/\/sare.eus\/es\/wp-json\/wp\/v2\/types\/post"}],"author":[{"embeddable":true,"href":"https:\/\/sare.eus\/es\/wp-json\/wp\/v2\/users\/2"}],"replies":[{"embeddable":true,"href":"https:\/\/sare.eus\/es\/wp-json\/wp\/v2\/comments?post=8109"}],"version-history":[{"count":2,"href":"https:\/\/sare.eus\/es\/wp-json\/wp\/v2\/posts\/8109\/revisions"}],"predecessor-version":[{"id":8116,"href":"https:\/\/sare.eus\/es\/wp-json\/wp\/v2\/posts\/8109\/revisions\/8116"}],"wp:featuredmedia":[{"embeddable":true,"href":"https:\/\/sare.eus\/es\/wp-json\/wp\/v2\/media\/8123"}],"wp:attachment":[{"href":"https:\/\/sare.eus\/es\/wp-json\/wp\/v2\/media?parent=8109"}],"wp:term":[{"taxonomy":"category","embeddable":true,"href":"https:\/\/sare.eus\/es\/wp-json\/wp\/v2\/categories?post=8109"},{"taxonomy":"post_tag","embeddable":true,"href":"https:\/\/sare.eus\/es\/wp-json\/wp\/v2\/tags?post=8109"}],"curies":[{"name":"wp","href":"https:\/\/api.w.org\/{rel}","templated":true}]}}