{"id":8090,"date":"2025-05-14T10:44:19","date_gmt":"2025-05-14T09:44:19","guid":{"rendered":"https:\/\/sare.eus\/?p=8090"},"modified":"2025-05-14T14:11:22","modified_gmt":"2025-05-14T13:11:22","slug":"el-17-y-18-de-mayo-es-necesario-completar-el-puzle-de-la-resolucion-si-queremos-avanzar-como-pueblo","status":"publish","type":"post","link":"https:\/\/sare.eus\/es\/el-17-y-18-de-mayo-es-necesario-completar-el-puzle-de-la-resolucion-si-queremos-avanzar-como-pueblo\/","title":{"rendered":"El 17 y 18 de mayo es necesario completar el puzle de la resoluci\u00f3n si queremos avanzar como Pueblo"},"content":{"rendered":"<p><!--more-->Nos hemos reunido hoy en Iru\u00f1ea, en el mismo lugar donde finalizara dentro de 4 d\u00edas la iniciativa \u201cPuzzlea osatu arte!\u201d, para dar a conocer los detalles de la misma. Con inicio el d\u00eda 17 de mayo, recorreremos 544 km pueblo a pueblo, reivindicando una resoluci\u00f3n definitiva y el retorno a casa de los presos de y las presas que aun no lo han iniciado.<\/p>\n<p>Las leyes y pol\u00edticas de excepci\u00f3n son todav\u00eda un obst\u00e1culo para l@s 57 pres@s que no han emprendido ese camino de vuelta a casa. Y, para Sare Herritarra es imprescindible, si queremos dar el salto a un escenario de convivencia, terminar con las consecuencias que nos ha dejado el conflicto. Es necesaria una resoluci\u00f3n definitiva. Y es en ese sentido tomaremos las calles en los pr\u00f3ximos d\u00edas, reivindicando la necesidad de la sociedad vasca y de nuestros pueblos de completar el puzle.<br \/>\n<iframe loading=\"lazy\" title=\"YouTube video player\" src=\"https:\/\/www.youtube.com\/embed\/mh4zFRfD1K0?si=m0996aerPju-czAl\" width=\"560\" height=\"315\" frameborder=\"0\" allowfullscreen=\"allowfullscreen\"><\/iframe><\/p>\n<p>Como hemos comentado antes, la iniciativa dar\u00e1 comienzo el s\u00e1bado a las 10:00 en Lesaka. Tras cruzar Gipuzkoa de extremo a extremo, se acercar\u00e1 a Bizkaia para llegar, sobre las 19:00 a Galdakao y as\u00ed, dar por finalizada la primera etapa. El domingo daremos comienzo a la segunda jornada en Berango y recorreremos Bizkaia y Araba para volver a Nafarroa y llegar sobre las 19:00 a Iru\u00f1ea y, dar comienzo as\u00ed, al acto final de la iniciativa.<\/p>\n<p>En las 28 localidades que atravesaremos, recogeremos, una a una, las piezas del puzle de la resoluci\u00f3n. Porque es eso, precisamente, resoluci\u00f3n, lo que desean los pueblos que todav\u00eda tienen pres@s en r\u00e9gimen cerrado.<\/p>\n<p>Y cuando hablamos de resoluci\u00f3n, estamos hablando de la superaci\u00f3n de las consecuencias que han generado tantos a\u00f1os de conflicto. Estamos hablando de la necesidad de emprender el camino a casa de los y las presas, huidas y deportadas vascas. Estamos hablando de la necesidad que tienen las v\u00edctimas de ser reconocidas, reparadas y de conocer la verdad. Porque sin dar todos y cada uno de esos pasos, no podremos avanzara a escenarios de convivencia.<\/p>\n<p>Si queremos avanzar como Pueblo, es necesario dar el salto a esos escenarios de convivencia. Si queremos avanzar como Pueblo, es necesaria una soluci\u00f3n definitiva. Si queremos avanzar como Pueblo, es necesario completar el puzle de la resoluci\u00f3n.<\/p>\n<p><strong>Puzzlea osatu arte! Euskal preso iheslari eta deportatuak etxera!<\/strong><\/p>\n<hr \/>\n<p>&nbsp;<\/p>\n<p><strong>\u00bb Todas las convocatorias aqu\u00ed:<\/strong> <a href=\"https:\/\/sare.eus\/es\/puzzlea-osatu-arte\/\" target=\"_blank\" rel=\"noopener\">https:\/\/sare.eus\/puzzlea-osatu-arte\/\u00a0<\/a><\/p>\n","protected":false},"excerpt":{"rendered":"","protected":false},"author":2,"featured_media":8095,"comment_status":"closed","ping_status":"closed","sticky":false,"template":"","format":"standard","meta":{"_acf_changed":false,"_et_pb_use_builder":"","_et_pb_old_content":"","_et_gb_content_width":"","footnotes":""},"categories":[60,69],"tags":[],"class_list":["post-8090","post","type-post","status-publish","format-standard","has-post-thumbnail","hentry","category-etxera-es","category-leyes-de-excepcion","et-has-post-format-content","et_post_format-et-post-format-standard"],"acf":[],"yoast_head":"<!-- This site is optimized with the Yoast SEO plugin v26.4 - https:\/\/yoast.com\/wordpress\/plugins\/seo\/ -->\n<title>El 17 y 18 de mayo es necesario completar el puzle de la resoluci\u00f3n si queremos avanzar como Pueblo - Sare Herritarra<\/title>\n<meta name=\"robots\" content=\"index, follow, max-snippet:-1, max-image-preview:large, max-video-preview:-1\" \/>\n<link rel=\"canonical\" href=\"https:\/\/sare.eus\/es\/el-17-y-18-de-mayo-es-necesario-completar-el-puzle-de-la-resolucion-si-queremos-avanzar-como-pueblo\/\" \/>\n<meta property=\"og:locale\" content=\"es_ES\" \/>\n<meta property=\"og:type\" content=\"article\" \/>\n<meta property=\"og:title\" content=\"El 17 y 18 de mayo es necesario completar el puzle de la resoluci\u00f3n si queremos avanzar como Pueblo - Sare Herritarra\" \/>\n<meta property=\"og:url\" content=\"https:\/\/sare.eus\/es\/el-17-y-18-de-mayo-es-necesario-completar-el-puzle-de-la-resolucion-si-queremos-avanzar-como-pueblo\/\" \/>\n<meta property=\"og:site_name\" content=\"Sare Herritarra\" \/>\n<meta property=\"article:published_time\" content=\"2025-05-14T09:44:19+00:00\" \/>\n<meta property=\"article:modified_time\" content=\"2025-05-14T13:11:22+00:00\" \/>\n<meta property=\"og:image\" content=\"https:\/\/sare.eus\/wp-content\/uploads\/2025\/05\/IMG_20250514_113758_967.jpg\" \/>\n\t<meta property=\"og:image:width\" content=\"1280\" \/>\n\t<meta property=\"og:image:height\" content=\"751\" \/>\n\t<meta property=\"og:image:type\" content=\"image\/jpeg\" \/>\n<meta name=\"author\" content=\"sare\" \/>\n<meta name=\"twitter:card\" content=\"summary_large_image\" \/>\n<meta name=\"twitter:label1\" content=\"Escrito por\" \/>\n\t<meta name=\"twitter:data1\" content=\"sare\" \/>\n\t<meta name=\"twitter:label2\" content=\"Tiempo de lectura\" \/>\n\t<meta name=\"twitter:data2\" content=\"3 minutos\" \/>\n<script type=\"application\/ld+json\" class=\"yoast-schema-graph\">{\"@context\":\"https:\/\/schema.org\",\"@graph\":[{\"@type\":\"Article\",\"@id\":\"https:\/\/sare.eus\/es\/el-17-y-18-de-mayo-es-necesario-completar-el-puzle-de-la-resolucion-si-queremos-avanzar-como-pueblo\/#article\",\"isPartOf\":{\"@id\":\"https:\/\/sare.eus\/es\/el-17-y-18-de-mayo-es-necesario-completar-el-puzle-de-la-resolucion-si-queremos-avanzar-como-pueblo\/\"},\"author\":{\"name\":\"sare\",\"@id\":\"https:\/\/sare.eus\/#\/schema\/person\/2fe6d0df294f56313d3ab236dbe38e17\"},\"headline\":\"El 17 y 18 de mayo es necesario completar el puzle de la resoluci\u00f3n si queremos avanzar como Pueblo\",\"datePublished\":\"2025-05-14T09:44:19+00:00\",\"dateModified\":\"2025-05-14T13:11:22+00:00\",\"mainEntityOfPage\":{\"@id\":\"https:\/\/sare.eus\/es\/el-17-y-18-de-mayo-es-necesario-completar-el-puzle-de-la-resolucion-si-queremos-avanzar-como-pueblo\/\"},\"wordCount\":425,\"publisher\":{\"@id\":\"https:\/\/sare.eus\/#organization\"},\"image\":{\"@id\":\"https:\/\/sare.eus\/es\/el-17-y-18-de-mayo-es-necesario-completar-el-puzle-de-la-resolucion-si-queremos-avanzar-como-pueblo\/#primaryimage\"},\"thumbnailUrl\":\"https:\/\/sare.eus\/wp-content\/uploads\/2025\/05\/IMG_20250514_113758_967.jpg\",\"articleSection\":[\"Etxera\",\"Leyes de Excepci\u00f3n\"],\"inLanguage\":\"es\"},{\"@type\":\"WebPage\",\"@id\":\"https:\/\/sare.eus\/es\/el-17-y-18-de-mayo-es-necesario-completar-el-puzle-de-la-resolucion-si-queremos-avanzar-como-pueblo\/\",\"url\":\"https:\/\/sare.eus\/es\/el-17-y-18-de-mayo-es-necesario-completar-el-puzle-de-la-resolucion-si-queremos-avanzar-como-pueblo\/\",\"name\":\"El 17 y 18 de mayo es necesario completar el puzle de la resoluci\u00f3n si queremos avanzar como Pueblo - Sare Herritarra\",\"isPartOf\":{\"@id\":\"https:\/\/sare.eus\/#website\"},\"primaryImageOfPage\":{\"@id\":\"https:\/\/sare.eus\/es\/el-17-y-18-de-mayo-es-necesario-completar-el-puzle-de-la-resolucion-si-queremos-avanzar-como-pueblo\/#primaryimage\"},\"image\":{\"@id\":\"https:\/\/sare.eus\/es\/el-17-y-18-de-mayo-es-necesario-completar-el-puzle-de-la-resolucion-si-queremos-avanzar-como-pueblo\/#primaryimage\"},\"thumbnailUrl\":\"https:\/\/sare.eus\/wp-content\/uploads\/2025\/05\/IMG_20250514_113758_967.jpg\",\"datePublished\":\"2025-05-14T09:44:19+00:00\",\"dateModified\":\"2025-05-14T13:11:22+00:00\",\"breadcrumb\":{\"@id\":\"https:\/\/sare.eus\/es\/el-17-y-18-de-mayo-es-necesario-completar-el-puzle-de-la-resolucion-si-queremos-avanzar-como-pueblo\/#breadcrumb\"},\"inLanguage\":\"es\",\"potentialAction\":[{\"@type\":\"ReadAction\",\"target\":[\"https:\/\/sare.eus\/es\/el-17-y-18-de-mayo-es-necesario-completar-el-puzle-de-la-resolucion-si-queremos-avanzar-como-pueblo\/\"]}]},{\"@type\":\"ImageObject\",\"inLanguage\":\"es\",\"@id\":\"https:\/\/sare.eus\/es\/el-17-y-18-de-mayo-es-necesario-completar-el-puzle-de-la-resolucion-si-queremos-avanzar-como-pueblo\/#primaryimage\",\"url\":\"https:\/\/sare.eus\/wp-content\/uploads\/2025\/05\/IMG_20250514_113758_967.jpg\",\"contentUrl\":\"https:\/\/sare.eus\/wp-content\/uploads\/2025\/05\/IMG_20250514_113758_967.jpg\",\"width\":1280,\"height\":751},{\"@type\":\"BreadcrumbList\",\"@id\":\"https:\/\/sare.eus\/es\/el-17-y-18-de-mayo-es-necesario-completar-el-puzle-de-la-resolucion-si-queremos-avanzar-como-pueblo\/#breadcrumb\",\"itemListElement\":[{\"@type\":\"ListItem\",\"position\":1,\"name\":\"Home\",\"item\":\"https:\/\/sare.eus\/\"},{\"@type\":\"ListItem\",\"position\":2,\"name\":\"El 17 y 18 de mayo es necesario completar el puzle de la resoluci\u00f3n si queremos avanzar como Pueblo\"}]},{\"@type\":\"WebSite\",\"@id\":\"https:\/\/sare.eus\/#website\",\"url\":\"https:\/\/sare.eus\/\",\"name\":\"Sare Herritarra\",\"description\":\"KONPONBIDEAREN ETA GIZA ESKUBIDEEN ALDEKO SARE HERRITARRA\",\"publisher\":{\"@id\":\"https:\/\/sare.eus\/#organization\"},\"potentialAction\":[{\"@type\":\"SearchAction\",\"target\":{\"@type\":\"EntryPoint\",\"urlTemplate\":\"https:\/\/sare.eus\/?s={search_term_string}\"},\"query-input\":{\"@type\":\"PropertyValueSpecification\",\"valueRequired\":true,\"valueName\":\"search_term_string\"}}],\"inLanguage\":\"es\"},{\"@type\":\"Organization\",\"@id\":\"https:\/\/sare.eus\/#organization\",\"name\":\"Sare Herritarra\",\"url\":\"https:\/\/sare.eus\/\",\"logo\":{\"@type\":\"ImageObject\",\"inLanguage\":\"es\",\"@id\":\"https:\/\/sare.eus\/#\/schema\/logo\/image\/\",\"url\":\"https:\/\/sare.eus\/wp-content\/uploads\/2021\/08\/sare.png\",\"contentUrl\":\"https:\/\/sare.eus\/wp-content\/uploads\/2021\/08\/sare.png\",\"width\":120,\"height\":142,\"caption\":\"Sare Herritarra\"},\"image\":{\"@id\":\"https:\/\/sare.eus\/#\/schema\/logo\/image\/\"}},{\"@type\":\"Person\",\"@id\":\"https:\/\/sare.eus\/#\/schema\/person\/2fe6d0df294f56313d3ab236dbe38e17\",\"name\":\"sare\",\"image\":{\"@type\":\"ImageObject\",\"inLanguage\":\"es\",\"@id\":\"https:\/\/sare.eus\/#\/schema\/person\/image\/\",\"url\":\"https:\/\/secure.gravatar.com\/avatar\/77cad838677ceb1977e7b3c878b55eaa7fa4aae2158983063b047c3ad7ef2c25?s=96&d=mm&r=g\",\"contentUrl\":\"https:\/\/secure.gravatar.com\/avatar\/77cad838677ceb1977e7b3c878b55eaa7fa4aae2158983063b047c3ad7ef2c25?s=96&d=mm&r=g\",\"caption\":\"sare\"},\"url\":\"https:\/\/sare.eus\/es\/author\/sare\/\"}]}<\/script>\n<!-- \/ Yoast SEO plugin. -->","yoast_head_json":{"title":"El 17 y 18 de mayo es necesario completar el puzle de la resoluci\u00f3n si queremos avanzar como Pueblo - Sare Herritarra","robots":{"index":"index","follow":"follow","max-snippet":"max-snippet:-1","max-image-preview":"max-image-preview:large","max-video-preview":"max-video-preview:-1"},"canonical":"https:\/\/sare.eus\/es\/el-17-y-18-de-mayo-es-necesario-completar-el-puzle-de-la-resolucion-si-queremos-avanzar-como-pueblo\/","og_locale":"es_ES","og_type":"article","og_title":"El 17 y 18 de mayo es necesario completar el puzle de la resoluci\u00f3n si queremos avanzar como Pueblo - Sare Herritarra","og_url":"https:\/\/sare.eus\/es\/el-17-y-18-de-mayo-es-necesario-completar-el-puzle-de-la-resolucion-si-queremos-avanzar-como-pueblo\/","og_site_name":"Sare Herritarra","article_published_time":"2025-05-14T09:44:19+00:00","article_modified_time":"2025-05-14T13:11:22+00:00","og_image":[{"width":1280,"height":751,"url":"https:\/\/sare.eus\/wp-content\/uploads\/2025\/05\/IMG_20250514_113758_967.jpg","type":"image\/jpeg"}],"author":"sare","twitter_card":"summary_large_image","twitter_misc":{"Escrito por":"sare","Tiempo de lectura":"3 minutos"},"schema":{"@context":"https:\/\/schema.org","@graph":[{"@type":"Article","@id":"https:\/\/sare.eus\/es\/el-17-y-18-de-mayo-es-necesario-completar-el-puzle-de-la-resolucion-si-queremos-avanzar-como-pueblo\/#article","isPartOf":{"@id":"https:\/\/sare.eus\/es\/el-17-y-18-de-mayo-es-necesario-completar-el-puzle-de-la-resolucion-si-queremos-avanzar-como-pueblo\/"},"author":{"name":"sare","@id":"https:\/\/sare.eus\/#\/schema\/person\/2fe6d0df294f56313d3ab236dbe38e17"},"headline":"El 17 y 18 de mayo es necesario completar el puzle de la resoluci\u00f3n si queremos avanzar como Pueblo","datePublished":"2025-05-14T09:44:19+00:00","dateModified":"2025-05-14T13:11:22+00:00","mainEntityOfPage":{"@id":"https:\/\/sare.eus\/es\/el-17-y-18-de-mayo-es-necesario-completar-el-puzle-de-la-resolucion-si-queremos-avanzar-como-pueblo\/"},"wordCount":425,"publisher":{"@id":"https:\/\/sare.eus\/#organization"},"image":{"@id":"https:\/\/sare.eus\/es\/el-17-y-18-de-mayo-es-necesario-completar-el-puzle-de-la-resolucion-si-queremos-avanzar-como-pueblo\/#primaryimage"},"thumbnailUrl":"https:\/\/sare.eus\/wp-content\/uploads\/2025\/05\/IMG_20250514_113758_967.jpg","articleSection":["Etxera","Leyes de Excepci\u00f3n"],"inLanguage":"es"},{"@type":"WebPage","@id":"https:\/\/sare.eus\/es\/el-17-y-18-de-mayo-es-necesario-completar-el-puzle-de-la-resolucion-si-queremos-avanzar-como-pueblo\/","url":"https:\/\/sare.eus\/es\/el-17-y-18-de-mayo-es-necesario-completar-el-puzle-de-la-resolucion-si-queremos-avanzar-como-pueblo\/","name":"El 17 y 18 de mayo es necesario completar el puzle de la resoluci\u00f3n si queremos avanzar como Pueblo - Sare Herritarra","isPartOf":{"@id":"https:\/\/sare.eus\/#website"},"primaryImageOfPage":{"@id":"https:\/\/sare.eus\/es\/el-17-y-18-de-mayo-es-necesario-completar-el-puzle-de-la-resolucion-si-queremos-avanzar-como-pueblo\/#primaryimage"},"image":{"@id":"https:\/\/sare.eus\/es\/el-17-y-18-de-mayo-es-necesario-completar-el-puzle-de-la-resolucion-si-queremos-avanzar-como-pueblo\/#primaryimage"},"thumbnailUrl":"https:\/\/sare.eus\/wp-content\/uploads\/2025\/05\/IMG_20250514_113758_967.jpg","datePublished":"2025-05-14T09:44:19+00:00","dateModified":"2025-05-14T13:11:22+00:00","breadcrumb":{"@id":"https:\/\/sare.eus\/es\/el-17-y-18-de-mayo-es-necesario-completar-el-puzle-de-la-resolucion-si-queremos-avanzar-como-pueblo\/#breadcrumb"},"inLanguage":"es","potentialAction":[{"@type":"ReadAction","target":["https:\/\/sare.eus\/es\/el-17-y-18-de-mayo-es-necesario-completar-el-puzle-de-la-resolucion-si-queremos-avanzar-como-pueblo\/"]}]},{"@type":"ImageObject","inLanguage":"es","@id":"https:\/\/sare.eus\/es\/el-17-y-18-de-mayo-es-necesario-completar-el-puzle-de-la-resolucion-si-queremos-avanzar-como-pueblo\/#primaryimage","url":"https:\/\/sare.eus\/wp-content\/uploads\/2025\/05\/IMG_20250514_113758_967.jpg","contentUrl":"https:\/\/sare.eus\/wp-content\/uploads\/2025\/05\/IMG_20250514_113758_967.jpg","width":1280,"height":751},{"@type":"BreadcrumbList","@id":"https:\/\/sare.eus\/es\/el-17-y-18-de-mayo-es-necesario-completar-el-puzle-de-la-resolucion-si-queremos-avanzar-como-pueblo\/#breadcrumb","itemListElement":[{"@type":"ListItem","position":1,"name":"Home","item":"https:\/\/sare.eus\/"},{"@type":"ListItem","position":2,"name":"El 17 y 18 de mayo es necesario completar el puzle de la resoluci\u00f3n si queremos avanzar como Pueblo"}]},{"@type":"WebSite","@id":"https:\/\/sare.eus\/#website","url":"https:\/\/sare.eus\/","name":"Sare Herritarra","description":"KONPONBIDEAREN ETA GIZA ESKUBIDEEN ALDEKO SARE HERRITARRA","publisher":{"@id":"https:\/\/sare.eus\/#organization"},"potentialAction":[{"@type":"SearchAction","target":{"@type":"EntryPoint","urlTemplate":"https:\/\/sare.eus\/?s={search_term_string}"},"query-input":{"@type":"PropertyValueSpecification","valueRequired":true,"valueName":"search_term_string"}}],"inLanguage":"es"},{"@type":"Organization","@id":"https:\/\/sare.eus\/#organization","name":"Sare Herritarra","url":"https:\/\/sare.eus\/","logo":{"@type":"ImageObject","inLanguage":"es","@id":"https:\/\/sare.eus\/#\/schema\/logo\/image\/","url":"https:\/\/sare.eus\/wp-content\/uploads\/2021\/08\/sare.png","contentUrl":"https:\/\/sare.eus\/wp-content\/uploads\/2021\/08\/sare.png","width":120,"height":142,"caption":"Sare Herritarra"},"image":{"@id":"https:\/\/sare.eus\/#\/schema\/logo\/image\/"}},{"@type":"Person","@id":"https:\/\/sare.eus\/#\/schema\/person\/2fe6d0df294f56313d3ab236dbe38e17","name":"sare","image":{"@type":"ImageObject","inLanguage":"es","@id":"https:\/\/sare.eus\/#\/schema\/person\/image\/","url":"https:\/\/secure.gravatar.com\/avatar\/77cad838677ceb1977e7b3c878b55eaa7fa4aae2158983063b047c3ad7ef2c25?s=96&d=mm&r=g","contentUrl":"https:\/\/secure.gravatar.com\/avatar\/77cad838677ceb1977e7b3c878b55eaa7fa4aae2158983063b047c3ad7ef2c25?s=96&d=mm&r=g","caption":"sare"},"url":"https:\/\/sare.eus\/es\/author\/sare\/"}]}},"_links":{"self":[{"href":"https:\/\/sare.eus\/es\/wp-json\/wp\/v2\/posts\/8090","targetHints":{"allow":["GET"]}}],"collection":[{"href":"https:\/\/sare.eus\/es\/wp-json\/wp\/v2\/posts"}],"about":[{"href":"https:\/\/sare.eus\/es\/wp-json\/wp\/v2\/types\/post"}],"author":[{"embeddable":true,"href":"https:\/\/sare.eus\/es\/wp-json\/wp\/v2\/users\/2"}],"replies":[{"embeddable":true,"href":"https:\/\/sare.eus\/es\/wp-json\/wp\/v2\/comments?post=8090"}],"version-history":[{"count":4,"href":"https:\/\/sare.eus\/es\/wp-json\/wp\/v2\/posts\/8090\/revisions"}],"predecessor-version":[{"id":8099,"href":"https:\/\/sare.eus\/es\/wp-json\/wp\/v2\/posts\/8090\/revisions\/8099"}],"wp:featuredmedia":[{"embeddable":true,"href":"https:\/\/sare.eus\/es\/wp-json\/wp\/v2\/media\/8095"}],"wp:attachment":[{"href":"https:\/\/sare.eus\/es\/wp-json\/wp\/v2\/media?parent=8090"}],"wp:term":[{"taxonomy":"category","embeddable":true,"href":"https:\/\/sare.eus\/es\/wp-json\/wp\/v2\/categories?post=8090"},{"taxonomy":"post_tag","embeddable":true,"href":"https:\/\/sare.eus\/es\/wp-json\/wp\/v2\/tags?post=8090"}],"curies":[{"name":"wp","href":"https:\/\/api.w.org\/{rel}","templated":true}]}}