{"id":7932,"date":"2025-04-11T10:26:55","date_gmt":"2025-04-11T09:26:55","guid":{"rendered":"https:\/\/sare.eus\/?p=7932"},"modified":"2025-04-11T10:27:28","modified_gmt":"2025-04-11T09:27:28","slug":"el-preso-de-irunea-y-durango-josu-narvqaez-ha-sufrido-una-regresion-de-grado","status":"publish","type":"post","link":"https:\/\/sare.eus\/es\/el-preso-de-irunea-y-durango-josu-narvqaez-ha-sufrido-una-regresion-de-grado\/","title":{"rendered":"El preso de Iru\u00f1ea y Durango Josu Narvaez ha sufrido una regresi\u00f3n de grado"},"content":{"rendered":"<p>El 4 de Abril, el Gobierno Vasco concedi\u00f3 la progresi\u00f3n a tercer grado del preso Josu Narvaez, tras, haber sido propuesto para ello por la junta de tratamiento de la prision de Martutene.<br \/>\nAyer, 10 de Abril, la fiscal\u00eda de la Audiencia Nacional, presento un recurso a dicha progresi\u00f3n. A continuaci\u00f3n, ayer mismo el preso de Iru\u00f1ea-Durango tuvo que regresar a prisi\u00f3n tras la orden del juez de vigilancia .<br \/>\nEn Marzo conocimos la regresi\u00f3n de grado de Xabi Zabalo, la cual nos recordo una actitud por parte de la fiscalia que no se empleaba desde tiempo atras. En esta ocasi\u00f3n, la victima de esta medida cruel y sin sentido ha sido Josu. Si atendemos a que Josu ya habia salido previamente a la calle a trav\u00e9s de permisos y salidas programadas, el recurso presentado por la fiscal\u00eda nos parece a\u00fan mas absurdo.<br \/>\nJosu Narvaez esta cumpliendo una condena de 30 a\u00f1os y en este momento ya ha completado mas de la mitad. Como se menciona anteriormente, Josu ya ha dado los pasos que la normativa penitenciaria establece, por lo tanto, la progresi\u00f3n a un tercer grado es absolutamente coherente en su camino de vuelta a casa.<br \/>\nQue los y las presas vascas den todos los pasos para recorrer el camino a casa, es aplicar la legislaci\u00f3n ordinaria. Que los y las presas vascas den todos los pasos para recorrer el camino a casa, es avanzar en clave de la resoluci\u00f3n del conflicto. Josu ha mostrado su claro compromiso de avanzar en ese camino y consecuencia del mismo es la propuesta realizada por de la junta de Martutene. El Gobierno Vasco hab\u00eda dado su aprobaci\u00f3n al mismo y ha sido la fiscal\u00eda de la Audiencia Nacional quien lo ha recurrido.<br \/>\nLos y las presas, y en este caso Josu, tienen derecho a diferentes modos de cumplimiento, entre ellos, el tercer grado. La ley no contempla en ning\u00fan caso que el preso deba cumplir toda la pena en r\u00e9gimen cerrado. Y es mas, si es cierto que el sistema penitenciario espa\u00f1ol cree en un modelo resocializador, deberia ofrecer recursos para cumplir los \u00faltimos a\u00f1os en r\u00e9gimen abierto. Y esos recursos son precisamente, los que la fiscal\u00eda le ha negado a Josu.<br \/>\nPor todo ello, Sare llama a la sociedad a participar en las movilizaciones que se plantean para los proximos dias . Las decisiones excepcionales, crean situaciones de excepcion y la Audiencia Nacional ha situado a Josu y a su entorno en un procedimiento que genera mucho dolor.<\/p>\n","protected":false},"excerpt":{"rendered":"<p>El 4 de Abril, el Gobierno Vasco concedi\u00f3 la progresi\u00f3n a tercer grado del preso Josu Narvaez, tras, haber sido propuesto para ello por la junta de tratamiento de la [&hellip;]<\/p>\n","protected":false},"author":2,"featured_media":7928,"comment_status":"closed","ping_status":"closed","sticky":false,"template":"","format":"standard","meta":{"_acf_changed":false,"_et_pb_use_builder":"","_et_pb_old_content":"","_et_gb_content_width":"","footnotes":""},"categories":[60,65],"tags":[],"class_list":["post-7932","post","type-post","status-publish","format-standard","has-post-thumbnail","hentry","category-etxera-es","category-progresion-de-grado","et-has-post-format-content","et_post_format-et-post-format-standard"],"acf":[],"yoast_head":"<!-- This site is optimized with the Yoast SEO plugin v26.4 - https:\/\/yoast.com\/wordpress\/plugins\/seo\/ -->\n<title>El preso de Iru\u00f1ea y Durango Josu Narvaez ha sufrido una regresi\u00f3n de grado - Sare Herritarra<\/title>\n<meta name=\"robots\" content=\"index, follow, max-snippet:-1, max-image-preview:large, max-video-preview:-1\" \/>\n<link rel=\"canonical\" href=\"https:\/\/sare.eus\/es\/el-preso-de-irunea-y-durango-josu-narvqaez-ha-sufrido-una-regresion-de-grado\/\" \/>\n<meta property=\"og:locale\" content=\"es_ES\" \/>\n<meta property=\"og:type\" content=\"article\" \/>\n<meta property=\"og:title\" content=\"El preso de Iru\u00f1ea y Durango Josu Narvaez ha sufrido una regresi\u00f3n de grado - Sare Herritarra\" \/>\n<meta property=\"og:description\" content=\"El 4 de Abril, el Gobierno Vasco concedi\u00f3 la progresi\u00f3n a tercer grado del preso Josu Narvaez, tras, haber sido propuesto para ello por la junta de tratamiento de la [&hellip;]\" \/>\n<meta property=\"og:url\" content=\"https:\/\/sare.eus\/es\/el-preso-de-irunea-y-durango-josu-narvqaez-ha-sufrido-una-regresion-de-grado\/\" \/>\n<meta property=\"og:site_name\" content=\"Sare Herritarra\" \/>\n<meta property=\"article:published_time\" content=\"2025-04-11T09:26:55+00:00\" \/>\n<meta property=\"article:modified_time\" content=\"2025-04-11T09:27:28+00:00\" \/>\n<meta property=\"og:image\" content=\"https:\/\/sare.eus\/wp-content\/uploads\/2025\/04\/Josu-Narvaez.jpg\" \/>\n\t<meta property=\"og:image:width\" content=\"1600\" \/>\n\t<meta property=\"og:image:height\" content=\"900\" \/>\n\t<meta property=\"og:image:type\" content=\"image\/jpeg\" \/>\n<meta name=\"author\" content=\"sare\" \/>\n<meta name=\"twitter:card\" content=\"summary_large_image\" \/>\n<meta name=\"twitter:label1\" content=\"Escrito por\" \/>\n\t<meta name=\"twitter:data1\" content=\"sare\" \/>\n\t<meta name=\"twitter:label2\" content=\"Tiempo de lectura\" \/>\n\t<meta name=\"twitter:data2\" content=\"3 minutos\" \/>\n<script type=\"application\/ld+json\" class=\"yoast-schema-graph\">{\"@context\":\"https:\/\/schema.org\",\"@graph\":[{\"@type\":\"Article\",\"@id\":\"https:\/\/sare.eus\/es\/el-preso-de-irunea-y-durango-josu-narvqaez-ha-sufrido-una-regresion-de-grado\/#article\",\"isPartOf\":{\"@id\":\"https:\/\/sare.eus\/es\/el-preso-de-irunea-y-durango-josu-narvqaez-ha-sufrido-una-regresion-de-grado\/\"},\"author\":{\"name\":\"sare\",\"@id\":\"https:\/\/sare.eus\/#\/schema\/person\/2fe6d0df294f56313d3ab236dbe38e17\"},\"headline\":\"El preso de Iru\u00f1ea y Durango Josu Narvaez ha sufrido una regresi\u00f3n de grado\",\"datePublished\":\"2025-04-11T09:26:55+00:00\",\"dateModified\":\"2025-04-11T09:27:28+00:00\",\"mainEntityOfPage\":{\"@id\":\"https:\/\/sare.eus\/es\/el-preso-de-irunea-y-durango-josu-narvqaez-ha-sufrido-una-regresion-de-grado\/\"},\"wordCount\":452,\"publisher\":{\"@id\":\"https:\/\/sare.eus\/#organization\"},\"image\":{\"@id\":\"https:\/\/sare.eus\/es\/el-preso-de-irunea-y-durango-josu-narvqaez-ha-sufrido-una-regresion-de-grado\/#primaryimage\"},\"thumbnailUrl\":\"https:\/\/sare.eus\/wp-content\/uploads\/2025\/04\/Josu-Narvaez.jpg\",\"articleSection\":[\"Etxera\",\"Progresi\u00f3n de Grado\"],\"inLanguage\":\"es\"},{\"@type\":\"WebPage\",\"@id\":\"https:\/\/sare.eus\/es\/el-preso-de-irunea-y-durango-josu-narvqaez-ha-sufrido-una-regresion-de-grado\/\",\"url\":\"https:\/\/sare.eus\/es\/el-preso-de-irunea-y-durango-josu-narvqaez-ha-sufrido-una-regresion-de-grado\/\",\"name\":\"El preso de Iru\u00f1ea y Durango Josu Narvaez ha sufrido una regresi\u00f3n de grado - Sare Herritarra\",\"isPartOf\":{\"@id\":\"https:\/\/sare.eus\/#website\"},\"primaryImageOfPage\":{\"@id\":\"https:\/\/sare.eus\/es\/el-preso-de-irunea-y-durango-josu-narvqaez-ha-sufrido-una-regresion-de-grado\/#primaryimage\"},\"image\":{\"@id\":\"https:\/\/sare.eus\/es\/el-preso-de-irunea-y-durango-josu-narvqaez-ha-sufrido-una-regresion-de-grado\/#primaryimage\"},\"thumbnailUrl\":\"https:\/\/sare.eus\/wp-content\/uploads\/2025\/04\/Josu-Narvaez.jpg\",\"datePublished\":\"2025-04-11T09:26:55+00:00\",\"dateModified\":\"2025-04-11T09:27:28+00:00\",\"breadcrumb\":{\"@id\":\"https:\/\/sare.eus\/es\/el-preso-de-irunea-y-durango-josu-narvqaez-ha-sufrido-una-regresion-de-grado\/#breadcrumb\"},\"inLanguage\":\"es\",\"potentialAction\":[{\"@type\":\"ReadAction\",\"target\":[\"https:\/\/sare.eus\/es\/el-preso-de-irunea-y-durango-josu-narvqaez-ha-sufrido-una-regresion-de-grado\/\"]}]},{\"@type\":\"ImageObject\",\"inLanguage\":\"es\",\"@id\":\"https:\/\/sare.eus\/es\/el-preso-de-irunea-y-durango-josu-narvqaez-ha-sufrido-una-regresion-de-grado\/#primaryimage\",\"url\":\"https:\/\/sare.eus\/wp-content\/uploads\/2025\/04\/Josu-Narvaez.jpg\",\"contentUrl\":\"https:\/\/sare.eus\/wp-content\/uploads\/2025\/04\/Josu-Narvaez.jpg\",\"width\":1600,\"height\":900},{\"@type\":\"BreadcrumbList\",\"@id\":\"https:\/\/sare.eus\/es\/el-preso-de-irunea-y-durango-josu-narvqaez-ha-sufrido-una-regresion-de-grado\/#breadcrumb\",\"itemListElement\":[{\"@type\":\"ListItem\",\"position\":1,\"name\":\"Home\",\"item\":\"https:\/\/sare.eus\/\"},{\"@type\":\"ListItem\",\"position\":2,\"name\":\"El preso de Iru\u00f1ea y Durango Josu Narvaez ha sufrido una regresi\u00f3n de grado\"}]},{\"@type\":\"WebSite\",\"@id\":\"https:\/\/sare.eus\/#website\",\"url\":\"https:\/\/sare.eus\/\",\"name\":\"Sare Herritarra\",\"description\":\"KONPONBIDEAREN ETA GIZA ESKUBIDEEN ALDEKO SARE HERRITARRA\",\"publisher\":{\"@id\":\"https:\/\/sare.eus\/#organization\"},\"potentialAction\":[{\"@type\":\"SearchAction\",\"target\":{\"@type\":\"EntryPoint\",\"urlTemplate\":\"https:\/\/sare.eus\/?s={search_term_string}\"},\"query-input\":{\"@type\":\"PropertyValueSpecification\",\"valueRequired\":true,\"valueName\":\"search_term_string\"}}],\"inLanguage\":\"es\"},{\"@type\":\"Organization\",\"@id\":\"https:\/\/sare.eus\/#organization\",\"name\":\"Sare Herritarra\",\"url\":\"https:\/\/sare.eus\/\",\"logo\":{\"@type\":\"ImageObject\",\"inLanguage\":\"es\",\"@id\":\"https:\/\/sare.eus\/#\/schema\/logo\/image\/\",\"url\":\"https:\/\/sare.eus\/wp-content\/uploads\/2021\/08\/sare.png\",\"contentUrl\":\"https:\/\/sare.eus\/wp-content\/uploads\/2021\/08\/sare.png\",\"width\":120,\"height\":142,\"caption\":\"Sare Herritarra\"},\"image\":{\"@id\":\"https:\/\/sare.eus\/#\/schema\/logo\/image\/\"}},{\"@type\":\"Person\",\"@id\":\"https:\/\/sare.eus\/#\/schema\/person\/2fe6d0df294f56313d3ab236dbe38e17\",\"name\":\"sare\",\"image\":{\"@type\":\"ImageObject\",\"inLanguage\":\"es\",\"@id\":\"https:\/\/sare.eus\/#\/schema\/person\/image\/\",\"url\":\"https:\/\/secure.gravatar.com\/avatar\/77cad838677ceb1977e7b3c878b55eaa7fa4aae2158983063b047c3ad7ef2c25?s=96&d=mm&r=g\",\"contentUrl\":\"https:\/\/secure.gravatar.com\/avatar\/77cad838677ceb1977e7b3c878b55eaa7fa4aae2158983063b047c3ad7ef2c25?s=96&d=mm&r=g\",\"caption\":\"sare\"},\"url\":\"https:\/\/sare.eus\/es\/author\/sare\/\"}]}<\/script>\n<!-- \/ Yoast SEO plugin. -->","yoast_head_json":{"title":"El preso de Iru\u00f1ea y Durango Josu Narvaez ha sufrido una regresi\u00f3n de grado - Sare Herritarra","robots":{"index":"index","follow":"follow","max-snippet":"max-snippet:-1","max-image-preview":"max-image-preview:large","max-video-preview":"max-video-preview:-1"},"canonical":"https:\/\/sare.eus\/es\/el-preso-de-irunea-y-durango-josu-narvqaez-ha-sufrido-una-regresion-de-grado\/","og_locale":"es_ES","og_type":"article","og_title":"El preso de Iru\u00f1ea y Durango Josu Narvaez ha sufrido una regresi\u00f3n de grado - Sare Herritarra","og_description":"El 4 de Abril, el Gobierno Vasco concedi\u00f3 la progresi\u00f3n a tercer grado del preso Josu Narvaez, tras, haber sido propuesto para ello por la junta de tratamiento de la [&hellip;]","og_url":"https:\/\/sare.eus\/es\/el-preso-de-irunea-y-durango-josu-narvqaez-ha-sufrido-una-regresion-de-grado\/","og_site_name":"Sare Herritarra","article_published_time":"2025-04-11T09:26:55+00:00","article_modified_time":"2025-04-11T09:27:28+00:00","og_image":[{"width":1600,"height":900,"url":"https:\/\/sare.eus\/wp-content\/uploads\/2025\/04\/Josu-Narvaez.jpg","type":"image\/jpeg"}],"author":"sare","twitter_card":"summary_large_image","twitter_misc":{"Escrito por":"sare","Tiempo de lectura":"3 minutos"},"schema":{"@context":"https:\/\/schema.org","@graph":[{"@type":"Article","@id":"https:\/\/sare.eus\/es\/el-preso-de-irunea-y-durango-josu-narvqaez-ha-sufrido-una-regresion-de-grado\/#article","isPartOf":{"@id":"https:\/\/sare.eus\/es\/el-preso-de-irunea-y-durango-josu-narvqaez-ha-sufrido-una-regresion-de-grado\/"},"author":{"name":"sare","@id":"https:\/\/sare.eus\/#\/schema\/person\/2fe6d0df294f56313d3ab236dbe38e17"},"headline":"El preso de Iru\u00f1ea y Durango Josu Narvaez ha sufrido una regresi\u00f3n de grado","datePublished":"2025-04-11T09:26:55+00:00","dateModified":"2025-04-11T09:27:28+00:00","mainEntityOfPage":{"@id":"https:\/\/sare.eus\/es\/el-preso-de-irunea-y-durango-josu-narvqaez-ha-sufrido-una-regresion-de-grado\/"},"wordCount":452,"publisher":{"@id":"https:\/\/sare.eus\/#organization"},"image":{"@id":"https:\/\/sare.eus\/es\/el-preso-de-irunea-y-durango-josu-narvqaez-ha-sufrido-una-regresion-de-grado\/#primaryimage"},"thumbnailUrl":"https:\/\/sare.eus\/wp-content\/uploads\/2025\/04\/Josu-Narvaez.jpg","articleSection":["Etxera","Progresi\u00f3n de Grado"],"inLanguage":"es"},{"@type":"WebPage","@id":"https:\/\/sare.eus\/es\/el-preso-de-irunea-y-durango-josu-narvqaez-ha-sufrido-una-regresion-de-grado\/","url":"https:\/\/sare.eus\/es\/el-preso-de-irunea-y-durango-josu-narvqaez-ha-sufrido-una-regresion-de-grado\/","name":"El preso de Iru\u00f1ea y Durango Josu Narvaez ha sufrido una regresi\u00f3n de grado - Sare Herritarra","isPartOf":{"@id":"https:\/\/sare.eus\/#website"},"primaryImageOfPage":{"@id":"https:\/\/sare.eus\/es\/el-preso-de-irunea-y-durango-josu-narvqaez-ha-sufrido-una-regresion-de-grado\/#primaryimage"},"image":{"@id":"https:\/\/sare.eus\/es\/el-preso-de-irunea-y-durango-josu-narvqaez-ha-sufrido-una-regresion-de-grado\/#primaryimage"},"thumbnailUrl":"https:\/\/sare.eus\/wp-content\/uploads\/2025\/04\/Josu-Narvaez.jpg","datePublished":"2025-04-11T09:26:55+00:00","dateModified":"2025-04-11T09:27:28+00:00","breadcrumb":{"@id":"https:\/\/sare.eus\/es\/el-preso-de-irunea-y-durango-josu-narvqaez-ha-sufrido-una-regresion-de-grado\/#breadcrumb"},"inLanguage":"es","potentialAction":[{"@type":"ReadAction","target":["https:\/\/sare.eus\/es\/el-preso-de-irunea-y-durango-josu-narvqaez-ha-sufrido-una-regresion-de-grado\/"]}]},{"@type":"ImageObject","inLanguage":"es","@id":"https:\/\/sare.eus\/es\/el-preso-de-irunea-y-durango-josu-narvqaez-ha-sufrido-una-regresion-de-grado\/#primaryimage","url":"https:\/\/sare.eus\/wp-content\/uploads\/2025\/04\/Josu-Narvaez.jpg","contentUrl":"https:\/\/sare.eus\/wp-content\/uploads\/2025\/04\/Josu-Narvaez.jpg","width":1600,"height":900},{"@type":"BreadcrumbList","@id":"https:\/\/sare.eus\/es\/el-preso-de-irunea-y-durango-josu-narvqaez-ha-sufrido-una-regresion-de-grado\/#breadcrumb","itemListElement":[{"@type":"ListItem","position":1,"name":"Home","item":"https:\/\/sare.eus\/"},{"@type":"ListItem","position":2,"name":"El preso de Iru\u00f1ea y Durango Josu Narvaez ha sufrido una regresi\u00f3n de grado"}]},{"@type":"WebSite","@id":"https:\/\/sare.eus\/#website","url":"https:\/\/sare.eus\/","name":"Sare Herritarra","description":"KONPONBIDEAREN ETA GIZA ESKUBIDEEN ALDEKO SARE HERRITARRA","publisher":{"@id":"https:\/\/sare.eus\/#organization"},"potentialAction":[{"@type":"SearchAction","target":{"@type":"EntryPoint","urlTemplate":"https:\/\/sare.eus\/?s={search_term_string}"},"query-input":{"@type":"PropertyValueSpecification","valueRequired":true,"valueName":"search_term_string"}}],"inLanguage":"es"},{"@type":"Organization","@id":"https:\/\/sare.eus\/#organization","name":"Sare Herritarra","url":"https:\/\/sare.eus\/","logo":{"@type":"ImageObject","inLanguage":"es","@id":"https:\/\/sare.eus\/#\/schema\/logo\/image\/","url":"https:\/\/sare.eus\/wp-content\/uploads\/2021\/08\/sare.png","contentUrl":"https:\/\/sare.eus\/wp-content\/uploads\/2021\/08\/sare.png","width":120,"height":142,"caption":"Sare Herritarra"},"image":{"@id":"https:\/\/sare.eus\/#\/schema\/logo\/image\/"}},{"@type":"Person","@id":"https:\/\/sare.eus\/#\/schema\/person\/2fe6d0df294f56313d3ab236dbe38e17","name":"sare","image":{"@type":"ImageObject","inLanguage":"es","@id":"https:\/\/sare.eus\/#\/schema\/person\/image\/","url":"https:\/\/secure.gravatar.com\/avatar\/77cad838677ceb1977e7b3c878b55eaa7fa4aae2158983063b047c3ad7ef2c25?s=96&d=mm&r=g","contentUrl":"https:\/\/secure.gravatar.com\/avatar\/77cad838677ceb1977e7b3c878b55eaa7fa4aae2158983063b047c3ad7ef2c25?s=96&d=mm&r=g","caption":"sare"},"url":"https:\/\/sare.eus\/es\/author\/sare\/"}]}},"_links":{"self":[{"href":"https:\/\/sare.eus\/es\/wp-json\/wp\/v2\/posts\/7932","targetHints":{"allow":["GET"]}}],"collection":[{"href":"https:\/\/sare.eus\/es\/wp-json\/wp\/v2\/posts"}],"about":[{"href":"https:\/\/sare.eus\/es\/wp-json\/wp\/v2\/types\/post"}],"author":[{"embeddable":true,"href":"https:\/\/sare.eus\/es\/wp-json\/wp\/v2\/users\/2"}],"replies":[{"embeddable":true,"href":"https:\/\/sare.eus\/es\/wp-json\/wp\/v2\/comments?post=7932"}],"version-history":[{"count":2,"href":"https:\/\/sare.eus\/es\/wp-json\/wp\/v2\/posts\/7932\/revisions"}],"predecessor-version":[{"id":7934,"href":"https:\/\/sare.eus\/es\/wp-json\/wp\/v2\/posts\/7932\/revisions\/7934"}],"wp:featuredmedia":[{"embeddable":true,"href":"https:\/\/sare.eus\/es\/wp-json\/wp\/v2\/media\/7928"}],"wp:attachment":[{"href":"https:\/\/sare.eus\/es\/wp-json\/wp\/v2\/media?parent=7932"}],"wp:term":[{"taxonomy":"category","embeddable":true,"href":"https:\/\/sare.eus\/es\/wp-json\/wp\/v2\/categories?post=7932"},{"taxonomy":"post_tag","embeddable":true,"href":"https:\/\/sare.eus\/es\/wp-json\/wp\/v2\/tags?post=7932"}],"curies":[{"name":"wp","href":"https:\/\/api.w.org\/{rel}","templated":true}]}}