{"id":7884,"date":"2025-04-14T10:20:49","date_gmt":"2025-04-14T09:20:49","guid":{"rendered":"https:\/\/sare.eus\/?p=7884"},"modified":"2025-05-09T09:00:42","modified_gmt":"2025-05-09T08:00:42","slug":"puzzlea-osatu-arte","status":"publish","type":"post","link":"https:\/\/sare.eus\/es\/puzzlea-osatu-arte\/","title":{"rendered":"Durante dos d\u00edas hemos organizado la iniciativa \u00abPUZZLEA OSATU ARTE!\u00bb que comenzar\u00e1 en Lesaka y finalizar\u00e1 en Iru\u00f1ea"},"content":{"rendered":"<p>En la asamblea general que celebramos el 22 de marzo adelantamos nuestra intenci\u00f3n de llevar a cabo una iniciativa nacional los d\u00edas 17 y 18 de Mayo. Esta iniciativa nacional que dar\u00e1 comienzo en Lesaka y finalizar\u00e1 en Iru\u00f1ea, ser\u00e1 el eje de la din\u00e1mica de la Red Ciudadana Sare a lo largo de la primavera.<\/p>\n<p><img loading=\"lazy\" decoding=\"async\" class=\"alignleft wp-image-7880\" src=\"https:\/\/sare.eus\/wp-content\/uploads\/2025\/04\/Sare-PUZZLEA-web-212x300.jpg\" alt=\"\" width=\"500\" height=\"707\" srcset=\"https:\/\/sare.eus\/wp-content\/uploads\/2025\/04\/Sare-PUZZLEA-web-212x300.jpg 212w, https:\/\/sare.eus\/wp-content\/uploads\/2025\/04\/Sare-PUZZLEA-web-724x1024.jpg 724w, https:\/\/sare.eus\/wp-content\/uploads\/2025\/04\/Sare-PUZZLEA-web-768x1086.jpg 768w, https:\/\/sare.eus\/wp-content\/uploads\/2025\/04\/Sare-PUZZLEA-web-1086x1536.jpg 1086w, https:\/\/sare.eus\/wp-content\/uploads\/2025\/04\/Sare-PUZZLEA-web-1448x2048.jpg 1448w, https:\/\/sare.eus\/wp-content\/uploads\/2025\/04\/Sare-PUZZLEA-web-1080x1527.jpg 1080w, https:\/\/sare.eus\/wp-content\/uploads\/2025\/04\/Sare-PUZZLEA-web-scaled.jpg 1810w\" sizes=\"(max-width: 500px) 100vw, 500px\" \/>El pr\u00f3ximo a\u00f1o se cumplir\u00e1n 15 a\u00f1os del cese de la actividad de ETA, y a\u00fan son muchos y muchas las presas vascas que ven obstaculizado el camino de vuelta a casa a causa de las leyes de excepci\u00f3n. En la iniciativa que hemos denominado Puzzlea osatu arte (hasta completar el puzzle), tenemos como objetivo llevar a cabo una iniciativa centrada en los presos y presas que cumplen su condena en r\u00e9gimen cerrado.<\/p>\n<p>La pol\u00edtica penitenciaria y de reinserci\u00f3n, en el caso de quienes cumplen los requisitos, permite a todos los presos y presas cumplir los \u00faltimos a\u00f1os de condena en r\u00e9gimen abierto. Sin embargo, en el caso de los presos y presas vascas es la pol\u00edtica de excepci\u00f3n la que obstaculiza esta v\u00eda. Si se les aplicara la ley ordinaria, el 100% de los y las presas vascas cumplir\u00eda los requisitos necesarios para cumplir condena en r\u00e9gimen abierto y por tanto, seguir cumpliendo su condena en la calle.<\/p>\n<p>En la l\u00f3gica de la resoluci\u00f3n de las consecuencias del conflicto que hemos vivido en este pa\u00eds, junto con la verdad y el reconocimiento que merecen y necesitan las v\u00edctimas de las diferentes violencias, estamos hablando de la necesidad de que se aplique la ley ordinaria, de la necesidad de que se acabe con la cuesti\u00f3n de los presos y presas vascas, una cuesti\u00f3n que se ha prolongado durante a\u00f1os y que todav\u00eda hoy genera sufrimiento. Estamos hablando de la necesidad que tiene el pueblo vasco de ponerse con miras al futuro y hacer aportaciones a la convivencia.<\/p>\n<p>De los m\u00e1s de 120 presos\/as que cumplen condena en los diferentes centros penitenciarios ubicados en Euskal Herria, varios los hacen en regimen abierto, con la aplicaci\u00f3n del art. 100.2 o el tercer grado penitenciario, pero son 58 los y las presas vascas que cumplen su condena en r\u00e9gimen cerrado. Es por ello la iniciativa PUZZLEA OSATU ARTE que unir\u00e1 a las 29 las localidades de las que son vecinos estos presos y presas. Puzzlea osatu arte es una iniciativa y a lo largo de los d\u00edas 17 y 18 de Mayo, destacaremos la importancia de que dichos presos y presas comiencen el camino de vuelta a casa cumpliendo sus penas en r\u00e9gimen abierto. Destacaremos la necesidad de que cumplan los \u00faltimos a\u00f1os de condena en casa.<\/p>\n<p><iframe loading=\"lazy\" title=\"YouTube video player\" src=\"https:\/\/www.youtube.com\/embed\/eHcRgc3xwPU?si=78WPfWEQfCF0tvm7\" width=\"560\" height=\"315\" frameborder=\"0\" allowfullscreen=\"allowfullscreen\"><\/iframe><\/p>\n<p>Durante los d\u00edas 17 y 18 de Mayo, desde Lesaka a Iru\u00f1ea, pediremos que se coloquen las piezas que a\u00fan nos faltan para completar el puzzle. Reivindicaremos que a los presos y las presas que faltan por completar el puzzle se les aplique la ley ordinaria y comiencen el camino de vuelta a casa. Porque cumplen los requisitos, porque la ley lo permite.<\/p>\n<p><strong>En l\u00f3gica de la resoluci\u00f3n y la convivencia, los y las presas a casa! Puzzlea osatu arte!<\/strong><\/p>\n<p>&nbsp;<\/p>\n<p>&nbsp;<\/p>\n","protected":false},"excerpt":{"rendered":"<p>En la asamblea general que celebramos el 22 de marzo adelantamos nuestra intenci\u00f3n de llevar a cabo una iniciativa nacional los d\u00edas 17 y 18 de Mayo. Esta iniciativa nacional [&hellip;]<\/p>\n","protected":false},"author":2,"featured_media":7976,"comment_status":"closed","ping_status":"closed","sticky":false,"template":"","format":"standard","meta":{"_acf_changed":false,"_et_pb_use_builder":"","_et_pb_old_content":"","_et_gb_content_width":"","footnotes":""},"categories":[60,69],"tags":[],"class_list":["post-7884","post","type-post","status-publish","format-standard","has-post-thumbnail","hentry","category-etxera-es","category-leyes-de-excepcion","et-has-post-format-content","et_post_format-et-post-format-standard"],"acf":[],"yoast_head":"<!-- This site is optimized with the Yoast SEO plugin v26.4 - https:\/\/yoast.com\/wordpress\/plugins\/seo\/ -->\n<title>Durante dos d\u00edas hemos organizado la iniciativa \u00abPUZZLEA OSATU ARTE!\u00bb que comenzar\u00e1 en Lesaka y finalizar\u00e1 en Iru\u00f1ea - Sare Herritarra<\/title>\n<meta name=\"robots\" content=\"index, follow, max-snippet:-1, max-image-preview:large, max-video-preview:-1\" \/>\n<link rel=\"canonical\" href=\"https:\/\/sare.eus\/es\/puzzlea-osatu-arte\/\" \/>\n<meta property=\"og:locale\" content=\"es_ES\" \/>\n<meta property=\"og:type\" content=\"article\" \/>\n<meta property=\"og:title\" content=\"Durante dos d\u00edas hemos organizado la iniciativa \u00abPUZZLEA OSATU ARTE!\u00bb que comenzar\u00e1 en Lesaka y finalizar\u00e1 en Iru\u00f1ea - Sare Herritarra\" \/>\n<meta property=\"og:description\" content=\"En la asamblea general que celebramos el 22 de marzo adelantamos nuestra intenci\u00f3n de llevar a cabo una iniciativa nacional los d\u00edas 17 y 18 de Mayo. Esta iniciativa nacional [&hellip;]\" \/>\n<meta property=\"og:url\" content=\"https:\/\/sare.eus\/es\/puzzlea-osatu-arte\/\" \/>\n<meta property=\"og:site_name\" content=\"Sare Herritarra\" \/>\n<meta property=\"article:published_time\" content=\"2025-04-14T09:20:49+00:00\" \/>\n<meta property=\"article:modified_time\" content=\"2025-05-09T08:00:42+00:00\" \/>\n<meta property=\"og:image\" content=\"https:\/\/sare.eus\/wp-content\/uploads\/2025\/04\/20250408_AGERRALDIA-GASTEIZ-scaled.jpg\" \/>\n\t<meta property=\"og:image:width\" content=\"2560\" \/>\n\t<meta property=\"og:image:height\" content=\"1437\" \/>\n\t<meta property=\"og:image:type\" content=\"image\/jpeg\" \/>\n<meta name=\"author\" content=\"sare\" \/>\n<meta name=\"twitter:card\" content=\"summary_large_image\" \/>\n<meta name=\"twitter:label1\" content=\"Escrito por\" \/>\n\t<meta name=\"twitter:data1\" content=\"sare\" \/>\n\t<meta name=\"twitter:label2\" content=\"Tiempo de lectura\" \/>\n\t<meta name=\"twitter:data2\" content=\"4 minutos\" \/>\n<script type=\"application\/ld+json\" class=\"yoast-schema-graph\">{\"@context\":\"https:\/\/schema.org\",\"@graph\":[{\"@type\":\"Article\",\"@id\":\"https:\/\/sare.eus\/es\/puzzlea-osatu-arte\/#article\",\"isPartOf\":{\"@id\":\"https:\/\/sare.eus\/es\/puzzlea-osatu-arte\/\"},\"author\":{\"name\":\"sare\",\"@id\":\"https:\/\/sare.eus\/#\/schema\/person\/2fe6d0df294f56313d3ab236dbe38e17\"},\"headline\":\"Durante dos d\u00edas hemos organizado la iniciativa \u00abPUZZLEA OSATU ARTE!\u00bb que comenzar\u00e1 en Lesaka y finalizar\u00e1 en Iru\u00f1ea\",\"datePublished\":\"2025-04-14T09:20:49+00:00\",\"dateModified\":\"2025-05-09T08:00:42+00:00\",\"mainEntityOfPage\":{\"@id\":\"https:\/\/sare.eus\/es\/puzzlea-osatu-arte\/\"},\"wordCount\":569,\"publisher\":{\"@id\":\"https:\/\/sare.eus\/#organization\"},\"image\":{\"@id\":\"https:\/\/sare.eus\/es\/puzzlea-osatu-arte\/#primaryimage\"},\"thumbnailUrl\":\"https:\/\/sare.eus\/wp-content\/uploads\/2025\/04\/20250408_AGERRALDIA-GASTEIZ-scaled.jpg\",\"articleSection\":[\"Etxera\",\"Leyes de Excepci\u00f3n\"],\"inLanguage\":\"es\"},{\"@type\":\"WebPage\",\"@id\":\"https:\/\/sare.eus\/es\/puzzlea-osatu-arte\/\",\"url\":\"https:\/\/sare.eus\/es\/puzzlea-osatu-arte\/\",\"name\":\"Durante dos d\u00edas hemos organizado la iniciativa \u00abPUZZLEA OSATU ARTE!\u00bb que comenzar\u00e1 en Lesaka y finalizar\u00e1 en Iru\u00f1ea - Sare Herritarra\",\"isPartOf\":{\"@id\":\"https:\/\/sare.eus\/#website\"},\"primaryImageOfPage\":{\"@id\":\"https:\/\/sare.eus\/es\/puzzlea-osatu-arte\/#primaryimage\"},\"image\":{\"@id\":\"https:\/\/sare.eus\/es\/puzzlea-osatu-arte\/#primaryimage\"},\"thumbnailUrl\":\"https:\/\/sare.eus\/wp-content\/uploads\/2025\/04\/20250408_AGERRALDIA-GASTEIZ-scaled.jpg\",\"datePublished\":\"2025-04-14T09:20:49+00:00\",\"dateModified\":\"2025-05-09T08:00:42+00:00\",\"breadcrumb\":{\"@id\":\"https:\/\/sare.eus\/es\/puzzlea-osatu-arte\/#breadcrumb\"},\"inLanguage\":\"es\",\"potentialAction\":[{\"@type\":\"ReadAction\",\"target\":[\"https:\/\/sare.eus\/es\/puzzlea-osatu-arte\/\"]}]},{\"@type\":\"ImageObject\",\"inLanguage\":\"es\",\"@id\":\"https:\/\/sare.eus\/es\/puzzlea-osatu-arte\/#primaryimage\",\"url\":\"https:\/\/sare.eus\/wp-content\/uploads\/2025\/04\/20250408_AGERRALDIA-GASTEIZ-scaled.jpg\",\"contentUrl\":\"https:\/\/sare.eus\/wp-content\/uploads\/2025\/04\/20250408_AGERRALDIA-GASTEIZ-scaled.jpg\",\"width\":2560,\"height\":1437},{\"@type\":\"BreadcrumbList\",\"@id\":\"https:\/\/sare.eus\/es\/puzzlea-osatu-arte\/#breadcrumb\",\"itemListElement\":[{\"@type\":\"ListItem\",\"position\":1,\"name\":\"Home\",\"item\":\"https:\/\/sare.eus\/\"},{\"@type\":\"ListItem\",\"position\":2,\"name\":\"Durante dos d\u00edas hemos organizado la iniciativa \u00abPUZZLEA OSATU ARTE!\u00bb que comenzar\u00e1 en Lesaka y finalizar\u00e1 en Iru\u00f1ea\"}]},{\"@type\":\"WebSite\",\"@id\":\"https:\/\/sare.eus\/#website\",\"url\":\"https:\/\/sare.eus\/\",\"name\":\"Sare Herritarra\",\"description\":\"KONPONBIDEAREN ETA GIZA ESKUBIDEEN ALDEKO SARE HERRITARRA\",\"publisher\":{\"@id\":\"https:\/\/sare.eus\/#organization\"},\"potentialAction\":[{\"@type\":\"SearchAction\",\"target\":{\"@type\":\"EntryPoint\",\"urlTemplate\":\"https:\/\/sare.eus\/?s={search_term_string}\"},\"query-input\":{\"@type\":\"PropertyValueSpecification\",\"valueRequired\":true,\"valueName\":\"search_term_string\"}}],\"inLanguage\":\"es\"},{\"@type\":\"Organization\",\"@id\":\"https:\/\/sare.eus\/#organization\",\"name\":\"Sare Herritarra\",\"url\":\"https:\/\/sare.eus\/\",\"logo\":{\"@type\":\"ImageObject\",\"inLanguage\":\"es\",\"@id\":\"https:\/\/sare.eus\/#\/schema\/logo\/image\/\",\"url\":\"https:\/\/sare.eus\/wp-content\/uploads\/2021\/08\/sare.png\",\"contentUrl\":\"https:\/\/sare.eus\/wp-content\/uploads\/2021\/08\/sare.png\",\"width\":120,\"height\":142,\"caption\":\"Sare Herritarra\"},\"image\":{\"@id\":\"https:\/\/sare.eus\/#\/schema\/logo\/image\/\"}},{\"@type\":\"Person\",\"@id\":\"https:\/\/sare.eus\/#\/schema\/person\/2fe6d0df294f56313d3ab236dbe38e17\",\"name\":\"sare\",\"image\":{\"@type\":\"ImageObject\",\"inLanguage\":\"es\",\"@id\":\"https:\/\/sare.eus\/#\/schema\/person\/image\/\",\"url\":\"https:\/\/secure.gravatar.com\/avatar\/77cad838677ceb1977e7b3c878b55eaa7fa4aae2158983063b047c3ad7ef2c25?s=96&d=mm&r=g\",\"contentUrl\":\"https:\/\/secure.gravatar.com\/avatar\/77cad838677ceb1977e7b3c878b55eaa7fa4aae2158983063b047c3ad7ef2c25?s=96&d=mm&r=g\",\"caption\":\"sare\"},\"url\":\"https:\/\/sare.eus\/es\/author\/sare\/\"}]}<\/script>\n<!-- \/ Yoast SEO plugin. -->","yoast_head_json":{"title":"Durante dos d\u00edas hemos organizado la iniciativa \u00abPUZZLEA OSATU ARTE!\u00bb que comenzar\u00e1 en Lesaka y finalizar\u00e1 en Iru\u00f1ea - Sare Herritarra","robots":{"index":"index","follow":"follow","max-snippet":"max-snippet:-1","max-image-preview":"max-image-preview:large","max-video-preview":"max-video-preview:-1"},"canonical":"https:\/\/sare.eus\/es\/puzzlea-osatu-arte\/","og_locale":"es_ES","og_type":"article","og_title":"Durante dos d\u00edas hemos organizado la iniciativa \u00abPUZZLEA OSATU ARTE!\u00bb que comenzar\u00e1 en Lesaka y finalizar\u00e1 en Iru\u00f1ea - Sare Herritarra","og_description":"En la asamblea general que celebramos el 22 de marzo adelantamos nuestra intenci\u00f3n de llevar a cabo una iniciativa nacional los d\u00edas 17 y 18 de Mayo. Esta iniciativa nacional [&hellip;]","og_url":"https:\/\/sare.eus\/es\/puzzlea-osatu-arte\/","og_site_name":"Sare Herritarra","article_published_time":"2025-04-14T09:20:49+00:00","article_modified_time":"2025-05-09T08:00:42+00:00","og_image":[{"width":2560,"height":1437,"url":"https:\/\/sare.eus\/wp-content\/uploads\/2025\/04\/20250408_AGERRALDIA-GASTEIZ-scaled.jpg","type":"image\/jpeg"}],"author":"sare","twitter_card":"summary_large_image","twitter_misc":{"Escrito por":"sare","Tiempo de lectura":"4 minutos"},"schema":{"@context":"https:\/\/schema.org","@graph":[{"@type":"Article","@id":"https:\/\/sare.eus\/es\/puzzlea-osatu-arte\/#article","isPartOf":{"@id":"https:\/\/sare.eus\/es\/puzzlea-osatu-arte\/"},"author":{"name":"sare","@id":"https:\/\/sare.eus\/#\/schema\/person\/2fe6d0df294f56313d3ab236dbe38e17"},"headline":"Durante dos d\u00edas hemos organizado la iniciativa \u00abPUZZLEA OSATU ARTE!\u00bb que comenzar\u00e1 en Lesaka y finalizar\u00e1 en Iru\u00f1ea","datePublished":"2025-04-14T09:20:49+00:00","dateModified":"2025-05-09T08:00:42+00:00","mainEntityOfPage":{"@id":"https:\/\/sare.eus\/es\/puzzlea-osatu-arte\/"},"wordCount":569,"publisher":{"@id":"https:\/\/sare.eus\/#organization"},"image":{"@id":"https:\/\/sare.eus\/es\/puzzlea-osatu-arte\/#primaryimage"},"thumbnailUrl":"https:\/\/sare.eus\/wp-content\/uploads\/2025\/04\/20250408_AGERRALDIA-GASTEIZ-scaled.jpg","articleSection":["Etxera","Leyes de Excepci\u00f3n"],"inLanguage":"es"},{"@type":"WebPage","@id":"https:\/\/sare.eus\/es\/puzzlea-osatu-arte\/","url":"https:\/\/sare.eus\/es\/puzzlea-osatu-arte\/","name":"Durante dos d\u00edas hemos organizado la iniciativa \u00abPUZZLEA OSATU ARTE!\u00bb que comenzar\u00e1 en Lesaka y finalizar\u00e1 en Iru\u00f1ea - Sare Herritarra","isPartOf":{"@id":"https:\/\/sare.eus\/#website"},"primaryImageOfPage":{"@id":"https:\/\/sare.eus\/es\/puzzlea-osatu-arte\/#primaryimage"},"image":{"@id":"https:\/\/sare.eus\/es\/puzzlea-osatu-arte\/#primaryimage"},"thumbnailUrl":"https:\/\/sare.eus\/wp-content\/uploads\/2025\/04\/20250408_AGERRALDIA-GASTEIZ-scaled.jpg","datePublished":"2025-04-14T09:20:49+00:00","dateModified":"2025-05-09T08:00:42+00:00","breadcrumb":{"@id":"https:\/\/sare.eus\/es\/puzzlea-osatu-arte\/#breadcrumb"},"inLanguage":"es","potentialAction":[{"@type":"ReadAction","target":["https:\/\/sare.eus\/es\/puzzlea-osatu-arte\/"]}]},{"@type":"ImageObject","inLanguage":"es","@id":"https:\/\/sare.eus\/es\/puzzlea-osatu-arte\/#primaryimage","url":"https:\/\/sare.eus\/wp-content\/uploads\/2025\/04\/20250408_AGERRALDIA-GASTEIZ-scaled.jpg","contentUrl":"https:\/\/sare.eus\/wp-content\/uploads\/2025\/04\/20250408_AGERRALDIA-GASTEIZ-scaled.jpg","width":2560,"height":1437},{"@type":"BreadcrumbList","@id":"https:\/\/sare.eus\/es\/puzzlea-osatu-arte\/#breadcrumb","itemListElement":[{"@type":"ListItem","position":1,"name":"Home","item":"https:\/\/sare.eus\/"},{"@type":"ListItem","position":2,"name":"Durante dos d\u00edas hemos organizado la iniciativa \u00abPUZZLEA OSATU ARTE!\u00bb que comenzar\u00e1 en Lesaka y finalizar\u00e1 en Iru\u00f1ea"}]},{"@type":"WebSite","@id":"https:\/\/sare.eus\/#website","url":"https:\/\/sare.eus\/","name":"Sare Herritarra","description":"KONPONBIDEAREN ETA GIZA ESKUBIDEEN ALDEKO SARE HERRITARRA","publisher":{"@id":"https:\/\/sare.eus\/#organization"},"potentialAction":[{"@type":"SearchAction","target":{"@type":"EntryPoint","urlTemplate":"https:\/\/sare.eus\/?s={search_term_string}"},"query-input":{"@type":"PropertyValueSpecification","valueRequired":true,"valueName":"search_term_string"}}],"inLanguage":"es"},{"@type":"Organization","@id":"https:\/\/sare.eus\/#organization","name":"Sare Herritarra","url":"https:\/\/sare.eus\/","logo":{"@type":"ImageObject","inLanguage":"es","@id":"https:\/\/sare.eus\/#\/schema\/logo\/image\/","url":"https:\/\/sare.eus\/wp-content\/uploads\/2021\/08\/sare.png","contentUrl":"https:\/\/sare.eus\/wp-content\/uploads\/2021\/08\/sare.png","width":120,"height":142,"caption":"Sare Herritarra"},"image":{"@id":"https:\/\/sare.eus\/#\/schema\/logo\/image\/"}},{"@type":"Person","@id":"https:\/\/sare.eus\/#\/schema\/person\/2fe6d0df294f56313d3ab236dbe38e17","name":"sare","image":{"@type":"ImageObject","inLanguage":"es","@id":"https:\/\/sare.eus\/#\/schema\/person\/image\/","url":"https:\/\/secure.gravatar.com\/avatar\/77cad838677ceb1977e7b3c878b55eaa7fa4aae2158983063b047c3ad7ef2c25?s=96&d=mm&r=g","contentUrl":"https:\/\/secure.gravatar.com\/avatar\/77cad838677ceb1977e7b3c878b55eaa7fa4aae2158983063b047c3ad7ef2c25?s=96&d=mm&r=g","caption":"sare"},"url":"https:\/\/sare.eus\/es\/author\/sare\/"}]}},"_links":{"self":[{"href":"https:\/\/sare.eus\/es\/wp-json\/wp\/v2\/posts\/7884","targetHints":{"allow":["GET"]}}],"collection":[{"href":"https:\/\/sare.eus\/es\/wp-json\/wp\/v2\/posts"}],"about":[{"href":"https:\/\/sare.eus\/es\/wp-json\/wp\/v2\/types\/post"}],"author":[{"embeddable":true,"href":"https:\/\/sare.eus\/es\/wp-json\/wp\/v2\/users\/2"}],"replies":[{"embeddable":true,"href":"https:\/\/sare.eus\/es\/wp-json\/wp\/v2\/comments?post=7884"}],"version-history":[{"count":23,"href":"https:\/\/sare.eus\/es\/wp-json\/wp\/v2\/posts\/7884\/revisions"}],"predecessor-version":[{"id":8071,"href":"https:\/\/sare.eus\/es\/wp-json\/wp\/v2\/posts\/7884\/revisions\/8071"}],"wp:featuredmedia":[{"embeddable":true,"href":"https:\/\/sare.eus\/es\/wp-json\/wp\/v2\/media\/7976"}],"wp:attachment":[{"href":"https:\/\/sare.eus\/es\/wp-json\/wp\/v2\/media?parent=7884"}],"wp:term":[{"taxonomy":"category","embeddable":true,"href":"https:\/\/sare.eus\/es\/wp-json\/wp\/v2\/categories?post=7884"},{"taxonomy":"post_tag","embeddable":true,"href":"https:\/\/sare.eus\/es\/wp-json\/wp\/v2\/tags?post=7884"}],"curies":[{"name":"wp","href":"https:\/\/api.w.org\/{rel}","templated":true}]}}