{"id":7873,"date":"2025-04-07T09:10:18","date_gmt":"2025-04-07T08:10:18","guid":{"rendered":"https:\/\/sare.eus\/?p=7873"},"modified":"2025-04-07T10:22:05","modified_gmt":"2025-04-07T09:22:05","slug":"la-mayoria-sindical-de-bizkaia-se-moviliza-por-los-derechos-de-las-y-los-presos-vascos","status":"publish","type":"post","link":"https:\/\/sare.eus\/es\/la-mayoria-sindical-de-bizkaia-se-moviliza-por-los-derechos-de-las-y-los-presos-vascos\/","title":{"rendered":"La mayor\u00eda sindical de Bizkaia se moviliza por los derechos de las y los presos vascos"},"content":{"rendered":"<blockquote><p><strong>Los sindicatos de Bizkaia se suman a la campa\u00f1a de movilizaciones para denunciar la situaci\u00f3n del preso de Bilbo, Gotzon Telleria, quien sufre una enfermedad incurable y contin\u00faa en prisi\u00f3n.<\/strong><\/p><\/blockquote>\n<p><em>Hoy, los sindicatos ELA, LAB, ESK, STEILAS, CGT-LKN, CNT, HIRU, EHNE y ETXALDE nos concentramos en la Plaza Circular de Bilbao para mostrar nuestro respaldo y adhesi\u00f3n a la din\u00e1mica Gotzon SOS.<\/em><\/p>\n<p><em>Gotzon Telleria es un preso bilba\u00edno de 68 a\u00f1os que sufre una enfermedad incurable.<\/em><\/p>\n<p><em>Gotzon ingres\u00f3 en prisi\u00f3n en el a\u00f1o 2017 y en 2019 se le detectaron los primeros s\u00edntomas relacionados con esta enfermedad gen\u00e9tica. Desde entonces, su estado de salud ha empeorado.<\/em><\/p>\n<p><em>La enfermedad gen\u00e9tica que padece puede provocar Demencia Fronto Temporal o ELA, ambas enfermedades degenerativas.<\/em><\/p>\n<p><em>Tal y como especifica la legislaci\u00f3n penitenciaria Gotzon deber\u00eda estar en tercer grado porque sufre una enfermedad incurable. Sin embargo, sigue en segundo grado.<\/em><\/p>\n<p><em>Los sindicatos hoy aqu\u00ed presentes iniciamos en el 2019 junto a Sare una din\u00e1mica propia para denunciar las pol\u00edticas de excepci\u00f3n y para promover pasos hacia la resoluci\u00f3n, la paz y la convivencia.<\/em><\/p>\n<p><em>Los trabajadores y trabajadoras vascas tambi\u00e9n somos sujetos activos en la consecuci\u00f3n de estos objetivos. Y en estos momentos, es urgente acabar con las pol\u00edticas de excepci\u00f3n que tanto dolor han generado las \u00faltimas d\u00e9cadas.<\/em><\/p>\n<p><em>Ahora que estamos dando pasos hacia la resoluci\u00f3n, es imprescindible que las y los presos gravemente enfermos puedan salir de prisi\u00f3n para que no empeore su estado de salud y puedan afrontar la enfermedad en condiciones adecuadas.<strong> Antes que sea tarde, Gotzon a casa!<\/strong><\/em><\/p>\n<hr \/>\n\n\t\t<style type=\"text\/css\">\n\t\t\t#gallery-1 {\n\t\t\t\tmargin: auto;\n\t\t\t}\n\t\t\t#gallery-1 .gallery-item {\n\t\t\t\tfloat: left;\n\t\t\t\tmargin-top: 10px;\n\t\t\t\ttext-align: center;\n\t\t\t\twidth: 33%;\n\t\t\t}\n\t\t\t#gallery-1 img {\n\t\t\t\tborder: 2px solid #cfcfcf;\n\t\t\t}\n\t\t\t#gallery-1 .gallery-caption {\n\t\t\t\tmargin-left: 0;\n\t\t\t}\n\t\t\t\/* see gallery_shortcode() in wp-includes\/media.php *\/\n\t\t<\/style>\n\t\t<div id='gallery-1' class='gallery galleryid-7873 gallery-columns-3 gallery-size-medium'><dl class='gallery-item'>\n\t\t\t<dt class='gallery-icon landscape'>\n\t\t\t\t<a href='https:\/\/sare.eus\/es\/la-mayoria-sindical-de-bizkaia-se-moviliza-por-los-derechos-de-las-y-los-presos-vascos\/2025-04-07-bilbo-sindikatuak-argazkia-02-2\/'><img loading=\"lazy\" decoding=\"async\" width=\"300\" height=\"187\" src=\"https:\/\/sare.eus\/wp-content\/uploads\/2025\/04\/2025.04.07-BILBO-SINDIKATUAK-argazkia-02-300x187.jpg\" class=\"attachment-medium size-medium\" alt=\"\" srcset=\"https:\/\/sare.eus\/wp-content\/uploads\/2025\/04\/2025.04.07-BILBO-SINDIKATUAK-argazkia-02-300x187.jpg 300w, https:\/\/sare.eus\/wp-content\/uploads\/2025\/04\/2025.04.07-BILBO-SINDIKATUAK-argazkia-02-1024x637.jpg 1024w, https:\/\/sare.eus\/wp-content\/uploads\/2025\/04\/2025.04.07-BILBO-SINDIKATUAK-argazkia-02-768x478.jpg 768w, https:\/\/sare.eus\/wp-content\/uploads\/2025\/04\/2025.04.07-BILBO-SINDIKATUAK-argazkia-02-1536x955.jpg 1536w, https:\/\/sare.eus\/wp-content\/uploads\/2025\/04\/2025.04.07-BILBO-SINDIKATUAK-argazkia-02-400x250.jpg 400w, https:\/\/sare.eus\/wp-content\/uploads\/2025\/04\/2025.04.07-BILBO-SINDIKATUAK-argazkia-02-1080x672.jpg 1080w, https:\/\/sare.eus\/wp-content\/uploads\/2025\/04\/2025.04.07-BILBO-SINDIKATUAK-argazkia-02.jpg 1936w\" sizes=\"(max-width: 300px) 100vw, 300px\" \/><\/a>\n\t\t\t<\/dt><\/dl><dl class='gallery-item'>\n\t\t\t<dt class='gallery-icon landscape'>\n\t\t\t\t<a href='https:\/\/sare.eus\/es\/la-mayoria-sindical-de-bizkaia-se-moviliza-por-los-derechos-de-las-y-los-presos-vascos\/2025-04-07-bilbo-sindikatuak-argazkia-03-2\/'><img loading=\"lazy\" decoding=\"async\" width=\"300\" height=\"225\" src=\"https:\/\/sare.eus\/wp-content\/uploads\/2025\/04\/2025.04.07-BILBO-SINDIKATUAK-argazkia-03-300x225.jpg\" class=\"attachment-medium size-medium\" alt=\"\" srcset=\"https:\/\/sare.eus\/wp-content\/uploads\/2025\/04\/2025.04.07-BILBO-SINDIKATUAK-argazkia-03-300x225.jpg 300w, https:\/\/sare.eus\/wp-content\/uploads\/2025\/04\/2025.04.07-BILBO-SINDIKATUAK-argazkia-03-1024x768.jpg 1024w, https:\/\/sare.eus\/wp-content\/uploads\/2025\/04\/2025.04.07-BILBO-SINDIKATUAK-argazkia-03-768x576.jpg 768w, https:\/\/sare.eus\/wp-content\/uploads\/2025\/04\/2025.04.07-BILBO-SINDIKATUAK-argazkia-03-1536x1152.jpg 1536w, https:\/\/sare.eus\/wp-content\/uploads\/2025\/04\/2025.04.07-BILBO-SINDIKATUAK-argazkia-03-1080x810.jpg 1080w, https:\/\/sare.eus\/wp-content\/uploads\/2025\/04\/2025.04.07-BILBO-SINDIKATUAK-argazkia-03.jpg 1600w\" sizes=\"(max-width: 300px) 100vw, 300px\" \/><\/a>\n\t\t\t<\/dt><\/dl><dl class='gallery-item'>\n\t\t\t<dt class='gallery-icon landscape'>\n\t\t\t\t<a href='https:\/\/sare.eus\/es\/la-mayoria-sindical-de-bizkaia-se-moviliza-por-los-derechos-de-las-y-los-presos-vascos\/2025-04-07-bilbo-sindikatuak-argazkia-04-2\/'><img loading=\"lazy\" decoding=\"async\" width=\"300\" height=\"225\" src=\"https:\/\/sare.eus\/wp-content\/uploads\/2025\/04\/2025.04.07-BILBO-SINDIKATUAK-argazkia-04-300x225.jpg\" class=\"attachment-medium size-medium\" alt=\"\" srcset=\"https:\/\/sare.eus\/wp-content\/uploads\/2025\/04\/2025.04.07-BILBO-SINDIKATUAK-argazkia-04-300x225.jpg 300w, https:\/\/sare.eus\/wp-content\/uploads\/2025\/04\/2025.04.07-BILBO-SINDIKATUAK-argazkia-04-1024x768.jpg 1024w, https:\/\/sare.eus\/wp-content\/uploads\/2025\/04\/2025.04.07-BILBO-SINDIKATUAK-argazkia-04-768x576.jpg 768w, https:\/\/sare.eus\/wp-content\/uploads\/2025\/04\/2025.04.07-BILBO-SINDIKATUAK-argazkia-04-1536x1152.jpg 1536w, https:\/\/sare.eus\/wp-content\/uploads\/2025\/04\/2025.04.07-BILBO-SINDIKATUAK-argazkia-04-1080x810.jpg 1080w, https:\/\/sare.eus\/wp-content\/uploads\/2025\/04\/2025.04.07-BILBO-SINDIKATUAK-argazkia-04.jpg 1600w\" sizes=\"(max-width: 300px) 100vw, 300px\" \/><\/a>\n\t\t\t<\/dt><\/dl><br style=\"clear: both\" \/><dl class='gallery-item'>\n\t\t\t<dt class='gallery-icon landscape'>\n\t\t\t\t<a href='https:\/\/sare.eus\/es\/la-mayoria-sindical-de-bizkaia-se-moviliza-por-los-derechos-de-las-y-los-presos-vascos\/2025-04-07-bilbo-sindikatuak-argazkia-01-2\/'><img loading=\"lazy\" decoding=\"async\" width=\"300\" height=\"187\" src=\"https:\/\/sare.eus\/wp-content\/uploads\/2025\/04\/2025.04.07-BILBO-SINDIKATUAK-argazkia-01-300x187.jpg\" class=\"attachment-medium size-medium\" alt=\"\" srcset=\"https:\/\/sare.eus\/wp-content\/uploads\/2025\/04\/2025.04.07-BILBO-SINDIKATUAK-argazkia-01-300x187.jpg 300w, https:\/\/sare.eus\/wp-content\/uploads\/2025\/04\/2025.04.07-BILBO-SINDIKATUAK-argazkia-01-1024x637.jpg 1024w, https:\/\/sare.eus\/wp-content\/uploads\/2025\/04\/2025.04.07-BILBO-SINDIKATUAK-argazkia-01-768x478.jpg 768w, https:\/\/sare.eus\/wp-content\/uploads\/2025\/04\/2025.04.07-BILBO-SINDIKATUAK-argazkia-01-1536x955.jpg 1536w, https:\/\/sare.eus\/wp-content\/uploads\/2025\/04\/2025.04.07-BILBO-SINDIKATUAK-argazkia-01-400x250.jpg 400w, https:\/\/sare.eus\/wp-content\/uploads\/2025\/04\/2025.04.07-BILBO-SINDIKATUAK-argazkia-01-1080x672.jpg 1080w, https:\/\/sare.eus\/wp-content\/uploads\/2025\/04\/2025.04.07-BILBO-SINDIKATUAK-argazkia-01.jpg 1936w\" sizes=\"(max-width: 300px) 100vw, 300px\" \/><\/a>\n\t\t\t<\/dt><\/dl><dl class='gallery-item'>\n\t\t\t<dt class='gallery-icon landscape'>\n\t\t\t\t<a href='https:\/\/sare.eus\/es\/la-mayoria-sindical-de-bizkaia-se-moviliza-por-los-derechos-de-las-y-los-presos-vascos\/2025-04-07-bilbo-sindikatuak-argazkia-05-2\/'><img loading=\"lazy\" decoding=\"async\" width=\"300\" height=\"225\" src=\"https:\/\/sare.eus\/wp-content\/uploads\/2025\/04\/2025.04.07-BILBO-SINDIKATUAK-argazkia-05-300x225.jpg\" class=\"attachment-medium size-medium\" alt=\"\" srcset=\"https:\/\/sare.eus\/wp-content\/uploads\/2025\/04\/2025.04.07-BILBO-SINDIKATUAK-argazkia-05-300x225.jpg 300w, https:\/\/sare.eus\/wp-content\/uploads\/2025\/04\/2025.04.07-BILBO-SINDIKATUAK-argazkia-05-1024x768.jpg 1024w, https:\/\/sare.eus\/wp-content\/uploads\/2025\/04\/2025.04.07-BILBO-SINDIKATUAK-argazkia-05-768x576.jpg 768w, https:\/\/sare.eus\/wp-content\/uploads\/2025\/04\/2025.04.07-BILBO-SINDIKATUAK-argazkia-05-1536x1152.jpg 1536w, https:\/\/sare.eus\/wp-content\/uploads\/2025\/04\/2025.04.07-BILBO-SINDIKATUAK-argazkia-05-1080x810.jpg 1080w, https:\/\/sare.eus\/wp-content\/uploads\/2025\/04\/2025.04.07-BILBO-SINDIKATUAK-argazkia-05.jpg 1600w\" sizes=\"(max-width: 300px) 100vw, 300px\" \/><\/a>\n\t\t\t<\/dt><\/dl>\n\t\t\t<br style='clear: both' \/>\n\t\t<\/div>\n\n","protected":false},"excerpt":{"rendered":"<p>Los sindicatos de Bizkaia se suman a la campa\u00f1a de movilizaciones para denunciar la situaci\u00f3n del preso de Bilbo, Gotzon Telleria, quien sufre una enfermedad incurable y contin\u00faa en prisi\u00f3n. [&hellip;]<\/p>\n","protected":false},"author":2,"featured_media":7906,"comment_status":"closed","ping_status":"closed","sticky":false,"template":"","format":"standard","meta":{"_acf_changed":false,"_et_pb_use_builder":"","_et_pb_old_content":"","_et_gb_content_width":"","footnotes":""},"categories":[64],"tags":[],"class_list":["post-7873","post","type-post","status-publish","format-standard","has-post-thumbnail","hentry","category-enfermos-graves","et-has-post-format-content","et_post_format-et-post-format-standard"],"acf":[],"yoast_head":"<!-- This site is optimized with the Yoast SEO plugin v26.4 - https:\/\/yoast.com\/wordpress\/plugins\/seo\/ -->\n<title>La mayor\u00eda sindical de Bizkaia se moviliza por los derechos de las y los presos vascos - Sare Herritarra<\/title>\n<meta name=\"robots\" content=\"index, follow, max-snippet:-1, max-image-preview:large, max-video-preview:-1\" \/>\n<link rel=\"canonical\" href=\"https:\/\/sare.eus\/es\/la-mayoria-sindical-de-bizkaia-se-moviliza-por-los-derechos-de-las-y-los-presos-vascos\/\" \/>\n<meta property=\"og:locale\" content=\"es_ES\" \/>\n<meta property=\"og:type\" content=\"article\" \/>\n<meta property=\"og:title\" content=\"La mayor\u00eda sindical de Bizkaia se moviliza por los derechos de las y los presos vascos - Sare Herritarra\" \/>\n<meta property=\"og:description\" content=\"Los sindicatos de Bizkaia se suman a la campa\u00f1a de movilizaciones para denunciar la situaci\u00f3n del preso de Bilbo, Gotzon Telleria, quien sufre una enfermedad incurable y contin\u00faa en prisi\u00f3n. [&hellip;]\" \/>\n<meta property=\"og:url\" content=\"https:\/\/sare.eus\/es\/la-mayoria-sindical-de-bizkaia-se-moviliza-por-los-derechos-de-las-y-los-presos-vascos\/\" \/>\n<meta property=\"og:site_name\" content=\"Sare Herritarra\" \/>\n<meta property=\"article:published_time\" content=\"2025-04-07T08:10:18+00:00\" \/>\n<meta property=\"article:modified_time\" content=\"2025-04-07T09:22:05+00:00\" \/>\n<meta property=\"og:image\" content=\"https:\/\/sare.eus\/wp-content\/uploads\/2025\/04\/2025.04.07-BILBO-SINDIKATUAK-argazkia-01.jpg\" \/>\n\t<meta property=\"og:image:width\" content=\"1936\" \/>\n\t<meta property=\"og:image:height\" content=\"1204\" \/>\n\t<meta property=\"og:image:type\" content=\"image\/jpeg\" \/>\n<meta name=\"author\" content=\"sare\" \/>\n<meta name=\"twitter:card\" content=\"summary_large_image\" \/>\n<meta name=\"twitter:label1\" content=\"Escrito por\" \/>\n\t<meta name=\"twitter:data1\" content=\"sare\" \/>\n\t<meta name=\"twitter:label2\" content=\"Tiempo de lectura\" \/>\n\t<meta name=\"twitter:data2\" content=\"2 minutos\" \/>\n<script type=\"application\/ld+json\" class=\"yoast-schema-graph\">{\"@context\":\"https:\/\/schema.org\",\"@graph\":[{\"@type\":\"Article\",\"@id\":\"https:\/\/sare.eus\/es\/la-mayoria-sindical-de-bizkaia-se-moviliza-por-los-derechos-de-las-y-los-presos-vascos\/#article\",\"isPartOf\":{\"@id\":\"https:\/\/sare.eus\/es\/la-mayoria-sindical-de-bizkaia-se-moviliza-por-los-derechos-de-las-y-los-presos-vascos\/\"},\"author\":{\"name\":\"sare\",\"@id\":\"https:\/\/sare.eus\/#\/schema\/person\/2fe6d0df294f56313d3ab236dbe38e17\"},\"headline\":\"La mayor\u00eda sindical de Bizkaia se moviliza por los derechos de las y los presos vascos\",\"datePublished\":\"2025-04-07T08:10:18+00:00\",\"dateModified\":\"2025-04-07T09:22:05+00:00\",\"mainEntityOfPage\":{\"@id\":\"https:\/\/sare.eus\/es\/la-mayoria-sindical-de-bizkaia-se-moviliza-por-los-derechos-de-las-y-los-presos-vascos\/\"},\"wordCount\":300,\"publisher\":{\"@id\":\"https:\/\/sare.eus\/#organization\"},\"image\":{\"@id\":\"https:\/\/sare.eus\/es\/la-mayoria-sindical-de-bizkaia-se-moviliza-por-los-derechos-de-las-y-los-presos-vascos\/#primaryimage\"},\"thumbnailUrl\":\"https:\/\/sare.eus\/wp-content\/uploads\/2025\/04\/2025.04.07-BILBO-SINDIKATUAK-argazkia-01.jpg\",\"articleSection\":[\"Enfermos Graves\"],\"inLanguage\":\"es\"},{\"@type\":\"WebPage\",\"@id\":\"https:\/\/sare.eus\/es\/la-mayoria-sindical-de-bizkaia-se-moviliza-por-los-derechos-de-las-y-los-presos-vascos\/\",\"url\":\"https:\/\/sare.eus\/es\/la-mayoria-sindical-de-bizkaia-se-moviliza-por-los-derechos-de-las-y-los-presos-vascos\/\",\"name\":\"La mayor\u00eda sindical de Bizkaia se moviliza por los derechos de las y los presos vascos - Sare Herritarra\",\"isPartOf\":{\"@id\":\"https:\/\/sare.eus\/#website\"},\"primaryImageOfPage\":{\"@id\":\"https:\/\/sare.eus\/es\/la-mayoria-sindical-de-bizkaia-se-moviliza-por-los-derechos-de-las-y-los-presos-vascos\/#primaryimage\"},\"image\":{\"@id\":\"https:\/\/sare.eus\/es\/la-mayoria-sindical-de-bizkaia-se-moviliza-por-los-derechos-de-las-y-los-presos-vascos\/#primaryimage\"},\"thumbnailUrl\":\"https:\/\/sare.eus\/wp-content\/uploads\/2025\/04\/2025.04.07-BILBO-SINDIKATUAK-argazkia-01.jpg\",\"datePublished\":\"2025-04-07T08:10:18+00:00\",\"dateModified\":\"2025-04-07T09:22:05+00:00\",\"breadcrumb\":{\"@id\":\"https:\/\/sare.eus\/es\/la-mayoria-sindical-de-bizkaia-se-moviliza-por-los-derechos-de-las-y-los-presos-vascos\/#breadcrumb\"},\"inLanguage\":\"es\",\"potentialAction\":[{\"@type\":\"ReadAction\",\"target\":[\"https:\/\/sare.eus\/es\/la-mayoria-sindical-de-bizkaia-se-moviliza-por-los-derechos-de-las-y-los-presos-vascos\/\"]}]},{\"@type\":\"ImageObject\",\"inLanguage\":\"es\",\"@id\":\"https:\/\/sare.eus\/es\/la-mayoria-sindical-de-bizkaia-se-moviliza-por-los-derechos-de-las-y-los-presos-vascos\/#primaryimage\",\"url\":\"https:\/\/sare.eus\/wp-content\/uploads\/2025\/04\/2025.04.07-BILBO-SINDIKATUAK-argazkia-01.jpg\",\"contentUrl\":\"https:\/\/sare.eus\/wp-content\/uploads\/2025\/04\/2025.04.07-BILBO-SINDIKATUAK-argazkia-01.jpg\",\"width\":1936,\"height\":1204},{\"@type\":\"BreadcrumbList\",\"@id\":\"https:\/\/sare.eus\/es\/la-mayoria-sindical-de-bizkaia-se-moviliza-por-los-derechos-de-las-y-los-presos-vascos\/#breadcrumb\",\"itemListElement\":[{\"@type\":\"ListItem\",\"position\":1,\"name\":\"Home\",\"item\":\"https:\/\/sare.eus\/\"},{\"@type\":\"ListItem\",\"position\":2,\"name\":\"La mayor\u00eda sindical de Bizkaia se moviliza por los derechos de las y los presos vascos\"}]},{\"@type\":\"WebSite\",\"@id\":\"https:\/\/sare.eus\/#website\",\"url\":\"https:\/\/sare.eus\/\",\"name\":\"Sare Herritarra\",\"description\":\"KONPONBIDEAREN ETA GIZA ESKUBIDEEN ALDEKO SARE HERRITARRA\",\"publisher\":{\"@id\":\"https:\/\/sare.eus\/#organization\"},\"potentialAction\":[{\"@type\":\"SearchAction\",\"target\":{\"@type\":\"EntryPoint\",\"urlTemplate\":\"https:\/\/sare.eus\/?s={search_term_string}\"},\"query-input\":{\"@type\":\"PropertyValueSpecification\",\"valueRequired\":true,\"valueName\":\"search_term_string\"}}],\"inLanguage\":\"es\"},{\"@type\":\"Organization\",\"@id\":\"https:\/\/sare.eus\/#organization\",\"name\":\"Sare Herritarra\",\"url\":\"https:\/\/sare.eus\/\",\"logo\":{\"@type\":\"ImageObject\",\"inLanguage\":\"es\",\"@id\":\"https:\/\/sare.eus\/#\/schema\/logo\/image\/\",\"url\":\"https:\/\/sare.eus\/wp-content\/uploads\/2021\/08\/sare.png\",\"contentUrl\":\"https:\/\/sare.eus\/wp-content\/uploads\/2021\/08\/sare.png\",\"width\":120,\"height\":142,\"caption\":\"Sare Herritarra\"},\"image\":{\"@id\":\"https:\/\/sare.eus\/#\/schema\/logo\/image\/\"}},{\"@type\":\"Person\",\"@id\":\"https:\/\/sare.eus\/#\/schema\/person\/2fe6d0df294f56313d3ab236dbe38e17\",\"name\":\"sare\",\"image\":{\"@type\":\"ImageObject\",\"inLanguage\":\"es\",\"@id\":\"https:\/\/sare.eus\/#\/schema\/person\/image\/\",\"url\":\"https:\/\/secure.gravatar.com\/avatar\/77cad838677ceb1977e7b3c878b55eaa7fa4aae2158983063b047c3ad7ef2c25?s=96&d=mm&r=g\",\"contentUrl\":\"https:\/\/secure.gravatar.com\/avatar\/77cad838677ceb1977e7b3c878b55eaa7fa4aae2158983063b047c3ad7ef2c25?s=96&d=mm&r=g\",\"caption\":\"sare\"},\"url\":\"https:\/\/sare.eus\/es\/author\/sare\/\"}]}<\/script>\n<!-- \/ Yoast SEO plugin. -->","yoast_head_json":{"title":"La mayor\u00eda sindical de Bizkaia se moviliza por los derechos de las y los presos vascos - Sare Herritarra","robots":{"index":"index","follow":"follow","max-snippet":"max-snippet:-1","max-image-preview":"max-image-preview:large","max-video-preview":"max-video-preview:-1"},"canonical":"https:\/\/sare.eus\/es\/la-mayoria-sindical-de-bizkaia-se-moviliza-por-los-derechos-de-las-y-los-presos-vascos\/","og_locale":"es_ES","og_type":"article","og_title":"La mayor\u00eda sindical de Bizkaia se moviliza por los derechos de las y los presos vascos - Sare Herritarra","og_description":"Los sindicatos de Bizkaia se suman a la campa\u00f1a de movilizaciones para denunciar la situaci\u00f3n del preso de Bilbo, Gotzon Telleria, quien sufre una enfermedad incurable y contin\u00faa en prisi\u00f3n. [&hellip;]","og_url":"https:\/\/sare.eus\/es\/la-mayoria-sindical-de-bizkaia-se-moviliza-por-los-derechos-de-las-y-los-presos-vascos\/","og_site_name":"Sare Herritarra","article_published_time":"2025-04-07T08:10:18+00:00","article_modified_time":"2025-04-07T09:22:05+00:00","og_image":[{"width":1936,"height":1204,"url":"https:\/\/sare.eus\/wp-content\/uploads\/2025\/04\/2025.04.07-BILBO-SINDIKATUAK-argazkia-01.jpg","type":"image\/jpeg"}],"author":"sare","twitter_card":"summary_large_image","twitter_misc":{"Escrito por":"sare","Tiempo de lectura":"2 minutos"},"schema":{"@context":"https:\/\/schema.org","@graph":[{"@type":"Article","@id":"https:\/\/sare.eus\/es\/la-mayoria-sindical-de-bizkaia-se-moviliza-por-los-derechos-de-las-y-los-presos-vascos\/#article","isPartOf":{"@id":"https:\/\/sare.eus\/es\/la-mayoria-sindical-de-bizkaia-se-moviliza-por-los-derechos-de-las-y-los-presos-vascos\/"},"author":{"name":"sare","@id":"https:\/\/sare.eus\/#\/schema\/person\/2fe6d0df294f56313d3ab236dbe38e17"},"headline":"La mayor\u00eda sindical de Bizkaia se moviliza por los derechos de las y los presos vascos","datePublished":"2025-04-07T08:10:18+00:00","dateModified":"2025-04-07T09:22:05+00:00","mainEntityOfPage":{"@id":"https:\/\/sare.eus\/es\/la-mayoria-sindical-de-bizkaia-se-moviliza-por-los-derechos-de-las-y-los-presos-vascos\/"},"wordCount":300,"publisher":{"@id":"https:\/\/sare.eus\/#organization"},"image":{"@id":"https:\/\/sare.eus\/es\/la-mayoria-sindical-de-bizkaia-se-moviliza-por-los-derechos-de-las-y-los-presos-vascos\/#primaryimage"},"thumbnailUrl":"https:\/\/sare.eus\/wp-content\/uploads\/2025\/04\/2025.04.07-BILBO-SINDIKATUAK-argazkia-01.jpg","articleSection":["Enfermos Graves"],"inLanguage":"es"},{"@type":"WebPage","@id":"https:\/\/sare.eus\/es\/la-mayoria-sindical-de-bizkaia-se-moviliza-por-los-derechos-de-las-y-los-presos-vascos\/","url":"https:\/\/sare.eus\/es\/la-mayoria-sindical-de-bizkaia-se-moviliza-por-los-derechos-de-las-y-los-presos-vascos\/","name":"La mayor\u00eda sindical de Bizkaia se moviliza por los derechos de las y los presos vascos - Sare Herritarra","isPartOf":{"@id":"https:\/\/sare.eus\/#website"},"primaryImageOfPage":{"@id":"https:\/\/sare.eus\/es\/la-mayoria-sindical-de-bizkaia-se-moviliza-por-los-derechos-de-las-y-los-presos-vascos\/#primaryimage"},"image":{"@id":"https:\/\/sare.eus\/es\/la-mayoria-sindical-de-bizkaia-se-moviliza-por-los-derechos-de-las-y-los-presos-vascos\/#primaryimage"},"thumbnailUrl":"https:\/\/sare.eus\/wp-content\/uploads\/2025\/04\/2025.04.07-BILBO-SINDIKATUAK-argazkia-01.jpg","datePublished":"2025-04-07T08:10:18+00:00","dateModified":"2025-04-07T09:22:05+00:00","breadcrumb":{"@id":"https:\/\/sare.eus\/es\/la-mayoria-sindical-de-bizkaia-se-moviliza-por-los-derechos-de-las-y-los-presos-vascos\/#breadcrumb"},"inLanguage":"es","potentialAction":[{"@type":"ReadAction","target":["https:\/\/sare.eus\/es\/la-mayoria-sindical-de-bizkaia-se-moviliza-por-los-derechos-de-las-y-los-presos-vascos\/"]}]},{"@type":"ImageObject","inLanguage":"es","@id":"https:\/\/sare.eus\/es\/la-mayoria-sindical-de-bizkaia-se-moviliza-por-los-derechos-de-las-y-los-presos-vascos\/#primaryimage","url":"https:\/\/sare.eus\/wp-content\/uploads\/2025\/04\/2025.04.07-BILBO-SINDIKATUAK-argazkia-01.jpg","contentUrl":"https:\/\/sare.eus\/wp-content\/uploads\/2025\/04\/2025.04.07-BILBO-SINDIKATUAK-argazkia-01.jpg","width":1936,"height":1204},{"@type":"BreadcrumbList","@id":"https:\/\/sare.eus\/es\/la-mayoria-sindical-de-bizkaia-se-moviliza-por-los-derechos-de-las-y-los-presos-vascos\/#breadcrumb","itemListElement":[{"@type":"ListItem","position":1,"name":"Home","item":"https:\/\/sare.eus\/"},{"@type":"ListItem","position":2,"name":"La mayor\u00eda sindical de Bizkaia se moviliza por los derechos de las y los presos vascos"}]},{"@type":"WebSite","@id":"https:\/\/sare.eus\/#website","url":"https:\/\/sare.eus\/","name":"Sare Herritarra","description":"KONPONBIDEAREN ETA GIZA ESKUBIDEEN ALDEKO SARE HERRITARRA","publisher":{"@id":"https:\/\/sare.eus\/#organization"},"potentialAction":[{"@type":"SearchAction","target":{"@type":"EntryPoint","urlTemplate":"https:\/\/sare.eus\/?s={search_term_string}"},"query-input":{"@type":"PropertyValueSpecification","valueRequired":true,"valueName":"search_term_string"}}],"inLanguage":"es"},{"@type":"Organization","@id":"https:\/\/sare.eus\/#organization","name":"Sare Herritarra","url":"https:\/\/sare.eus\/","logo":{"@type":"ImageObject","inLanguage":"es","@id":"https:\/\/sare.eus\/#\/schema\/logo\/image\/","url":"https:\/\/sare.eus\/wp-content\/uploads\/2021\/08\/sare.png","contentUrl":"https:\/\/sare.eus\/wp-content\/uploads\/2021\/08\/sare.png","width":120,"height":142,"caption":"Sare Herritarra"},"image":{"@id":"https:\/\/sare.eus\/#\/schema\/logo\/image\/"}},{"@type":"Person","@id":"https:\/\/sare.eus\/#\/schema\/person\/2fe6d0df294f56313d3ab236dbe38e17","name":"sare","image":{"@type":"ImageObject","inLanguage":"es","@id":"https:\/\/sare.eus\/#\/schema\/person\/image\/","url":"https:\/\/secure.gravatar.com\/avatar\/77cad838677ceb1977e7b3c878b55eaa7fa4aae2158983063b047c3ad7ef2c25?s=96&d=mm&r=g","contentUrl":"https:\/\/secure.gravatar.com\/avatar\/77cad838677ceb1977e7b3c878b55eaa7fa4aae2158983063b047c3ad7ef2c25?s=96&d=mm&r=g","caption":"sare"},"url":"https:\/\/sare.eus\/es\/author\/sare\/"}]}},"_links":{"self":[{"href":"https:\/\/sare.eus\/es\/wp-json\/wp\/v2\/posts\/7873","targetHints":{"allow":["GET"]}}],"collection":[{"href":"https:\/\/sare.eus\/es\/wp-json\/wp\/v2\/posts"}],"about":[{"href":"https:\/\/sare.eus\/es\/wp-json\/wp\/v2\/types\/post"}],"author":[{"embeddable":true,"href":"https:\/\/sare.eus\/es\/wp-json\/wp\/v2\/users\/2"}],"replies":[{"embeddable":true,"href":"https:\/\/sare.eus\/es\/wp-json\/wp\/v2\/comments?post=7873"}],"version-history":[{"count":8,"href":"https:\/\/sare.eus\/es\/wp-json\/wp\/v2\/posts\/7873\/revisions"}],"predecessor-version":[{"id":7916,"href":"https:\/\/sare.eus\/es\/wp-json\/wp\/v2\/posts\/7873\/revisions\/7916"}],"wp:featuredmedia":[{"embeddable":true,"href":"https:\/\/sare.eus\/es\/wp-json\/wp\/v2\/media\/7906"}],"wp:attachment":[{"href":"https:\/\/sare.eus\/es\/wp-json\/wp\/v2\/media?parent=7873"}],"wp:term":[{"taxonomy":"category","embeddable":true,"href":"https:\/\/sare.eus\/es\/wp-json\/wp\/v2\/categories?post=7873"},{"taxonomy":"post_tag","embeddable":true,"href":"https:\/\/sare.eus\/es\/wp-json\/wp\/v2\/tags?post=7873"}],"curies":[{"name":"wp","href":"https:\/\/api.w.org\/{rel}","templated":true}]}}