{"id":7844,"date":"2025-03-22T11:59:07","date_gmt":"2025-03-22T10:59:07","guid":{"rendered":"https:\/\/sare.eus\/?p=7844"},"modified":"2025-03-22T11:59:07","modified_gmt":"2025-03-22T10:59:07","slug":"sare-celebra-su-x-asamblea-general-en-hernani","status":"publish","type":"post","link":"https:\/\/sare.eus\/es\/sare-celebra-su-x-asamblea-general-en-hernani\/","title":{"rendered":"SARE celebra su X Asamblea General en Hernani"},"content":{"rendered":"<p>Posiblemente esta X ASAMBLEA de la Red Ciudadana SARE, representa uno de los \u00faltimos puntos de inflexi\u00f3n entre el pasado y el futuro inmediato, por lo que la aprovechamos para hacer una reflexi\u00f3n en profundidad, sobre el camino recorrido desde aquel 14 junio de 2014 y, tambi\u00e9n, sobre el camino que a\u00fan nos queda por recorrer.<\/p>\n<p>Llegamos a esta X ASAMBLEA, con una parte importante de los deberes hechos y con la necesidad de reflexionar sobre c\u00f3mo afrontar lo que debe de ser la \u00faltima fase del cap\u00edtulo penitenciario y, asimismo, de lograr un acuerdo que haga posible un tratamiento digno y respetuoso a todas las v\u00edctimas de las violencias sufridas en nuestro Pueblo.<\/p>\n<p>Nunca hubi\u00e9ramos pensado, que diez a\u00f1os despu\u00e9s de nuestro nacimiento, a\u00fan estuvi\u00e9ramos reivindicando el fin de las excepcionalidades que se aplican a los y las presas vascas, con m\u00faltiples vulneraciones de derechos que han infligido mucho da\u00f1o a las presas y presos vascos y a sus familias.<\/p>\n<p>A pesar de ello, debemos reconocer que el impulso que se ha dado en los tres \u00faltimos a\u00f1os, ha supuesto un avance significativo en la situaci\u00f3n de estos presos\/as.<\/p>\n<p><iframe loading=\"lazy\" title=\"YouTube video player\" src=\"https:\/\/www.youtube.com\/embed\/kNbYzaAaOIA?si=gI6_hJrz0n_5ffXN\" width=\"560\" height=\"315\" frameborder=\"0\" allowfullscreen=\"allowfullscreen\"><\/iframe><\/p>\n<p>Se ha ido poniendo fin a todo ello, mediante el esfuerzo, y tejiendo complicidades. En el camino hemos hecho posible hacer RED, con may\u00fasculas, y compartir entre diferentes la lucha por los derechos de las presas y presos vascos, una lucha que es una parte del combate general por los DDHH.<\/p>\n<p>Hoy, tenemos que manifestar, que poner fin a la actual situaci\u00f3n y comenzar a avanzar en el camino de una convivencia real, est\u00e1 m\u00e1s en manos de la Administraci\u00f3n Penitenciaria vasca, que de instancias m\u00e1s lejanas.<\/p>\n<p>Es por eso que a ellos les instamos a dar pasos en esa direcci\u00f3n. En su mano esta avanzar en la aplicaci\u00f3n de los 3 grados; los permisos penitenciarios o las salidas programadas. Les pedimos, que dejen de marcar diferencias entre su actitud con los presos denominados sociales y con estos otros presos y presas, pertenecientes a una organizaci\u00f3n desaparecida hace a\u00f1os.<\/p>\n<p>El Modelo Penitenciario Vasco, aprobado por la inmensa mayor\u00eda del Parlamento de Gasteiz, es la herramienta que deben de utilizar, porque cuenta con el respaldo de la mayor\u00eda social y pol\u00edtica vasca.<\/p>\n<p>Una parte importante de este Modelo Penitenciario, apuesta por el cumplimiento de penas en r\u00e9gimen abierto. Los presos y presas vascos, cuentan con los requisitos necesarios, para que se les aplique.<\/p>\n<p>Por tanto, c\u00famplase la normativa penitenciaria. No esperen m\u00e1s, porque estamos hablando de la libertad de las personas.<\/p>\n<p>Estos ser\u00e1n nuestros objetivos en este a\u00f1o que tenemos por delante, haciendo hincapi\u00e9 en las medidas excepcionales que todav\u00eda hoy obstaculizan el proceso de vuelta a casa de los y las presas vascas.<\/p>\n<p>En ese sentido queremos presentar la iniciativa <strong>\u201cPuzzlea osatu arte\u201d, una movilizaci\u00f3n que se celebrar\u00e1 los d\u00edas 17 y 18 de mayo, y que transcurrir\u00e1 por los pueblos que todav\u00eda tienen presos o presas en situaci\u00f3n de excepcionalidad.<\/strong> En las pr\u00f3ximas semanas daremos m\u00e1s detalles al respecto.<\/p>\n","protected":false},"excerpt":{"rendered":"<p>Posiblemente esta X ASAMBLEA de la Red Ciudadana SARE, representa uno de los \u00faltimos puntos de inflexi\u00f3n entre el pasado y el futuro inmediato, por lo que la aprovechamos para [&hellip;]<\/p>\n","protected":false},"author":2,"featured_media":7850,"comment_status":"closed","ping_status":"closed","sticky":false,"template":"","format":"standard","meta":{"_acf_changed":false,"_et_pb_use_builder":"","_et_pb_old_content":"","_et_gb_content_width":"","footnotes":""},"categories":[60],"tags":[],"class_list":["post-7844","post","type-post","status-publish","format-standard","has-post-thumbnail","hentry","category-etxera-es","et-has-post-format-content","et_post_format-et-post-format-standard"],"acf":[],"yoast_head":"<!-- This site is optimized with the Yoast SEO plugin v26.4 - https:\/\/yoast.com\/wordpress\/plugins\/seo\/ -->\n<title>SARE celebra su X Asamblea General en Hernani - Sare Herritarra<\/title>\n<meta name=\"robots\" content=\"index, follow, max-snippet:-1, max-image-preview:large, max-video-preview:-1\" \/>\n<link rel=\"canonical\" href=\"https:\/\/sare.eus\/es\/sare-celebra-su-x-asamblea-general-en-hernani\/\" \/>\n<meta property=\"og:locale\" content=\"es_ES\" \/>\n<meta property=\"og:type\" content=\"article\" \/>\n<meta property=\"og:title\" content=\"SARE celebra su X Asamblea General en Hernani - Sare Herritarra\" \/>\n<meta property=\"og:description\" content=\"Posiblemente esta X ASAMBLEA de la Red Ciudadana SARE, representa uno de los \u00faltimos puntos de inflexi\u00f3n entre el pasado y el futuro inmediato, por lo que la aprovechamos para [&hellip;]\" \/>\n<meta property=\"og:url\" content=\"https:\/\/sare.eus\/es\/sare-celebra-su-x-asamblea-general-en-hernani\/\" \/>\n<meta property=\"og:site_name\" content=\"Sare Herritarra\" \/>\n<meta property=\"article:published_time\" content=\"2025-03-22T10:59:07+00:00\" \/>\n<meta property=\"og:image\" content=\"https:\/\/sare.eus\/wp-content\/uploads\/2025\/03\/IMG_20250322_115610_901.jpg\" \/>\n\t<meta property=\"og:image:width\" content=\"1280\" \/>\n\t<meta property=\"og:image:height\" content=\"843\" \/>\n\t<meta property=\"og:image:type\" content=\"image\/jpeg\" \/>\n<meta name=\"author\" content=\"sare\" \/>\n<meta name=\"twitter:card\" content=\"summary_large_image\" \/>\n<meta name=\"twitter:label1\" content=\"Escrito por\" \/>\n\t<meta name=\"twitter:data1\" content=\"sare\" \/>\n\t<meta name=\"twitter:label2\" content=\"Tiempo de lectura\" \/>\n\t<meta name=\"twitter:data2\" content=\"3 minutos\" \/>\n<script type=\"application\/ld+json\" class=\"yoast-schema-graph\">{\"@context\":\"https:\/\/schema.org\",\"@graph\":[{\"@type\":\"Article\",\"@id\":\"https:\/\/sare.eus\/es\/sare-celebra-su-x-asamblea-general-en-hernani\/#article\",\"isPartOf\":{\"@id\":\"https:\/\/sare.eus\/es\/sare-celebra-su-x-asamblea-general-en-hernani\/\"},\"author\":{\"name\":\"sare\",\"@id\":\"https:\/\/sare.eus\/#\/schema\/person\/2fe6d0df294f56313d3ab236dbe38e17\"},\"headline\":\"SARE celebra su X Asamblea General en Hernani\",\"datePublished\":\"2025-03-22T10:59:07+00:00\",\"mainEntityOfPage\":{\"@id\":\"https:\/\/sare.eus\/es\/sare-celebra-su-x-asamblea-general-en-hernani\/\"},\"wordCount\":544,\"publisher\":{\"@id\":\"https:\/\/sare.eus\/#organization\"},\"image\":{\"@id\":\"https:\/\/sare.eus\/es\/sare-celebra-su-x-asamblea-general-en-hernani\/#primaryimage\"},\"thumbnailUrl\":\"https:\/\/sare.eus\/wp-content\/uploads\/2025\/03\/IMG_20250322_115610_901.jpg\",\"articleSection\":[\"Etxera\"],\"inLanguage\":\"es\"},{\"@type\":\"WebPage\",\"@id\":\"https:\/\/sare.eus\/es\/sare-celebra-su-x-asamblea-general-en-hernani\/\",\"url\":\"https:\/\/sare.eus\/es\/sare-celebra-su-x-asamblea-general-en-hernani\/\",\"name\":\"SARE celebra su X Asamblea General en Hernani - Sare Herritarra\",\"isPartOf\":{\"@id\":\"https:\/\/sare.eus\/#website\"},\"primaryImageOfPage\":{\"@id\":\"https:\/\/sare.eus\/es\/sare-celebra-su-x-asamblea-general-en-hernani\/#primaryimage\"},\"image\":{\"@id\":\"https:\/\/sare.eus\/es\/sare-celebra-su-x-asamblea-general-en-hernani\/#primaryimage\"},\"thumbnailUrl\":\"https:\/\/sare.eus\/wp-content\/uploads\/2025\/03\/IMG_20250322_115610_901.jpg\",\"datePublished\":\"2025-03-22T10:59:07+00:00\",\"breadcrumb\":{\"@id\":\"https:\/\/sare.eus\/es\/sare-celebra-su-x-asamblea-general-en-hernani\/#breadcrumb\"},\"inLanguage\":\"es\",\"potentialAction\":[{\"@type\":\"ReadAction\",\"target\":[\"https:\/\/sare.eus\/es\/sare-celebra-su-x-asamblea-general-en-hernani\/\"]}]},{\"@type\":\"ImageObject\",\"inLanguage\":\"es\",\"@id\":\"https:\/\/sare.eus\/es\/sare-celebra-su-x-asamblea-general-en-hernani\/#primaryimage\",\"url\":\"https:\/\/sare.eus\/wp-content\/uploads\/2025\/03\/IMG_20250322_115610_901.jpg\",\"contentUrl\":\"https:\/\/sare.eus\/wp-content\/uploads\/2025\/03\/IMG_20250322_115610_901.jpg\",\"width\":1280,\"height\":843},{\"@type\":\"BreadcrumbList\",\"@id\":\"https:\/\/sare.eus\/es\/sare-celebra-su-x-asamblea-general-en-hernani\/#breadcrumb\",\"itemListElement\":[{\"@type\":\"ListItem\",\"position\":1,\"name\":\"Home\",\"item\":\"https:\/\/sare.eus\/\"},{\"@type\":\"ListItem\",\"position\":2,\"name\":\"SARE celebra su X Asamblea General en Hernani\"}]},{\"@type\":\"WebSite\",\"@id\":\"https:\/\/sare.eus\/#website\",\"url\":\"https:\/\/sare.eus\/\",\"name\":\"Sare Herritarra\",\"description\":\"KONPONBIDEAREN ETA GIZA ESKUBIDEEN ALDEKO SARE HERRITARRA\",\"publisher\":{\"@id\":\"https:\/\/sare.eus\/#organization\"},\"potentialAction\":[{\"@type\":\"SearchAction\",\"target\":{\"@type\":\"EntryPoint\",\"urlTemplate\":\"https:\/\/sare.eus\/?s={search_term_string}\"},\"query-input\":{\"@type\":\"PropertyValueSpecification\",\"valueRequired\":true,\"valueName\":\"search_term_string\"}}],\"inLanguage\":\"es\"},{\"@type\":\"Organization\",\"@id\":\"https:\/\/sare.eus\/#organization\",\"name\":\"Sare Herritarra\",\"url\":\"https:\/\/sare.eus\/\",\"logo\":{\"@type\":\"ImageObject\",\"inLanguage\":\"es\",\"@id\":\"https:\/\/sare.eus\/#\/schema\/logo\/image\/\",\"url\":\"https:\/\/sare.eus\/wp-content\/uploads\/2021\/08\/sare.png\",\"contentUrl\":\"https:\/\/sare.eus\/wp-content\/uploads\/2021\/08\/sare.png\",\"width\":120,\"height\":142,\"caption\":\"Sare Herritarra\"},\"image\":{\"@id\":\"https:\/\/sare.eus\/#\/schema\/logo\/image\/\"}},{\"@type\":\"Person\",\"@id\":\"https:\/\/sare.eus\/#\/schema\/person\/2fe6d0df294f56313d3ab236dbe38e17\",\"name\":\"sare\",\"image\":{\"@type\":\"ImageObject\",\"inLanguage\":\"es\",\"@id\":\"https:\/\/sare.eus\/#\/schema\/person\/image\/\",\"url\":\"https:\/\/secure.gravatar.com\/avatar\/77cad838677ceb1977e7b3c878b55eaa7fa4aae2158983063b047c3ad7ef2c25?s=96&d=mm&r=g\",\"contentUrl\":\"https:\/\/secure.gravatar.com\/avatar\/77cad838677ceb1977e7b3c878b55eaa7fa4aae2158983063b047c3ad7ef2c25?s=96&d=mm&r=g\",\"caption\":\"sare\"},\"url\":\"https:\/\/sare.eus\/es\/author\/sare\/\"}]}<\/script>\n<!-- \/ Yoast SEO plugin. -->","yoast_head_json":{"title":"SARE celebra su X Asamblea General en Hernani - Sare Herritarra","robots":{"index":"index","follow":"follow","max-snippet":"max-snippet:-1","max-image-preview":"max-image-preview:large","max-video-preview":"max-video-preview:-1"},"canonical":"https:\/\/sare.eus\/es\/sare-celebra-su-x-asamblea-general-en-hernani\/","og_locale":"es_ES","og_type":"article","og_title":"SARE celebra su X Asamblea General en Hernani - Sare Herritarra","og_description":"Posiblemente esta X ASAMBLEA de la Red Ciudadana SARE, representa uno de los \u00faltimos puntos de inflexi\u00f3n entre el pasado y el futuro inmediato, por lo que la aprovechamos para [&hellip;]","og_url":"https:\/\/sare.eus\/es\/sare-celebra-su-x-asamblea-general-en-hernani\/","og_site_name":"Sare Herritarra","article_published_time":"2025-03-22T10:59:07+00:00","og_image":[{"width":1280,"height":843,"url":"https:\/\/sare.eus\/wp-content\/uploads\/2025\/03\/IMG_20250322_115610_901.jpg","type":"image\/jpeg"}],"author":"sare","twitter_card":"summary_large_image","twitter_misc":{"Escrito por":"sare","Tiempo de lectura":"3 minutos"},"schema":{"@context":"https:\/\/schema.org","@graph":[{"@type":"Article","@id":"https:\/\/sare.eus\/es\/sare-celebra-su-x-asamblea-general-en-hernani\/#article","isPartOf":{"@id":"https:\/\/sare.eus\/es\/sare-celebra-su-x-asamblea-general-en-hernani\/"},"author":{"name":"sare","@id":"https:\/\/sare.eus\/#\/schema\/person\/2fe6d0df294f56313d3ab236dbe38e17"},"headline":"SARE celebra su X Asamblea General en Hernani","datePublished":"2025-03-22T10:59:07+00:00","mainEntityOfPage":{"@id":"https:\/\/sare.eus\/es\/sare-celebra-su-x-asamblea-general-en-hernani\/"},"wordCount":544,"publisher":{"@id":"https:\/\/sare.eus\/#organization"},"image":{"@id":"https:\/\/sare.eus\/es\/sare-celebra-su-x-asamblea-general-en-hernani\/#primaryimage"},"thumbnailUrl":"https:\/\/sare.eus\/wp-content\/uploads\/2025\/03\/IMG_20250322_115610_901.jpg","articleSection":["Etxera"],"inLanguage":"es"},{"@type":"WebPage","@id":"https:\/\/sare.eus\/es\/sare-celebra-su-x-asamblea-general-en-hernani\/","url":"https:\/\/sare.eus\/es\/sare-celebra-su-x-asamblea-general-en-hernani\/","name":"SARE celebra su X Asamblea General en Hernani - Sare Herritarra","isPartOf":{"@id":"https:\/\/sare.eus\/#website"},"primaryImageOfPage":{"@id":"https:\/\/sare.eus\/es\/sare-celebra-su-x-asamblea-general-en-hernani\/#primaryimage"},"image":{"@id":"https:\/\/sare.eus\/es\/sare-celebra-su-x-asamblea-general-en-hernani\/#primaryimage"},"thumbnailUrl":"https:\/\/sare.eus\/wp-content\/uploads\/2025\/03\/IMG_20250322_115610_901.jpg","datePublished":"2025-03-22T10:59:07+00:00","breadcrumb":{"@id":"https:\/\/sare.eus\/es\/sare-celebra-su-x-asamblea-general-en-hernani\/#breadcrumb"},"inLanguage":"es","potentialAction":[{"@type":"ReadAction","target":["https:\/\/sare.eus\/es\/sare-celebra-su-x-asamblea-general-en-hernani\/"]}]},{"@type":"ImageObject","inLanguage":"es","@id":"https:\/\/sare.eus\/es\/sare-celebra-su-x-asamblea-general-en-hernani\/#primaryimage","url":"https:\/\/sare.eus\/wp-content\/uploads\/2025\/03\/IMG_20250322_115610_901.jpg","contentUrl":"https:\/\/sare.eus\/wp-content\/uploads\/2025\/03\/IMG_20250322_115610_901.jpg","width":1280,"height":843},{"@type":"BreadcrumbList","@id":"https:\/\/sare.eus\/es\/sare-celebra-su-x-asamblea-general-en-hernani\/#breadcrumb","itemListElement":[{"@type":"ListItem","position":1,"name":"Home","item":"https:\/\/sare.eus\/"},{"@type":"ListItem","position":2,"name":"SARE celebra su X Asamblea General en Hernani"}]},{"@type":"WebSite","@id":"https:\/\/sare.eus\/#website","url":"https:\/\/sare.eus\/","name":"Sare Herritarra","description":"KONPONBIDEAREN ETA GIZA ESKUBIDEEN ALDEKO SARE HERRITARRA","publisher":{"@id":"https:\/\/sare.eus\/#organization"},"potentialAction":[{"@type":"SearchAction","target":{"@type":"EntryPoint","urlTemplate":"https:\/\/sare.eus\/?s={search_term_string}"},"query-input":{"@type":"PropertyValueSpecification","valueRequired":true,"valueName":"search_term_string"}}],"inLanguage":"es"},{"@type":"Organization","@id":"https:\/\/sare.eus\/#organization","name":"Sare Herritarra","url":"https:\/\/sare.eus\/","logo":{"@type":"ImageObject","inLanguage":"es","@id":"https:\/\/sare.eus\/#\/schema\/logo\/image\/","url":"https:\/\/sare.eus\/wp-content\/uploads\/2021\/08\/sare.png","contentUrl":"https:\/\/sare.eus\/wp-content\/uploads\/2021\/08\/sare.png","width":120,"height":142,"caption":"Sare Herritarra"},"image":{"@id":"https:\/\/sare.eus\/#\/schema\/logo\/image\/"}},{"@type":"Person","@id":"https:\/\/sare.eus\/#\/schema\/person\/2fe6d0df294f56313d3ab236dbe38e17","name":"sare","image":{"@type":"ImageObject","inLanguage":"es","@id":"https:\/\/sare.eus\/#\/schema\/person\/image\/","url":"https:\/\/secure.gravatar.com\/avatar\/77cad838677ceb1977e7b3c878b55eaa7fa4aae2158983063b047c3ad7ef2c25?s=96&d=mm&r=g","contentUrl":"https:\/\/secure.gravatar.com\/avatar\/77cad838677ceb1977e7b3c878b55eaa7fa4aae2158983063b047c3ad7ef2c25?s=96&d=mm&r=g","caption":"sare"},"url":"https:\/\/sare.eus\/es\/author\/sare\/"}]}},"_links":{"self":[{"href":"https:\/\/sare.eus\/es\/wp-json\/wp\/v2\/posts\/7844","targetHints":{"allow":["GET"]}}],"collection":[{"href":"https:\/\/sare.eus\/es\/wp-json\/wp\/v2\/posts"}],"about":[{"href":"https:\/\/sare.eus\/es\/wp-json\/wp\/v2\/types\/post"}],"author":[{"embeddable":true,"href":"https:\/\/sare.eus\/es\/wp-json\/wp\/v2\/users\/2"}],"replies":[{"embeddable":true,"href":"https:\/\/sare.eus\/es\/wp-json\/wp\/v2\/comments?post=7844"}],"version-history":[{"count":3,"href":"https:\/\/sare.eus\/es\/wp-json\/wp\/v2\/posts\/7844\/revisions"}],"predecessor-version":[{"id":7848,"href":"https:\/\/sare.eus\/es\/wp-json\/wp\/v2\/posts\/7844\/revisions\/7848"}],"wp:featuredmedia":[{"embeddable":true,"href":"https:\/\/sare.eus\/es\/wp-json\/wp\/v2\/media\/7850"}],"wp:attachment":[{"href":"https:\/\/sare.eus\/es\/wp-json\/wp\/v2\/media?parent=7844"}],"wp:term":[{"taxonomy":"category","embeddable":true,"href":"https:\/\/sare.eus\/es\/wp-json\/wp\/v2\/categories?post=7844"},{"taxonomy":"post_tag","embeddable":true,"href":"https:\/\/sare.eus\/es\/wp-json\/wp\/v2\/tags?post=7844"}],"curies":[{"name":"wp","href":"https:\/\/api.w.org\/{rel}","templated":true}]}}