{"id":7831,"date":"2025-03-04T10:26:00","date_gmt":"2025-03-04T09:26:00","guid":{"rendered":"https:\/\/sare.eus\/?p=7831"},"modified":"2025-03-04T10:26:00","modified_gmt":"2025-03-04T09:26:00","slug":"el-preso-de-zumarraga-xabier-zabalo-ha-sufrido-una-regresion-de-grado","status":"publish","type":"post","link":"https:\/\/sare.eus\/es\/el-preso-de-zumarraga-xabier-zabalo-ha-sufrido-una-regresion-de-grado\/","title":{"rendered":"El preso de Zumarraga Xabier Zabalo ha sufrido una regresi\u00f3n de grado"},"content":{"rendered":"<p>El 21 de Febrero, el Gobierno Vasco acepto la progresi\u00f3n a tercer grado del preso Xabier Zabalo, tras, haber sido propuesto para ello por la junta de tratamiento de la prisi\u00f3n de Zaballa el 20 de Diciembre del 2024.<\/p>\n<p>Ayer, 3 de Marzo, la fiscal\u00eda de la Audiencia Nacional, presento un recurso a dicha progresi\u00f3n. A continuaci\u00f3n, ayer mismo Xabier tuvo que regresar a prisi\u00f3n, sufriendo as\u00ed una regresi\u00f3n de grado.<\/p>\n<p>Despu\u00e9s de un a\u00f1o, nos encontramos de nuevo ante una regresi\u00f3n de grado. Ante esto, nos preguntamos una vez mas, por el sentido que tiene recurrir desde Madrid la decisi\u00f3n tomada por la junta de la carcel y sus profesionales. \u00bfEn base a que se toma la decisi\u00f3n de recurrir algo que los profesionales del centro entienden como favorable y que adem\u00e1s supone el encarcelamiento de Xabier a trav\u00e9s de un procedimiento inmediato?<\/p>\n<p>En Octubre de 2025, Zabalo cumplir\u00e1 las \u00be partes de una pena de 30 a\u00f1os. Ha cumplido todos los requisitos para poder acceder al tercer grado, ya que ha participado en salidas programadas y ha disfrutado de permisos carcelarios. Siguiendo la legislaci\u00f3n ordinaria, seg\u00fan sus preceptos Xabier deber\u00eda de haber accedido al tercer grado con anterioridad, y sin padecer ninguna regresi\u00f3n del mismo, por supuesto.<\/p>\n<p>Que los y las presas vascas den todos los pasos para recorrer el camino a casa es aplicar la legislaci\u00f3n ordinaria. Que los y las presas vascas den todos los pasos para recorrer el camino a casa es avanzar en clave de resoluci\u00f3n del conflicto. Xabier ha demostrado su claro compromiso de avanzar en ese camino y consecuencia del mismo es la propuesta de la junta de Zaballa. El Gobierno Vasco hab\u00eda dado su aprobaci\u00f3n al mismo y ha sido la fiscal\u00eda de la Audiencia Nacional quien lo ha recurrido.<\/p>\n<p>Los y las presas, y en este caso Xabier, tienen derecho a diferentes modos de cumplimiento, entre ellos, el tercer grado. La ley no contempla en ning\u00fan caso que el preso deba cumplir toda la pena en r\u00e9gimen cerrado. Y es mas, si el sistema penitenciario espa\u00f1ol es un sistema que cree en la resocializaci\u00f3n, deber\u00eda ofrecer recursos para cumplir los \u00faltimos a\u00f1os en r\u00e9gimen abierto. Esos recursos son, ni mas ni menos, los que la fiscal\u00eda le ha negado a Zabalo.<\/p>\n<p>Por todo ello, <strong>Sare llama a la sociedad a participar en la movilizaci\u00f3n que el pr\u00f3ximo 7 de Marzo a las 20:00 ha convocado en la Plaza Potros de Urretxu.<\/strong> Las decisiones excepcionales, crean situaciones de excepci\u00f3n y la Audiencia Nacional ha situado a Xabier y su entorno en un procedimiento que genera mucho dolor. Por ello, para denunciarlo, el viernes nos reuniremos en Urretxu.<\/p>\n<p><strong>\u00a1NO A LAS REGRESIONES DE GRADO! XABIER ZABALO ETXERA!<\/strong><\/p>\n<hr \/>\n<p><img loading=\"lazy\" decoding=\"async\" class=\"alignnone wp-image-7826 size-large\" src=\"https:\/\/sare.eus\/wp-content\/uploads\/2025\/03\/XABIER-ZABALO-GRADU-ERREGRESIOA-web-1-724x1024.jpg\" alt=\"\" width=\"724\" height=\"1024\" srcset=\"https:\/\/sare.eus\/wp-content\/uploads\/2025\/03\/XABIER-ZABALO-GRADU-ERREGRESIOA-web-1-724x1024.jpg 724w, https:\/\/sare.eus\/wp-content\/uploads\/2025\/03\/XABIER-ZABALO-GRADU-ERREGRESIOA-web-1-212x300.jpg 212w, https:\/\/sare.eus\/wp-content\/uploads\/2025\/03\/XABIER-ZABALO-GRADU-ERREGRESIOA-web-1-768x1086.jpg 768w, https:\/\/sare.eus\/wp-content\/uploads\/2025\/03\/XABIER-ZABALO-GRADU-ERREGRESIOA-web-1-1086x1536.jpg 1086w, https:\/\/sare.eus\/wp-content\/uploads\/2025\/03\/XABIER-ZABALO-GRADU-ERREGRESIOA-web-1-1448x2048.jpg 1448w, https:\/\/sare.eus\/wp-content\/uploads\/2025\/03\/XABIER-ZABALO-GRADU-ERREGRESIOA-web-1-1080x1527.jpg 1080w, https:\/\/sare.eus\/wp-content\/uploads\/2025\/03\/XABIER-ZABALO-GRADU-ERREGRESIOA-web-1-scaled.jpg 1810w\" sizes=\"(max-width: 724px) 100vw, 724px\" \/><\/p>\n","protected":false},"excerpt":{"rendered":"<p>El 21 de Febrero, el Gobierno Vasco acepto la progresi\u00f3n a tercer grado del preso Xabier Zabalo, tras, haber sido propuesto para ello por la junta de tratamiento de la [&hellip;]<\/p>\n","protected":false},"author":2,"featured_media":7830,"comment_status":"closed","ping_status":"closed","sticky":false,"template":"","format":"standard","meta":{"_acf_changed":false,"_et_pb_use_builder":"","_et_pb_old_content":"","_et_gb_content_width":"","footnotes":""},"categories":[65],"tags":[],"class_list":["post-7831","post","type-post","status-publish","format-standard","has-post-thumbnail","hentry","category-progresion-de-grado","et-has-post-format-content","et_post_format-et-post-format-standard"],"acf":[],"yoast_head":"<!-- This site is optimized with the Yoast SEO plugin v26.4 - https:\/\/yoast.com\/wordpress\/plugins\/seo\/ -->\n<title>El preso de Zumarraga Xabier Zabalo ha sufrido una regresi\u00f3n de grado - Sare Herritarra<\/title>\n<meta name=\"robots\" content=\"index, follow, max-snippet:-1, max-image-preview:large, max-video-preview:-1\" \/>\n<link rel=\"canonical\" href=\"https:\/\/sare.eus\/es\/el-preso-de-zumarraga-xabier-zabalo-ha-sufrido-una-regresion-de-grado\/\" \/>\n<meta property=\"og:locale\" content=\"es_ES\" \/>\n<meta property=\"og:type\" content=\"article\" \/>\n<meta property=\"og:title\" content=\"El preso de Zumarraga Xabier Zabalo ha sufrido una regresi\u00f3n de grado - Sare Herritarra\" \/>\n<meta property=\"og:description\" content=\"El 21 de Febrero, el Gobierno Vasco acepto la progresi\u00f3n a tercer grado del preso Xabier Zabalo, tras, haber sido propuesto para ello por la junta de tratamiento de la [&hellip;]\" \/>\n<meta property=\"og:url\" content=\"https:\/\/sare.eus\/es\/el-preso-de-zumarraga-xabier-zabalo-ha-sufrido-una-regresion-de-grado\/\" \/>\n<meta property=\"og:site_name\" content=\"Sare Herritarra\" \/>\n<meta property=\"article:published_time\" content=\"2025-03-04T09:26:00+00:00\" \/>\n<meta property=\"og:image\" content=\"https:\/\/sare.eus\/wp-content\/uploads\/2025\/03\/XABIER-ZABALO-GRADU-ERREGRESIOA-web-01.jpg\" \/>\n\t<meta property=\"og:image:width\" content=\"1366\" \/>\n\t<meta property=\"og:image:height\" content=\"768\" \/>\n\t<meta property=\"og:image:type\" content=\"image\/jpeg\" \/>\n<meta name=\"author\" content=\"sare\" \/>\n<meta name=\"twitter:card\" content=\"summary_large_image\" \/>\n<meta name=\"twitter:label1\" content=\"Escrito por\" \/>\n\t<meta name=\"twitter:data1\" content=\"sare\" \/>\n\t<meta name=\"twitter:label2\" content=\"Tiempo de lectura\" \/>\n\t<meta name=\"twitter:data2\" content=\"3 minutos\" \/>\n<script type=\"application\/ld+json\" class=\"yoast-schema-graph\">{\"@context\":\"https:\/\/schema.org\",\"@graph\":[{\"@type\":\"Article\",\"@id\":\"https:\/\/sare.eus\/es\/el-preso-de-zumarraga-xabier-zabalo-ha-sufrido-una-regresion-de-grado\/#article\",\"isPartOf\":{\"@id\":\"https:\/\/sare.eus\/es\/el-preso-de-zumarraga-xabier-zabalo-ha-sufrido-una-regresion-de-grado\/\"},\"author\":{\"name\":\"sare\",\"@id\":\"https:\/\/sare.eus\/#\/schema\/person\/2fe6d0df294f56313d3ab236dbe38e17\"},\"headline\":\"El preso de Zumarraga Xabier Zabalo ha sufrido una regresi\u00f3n de grado\",\"datePublished\":\"2025-03-04T09:26:00+00:00\",\"mainEntityOfPage\":{\"@id\":\"https:\/\/sare.eus\/es\/el-preso-de-zumarraga-xabier-zabalo-ha-sufrido-una-regresion-de-grado\/\"},\"wordCount\":494,\"publisher\":{\"@id\":\"https:\/\/sare.eus\/#organization\"},\"image\":{\"@id\":\"https:\/\/sare.eus\/es\/el-preso-de-zumarraga-xabier-zabalo-ha-sufrido-una-regresion-de-grado\/#primaryimage\"},\"thumbnailUrl\":\"https:\/\/sare.eus\/wp-content\/uploads\/2025\/03\/XABIER-ZABALO-GRADU-ERREGRESIOA-web-01.jpg\",\"articleSection\":[\"Progresi\u00f3n de Grado\"],\"inLanguage\":\"es\"},{\"@type\":\"WebPage\",\"@id\":\"https:\/\/sare.eus\/es\/el-preso-de-zumarraga-xabier-zabalo-ha-sufrido-una-regresion-de-grado\/\",\"url\":\"https:\/\/sare.eus\/es\/el-preso-de-zumarraga-xabier-zabalo-ha-sufrido-una-regresion-de-grado\/\",\"name\":\"El preso de Zumarraga Xabier Zabalo ha sufrido una regresi\u00f3n de grado - Sare Herritarra\",\"isPartOf\":{\"@id\":\"https:\/\/sare.eus\/#website\"},\"primaryImageOfPage\":{\"@id\":\"https:\/\/sare.eus\/es\/el-preso-de-zumarraga-xabier-zabalo-ha-sufrido-una-regresion-de-grado\/#primaryimage\"},\"image\":{\"@id\":\"https:\/\/sare.eus\/es\/el-preso-de-zumarraga-xabier-zabalo-ha-sufrido-una-regresion-de-grado\/#primaryimage\"},\"thumbnailUrl\":\"https:\/\/sare.eus\/wp-content\/uploads\/2025\/03\/XABIER-ZABALO-GRADU-ERREGRESIOA-web-01.jpg\",\"datePublished\":\"2025-03-04T09:26:00+00:00\",\"breadcrumb\":{\"@id\":\"https:\/\/sare.eus\/es\/el-preso-de-zumarraga-xabier-zabalo-ha-sufrido-una-regresion-de-grado\/#breadcrumb\"},\"inLanguage\":\"es\",\"potentialAction\":[{\"@type\":\"ReadAction\",\"target\":[\"https:\/\/sare.eus\/es\/el-preso-de-zumarraga-xabier-zabalo-ha-sufrido-una-regresion-de-grado\/\"]}]},{\"@type\":\"ImageObject\",\"inLanguage\":\"es\",\"@id\":\"https:\/\/sare.eus\/es\/el-preso-de-zumarraga-xabier-zabalo-ha-sufrido-una-regresion-de-grado\/#primaryimage\",\"url\":\"https:\/\/sare.eus\/wp-content\/uploads\/2025\/03\/XABIER-ZABALO-GRADU-ERREGRESIOA-web-01.jpg\",\"contentUrl\":\"https:\/\/sare.eus\/wp-content\/uploads\/2025\/03\/XABIER-ZABALO-GRADU-ERREGRESIOA-web-01.jpg\",\"width\":1366,\"height\":768},{\"@type\":\"BreadcrumbList\",\"@id\":\"https:\/\/sare.eus\/es\/el-preso-de-zumarraga-xabier-zabalo-ha-sufrido-una-regresion-de-grado\/#breadcrumb\",\"itemListElement\":[{\"@type\":\"ListItem\",\"position\":1,\"name\":\"Home\",\"item\":\"https:\/\/sare.eus\/\"},{\"@type\":\"ListItem\",\"position\":2,\"name\":\"El preso de Zumarraga Xabier Zabalo ha sufrido una regresi\u00f3n de grado\"}]},{\"@type\":\"WebSite\",\"@id\":\"https:\/\/sare.eus\/#website\",\"url\":\"https:\/\/sare.eus\/\",\"name\":\"Sare Herritarra\",\"description\":\"KONPONBIDEAREN ETA GIZA ESKUBIDEEN ALDEKO SARE HERRITARRA\",\"publisher\":{\"@id\":\"https:\/\/sare.eus\/#organization\"},\"potentialAction\":[{\"@type\":\"SearchAction\",\"target\":{\"@type\":\"EntryPoint\",\"urlTemplate\":\"https:\/\/sare.eus\/?s={search_term_string}\"},\"query-input\":{\"@type\":\"PropertyValueSpecification\",\"valueRequired\":true,\"valueName\":\"search_term_string\"}}],\"inLanguage\":\"es\"},{\"@type\":\"Organization\",\"@id\":\"https:\/\/sare.eus\/#organization\",\"name\":\"Sare Herritarra\",\"url\":\"https:\/\/sare.eus\/\",\"logo\":{\"@type\":\"ImageObject\",\"inLanguage\":\"es\",\"@id\":\"https:\/\/sare.eus\/#\/schema\/logo\/image\/\",\"url\":\"https:\/\/sare.eus\/wp-content\/uploads\/2021\/08\/sare.png\",\"contentUrl\":\"https:\/\/sare.eus\/wp-content\/uploads\/2021\/08\/sare.png\",\"width\":120,\"height\":142,\"caption\":\"Sare Herritarra\"},\"image\":{\"@id\":\"https:\/\/sare.eus\/#\/schema\/logo\/image\/\"}},{\"@type\":\"Person\",\"@id\":\"https:\/\/sare.eus\/#\/schema\/person\/2fe6d0df294f56313d3ab236dbe38e17\",\"name\":\"sare\",\"image\":{\"@type\":\"ImageObject\",\"inLanguage\":\"es\",\"@id\":\"https:\/\/sare.eus\/#\/schema\/person\/image\/\",\"url\":\"https:\/\/secure.gravatar.com\/avatar\/77cad838677ceb1977e7b3c878b55eaa7fa4aae2158983063b047c3ad7ef2c25?s=96&d=mm&r=g\",\"contentUrl\":\"https:\/\/secure.gravatar.com\/avatar\/77cad838677ceb1977e7b3c878b55eaa7fa4aae2158983063b047c3ad7ef2c25?s=96&d=mm&r=g\",\"caption\":\"sare\"},\"url\":\"https:\/\/sare.eus\/es\/author\/sare\/\"}]}<\/script>\n<!-- \/ Yoast SEO plugin. -->","yoast_head_json":{"title":"El preso de Zumarraga Xabier Zabalo ha sufrido una regresi\u00f3n de grado - Sare Herritarra","robots":{"index":"index","follow":"follow","max-snippet":"max-snippet:-1","max-image-preview":"max-image-preview:large","max-video-preview":"max-video-preview:-1"},"canonical":"https:\/\/sare.eus\/es\/el-preso-de-zumarraga-xabier-zabalo-ha-sufrido-una-regresion-de-grado\/","og_locale":"es_ES","og_type":"article","og_title":"El preso de Zumarraga Xabier Zabalo ha sufrido una regresi\u00f3n de grado - Sare Herritarra","og_description":"El 21 de Febrero, el Gobierno Vasco acepto la progresi\u00f3n a tercer grado del preso Xabier Zabalo, tras, haber sido propuesto para ello por la junta de tratamiento de la [&hellip;]","og_url":"https:\/\/sare.eus\/es\/el-preso-de-zumarraga-xabier-zabalo-ha-sufrido-una-regresion-de-grado\/","og_site_name":"Sare Herritarra","article_published_time":"2025-03-04T09:26:00+00:00","og_image":[{"width":1366,"height":768,"url":"https:\/\/sare.eus\/wp-content\/uploads\/2025\/03\/XABIER-ZABALO-GRADU-ERREGRESIOA-web-01.jpg","type":"image\/jpeg"}],"author":"sare","twitter_card":"summary_large_image","twitter_misc":{"Escrito por":"sare","Tiempo de lectura":"3 minutos"},"schema":{"@context":"https:\/\/schema.org","@graph":[{"@type":"Article","@id":"https:\/\/sare.eus\/es\/el-preso-de-zumarraga-xabier-zabalo-ha-sufrido-una-regresion-de-grado\/#article","isPartOf":{"@id":"https:\/\/sare.eus\/es\/el-preso-de-zumarraga-xabier-zabalo-ha-sufrido-una-regresion-de-grado\/"},"author":{"name":"sare","@id":"https:\/\/sare.eus\/#\/schema\/person\/2fe6d0df294f56313d3ab236dbe38e17"},"headline":"El preso de Zumarraga Xabier Zabalo ha sufrido una regresi\u00f3n de grado","datePublished":"2025-03-04T09:26:00+00:00","mainEntityOfPage":{"@id":"https:\/\/sare.eus\/es\/el-preso-de-zumarraga-xabier-zabalo-ha-sufrido-una-regresion-de-grado\/"},"wordCount":494,"publisher":{"@id":"https:\/\/sare.eus\/#organization"},"image":{"@id":"https:\/\/sare.eus\/es\/el-preso-de-zumarraga-xabier-zabalo-ha-sufrido-una-regresion-de-grado\/#primaryimage"},"thumbnailUrl":"https:\/\/sare.eus\/wp-content\/uploads\/2025\/03\/XABIER-ZABALO-GRADU-ERREGRESIOA-web-01.jpg","articleSection":["Progresi\u00f3n de Grado"],"inLanguage":"es"},{"@type":"WebPage","@id":"https:\/\/sare.eus\/es\/el-preso-de-zumarraga-xabier-zabalo-ha-sufrido-una-regresion-de-grado\/","url":"https:\/\/sare.eus\/es\/el-preso-de-zumarraga-xabier-zabalo-ha-sufrido-una-regresion-de-grado\/","name":"El preso de Zumarraga Xabier Zabalo ha sufrido una regresi\u00f3n de grado - Sare Herritarra","isPartOf":{"@id":"https:\/\/sare.eus\/#website"},"primaryImageOfPage":{"@id":"https:\/\/sare.eus\/es\/el-preso-de-zumarraga-xabier-zabalo-ha-sufrido-una-regresion-de-grado\/#primaryimage"},"image":{"@id":"https:\/\/sare.eus\/es\/el-preso-de-zumarraga-xabier-zabalo-ha-sufrido-una-regresion-de-grado\/#primaryimage"},"thumbnailUrl":"https:\/\/sare.eus\/wp-content\/uploads\/2025\/03\/XABIER-ZABALO-GRADU-ERREGRESIOA-web-01.jpg","datePublished":"2025-03-04T09:26:00+00:00","breadcrumb":{"@id":"https:\/\/sare.eus\/es\/el-preso-de-zumarraga-xabier-zabalo-ha-sufrido-una-regresion-de-grado\/#breadcrumb"},"inLanguage":"es","potentialAction":[{"@type":"ReadAction","target":["https:\/\/sare.eus\/es\/el-preso-de-zumarraga-xabier-zabalo-ha-sufrido-una-regresion-de-grado\/"]}]},{"@type":"ImageObject","inLanguage":"es","@id":"https:\/\/sare.eus\/es\/el-preso-de-zumarraga-xabier-zabalo-ha-sufrido-una-regresion-de-grado\/#primaryimage","url":"https:\/\/sare.eus\/wp-content\/uploads\/2025\/03\/XABIER-ZABALO-GRADU-ERREGRESIOA-web-01.jpg","contentUrl":"https:\/\/sare.eus\/wp-content\/uploads\/2025\/03\/XABIER-ZABALO-GRADU-ERREGRESIOA-web-01.jpg","width":1366,"height":768},{"@type":"BreadcrumbList","@id":"https:\/\/sare.eus\/es\/el-preso-de-zumarraga-xabier-zabalo-ha-sufrido-una-regresion-de-grado\/#breadcrumb","itemListElement":[{"@type":"ListItem","position":1,"name":"Home","item":"https:\/\/sare.eus\/"},{"@type":"ListItem","position":2,"name":"El preso de Zumarraga Xabier Zabalo ha sufrido una regresi\u00f3n de grado"}]},{"@type":"WebSite","@id":"https:\/\/sare.eus\/#website","url":"https:\/\/sare.eus\/","name":"Sare Herritarra","description":"KONPONBIDEAREN ETA GIZA ESKUBIDEEN ALDEKO SARE HERRITARRA","publisher":{"@id":"https:\/\/sare.eus\/#organization"},"potentialAction":[{"@type":"SearchAction","target":{"@type":"EntryPoint","urlTemplate":"https:\/\/sare.eus\/?s={search_term_string}"},"query-input":{"@type":"PropertyValueSpecification","valueRequired":true,"valueName":"search_term_string"}}],"inLanguage":"es"},{"@type":"Organization","@id":"https:\/\/sare.eus\/#organization","name":"Sare Herritarra","url":"https:\/\/sare.eus\/","logo":{"@type":"ImageObject","inLanguage":"es","@id":"https:\/\/sare.eus\/#\/schema\/logo\/image\/","url":"https:\/\/sare.eus\/wp-content\/uploads\/2021\/08\/sare.png","contentUrl":"https:\/\/sare.eus\/wp-content\/uploads\/2021\/08\/sare.png","width":120,"height":142,"caption":"Sare Herritarra"},"image":{"@id":"https:\/\/sare.eus\/#\/schema\/logo\/image\/"}},{"@type":"Person","@id":"https:\/\/sare.eus\/#\/schema\/person\/2fe6d0df294f56313d3ab236dbe38e17","name":"sare","image":{"@type":"ImageObject","inLanguage":"es","@id":"https:\/\/sare.eus\/#\/schema\/person\/image\/","url":"https:\/\/secure.gravatar.com\/avatar\/77cad838677ceb1977e7b3c878b55eaa7fa4aae2158983063b047c3ad7ef2c25?s=96&d=mm&r=g","contentUrl":"https:\/\/secure.gravatar.com\/avatar\/77cad838677ceb1977e7b3c878b55eaa7fa4aae2158983063b047c3ad7ef2c25?s=96&d=mm&r=g","caption":"sare"},"url":"https:\/\/sare.eus\/es\/author\/sare\/"}]}},"_links":{"self":[{"href":"https:\/\/sare.eus\/es\/wp-json\/wp\/v2\/posts\/7831","targetHints":{"allow":["GET"]}}],"collection":[{"href":"https:\/\/sare.eus\/es\/wp-json\/wp\/v2\/posts"}],"about":[{"href":"https:\/\/sare.eus\/es\/wp-json\/wp\/v2\/types\/post"}],"author":[{"embeddable":true,"href":"https:\/\/sare.eus\/es\/wp-json\/wp\/v2\/users\/2"}],"replies":[{"embeddable":true,"href":"https:\/\/sare.eus\/es\/wp-json\/wp\/v2\/comments?post=7831"}],"version-history":[{"count":2,"href":"https:\/\/sare.eus\/es\/wp-json\/wp\/v2\/posts\/7831\/revisions"}],"predecessor-version":[{"id":7833,"href":"https:\/\/sare.eus\/es\/wp-json\/wp\/v2\/posts\/7831\/revisions\/7833"}],"wp:featuredmedia":[{"embeddable":true,"href":"https:\/\/sare.eus\/es\/wp-json\/wp\/v2\/media\/7830"}],"wp:attachment":[{"href":"https:\/\/sare.eus\/es\/wp-json\/wp\/v2\/media?parent=7831"}],"wp:term":[{"taxonomy":"category","embeddable":true,"href":"https:\/\/sare.eus\/es\/wp-json\/wp\/v2\/categories?post=7831"},{"taxonomy":"post_tag","embeddable":true,"href":"https:\/\/sare.eus\/es\/wp-json\/wp\/v2\/tags?post=7831"}],"curies":[{"name":"wp","href":"https:\/\/api.w.org\/{rel}","templated":true}]}}