{"id":7772,"date":"2025-01-28T16:29:34","date_gmt":"2025-01-28T15:29:34","guid":{"rendered":"https:\/\/sare.eus\/iritzia-sareko-elkarguneko-kideak-sare-urtarrilaren-11ren-ondoren\/"},"modified":"2025-01-28T16:44:45","modified_gmt":"2025-01-28T15:44:45","slug":"sare-tras-el-11-de-enero","status":"publish","type":"post","link":"https:\/\/sare.eus\/es\/sare-tras-el-11-de-enero\/","title":{"rendered":"Opini\u00f3n | Firman este art\u00edculo: SARE tras el 11 de enero"},"content":{"rendered":"<p>La Red Ciudadana SARE convoc\u00f3 y congreg\u00f3 el pasado 11 de enero a decenas de miles de personas en la manifestaci\u00f3n que, desde hace a\u00f1os, se viene celebrando en Bilbo.<\/p>\n<p>Hemos querido dejar pasar unos d\u00edas. Reposar lo que vimos y vivimos. Escuchar lo que unos y otros han dicho de esta manifestaci\u00f3n y nos quedamos con lo que para nosotros es lo importante. Un a\u00f1o m\u00e1s, una parte de la sociedad vasca demostr\u00f3, con su presencia, la existencia de un problema latente durante a\u00f1os que necesita de una soluci\u00f3n urgente.<\/p>\n<p>El dato de asistencia es esperanzador porque, en t\u00e9rminos de movilizaci\u00f3n, muestran que una parte no poco importante de la sociedad vasca defiende estos objetivos, que deber\u00edan tomarse muy en serio. M\u00e1s a\u00fan cuando una gran parte de quienes se movilizaron eran personas j\u00f3venes, no estrictamente militantes y que no han conocido, por su edad, los peores tiempos de este periodo de nuestro reciente pasado. En contraste con esa percepci\u00f3n hemos escuchado tres tipos de mensajes.<\/p>\n<p>Uno, primero, donde subrayan que, desde su relato de lo ocurrido, \u201cse est\u00e1 cerrando un cap\u00edtulo de manera excesivamente r\u00e1pida, sin la debida lectura del pasado\u201d. No parece que el concepto de rapidez encaje con la vivencia de la mayor\u00eda de los presos y presas con 25 a\u00f1os de condena cumplidos y que a\u00fan siguen en la c\u00e1rcel.<\/p>\n<p>Por otro lado, hay quienes interpretan como actos de blanqueamiento o de enaltecimiento de los presos de ETA o de humillaci\u00f3n a las v\u00edctimas, cuando un cartel en cualquier rinc\u00f3n del pa\u00eds dice simplemente \u201cfulanito de tal, tiene derecho a que se le reconozca al tercer grado\u201d, lo que es una constataci\u00f3n de justicia penal.<\/p>\n<p>Y tercer mensaje. Se nos ha dicho, tambi\u00e9n, que algunas de nuestras declaraciones o expresiones son exageradas porque nos arrogamos el sentir mayoritario de la sociedad. No es cierto. Solo constatamos un dato real. Una parte de nuestra sociedad no quiere que su silencio se interprete como ajeno a un problema como el penitenciario y, en concreto, a la situaci\u00f3n de los presos y presas privados de libertad por su colaboraci\u00f3n o pertenencia a una organizaci\u00f3n ya desaparecida hace a\u00f1os. Y se movilizan, aun teniendo en cuenta que en los \u00faltimos a\u00f1os se han dado pasos importantes.<\/p>\n<p>El primero, que ETA desapareci\u00f3 hace varios a\u00f1os. El segundo es que hemos ido superando las expresiones m\u00e1s visibles de eso que denominamos pol\u00edticas de excepci\u00f3n. Atr\u00e1s quedaron la dispersi\u00f3n, el alejamiento, la aplicaci\u00f3n de reg\u00edmenes de aislamiento, el n\u00famero de personas privadas de libertad es el menor de la historia y, aun as\u00ed, el movimiento de defensa de los derechos de estas personas y, a la postre, que reclama su excarcelaci\u00f3n a trav\u00e9s de la aplicaci\u00f3n de una pol\u00edtica penitenciaria de car\u00e1cter ordinario, mantiene una consistencia que, en enero, se plasma en una movilizaci\u00f3n coma la vivida hace unos d\u00edas, pero que se extiende a lo largo del a\u00f1o de otras formas.<\/p>\n<p>En fin, que la relativa pujanza de este movimiento corre paralelo a la insistencia de algunos en minusvalorar la importancia de que decenas de miles de personas llenaron las calles de Bilbo.<\/p>\n<p>Y hemos de decir que nos preocupan algunas de estas actitudes. No porque tengamos miedo a la cr\u00edtica, sino porque estas posiciones no conducen a una reflexi\u00f3n abierta por parte de todos que conduzcan a la convivencia. M\u00e1s bien todo lo contrario. La frustraci\u00f3n y el tono airado, desde la superioridad \u00e9tica de algunos, no hacen otra cosa que agravarla en perjuicio de todos. Pero es la interpretaci\u00f3n reflexiva y tranquila sobre lo que est\u00e1 ocurriendo, incluyendo una m\u00e1s adecuada y justa valoraci\u00f3n y reconocimiento de los sufrimientos que generaron todas las violencias padecidas en nuestro pa\u00eds, la que nos ofrecer\u00e1 un marco de actuaci\u00f3n que favorezca realmente la convivencia. Con ella, posiblemente, estaremos dando un paso importante en favor de una paz sin injusticias, una resoluci\u00f3n de todas las consecuencias de estas violencias y de una convivencia real.<\/p>\n<p><strong>Firman este art\u00edculo: Joseba Azkarraga, Bego Atxa, Mikel Mundi\u00f1ano, Nahikari Iturbe, I\u00f1aki y Xabi Bidaurre, Ion Marauri, E\u00f1aut Landa y Be\u00f1at Uribe-Etxeberria Miembros del Elkargune de SARE<\/strong><\/p>\n","protected":false},"excerpt":{"rendered":"<p>La Red Ciudadana SARE convoc\u00f3 y congreg\u00f3 el pasado 11 de enero a decenas de miles de personas en la manifestaci\u00f3n que, desde hace a\u00f1os, se viene celebrando en Bilbo. [&hellip;]<\/p>\n","protected":false},"author":2,"featured_media":7770,"comment_status":"closed","ping_status":"closed","sticky":false,"template":"","format":"standard","meta":{"_acf_changed":false,"_et_pb_use_builder":"","_et_pb_old_content":"","_et_gb_content_width":"","footnotes":""},"categories":[60],"tags":[],"class_list":["post-7772","post","type-post","status-publish","format-standard","has-post-thumbnail","hentry","category-etxera-es","et-has-post-format-content","et_post_format-et-post-format-standard"],"acf":[],"yoast_head":"<!-- This site is optimized with the Yoast SEO plugin v26.4 - https:\/\/yoast.com\/wordpress\/plugins\/seo\/ -->\n<title>Opini\u00f3n | Firman este art\u00edculo: SARE tras el 11 de enero - Sare Herritarra<\/title>\n<meta name=\"robots\" content=\"index, follow, max-snippet:-1, max-image-preview:large, max-video-preview:-1\" \/>\n<link rel=\"canonical\" href=\"https:\/\/sare.eus\/es\/sare-tras-el-11-de-enero\/\" \/>\n<meta property=\"og:locale\" content=\"es_ES\" \/>\n<meta property=\"og:type\" content=\"article\" \/>\n<meta property=\"og:title\" content=\"Opini\u00f3n | Firman este art\u00edculo: SARE tras el 11 de enero - Sare Herritarra\" \/>\n<meta property=\"og:description\" content=\"La Red Ciudadana SARE convoc\u00f3 y congreg\u00f3 el pasado 11 de enero a decenas de miles de personas en la manifestaci\u00f3n que, desde hace a\u00f1os, se viene celebrando en Bilbo. [&hellip;]\" \/>\n<meta property=\"og:url\" content=\"https:\/\/sare.eus\/es\/sare-tras-el-11-de-enero\/\" \/>\n<meta property=\"og:site_name\" content=\"Sare Herritarra\" \/>\n<meta property=\"article:published_time\" content=\"2025-01-28T15:29:34+00:00\" \/>\n<meta property=\"article:modified_time\" content=\"2025-01-28T15:44:45+00:00\" \/>\n<meta property=\"og:image\" content=\"https:\/\/sare.eus\/wp-content\/uploads\/2025\/01\/AZL20733-scaled.jpg\" \/>\n\t<meta property=\"og:image:width\" content=\"2560\" \/>\n\t<meta property=\"og:image:height\" content=\"1707\" \/>\n\t<meta property=\"og:image:type\" content=\"image\/jpeg\" \/>\n<meta name=\"author\" content=\"sare\" \/>\n<meta name=\"twitter:card\" content=\"summary_large_image\" \/>\n<meta name=\"twitter:label1\" content=\"Escrito por\" \/>\n\t<meta name=\"twitter:data1\" content=\"sare\" \/>\n\t<meta name=\"twitter:label2\" content=\"Tiempo de lectura\" \/>\n\t<meta name=\"twitter:data2\" content=\"4 minutos\" \/>\n<script type=\"application\/ld+json\" class=\"yoast-schema-graph\">{\"@context\":\"https:\/\/schema.org\",\"@graph\":[{\"@type\":\"Article\",\"@id\":\"https:\/\/sare.eus\/es\/sare-tras-el-11-de-enero\/#article\",\"isPartOf\":{\"@id\":\"https:\/\/sare.eus\/es\/sare-tras-el-11-de-enero\/\"},\"author\":{\"name\":\"sare\",\"@id\":\"https:\/\/sare.eus\/#\/schema\/person\/2fe6d0df294f56313d3ab236dbe38e17\"},\"headline\":\"Opini\u00f3n | Firman este art\u00edculo: SARE tras el 11 de enero\",\"datePublished\":\"2025-01-28T15:29:34+00:00\",\"dateModified\":\"2025-01-28T15:44:45+00:00\",\"mainEntityOfPage\":{\"@id\":\"https:\/\/sare.eus\/es\/sare-tras-el-11-de-enero\/\"},\"wordCount\":761,\"publisher\":{\"@id\":\"https:\/\/sare.eus\/#organization\"},\"image\":{\"@id\":\"https:\/\/sare.eus\/es\/sare-tras-el-11-de-enero\/#primaryimage\"},\"thumbnailUrl\":\"https:\/\/sare.eus\/wp-content\/uploads\/2025\/01\/AZL20733-scaled.jpg\",\"articleSection\":[\"Etxera\"],\"inLanguage\":\"es\"},{\"@type\":\"WebPage\",\"@id\":\"https:\/\/sare.eus\/es\/sare-tras-el-11-de-enero\/\",\"url\":\"https:\/\/sare.eus\/es\/sare-tras-el-11-de-enero\/\",\"name\":\"Opini\u00f3n | Firman este art\u00edculo: SARE tras el 11 de enero - Sare Herritarra\",\"isPartOf\":{\"@id\":\"https:\/\/sare.eus\/#website\"},\"primaryImageOfPage\":{\"@id\":\"https:\/\/sare.eus\/es\/sare-tras-el-11-de-enero\/#primaryimage\"},\"image\":{\"@id\":\"https:\/\/sare.eus\/es\/sare-tras-el-11-de-enero\/#primaryimage\"},\"thumbnailUrl\":\"https:\/\/sare.eus\/wp-content\/uploads\/2025\/01\/AZL20733-scaled.jpg\",\"datePublished\":\"2025-01-28T15:29:34+00:00\",\"dateModified\":\"2025-01-28T15:44:45+00:00\",\"breadcrumb\":{\"@id\":\"https:\/\/sare.eus\/es\/sare-tras-el-11-de-enero\/#breadcrumb\"},\"inLanguage\":\"es\",\"potentialAction\":[{\"@type\":\"ReadAction\",\"target\":[\"https:\/\/sare.eus\/es\/sare-tras-el-11-de-enero\/\"]}]},{\"@type\":\"ImageObject\",\"inLanguage\":\"es\",\"@id\":\"https:\/\/sare.eus\/es\/sare-tras-el-11-de-enero\/#primaryimage\",\"url\":\"https:\/\/sare.eus\/wp-content\/uploads\/2025\/01\/AZL20733-scaled.jpg\",\"contentUrl\":\"https:\/\/sare.eus\/wp-content\/uploads\/2025\/01\/AZL20733-scaled.jpg\",\"width\":2560,\"height\":1707},{\"@type\":\"BreadcrumbList\",\"@id\":\"https:\/\/sare.eus\/es\/sare-tras-el-11-de-enero\/#breadcrumb\",\"itemListElement\":[{\"@type\":\"ListItem\",\"position\":1,\"name\":\"Home\",\"item\":\"https:\/\/sare.eus\/\"},{\"@type\":\"ListItem\",\"position\":2,\"name\":\"Opini\u00f3n | Firman este art\u00edculo: SARE tras el 11 de enero\"}]},{\"@type\":\"WebSite\",\"@id\":\"https:\/\/sare.eus\/#website\",\"url\":\"https:\/\/sare.eus\/\",\"name\":\"Sare Herritarra\",\"description\":\"KONPONBIDEAREN ETA GIZA ESKUBIDEEN ALDEKO SARE HERRITARRA\",\"publisher\":{\"@id\":\"https:\/\/sare.eus\/#organization\"},\"potentialAction\":[{\"@type\":\"SearchAction\",\"target\":{\"@type\":\"EntryPoint\",\"urlTemplate\":\"https:\/\/sare.eus\/?s={search_term_string}\"},\"query-input\":{\"@type\":\"PropertyValueSpecification\",\"valueRequired\":true,\"valueName\":\"search_term_string\"}}],\"inLanguage\":\"es\"},{\"@type\":\"Organization\",\"@id\":\"https:\/\/sare.eus\/#organization\",\"name\":\"Sare Herritarra\",\"url\":\"https:\/\/sare.eus\/\",\"logo\":{\"@type\":\"ImageObject\",\"inLanguage\":\"es\",\"@id\":\"https:\/\/sare.eus\/#\/schema\/logo\/image\/\",\"url\":\"https:\/\/sare.eus\/wp-content\/uploads\/2021\/08\/sare.png\",\"contentUrl\":\"https:\/\/sare.eus\/wp-content\/uploads\/2021\/08\/sare.png\",\"width\":120,\"height\":142,\"caption\":\"Sare Herritarra\"},\"image\":{\"@id\":\"https:\/\/sare.eus\/#\/schema\/logo\/image\/\"}},{\"@type\":\"Person\",\"@id\":\"https:\/\/sare.eus\/#\/schema\/person\/2fe6d0df294f56313d3ab236dbe38e17\",\"name\":\"sare\",\"image\":{\"@type\":\"ImageObject\",\"inLanguage\":\"es\",\"@id\":\"https:\/\/sare.eus\/#\/schema\/person\/image\/\",\"url\":\"https:\/\/secure.gravatar.com\/avatar\/77cad838677ceb1977e7b3c878b55eaa7fa4aae2158983063b047c3ad7ef2c25?s=96&d=mm&r=g\",\"contentUrl\":\"https:\/\/secure.gravatar.com\/avatar\/77cad838677ceb1977e7b3c878b55eaa7fa4aae2158983063b047c3ad7ef2c25?s=96&d=mm&r=g\",\"caption\":\"sare\"},\"url\":\"https:\/\/sare.eus\/es\/author\/sare\/\"}]}<\/script>\n<!-- \/ Yoast SEO plugin. -->","yoast_head_json":{"title":"Opini\u00f3n | Firman este art\u00edculo: SARE tras el 11 de enero - Sare Herritarra","robots":{"index":"index","follow":"follow","max-snippet":"max-snippet:-1","max-image-preview":"max-image-preview:large","max-video-preview":"max-video-preview:-1"},"canonical":"https:\/\/sare.eus\/es\/sare-tras-el-11-de-enero\/","og_locale":"es_ES","og_type":"article","og_title":"Opini\u00f3n | Firman este art\u00edculo: SARE tras el 11 de enero - Sare Herritarra","og_description":"La Red Ciudadana SARE convoc\u00f3 y congreg\u00f3 el pasado 11 de enero a decenas de miles de personas en la manifestaci\u00f3n que, desde hace a\u00f1os, se viene celebrando en Bilbo. [&hellip;]","og_url":"https:\/\/sare.eus\/es\/sare-tras-el-11-de-enero\/","og_site_name":"Sare Herritarra","article_published_time":"2025-01-28T15:29:34+00:00","article_modified_time":"2025-01-28T15:44:45+00:00","og_image":[{"width":2560,"height":1707,"url":"https:\/\/sare.eus\/wp-content\/uploads\/2025\/01\/AZL20733-scaled.jpg","type":"image\/jpeg"}],"author":"sare","twitter_card":"summary_large_image","twitter_misc":{"Escrito por":"sare","Tiempo de lectura":"4 minutos"},"schema":{"@context":"https:\/\/schema.org","@graph":[{"@type":"Article","@id":"https:\/\/sare.eus\/es\/sare-tras-el-11-de-enero\/#article","isPartOf":{"@id":"https:\/\/sare.eus\/es\/sare-tras-el-11-de-enero\/"},"author":{"name":"sare","@id":"https:\/\/sare.eus\/#\/schema\/person\/2fe6d0df294f56313d3ab236dbe38e17"},"headline":"Opini\u00f3n | Firman este art\u00edculo: SARE tras el 11 de enero","datePublished":"2025-01-28T15:29:34+00:00","dateModified":"2025-01-28T15:44:45+00:00","mainEntityOfPage":{"@id":"https:\/\/sare.eus\/es\/sare-tras-el-11-de-enero\/"},"wordCount":761,"publisher":{"@id":"https:\/\/sare.eus\/#organization"},"image":{"@id":"https:\/\/sare.eus\/es\/sare-tras-el-11-de-enero\/#primaryimage"},"thumbnailUrl":"https:\/\/sare.eus\/wp-content\/uploads\/2025\/01\/AZL20733-scaled.jpg","articleSection":["Etxera"],"inLanguage":"es"},{"@type":"WebPage","@id":"https:\/\/sare.eus\/es\/sare-tras-el-11-de-enero\/","url":"https:\/\/sare.eus\/es\/sare-tras-el-11-de-enero\/","name":"Opini\u00f3n | Firman este art\u00edculo: SARE tras el 11 de enero - Sare Herritarra","isPartOf":{"@id":"https:\/\/sare.eus\/#website"},"primaryImageOfPage":{"@id":"https:\/\/sare.eus\/es\/sare-tras-el-11-de-enero\/#primaryimage"},"image":{"@id":"https:\/\/sare.eus\/es\/sare-tras-el-11-de-enero\/#primaryimage"},"thumbnailUrl":"https:\/\/sare.eus\/wp-content\/uploads\/2025\/01\/AZL20733-scaled.jpg","datePublished":"2025-01-28T15:29:34+00:00","dateModified":"2025-01-28T15:44:45+00:00","breadcrumb":{"@id":"https:\/\/sare.eus\/es\/sare-tras-el-11-de-enero\/#breadcrumb"},"inLanguage":"es","potentialAction":[{"@type":"ReadAction","target":["https:\/\/sare.eus\/es\/sare-tras-el-11-de-enero\/"]}]},{"@type":"ImageObject","inLanguage":"es","@id":"https:\/\/sare.eus\/es\/sare-tras-el-11-de-enero\/#primaryimage","url":"https:\/\/sare.eus\/wp-content\/uploads\/2025\/01\/AZL20733-scaled.jpg","contentUrl":"https:\/\/sare.eus\/wp-content\/uploads\/2025\/01\/AZL20733-scaled.jpg","width":2560,"height":1707},{"@type":"BreadcrumbList","@id":"https:\/\/sare.eus\/es\/sare-tras-el-11-de-enero\/#breadcrumb","itemListElement":[{"@type":"ListItem","position":1,"name":"Home","item":"https:\/\/sare.eus\/"},{"@type":"ListItem","position":2,"name":"Opini\u00f3n | Firman este art\u00edculo: SARE tras el 11 de enero"}]},{"@type":"WebSite","@id":"https:\/\/sare.eus\/#website","url":"https:\/\/sare.eus\/","name":"Sare Herritarra","description":"KONPONBIDEAREN ETA GIZA ESKUBIDEEN ALDEKO SARE HERRITARRA","publisher":{"@id":"https:\/\/sare.eus\/#organization"},"potentialAction":[{"@type":"SearchAction","target":{"@type":"EntryPoint","urlTemplate":"https:\/\/sare.eus\/?s={search_term_string}"},"query-input":{"@type":"PropertyValueSpecification","valueRequired":true,"valueName":"search_term_string"}}],"inLanguage":"es"},{"@type":"Organization","@id":"https:\/\/sare.eus\/#organization","name":"Sare Herritarra","url":"https:\/\/sare.eus\/","logo":{"@type":"ImageObject","inLanguage":"es","@id":"https:\/\/sare.eus\/#\/schema\/logo\/image\/","url":"https:\/\/sare.eus\/wp-content\/uploads\/2021\/08\/sare.png","contentUrl":"https:\/\/sare.eus\/wp-content\/uploads\/2021\/08\/sare.png","width":120,"height":142,"caption":"Sare Herritarra"},"image":{"@id":"https:\/\/sare.eus\/#\/schema\/logo\/image\/"}},{"@type":"Person","@id":"https:\/\/sare.eus\/#\/schema\/person\/2fe6d0df294f56313d3ab236dbe38e17","name":"sare","image":{"@type":"ImageObject","inLanguage":"es","@id":"https:\/\/sare.eus\/#\/schema\/person\/image\/","url":"https:\/\/secure.gravatar.com\/avatar\/77cad838677ceb1977e7b3c878b55eaa7fa4aae2158983063b047c3ad7ef2c25?s=96&d=mm&r=g","contentUrl":"https:\/\/secure.gravatar.com\/avatar\/77cad838677ceb1977e7b3c878b55eaa7fa4aae2158983063b047c3ad7ef2c25?s=96&d=mm&r=g","caption":"sare"},"url":"https:\/\/sare.eus\/es\/author\/sare\/"}]}},"_links":{"self":[{"href":"https:\/\/sare.eus\/es\/wp-json\/wp\/v2\/posts\/7772","targetHints":{"allow":["GET"]}}],"collection":[{"href":"https:\/\/sare.eus\/es\/wp-json\/wp\/v2\/posts"}],"about":[{"href":"https:\/\/sare.eus\/es\/wp-json\/wp\/v2\/types\/post"}],"author":[{"embeddable":true,"href":"https:\/\/sare.eus\/es\/wp-json\/wp\/v2\/users\/2"}],"replies":[{"embeddable":true,"href":"https:\/\/sare.eus\/es\/wp-json\/wp\/v2\/comments?post=7772"}],"version-history":[{"count":2,"href":"https:\/\/sare.eus\/es\/wp-json\/wp\/v2\/posts\/7772\/revisions"}],"predecessor-version":[{"id":7774,"href":"https:\/\/sare.eus\/es\/wp-json\/wp\/v2\/posts\/7772\/revisions\/7774"}],"wp:featuredmedia":[{"embeddable":true,"href":"https:\/\/sare.eus\/es\/wp-json\/wp\/v2\/media\/7770"}],"wp:attachment":[{"href":"https:\/\/sare.eus\/es\/wp-json\/wp\/v2\/media?parent=7772"}],"wp:term":[{"taxonomy":"category","embeddable":true,"href":"https:\/\/sare.eus\/es\/wp-json\/wp\/v2\/categories?post=7772"},{"taxonomy":"post_tag","embeddable":true,"href":"https:\/\/sare.eus\/es\/wp-json\/wp\/v2\/tags?post=7772"}],"curies":[{"name":"wp","href":"https:\/\/api.w.org\/{rel}","templated":true}]}}