{"id":7217,"date":"2025-01-11T10:38:00","date_gmt":"2025-01-11T09:38:00","guid":{"rendered":"https:\/\/sare.eus\/u11-bilbo-hitzartzea-behin-betiko-konponbidea-elkarbizitza-bakea\/"},"modified":"2025-01-17T17:26:36","modified_gmt":"2025-01-17T16:26:36","slug":"11-ene-bilbo-intervencion","status":"publish","type":"post","link":"https:\/\/sare.eus\/es\/11-ene-bilbo-intervencion\/","title":{"rendered":"11 ENE BILBO INTERVENCI\u00d3N | DEFINITIVAMENTE. Paz. Resoluci\u00f3n. Convivencia."},"content":{"rendered":"<p>Agradecimientos a todos y todas vosotras, por haber vuelto a llenar las calles de Bilbo de ilusi\u00f3n y de esperanza; reivindicando, una vez m\u00e1s, los derechos de las presas y presos vascos.<\/p>\n<p>Gracias a las mujeres y hombres de nuestro Pa\u00eds, que dicen alto y claro que sin resolver la situaci\u00f3n de las personas presas, no hay ni habr\u00e1 normalidad posible.<\/p>\n<p>Porque La RESOLUCI\u00d3N es la base de la convivencia. Solo eso nos acercar\u00e1 a una paz justa.<\/p>\n<p>Eskerrik asko a los partidos pol\u00edticos, sindicatos y asociaciones de Euskal Herria, porque estando presentes hoy aqu\u00ed o no, comparten y apoyan esta reivindicaci\u00f3n.<\/p>\n<p>Moltes gr\u00e1cies , als nostres amics i amigues de Catalumya e Illes Balears per ser-hi. Gracies, una vegada m\u00e9s: OMNIUN, ANC, ERC, JUNTS, CUP, M\u00c8S PER MALLORCA y la COORDINADORA DE L\u00b4ADVPCACIA DE CATALUNYA, per la vostra solidaritat.<\/p>\n<p>Moitas grazas, BLOQUE NACIONALISTA GALEGO.<\/p>\n<p>Pdte. Quim Torra, Moltes gracies, per apoiar-nos una vegada mes.<\/p>\n<p>Mila esker, Ines Osinaga, Gorka Knorr eta Lluis Llach<\/p>\n<p>Nuestra reivindicaci\u00f3n, cuenta con los gritos de \u00e1nimo de los miles y miles de personas que se agolpan hoy en las calles de Bilbo, que no van a permitir que, en su nombre, se contin\u00faen vulnerando derechos y aumentando la crispaci\u00f3n y el enfrentamiento.<\/p>\n<p>Entre todos y todas, desactivaremos las pol\u00edticas vulneradoras de los derechos de las personas presas.<\/p>\n<p>Entre todos y todas, las traeremos a casa, junto con los exiliados y deportados.<br \/>\n<iframe loading=\"lazy\" title=\"YouTube video player\" src=\"https:\/\/www.youtube.com\/embed\/rLqKzAbMCO4?si=mutaUNDLzf3guxt2\" width=\"560\" height=\"315\" frameborder=\"0\" allowfullscreen=\"allowfullscreen\"><\/iframe><\/p>\n<p>Vamos avanzando. Vamos cubriendo etapas. Sin duda, m\u00e1s lentamente de lo que quisi\u00e9ramos, pero vamos bien: hace tiempo que dejamos atr\u00e1s las vulneraciones de derechos a los presos y presas vascos, que supusieron las pol\u00edticas de alejamiento; las celdas de aislamiento; la permanencia en primer grado hasta el final de las condenas; Y la \u00faltima victoria arrancada a quienes se empe\u00f1an en mantenerse en el bloqueo y la crispaci\u00f3n: el fin del no computo de penas, que ha representado una de las mayores aberraciones jur\u00eddicas a las que se ha sometido a estas presas y presos.<\/p>\n<p>Hoy la expresi\u00f3n de nuestras caras es de m\u00e1s alegr\u00eda que el pasado a\u00f1o. Y el a\u00f1o que viene ser\u00e1 a\u00fan mejor. Pero eso depender\u00e1 del trabajo de todos y todas nosotras.<\/p>\n<p>Nos toca continuar empujando y esto, solo podemos hacerlo, si caminamos juntos, si nos conjuramos para hacer frente a todos los obst\u00e1culos que nos pongan por delante. Solo desde la unidad, desde el compromiso militante por el derecho y los DDHH, es posible poner fin a d\u00e9cadas de confrontaci\u00f3n y sufrimiento.<\/p>\n<p>Sin embargo, excepcionalidades que a\u00fan se mantienen. No solo las derivadas de legislaciones que se aprobaron hace m\u00e1s de 20 a\u00f1os, en \u00e9pocas que nada tienen que ver con las que hoy vive la sociedad vasca, sino las practicadas en el d\u00eda a d\u00eda de la gesti\u00f3n penitenciaria.<\/p>\n<p>Tenemos que decir, en lo concerniente a progresiones de grado, permisos penitenciarios u orros modelos de cumplimiento, el tratamiento aplicado a los presos y presas de motivaci\u00f3n pol\u00edtica, es discriminatorio respecto a otras personas presas.<\/p>\n<p>No estamos exigiendo privilegios de ning\u00fan tipo, sino la aplicaci\u00f3n de una pol\u00edtica penitenciaria ordinaria, sin excepcionalidades, sin discriminaciones ni criterios de oportunidad pol\u00edtica. Exigimos el mismo trato y los mismos criterios aplicados al resto de personas presas.<\/p>\n<p>Que no se paralicen las progresiones a tercer grado, ni los permisos penitenciarios ni cualquier otra modalidad de cumplimiento fuera de los muros de las prisiones.<\/p>\n<p>Las condenas impuestas, no les pueden anular sus derechos. No pueden impedirles el derecho que tienen a su libertad.<\/p>\n<p>Ya basta, que ciertos \u00e1mbitos pol\u00edticos, judiciales o algunos medios de comunicaci\u00f3n, se erijan en evaluadores de las conciencias de las de los presos y presas de motivaci\u00f3n pol\u00edtica.<\/p>\n<p>\u00bfQui\u00e9nes son ellos, para dudar de la veracidad, sinceridad y alcance de las voluntades que de manera individual vienen haciendo personas con muchos a\u00f1os de prisi\u00f3n a sus espaldas?<\/p>\n<p>El derecho penitenciario y el Derecho Penal no buscan convertir las almas de las personas. Su objetivo es garantizar que la convivencia se produzca.<\/p>\n<p>Decimos con rotundidad, que los presos y presas vascos han dado, desde el a\u00f1o 2011, m\u00e1s pasos en favor de la paz y la convivencia, que la derecha pol\u00edtica y judicial espa\u00f1ola juntas.<\/p>\n<p>D\u00e9jese por tanto ya, de exigir a estos presos y presas, nada que vaya m\u00e1s all\u00e1 de lo que la legislaci\u00f3n ordinaria requiere de toda persona privada de libertad. Y consigamos, abrir las puertas de las celdas y posibilitar que vuelvan a sus casas. Y esto se puede hacer, con la aplicaci\u00f3n de una pol\u00edtica penitenciaria ordinaria.<\/p>\n<p>Tenemos que volver a recordar que ETA ya no existe. Que ETA tomo sus decisiones hace tiempo y que ya es hora de avanzar. De romper muros y desatar nudos. Es hora de la paz. De una paz que es mucho m\u00e1s que la ausencia de violencia. Que es una paz con derechos. El derecho a no olvidar nada de lo ocurrido en este Pais, pero, tambi\u00e9n, el derecho a poder construir la convivencia entre todos. Sin odios, ni revanchas. Y mucho menos cuando, vienen de quienes pol\u00edticamente, por inter\u00e9s partidista, se aprovechan del dolor de las v\u00edctimas.<\/p>\n<p>Construyamos la convivencia desde la autocr\u00edtica colectiva. No se puede exigir autocritica solo a los presos y presas vascos, sin que la hagan, asimismo, todas las instancias responsables de vulnerar DDHH, entre las que est\u00e1n el propio Estado.<\/p>\n<p>La construcci\u00f3n de una memoria colectiva del conjunto de vulneraciones de derechos en nuestro pa\u00eds exige incluir los asesinatos del terrorismo de estado, la pr\u00e1ctica de torturas y los abusos de poder. Porque una paz sin violencia, pero con injusticias y desmemoria, no nos sirve.<\/p>\n<p>Porque:<br \/>\nCuando se mantienen medidas excepcionales contra los presos y presas vascos, se pr\u00e1ctica una injusticia.<br \/>\nCuando se mantienen legislaciones excepcionales, como las de obligar al cumplimiento efectivo de 40 a\u00f1os de privaci\u00f3n de libertad, se comete una injusticia.<\/p>\n<p>Cuando se bloquean las progresiones de grado y otras formas de cumplimiento de las penas, diferentes a las de la prisi\u00f3n, se comete una injusticia.<\/p>\n<p>Cuando se homenajea a la Guardia Civil, y se olvidan de las victimas producidas por las torturas por ellos cometidas, se comente una injusticia.<\/p>\n<p>O cuando se utilizan pol\u00edticamente a las v\u00edctimas y se manipula su dolor. Tambi\u00e9n se comete una injusticia.<\/p>\n<p>Desde SARE, tenemos muy claro que es necesario fortalecer el respaldo y apoyo a las v\u00edctimas de las violencias. De todas las violencias. Porque siendo las v\u00edctimas iguales en sufrimiento, son desiguales para las varas de medir pol\u00edticas y judiciales.<\/p>\n<p>Exigimos el mismo reconocimiento a lasmiles de personas torturadas, asesinadas por las fuerzas de seguridad, el terrorismo de estado y los fascistas. E igualmente para las abusadas por el poder o la Guardia Civil y que no tienen el beneficio del reconocimiento, pero si la garant\u00eda de ocultaci\u00f3n e impunidad de sus perpetradores. Esas v\u00edctimas existen y las mantienen ocultas.<\/p>\n<p>Tenemos a\u00fan un largo camino por recorrer. Pero tenemos fuerzas motivadas. Solo una soluci\u00f3n justa al problema de las c\u00e1rceles y a todas las v\u00edctimas nos puede acercar a una paz justa.<\/p>\n<p>Behin betiko. Es el momento ya de que estos presos y presas, puedan volver a sus casas, a trav\u00e9s de la aplicaci\u00f3n de una justicia ordinaria.<\/p>\n<p>Desde Maule a Iru\u00f1ea, pasando por Baiona, Donostia, Gernika o Biasteri, es la hora del compromiso. Es la hora de sellar, de poner fin a todas las consecuencias del conflicto sufrido en nuestro Pueblo. Tenemos el derecho y la legitimidad para reivindicar el cese del sufrimiento.<\/p>\n<p>Se lo debemos a las generaciones pasadas. Pero sobre todo dejar a las generaciones futuras, una sociedad mejor que la que nosotros recibimos de nuestros mayores.<\/p>\n<p><strong>Para ello, os pedimos que continu\u00e9is empujando en ese camino.<\/strong><\/p>\n<p><strong>BEHIN BETIKO. Es el momento de la resoluci\u00f3n, de una paz justa y de la convivencia.<\/strong><br \/>\n<strong>MILA ESKER!<\/strong><\/p>\n<p>&nbsp;<\/p>\n<hr \/>\n<p><strong>ENTRA EN LA ENCUESTA Y HAZ TU APORTACI\u00d3N: <a href=\"https:\/\/sare.eus\/es\/bizumkada\/\" target=\"_blank\" rel=\"noopener\">https:\/\/sare.eus\/es\/bizumkada\u00a0<\/a><\/strong><\/p>\n<p><a href=\"https:\/\/sare.eus\/es\/bizumkada\" target=\"_blank\" rel=\"noopener\"><img loading=\"lazy\" decoding=\"async\" class=\"alignnone wp-image-6698 size-large\" src=\"https:\/\/sare.eus\/wp-content\/uploads\/2025\/01\/Bizum_kada_ideaik-07-1024x551.jpg\" alt=\"\" width=\"1024\" height=\"551\" srcset=\"https:\/\/sare.eus\/wp-content\/uploads\/2025\/01\/Bizum_kada_ideaik-07-1024x551.jpg 1024w, https:\/\/sare.eus\/wp-content\/uploads\/2025\/01\/Bizum_kada_ideaik-07-300x162.jpg 300w, https:\/\/sare.eus\/wp-content\/uploads\/2025\/01\/Bizum_kada_ideaik-07-768x414.jpg 768w, https:\/\/sare.eus\/wp-content\/uploads\/2025\/01\/Bizum_kada_ideaik-07-1536x827.jpg 1536w, https:\/\/sare.eus\/wp-content\/uploads\/2025\/01\/Bizum_kada_ideaik-07-2048x1103.jpg 2048w, https:\/\/sare.eus\/wp-content\/uploads\/2025\/01\/Bizum_kada_ideaik-07-1080x582.jpg 1080w\" sizes=\"(max-width: 1024px) 100vw, 1024px\" \/><\/a><\/p>\n","protected":false},"excerpt":{"rendered":"<p>Agradecimientos a todos y todas vosotras, por haber vuelto a llenar las calles de Bilbo de ilusi\u00f3n y de esperanza; reivindicando, una vez m\u00e1s, los derechos de las presas y [&hellip;]<\/p>\n","protected":false},"author":2,"featured_media":7324,"comment_status":"closed","ping_status":"closed","sticky":false,"template":"","format":"standard","meta":{"_acf_changed":false,"_et_pb_use_builder":"","_et_pb_old_content":"","_et_gb_content_width":"","footnotes":""},"categories":[60],"tags":[],"class_list":["post-7217","post","type-post","status-publish","format-standard","has-post-thumbnail","hentry","category-etxera-es","et-has-post-format-content","et_post_format-et-post-format-standard"],"acf":[],"yoast_head":"<!-- This site is optimized with the Yoast SEO plugin v26.4 - https:\/\/yoast.com\/wordpress\/plugins\/seo\/ -->\n<title>11 ENE BILBO INTERVENCI\u00d3N | DEFINITIVAMENTE. Paz. Resoluci\u00f3n. Convivencia. - Sare Herritarra<\/title>\n<meta name=\"robots\" content=\"index, follow, max-snippet:-1, max-image-preview:large, max-video-preview:-1\" \/>\n<link rel=\"canonical\" href=\"https:\/\/sare.eus\/es\/11-ene-bilbo-intervencion\/\" \/>\n<meta property=\"og:locale\" content=\"es_ES\" \/>\n<meta property=\"og:type\" content=\"article\" \/>\n<meta property=\"og:title\" content=\"11 ENE BILBO INTERVENCI\u00d3N | DEFINITIVAMENTE. Paz. Resoluci\u00f3n. Convivencia. - Sare Herritarra\" \/>\n<meta property=\"og:description\" content=\"Agradecimientos a todos y todas vosotras, por haber vuelto a llenar las calles de Bilbo de ilusi\u00f3n y de esperanza; reivindicando, una vez m\u00e1s, los derechos de las presas y [&hellip;]\" \/>\n<meta property=\"og:url\" content=\"https:\/\/sare.eus\/es\/11-ene-bilbo-intervencion\/\" \/>\n<meta property=\"og:site_name\" content=\"Sare Herritarra\" \/>\n<meta property=\"article:published_time\" content=\"2025-01-11T09:38:00+00:00\" \/>\n<meta property=\"article:modified_time\" content=\"2025-01-17T16:26:36+00:00\" \/>\n<meta property=\"og:image\" content=\"https:\/\/sare.eus\/wp-content\/uploads\/2025\/01\/GhB2K8JWUAAEPIkk.jpg\" \/>\n\t<meta property=\"og:image:width\" content=\"1600\" \/>\n\t<meta property=\"og:image:height\" content=\"1066\" \/>\n\t<meta property=\"og:image:type\" content=\"image\/jpeg\" \/>\n<meta name=\"author\" content=\"sare\" \/>\n<meta name=\"twitter:card\" content=\"summary_large_image\" \/>\n<meta name=\"twitter:label1\" content=\"Escrito por\" \/>\n\t<meta name=\"twitter:data1\" content=\"sare\" \/>\n\t<meta name=\"twitter:label2\" content=\"Tiempo de lectura\" \/>\n\t<meta name=\"twitter:data2\" content=\"8 minutos\" \/>\n<script type=\"application\/ld+json\" class=\"yoast-schema-graph\">{\"@context\":\"https:\/\/schema.org\",\"@graph\":[{\"@type\":\"Article\",\"@id\":\"https:\/\/sare.eus\/es\/11-ene-bilbo-intervencion\/#article\",\"isPartOf\":{\"@id\":\"https:\/\/sare.eus\/es\/11-ene-bilbo-intervencion\/\"},\"author\":{\"name\":\"sare\",\"@id\":\"https:\/\/sare.eus\/#\/schema\/person\/2fe6d0df294f56313d3ab236dbe38e17\"},\"headline\":\"11 ENE BILBO INTERVENCI\u00d3N | DEFINITIVAMENTE. Paz. Resoluci\u00f3n. Convivencia.\",\"datePublished\":\"2025-01-11T09:38:00+00:00\",\"dateModified\":\"2025-01-17T16:26:36+00:00\",\"mainEntityOfPage\":{\"@id\":\"https:\/\/sare.eus\/es\/11-ene-bilbo-intervencion\/\"},\"wordCount\":1410,\"publisher\":{\"@id\":\"https:\/\/sare.eus\/#organization\"},\"image\":{\"@id\":\"https:\/\/sare.eus\/es\/11-ene-bilbo-intervencion\/#primaryimage\"},\"thumbnailUrl\":\"https:\/\/sare.eus\/wp-content\/uploads\/2025\/01\/GhB2K8JWUAAEPIkk.jpg\",\"articleSection\":[\"Etxera\"],\"inLanguage\":\"es\"},{\"@type\":\"WebPage\",\"@id\":\"https:\/\/sare.eus\/es\/11-ene-bilbo-intervencion\/\",\"url\":\"https:\/\/sare.eus\/es\/11-ene-bilbo-intervencion\/\",\"name\":\"11 ENE BILBO INTERVENCI\u00d3N | DEFINITIVAMENTE. Paz. Resoluci\u00f3n. Convivencia. - Sare Herritarra\",\"isPartOf\":{\"@id\":\"https:\/\/sare.eus\/#website\"},\"primaryImageOfPage\":{\"@id\":\"https:\/\/sare.eus\/es\/11-ene-bilbo-intervencion\/#primaryimage\"},\"image\":{\"@id\":\"https:\/\/sare.eus\/es\/11-ene-bilbo-intervencion\/#primaryimage\"},\"thumbnailUrl\":\"https:\/\/sare.eus\/wp-content\/uploads\/2025\/01\/GhB2K8JWUAAEPIkk.jpg\",\"datePublished\":\"2025-01-11T09:38:00+00:00\",\"dateModified\":\"2025-01-17T16:26:36+00:00\",\"breadcrumb\":{\"@id\":\"https:\/\/sare.eus\/es\/11-ene-bilbo-intervencion\/#breadcrumb\"},\"inLanguage\":\"es\",\"potentialAction\":[{\"@type\":\"ReadAction\",\"target\":[\"https:\/\/sare.eus\/es\/11-ene-bilbo-intervencion\/\"]}]},{\"@type\":\"ImageObject\",\"inLanguage\":\"es\",\"@id\":\"https:\/\/sare.eus\/es\/11-ene-bilbo-intervencion\/#primaryimage\",\"url\":\"https:\/\/sare.eus\/wp-content\/uploads\/2025\/01\/GhB2K8JWUAAEPIkk.jpg\",\"contentUrl\":\"https:\/\/sare.eus\/wp-content\/uploads\/2025\/01\/GhB2K8JWUAAEPIkk.jpg\",\"width\":1600,\"height\":1066},{\"@type\":\"BreadcrumbList\",\"@id\":\"https:\/\/sare.eus\/es\/11-ene-bilbo-intervencion\/#breadcrumb\",\"itemListElement\":[{\"@type\":\"ListItem\",\"position\":1,\"name\":\"Home\",\"item\":\"https:\/\/sare.eus\/\"},{\"@type\":\"ListItem\",\"position\":2,\"name\":\"11 ENE BILBO INTERVENCI\u00d3N | DEFINITIVAMENTE. Paz. Resoluci\u00f3n. Convivencia.\"}]},{\"@type\":\"WebSite\",\"@id\":\"https:\/\/sare.eus\/#website\",\"url\":\"https:\/\/sare.eus\/\",\"name\":\"Sare Herritarra\",\"description\":\"KONPONBIDEAREN ETA GIZA ESKUBIDEEN ALDEKO SARE HERRITARRA\",\"publisher\":{\"@id\":\"https:\/\/sare.eus\/#organization\"},\"potentialAction\":[{\"@type\":\"SearchAction\",\"target\":{\"@type\":\"EntryPoint\",\"urlTemplate\":\"https:\/\/sare.eus\/?s={search_term_string}\"},\"query-input\":{\"@type\":\"PropertyValueSpecification\",\"valueRequired\":true,\"valueName\":\"search_term_string\"}}],\"inLanguage\":\"es\"},{\"@type\":\"Organization\",\"@id\":\"https:\/\/sare.eus\/#organization\",\"name\":\"Sare Herritarra\",\"url\":\"https:\/\/sare.eus\/\",\"logo\":{\"@type\":\"ImageObject\",\"inLanguage\":\"es\",\"@id\":\"https:\/\/sare.eus\/#\/schema\/logo\/image\/\",\"url\":\"https:\/\/sare.eus\/wp-content\/uploads\/2021\/08\/sare.png\",\"contentUrl\":\"https:\/\/sare.eus\/wp-content\/uploads\/2021\/08\/sare.png\",\"width\":120,\"height\":142,\"caption\":\"Sare Herritarra\"},\"image\":{\"@id\":\"https:\/\/sare.eus\/#\/schema\/logo\/image\/\"}},{\"@type\":\"Person\",\"@id\":\"https:\/\/sare.eus\/#\/schema\/person\/2fe6d0df294f56313d3ab236dbe38e17\",\"name\":\"sare\",\"image\":{\"@type\":\"ImageObject\",\"inLanguage\":\"es\",\"@id\":\"https:\/\/sare.eus\/#\/schema\/person\/image\/\",\"url\":\"https:\/\/secure.gravatar.com\/avatar\/77cad838677ceb1977e7b3c878b55eaa7fa4aae2158983063b047c3ad7ef2c25?s=96&d=mm&r=g\",\"contentUrl\":\"https:\/\/secure.gravatar.com\/avatar\/77cad838677ceb1977e7b3c878b55eaa7fa4aae2158983063b047c3ad7ef2c25?s=96&d=mm&r=g\",\"caption\":\"sare\"},\"url\":\"https:\/\/sare.eus\/es\/author\/sare\/\"}]}<\/script>\n<!-- \/ Yoast SEO plugin. -->","yoast_head_json":{"title":"11 ENE BILBO INTERVENCI\u00d3N | DEFINITIVAMENTE. Paz. Resoluci\u00f3n. Convivencia. - Sare Herritarra","robots":{"index":"index","follow":"follow","max-snippet":"max-snippet:-1","max-image-preview":"max-image-preview:large","max-video-preview":"max-video-preview:-1"},"canonical":"https:\/\/sare.eus\/es\/11-ene-bilbo-intervencion\/","og_locale":"es_ES","og_type":"article","og_title":"11 ENE BILBO INTERVENCI\u00d3N | DEFINITIVAMENTE. Paz. Resoluci\u00f3n. Convivencia. - Sare Herritarra","og_description":"Agradecimientos a todos y todas vosotras, por haber vuelto a llenar las calles de Bilbo de ilusi\u00f3n y de esperanza; reivindicando, una vez m\u00e1s, los derechos de las presas y [&hellip;]","og_url":"https:\/\/sare.eus\/es\/11-ene-bilbo-intervencion\/","og_site_name":"Sare Herritarra","article_published_time":"2025-01-11T09:38:00+00:00","article_modified_time":"2025-01-17T16:26:36+00:00","og_image":[{"width":1600,"height":1066,"url":"https:\/\/sare.eus\/wp-content\/uploads\/2025\/01\/GhB2K8JWUAAEPIkk.jpg","type":"image\/jpeg"}],"author":"sare","twitter_card":"summary_large_image","twitter_misc":{"Escrito por":"sare","Tiempo de lectura":"8 minutos"},"schema":{"@context":"https:\/\/schema.org","@graph":[{"@type":"Article","@id":"https:\/\/sare.eus\/es\/11-ene-bilbo-intervencion\/#article","isPartOf":{"@id":"https:\/\/sare.eus\/es\/11-ene-bilbo-intervencion\/"},"author":{"name":"sare","@id":"https:\/\/sare.eus\/#\/schema\/person\/2fe6d0df294f56313d3ab236dbe38e17"},"headline":"11 ENE BILBO INTERVENCI\u00d3N | DEFINITIVAMENTE. Paz. Resoluci\u00f3n. Convivencia.","datePublished":"2025-01-11T09:38:00+00:00","dateModified":"2025-01-17T16:26:36+00:00","mainEntityOfPage":{"@id":"https:\/\/sare.eus\/es\/11-ene-bilbo-intervencion\/"},"wordCount":1410,"publisher":{"@id":"https:\/\/sare.eus\/#organization"},"image":{"@id":"https:\/\/sare.eus\/es\/11-ene-bilbo-intervencion\/#primaryimage"},"thumbnailUrl":"https:\/\/sare.eus\/wp-content\/uploads\/2025\/01\/GhB2K8JWUAAEPIkk.jpg","articleSection":["Etxera"],"inLanguage":"es"},{"@type":"WebPage","@id":"https:\/\/sare.eus\/es\/11-ene-bilbo-intervencion\/","url":"https:\/\/sare.eus\/es\/11-ene-bilbo-intervencion\/","name":"11 ENE BILBO INTERVENCI\u00d3N | DEFINITIVAMENTE. Paz. Resoluci\u00f3n. Convivencia. - Sare Herritarra","isPartOf":{"@id":"https:\/\/sare.eus\/#website"},"primaryImageOfPage":{"@id":"https:\/\/sare.eus\/es\/11-ene-bilbo-intervencion\/#primaryimage"},"image":{"@id":"https:\/\/sare.eus\/es\/11-ene-bilbo-intervencion\/#primaryimage"},"thumbnailUrl":"https:\/\/sare.eus\/wp-content\/uploads\/2025\/01\/GhB2K8JWUAAEPIkk.jpg","datePublished":"2025-01-11T09:38:00+00:00","dateModified":"2025-01-17T16:26:36+00:00","breadcrumb":{"@id":"https:\/\/sare.eus\/es\/11-ene-bilbo-intervencion\/#breadcrumb"},"inLanguage":"es","potentialAction":[{"@type":"ReadAction","target":["https:\/\/sare.eus\/es\/11-ene-bilbo-intervencion\/"]}]},{"@type":"ImageObject","inLanguage":"es","@id":"https:\/\/sare.eus\/es\/11-ene-bilbo-intervencion\/#primaryimage","url":"https:\/\/sare.eus\/wp-content\/uploads\/2025\/01\/GhB2K8JWUAAEPIkk.jpg","contentUrl":"https:\/\/sare.eus\/wp-content\/uploads\/2025\/01\/GhB2K8JWUAAEPIkk.jpg","width":1600,"height":1066},{"@type":"BreadcrumbList","@id":"https:\/\/sare.eus\/es\/11-ene-bilbo-intervencion\/#breadcrumb","itemListElement":[{"@type":"ListItem","position":1,"name":"Home","item":"https:\/\/sare.eus\/"},{"@type":"ListItem","position":2,"name":"11 ENE BILBO INTERVENCI\u00d3N | DEFINITIVAMENTE. Paz. Resoluci\u00f3n. Convivencia."}]},{"@type":"WebSite","@id":"https:\/\/sare.eus\/#website","url":"https:\/\/sare.eus\/","name":"Sare Herritarra","description":"KONPONBIDEAREN ETA GIZA ESKUBIDEEN ALDEKO SARE HERRITARRA","publisher":{"@id":"https:\/\/sare.eus\/#organization"},"potentialAction":[{"@type":"SearchAction","target":{"@type":"EntryPoint","urlTemplate":"https:\/\/sare.eus\/?s={search_term_string}"},"query-input":{"@type":"PropertyValueSpecification","valueRequired":true,"valueName":"search_term_string"}}],"inLanguage":"es"},{"@type":"Organization","@id":"https:\/\/sare.eus\/#organization","name":"Sare Herritarra","url":"https:\/\/sare.eus\/","logo":{"@type":"ImageObject","inLanguage":"es","@id":"https:\/\/sare.eus\/#\/schema\/logo\/image\/","url":"https:\/\/sare.eus\/wp-content\/uploads\/2021\/08\/sare.png","contentUrl":"https:\/\/sare.eus\/wp-content\/uploads\/2021\/08\/sare.png","width":120,"height":142,"caption":"Sare Herritarra"},"image":{"@id":"https:\/\/sare.eus\/#\/schema\/logo\/image\/"}},{"@type":"Person","@id":"https:\/\/sare.eus\/#\/schema\/person\/2fe6d0df294f56313d3ab236dbe38e17","name":"sare","image":{"@type":"ImageObject","inLanguage":"es","@id":"https:\/\/sare.eus\/#\/schema\/person\/image\/","url":"https:\/\/secure.gravatar.com\/avatar\/77cad838677ceb1977e7b3c878b55eaa7fa4aae2158983063b047c3ad7ef2c25?s=96&d=mm&r=g","contentUrl":"https:\/\/secure.gravatar.com\/avatar\/77cad838677ceb1977e7b3c878b55eaa7fa4aae2158983063b047c3ad7ef2c25?s=96&d=mm&r=g","caption":"sare"},"url":"https:\/\/sare.eus\/es\/author\/sare\/"}]}},"_links":{"self":[{"href":"https:\/\/sare.eus\/es\/wp-json\/wp\/v2\/posts\/7217","targetHints":{"allow":["GET"]}}],"collection":[{"href":"https:\/\/sare.eus\/es\/wp-json\/wp\/v2\/posts"}],"about":[{"href":"https:\/\/sare.eus\/es\/wp-json\/wp\/v2\/types\/post"}],"author":[{"embeddable":true,"href":"https:\/\/sare.eus\/es\/wp-json\/wp\/v2\/users\/2"}],"replies":[{"embeddable":true,"href":"https:\/\/sare.eus\/es\/wp-json\/wp\/v2\/comments?post=7217"}],"version-history":[{"count":5,"href":"https:\/\/sare.eus\/es\/wp-json\/wp\/v2\/posts\/7217\/revisions"}],"predecessor-version":[{"id":7746,"href":"https:\/\/sare.eus\/es\/wp-json\/wp\/v2\/posts\/7217\/revisions\/7746"}],"wp:featuredmedia":[{"embeddable":true,"href":"https:\/\/sare.eus\/es\/wp-json\/wp\/v2\/media\/7324"}],"wp:attachment":[{"href":"https:\/\/sare.eus\/es\/wp-json\/wp\/v2\/media?parent=7217"}],"wp:term":[{"taxonomy":"category","embeddable":true,"href":"https:\/\/sare.eus\/es\/wp-json\/wp\/v2\/categories?post=7217"},{"taxonomy":"post_tag","embeddable":true,"href":"https:\/\/sare.eus\/es\/wp-json\/wp\/v2\/tags?post=7217"}],"curies":[{"name":"wp","href":"https:\/\/api.w.org\/{rel}","templated":true}]}}