{"id":6734,"date":"2025-01-07T16:24:42","date_gmt":"2025-01-07T15:24:42","guid":{"rendered":"https:\/\/sare.eus\/bizumkada-nazionala-martxan-da\/"},"modified":"2025-01-08T20:51:28","modified_gmt":"2025-01-08T19:51:28","slug":"bizumkada-nazionala-ya-esta-en-marcha","status":"publish","type":"post","link":"https:\/\/sare.eus\/es\/bizumkada-nazionala-ya-esta-en-marcha\/","title":{"rendered":"Bizumkada Nazionala ya esta en marcha"},"content":{"rendered":"<h1><span style=\"color: #3366ff;\"><strong>en el camino a casa, necesitamos tu impulso<\/strong><\/span><\/h1>\n<p>En los \u00faltimos meses no hemos parado de afirmar que hemos dado grandes pasos hacia adelante en el proceso de resoluci\u00f3n de las consecuencias del conflicto y en el camino de vuelta a casa de los presos, huidos y deportados vascos. El 11 de enero reivindicaremos que DEFINITIVAMENTE queremos terminar exitosamente los procesos de resoluci\u00f3n y vuelta a casa. Que los queremos DEFINITIVAMENTE en casa.<\/p>\n<p>Este a\u00f1o, por primera vez, tanto en los d\u00edas previos como en los posteriores a la manifestaci\u00f3n del 11 de enero, la sociedad vasca tendr\u00e1 una nueva forma de aportar a esta movilizaci\u00f3n. Nosotros lo hemos llamado \u00abBIZUMKADA NAZIONALA\u00bb, a trav\u00e9s de la misma, un ciudadano\/a tendr\u00e1 opci\u00f3n de aportar econ\u00f3micamente a la movilizaci\u00f3n independientemente de si acude o no.<\/p>\n<p>SARE, es una asociaci\u00f3n que trabaja con muy pocas subvenciones institucionales y lo hace a trav\u00e9s de las ayudas de los sarekides y de las cuestaciones que hacemos en los actos y manifestaciones que organizamos.<\/p>\n<p>Es obvio que necesitamos recursos para poder continuar desarrollando nuestra labor y es por ello que ponemos en funcionamiento la iniciativa BIZUMKADA NAZIONALA, con el objetivo de trasladar a la sociedad vasca la necesidad de ayuda econ\u00f3mica para poder continuar desarrollando nuestro trabajo.<\/p>\n<p><strong>Necesitamos de tu impulso, eskerrik asko!<\/strong><\/p>\n<p><strong>\u00bfCOMO REALIZAR LA \u201cBIZUMKADA NAZIONALA\u201d?<\/strong><br \/>\n1. Entra en<a href=\"https:\/\/sare.eus\/es\/bizumkada\/\" target=\"_blank\" rel=\"noopener\"> www.sare.eus\/es\/bizumkada<\/a><br \/>\n2. Elige c\u00f3mo quieres hacer la donaci\u00f3n (con Bizum o Tarjeta)<br \/>\n3. Introduce tus datos: NOMBRE, APELLIDOS y DNI son obligatorios para realizar la donaci\u00f3n.<br \/>\n4. Elige la cantidad de dinero que quieres dar.<\/p>\n<p><strong>\u00bfCU\u00c1L ES EL PLAZO PARA REALIZAR LAS APORTACIONES?<\/strong><br \/>\nLa campa\u00f1a comenzar\u00e1 el 7 de enero a las 17:00 de la tarde y durar\u00e1 una semana, hasta el 14 de enero.<\/p>\n<p><img loading=\"lazy\" decoding=\"async\" class=\"alignnone wp-image-6741 size-large\" src=\"https:\/\/sare.eus\/wp-content\/uploads\/2025\/01\/Bizum_kada_ideaik_05-1024x346.jpg\" alt=\"\" width=\"1024\" height=\"346\" srcset=\"https:\/\/sare.eus\/wp-content\/uploads\/2025\/01\/Bizum_kada_ideaik_05-1024x346.jpg 1024w, https:\/\/sare.eus\/wp-content\/uploads\/2025\/01\/Bizum_kada_ideaik_05-300x101.jpg 300w, https:\/\/sare.eus\/wp-content\/uploads\/2025\/01\/Bizum_kada_ideaik_05-768x260.jpg 768w, https:\/\/sare.eus\/wp-content\/uploads\/2025\/01\/Bizum_kada_ideaik_05-1536x519.jpg 1536w, https:\/\/sare.eus\/wp-content\/uploads\/2025\/01\/Bizum_kada_ideaik_05-2048x692.jpg 2048w, https:\/\/sare.eus\/wp-content\/uploads\/2025\/01\/Bizum_kada_ideaik_05-1080x365.jpg 1080w\" sizes=\"(max-width: 1024px) 100vw, 1024px\" \/><\/p>\n","protected":false},"excerpt":{"rendered":"<p>en el camino a casa, necesitamos tu impulso En los \u00faltimos meses no hemos parado de afirmar que hemos dado grandes pasos hacia adelante en el proceso de resoluci\u00f3n de [&hellip;]<\/p>\n","protected":false},"author":2,"featured_media":6738,"comment_status":"closed","ping_status":"closed","sticky":false,"template":"","format":"standard","meta":{"_acf_changed":false,"_et_pb_use_builder":"","_et_pb_old_content":"","_et_gb_content_width":"","footnotes":""},"categories":[60],"tags":[],"class_list":["post-6734","post","type-post","status-publish","format-standard","has-post-thumbnail","hentry","category-etxera-es","et-has-post-format-content","et_post_format-et-post-format-standard"],"acf":[],"yoast_head":"<!-- This site is optimized with the Yoast SEO plugin v26.4 - https:\/\/yoast.com\/wordpress\/plugins\/seo\/ -->\n<title>Bizumkada Nazionala ya esta en marcha - Sare Herritarra<\/title>\n<meta name=\"robots\" content=\"index, follow, max-snippet:-1, max-image-preview:large, max-video-preview:-1\" \/>\n<link rel=\"canonical\" href=\"https:\/\/sare.eus\/es\/bizumkada-nazionala-ya-esta-en-marcha\/\" \/>\n<meta property=\"og:locale\" content=\"es_ES\" \/>\n<meta property=\"og:type\" content=\"article\" \/>\n<meta property=\"og:title\" content=\"Bizumkada Nazionala ya esta en marcha - Sare Herritarra\" \/>\n<meta property=\"og:description\" content=\"en el camino a casa, necesitamos tu impulso En los \u00faltimos meses no hemos parado de afirmar que hemos dado grandes pasos hacia adelante en el proceso de resoluci\u00f3n de [&hellip;]\" \/>\n<meta property=\"og:url\" content=\"https:\/\/sare.eus\/es\/bizumkada-nazionala-ya-esta-en-marcha\/\" \/>\n<meta property=\"og:site_name\" content=\"Sare Herritarra\" \/>\n<meta property=\"article:published_time\" content=\"2025-01-07T15:24:42+00:00\" \/>\n<meta property=\"article:modified_time\" content=\"2025-01-08T19:51:28+00:00\" \/>\n<meta property=\"og:image\" content=\"https:\/\/sare.eus\/wp-content\/uploads\/2025\/01\/Bizum_kada_ideaik-07-WEB.jpg\" \/>\n\t<meta property=\"og:image:width\" content=\"1366\" \/>\n\t<meta property=\"og:image:height\" content=\"768\" \/>\n\t<meta property=\"og:image:type\" content=\"image\/jpeg\" \/>\n<meta name=\"author\" content=\"sare\" \/>\n<meta name=\"twitter:card\" content=\"summary_large_image\" \/>\n<meta name=\"twitter:label1\" content=\"Escrito por\" \/>\n\t<meta name=\"twitter:data1\" content=\"sare\" \/>\n\t<meta name=\"twitter:label2\" content=\"Tiempo de lectura\" \/>\n\t<meta name=\"twitter:data2\" content=\"2 minutos\" \/>\n<script type=\"application\/ld+json\" class=\"yoast-schema-graph\">{\"@context\":\"https:\/\/schema.org\",\"@graph\":[{\"@type\":\"Article\",\"@id\":\"https:\/\/sare.eus\/es\/bizumkada-nazionala-ya-esta-en-marcha\/#article\",\"isPartOf\":{\"@id\":\"https:\/\/sare.eus\/es\/bizumkada-nazionala-ya-esta-en-marcha\/\"},\"author\":{\"name\":\"sare\",\"@id\":\"https:\/\/sare.eus\/#\/schema\/person\/2fe6d0df294f56313d3ab236dbe38e17\"},\"headline\":\"Bizumkada Nazionala ya esta en marcha\",\"datePublished\":\"2025-01-07T15:24:42+00:00\",\"dateModified\":\"2025-01-08T19:51:28+00:00\",\"mainEntityOfPage\":{\"@id\":\"https:\/\/sare.eus\/es\/bizumkada-nazionala-ya-esta-en-marcha\/\"},\"wordCount\":310,\"publisher\":{\"@id\":\"https:\/\/sare.eus\/#organization\"},\"image\":{\"@id\":\"https:\/\/sare.eus\/es\/bizumkada-nazionala-ya-esta-en-marcha\/#primaryimage\"},\"thumbnailUrl\":\"https:\/\/sare.eus\/wp-content\/uploads\/2025\/01\/Bizum_kada_ideaik-07-WEB.jpg\",\"articleSection\":[\"Etxera\"],\"inLanguage\":\"es\"},{\"@type\":\"WebPage\",\"@id\":\"https:\/\/sare.eus\/es\/bizumkada-nazionala-ya-esta-en-marcha\/\",\"url\":\"https:\/\/sare.eus\/es\/bizumkada-nazionala-ya-esta-en-marcha\/\",\"name\":\"Bizumkada Nazionala ya esta en marcha - Sare Herritarra\",\"isPartOf\":{\"@id\":\"https:\/\/sare.eus\/#website\"},\"primaryImageOfPage\":{\"@id\":\"https:\/\/sare.eus\/es\/bizumkada-nazionala-ya-esta-en-marcha\/#primaryimage\"},\"image\":{\"@id\":\"https:\/\/sare.eus\/es\/bizumkada-nazionala-ya-esta-en-marcha\/#primaryimage\"},\"thumbnailUrl\":\"https:\/\/sare.eus\/wp-content\/uploads\/2025\/01\/Bizum_kada_ideaik-07-WEB.jpg\",\"datePublished\":\"2025-01-07T15:24:42+00:00\",\"dateModified\":\"2025-01-08T19:51:28+00:00\",\"breadcrumb\":{\"@id\":\"https:\/\/sare.eus\/es\/bizumkada-nazionala-ya-esta-en-marcha\/#breadcrumb\"},\"inLanguage\":\"es\",\"potentialAction\":[{\"@type\":\"ReadAction\",\"target\":[\"https:\/\/sare.eus\/es\/bizumkada-nazionala-ya-esta-en-marcha\/\"]}]},{\"@type\":\"ImageObject\",\"inLanguage\":\"es\",\"@id\":\"https:\/\/sare.eus\/es\/bizumkada-nazionala-ya-esta-en-marcha\/#primaryimage\",\"url\":\"https:\/\/sare.eus\/wp-content\/uploads\/2025\/01\/Bizum_kada_ideaik-07-WEB.jpg\",\"contentUrl\":\"https:\/\/sare.eus\/wp-content\/uploads\/2025\/01\/Bizum_kada_ideaik-07-WEB.jpg\",\"width\":1366,\"height\":768},{\"@type\":\"BreadcrumbList\",\"@id\":\"https:\/\/sare.eus\/es\/bizumkada-nazionala-ya-esta-en-marcha\/#breadcrumb\",\"itemListElement\":[{\"@type\":\"ListItem\",\"position\":1,\"name\":\"Home\",\"item\":\"https:\/\/sare.eus\/\"},{\"@type\":\"ListItem\",\"position\":2,\"name\":\"Bizumkada Nazionala ya esta en marcha\"}]},{\"@type\":\"WebSite\",\"@id\":\"https:\/\/sare.eus\/#website\",\"url\":\"https:\/\/sare.eus\/\",\"name\":\"Sare Herritarra\",\"description\":\"KONPONBIDEAREN ETA GIZA ESKUBIDEEN ALDEKO SARE HERRITARRA\",\"publisher\":{\"@id\":\"https:\/\/sare.eus\/#organization\"},\"potentialAction\":[{\"@type\":\"SearchAction\",\"target\":{\"@type\":\"EntryPoint\",\"urlTemplate\":\"https:\/\/sare.eus\/?s={search_term_string}\"},\"query-input\":{\"@type\":\"PropertyValueSpecification\",\"valueRequired\":true,\"valueName\":\"search_term_string\"}}],\"inLanguage\":\"es\"},{\"@type\":\"Organization\",\"@id\":\"https:\/\/sare.eus\/#organization\",\"name\":\"Sare Herritarra\",\"url\":\"https:\/\/sare.eus\/\",\"logo\":{\"@type\":\"ImageObject\",\"inLanguage\":\"es\",\"@id\":\"https:\/\/sare.eus\/#\/schema\/logo\/image\/\",\"url\":\"https:\/\/sare.eus\/wp-content\/uploads\/2021\/08\/sare.png\",\"contentUrl\":\"https:\/\/sare.eus\/wp-content\/uploads\/2021\/08\/sare.png\",\"width\":120,\"height\":142,\"caption\":\"Sare Herritarra\"},\"image\":{\"@id\":\"https:\/\/sare.eus\/#\/schema\/logo\/image\/\"}},{\"@type\":\"Person\",\"@id\":\"https:\/\/sare.eus\/#\/schema\/person\/2fe6d0df294f56313d3ab236dbe38e17\",\"name\":\"sare\",\"image\":{\"@type\":\"ImageObject\",\"inLanguage\":\"es\",\"@id\":\"https:\/\/sare.eus\/#\/schema\/person\/image\/\",\"url\":\"https:\/\/secure.gravatar.com\/avatar\/77cad838677ceb1977e7b3c878b55eaa7fa4aae2158983063b047c3ad7ef2c25?s=96&d=mm&r=g\",\"contentUrl\":\"https:\/\/secure.gravatar.com\/avatar\/77cad838677ceb1977e7b3c878b55eaa7fa4aae2158983063b047c3ad7ef2c25?s=96&d=mm&r=g\",\"caption\":\"sare\"},\"url\":\"https:\/\/sare.eus\/es\/author\/sare\/\"}]}<\/script>\n<!-- \/ Yoast SEO plugin. -->","yoast_head_json":{"title":"Bizumkada Nazionala ya esta en marcha - Sare Herritarra","robots":{"index":"index","follow":"follow","max-snippet":"max-snippet:-1","max-image-preview":"max-image-preview:large","max-video-preview":"max-video-preview:-1"},"canonical":"https:\/\/sare.eus\/es\/bizumkada-nazionala-ya-esta-en-marcha\/","og_locale":"es_ES","og_type":"article","og_title":"Bizumkada Nazionala ya esta en marcha - Sare Herritarra","og_description":"en el camino a casa, necesitamos tu impulso En los \u00faltimos meses no hemos parado de afirmar que hemos dado grandes pasos hacia adelante en el proceso de resoluci\u00f3n de [&hellip;]","og_url":"https:\/\/sare.eus\/es\/bizumkada-nazionala-ya-esta-en-marcha\/","og_site_name":"Sare Herritarra","article_published_time":"2025-01-07T15:24:42+00:00","article_modified_time":"2025-01-08T19:51:28+00:00","og_image":[{"width":1366,"height":768,"url":"https:\/\/sare.eus\/wp-content\/uploads\/2025\/01\/Bizum_kada_ideaik-07-WEB.jpg","type":"image\/jpeg"}],"author":"sare","twitter_card":"summary_large_image","twitter_misc":{"Escrito por":"sare","Tiempo de lectura":"2 minutos"},"schema":{"@context":"https:\/\/schema.org","@graph":[{"@type":"Article","@id":"https:\/\/sare.eus\/es\/bizumkada-nazionala-ya-esta-en-marcha\/#article","isPartOf":{"@id":"https:\/\/sare.eus\/es\/bizumkada-nazionala-ya-esta-en-marcha\/"},"author":{"name":"sare","@id":"https:\/\/sare.eus\/#\/schema\/person\/2fe6d0df294f56313d3ab236dbe38e17"},"headline":"Bizumkada Nazionala ya esta en marcha","datePublished":"2025-01-07T15:24:42+00:00","dateModified":"2025-01-08T19:51:28+00:00","mainEntityOfPage":{"@id":"https:\/\/sare.eus\/es\/bizumkada-nazionala-ya-esta-en-marcha\/"},"wordCount":310,"publisher":{"@id":"https:\/\/sare.eus\/#organization"},"image":{"@id":"https:\/\/sare.eus\/es\/bizumkada-nazionala-ya-esta-en-marcha\/#primaryimage"},"thumbnailUrl":"https:\/\/sare.eus\/wp-content\/uploads\/2025\/01\/Bizum_kada_ideaik-07-WEB.jpg","articleSection":["Etxera"],"inLanguage":"es"},{"@type":"WebPage","@id":"https:\/\/sare.eus\/es\/bizumkada-nazionala-ya-esta-en-marcha\/","url":"https:\/\/sare.eus\/es\/bizumkada-nazionala-ya-esta-en-marcha\/","name":"Bizumkada Nazionala ya esta en marcha - Sare Herritarra","isPartOf":{"@id":"https:\/\/sare.eus\/#website"},"primaryImageOfPage":{"@id":"https:\/\/sare.eus\/es\/bizumkada-nazionala-ya-esta-en-marcha\/#primaryimage"},"image":{"@id":"https:\/\/sare.eus\/es\/bizumkada-nazionala-ya-esta-en-marcha\/#primaryimage"},"thumbnailUrl":"https:\/\/sare.eus\/wp-content\/uploads\/2025\/01\/Bizum_kada_ideaik-07-WEB.jpg","datePublished":"2025-01-07T15:24:42+00:00","dateModified":"2025-01-08T19:51:28+00:00","breadcrumb":{"@id":"https:\/\/sare.eus\/es\/bizumkada-nazionala-ya-esta-en-marcha\/#breadcrumb"},"inLanguage":"es","potentialAction":[{"@type":"ReadAction","target":["https:\/\/sare.eus\/es\/bizumkada-nazionala-ya-esta-en-marcha\/"]}]},{"@type":"ImageObject","inLanguage":"es","@id":"https:\/\/sare.eus\/es\/bizumkada-nazionala-ya-esta-en-marcha\/#primaryimage","url":"https:\/\/sare.eus\/wp-content\/uploads\/2025\/01\/Bizum_kada_ideaik-07-WEB.jpg","contentUrl":"https:\/\/sare.eus\/wp-content\/uploads\/2025\/01\/Bizum_kada_ideaik-07-WEB.jpg","width":1366,"height":768},{"@type":"BreadcrumbList","@id":"https:\/\/sare.eus\/es\/bizumkada-nazionala-ya-esta-en-marcha\/#breadcrumb","itemListElement":[{"@type":"ListItem","position":1,"name":"Home","item":"https:\/\/sare.eus\/"},{"@type":"ListItem","position":2,"name":"Bizumkada Nazionala ya esta en marcha"}]},{"@type":"WebSite","@id":"https:\/\/sare.eus\/#website","url":"https:\/\/sare.eus\/","name":"Sare Herritarra","description":"KONPONBIDEAREN ETA GIZA ESKUBIDEEN ALDEKO SARE HERRITARRA","publisher":{"@id":"https:\/\/sare.eus\/#organization"},"potentialAction":[{"@type":"SearchAction","target":{"@type":"EntryPoint","urlTemplate":"https:\/\/sare.eus\/?s={search_term_string}"},"query-input":{"@type":"PropertyValueSpecification","valueRequired":true,"valueName":"search_term_string"}}],"inLanguage":"es"},{"@type":"Organization","@id":"https:\/\/sare.eus\/#organization","name":"Sare Herritarra","url":"https:\/\/sare.eus\/","logo":{"@type":"ImageObject","inLanguage":"es","@id":"https:\/\/sare.eus\/#\/schema\/logo\/image\/","url":"https:\/\/sare.eus\/wp-content\/uploads\/2021\/08\/sare.png","contentUrl":"https:\/\/sare.eus\/wp-content\/uploads\/2021\/08\/sare.png","width":120,"height":142,"caption":"Sare Herritarra"},"image":{"@id":"https:\/\/sare.eus\/#\/schema\/logo\/image\/"}},{"@type":"Person","@id":"https:\/\/sare.eus\/#\/schema\/person\/2fe6d0df294f56313d3ab236dbe38e17","name":"sare","image":{"@type":"ImageObject","inLanguage":"es","@id":"https:\/\/sare.eus\/#\/schema\/person\/image\/","url":"https:\/\/secure.gravatar.com\/avatar\/77cad838677ceb1977e7b3c878b55eaa7fa4aae2158983063b047c3ad7ef2c25?s=96&d=mm&r=g","contentUrl":"https:\/\/secure.gravatar.com\/avatar\/77cad838677ceb1977e7b3c878b55eaa7fa4aae2158983063b047c3ad7ef2c25?s=96&d=mm&r=g","caption":"sare"},"url":"https:\/\/sare.eus\/es\/author\/sare\/"}]}},"_links":{"self":[{"href":"https:\/\/sare.eus\/es\/wp-json\/wp\/v2\/posts\/6734","targetHints":{"allow":["GET"]}}],"collection":[{"href":"https:\/\/sare.eus\/es\/wp-json\/wp\/v2\/posts"}],"about":[{"href":"https:\/\/sare.eus\/es\/wp-json\/wp\/v2\/types\/post"}],"author":[{"embeddable":true,"href":"https:\/\/sare.eus\/es\/wp-json\/wp\/v2\/users\/2"}],"replies":[{"embeddable":true,"href":"https:\/\/sare.eus\/es\/wp-json\/wp\/v2\/comments?post=6734"}],"version-history":[{"count":5,"href":"https:\/\/sare.eus\/es\/wp-json\/wp\/v2\/posts\/6734\/revisions"}],"predecessor-version":[{"id":6884,"href":"https:\/\/sare.eus\/es\/wp-json\/wp\/v2\/posts\/6734\/revisions\/6884"}],"wp:featuredmedia":[{"embeddable":true,"href":"https:\/\/sare.eus\/es\/wp-json\/wp\/v2\/media\/6738"}],"wp:attachment":[{"href":"https:\/\/sare.eus\/es\/wp-json\/wp\/v2\/media?parent=6734"}],"wp:term":[{"taxonomy":"category","embeddable":true,"href":"https:\/\/sare.eus\/es\/wp-json\/wp\/v2\/categories?post=6734"},{"taxonomy":"post_tag","embeddable":true,"href":"https:\/\/sare.eus\/es\/wp-json\/wp\/v2\/tags?post=6734"}],"curies":[{"name":"wp","href":"https:\/\/api.w.org\/{rel}","templated":true}]}}