{"id":6690,"date":"2025-01-07T11:32:16","date_gmt":"2025-01-07T10:32:16","guid":{"rendered":"https:\/\/sare.eus\/?p=6690"},"modified":"2025-01-07T13:04:09","modified_gmt":"2025-01-07T12:04:09","slug":"sare-tiene-todo-preparado-para-el-sabado","status":"publish","type":"post","link":"https:\/\/sare.eus\/es\/sare-tiene-todo-preparado-para-el-sabado\/","title":{"rendered":"SARE tiene todo preparado para la manifestaci\u00f3n del s\u00e1bado en Bilbao: una multitudinaria movilizaci\u00f3n para reivindicar la paz, la resoluci\u00f3n y la convivencia"},"content":{"rendered":"<p>A cuatro d\u00edas de la convocatoria de la manifestaci\u00f3n, queremos trasladar algunos aspectos t\u00e9cnicos de su desarrollo y, tambi\u00e9n, incidir en las razones de la misma.<\/p>\n<p>A quienes correspondan, deber\u00edan de tomar nota de las decenas de miles de personas que llenaran las calles de Bilbo el pr\u00f3ximo s\u00e1bado.<\/p>\n<p>No estamos ante un reivindicaci\u00f3n pol\u00edtica y por tanto partidista. Es esta, una reinvindicaci\u00f3n en favor de los derechos que asisten a un colectivo de presos, que contin\u00faan viendo vulnerando sus derechos.<\/p>\n<p>Es una reivindicaci\u00f3n en favor de los derechos humanos. Solo as\u00ed puede entenderse que una asociaci\u00f3n como SARE, consiga a\u00f1o tras a\u00f1o, que decenas de miles de personas, abarroten las calles, exigiendo una paz sin injusticias.<\/p>\n<p>La reivindicaci\u00f3n de los derechos de los presos y presas vascos, asi como la exigencia del respeto debido a todas las v\u00edctimas de las violencias, ser\u00e1n la que nos acompa\u00f1e este d\u00eda.<\/p>\n<p>BEHIN BETIKO.- Si, es la hora. Es la hora de sellar todas las consecuencias de d\u00e9cadas de confrontaci\u00f3n y sufrimiento y consideramos que la sociedad vasca, est\u00e1 legitimada para exigir a los estamentos pol\u00edticos y judiciales, que participen de esta labor. Es, tambi\u00e9n, su responsabilidad.<\/p>\n<p><strong>ASPECTOS T\u00c9CNICOS DE LA MOVILIZACI\u00d3N DEL S\u00c1BADO<\/strong><br \/>\n\u2022 Movilizaremos entre 450 y 500 personas voluntarias que se encargaran de la seguridad de la marcha; el tr\u00e1fico, la cuestaci\u00f3n y todo lo que lleva consigo un acto tan multitudinario.<\/p>\n<p>\u2022 Desde por la ma\u00f1ana y sobre todo en el casco viejo, habr\u00e1 una programaci\u00f3n festiva con trikitilaris, dultzaineros, gigantes y cabezudos. En definitiva, haremos posible esta reivindicaci\u00f3n con alegr\u00eda.<\/p>\n<p>\u2022 Hay un n\u00famero importante de partidos, asociaciones y personas de diferentes \u00e1mbitos geogr\u00e1ficos, profesionales y culturales, que han anunciado su participaci\u00f3n en la manifestaci\u00f3n, que se iniciar\u00e1 a las 17:00horas en La Casilla y finalizar\u00e1, como otros a\u00f1os, en el Ayto.de Bilbo.<br \/>\n\u2022 La manifestaci\u00f3n ira precedida de una pancarta con el lema BEHIN BETIKO KONPONBIDEA, ELKARBIZITZA, BAKEA, y que ser\u00e1 portada por: Rosa Rodero (V\u00edctima de ETA), Ane Muguruza (V\u00edctima de violencia del Estado), Emilie Martin (Bakebidean), Martxelo Otamendi (Periodista), Garazi Hach Embarek (Activista vasco-saharaui por los derechos), Arantza Aldezabal (Profesora de la UPV\/EHU), Amaia Izko (Abogada), Eva Ferreira (Harrera), Patxi Biskert (Actor), Jos\u00e9 Luis Elkoro (EX Alcalde de Bergara), Rafael Larretxea (Senidea), Bego Atxa y Joseba Azkarraga (SARE).<\/p>\n<p>\u2022 El resto de los participantes:<br \/>\n\u2022 Partidos: EH Bildu, EH Bai, Junts, ERC, CUP, M\u00e9s Per Mallorca.<br \/>\n\u2022 Sindicatos: ELA, LAB, ESK, STEILAS, HIRU, EHNE, CGT, CNT, ETXALDE.<br \/>\n\u2022 Asociaciones: Bakebidean, Gure Esku Dago, Egiari Zor, Paz con Dignidad, Harrera, Etxerat, Ernai, ANC, \u00d2mnium Cultural, Coordinadora de l\u2019Advocacia Catalunya.<br \/>\n\u2022 Junto a esta amplia representaci\u00f3n pol\u00edtica, sindical y del mundo asociativo, son numerosas las personas del \u00e1mbito cultural, universitario, deportivo, etc, que nos han hecho llegar su adhesi\u00f3n a la manifestaci\u00f3n.<\/p>\n<p>\u2022 Hay una cuesti\u00f3n m\u00e1s que queremos trasladarles y que por diferentes v\u00edas haremos llegar, tambi\u00e9n, a la sociedad vasca.<\/p>\n<p>SARE, es una asociaci\u00f3n que trabaja con muy pocas subvenciones institucionales y lo hace a trav\u00e9s de las ayudas de los sarekides y de las cuestaciones que hacemos en los actos y manifestaciones que organizamos.<\/p>\n<p>Es obvio que necesitamos recursos para poder continuar desarrollando nuestra labor y es por ello que ponemos en funcionamiento la iniciativa <strong>BIZUMKADA NAZIONALA, (<a href=\"https:\/\/sare.eus\/es\/bizumkada\" target=\"_blank\" rel=\"noopener\">https:\/\/sare.eus\/es\/bizumkada<\/a>)<\/strong> con el objetivo de trasladar a la sociedad vasca la necesidad de ayuda econ\u00f3mica para poder continuar desarrollando nuestro trabajo.<\/p>\n<p>Con esta iniciativa cualquier ciudadano podr\u00e1 colaborar, participe o no en la manifestaci\u00f3n, ya que la misma se mantendr\u00e1 abierta d\u00edas antes de la manifestaci\u00f3n y posterior a la misma.<\/p>\n<hr \/>\n<p><a href=\"https:\/\/sare.eus\/es\/bizumkada\/\" target=\"_blank\" rel=\"noopener\"><img loading=\"lazy\" decoding=\"async\" class=\"alignnone wp-image-6698 size-large\" src=\"https:\/\/sare.eus\/wp-content\/uploads\/2025\/01\/Bizum_kada_ideaik-07-1024x551.jpg\" alt=\"\" width=\"1024\" height=\"551\" srcset=\"https:\/\/sare.eus\/wp-content\/uploads\/2025\/01\/Bizum_kada_ideaik-07-1024x551.jpg 1024w, https:\/\/sare.eus\/wp-content\/uploads\/2025\/01\/Bizum_kada_ideaik-07-300x162.jpg 300w, https:\/\/sare.eus\/wp-content\/uploads\/2025\/01\/Bizum_kada_ideaik-07-768x414.jpg 768w, https:\/\/sare.eus\/wp-content\/uploads\/2025\/01\/Bizum_kada_ideaik-07-1536x827.jpg 1536w, https:\/\/sare.eus\/wp-content\/uploads\/2025\/01\/Bizum_kada_ideaik-07-2048x1103.jpg 2048w, https:\/\/sare.eus\/wp-content\/uploads\/2025\/01\/Bizum_kada_ideaik-07-1080x582.jpg 1080w\" sizes=\"(max-width: 1024px) 100vw, 1024px\" \/><\/a><\/p>\n<p>&nbsp;<\/p>\n<p>&nbsp;<\/p>\n<p>&nbsp;<\/p>\n<p>&nbsp;<\/p>\n","protected":false},"excerpt":{"rendered":"<p>A cuatro d\u00edas de la convocatoria de la manifestaci\u00f3n, queremos trasladar algunos aspectos t\u00e9cnicos de su desarrollo y, tambi\u00e9n, incidir en las razones de la misma. A quienes correspondan, deber\u00edan [&hellip;]<\/p>\n","protected":false},"author":2,"featured_media":6705,"comment_status":"closed","ping_status":"closed","sticky":false,"template":"","format":"standard","meta":{"_acf_changed":false,"_et_pb_use_builder":"","_et_pb_old_content":"","_et_gb_content_width":"","footnotes":""},"categories":[60],"tags":[],"class_list":["post-6690","post","type-post","status-publish","format-standard","has-post-thumbnail","hentry","category-etxera-es","et-has-post-format-content","et_post_format-et-post-format-standard"],"acf":[],"yoast_head":"<!-- This site is optimized with the Yoast SEO plugin v26.4 - https:\/\/yoast.com\/wordpress\/plugins\/seo\/ -->\n<title>SARE tiene todo preparado para la manifestaci\u00f3n del s\u00e1bado en Bilbao: una multitudinaria movilizaci\u00f3n para reivindicar la paz, la resoluci\u00f3n y la convivencia - Sare Herritarra<\/title>\n<meta name=\"robots\" content=\"index, follow, max-snippet:-1, max-image-preview:large, max-video-preview:-1\" \/>\n<link rel=\"canonical\" href=\"https:\/\/sare.eus\/es\/sare-tiene-todo-preparado-para-el-sabado\/\" \/>\n<meta property=\"og:locale\" content=\"es_ES\" \/>\n<meta property=\"og:type\" content=\"article\" \/>\n<meta property=\"og:title\" content=\"SARE tiene todo preparado para la manifestaci\u00f3n del s\u00e1bado en Bilbao: una multitudinaria movilizaci\u00f3n para reivindicar la paz, la resoluci\u00f3n y la convivencia - Sare Herritarra\" \/>\n<meta property=\"og:description\" content=\"A cuatro d\u00edas de la convocatoria de la manifestaci\u00f3n, queremos trasladar algunos aspectos t\u00e9cnicos de su desarrollo y, tambi\u00e9n, incidir en las razones de la misma. A quienes correspondan, deber\u00edan [&hellip;]\" \/>\n<meta property=\"og:url\" content=\"https:\/\/sare.eus\/es\/sare-tiene-todo-preparado-para-el-sabado\/\" \/>\n<meta property=\"og:site_name\" content=\"Sare Herritarra\" \/>\n<meta property=\"article:published_time\" content=\"2025-01-07T10:32:16+00:00\" \/>\n<meta property=\"article:modified_time\" content=\"2025-01-07T12:04:09+00:00\" \/>\n<meta property=\"og:image\" content=\"https:\/\/sare.eus\/wp-content\/uploads\/2025\/01\/WhatsApp-Image-2025-01-07-at-11.30.04.jpeg\" \/>\n\t<meta property=\"og:image:width\" content=\"1280\" \/>\n\t<meta property=\"og:image:height\" content=\"720\" \/>\n\t<meta property=\"og:image:type\" content=\"image\/jpeg\" \/>\n<meta name=\"author\" content=\"sare\" \/>\n<meta name=\"twitter:card\" content=\"summary_large_image\" \/>\n<meta name=\"twitter:label1\" content=\"Escrito por\" \/>\n\t<meta name=\"twitter:data1\" content=\"sare\" \/>\n\t<meta name=\"twitter:label2\" content=\"Tiempo de lectura\" \/>\n\t<meta name=\"twitter:data2\" content=\"4 minutos\" \/>\n<script type=\"application\/ld+json\" class=\"yoast-schema-graph\">{\"@context\":\"https:\/\/schema.org\",\"@graph\":[{\"@type\":\"Article\",\"@id\":\"https:\/\/sare.eus\/es\/sare-tiene-todo-preparado-para-el-sabado\/#article\",\"isPartOf\":{\"@id\":\"https:\/\/sare.eus\/es\/sare-tiene-todo-preparado-para-el-sabado\/\"},\"author\":{\"name\":\"sare\",\"@id\":\"https:\/\/sare.eus\/#\/schema\/person\/2fe6d0df294f56313d3ab236dbe38e17\"},\"headline\":\"SARE tiene todo preparado para la manifestaci\u00f3n del s\u00e1bado en Bilbao: una multitudinaria movilizaci\u00f3n para reivindicar la paz, la resoluci\u00f3n y la convivencia\",\"datePublished\":\"2025-01-07T10:32:16+00:00\",\"dateModified\":\"2025-01-07T12:04:09+00:00\",\"mainEntityOfPage\":{\"@id\":\"https:\/\/sare.eus\/es\/sare-tiene-todo-preparado-para-el-sabado\/\"},\"wordCount\":677,\"publisher\":{\"@id\":\"https:\/\/sare.eus\/#organization\"},\"image\":{\"@id\":\"https:\/\/sare.eus\/es\/sare-tiene-todo-preparado-para-el-sabado\/#primaryimage\"},\"thumbnailUrl\":\"https:\/\/sare.eus\/wp-content\/uploads\/2025\/01\/WhatsApp-Image-2025-01-07-at-11.30.04.jpeg\",\"articleSection\":[\"Etxera\"],\"inLanguage\":\"es\"},{\"@type\":\"WebPage\",\"@id\":\"https:\/\/sare.eus\/es\/sare-tiene-todo-preparado-para-el-sabado\/\",\"url\":\"https:\/\/sare.eus\/es\/sare-tiene-todo-preparado-para-el-sabado\/\",\"name\":\"SARE tiene todo preparado para la manifestaci\u00f3n del s\u00e1bado en Bilbao: una multitudinaria movilizaci\u00f3n para reivindicar la paz, la resoluci\u00f3n y la convivencia - Sare Herritarra\",\"isPartOf\":{\"@id\":\"https:\/\/sare.eus\/#website\"},\"primaryImageOfPage\":{\"@id\":\"https:\/\/sare.eus\/es\/sare-tiene-todo-preparado-para-el-sabado\/#primaryimage\"},\"image\":{\"@id\":\"https:\/\/sare.eus\/es\/sare-tiene-todo-preparado-para-el-sabado\/#primaryimage\"},\"thumbnailUrl\":\"https:\/\/sare.eus\/wp-content\/uploads\/2025\/01\/WhatsApp-Image-2025-01-07-at-11.30.04.jpeg\",\"datePublished\":\"2025-01-07T10:32:16+00:00\",\"dateModified\":\"2025-01-07T12:04:09+00:00\",\"breadcrumb\":{\"@id\":\"https:\/\/sare.eus\/es\/sare-tiene-todo-preparado-para-el-sabado\/#breadcrumb\"},\"inLanguage\":\"es\",\"potentialAction\":[{\"@type\":\"ReadAction\",\"target\":[\"https:\/\/sare.eus\/es\/sare-tiene-todo-preparado-para-el-sabado\/\"]}]},{\"@type\":\"ImageObject\",\"inLanguage\":\"es\",\"@id\":\"https:\/\/sare.eus\/es\/sare-tiene-todo-preparado-para-el-sabado\/#primaryimage\",\"url\":\"https:\/\/sare.eus\/wp-content\/uploads\/2025\/01\/WhatsApp-Image-2025-01-07-at-11.30.04.jpeg\",\"contentUrl\":\"https:\/\/sare.eus\/wp-content\/uploads\/2025\/01\/WhatsApp-Image-2025-01-07-at-11.30.04.jpeg\",\"width\":1280,\"height\":720},{\"@type\":\"BreadcrumbList\",\"@id\":\"https:\/\/sare.eus\/es\/sare-tiene-todo-preparado-para-el-sabado\/#breadcrumb\",\"itemListElement\":[{\"@type\":\"ListItem\",\"position\":1,\"name\":\"Home\",\"item\":\"https:\/\/sare.eus\/\"},{\"@type\":\"ListItem\",\"position\":2,\"name\":\"SARE tiene todo preparado para la manifestaci\u00f3n del s\u00e1bado en Bilbao: una multitudinaria movilizaci\u00f3n para reivindicar la paz, la resoluci\u00f3n y la convivencia\"}]},{\"@type\":\"WebSite\",\"@id\":\"https:\/\/sare.eus\/#website\",\"url\":\"https:\/\/sare.eus\/\",\"name\":\"Sare Herritarra\",\"description\":\"KONPONBIDEAREN ETA GIZA ESKUBIDEEN ALDEKO SARE HERRITARRA\",\"publisher\":{\"@id\":\"https:\/\/sare.eus\/#organization\"},\"potentialAction\":[{\"@type\":\"SearchAction\",\"target\":{\"@type\":\"EntryPoint\",\"urlTemplate\":\"https:\/\/sare.eus\/?s={search_term_string}\"},\"query-input\":{\"@type\":\"PropertyValueSpecification\",\"valueRequired\":true,\"valueName\":\"search_term_string\"}}],\"inLanguage\":\"es\"},{\"@type\":\"Organization\",\"@id\":\"https:\/\/sare.eus\/#organization\",\"name\":\"Sare Herritarra\",\"url\":\"https:\/\/sare.eus\/\",\"logo\":{\"@type\":\"ImageObject\",\"inLanguage\":\"es\",\"@id\":\"https:\/\/sare.eus\/#\/schema\/logo\/image\/\",\"url\":\"https:\/\/sare.eus\/wp-content\/uploads\/2021\/08\/sare.png\",\"contentUrl\":\"https:\/\/sare.eus\/wp-content\/uploads\/2021\/08\/sare.png\",\"width\":120,\"height\":142,\"caption\":\"Sare Herritarra\"},\"image\":{\"@id\":\"https:\/\/sare.eus\/#\/schema\/logo\/image\/\"}},{\"@type\":\"Person\",\"@id\":\"https:\/\/sare.eus\/#\/schema\/person\/2fe6d0df294f56313d3ab236dbe38e17\",\"name\":\"sare\",\"image\":{\"@type\":\"ImageObject\",\"inLanguage\":\"es\",\"@id\":\"https:\/\/sare.eus\/#\/schema\/person\/image\/\",\"url\":\"https:\/\/secure.gravatar.com\/avatar\/77cad838677ceb1977e7b3c878b55eaa7fa4aae2158983063b047c3ad7ef2c25?s=96&d=mm&r=g\",\"contentUrl\":\"https:\/\/secure.gravatar.com\/avatar\/77cad838677ceb1977e7b3c878b55eaa7fa4aae2158983063b047c3ad7ef2c25?s=96&d=mm&r=g\",\"caption\":\"sare\"},\"url\":\"https:\/\/sare.eus\/es\/author\/sare\/\"}]}<\/script>\n<!-- \/ Yoast SEO plugin. -->","yoast_head_json":{"title":"SARE tiene todo preparado para la manifestaci\u00f3n del s\u00e1bado en Bilbao: una multitudinaria movilizaci\u00f3n para reivindicar la paz, la resoluci\u00f3n y la convivencia - Sare Herritarra","robots":{"index":"index","follow":"follow","max-snippet":"max-snippet:-1","max-image-preview":"max-image-preview:large","max-video-preview":"max-video-preview:-1"},"canonical":"https:\/\/sare.eus\/es\/sare-tiene-todo-preparado-para-el-sabado\/","og_locale":"es_ES","og_type":"article","og_title":"SARE tiene todo preparado para la manifestaci\u00f3n del s\u00e1bado en Bilbao: una multitudinaria movilizaci\u00f3n para reivindicar la paz, la resoluci\u00f3n y la convivencia - Sare Herritarra","og_description":"A cuatro d\u00edas de la convocatoria de la manifestaci\u00f3n, queremos trasladar algunos aspectos t\u00e9cnicos de su desarrollo y, tambi\u00e9n, incidir en las razones de la misma. A quienes correspondan, deber\u00edan [&hellip;]","og_url":"https:\/\/sare.eus\/es\/sare-tiene-todo-preparado-para-el-sabado\/","og_site_name":"Sare Herritarra","article_published_time":"2025-01-07T10:32:16+00:00","article_modified_time":"2025-01-07T12:04:09+00:00","og_image":[{"width":1280,"height":720,"url":"https:\/\/sare.eus\/wp-content\/uploads\/2025\/01\/WhatsApp-Image-2025-01-07-at-11.30.04.jpeg","type":"image\/jpeg"}],"author":"sare","twitter_card":"summary_large_image","twitter_misc":{"Escrito por":"sare","Tiempo de lectura":"4 minutos"},"schema":{"@context":"https:\/\/schema.org","@graph":[{"@type":"Article","@id":"https:\/\/sare.eus\/es\/sare-tiene-todo-preparado-para-el-sabado\/#article","isPartOf":{"@id":"https:\/\/sare.eus\/es\/sare-tiene-todo-preparado-para-el-sabado\/"},"author":{"name":"sare","@id":"https:\/\/sare.eus\/#\/schema\/person\/2fe6d0df294f56313d3ab236dbe38e17"},"headline":"SARE tiene todo preparado para la manifestaci\u00f3n del s\u00e1bado en Bilbao: una multitudinaria movilizaci\u00f3n para reivindicar la paz, la resoluci\u00f3n y la convivencia","datePublished":"2025-01-07T10:32:16+00:00","dateModified":"2025-01-07T12:04:09+00:00","mainEntityOfPage":{"@id":"https:\/\/sare.eus\/es\/sare-tiene-todo-preparado-para-el-sabado\/"},"wordCount":677,"publisher":{"@id":"https:\/\/sare.eus\/#organization"},"image":{"@id":"https:\/\/sare.eus\/es\/sare-tiene-todo-preparado-para-el-sabado\/#primaryimage"},"thumbnailUrl":"https:\/\/sare.eus\/wp-content\/uploads\/2025\/01\/WhatsApp-Image-2025-01-07-at-11.30.04.jpeg","articleSection":["Etxera"],"inLanguage":"es"},{"@type":"WebPage","@id":"https:\/\/sare.eus\/es\/sare-tiene-todo-preparado-para-el-sabado\/","url":"https:\/\/sare.eus\/es\/sare-tiene-todo-preparado-para-el-sabado\/","name":"SARE tiene todo preparado para la manifestaci\u00f3n del s\u00e1bado en Bilbao: una multitudinaria movilizaci\u00f3n para reivindicar la paz, la resoluci\u00f3n y la convivencia - Sare Herritarra","isPartOf":{"@id":"https:\/\/sare.eus\/#website"},"primaryImageOfPage":{"@id":"https:\/\/sare.eus\/es\/sare-tiene-todo-preparado-para-el-sabado\/#primaryimage"},"image":{"@id":"https:\/\/sare.eus\/es\/sare-tiene-todo-preparado-para-el-sabado\/#primaryimage"},"thumbnailUrl":"https:\/\/sare.eus\/wp-content\/uploads\/2025\/01\/WhatsApp-Image-2025-01-07-at-11.30.04.jpeg","datePublished":"2025-01-07T10:32:16+00:00","dateModified":"2025-01-07T12:04:09+00:00","breadcrumb":{"@id":"https:\/\/sare.eus\/es\/sare-tiene-todo-preparado-para-el-sabado\/#breadcrumb"},"inLanguage":"es","potentialAction":[{"@type":"ReadAction","target":["https:\/\/sare.eus\/es\/sare-tiene-todo-preparado-para-el-sabado\/"]}]},{"@type":"ImageObject","inLanguage":"es","@id":"https:\/\/sare.eus\/es\/sare-tiene-todo-preparado-para-el-sabado\/#primaryimage","url":"https:\/\/sare.eus\/wp-content\/uploads\/2025\/01\/WhatsApp-Image-2025-01-07-at-11.30.04.jpeg","contentUrl":"https:\/\/sare.eus\/wp-content\/uploads\/2025\/01\/WhatsApp-Image-2025-01-07-at-11.30.04.jpeg","width":1280,"height":720},{"@type":"BreadcrumbList","@id":"https:\/\/sare.eus\/es\/sare-tiene-todo-preparado-para-el-sabado\/#breadcrumb","itemListElement":[{"@type":"ListItem","position":1,"name":"Home","item":"https:\/\/sare.eus\/"},{"@type":"ListItem","position":2,"name":"SARE tiene todo preparado para la manifestaci\u00f3n del s\u00e1bado en Bilbao: una multitudinaria movilizaci\u00f3n para reivindicar la paz, la resoluci\u00f3n y la convivencia"}]},{"@type":"WebSite","@id":"https:\/\/sare.eus\/#website","url":"https:\/\/sare.eus\/","name":"Sare Herritarra","description":"KONPONBIDEAREN ETA GIZA ESKUBIDEEN ALDEKO SARE HERRITARRA","publisher":{"@id":"https:\/\/sare.eus\/#organization"},"potentialAction":[{"@type":"SearchAction","target":{"@type":"EntryPoint","urlTemplate":"https:\/\/sare.eus\/?s={search_term_string}"},"query-input":{"@type":"PropertyValueSpecification","valueRequired":true,"valueName":"search_term_string"}}],"inLanguage":"es"},{"@type":"Organization","@id":"https:\/\/sare.eus\/#organization","name":"Sare Herritarra","url":"https:\/\/sare.eus\/","logo":{"@type":"ImageObject","inLanguage":"es","@id":"https:\/\/sare.eus\/#\/schema\/logo\/image\/","url":"https:\/\/sare.eus\/wp-content\/uploads\/2021\/08\/sare.png","contentUrl":"https:\/\/sare.eus\/wp-content\/uploads\/2021\/08\/sare.png","width":120,"height":142,"caption":"Sare Herritarra"},"image":{"@id":"https:\/\/sare.eus\/#\/schema\/logo\/image\/"}},{"@type":"Person","@id":"https:\/\/sare.eus\/#\/schema\/person\/2fe6d0df294f56313d3ab236dbe38e17","name":"sare","image":{"@type":"ImageObject","inLanguage":"es","@id":"https:\/\/sare.eus\/#\/schema\/person\/image\/","url":"https:\/\/secure.gravatar.com\/avatar\/77cad838677ceb1977e7b3c878b55eaa7fa4aae2158983063b047c3ad7ef2c25?s=96&d=mm&r=g","contentUrl":"https:\/\/secure.gravatar.com\/avatar\/77cad838677ceb1977e7b3c878b55eaa7fa4aae2158983063b047c3ad7ef2c25?s=96&d=mm&r=g","caption":"sare"},"url":"https:\/\/sare.eus\/es\/author\/sare\/"}]}},"_links":{"self":[{"href":"https:\/\/sare.eus\/es\/wp-json\/wp\/v2\/posts\/6690","targetHints":{"allow":["GET"]}}],"collection":[{"href":"https:\/\/sare.eus\/es\/wp-json\/wp\/v2\/posts"}],"about":[{"href":"https:\/\/sare.eus\/es\/wp-json\/wp\/v2\/types\/post"}],"author":[{"embeddable":true,"href":"https:\/\/sare.eus\/es\/wp-json\/wp\/v2\/users\/2"}],"replies":[{"embeddable":true,"href":"https:\/\/sare.eus\/es\/wp-json\/wp\/v2\/comments?post=6690"}],"version-history":[{"count":8,"href":"https:\/\/sare.eus\/es\/wp-json\/wp\/v2\/posts\/6690\/revisions"}],"predecessor-version":[{"id":6727,"href":"https:\/\/sare.eus\/es\/wp-json\/wp\/v2\/posts\/6690\/revisions\/6727"}],"wp:featuredmedia":[{"embeddable":true,"href":"https:\/\/sare.eus\/es\/wp-json\/wp\/v2\/media\/6705"}],"wp:attachment":[{"href":"https:\/\/sare.eus\/es\/wp-json\/wp\/v2\/media?parent=6690"}],"wp:term":[{"taxonomy":"category","embeddable":true,"href":"https:\/\/sare.eus\/es\/wp-json\/wp\/v2\/categories?post=6690"},{"taxonomy":"post_tag","embeddable":true,"href":"https:\/\/sare.eus\/es\/wp-json\/wp\/v2\/tags?post=6690"}],"curies":[{"name":"wp","href":"https:\/\/api.w.org\/{rel}","templated":true}]}}