{"id":6580,"date":"2024-12-26T12:14:33","date_gmt":"2024-12-26T11:14:33","guid":{"rendered":"https:\/\/sare.eus\/la-mayoria-sindical-vasca-se-une-a-la-campana-behin-betiko\/"},"modified":"2024-12-26T12:14:33","modified_gmt":"2024-12-26T11:14:33","slug":"la-mayoria-sindical-vasca-se-une-a-la-campana-behin-betiko","status":"publish","type":"post","link":"https:\/\/sare.eus\/es\/la-mayoria-sindical-vasca-se-une-a-la-campana-behin-betiko\/","title":{"rendered":"La mayor\u00eda sindical vasca se une a la campa\u00f1a \u00abBehin betiko\u00bb"},"content":{"rendered":"<p>Los sindicatos que representamos a la mayor\u00eda sindical de Hego Euskal Herria, hemos vuelto a movilizarnos hoy en Iru\u00f1ea, Gasteiz, Donosti y Bilbo para poner sobre la mesa la importancia que tiene la resoluci\u00f3n de las consecuencias del conflicto que ha vivido nuestro pueblo durante a\u00f1os. Aunque se han dado pasos importantes en el camino a casa de los y las presas vascas, hoy d\u00eda quedan nudos importantes por desatar, puesto que la excepcionalidad sigue vigente.<\/p>\n<p>Aunque la reforma legal que computa las sanciones impuestas en la comunidad europea es una noticia alentadora, a\u00fan falta mucho camino por recorrer. Las v\u00edctimas de las diferentes violencias necesitan el reconocimiento y el conocimiento de la verdad. De la misma manera, el camino a casa de los y las vascas en prisi\u00f3n y los exiliados, es imprescindible para poner fin a la excepcionalidad que nos anclan al pasado y as\u00ed situarnos en camino a una convivencia definitiva.<\/p>\n<p>Por eso, los trabajadores y trabajadoras nos sumamos una vez m\u00e1s a la reivindicaci\u00f3n de Sare, los trabajadores y trabajadoras tambi\u00e9n haremos nuestra aportaci\u00f3n al proceso de resoluci\u00f3n, estamos dispuestos a poner nuestro grano de arena en el camino a casa. Dicho esto, reafirmamos nuestro compromiso de estar el 11 de enero en Bilbao para reivindicarlo. A las 5 de la tarde, desde La Casilla volveremos a ser miles y miles los ciudadanos que llenemos las calles de Bilbao y proclamemos que DEFINITIVAMENTE es el tiempo de paz, soluci\u00f3n y convivencia.<\/p>\n\n\t\t<style type=\"text\/css\">\n\t\t\t#gallery-1 {\n\t\t\t\tmargin: auto;\n\t\t\t}\n\t\t\t#gallery-1 .gallery-item {\n\t\t\t\tfloat: left;\n\t\t\t\tmargin-top: 10px;\n\t\t\t\ttext-align: center;\n\t\t\t\twidth: 50%;\n\t\t\t}\n\t\t\t#gallery-1 img {\n\t\t\t\tborder: 2px solid #cfcfcf;\n\t\t\t}\n\t\t\t#gallery-1 .gallery-caption {\n\t\t\t\tmargin-left: 0;\n\t\t\t}\n\t\t\t\/* see gallery_shortcode() in wp-includes\/media.php *\/\n\t\t<\/style>\n\t\t<div id='gallery-1' class='gallery galleryid-6580 gallery-columns-2 gallery-size-large'><dl class='gallery-item'>\n\t\t\t<dt class='gallery-icon landscape'>\n\t\t\t\t<a href='https:\/\/sare.eus\/es\/zozketa-2024-saridunak-premiados\/3-saria-agertu-da-marije-ea-bizkaia_-2\/'><img loading=\"lazy\" decoding=\"async\" width=\"1024\" height=\"845\" src=\"https:\/\/sare.eus\/wp-content\/uploads\/2024\/12\/3.-saria-agertu-da-Marije-EA-bizkaia_-1-1024x845.jpg\" class=\"attachment-large size-large\" alt=\"\" aria-describedby=\"gallery-1-6586\" srcset=\"https:\/\/sare.eus\/wp-content\/uploads\/2024\/12\/3.-saria-agertu-da-Marije-EA-bizkaia_-1-1024x845.jpg 1024w, https:\/\/sare.eus\/wp-content\/uploads\/2024\/12\/3.-saria-agertu-da-Marije-EA-bizkaia_-1-300x248.jpg 300w, https:\/\/sare.eus\/wp-content\/uploads\/2024\/12\/3.-saria-agertu-da-Marije-EA-bizkaia_-1-768x634.jpg 768w, https:\/\/sare.eus\/wp-content\/uploads\/2024\/12\/3.-saria-agertu-da-Marije-EA-bizkaia_-1-1536x1268.jpg 1536w, https:\/\/sare.eus\/wp-content\/uploads\/2024\/12\/3.-saria-agertu-da-Marije-EA-bizkaia_-1-2048x1691.jpg 2048w, https:\/\/sare.eus\/wp-content\/uploads\/2024\/12\/3.-saria-agertu-da-Marije-EA-bizkaia_-1-1080x892.jpg 1080w\" sizes=\"(max-width: 1024px) 100vw, 1024px\" \/><\/a>\n\t\t\t<\/dt>\n\t\t\t\t<dd class='wp-caption-text gallery-caption' id='gallery-1-6586'>\n\t\t\t\t3. SARIDUNA\n\t\t\t\t<\/dd><\/dl>\n\t\t\t<br style='clear: both' \/>\n\t\t<\/div>\n\n","protected":false},"excerpt":{"rendered":"<p>Los sindicatos que representamos a la mayor\u00eda sindical de Hego Euskal Herria, hemos vuelto a movilizarnos hoy en Iru\u00f1ea, Gasteiz, Donosti y Bilbo para poner sobre la mesa la importancia [&hellip;]<\/p>\n","protected":false},"author":1,"featured_media":6577,"comment_status":"closed","ping_status":"closed","sticky":false,"template":"","format":"standard","meta":{"_acf_changed":false,"_et_pb_use_builder":"","_et_pb_old_content":"","_et_gb_content_width":"","footnotes":""},"categories":[60],"tags":[],"class_list":["post-6580","post","type-post","status-publish","format-standard","has-post-thumbnail","hentry","category-etxera-es","et-has-post-format-content","et_post_format-et-post-format-standard"],"acf":[],"yoast_head":"<!-- This site is optimized with the Yoast SEO plugin v26.4 - https:\/\/yoast.com\/wordpress\/plugins\/seo\/ -->\n<title>La mayor\u00eda sindical vasca se une a la campa\u00f1a &quot;Behin betiko&quot; - Sare Herritarra<\/title>\n<meta name=\"robots\" content=\"index, follow, max-snippet:-1, max-image-preview:large, max-video-preview:-1\" \/>\n<link rel=\"canonical\" href=\"https:\/\/sare.eus\/es\/la-mayoria-sindical-vasca-se-une-a-la-campana-behin-betiko\/\" \/>\n<meta property=\"og:locale\" content=\"es_ES\" \/>\n<meta property=\"og:type\" content=\"article\" \/>\n<meta property=\"og:title\" content=\"La mayor\u00eda sindical vasca se une a la campa\u00f1a &quot;Behin betiko&quot; - Sare Herritarra\" \/>\n<meta property=\"og:description\" content=\"Los sindicatos que representamos a la mayor\u00eda sindical de Hego Euskal Herria, hemos vuelto a movilizarnos hoy en Iru\u00f1ea, Gasteiz, Donosti y Bilbo para poner sobre la mesa la importancia [&hellip;]\" \/>\n<meta property=\"og:url\" content=\"https:\/\/sare.eus\/es\/la-mayoria-sindical-vasca-se-une-a-la-campana-behin-betiko\/\" \/>\n<meta property=\"og:site_name\" content=\"Sare Herritarra\" \/>\n<meta property=\"article:published_time\" content=\"2024-12-26T11:14:33+00:00\" \/>\n<meta property=\"og:image\" content=\"https:\/\/sare.eus\/wp-content\/uploads\/2024\/12\/WhatsApp-Image-2024-12-20-at-12.14.57.jpeg\" \/>\n\t<meta property=\"og:image:width\" content=\"800\" \/>\n\t<meta property=\"og:image:height\" content=\"533\" \/>\n\t<meta property=\"og:image:type\" content=\"image\/jpeg\" \/>\n<meta name=\"author\" content=\"admin\" \/>\n<meta name=\"twitter:card\" content=\"summary_large_image\" \/>\n<meta name=\"twitter:label1\" content=\"Escrito por\" \/>\n\t<meta name=\"twitter:data1\" content=\"admin\" \/>\n\t<meta name=\"twitter:label2\" content=\"Tiempo de lectura\" \/>\n\t<meta name=\"twitter:data2\" content=\"1 minuto\" \/>\n<script type=\"application\/ld+json\" class=\"yoast-schema-graph\">{\"@context\":\"https:\/\/schema.org\",\"@graph\":[{\"@type\":\"Article\",\"@id\":\"https:\/\/sare.eus\/es\/la-mayoria-sindical-vasca-se-une-a-la-campana-behin-betiko\/#article\",\"isPartOf\":{\"@id\":\"https:\/\/sare.eus\/es\/la-mayoria-sindical-vasca-se-une-a-la-campana-behin-betiko\/\"},\"author\":{\"name\":\"admin\",\"@id\":\"https:\/\/sare.eus\/#\/schema\/person\/5a711e7396face0569eb43391127616d\"},\"headline\":\"La mayor\u00eda sindical vasca se une a la campa\u00f1a \u00abBehin betiko\u00bb\",\"datePublished\":\"2024-12-26T11:14:33+00:00\",\"mainEntityOfPage\":{\"@id\":\"https:\/\/sare.eus\/es\/la-mayoria-sindical-vasca-se-une-a-la-campana-behin-betiko\/\"},\"wordCount\":275,\"publisher\":{\"@id\":\"https:\/\/sare.eus\/#organization\"},\"image\":{\"@id\":\"https:\/\/sare.eus\/es\/la-mayoria-sindical-vasca-se-une-a-la-campana-behin-betiko\/#primaryimage\"},\"thumbnailUrl\":\"https:\/\/sare.eus\/wp-content\/uploads\/2024\/12\/WhatsApp-Image-2024-12-20-at-12.14.57.jpeg\",\"articleSection\":[\"Etxera\"],\"inLanguage\":\"es\"},{\"@type\":\"WebPage\",\"@id\":\"https:\/\/sare.eus\/es\/la-mayoria-sindical-vasca-se-une-a-la-campana-behin-betiko\/\",\"url\":\"https:\/\/sare.eus\/es\/la-mayoria-sindical-vasca-se-une-a-la-campana-behin-betiko\/\",\"name\":\"La mayor\u00eda sindical vasca se une a la campa\u00f1a \\\"Behin betiko\\\" - Sare Herritarra\",\"isPartOf\":{\"@id\":\"https:\/\/sare.eus\/#website\"},\"primaryImageOfPage\":{\"@id\":\"https:\/\/sare.eus\/es\/la-mayoria-sindical-vasca-se-une-a-la-campana-behin-betiko\/#primaryimage\"},\"image\":{\"@id\":\"https:\/\/sare.eus\/es\/la-mayoria-sindical-vasca-se-une-a-la-campana-behin-betiko\/#primaryimage\"},\"thumbnailUrl\":\"https:\/\/sare.eus\/wp-content\/uploads\/2024\/12\/WhatsApp-Image-2024-12-20-at-12.14.57.jpeg\",\"datePublished\":\"2024-12-26T11:14:33+00:00\",\"breadcrumb\":{\"@id\":\"https:\/\/sare.eus\/es\/la-mayoria-sindical-vasca-se-une-a-la-campana-behin-betiko\/#breadcrumb\"},\"inLanguage\":\"es\",\"potentialAction\":[{\"@type\":\"ReadAction\",\"target\":[\"https:\/\/sare.eus\/es\/la-mayoria-sindical-vasca-se-une-a-la-campana-behin-betiko\/\"]}]},{\"@type\":\"ImageObject\",\"inLanguage\":\"es\",\"@id\":\"https:\/\/sare.eus\/es\/la-mayoria-sindical-vasca-se-une-a-la-campana-behin-betiko\/#primaryimage\",\"url\":\"https:\/\/sare.eus\/wp-content\/uploads\/2024\/12\/WhatsApp-Image-2024-12-20-at-12.14.57.jpeg\",\"contentUrl\":\"https:\/\/sare.eus\/wp-content\/uploads\/2024\/12\/WhatsApp-Image-2024-12-20-at-12.14.57.jpeg\",\"width\":800,\"height\":533},{\"@type\":\"BreadcrumbList\",\"@id\":\"https:\/\/sare.eus\/es\/la-mayoria-sindical-vasca-se-une-a-la-campana-behin-betiko\/#breadcrumb\",\"itemListElement\":[{\"@type\":\"ListItem\",\"position\":1,\"name\":\"Home\",\"item\":\"https:\/\/sare.eus\/\"},{\"@type\":\"ListItem\",\"position\":2,\"name\":\"La mayor\u00eda sindical vasca se une a la campa\u00f1a \u00abBehin betiko\u00bb\"}]},{\"@type\":\"WebSite\",\"@id\":\"https:\/\/sare.eus\/#website\",\"url\":\"https:\/\/sare.eus\/\",\"name\":\"Sare Herritarra\",\"description\":\"KONPONBIDEAREN ETA GIZA ESKUBIDEEN ALDEKO SARE HERRITARRA\",\"publisher\":{\"@id\":\"https:\/\/sare.eus\/#organization\"},\"potentialAction\":[{\"@type\":\"SearchAction\",\"target\":{\"@type\":\"EntryPoint\",\"urlTemplate\":\"https:\/\/sare.eus\/?s={search_term_string}\"},\"query-input\":{\"@type\":\"PropertyValueSpecification\",\"valueRequired\":true,\"valueName\":\"search_term_string\"}}],\"inLanguage\":\"es\"},{\"@type\":\"Organization\",\"@id\":\"https:\/\/sare.eus\/#organization\",\"name\":\"Sare Herritarra\",\"url\":\"https:\/\/sare.eus\/\",\"logo\":{\"@type\":\"ImageObject\",\"inLanguage\":\"es\",\"@id\":\"https:\/\/sare.eus\/#\/schema\/logo\/image\/\",\"url\":\"https:\/\/sare.eus\/wp-content\/uploads\/2021\/08\/sare.png\",\"contentUrl\":\"https:\/\/sare.eus\/wp-content\/uploads\/2021\/08\/sare.png\",\"width\":120,\"height\":142,\"caption\":\"Sare Herritarra\"},\"image\":{\"@id\":\"https:\/\/sare.eus\/#\/schema\/logo\/image\/\"}},{\"@type\":\"Person\",\"@id\":\"https:\/\/sare.eus\/#\/schema\/person\/5a711e7396face0569eb43391127616d\",\"name\":\"admin\",\"image\":{\"@type\":\"ImageObject\",\"inLanguage\":\"es\",\"@id\":\"https:\/\/sare.eus\/#\/schema\/person\/image\/\",\"url\":\"https:\/\/secure.gravatar.com\/avatar\/d22a8cc353ba20fa3181b73b7b53a33b5b98923d9a2f9945443604d7359581c4?s=96&d=mm&r=g\",\"contentUrl\":\"https:\/\/secure.gravatar.com\/avatar\/d22a8cc353ba20fa3181b73b7b53a33b5b98923d9a2f9945443604d7359581c4?s=96&d=mm&r=g\",\"caption\":\"admin\"},\"url\":\"https:\/\/sare.eus\/es\/author\/prueba3371_a2783y7n\/\"}]}<\/script>\n<!-- \/ Yoast SEO plugin. -->","yoast_head_json":{"title":"La mayor\u00eda sindical vasca se une a la campa\u00f1a \"Behin betiko\" - Sare Herritarra","robots":{"index":"index","follow":"follow","max-snippet":"max-snippet:-1","max-image-preview":"max-image-preview:large","max-video-preview":"max-video-preview:-1"},"canonical":"https:\/\/sare.eus\/es\/la-mayoria-sindical-vasca-se-une-a-la-campana-behin-betiko\/","og_locale":"es_ES","og_type":"article","og_title":"La mayor\u00eda sindical vasca se une a la campa\u00f1a \"Behin betiko\" - Sare Herritarra","og_description":"Los sindicatos que representamos a la mayor\u00eda sindical de Hego Euskal Herria, hemos vuelto a movilizarnos hoy en Iru\u00f1ea, Gasteiz, Donosti y Bilbo para poner sobre la mesa la importancia [&hellip;]","og_url":"https:\/\/sare.eus\/es\/la-mayoria-sindical-vasca-se-une-a-la-campana-behin-betiko\/","og_site_name":"Sare Herritarra","article_published_time":"2024-12-26T11:14:33+00:00","og_image":[{"width":800,"height":533,"url":"https:\/\/sare.eus\/wp-content\/uploads\/2024\/12\/WhatsApp-Image-2024-12-20-at-12.14.57.jpeg","type":"image\/jpeg"}],"author":"admin","twitter_card":"summary_large_image","twitter_misc":{"Escrito por":"admin","Tiempo de lectura":"1 minuto"},"schema":{"@context":"https:\/\/schema.org","@graph":[{"@type":"Article","@id":"https:\/\/sare.eus\/es\/la-mayoria-sindical-vasca-se-une-a-la-campana-behin-betiko\/#article","isPartOf":{"@id":"https:\/\/sare.eus\/es\/la-mayoria-sindical-vasca-se-une-a-la-campana-behin-betiko\/"},"author":{"name":"admin","@id":"https:\/\/sare.eus\/#\/schema\/person\/5a711e7396face0569eb43391127616d"},"headline":"La mayor\u00eda sindical vasca se une a la campa\u00f1a \u00abBehin betiko\u00bb","datePublished":"2024-12-26T11:14:33+00:00","mainEntityOfPage":{"@id":"https:\/\/sare.eus\/es\/la-mayoria-sindical-vasca-se-une-a-la-campana-behin-betiko\/"},"wordCount":275,"publisher":{"@id":"https:\/\/sare.eus\/#organization"},"image":{"@id":"https:\/\/sare.eus\/es\/la-mayoria-sindical-vasca-se-une-a-la-campana-behin-betiko\/#primaryimage"},"thumbnailUrl":"https:\/\/sare.eus\/wp-content\/uploads\/2024\/12\/WhatsApp-Image-2024-12-20-at-12.14.57.jpeg","articleSection":["Etxera"],"inLanguage":"es"},{"@type":"WebPage","@id":"https:\/\/sare.eus\/es\/la-mayoria-sindical-vasca-se-une-a-la-campana-behin-betiko\/","url":"https:\/\/sare.eus\/es\/la-mayoria-sindical-vasca-se-une-a-la-campana-behin-betiko\/","name":"La mayor\u00eda sindical vasca se une a la campa\u00f1a \"Behin betiko\" - Sare Herritarra","isPartOf":{"@id":"https:\/\/sare.eus\/#website"},"primaryImageOfPage":{"@id":"https:\/\/sare.eus\/es\/la-mayoria-sindical-vasca-se-une-a-la-campana-behin-betiko\/#primaryimage"},"image":{"@id":"https:\/\/sare.eus\/es\/la-mayoria-sindical-vasca-se-une-a-la-campana-behin-betiko\/#primaryimage"},"thumbnailUrl":"https:\/\/sare.eus\/wp-content\/uploads\/2024\/12\/WhatsApp-Image-2024-12-20-at-12.14.57.jpeg","datePublished":"2024-12-26T11:14:33+00:00","breadcrumb":{"@id":"https:\/\/sare.eus\/es\/la-mayoria-sindical-vasca-se-une-a-la-campana-behin-betiko\/#breadcrumb"},"inLanguage":"es","potentialAction":[{"@type":"ReadAction","target":["https:\/\/sare.eus\/es\/la-mayoria-sindical-vasca-se-une-a-la-campana-behin-betiko\/"]}]},{"@type":"ImageObject","inLanguage":"es","@id":"https:\/\/sare.eus\/es\/la-mayoria-sindical-vasca-se-une-a-la-campana-behin-betiko\/#primaryimage","url":"https:\/\/sare.eus\/wp-content\/uploads\/2024\/12\/WhatsApp-Image-2024-12-20-at-12.14.57.jpeg","contentUrl":"https:\/\/sare.eus\/wp-content\/uploads\/2024\/12\/WhatsApp-Image-2024-12-20-at-12.14.57.jpeg","width":800,"height":533},{"@type":"BreadcrumbList","@id":"https:\/\/sare.eus\/es\/la-mayoria-sindical-vasca-se-une-a-la-campana-behin-betiko\/#breadcrumb","itemListElement":[{"@type":"ListItem","position":1,"name":"Home","item":"https:\/\/sare.eus\/"},{"@type":"ListItem","position":2,"name":"La mayor\u00eda sindical vasca se une a la campa\u00f1a \u00abBehin betiko\u00bb"}]},{"@type":"WebSite","@id":"https:\/\/sare.eus\/#website","url":"https:\/\/sare.eus\/","name":"Sare Herritarra","description":"KONPONBIDEAREN ETA GIZA ESKUBIDEEN ALDEKO SARE HERRITARRA","publisher":{"@id":"https:\/\/sare.eus\/#organization"},"potentialAction":[{"@type":"SearchAction","target":{"@type":"EntryPoint","urlTemplate":"https:\/\/sare.eus\/?s={search_term_string}"},"query-input":{"@type":"PropertyValueSpecification","valueRequired":true,"valueName":"search_term_string"}}],"inLanguage":"es"},{"@type":"Organization","@id":"https:\/\/sare.eus\/#organization","name":"Sare Herritarra","url":"https:\/\/sare.eus\/","logo":{"@type":"ImageObject","inLanguage":"es","@id":"https:\/\/sare.eus\/#\/schema\/logo\/image\/","url":"https:\/\/sare.eus\/wp-content\/uploads\/2021\/08\/sare.png","contentUrl":"https:\/\/sare.eus\/wp-content\/uploads\/2021\/08\/sare.png","width":120,"height":142,"caption":"Sare Herritarra"},"image":{"@id":"https:\/\/sare.eus\/#\/schema\/logo\/image\/"}},{"@type":"Person","@id":"https:\/\/sare.eus\/#\/schema\/person\/5a711e7396face0569eb43391127616d","name":"admin","image":{"@type":"ImageObject","inLanguage":"es","@id":"https:\/\/sare.eus\/#\/schema\/person\/image\/","url":"https:\/\/secure.gravatar.com\/avatar\/d22a8cc353ba20fa3181b73b7b53a33b5b98923d9a2f9945443604d7359581c4?s=96&d=mm&r=g","contentUrl":"https:\/\/secure.gravatar.com\/avatar\/d22a8cc353ba20fa3181b73b7b53a33b5b98923d9a2f9945443604d7359581c4?s=96&d=mm&r=g","caption":"admin"},"url":"https:\/\/sare.eus\/es\/author\/prueba3371_a2783y7n\/"}]}},"_links":{"self":[{"href":"https:\/\/sare.eus\/es\/wp-json\/wp\/v2\/posts\/6580","targetHints":{"allow":["GET"]}}],"collection":[{"href":"https:\/\/sare.eus\/es\/wp-json\/wp\/v2\/posts"}],"about":[{"href":"https:\/\/sare.eus\/es\/wp-json\/wp\/v2\/types\/post"}],"author":[{"embeddable":true,"href":"https:\/\/sare.eus\/es\/wp-json\/wp\/v2\/users\/1"}],"replies":[{"embeddable":true,"href":"https:\/\/sare.eus\/es\/wp-json\/wp\/v2\/comments?post=6580"}],"version-history":[{"count":0,"href":"https:\/\/sare.eus\/es\/wp-json\/wp\/v2\/posts\/6580\/revisions"}],"wp:featuredmedia":[{"embeddable":true,"href":"https:\/\/sare.eus\/es\/wp-json\/wp\/v2\/media\/6577"}],"wp:attachment":[{"href":"https:\/\/sare.eus\/es\/wp-json\/wp\/v2\/media?parent=6580"}],"wp:term":[{"taxonomy":"category","embeddable":true,"href":"https:\/\/sare.eus\/es\/wp-json\/wp\/v2\/categories?post=6580"},{"taxonomy":"post_tag","embeddable":true,"href":"https:\/\/sare.eus\/es\/wp-json\/wp\/v2\/tags?post=6580"}],"curies":[{"name":"wp","href":"https:\/\/api.w.org\/{rel}","templated":true}]}}