{"id":6574,"date":"2024-12-26T12:11:45","date_gmt":"2024-12-26T11:11:45","guid":{"rendered":"https:\/\/sare.eus\/rueda-de-prensa-de-jovenes-hoy-en-bilbao-para-llamar-a-llenar-las-calles-de-bilbao-el-11-de-enero-gazteokbilbora\/"},"modified":"2024-12-26T12:11:45","modified_gmt":"2024-12-26T11:11:45","slug":"rueda-de-prensa-de-jovenes-hoy-en-bilbao-para-llamar-a-llenar-las-calles-de-bilbao-el-11-de-enero-gazteokbilbora","status":"publish","type":"post","link":"https:\/\/sare.eus\/es\/rueda-de-prensa-de-jovenes-hoy-en-bilbao-para-llamar-a-llenar-las-calles-de-bilbao-el-11-de-enero-gazteokbilbora\/","title":{"rendered":"Rueda de prensa de j\u00f3venes hoy en Bilbao para llamar a llenar las calles de Bilbao el 11 de enero #GazteokBilbora"},"content":{"rendered":"<p class=\"western\" align=\"justify\"><span style=\"font-family: Eina 01 Regular, serif;\">Somos la generaci\u00f3n que no ha vivido el conflicto que en Euskal Herria ha existido. La generaci\u00f3n de j\u00f3venes, que cuando ETA dio por finalizada su actividad a\u00fan \u00e9ramos ni\u00f1os\/as. Somos quienes hemos recibido un relato sobre el conflicto vasco de boca en boca, en teatros, literatura, pel\u00edculas o series. La generaci\u00f3n que nos han sido impuestas las consecuencias del conflicto.<\/span><\/p>\n<p class=\"western\" align=\"justify\"><span style=\"font-family: Eina 01 Regular, serif;\">Entre nosotros\/as existen personas nacidas en prisi\u00f3n o que durante a\u00f1os han portado la famosa \u201cmochila\u201d. As\u00ed como personas que les ha tocado ser victimas directas de distintas violencias. Somos la generaci\u00f3n que nos ha tocado vivir de cerca el conflicto, pero sobre todo, la que le ha tocado vivir las consecuencias del conflicto.<\/span><\/p>\n<p class=\"western\" align=\"justify\"><span style=\"font-family: Eina 01 Regular, serif;\">Hemos crecido y nos hemos educado en barrios, pueblos, ciudades, en los que han existido y existen presos, huidos o deportados vascos. Nos ha tocado ver y vivir esa realidad siempre, en nuestro d\u00eda a d\u00eda. Nos ha tocado vivir las consecuencias de una realidad que no vivimos. Nos ha sido correspondida la tarea de desatar el nudo creado en generaciones que nos precedieron.<\/span><\/p>\n<p class=\"western\" align=\"justify\"><span style=\"font-family: Eina 01 Regular, serif;\">Esta generaci\u00f3n de j\u00f3venes afronta ahora de manera comprometida las consecuencias que ha dejado la resoluci\u00f3n del conflicto y con responsabilidad el compromiso de desatar estos nudos. Nuestra generaci\u00f3n debe ser la \u00faltima en sufrir estas consecuencias.<\/span><\/p>\n<p class=\"western\" align=\"justify\"><span style=\"font-family: Eina 01 Regular, serif;\">Es por ello, que acudiremos a la manifestaci\u00f3n convocada por Sare Herritarra el dia 11 de Enero en Bilbo. Donde reivindicaremos un proceso de soluci\u00f3n integral y que las consecuencias del conflicto no se alarguen mas. Gritando para reivindicar por una paz, soluci\u00f3n y convivencia DEFINITIVAS, gritaremos tambi\u00e9n que DEFINITIVAMENTE presos, exiliados y deportados a casa. Los y las j\u00f3venes hacia la soluci\u00f3n. <\/span><\/p>\n<hr \/>\n\n\t\t<style type=\"text\/css\">\n\t\t\t#gallery-1 {\n\t\t\t\tmargin: auto;\n\t\t\t}\n\t\t\t#gallery-1 .gallery-item {\n\t\t\t\tfloat: left;\n\t\t\t\tmargin-top: 10px;\n\t\t\t\ttext-align: center;\n\t\t\t\twidth: 20%;\n\t\t\t}\n\t\t\t#gallery-1 img {\n\t\t\t\tborder: 2px solid #cfcfcf;\n\t\t\t}\n\t\t\t#gallery-1 .gallery-caption {\n\t\t\t\tmargin-left: 0;\n\t\t\t}\n\t\t\t\/* see gallery_shortcode() in wp-includes\/media.php *\/\n\t\t<\/style>\n\t\t<div id='gallery-1' class='gallery galleryid-6574 gallery-columns-5 gallery-size-medium'><dl class='gallery-item'>\n\t\t\t<dt class='gallery-icon landscape'>\n\t\t\t\t<a href='https:\/\/sare.eus\/es\/nota-de-la-red-ciudadana-sare-con-motivo-del-dia-internacional-de-los-derechos-humanos\/oharrak-nota-webgunean-jartzeko_01-2-2\/'><img loading=\"lazy\" decoding=\"async\" width=\"300\" height=\"225\" src=\"https:\/\/sare.eus\/wp-content\/uploads\/2024\/12\/OHARRAK-NOTA-WEBGUNEAN-JARTZEKO_01-300x225.jpg\" class=\"attachment-medium size-medium\" alt=\"\" srcset=\"https:\/\/sare.eus\/wp-content\/uploads\/2024\/12\/OHARRAK-NOTA-WEBGUNEAN-JARTZEKO_01-300x225.jpg 300w, https:\/\/sare.eus\/wp-content\/uploads\/2024\/12\/OHARRAK-NOTA-WEBGUNEAN-JARTZEKO_01-768x576.jpg 768w, https:\/\/sare.eus\/wp-content\/uploads\/2024\/12\/OHARRAK-NOTA-WEBGUNEAN-JARTZEKO_01.jpg 800w\" sizes=\"(max-width: 300px) 100vw, 300px\" \/><\/a>\n\t\t\t<\/dt><\/dl><dl class='gallery-item'>\n\t\t\t<dt class='gallery-icon landscape'>\n\t\t\t\t<a href='https:\/\/sare.eus\/es\/zozketa-2024-saridunak-premiados\/boletoa-web-2\/'><img loading=\"lazy\" decoding=\"async\" width=\"300\" height=\"225\" src=\"https:\/\/sare.eus\/wp-content\/uploads\/2024\/12\/boletoa-web-300x225.jpg\" class=\"attachment-medium size-medium\" alt=\"\" srcset=\"https:\/\/sare.eus\/wp-content\/uploads\/2024\/12\/boletoa-web-300x225.jpg 300w, https:\/\/sare.eus\/wp-content\/uploads\/2024\/12\/boletoa-web-768x576.jpg 768w, https:\/\/sare.eus\/wp-content\/uploads\/2024\/12\/boletoa-web.jpg 900w\" sizes=\"(max-width: 300px) 100vw, 300px\" \/><\/a>\n\t\t\t<\/dt><\/dl><dl class='gallery-item'>\n\t\t\t<dt class='gallery-icon landscape'>\n\t\t\t\t<a href='https:\/\/sare.eus\/es\/rueda-de-prensa-de-jovenes-hoy-en-bilbao-para-llamar-a-llenar-las-calles-de-bilbao-el-11-de-enero-gazteokbilbora\/gazte-agerraldia-bilbo-urt-11-bilbora-web-scaled-2\/'><img loading=\"lazy\" decoding=\"async\" width=\"300\" height=\"200\" src=\"https:\/\/sare.eus\/wp-content\/uploads\/2024\/12\/gazte-agerraldia-bilbo-urt-11-bilbora-web-scaled-1-300x200.jpg\" class=\"attachment-medium size-medium\" alt=\"\" srcset=\"https:\/\/sare.eus\/wp-content\/uploads\/2024\/12\/gazte-agerraldia-bilbo-urt-11-bilbora-web-scaled-1-300x200.jpg 300w, https:\/\/sare.eus\/wp-content\/uploads\/2024\/12\/gazte-agerraldia-bilbo-urt-11-bilbora-web-scaled-1-768x512.jpg 768w, https:\/\/sare.eus\/wp-content\/uploads\/2024\/12\/gazte-agerraldia-bilbo-urt-11-bilbora-web-scaled-1.jpg 800w\" sizes=\"(max-width: 300px) 100vw, 300px\" \/><\/a>\n\t\t\t<\/dt><\/dl>\n\t\t\t<br style='clear: both' \/>\n\t\t<\/div>\n\n<p><img loading=\"lazy\" decoding=\"async\" class=\"wp-image-6551 size-large aligncenter\" src=\"https:\/\/sare.eus\/wp-content\/uploads\/2024\/12\/behin-betiko-pankarta-GAZTEOK-02-1024x273.jpg\" alt=\"\" width=\"1024\" height=\"273\" \/><\/p>\n","protected":false},"excerpt":{"rendered":"<p>Somos la generaci\u00f3n que no ha vivido el conflicto que en Euskal Herria ha existido. La generaci\u00f3n de j\u00f3venes, que cuando ETA dio por finalizada su actividad a\u00fan \u00e9ramos ni\u00f1os\/as. [&hellip;]<\/p>\n","protected":false},"author":1,"featured_media":6572,"comment_status":"closed","ping_status":"closed","sticky":false,"template":"","format":"standard","meta":{"_acf_changed":false,"_et_pb_use_builder":"","_et_pb_old_content":"","_et_gb_content_width":"","footnotes":""},"categories":[60],"tags":[],"class_list":["post-6574","post","type-post","status-publish","format-standard","has-post-thumbnail","hentry","category-etxera-es","et-has-post-format-content","et_post_format-et-post-format-standard"],"acf":[],"yoast_head":"<!-- This site is optimized with the Yoast SEO plugin v26.4 - https:\/\/yoast.com\/wordpress\/plugins\/seo\/ -->\n<title>Rueda de prensa de j\u00f3venes hoy en Bilbao para llamar a llenar las calles de Bilbao el 11 de enero #GazteokBilbora - Sare Herritarra<\/title>\n<meta name=\"robots\" content=\"index, follow, max-snippet:-1, max-image-preview:large, max-video-preview:-1\" \/>\n<link rel=\"canonical\" href=\"https:\/\/sare.eus\/es\/rueda-de-prensa-de-jovenes-hoy-en-bilbao-para-llamar-a-llenar-las-calles-de-bilbao-el-11-de-enero-gazteokbilbora\/\" \/>\n<meta property=\"og:locale\" content=\"es_ES\" \/>\n<meta property=\"og:type\" content=\"article\" \/>\n<meta property=\"og:title\" content=\"Rueda de prensa de j\u00f3venes hoy en Bilbao para llamar a llenar las calles de Bilbao el 11 de enero #GazteokBilbora - Sare Herritarra\" \/>\n<meta property=\"og:description\" content=\"Somos la generaci\u00f3n que no ha vivido el conflicto que en Euskal Herria ha existido. La generaci\u00f3n de j\u00f3venes, que cuando ETA dio por finalizada su actividad a\u00fan \u00e9ramos ni\u00f1os\/as. [&hellip;]\" \/>\n<meta property=\"og:url\" content=\"https:\/\/sare.eus\/es\/rueda-de-prensa-de-jovenes-hoy-en-bilbao-para-llamar-a-llenar-las-calles-de-bilbao-el-11-de-enero-gazteokbilbora\/\" \/>\n<meta property=\"og:site_name\" content=\"Sare Herritarra\" \/>\n<meta property=\"article:published_time\" content=\"2024-12-26T11:11:45+00:00\" \/>\n<meta property=\"og:image\" content=\"https:\/\/sare.eus\/wp-content\/uploads\/2024\/12\/OHARRAK-NOTA-WEBGUNEAN-JARTZEKO_01-300x225.jpg\" \/>\n<meta name=\"author\" content=\"admin\" \/>\n<meta name=\"twitter:card\" content=\"summary_large_image\" \/>\n<meta name=\"twitter:label1\" content=\"Escrito por\" \/>\n\t<meta name=\"twitter:data1\" content=\"admin\" \/>\n\t<meta name=\"twitter:label2\" content=\"Tiempo de lectura\" \/>\n\t<meta name=\"twitter:data2\" content=\"2 minutos\" \/>\n<script type=\"application\/ld+json\" class=\"yoast-schema-graph\">{\"@context\":\"https:\/\/schema.org\",\"@graph\":[{\"@type\":\"Article\",\"@id\":\"https:\/\/sare.eus\/es\/rueda-de-prensa-de-jovenes-hoy-en-bilbao-para-llamar-a-llenar-las-calles-de-bilbao-el-11-de-enero-gazteokbilbora\/#article\",\"isPartOf\":{\"@id\":\"https:\/\/sare.eus\/es\/rueda-de-prensa-de-jovenes-hoy-en-bilbao-para-llamar-a-llenar-las-calles-de-bilbao-el-11-de-enero-gazteokbilbora\/\"},\"author\":{\"name\":\"admin\",\"@id\":\"https:\/\/sare.eus\/#\/schema\/person\/5a711e7396face0569eb43391127616d\"},\"headline\":\"Rueda de prensa de j\u00f3venes hoy en Bilbao para llamar a llenar las calles de Bilbao el 11 de enero #GazteokBilbora\",\"datePublished\":\"2024-12-26T11:11:45+00:00\",\"mainEntityOfPage\":{\"@id\":\"https:\/\/sare.eus\/es\/rueda-de-prensa-de-jovenes-hoy-en-bilbao-para-llamar-a-llenar-las-calles-de-bilbao-el-11-de-enero-gazteokbilbora\/\"},\"wordCount\":328,\"publisher\":{\"@id\":\"https:\/\/sare.eus\/#organization\"},\"image\":{\"@id\":\"https:\/\/sare.eus\/es\/rueda-de-prensa-de-jovenes-hoy-en-bilbao-para-llamar-a-llenar-las-calles-de-bilbao-el-11-de-enero-gazteokbilbora\/#primaryimage\"},\"thumbnailUrl\":\"https:\/\/sare.eus\/wp-content\/uploads\/2024\/12\/gazte-agerraldia-bilbo-urt-11-bilbora-web-scaled-1.jpg\",\"articleSection\":[\"Etxera\"],\"inLanguage\":\"es\"},{\"@type\":\"WebPage\",\"@id\":\"https:\/\/sare.eus\/es\/rueda-de-prensa-de-jovenes-hoy-en-bilbao-para-llamar-a-llenar-las-calles-de-bilbao-el-11-de-enero-gazteokbilbora\/\",\"url\":\"https:\/\/sare.eus\/es\/rueda-de-prensa-de-jovenes-hoy-en-bilbao-para-llamar-a-llenar-las-calles-de-bilbao-el-11-de-enero-gazteokbilbora\/\",\"name\":\"Rueda de prensa de j\u00f3venes hoy en Bilbao para llamar a llenar las calles de Bilbao el 11 de enero #GazteokBilbora - Sare Herritarra\",\"isPartOf\":{\"@id\":\"https:\/\/sare.eus\/#website\"},\"primaryImageOfPage\":{\"@id\":\"https:\/\/sare.eus\/es\/rueda-de-prensa-de-jovenes-hoy-en-bilbao-para-llamar-a-llenar-las-calles-de-bilbao-el-11-de-enero-gazteokbilbora\/#primaryimage\"},\"image\":{\"@id\":\"https:\/\/sare.eus\/es\/rueda-de-prensa-de-jovenes-hoy-en-bilbao-para-llamar-a-llenar-las-calles-de-bilbao-el-11-de-enero-gazteokbilbora\/#primaryimage\"},\"thumbnailUrl\":\"https:\/\/sare.eus\/wp-content\/uploads\/2024\/12\/gazte-agerraldia-bilbo-urt-11-bilbora-web-scaled-1.jpg\",\"datePublished\":\"2024-12-26T11:11:45+00:00\",\"breadcrumb\":{\"@id\":\"https:\/\/sare.eus\/es\/rueda-de-prensa-de-jovenes-hoy-en-bilbao-para-llamar-a-llenar-las-calles-de-bilbao-el-11-de-enero-gazteokbilbora\/#breadcrumb\"},\"inLanguage\":\"es\",\"potentialAction\":[{\"@type\":\"ReadAction\",\"target\":[\"https:\/\/sare.eus\/es\/rueda-de-prensa-de-jovenes-hoy-en-bilbao-para-llamar-a-llenar-las-calles-de-bilbao-el-11-de-enero-gazteokbilbora\/\"]}]},{\"@type\":\"ImageObject\",\"inLanguage\":\"es\",\"@id\":\"https:\/\/sare.eus\/es\/rueda-de-prensa-de-jovenes-hoy-en-bilbao-para-llamar-a-llenar-las-calles-de-bilbao-el-11-de-enero-gazteokbilbora\/#primaryimage\",\"url\":\"https:\/\/sare.eus\/wp-content\/uploads\/2024\/12\/gazte-agerraldia-bilbo-urt-11-bilbora-web-scaled-1.jpg\",\"contentUrl\":\"https:\/\/sare.eus\/wp-content\/uploads\/2024\/12\/gazte-agerraldia-bilbo-urt-11-bilbora-web-scaled-1.jpg\",\"width\":800,\"height\":533},{\"@type\":\"BreadcrumbList\",\"@id\":\"https:\/\/sare.eus\/es\/rueda-de-prensa-de-jovenes-hoy-en-bilbao-para-llamar-a-llenar-las-calles-de-bilbao-el-11-de-enero-gazteokbilbora\/#breadcrumb\",\"itemListElement\":[{\"@type\":\"ListItem\",\"position\":1,\"name\":\"Home\",\"item\":\"https:\/\/sare.eus\/\"},{\"@type\":\"ListItem\",\"position\":2,\"name\":\"Rueda de prensa de j\u00f3venes hoy en Bilbao para llamar a llenar las calles de Bilbao el 11 de enero #GazteokBilbora\"}]},{\"@type\":\"WebSite\",\"@id\":\"https:\/\/sare.eus\/#website\",\"url\":\"https:\/\/sare.eus\/\",\"name\":\"Sare Herritarra\",\"description\":\"KONPONBIDEAREN ETA GIZA ESKUBIDEEN ALDEKO SARE HERRITARRA\",\"publisher\":{\"@id\":\"https:\/\/sare.eus\/#organization\"},\"potentialAction\":[{\"@type\":\"SearchAction\",\"target\":{\"@type\":\"EntryPoint\",\"urlTemplate\":\"https:\/\/sare.eus\/?s={search_term_string}\"},\"query-input\":{\"@type\":\"PropertyValueSpecification\",\"valueRequired\":true,\"valueName\":\"search_term_string\"}}],\"inLanguage\":\"es\"},{\"@type\":\"Organization\",\"@id\":\"https:\/\/sare.eus\/#organization\",\"name\":\"Sare Herritarra\",\"url\":\"https:\/\/sare.eus\/\",\"logo\":{\"@type\":\"ImageObject\",\"inLanguage\":\"es\",\"@id\":\"https:\/\/sare.eus\/#\/schema\/logo\/image\/\",\"url\":\"https:\/\/sare.eus\/wp-content\/uploads\/2021\/08\/sare.png\",\"contentUrl\":\"https:\/\/sare.eus\/wp-content\/uploads\/2021\/08\/sare.png\",\"width\":120,\"height\":142,\"caption\":\"Sare Herritarra\"},\"image\":{\"@id\":\"https:\/\/sare.eus\/#\/schema\/logo\/image\/\"}},{\"@type\":\"Person\",\"@id\":\"https:\/\/sare.eus\/#\/schema\/person\/5a711e7396face0569eb43391127616d\",\"name\":\"admin\",\"image\":{\"@type\":\"ImageObject\",\"inLanguage\":\"es\",\"@id\":\"https:\/\/sare.eus\/#\/schema\/person\/image\/\",\"url\":\"https:\/\/secure.gravatar.com\/avatar\/d22a8cc353ba20fa3181b73b7b53a33b5b98923d9a2f9945443604d7359581c4?s=96&d=mm&r=g\",\"contentUrl\":\"https:\/\/secure.gravatar.com\/avatar\/d22a8cc353ba20fa3181b73b7b53a33b5b98923d9a2f9945443604d7359581c4?s=96&d=mm&r=g\",\"caption\":\"admin\"},\"url\":\"https:\/\/sare.eus\/es\/author\/prueba3371_a2783y7n\/\"}]}<\/script>\n<!-- \/ Yoast SEO plugin. -->","yoast_head_json":{"title":"Rueda de prensa de j\u00f3venes hoy en Bilbao para llamar a llenar las calles de Bilbao el 11 de enero #GazteokBilbora - Sare Herritarra","robots":{"index":"index","follow":"follow","max-snippet":"max-snippet:-1","max-image-preview":"max-image-preview:large","max-video-preview":"max-video-preview:-1"},"canonical":"https:\/\/sare.eus\/es\/rueda-de-prensa-de-jovenes-hoy-en-bilbao-para-llamar-a-llenar-las-calles-de-bilbao-el-11-de-enero-gazteokbilbora\/","og_locale":"es_ES","og_type":"article","og_title":"Rueda de prensa de j\u00f3venes hoy en Bilbao para llamar a llenar las calles de Bilbao el 11 de enero #GazteokBilbora - Sare Herritarra","og_description":"Somos la generaci\u00f3n que no ha vivido el conflicto que en Euskal Herria ha existido. La generaci\u00f3n de j\u00f3venes, que cuando ETA dio por finalizada su actividad a\u00fan \u00e9ramos ni\u00f1os\/as. [&hellip;]","og_url":"https:\/\/sare.eus\/es\/rueda-de-prensa-de-jovenes-hoy-en-bilbao-para-llamar-a-llenar-las-calles-de-bilbao-el-11-de-enero-gazteokbilbora\/","og_site_name":"Sare Herritarra","article_published_time":"2024-12-26T11:11:45+00:00","og_image":[{"url":"https:\/\/sare.eus\/wp-content\/uploads\/2024\/12\/OHARRAK-NOTA-WEBGUNEAN-JARTZEKO_01-300x225.jpg","type":"","width":"","height":""}],"author":"admin","twitter_card":"summary_large_image","twitter_misc":{"Escrito por":"admin","Tiempo de lectura":"2 minutos"},"schema":{"@context":"https:\/\/schema.org","@graph":[{"@type":"Article","@id":"https:\/\/sare.eus\/es\/rueda-de-prensa-de-jovenes-hoy-en-bilbao-para-llamar-a-llenar-las-calles-de-bilbao-el-11-de-enero-gazteokbilbora\/#article","isPartOf":{"@id":"https:\/\/sare.eus\/es\/rueda-de-prensa-de-jovenes-hoy-en-bilbao-para-llamar-a-llenar-las-calles-de-bilbao-el-11-de-enero-gazteokbilbora\/"},"author":{"name":"admin","@id":"https:\/\/sare.eus\/#\/schema\/person\/5a711e7396face0569eb43391127616d"},"headline":"Rueda de prensa de j\u00f3venes hoy en Bilbao para llamar a llenar las calles de Bilbao el 11 de enero #GazteokBilbora","datePublished":"2024-12-26T11:11:45+00:00","mainEntityOfPage":{"@id":"https:\/\/sare.eus\/es\/rueda-de-prensa-de-jovenes-hoy-en-bilbao-para-llamar-a-llenar-las-calles-de-bilbao-el-11-de-enero-gazteokbilbora\/"},"wordCount":328,"publisher":{"@id":"https:\/\/sare.eus\/#organization"},"image":{"@id":"https:\/\/sare.eus\/es\/rueda-de-prensa-de-jovenes-hoy-en-bilbao-para-llamar-a-llenar-las-calles-de-bilbao-el-11-de-enero-gazteokbilbora\/#primaryimage"},"thumbnailUrl":"https:\/\/sare.eus\/wp-content\/uploads\/2024\/12\/gazte-agerraldia-bilbo-urt-11-bilbora-web-scaled-1.jpg","articleSection":["Etxera"],"inLanguage":"es"},{"@type":"WebPage","@id":"https:\/\/sare.eus\/es\/rueda-de-prensa-de-jovenes-hoy-en-bilbao-para-llamar-a-llenar-las-calles-de-bilbao-el-11-de-enero-gazteokbilbora\/","url":"https:\/\/sare.eus\/es\/rueda-de-prensa-de-jovenes-hoy-en-bilbao-para-llamar-a-llenar-las-calles-de-bilbao-el-11-de-enero-gazteokbilbora\/","name":"Rueda de prensa de j\u00f3venes hoy en Bilbao para llamar a llenar las calles de Bilbao el 11 de enero #GazteokBilbora - Sare Herritarra","isPartOf":{"@id":"https:\/\/sare.eus\/#website"},"primaryImageOfPage":{"@id":"https:\/\/sare.eus\/es\/rueda-de-prensa-de-jovenes-hoy-en-bilbao-para-llamar-a-llenar-las-calles-de-bilbao-el-11-de-enero-gazteokbilbora\/#primaryimage"},"image":{"@id":"https:\/\/sare.eus\/es\/rueda-de-prensa-de-jovenes-hoy-en-bilbao-para-llamar-a-llenar-las-calles-de-bilbao-el-11-de-enero-gazteokbilbora\/#primaryimage"},"thumbnailUrl":"https:\/\/sare.eus\/wp-content\/uploads\/2024\/12\/gazte-agerraldia-bilbo-urt-11-bilbora-web-scaled-1.jpg","datePublished":"2024-12-26T11:11:45+00:00","breadcrumb":{"@id":"https:\/\/sare.eus\/es\/rueda-de-prensa-de-jovenes-hoy-en-bilbao-para-llamar-a-llenar-las-calles-de-bilbao-el-11-de-enero-gazteokbilbora\/#breadcrumb"},"inLanguage":"es","potentialAction":[{"@type":"ReadAction","target":["https:\/\/sare.eus\/es\/rueda-de-prensa-de-jovenes-hoy-en-bilbao-para-llamar-a-llenar-las-calles-de-bilbao-el-11-de-enero-gazteokbilbora\/"]}]},{"@type":"ImageObject","inLanguage":"es","@id":"https:\/\/sare.eus\/es\/rueda-de-prensa-de-jovenes-hoy-en-bilbao-para-llamar-a-llenar-las-calles-de-bilbao-el-11-de-enero-gazteokbilbora\/#primaryimage","url":"https:\/\/sare.eus\/wp-content\/uploads\/2024\/12\/gazte-agerraldia-bilbo-urt-11-bilbora-web-scaled-1.jpg","contentUrl":"https:\/\/sare.eus\/wp-content\/uploads\/2024\/12\/gazte-agerraldia-bilbo-urt-11-bilbora-web-scaled-1.jpg","width":800,"height":533},{"@type":"BreadcrumbList","@id":"https:\/\/sare.eus\/es\/rueda-de-prensa-de-jovenes-hoy-en-bilbao-para-llamar-a-llenar-las-calles-de-bilbao-el-11-de-enero-gazteokbilbora\/#breadcrumb","itemListElement":[{"@type":"ListItem","position":1,"name":"Home","item":"https:\/\/sare.eus\/"},{"@type":"ListItem","position":2,"name":"Rueda de prensa de j\u00f3venes hoy en Bilbao para llamar a llenar las calles de Bilbao el 11 de enero #GazteokBilbora"}]},{"@type":"WebSite","@id":"https:\/\/sare.eus\/#website","url":"https:\/\/sare.eus\/","name":"Sare Herritarra","description":"KONPONBIDEAREN ETA GIZA ESKUBIDEEN ALDEKO SARE HERRITARRA","publisher":{"@id":"https:\/\/sare.eus\/#organization"},"potentialAction":[{"@type":"SearchAction","target":{"@type":"EntryPoint","urlTemplate":"https:\/\/sare.eus\/?s={search_term_string}"},"query-input":{"@type":"PropertyValueSpecification","valueRequired":true,"valueName":"search_term_string"}}],"inLanguage":"es"},{"@type":"Organization","@id":"https:\/\/sare.eus\/#organization","name":"Sare Herritarra","url":"https:\/\/sare.eus\/","logo":{"@type":"ImageObject","inLanguage":"es","@id":"https:\/\/sare.eus\/#\/schema\/logo\/image\/","url":"https:\/\/sare.eus\/wp-content\/uploads\/2021\/08\/sare.png","contentUrl":"https:\/\/sare.eus\/wp-content\/uploads\/2021\/08\/sare.png","width":120,"height":142,"caption":"Sare Herritarra"},"image":{"@id":"https:\/\/sare.eus\/#\/schema\/logo\/image\/"}},{"@type":"Person","@id":"https:\/\/sare.eus\/#\/schema\/person\/5a711e7396face0569eb43391127616d","name":"admin","image":{"@type":"ImageObject","inLanguage":"es","@id":"https:\/\/sare.eus\/#\/schema\/person\/image\/","url":"https:\/\/secure.gravatar.com\/avatar\/d22a8cc353ba20fa3181b73b7b53a33b5b98923d9a2f9945443604d7359581c4?s=96&d=mm&r=g","contentUrl":"https:\/\/secure.gravatar.com\/avatar\/d22a8cc353ba20fa3181b73b7b53a33b5b98923d9a2f9945443604d7359581c4?s=96&d=mm&r=g","caption":"admin"},"url":"https:\/\/sare.eus\/es\/author\/prueba3371_a2783y7n\/"}]}},"_links":{"self":[{"href":"https:\/\/sare.eus\/es\/wp-json\/wp\/v2\/posts\/6574","targetHints":{"allow":["GET"]}}],"collection":[{"href":"https:\/\/sare.eus\/es\/wp-json\/wp\/v2\/posts"}],"about":[{"href":"https:\/\/sare.eus\/es\/wp-json\/wp\/v2\/types\/post"}],"author":[{"embeddable":true,"href":"https:\/\/sare.eus\/es\/wp-json\/wp\/v2\/users\/1"}],"replies":[{"embeddable":true,"href":"https:\/\/sare.eus\/es\/wp-json\/wp\/v2\/comments?post=6574"}],"version-history":[{"count":0,"href":"https:\/\/sare.eus\/es\/wp-json\/wp\/v2\/posts\/6574\/revisions"}],"wp:featuredmedia":[{"embeddable":true,"href":"https:\/\/sare.eus\/es\/wp-json\/wp\/v2\/media\/6572"}],"wp:attachment":[{"href":"https:\/\/sare.eus\/es\/wp-json\/wp\/v2\/media?parent=6574"}],"wp:term":[{"taxonomy":"category","embeddable":true,"href":"https:\/\/sare.eus\/es\/wp-json\/wp\/v2\/categories?post=6574"},{"taxonomy":"post_tag","embeddable":true,"href":"https:\/\/sare.eus\/es\/wp-json\/wp\/v2\/tags?post=6574"}],"curies":[{"name":"wp","href":"https:\/\/api.w.org\/{rel}","templated":true}]}}