{"id":6561,"date":"2024-12-26T11:59:24","date_gmt":"2024-12-26T10:59:24","guid":{"rendered":"https:\/\/sare.eus\/nota-de-la-red-ciudadana-sare-con-motivo-del-dia-internacional-de-los-derechos-humanos\/"},"modified":"2024-12-26T11:59:24","modified_gmt":"2024-12-26T10:59:24","slug":"nota-de-la-red-ciudadana-sare-con-motivo-del-dia-internacional-de-los-derechos-humanos","status":"publish","type":"post","link":"https:\/\/sare.eus\/es\/nota-de-la-red-ciudadana-sare-con-motivo-del-dia-internacional-de-los-derechos-humanos\/","title":{"rendered":"NOTA de la Red ciudadana SARE Con motivo del d\u00eda internacional de los derechos humanos"},"content":{"rendered":"<p><strong>NOTA DE LA RED CIUDADANA SARE<\/strong><\/p>\n<p><strong>D\u00cdA INTERNACIONAL DE LOS DERECHOS HUMANOS<\/strong><\/p>\n<p>Despu\u00e9s de que la Organizaci\u00f3n de las Naciones Unidas aceptase la \u201cDeclaraci\u00f3n universal de los derechos humanos) el 10 de Diciembre de 1948, el d\u00eda de hoy se conoce en todo el mundo como el d\u00eda internacional de los derechos humanos. En el citado documento, se hace referencia a los derechos mas b\u00e1sicos a los que todo ser humano tiene derecho. Reconociendo por ejemplo la libertad sexual, religiosa, ling\u00fc\u00edstica o de opini\u00f3n entre otros muchos. Aprovechando el valor simb\u00f3lico del propio d\u00eda, desde Sare herritarra queremos aprovechar la ocasi\u00f3n para expresar nuestras reivindicaciones entorno a algunos de estos derechos humanos.<\/p>\n<p>A lo largo de nuestros 10 a\u00f1os de existencia, nuestro compromiso con los Derechos Humanos ha sido siempre claro, ya que en el marco del conflicto vivido en Euskal Herria, han sido y son grandes las vulneraciones de estos derechos. Este conflicto de tantos a\u00f1os ha tra\u00eddo consigo diversas violaciones de los derechos humanos. Adem\u00e1s de volver a recordar a las v\u00edctimas que las diferentes violencias han ocasionado, no podemos pasar por alto las vulneraciones que la pol\u00edtica de excepci\u00f3n est\u00e1 causando a los y las presas, refugiadas y deportadas vascas.<\/p>\n<p>Las leyes siguen imponiendo condenas de excepci\u00f3n en el estado espa\u00f1ol, de modo que vemos necesario acabar con la excepcionalidad. La ley 07\/2003, supone una cadena perpetua encubierta que todav\u00eda sigue vigente.<\/p>\n<p>Como hasta ahora, Sare herritarra continuar\u00e1 reivindicando que se garanticen los derechos humanos en todas sus din\u00e1micas y como no, en la manifestaci\u00f3n que se llevar\u00e1 a cabo el 11 de Enero en Bilbao. Es hora de acabar con la excepcionalidad y de dar una soluci\u00f3n al conflicto, es hora de abrirle las puertas a la convivencia.<\/p>\n<p><strong>Los y las presas vascas, refugiadas y deportadas a casa!<\/strong><\/p>\n","protected":false},"excerpt":{"rendered":"<p>NOTA DE LA RED CIUDADANA SARE D\u00cdA INTERNACIONAL DE LOS DERECHOS HUMANOS Despu\u00e9s de que la Organizaci\u00f3n de las Naciones Unidas aceptase la \u201cDeclaraci\u00f3n universal de los derechos humanos) el [&hellip;]<\/p>\n","protected":false},"author":1,"featured_media":0,"comment_status":"closed","ping_status":"closed","sticky":false,"template":"","format":"standard","meta":{"_acf_changed":false,"_et_pb_use_builder":"","_et_pb_old_content":"","_et_gb_content_width":"","footnotes":""},"categories":[60],"tags":[],"class_list":["post-6561","post","type-post","status-publish","format-standard","hentry","category-etxera-es","et-doesnt-have-format-content","et_post_format-et-post-format-standard"],"acf":[],"yoast_head":"<!-- This site is optimized with the Yoast SEO plugin v26.4 - https:\/\/yoast.com\/wordpress\/plugins\/seo\/ -->\n<title>NOTA de la Red ciudadana SARE Con motivo del d\u00eda internacional de los derechos humanos - Sare Herritarra<\/title>\n<meta name=\"robots\" content=\"index, follow, max-snippet:-1, max-image-preview:large, max-video-preview:-1\" \/>\n<link rel=\"canonical\" href=\"https:\/\/sare.eus\/es\/nota-de-la-red-ciudadana-sare-con-motivo-del-dia-internacional-de-los-derechos-humanos\/\" \/>\n<meta property=\"og:locale\" content=\"es_ES\" \/>\n<meta property=\"og:type\" content=\"article\" \/>\n<meta property=\"og:title\" content=\"NOTA de la Red ciudadana SARE Con motivo del d\u00eda internacional de los derechos humanos - Sare Herritarra\" \/>\n<meta property=\"og:description\" content=\"NOTA DE LA RED CIUDADANA SARE D\u00cdA INTERNACIONAL DE LOS DERECHOS HUMANOS Despu\u00e9s de que la Organizaci\u00f3n de las Naciones Unidas aceptase la \u201cDeclaraci\u00f3n universal de los derechos humanos) el [&hellip;]\" \/>\n<meta property=\"og:url\" content=\"https:\/\/sare.eus\/es\/nota-de-la-red-ciudadana-sare-con-motivo-del-dia-internacional-de-los-derechos-humanos\/\" \/>\n<meta property=\"og:site_name\" content=\"Sare Herritarra\" \/>\n<meta property=\"article:published_time\" content=\"2024-12-26T10:59:24+00:00\" \/>\n<meta property=\"og:image\" content=\"https:\/\/sare.eus\/wp-content\/uploads\/2021\/08\/cropped-sare.png\" \/>\n\t<meta property=\"og:image:width\" content=\"512\" \/>\n\t<meta property=\"og:image:height\" content=\"512\" \/>\n\t<meta property=\"og:image:type\" content=\"image\/png\" \/>\n<meta name=\"author\" content=\"admin\" \/>\n<meta name=\"twitter:card\" content=\"summary_large_image\" \/>\n<meta name=\"twitter:label1\" content=\"Escrito por\" \/>\n\t<meta name=\"twitter:data1\" content=\"admin\" \/>\n\t<meta name=\"twitter:label2\" content=\"Tiempo de lectura\" \/>\n\t<meta name=\"twitter:data2\" content=\"2 minutos\" \/>\n<script type=\"application\/ld+json\" class=\"yoast-schema-graph\">{\"@context\":\"https:\/\/schema.org\",\"@graph\":[{\"@type\":\"Article\",\"@id\":\"https:\/\/sare.eus\/es\/nota-de-la-red-ciudadana-sare-con-motivo-del-dia-internacional-de-los-derechos-humanos\/#article\",\"isPartOf\":{\"@id\":\"https:\/\/sare.eus\/es\/nota-de-la-red-ciudadana-sare-con-motivo-del-dia-internacional-de-los-derechos-humanos\/\"},\"author\":{\"name\":\"admin\",\"@id\":\"https:\/\/sare.eus\/#\/schema\/person\/5a711e7396face0569eb43391127616d\"},\"headline\":\"NOTA de la Red ciudadana SARE Con motivo del d\u00eda internacional de los derechos humanos\",\"datePublished\":\"2024-12-26T10:59:24+00:00\",\"mainEntityOfPage\":{\"@id\":\"https:\/\/sare.eus\/es\/nota-de-la-red-ciudadana-sare-con-motivo-del-dia-internacional-de-los-derechos-humanos\/\"},\"wordCount\":338,\"publisher\":{\"@id\":\"https:\/\/sare.eus\/#organization\"},\"articleSection\":[\"Etxera\"],\"inLanguage\":\"es\"},{\"@type\":\"WebPage\",\"@id\":\"https:\/\/sare.eus\/es\/nota-de-la-red-ciudadana-sare-con-motivo-del-dia-internacional-de-los-derechos-humanos\/\",\"url\":\"https:\/\/sare.eus\/es\/nota-de-la-red-ciudadana-sare-con-motivo-del-dia-internacional-de-los-derechos-humanos\/\",\"name\":\"NOTA de la Red ciudadana SARE Con motivo del d\u00eda internacional de los derechos humanos - Sare Herritarra\",\"isPartOf\":{\"@id\":\"https:\/\/sare.eus\/#website\"},\"datePublished\":\"2024-12-26T10:59:24+00:00\",\"breadcrumb\":{\"@id\":\"https:\/\/sare.eus\/es\/nota-de-la-red-ciudadana-sare-con-motivo-del-dia-internacional-de-los-derechos-humanos\/#breadcrumb\"},\"inLanguage\":\"es\",\"potentialAction\":[{\"@type\":\"ReadAction\",\"target\":[\"https:\/\/sare.eus\/es\/nota-de-la-red-ciudadana-sare-con-motivo-del-dia-internacional-de-los-derechos-humanos\/\"]}]},{\"@type\":\"BreadcrumbList\",\"@id\":\"https:\/\/sare.eus\/es\/nota-de-la-red-ciudadana-sare-con-motivo-del-dia-internacional-de-los-derechos-humanos\/#breadcrumb\",\"itemListElement\":[{\"@type\":\"ListItem\",\"position\":1,\"name\":\"Home\",\"item\":\"https:\/\/sare.eus\/\"},{\"@type\":\"ListItem\",\"position\":2,\"name\":\"NOTA de la Red ciudadana SARE Con motivo del d\u00eda internacional de los derechos humanos\"}]},{\"@type\":\"WebSite\",\"@id\":\"https:\/\/sare.eus\/#website\",\"url\":\"https:\/\/sare.eus\/\",\"name\":\"Sare Herritarra\",\"description\":\"KONPONBIDEAREN ETA GIZA ESKUBIDEEN ALDEKO SARE HERRITARRA\",\"publisher\":{\"@id\":\"https:\/\/sare.eus\/#organization\"},\"potentialAction\":[{\"@type\":\"SearchAction\",\"target\":{\"@type\":\"EntryPoint\",\"urlTemplate\":\"https:\/\/sare.eus\/?s={search_term_string}\"},\"query-input\":{\"@type\":\"PropertyValueSpecification\",\"valueRequired\":true,\"valueName\":\"search_term_string\"}}],\"inLanguage\":\"es\"},{\"@type\":\"Organization\",\"@id\":\"https:\/\/sare.eus\/#organization\",\"name\":\"Sare Herritarra\",\"url\":\"https:\/\/sare.eus\/\",\"logo\":{\"@type\":\"ImageObject\",\"inLanguage\":\"es\",\"@id\":\"https:\/\/sare.eus\/#\/schema\/logo\/image\/\",\"url\":\"https:\/\/sare.eus\/wp-content\/uploads\/2021\/08\/sare.png\",\"contentUrl\":\"https:\/\/sare.eus\/wp-content\/uploads\/2021\/08\/sare.png\",\"width\":120,\"height\":142,\"caption\":\"Sare Herritarra\"},\"image\":{\"@id\":\"https:\/\/sare.eus\/#\/schema\/logo\/image\/\"}},{\"@type\":\"Person\",\"@id\":\"https:\/\/sare.eus\/#\/schema\/person\/5a711e7396face0569eb43391127616d\",\"name\":\"admin\",\"image\":{\"@type\":\"ImageObject\",\"inLanguage\":\"es\",\"@id\":\"https:\/\/sare.eus\/#\/schema\/person\/image\/\",\"url\":\"https:\/\/secure.gravatar.com\/avatar\/d22a8cc353ba20fa3181b73b7b53a33b5b98923d9a2f9945443604d7359581c4?s=96&d=mm&r=g\",\"contentUrl\":\"https:\/\/secure.gravatar.com\/avatar\/d22a8cc353ba20fa3181b73b7b53a33b5b98923d9a2f9945443604d7359581c4?s=96&d=mm&r=g\",\"caption\":\"admin\"},\"url\":\"https:\/\/sare.eus\/es\/author\/prueba3371_a2783y7n\/\"}]}<\/script>\n<!-- \/ Yoast SEO plugin. -->","yoast_head_json":{"title":"NOTA de la Red ciudadana SARE Con motivo del d\u00eda internacional de los derechos humanos - Sare Herritarra","robots":{"index":"index","follow":"follow","max-snippet":"max-snippet:-1","max-image-preview":"max-image-preview:large","max-video-preview":"max-video-preview:-1"},"canonical":"https:\/\/sare.eus\/es\/nota-de-la-red-ciudadana-sare-con-motivo-del-dia-internacional-de-los-derechos-humanos\/","og_locale":"es_ES","og_type":"article","og_title":"NOTA de la Red ciudadana SARE Con motivo del d\u00eda internacional de los derechos humanos - Sare Herritarra","og_description":"NOTA DE LA RED CIUDADANA SARE D\u00cdA INTERNACIONAL DE LOS DERECHOS HUMANOS Despu\u00e9s de que la Organizaci\u00f3n de las Naciones Unidas aceptase la \u201cDeclaraci\u00f3n universal de los derechos humanos) el [&hellip;]","og_url":"https:\/\/sare.eus\/es\/nota-de-la-red-ciudadana-sare-con-motivo-del-dia-internacional-de-los-derechos-humanos\/","og_site_name":"Sare Herritarra","article_published_time":"2024-12-26T10:59:24+00:00","og_image":[{"width":512,"height":512,"url":"https:\/\/sare.eus\/wp-content\/uploads\/2021\/08\/cropped-sare.png","type":"image\/png"}],"author":"admin","twitter_card":"summary_large_image","twitter_misc":{"Escrito por":"admin","Tiempo de lectura":"2 minutos"},"schema":{"@context":"https:\/\/schema.org","@graph":[{"@type":"Article","@id":"https:\/\/sare.eus\/es\/nota-de-la-red-ciudadana-sare-con-motivo-del-dia-internacional-de-los-derechos-humanos\/#article","isPartOf":{"@id":"https:\/\/sare.eus\/es\/nota-de-la-red-ciudadana-sare-con-motivo-del-dia-internacional-de-los-derechos-humanos\/"},"author":{"name":"admin","@id":"https:\/\/sare.eus\/#\/schema\/person\/5a711e7396face0569eb43391127616d"},"headline":"NOTA de la Red ciudadana SARE Con motivo del d\u00eda internacional de los derechos humanos","datePublished":"2024-12-26T10:59:24+00:00","mainEntityOfPage":{"@id":"https:\/\/sare.eus\/es\/nota-de-la-red-ciudadana-sare-con-motivo-del-dia-internacional-de-los-derechos-humanos\/"},"wordCount":338,"publisher":{"@id":"https:\/\/sare.eus\/#organization"},"articleSection":["Etxera"],"inLanguage":"es"},{"@type":"WebPage","@id":"https:\/\/sare.eus\/es\/nota-de-la-red-ciudadana-sare-con-motivo-del-dia-internacional-de-los-derechos-humanos\/","url":"https:\/\/sare.eus\/es\/nota-de-la-red-ciudadana-sare-con-motivo-del-dia-internacional-de-los-derechos-humanos\/","name":"NOTA de la Red ciudadana SARE Con motivo del d\u00eda internacional de los derechos humanos - Sare Herritarra","isPartOf":{"@id":"https:\/\/sare.eus\/#website"},"datePublished":"2024-12-26T10:59:24+00:00","breadcrumb":{"@id":"https:\/\/sare.eus\/es\/nota-de-la-red-ciudadana-sare-con-motivo-del-dia-internacional-de-los-derechos-humanos\/#breadcrumb"},"inLanguage":"es","potentialAction":[{"@type":"ReadAction","target":["https:\/\/sare.eus\/es\/nota-de-la-red-ciudadana-sare-con-motivo-del-dia-internacional-de-los-derechos-humanos\/"]}]},{"@type":"BreadcrumbList","@id":"https:\/\/sare.eus\/es\/nota-de-la-red-ciudadana-sare-con-motivo-del-dia-internacional-de-los-derechos-humanos\/#breadcrumb","itemListElement":[{"@type":"ListItem","position":1,"name":"Home","item":"https:\/\/sare.eus\/"},{"@type":"ListItem","position":2,"name":"NOTA de la Red ciudadana SARE Con motivo del d\u00eda internacional de los derechos humanos"}]},{"@type":"WebSite","@id":"https:\/\/sare.eus\/#website","url":"https:\/\/sare.eus\/","name":"Sare Herritarra","description":"KONPONBIDEAREN ETA GIZA ESKUBIDEEN ALDEKO SARE HERRITARRA","publisher":{"@id":"https:\/\/sare.eus\/#organization"},"potentialAction":[{"@type":"SearchAction","target":{"@type":"EntryPoint","urlTemplate":"https:\/\/sare.eus\/?s={search_term_string}"},"query-input":{"@type":"PropertyValueSpecification","valueRequired":true,"valueName":"search_term_string"}}],"inLanguage":"es"},{"@type":"Organization","@id":"https:\/\/sare.eus\/#organization","name":"Sare Herritarra","url":"https:\/\/sare.eus\/","logo":{"@type":"ImageObject","inLanguage":"es","@id":"https:\/\/sare.eus\/#\/schema\/logo\/image\/","url":"https:\/\/sare.eus\/wp-content\/uploads\/2021\/08\/sare.png","contentUrl":"https:\/\/sare.eus\/wp-content\/uploads\/2021\/08\/sare.png","width":120,"height":142,"caption":"Sare Herritarra"},"image":{"@id":"https:\/\/sare.eus\/#\/schema\/logo\/image\/"}},{"@type":"Person","@id":"https:\/\/sare.eus\/#\/schema\/person\/5a711e7396face0569eb43391127616d","name":"admin","image":{"@type":"ImageObject","inLanguage":"es","@id":"https:\/\/sare.eus\/#\/schema\/person\/image\/","url":"https:\/\/secure.gravatar.com\/avatar\/d22a8cc353ba20fa3181b73b7b53a33b5b98923d9a2f9945443604d7359581c4?s=96&d=mm&r=g","contentUrl":"https:\/\/secure.gravatar.com\/avatar\/d22a8cc353ba20fa3181b73b7b53a33b5b98923d9a2f9945443604d7359581c4?s=96&d=mm&r=g","caption":"admin"},"url":"https:\/\/sare.eus\/es\/author\/prueba3371_a2783y7n\/"}]}},"_links":{"self":[{"href":"https:\/\/sare.eus\/es\/wp-json\/wp\/v2\/posts\/6561","targetHints":{"allow":["GET"]}}],"collection":[{"href":"https:\/\/sare.eus\/es\/wp-json\/wp\/v2\/posts"}],"about":[{"href":"https:\/\/sare.eus\/es\/wp-json\/wp\/v2\/types\/post"}],"author":[{"embeddable":true,"href":"https:\/\/sare.eus\/es\/wp-json\/wp\/v2\/users\/1"}],"replies":[{"embeddable":true,"href":"https:\/\/sare.eus\/es\/wp-json\/wp\/v2\/comments?post=6561"}],"version-history":[{"count":0,"href":"https:\/\/sare.eus\/es\/wp-json\/wp\/v2\/posts\/6561\/revisions"}],"wp:attachment":[{"href":"https:\/\/sare.eus\/es\/wp-json\/wp\/v2\/media?parent=6561"}],"wp:term":[{"taxonomy":"category","embeddable":true,"href":"https:\/\/sare.eus\/es\/wp-json\/wp\/v2\/categories?post=6561"},{"taxonomy":"post_tag","embeddable":true,"href":"https:\/\/sare.eus\/es\/wp-json\/wp\/v2\/tags?post=6561"}],"curies":[{"name":"wp","href":"https:\/\/api.w.org\/{rel}","templated":true}]}}