{"id":6339,"date":"2024-10-04T07:58:35","date_gmt":"2024-10-04T07:58:35","guid":{"rendered":"https:\/\/sare.eus\/?p=6339"},"modified":"2024-10-25T07:27:12","modified_gmt":"2024-10-25T07:27:12","slug":"26o_conferencia","status":"publish","type":"post","link":"https:\/\/sare.eus\/es\/26o_conferencia\/","title":{"rendered":"SARE organizar\u00e1 el d\u00eda 26 de octubre una Conferencia en Donostia con ponentes internacionales y de Euskal Herria"},"content":{"rendered":"<p>SARE organizar\u00e1 el d\u00eda 26 de octubre una Conferencia en Donostia con ponentes internacionales y de Euskal Herria como Brian Currin, Martina Anderson, Jaime Tapia, Laura Pego y Jon Miren Landa.<\/p>\n<p>&nbsp;<\/p>\n<h2 style=\"text-align: center;\"><strong>Paz. Resoluci\u00f3n. Convivencia.<\/strong><br \/>\n<strong>CONFERENCIA SARE<\/strong><br \/>\n<strong>26 de octubre del 2024<\/strong><br \/>\n<strong>Sala 10 \u00b7 KURSAAL<\/strong><\/h2>\n<p><strong>10:00 Bienvenida: BEGO ATXA<\/strong> (SARE)<\/p>\n<p><strong>10:15 Una visi\u00f3n internacional del Pa\u00eds Vasco<\/strong><\/p>\n<p>Ponentes;<\/p>\n<p><strong>BRIAN CURRIN<\/strong> abogado sudafricano que luch\u00f3 contra el apartheid. Ha trabajado como mediador para resolver algunos conflictos internacionales. Tambi\u00e9n ha estado involucrado en la b\u00fasqueda de soluciones democr\u00e1ticas a conflictos en el Pa\u00eds Vasco.<\/p>\n<p><strong>MARTINA ANDERSON<\/strong> Republicana irlandesa fue detenida en 1985 y condenada a cadena perpetua. En 1998 recuper\u00f3 la libertad en el proceso de paz. Entre 2007 y 2012 fue miembro de la Asamblea Legislativa de Irlanda del Norte y ejerci\u00f3 responsabilidades de gobierno.<\/p>\n<p>A partir de 2012 fue europarlamentaria hasta 2020 y debido al Brexit tuvo que abandonar el Parlamento Europeo.<\/p>\n<p>Como europarlamentaria, form\u00f3 parte del Basque Friendship Group y realiz\u00f3, entre otros, un viaje en 2016 para analizar la situaci\u00f3n de las y los presos vascos, realizando visitas con otros parlamentarios y haciendo p\u00fablico un importante informe.<\/p>\n<p>Moderador: <strong>I\u00d1AKI SOTO<\/strong> (Director de Gara)<\/p>\n<p><iframe loading=\"lazy\" title=\"YouTube video player\" src=\"https:\/\/www.youtube.com\/embed\/XZEL8VjB3Cw?si=GE4kkxizk600qXGl\" width=\"560\" height=\"315\" frameborder=\"0\" allowfullscreen=\"allowfullscreen\"><\/iframe><br \/>\n<strong>11:15 DESCANSO<\/strong><\/p>\n<p><strong>11:30-13:30 Es hora de seguir adelante<\/strong><\/p>\n<p>Oradores;<\/p>\n<p><strong>LAURA PEGO<\/strong><br \/>\nMiembro del Instituto Vasco de Criminolog\u00eda.<\/p>\n<p><strong>JON MIRENA LANDA<\/strong><br \/>\nDirector de la C\u00e1tedra UNESCO de Derechos Humanos y Poderes P\u00fablicos de la UPV y Catedr\u00e1tico de Derecho Penal de la UPV.<\/p>\n<p><strong>JAIME TAPIA<\/strong><br \/>\nJuez y exresponsable de prisiones del Gobierno Vasco.<\/p>\n<p>Moderadora; <strong>NAROA ITURRI<\/strong> (periodista).<\/p>\n<p>Final: <strong>JOSEBA AZKARRAGA<\/strong> (SARE)<\/p>\n<h3><\/h3>\n<h3><strong>** El acceso ser\u00e1 con invitaci\u00f3n<\/strong><\/h3>\n<hr \/>\n\n\t\t<style type=\"text\/css\">\n\t\t\t#gallery-1 {\n\t\t\t\tmargin: auto;\n\t\t\t}\n\t\t\t#gallery-1 .gallery-item {\n\t\t\t\tfloat: left;\n\t\t\t\tmargin-top: 10px;\n\t\t\t\ttext-align: center;\n\t\t\t\twidth: 33%;\n\t\t\t}\n\t\t\t#gallery-1 img {\n\t\t\t\tborder: 2px solid #cfcfcf;\n\t\t\t}\n\t\t\t#gallery-1 .gallery-caption {\n\t\t\t\tmargin-left: 0;\n\t\t\t}\n\t\t\t\/* see gallery_shortcode() in wp-includes\/media.php *\/\n\t\t<\/style>\n\t\t<div id='gallery-1' class='gallery galleryid-6339 gallery-columns-3 gallery-size-medium'><dl class='gallery-item'>\n\t\t\t<dt class='gallery-icon portrait'>\n\t\t\t\t<a href='https:\/\/sare.eus\/es\/26o_conferencia\/brian-currin-word-2\/'><img loading=\"lazy\" decoding=\"async\" width=\"220\" height=\"280\" src=\"https:\/\/sare.eus\/wp-content\/uploads\/2024\/10\/Brian-Currin-word.jpg\" class=\"attachment-medium size-medium\" alt=\"\" aria-describedby=\"gallery-1-6324\" \/><\/a>\n\t\t\t<\/dt>\n\t\t\t\t<dd class='wp-caption-text gallery-caption' id='gallery-1-6324'>\n\t\t\t\tBRIAN CURRIN \n\t\t\t\t<\/dd><\/dl><dl class='gallery-item'>\n\t\t\t<dt class='gallery-icon portrait'>\n\t\t\t\t<a href='https:\/\/sare.eus\/es\/26o_conferencia\/martina_anderson_mep_strasbourg_-_diliff-2\/'><img loading=\"lazy\" decoding=\"async\" width=\"220\" height=\"280\" src=\"https:\/\/sare.eus\/wp-content\/uploads\/2024\/10\/Martina_Anderson_MEP_Strasbourg_-_Diliff.jpg\" class=\"attachment-medium size-medium\" alt=\"\" aria-describedby=\"gallery-1-6326\" \/><\/a>\n\t\t\t<\/dt>\n\t\t\t\t<dd class='wp-caption-text gallery-caption' id='gallery-1-6326'>\n\t\t\t\tMARTINA ANDERSON\n\t\t\t\t<\/dd><\/dl><dl class='gallery-item'>\n\t\t\t<dt class='gallery-icon portrait'>\n\t\t\t\t<a href='https:\/\/sare.eus\/es\/26o_conferencia\/inaki-soto-2\/'><img loading=\"lazy\" decoding=\"async\" width=\"220\" height=\"280\" src=\"https:\/\/sare.eus\/wp-content\/uploads\/2024\/10\/Inaki-Soto.jpg\" class=\"attachment-medium size-medium\" alt=\"\" aria-describedby=\"gallery-1-6328\" \/><\/a>\n\t\t\t<\/dt>\n\t\t\t\t<dd class='wp-caption-text gallery-caption' id='gallery-1-6328'>\n\t\t\t\tI\u00d1AKI SOTO \n\t\t\t\t<\/dd><\/dl><br style=\"clear: both\" \/><dl class='gallery-item'>\n\t\t\t<dt class='gallery-icon portrait'>\n\t\t\t\t<a href='https:\/\/sare.eus\/es\/26o_conferencia\/laura-pego-2\/'><img loading=\"lazy\" decoding=\"async\" width=\"220\" height=\"280\" src=\"https:\/\/sare.eus\/wp-content\/uploads\/2024\/10\/Laura-Pego.jpg\" class=\"attachment-medium size-medium\" alt=\"\" aria-describedby=\"gallery-1-6334\" \/><\/a>\n\t\t\t<\/dt>\n\t\t\t\t<dd class='wp-caption-text gallery-caption' id='gallery-1-6334'>\n\t\t\t\tLAURA PEGO\n\t\t\t\t<\/dd><\/dl><dl class='gallery-item'>\n\t\t\t<dt class='gallery-icon portrait'>\n\t\t\t\t<a href='https:\/\/sare.eus\/es\/26o_conferencia\/jon-mirena-landa-2\/'><img loading=\"lazy\" decoding=\"async\" width=\"220\" height=\"280\" src=\"https:\/\/sare.eus\/wp-content\/uploads\/2024\/10\/Jon-Mirena-Landa.jpg\" class=\"attachment-medium size-medium\" alt=\"\" aria-describedby=\"gallery-1-6332\" \/><\/a>\n\t\t\t<\/dt>\n\t\t\t\t<dd class='wp-caption-text gallery-caption' id='gallery-1-6332'>\n\t\t\t\tJON MIRENA LANDA\n\t\t\t\t<\/dd><\/dl><dl class='gallery-item'>\n\t\t\t<dt class='gallery-icon portrait'>\n\t\t\t\t<a href='https:\/\/sare.eus\/es\/26o_conferencia\/jaime-tapia-2\/'><img loading=\"lazy\" decoding=\"async\" width=\"220\" height=\"280\" src=\"https:\/\/sare.eus\/wp-content\/uploads\/2024\/10\/Jaime-Tapia.jpg\" class=\"attachment-medium size-medium\" alt=\"\" aria-describedby=\"gallery-1-6330\" \/><\/a>\n\t\t\t<\/dt>\n\t\t\t\t<dd class='wp-caption-text gallery-caption' id='gallery-1-6330'>\n\t\t\t\tJAIME TAPIA\n\t\t\t\t<\/dd><\/dl><br style=\"clear: both\" \/><dl class='gallery-item'>\n\t\t\t<dt class='gallery-icon portrait'>\n\t\t\t\t<a href='https:\/\/sare.eus\/es\/26o_conferencia\/naroa-iturri-2\/'><img loading=\"lazy\" decoding=\"async\" width=\"220\" height=\"280\" src=\"https:\/\/sare.eus\/wp-content\/uploads\/2024\/10\/Naroa-Iturri.jpg\" class=\"attachment-medium size-medium\" alt=\"\" aria-describedby=\"gallery-1-6336\" \/><\/a>\n\t\t\t<\/dt>\n\t\t\t\t<dd class='wp-caption-text gallery-caption' id='gallery-1-6336'>\n\t\t\t\tNAROA ITURRI\n\t\t\t\t<\/dd><\/dl>\n\t\t\t<br style='clear: both' \/>\n\t\t<\/div>\n\n<p><img loading=\"lazy\" decoding=\"async\" class=\"alignnone wp-image-6388 size-full\" src=\"https:\/\/sare.eus\/wp-content\/uploads\/2024\/10\/KONFERENTZIA-GAZTELERAZ-web.png\" alt=\"\" width=\"1417\" height=\"2008\" srcset=\"https:\/\/sare.eus\/wp-content\/uploads\/2024\/10\/KONFERENTZIA-GAZTELERAZ-web.png 1417w, https:\/\/sare.eus\/wp-content\/uploads\/2024\/10\/KONFERENTZIA-GAZTELERAZ-web-212x300.png 212w, https:\/\/sare.eus\/wp-content\/uploads\/2024\/10\/KONFERENTZIA-GAZTELERAZ-web-723x1024.png 723w, https:\/\/sare.eus\/wp-content\/uploads\/2024\/10\/KONFERENTZIA-GAZTELERAZ-web-768x1088.png 768w, https:\/\/sare.eus\/wp-content\/uploads\/2024\/10\/KONFERENTZIA-GAZTELERAZ-web-1084x1536.png 1084w, https:\/\/sare.eus\/wp-content\/uploads\/2024\/10\/KONFERENTZIA-GAZTELERAZ-web-1080x1530.png 1080w\" sizes=\"(max-width: 1417px) 100vw, 1417px\" \/><\/p>\n","protected":false},"excerpt":{"rendered":"<p>SARE organizar\u00e1 el d\u00eda 26 de octubre una Conferencia en Donostia con ponentes internacionales y de Euskal Herria como Brian Currin, Martina Anderson, Jaime Tapia, Laura Pego y Jon Miren [&hellip;]<\/p>\n","protected":false},"author":2,"featured_media":6360,"comment_status":"closed","ping_status":"closed","sticky":false,"template":"","format":"standard","meta":{"_acf_changed":false,"_et_pb_use_builder":"","_et_pb_old_content":"","_et_gb_content_width":"","footnotes":""},"categories":[60],"tags":[],"class_list":["post-6339","post","type-post","status-publish","format-standard","has-post-thumbnail","hentry","category-etxera-es","et-has-post-format-content","et_post_format-et-post-format-standard"],"acf":[],"yoast_head":"<!-- This site is optimized with the Yoast SEO plugin v26.4 - https:\/\/yoast.com\/wordpress\/plugins\/seo\/ -->\n<title>SARE organizar\u00e1 el d\u00eda 26 de octubre una Conferencia en Donostia con ponentes internacionales y de Euskal Herria - Sare Herritarra<\/title>\n<meta name=\"robots\" content=\"index, follow, max-snippet:-1, max-image-preview:large, max-video-preview:-1\" \/>\n<link rel=\"canonical\" href=\"https:\/\/sare.eus\/es\/26o_conferencia\/\" \/>\n<meta property=\"og:locale\" content=\"es_ES\" \/>\n<meta property=\"og:type\" content=\"article\" \/>\n<meta property=\"og:title\" content=\"SARE organizar\u00e1 el d\u00eda 26 de octubre una Conferencia en Donostia con ponentes internacionales y de Euskal Herria - Sare Herritarra\" \/>\n<meta property=\"og:description\" content=\"SARE organizar\u00e1 el d\u00eda 26 de octubre una Conferencia en Donostia con ponentes internacionales y de Euskal Herria como Brian Currin, Martina Anderson, Jaime Tapia, Laura Pego y Jon Miren [&hellip;]\" \/>\n<meta property=\"og:url\" content=\"https:\/\/sare.eus\/es\/26o_conferencia\/\" \/>\n<meta property=\"og:site_name\" content=\"Sare Herritarra\" \/>\n<meta property=\"article:published_time\" content=\"2024-10-04T07:58:35+00:00\" \/>\n<meta property=\"article:modified_time\" content=\"2024-10-25T07:27:12+00:00\" \/>\n<meta property=\"og:image\" content=\"https:\/\/sare.eus\/wp-content\/uploads\/2024\/10\/KONFERENTZIA-GAZTELERAZ-02.jpg\" \/>\n\t<meta property=\"og:image:width\" content=\"1366\" \/>\n\t<meta property=\"og:image:height\" content=\"768\" \/>\n\t<meta property=\"og:image:type\" content=\"image\/jpeg\" \/>\n<meta name=\"author\" content=\"sare\" \/>\n<meta name=\"twitter:card\" content=\"summary_large_image\" \/>\n<meta name=\"twitter:label1\" content=\"Escrito por\" \/>\n\t<meta name=\"twitter:data1\" content=\"sare\" \/>\n\t<meta name=\"twitter:label2\" content=\"Tiempo de lectura\" \/>\n\t<meta name=\"twitter:data2\" content=\"1 minuto\" \/>\n<script type=\"application\/ld+json\" class=\"yoast-schema-graph\">{\"@context\":\"https:\/\/schema.org\",\"@graph\":[{\"@type\":\"Article\",\"@id\":\"https:\/\/sare.eus\/es\/26o_conferencia\/#article\",\"isPartOf\":{\"@id\":\"https:\/\/sare.eus\/es\/26o_conferencia\/\"},\"author\":{\"name\":\"sare\",\"@id\":\"https:\/\/sare.eus\/#\/schema\/person\/2fe6d0df294f56313d3ab236dbe38e17\"},\"headline\":\"SARE organizar\u00e1 el d\u00eda 26 de octubre una Conferencia en Donostia con ponentes internacionales y de Euskal Herria\",\"datePublished\":\"2024-10-04T07:58:35+00:00\",\"dateModified\":\"2024-10-25T07:27:12+00:00\",\"mainEntityOfPage\":{\"@id\":\"https:\/\/sare.eus\/es\/26o_conferencia\/\"},\"wordCount\":284,\"publisher\":{\"@id\":\"https:\/\/sare.eus\/#organization\"},\"image\":{\"@id\":\"https:\/\/sare.eus\/es\/26o_conferencia\/#primaryimage\"},\"thumbnailUrl\":\"https:\/\/sare.eus\/wp-content\/uploads\/2024\/10\/KONFERENTZIA-GAZTELERAZ-02.jpg\",\"articleSection\":[\"Etxera\"],\"inLanguage\":\"es\"},{\"@type\":\"WebPage\",\"@id\":\"https:\/\/sare.eus\/es\/26o_conferencia\/\",\"url\":\"https:\/\/sare.eus\/es\/26o_conferencia\/\",\"name\":\"SARE organizar\u00e1 el d\u00eda 26 de octubre una Conferencia en Donostia con ponentes internacionales y de Euskal Herria - Sare Herritarra\",\"isPartOf\":{\"@id\":\"https:\/\/sare.eus\/#website\"},\"primaryImageOfPage\":{\"@id\":\"https:\/\/sare.eus\/es\/26o_conferencia\/#primaryimage\"},\"image\":{\"@id\":\"https:\/\/sare.eus\/es\/26o_conferencia\/#primaryimage\"},\"thumbnailUrl\":\"https:\/\/sare.eus\/wp-content\/uploads\/2024\/10\/KONFERENTZIA-GAZTELERAZ-02.jpg\",\"datePublished\":\"2024-10-04T07:58:35+00:00\",\"dateModified\":\"2024-10-25T07:27:12+00:00\",\"breadcrumb\":{\"@id\":\"https:\/\/sare.eus\/es\/26o_conferencia\/#breadcrumb\"},\"inLanguage\":\"es\",\"potentialAction\":[{\"@type\":\"ReadAction\",\"target\":[\"https:\/\/sare.eus\/es\/26o_conferencia\/\"]}]},{\"@type\":\"ImageObject\",\"inLanguage\":\"es\",\"@id\":\"https:\/\/sare.eus\/es\/26o_conferencia\/#primaryimage\",\"url\":\"https:\/\/sare.eus\/wp-content\/uploads\/2024\/10\/KONFERENTZIA-GAZTELERAZ-02.jpg\",\"contentUrl\":\"https:\/\/sare.eus\/wp-content\/uploads\/2024\/10\/KONFERENTZIA-GAZTELERAZ-02.jpg\",\"width\":1366,\"height\":768},{\"@type\":\"BreadcrumbList\",\"@id\":\"https:\/\/sare.eus\/es\/26o_conferencia\/#breadcrumb\",\"itemListElement\":[{\"@type\":\"ListItem\",\"position\":1,\"name\":\"Home\",\"item\":\"https:\/\/sare.eus\/\"},{\"@type\":\"ListItem\",\"position\":2,\"name\":\"SARE organizar\u00e1 el d\u00eda 26 de octubre una Conferencia en Donostia con ponentes internacionales y de Euskal Herria\"}]},{\"@type\":\"WebSite\",\"@id\":\"https:\/\/sare.eus\/#website\",\"url\":\"https:\/\/sare.eus\/\",\"name\":\"Sare Herritarra\",\"description\":\"KONPONBIDEAREN ETA GIZA ESKUBIDEEN ALDEKO SARE HERRITARRA\",\"publisher\":{\"@id\":\"https:\/\/sare.eus\/#organization\"},\"potentialAction\":[{\"@type\":\"SearchAction\",\"target\":{\"@type\":\"EntryPoint\",\"urlTemplate\":\"https:\/\/sare.eus\/?s={search_term_string}\"},\"query-input\":{\"@type\":\"PropertyValueSpecification\",\"valueRequired\":true,\"valueName\":\"search_term_string\"}}],\"inLanguage\":\"es\"},{\"@type\":\"Organization\",\"@id\":\"https:\/\/sare.eus\/#organization\",\"name\":\"Sare Herritarra\",\"url\":\"https:\/\/sare.eus\/\",\"logo\":{\"@type\":\"ImageObject\",\"inLanguage\":\"es\",\"@id\":\"https:\/\/sare.eus\/#\/schema\/logo\/image\/\",\"url\":\"https:\/\/sare.eus\/wp-content\/uploads\/2021\/08\/sare.png\",\"contentUrl\":\"https:\/\/sare.eus\/wp-content\/uploads\/2021\/08\/sare.png\",\"width\":120,\"height\":142,\"caption\":\"Sare Herritarra\"},\"image\":{\"@id\":\"https:\/\/sare.eus\/#\/schema\/logo\/image\/\"}},{\"@type\":\"Person\",\"@id\":\"https:\/\/sare.eus\/#\/schema\/person\/2fe6d0df294f56313d3ab236dbe38e17\",\"name\":\"sare\",\"image\":{\"@type\":\"ImageObject\",\"inLanguage\":\"es\",\"@id\":\"https:\/\/sare.eus\/#\/schema\/person\/image\/\",\"url\":\"https:\/\/secure.gravatar.com\/avatar\/77cad838677ceb1977e7b3c878b55eaa7fa4aae2158983063b047c3ad7ef2c25?s=96&d=mm&r=g\",\"contentUrl\":\"https:\/\/secure.gravatar.com\/avatar\/77cad838677ceb1977e7b3c878b55eaa7fa4aae2158983063b047c3ad7ef2c25?s=96&d=mm&r=g\",\"caption\":\"sare\"},\"url\":\"https:\/\/sare.eus\/es\/author\/sare\/\"}]}<\/script>\n<!-- \/ Yoast SEO plugin. -->","yoast_head_json":{"title":"SARE organizar\u00e1 el d\u00eda 26 de octubre una Conferencia en Donostia con ponentes internacionales y de Euskal Herria - Sare Herritarra","robots":{"index":"index","follow":"follow","max-snippet":"max-snippet:-1","max-image-preview":"max-image-preview:large","max-video-preview":"max-video-preview:-1"},"canonical":"https:\/\/sare.eus\/es\/26o_conferencia\/","og_locale":"es_ES","og_type":"article","og_title":"SARE organizar\u00e1 el d\u00eda 26 de octubre una Conferencia en Donostia con ponentes internacionales y de Euskal Herria - Sare Herritarra","og_description":"SARE organizar\u00e1 el d\u00eda 26 de octubre una Conferencia en Donostia con ponentes internacionales y de Euskal Herria como Brian Currin, Martina Anderson, Jaime Tapia, Laura Pego y Jon Miren [&hellip;]","og_url":"https:\/\/sare.eus\/es\/26o_conferencia\/","og_site_name":"Sare Herritarra","article_published_time":"2024-10-04T07:58:35+00:00","article_modified_time":"2024-10-25T07:27:12+00:00","og_image":[{"width":1366,"height":768,"url":"https:\/\/sare.eus\/wp-content\/uploads\/2024\/10\/KONFERENTZIA-GAZTELERAZ-02.jpg","type":"image\/jpeg"}],"author":"sare","twitter_card":"summary_large_image","twitter_misc":{"Escrito por":"sare","Tiempo de lectura":"1 minuto"},"schema":{"@context":"https:\/\/schema.org","@graph":[{"@type":"Article","@id":"https:\/\/sare.eus\/es\/26o_conferencia\/#article","isPartOf":{"@id":"https:\/\/sare.eus\/es\/26o_conferencia\/"},"author":{"name":"sare","@id":"https:\/\/sare.eus\/#\/schema\/person\/2fe6d0df294f56313d3ab236dbe38e17"},"headline":"SARE organizar\u00e1 el d\u00eda 26 de octubre una Conferencia en Donostia con ponentes internacionales y de Euskal Herria","datePublished":"2024-10-04T07:58:35+00:00","dateModified":"2024-10-25T07:27:12+00:00","mainEntityOfPage":{"@id":"https:\/\/sare.eus\/es\/26o_conferencia\/"},"wordCount":284,"publisher":{"@id":"https:\/\/sare.eus\/#organization"},"image":{"@id":"https:\/\/sare.eus\/es\/26o_conferencia\/#primaryimage"},"thumbnailUrl":"https:\/\/sare.eus\/wp-content\/uploads\/2024\/10\/KONFERENTZIA-GAZTELERAZ-02.jpg","articleSection":["Etxera"],"inLanguage":"es"},{"@type":"WebPage","@id":"https:\/\/sare.eus\/es\/26o_conferencia\/","url":"https:\/\/sare.eus\/es\/26o_conferencia\/","name":"SARE organizar\u00e1 el d\u00eda 26 de octubre una Conferencia en Donostia con ponentes internacionales y de Euskal Herria - Sare Herritarra","isPartOf":{"@id":"https:\/\/sare.eus\/#website"},"primaryImageOfPage":{"@id":"https:\/\/sare.eus\/es\/26o_conferencia\/#primaryimage"},"image":{"@id":"https:\/\/sare.eus\/es\/26o_conferencia\/#primaryimage"},"thumbnailUrl":"https:\/\/sare.eus\/wp-content\/uploads\/2024\/10\/KONFERENTZIA-GAZTELERAZ-02.jpg","datePublished":"2024-10-04T07:58:35+00:00","dateModified":"2024-10-25T07:27:12+00:00","breadcrumb":{"@id":"https:\/\/sare.eus\/es\/26o_conferencia\/#breadcrumb"},"inLanguage":"es","potentialAction":[{"@type":"ReadAction","target":["https:\/\/sare.eus\/es\/26o_conferencia\/"]}]},{"@type":"ImageObject","inLanguage":"es","@id":"https:\/\/sare.eus\/es\/26o_conferencia\/#primaryimage","url":"https:\/\/sare.eus\/wp-content\/uploads\/2024\/10\/KONFERENTZIA-GAZTELERAZ-02.jpg","contentUrl":"https:\/\/sare.eus\/wp-content\/uploads\/2024\/10\/KONFERENTZIA-GAZTELERAZ-02.jpg","width":1366,"height":768},{"@type":"BreadcrumbList","@id":"https:\/\/sare.eus\/es\/26o_conferencia\/#breadcrumb","itemListElement":[{"@type":"ListItem","position":1,"name":"Home","item":"https:\/\/sare.eus\/"},{"@type":"ListItem","position":2,"name":"SARE organizar\u00e1 el d\u00eda 26 de octubre una Conferencia en Donostia con ponentes internacionales y de Euskal Herria"}]},{"@type":"WebSite","@id":"https:\/\/sare.eus\/#website","url":"https:\/\/sare.eus\/","name":"Sare Herritarra","description":"KONPONBIDEAREN ETA GIZA ESKUBIDEEN ALDEKO SARE HERRITARRA","publisher":{"@id":"https:\/\/sare.eus\/#organization"},"potentialAction":[{"@type":"SearchAction","target":{"@type":"EntryPoint","urlTemplate":"https:\/\/sare.eus\/?s={search_term_string}"},"query-input":{"@type":"PropertyValueSpecification","valueRequired":true,"valueName":"search_term_string"}}],"inLanguage":"es"},{"@type":"Organization","@id":"https:\/\/sare.eus\/#organization","name":"Sare Herritarra","url":"https:\/\/sare.eus\/","logo":{"@type":"ImageObject","inLanguage":"es","@id":"https:\/\/sare.eus\/#\/schema\/logo\/image\/","url":"https:\/\/sare.eus\/wp-content\/uploads\/2021\/08\/sare.png","contentUrl":"https:\/\/sare.eus\/wp-content\/uploads\/2021\/08\/sare.png","width":120,"height":142,"caption":"Sare Herritarra"},"image":{"@id":"https:\/\/sare.eus\/#\/schema\/logo\/image\/"}},{"@type":"Person","@id":"https:\/\/sare.eus\/#\/schema\/person\/2fe6d0df294f56313d3ab236dbe38e17","name":"sare","image":{"@type":"ImageObject","inLanguage":"es","@id":"https:\/\/sare.eus\/#\/schema\/person\/image\/","url":"https:\/\/secure.gravatar.com\/avatar\/77cad838677ceb1977e7b3c878b55eaa7fa4aae2158983063b047c3ad7ef2c25?s=96&d=mm&r=g","contentUrl":"https:\/\/secure.gravatar.com\/avatar\/77cad838677ceb1977e7b3c878b55eaa7fa4aae2158983063b047c3ad7ef2c25?s=96&d=mm&r=g","caption":"sare"},"url":"https:\/\/sare.eus\/es\/author\/sare\/"}]}},"_links":{"self":[{"href":"https:\/\/sare.eus\/es\/wp-json\/wp\/v2\/posts\/6339","targetHints":{"allow":["GET"]}}],"collection":[{"href":"https:\/\/sare.eus\/es\/wp-json\/wp\/v2\/posts"}],"about":[{"href":"https:\/\/sare.eus\/es\/wp-json\/wp\/v2\/types\/post"}],"author":[{"embeddable":true,"href":"https:\/\/sare.eus\/es\/wp-json\/wp\/v2\/users\/2"}],"replies":[{"embeddable":true,"href":"https:\/\/sare.eus\/es\/wp-json\/wp\/v2\/comments?post=6339"}],"version-history":[{"count":18,"href":"https:\/\/sare.eus\/es\/wp-json\/wp\/v2\/posts\/6339\/revisions"}],"predecessor-version":[{"id":6471,"href":"https:\/\/sare.eus\/es\/wp-json\/wp\/v2\/posts\/6339\/revisions\/6471"}],"wp:featuredmedia":[{"embeddable":true,"href":"https:\/\/sare.eus\/es\/wp-json\/wp\/v2\/media\/6360"}],"wp:attachment":[{"href":"https:\/\/sare.eus\/es\/wp-json\/wp\/v2\/media?parent=6339"}],"wp:term":[{"taxonomy":"category","embeddable":true,"href":"https:\/\/sare.eus\/es\/wp-json\/wp\/v2\/categories?post=6339"},{"taxonomy":"post_tag","embeddable":true,"href":"https:\/\/sare.eus\/es\/wp-json\/wp\/v2\/tags?post=6339"}],"curies":[{"name":"wp","href":"https:\/\/api.w.org\/{rel}","templated":true}]}}