{"id":6289,"date":"2024-09-25T10:09:27","date_gmt":"2024-09-25T10:09:27","guid":{"rendered":"https:\/\/sare.eus\/?p=6289"},"modified":"2024-10-09T17:04:05","modified_gmt":"2024-10-09T17:04:05","slug":"behinbetiko_11enebilbo","status":"publish","type":"post","link":"https:\/\/sare.eus\/es\/behinbetiko_11enebilbo\/","title":{"rendered":"Llamamos a la sociedad vasca a llenar las calles de Bilbao el pr\u00f3ximo 11 de enero"},"content":{"rendered":"<p><img loading=\"lazy\" decoding=\"async\" class=\"alignnone wp-image-6294 size-full\" src=\"https:\/\/sare.eus\/wp-content\/uploads\/2024\/09\/behin-betiko-pankarta-03.jpg\" alt=\"\" width=\"1374\" height=\"341\" srcset=\"https:\/\/sare.eus\/wp-content\/uploads\/2024\/09\/behin-betiko-pankarta-03.jpg 1374w, https:\/\/sare.eus\/wp-content\/uploads\/2024\/09\/behin-betiko-pankarta-03-300x74.jpg 300w, https:\/\/sare.eus\/wp-content\/uploads\/2024\/09\/behin-betiko-pankarta-03-1024x254.jpg 1024w, https:\/\/sare.eus\/wp-content\/uploads\/2024\/09\/behin-betiko-pankarta-03-768x191.jpg 768w, https:\/\/sare.eus\/wp-content\/uploads\/2024\/09\/behin-betiko-pankarta-03-1080x268.jpg 1080w\" sizes=\"(max-width: 1374px) 100vw, 1374px\" \/><\/p>\n<p>&nbsp;<\/p>\n<p><iframe loading=\"lazy\" title=\"YouTube video player\" src=\"https:\/\/www.youtube.com\/embed\/o33WHlQuj6w?si=Cx37ld3VU2SbW6bc\" width=\"560\" height=\"315\" frameborder=\"0\" allowfullscreen=\"allowfullscreen\"><\/iframe><\/p>\n<p>Comparecemos en esta rueda de prensa con el objetivo de trasladar a la sociedad vasca, a trav\u00e9s de Uds.,<strong> la convocatoria a la manifestaci\u00f3n del pr\u00f3ximo 11 de enero a las 17h desde La Casilla.<\/strong> Una vez m\u00e1s, la voz de una parte importante de la sociedad vasca, llenar\u00e1 de esperanza las calles de Bilbo.<\/p>\n<p>Recordamos hoy, a la sociedad vasca, que el trabajo por la resoluci\u00f3n, la convivencia y la paz han caracterizado a SARE durante estos diez a\u00f1os, y lo continuar\u00e1 haciendo hasta que cumplamos los objetivos que nos marcamos desde nuestro nacimiento: alcanzar una salida integral a todas las consecuencias de tantos a\u00f1os de violencia y sufrimiento en nuestro pueblo.<\/p>\n<p>En este proceso nos encontramos en un punto en el que es imperioso dar una salida definitiva y justa a la cuesti\u00f3n de los presos, exiliados y deportados vascos y a su vez, lograr un tratamiento justo para todas las v\u00edctimas de todas las violencias sufridas en nuestro pa\u00eds.<\/p>\n<p><span style=\"color: #0099cc;\"><strong><img loading=\"lazy\" decoding=\"async\" class=\"alignleft wp-image-6395\" src=\"https:\/\/sare.eus\/wp-content\/uploads\/2024\/09\/kartela_web00-212x300.jpg\" alt=\"\" width=\"523\" height=\"741\" srcset=\"https:\/\/sare.eus\/wp-content\/uploads\/2024\/09\/kartela_web00-212x300.jpg 212w, https:\/\/sare.eus\/wp-content\/uploads\/2024\/09\/kartela_web00-723x1024.jpg 723w, https:\/\/sare.eus\/wp-content\/uploads\/2024\/09\/kartela_web00-768x1088.jpg 768w, https:\/\/sare.eus\/wp-content\/uploads\/2024\/09\/kartela_web00-1084x1536.jpg 1084w, https:\/\/sare.eus\/wp-content\/uploads\/2024\/09\/kartela_web00-1446x2048.jpg 1446w, https:\/\/sare.eus\/wp-content\/uploads\/2024\/09\/kartela_web00-1080x1530.jpg 1080w, https:\/\/sare.eus\/wp-content\/uploads\/2024\/09\/kartela_web00-scaled.jpg 1807w\" sizes=\"(max-width: 523px) 100vw, 523px\" \/>RESOLUCI\u00d3N DEFINITIVA.<\/strong><\/span> Los problemas, grandes o peque\u00f1os, van ligados a un d\u00eda a d\u00eda, en ocasiones poco importante o que tambi\u00e9n puede cambiar el signo de la historia. Todos estos problemas cumplen un ciclo: crear, desarrollar y resolver. O no hacer nada. Pero los problemas que no se solucionan se enquistan y se profundizan en el desencuentro de una sociedad que ha sufrido mucho y necesita avanzar en la convivencia. Se han ido buscando soluciones a algunos de los problemas. En cambio, otras consecuencias de este largo conflicto contin\u00faan causando sufrimiento e injusticia. Una de las m\u00e1s importantes son las excepcionalidades que m\u00e1s de seis a\u00f1os despu\u00e9s de la desaparici\u00f3n de ETA se mantienen y con ello se contin\u00faa vulnerando los derechos de los presos y presas vascos, y por ello, es necesario una soluci\u00f3n definitiva.<\/p>\n<p><span style=\"color: #0099cc;\"><strong>CONVIVENCIA DEFINITIVA.<\/strong><\/span> Alcanzar una soluci\u00f3n justa al problema de las c\u00e1rceles, de los exiliados y deportados, nos ayudar\u00e1 a todas y todos a construir una convivencia s\u00f3lida. Al igual que reconocer y apoyar a las v\u00edctimas de todas las violencias sufridas en nuestro Pa\u00eds. Son ambas, la clave m\u00e1s importante para el logro de una convivencia definitiva en nuestro Pueblo.<\/p>\n<p><span style=\"color: #0099cc;\"><strong>PAZ DEFINITIVA.<\/strong><\/span> La ausencia de violencia no es suficiente para suponer el fin de las injusticias que ha dejado la confrontaci\u00f3n en nuestro Pa\u00eds. La sociedad vasca ha superado los escenarios de violencia sufridos y es hora ya, tambi\u00e9n, de que logremos superar los escenarios de injusticias, fruto de la confrontaci\u00f3n vivida. La sociedad vasca, con generosidad, honestidad y responsabilidad ha demostrado en esta \u00faltima d\u00e9cada que es posible vivir en libertad, avanzando sin olvidar, pero tambi\u00e9n, sin odiar. Desde SARE, continuaremos trabajando en el logro de este escenario, coadyuvando a desatar todos los nudos que a\u00fan nos impiden hablar de una paz justa. Vivir\/actuar en libertad, desde el respeto al otro, es lo que da lugar a una convivencia y una paz definitiva. Este objetivo es algo m\u00e1s que un sue\u00f1o. Es lo m\u00ednimo que debemos alcanzar en una sociedad como la vasca, que tiene derecho a que podamos dejar a las generaciones venideras una sociedad mejor que la que nosotros y nosotras recibimos de nuestros mayores.<\/p>\n<p>Por todo ello, alcanzar este objetivo es cosa de todos y todas. Hablamos de DERECHOS. Hablamos de DERECHOS HUMANOS y es esto precisamente lo que une a la inmensa mayor\u00eda de la sociedad vasca.<\/p>\n<p><strong>El pr\u00f3ximo 11 de enero, las calles de Bilbo, ser\u00e1n la expresi\u00f3n clara de lo que la sociedad vasca nos reclama a todos y todas. <span style=\"color: #0099cc;\">BEHIN BETIKO. ES LA HORA. ES EL MOMENTO DE LA RESOLUCION, LA PAZ Y LA CONVIVENCIA.<\/span><\/strong><\/p>\n<p>&nbsp;<\/p>\n","protected":false},"excerpt":{"rendered":"<p>&nbsp; Comparecemos en esta rueda de prensa con el objetivo de trasladar a la sociedad vasca, a trav\u00e9s de Uds., la convocatoria a la manifestaci\u00f3n del pr\u00f3ximo 11 de enero [&hellip;]<\/p>\n","protected":false},"author":2,"featured_media":6398,"comment_status":"closed","ping_status":"closed","sticky":false,"template":"","format":"standard","meta":{"_acf_changed":false,"_et_pb_use_builder":"","_et_pb_old_content":"","_et_gb_content_width":"","footnotes":""},"categories":[60],"tags":[],"class_list":["post-6289","post","type-post","status-publish","format-standard","has-post-thumbnail","hentry","category-etxera-es","et-has-post-format-content","et_post_format-et-post-format-standard"],"acf":[],"yoast_head":"<!-- This site is optimized with the Yoast SEO plugin v26.4 - https:\/\/yoast.com\/wordpress\/plugins\/seo\/ -->\n<title>Llamamos a la sociedad vasca a llenar las calles de Bilbao el pr\u00f3ximo 11 de enero - Sare Herritarra<\/title>\n<meta name=\"robots\" content=\"index, follow, max-snippet:-1, max-image-preview:large, max-video-preview:-1\" \/>\n<link rel=\"canonical\" href=\"https:\/\/sare.eus\/es\/behinbetiko_11enebilbo\/\" \/>\n<meta property=\"og:locale\" content=\"es_ES\" \/>\n<meta property=\"og:type\" content=\"article\" \/>\n<meta property=\"og:title\" content=\"Llamamos a la sociedad vasca a llenar las calles de Bilbao el pr\u00f3ximo 11 de enero - Sare Herritarra\" \/>\n<meta property=\"og:description\" content=\"&nbsp; Comparecemos en esta rueda de prensa con el objetivo de trasladar a la sociedad vasca, a trav\u00e9s de Uds., la convocatoria a la manifestaci\u00f3n del pr\u00f3ximo 11 de enero [&hellip;]\" \/>\n<meta property=\"og:url\" content=\"https:\/\/sare.eus\/es\/behinbetiko_11enebilbo\/\" \/>\n<meta property=\"og:site_name\" content=\"Sare Herritarra\" \/>\n<meta property=\"article:published_time\" content=\"2024-09-25T10:09:27+00:00\" \/>\n<meta property=\"article:modified_time\" content=\"2024-10-09T17:04:05+00:00\" \/>\n<meta property=\"og:image\" content=\"https:\/\/sare.eus\/wp-content\/uploads\/2024\/09\/Sin-titulo-web-scaled.jpg\" \/>\n\t<meta property=\"og:image:width\" content=\"2560\" \/>\n\t<meta property=\"og:image:height\" content=\"1440\" \/>\n\t<meta property=\"og:image:type\" content=\"image\/jpeg\" \/>\n<meta name=\"author\" content=\"sare\" \/>\n<meta name=\"twitter:card\" content=\"summary_large_image\" \/>\n<meta name=\"twitter:label1\" content=\"Escrito por\" \/>\n\t<meta name=\"twitter:data1\" content=\"sare\" \/>\n\t<meta name=\"twitter:label2\" content=\"Tiempo de lectura\" \/>\n\t<meta name=\"twitter:data2\" content=\"3 minutos\" \/>\n<script type=\"application\/ld+json\" class=\"yoast-schema-graph\">{\"@context\":\"https:\/\/schema.org\",\"@graph\":[{\"@type\":\"Article\",\"@id\":\"https:\/\/sare.eus\/es\/behinbetiko_11enebilbo\/#article\",\"isPartOf\":{\"@id\":\"https:\/\/sare.eus\/es\/behinbetiko_11enebilbo\/\"},\"author\":{\"name\":\"sare\",\"@id\":\"https:\/\/sare.eus\/#\/schema\/person\/2fe6d0df294f56313d3ab236dbe38e17\"},\"headline\":\"Llamamos a la sociedad vasca a llenar las calles de Bilbao el pr\u00f3ximo 11 de enero\",\"datePublished\":\"2024-09-25T10:09:27+00:00\",\"dateModified\":\"2024-10-09T17:04:05+00:00\",\"mainEntityOfPage\":{\"@id\":\"https:\/\/sare.eus\/es\/behinbetiko_11enebilbo\/\"},\"wordCount\":661,\"publisher\":{\"@id\":\"https:\/\/sare.eus\/#organization\"},\"image\":{\"@id\":\"https:\/\/sare.eus\/es\/behinbetiko_11enebilbo\/#primaryimage\"},\"thumbnailUrl\":\"https:\/\/sare.eus\/wp-content\/uploads\/2024\/09\/Sin-titulo-web-scaled.jpg\",\"articleSection\":[\"Etxera\"],\"inLanguage\":\"es\"},{\"@type\":\"WebPage\",\"@id\":\"https:\/\/sare.eus\/es\/behinbetiko_11enebilbo\/\",\"url\":\"https:\/\/sare.eus\/es\/behinbetiko_11enebilbo\/\",\"name\":\"Llamamos a la sociedad vasca a llenar las calles de Bilbao el pr\u00f3ximo 11 de enero - Sare Herritarra\",\"isPartOf\":{\"@id\":\"https:\/\/sare.eus\/#website\"},\"primaryImageOfPage\":{\"@id\":\"https:\/\/sare.eus\/es\/behinbetiko_11enebilbo\/#primaryimage\"},\"image\":{\"@id\":\"https:\/\/sare.eus\/es\/behinbetiko_11enebilbo\/#primaryimage\"},\"thumbnailUrl\":\"https:\/\/sare.eus\/wp-content\/uploads\/2024\/09\/Sin-titulo-web-scaled.jpg\",\"datePublished\":\"2024-09-25T10:09:27+00:00\",\"dateModified\":\"2024-10-09T17:04:05+00:00\",\"breadcrumb\":{\"@id\":\"https:\/\/sare.eus\/es\/behinbetiko_11enebilbo\/#breadcrumb\"},\"inLanguage\":\"es\",\"potentialAction\":[{\"@type\":\"ReadAction\",\"target\":[\"https:\/\/sare.eus\/es\/behinbetiko_11enebilbo\/\"]}]},{\"@type\":\"ImageObject\",\"inLanguage\":\"es\",\"@id\":\"https:\/\/sare.eus\/es\/behinbetiko_11enebilbo\/#primaryimage\",\"url\":\"https:\/\/sare.eus\/wp-content\/uploads\/2024\/09\/Sin-titulo-web-scaled.jpg\",\"contentUrl\":\"https:\/\/sare.eus\/wp-content\/uploads\/2024\/09\/Sin-titulo-web-scaled.jpg\",\"width\":2560,\"height\":1440},{\"@type\":\"BreadcrumbList\",\"@id\":\"https:\/\/sare.eus\/es\/behinbetiko_11enebilbo\/#breadcrumb\",\"itemListElement\":[{\"@type\":\"ListItem\",\"position\":1,\"name\":\"Home\",\"item\":\"https:\/\/sare.eus\/\"},{\"@type\":\"ListItem\",\"position\":2,\"name\":\"Llamamos a la sociedad vasca a llenar las calles de Bilbao el pr\u00f3ximo 11 de enero\"}]},{\"@type\":\"WebSite\",\"@id\":\"https:\/\/sare.eus\/#website\",\"url\":\"https:\/\/sare.eus\/\",\"name\":\"Sare Herritarra\",\"description\":\"KONPONBIDEAREN ETA GIZA ESKUBIDEEN ALDEKO SARE HERRITARRA\",\"publisher\":{\"@id\":\"https:\/\/sare.eus\/#organization\"},\"potentialAction\":[{\"@type\":\"SearchAction\",\"target\":{\"@type\":\"EntryPoint\",\"urlTemplate\":\"https:\/\/sare.eus\/?s={search_term_string}\"},\"query-input\":{\"@type\":\"PropertyValueSpecification\",\"valueRequired\":true,\"valueName\":\"search_term_string\"}}],\"inLanguage\":\"es\"},{\"@type\":\"Organization\",\"@id\":\"https:\/\/sare.eus\/#organization\",\"name\":\"Sare Herritarra\",\"url\":\"https:\/\/sare.eus\/\",\"logo\":{\"@type\":\"ImageObject\",\"inLanguage\":\"es\",\"@id\":\"https:\/\/sare.eus\/#\/schema\/logo\/image\/\",\"url\":\"https:\/\/sare.eus\/wp-content\/uploads\/2021\/08\/sare.png\",\"contentUrl\":\"https:\/\/sare.eus\/wp-content\/uploads\/2021\/08\/sare.png\",\"width\":120,\"height\":142,\"caption\":\"Sare Herritarra\"},\"image\":{\"@id\":\"https:\/\/sare.eus\/#\/schema\/logo\/image\/\"}},{\"@type\":\"Person\",\"@id\":\"https:\/\/sare.eus\/#\/schema\/person\/2fe6d0df294f56313d3ab236dbe38e17\",\"name\":\"sare\",\"image\":{\"@type\":\"ImageObject\",\"inLanguage\":\"es\",\"@id\":\"https:\/\/sare.eus\/#\/schema\/person\/image\/\",\"url\":\"https:\/\/secure.gravatar.com\/avatar\/77cad838677ceb1977e7b3c878b55eaa7fa4aae2158983063b047c3ad7ef2c25?s=96&d=mm&r=g\",\"contentUrl\":\"https:\/\/secure.gravatar.com\/avatar\/77cad838677ceb1977e7b3c878b55eaa7fa4aae2158983063b047c3ad7ef2c25?s=96&d=mm&r=g\",\"caption\":\"sare\"},\"url\":\"https:\/\/sare.eus\/es\/author\/sare\/\"}]}<\/script>\n<!-- \/ Yoast SEO plugin. -->","yoast_head_json":{"title":"Llamamos a la sociedad vasca a llenar las calles de Bilbao el pr\u00f3ximo 11 de enero - Sare Herritarra","robots":{"index":"index","follow":"follow","max-snippet":"max-snippet:-1","max-image-preview":"max-image-preview:large","max-video-preview":"max-video-preview:-1"},"canonical":"https:\/\/sare.eus\/es\/behinbetiko_11enebilbo\/","og_locale":"es_ES","og_type":"article","og_title":"Llamamos a la sociedad vasca a llenar las calles de Bilbao el pr\u00f3ximo 11 de enero - Sare Herritarra","og_description":"&nbsp; Comparecemos en esta rueda de prensa con el objetivo de trasladar a la sociedad vasca, a trav\u00e9s de Uds., la convocatoria a la manifestaci\u00f3n del pr\u00f3ximo 11 de enero [&hellip;]","og_url":"https:\/\/sare.eus\/es\/behinbetiko_11enebilbo\/","og_site_name":"Sare Herritarra","article_published_time":"2024-09-25T10:09:27+00:00","article_modified_time":"2024-10-09T17:04:05+00:00","og_image":[{"width":2560,"height":1440,"url":"https:\/\/sare.eus\/wp-content\/uploads\/2024\/09\/Sin-titulo-web-scaled.jpg","type":"image\/jpeg"}],"author":"sare","twitter_card":"summary_large_image","twitter_misc":{"Escrito por":"sare","Tiempo de lectura":"3 minutos"},"schema":{"@context":"https:\/\/schema.org","@graph":[{"@type":"Article","@id":"https:\/\/sare.eus\/es\/behinbetiko_11enebilbo\/#article","isPartOf":{"@id":"https:\/\/sare.eus\/es\/behinbetiko_11enebilbo\/"},"author":{"name":"sare","@id":"https:\/\/sare.eus\/#\/schema\/person\/2fe6d0df294f56313d3ab236dbe38e17"},"headline":"Llamamos a la sociedad vasca a llenar las calles de Bilbao el pr\u00f3ximo 11 de enero","datePublished":"2024-09-25T10:09:27+00:00","dateModified":"2024-10-09T17:04:05+00:00","mainEntityOfPage":{"@id":"https:\/\/sare.eus\/es\/behinbetiko_11enebilbo\/"},"wordCount":661,"publisher":{"@id":"https:\/\/sare.eus\/#organization"},"image":{"@id":"https:\/\/sare.eus\/es\/behinbetiko_11enebilbo\/#primaryimage"},"thumbnailUrl":"https:\/\/sare.eus\/wp-content\/uploads\/2024\/09\/Sin-titulo-web-scaled.jpg","articleSection":["Etxera"],"inLanguage":"es"},{"@type":"WebPage","@id":"https:\/\/sare.eus\/es\/behinbetiko_11enebilbo\/","url":"https:\/\/sare.eus\/es\/behinbetiko_11enebilbo\/","name":"Llamamos a la sociedad vasca a llenar las calles de Bilbao el pr\u00f3ximo 11 de enero - Sare Herritarra","isPartOf":{"@id":"https:\/\/sare.eus\/#website"},"primaryImageOfPage":{"@id":"https:\/\/sare.eus\/es\/behinbetiko_11enebilbo\/#primaryimage"},"image":{"@id":"https:\/\/sare.eus\/es\/behinbetiko_11enebilbo\/#primaryimage"},"thumbnailUrl":"https:\/\/sare.eus\/wp-content\/uploads\/2024\/09\/Sin-titulo-web-scaled.jpg","datePublished":"2024-09-25T10:09:27+00:00","dateModified":"2024-10-09T17:04:05+00:00","breadcrumb":{"@id":"https:\/\/sare.eus\/es\/behinbetiko_11enebilbo\/#breadcrumb"},"inLanguage":"es","potentialAction":[{"@type":"ReadAction","target":["https:\/\/sare.eus\/es\/behinbetiko_11enebilbo\/"]}]},{"@type":"ImageObject","inLanguage":"es","@id":"https:\/\/sare.eus\/es\/behinbetiko_11enebilbo\/#primaryimage","url":"https:\/\/sare.eus\/wp-content\/uploads\/2024\/09\/Sin-titulo-web-scaled.jpg","contentUrl":"https:\/\/sare.eus\/wp-content\/uploads\/2024\/09\/Sin-titulo-web-scaled.jpg","width":2560,"height":1440},{"@type":"BreadcrumbList","@id":"https:\/\/sare.eus\/es\/behinbetiko_11enebilbo\/#breadcrumb","itemListElement":[{"@type":"ListItem","position":1,"name":"Home","item":"https:\/\/sare.eus\/"},{"@type":"ListItem","position":2,"name":"Llamamos a la sociedad vasca a llenar las calles de Bilbao el pr\u00f3ximo 11 de enero"}]},{"@type":"WebSite","@id":"https:\/\/sare.eus\/#website","url":"https:\/\/sare.eus\/","name":"Sare Herritarra","description":"KONPONBIDEAREN ETA GIZA ESKUBIDEEN ALDEKO SARE HERRITARRA","publisher":{"@id":"https:\/\/sare.eus\/#organization"},"potentialAction":[{"@type":"SearchAction","target":{"@type":"EntryPoint","urlTemplate":"https:\/\/sare.eus\/?s={search_term_string}"},"query-input":{"@type":"PropertyValueSpecification","valueRequired":true,"valueName":"search_term_string"}}],"inLanguage":"es"},{"@type":"Organization","@id":"https:\/\/sare.eus\/#organization","name":"Sare Herritarra","url":"https:\/\/sare.eus\/","logo":{"@type":"ImageObject","inLanguage":"es","@id":"https:\/\/sare.eus\/#\/schema\/logo\/image\/","url":"https:\/\/sare.eus\/wp-content\/uploads\/2021\/08\/sare.png","contentUrl":"https:\/\/sare.eus\/wp-content\/uploads\/2021\/08\/sare.png","width":120,"height":142,"caption":"Sare Herritarra"},"image":{"@id":"https:\/\/sare.eus\/#\/schema\/logo\/image\/"}},{"@type":"Person","@id":"https:\/\/sare.eus\/#\/schema\/person\/2fe6d0df294f56313d3ab236dbe38e17","name":"sare","image":{"@type":"ImageObject","inLanguage":"es","@id":"https:\/\/sare.eus\/#\/schema\/person\/image\/","url":"https:\/\/secure.gravatar.com\/avatar\/77cad838677ceb1977e7b3c878b55eaa7fa4aae2158983063b047c3ad7ef2c25?s=96&d=mm&r=g","contentUrl":"https:\/\/secure.gravatar.com\/avatar\/77cad838677ceb1977e7b3c878b55eaa7fa4aae2158983063b047c3ad7ef2c25?s=96&d=mm&r=g","caption":"sare"},"url":"https:\/\/sare.eus\/es\/author\/sare\/"}]}},"_links":{"self":[{"href":"https:\/\/sare.eus\/es\/wp-json\/wp\/v2\/posts\/6289","targetHints":{"allow":["GET"]}}],"collection":[{"href":"https:\/\/sare.eus\/es\/wp-json\/wp\/v2\/posts"}],"about":[{"href":"https:\/\/sare.eus\/es\/wp-json\/wp\/v2\/types\/post"}],"author":[{"embeddable":true,"href":"https:\/\/sare.eus\/es\/wp-json\/wp\/v2\/users\/2"}],"replies":[{"embeddable":true,"href":"https:\/\/sare.eus\/es\/wp-json\/wp\/v2\/comments?post=6289"}],"version-history":[{"count":18,"href":"https:\/\/sare.eus\/es\/wp-json\/wp\/v2\/posts\/6289\/revisions"}],"predecessor-version":[{"id":6402,"href":"https:\/\/sare.eus\/es\/wp-json\/wp\/v2\/posts\/6289\/revisions\/6402"}],"wp:featuredmedia":[{"embeddable":true,"href":"https:\/\/sare.eus\/es\/wp-json\/wp\/v2\/media\/6398"}],"wp:attachment":[{"href":"https:\/\/sare.eus\/es\/wp-json\/wp\/v2\/media?parent=6289"}],"wp:term":[{"taxonomy":"category","embeddable":true,"href":"https:\/\/sare.eus\/es\/wp-json\/wp\/v2\/categories?post=6289"},{"taxonomy":"post_tag","embeddable":true,"href":"https:\/\/sare.eus\/es\/wp-json\/wp\/v2\/tags?post=6289"}],"curies":[{"name":"wp","href":"https:\/\/api.w.org\/{rel}","templated":true}]}}