{"id":6275,"date":"2024-08-23T12:21:41","date_gmt":"2024-08-23T12:21:41","guid":{"rendered":"https:\/\/sare.eus\/?p=6275"},"modified":"2024-08-23T12:21:41","modified_gmt":"2024-08-23T12:21:41","slug":"en-la-aste-nagusia-de-bilbo-hemos-reivindicado-que-las-y-los-presos-exiliados-y-deportados-vascos-deben-estar-en-casa","status":"publish","type":"post","link":"https:\/\/sare.eus\/es\/en-la-aste-nagusia-de-bilbo-hemos-reivindicado-que-las-y-los-presos-exiliados-y-deportados-vascos-deben-estar-en-casa\/","title":{"rendered":"En la Aste Nagusia de Bilbo hemos reivindicado que las y los presos, exiliados y deportados vascos deben estar en casa"},"content":{"rendered":"<p>Si bien la semana grande ha estado marcada por el ambiente festivo, una vez m\u00e1s, hemos demostrado que tambi\u00e9n sabemos tomar un hueco para la reivindicaci\u00f3n. A lo largo de la semana grande han sido muchos los rincones de Bilbo que hemos decorado con los s\u00edmbolos de etxera. Han sido muchos los momentos en los que hemos hecho proclamas a favor del proceso de resoluci\u00f3n del conflicto, de la vuelta a casa de quien todav\u00eda no puede volver. Somos muchos y muchas, una vez m\u00e1s, las que nos hemos juntado para pedir que es el momento de abrir las puertas a la convivencia.<\/p>\n<p>Aunque sea poco a poco, estamos avanzando en el proceso, son evidentes los avances que hemos dado en el \u00faltimo a\u00f1o. Pero somos conscientes de que todav\u00eda nos quedan pasos por dar, pedimos que se d\u00e9 una resoluci\u00f3n integral a la cuesti\u00f3n de las y los presos, refugiadas y deportadas vascas. Es una necesidad no alargar m\u00e1s la resoluci\u00f3n del conflicto. Es una necesidad abrir las puertas despu\u00e9s de tantos a\u00f1os. Es una necesidad que no se prolongue durante mas a\u00f1os el camino a la convivencia y que no se alargue durante mas generaciones.<\/p>\n<p>La sociedad vasca ha demostrado que est\u00e1 dispuesta a dar ese paso adelante, hemos demostrado que estamos preparadas y preparados. Es el momento de que los y las presas vascas crucen las puertas de las c\u00e1rceles, de que las refugiadas y deportadas vuelvan a casa, de que las v\u00edctimas de las diferentes violencias tengan un reconocimiento completo. Estamos dispuestos a abrir las puertas a la resoluci\u00f3n integral del conflicto, es el momento de construir en base a la convivencia.<\/p>\n<p>Los y las Bilbotarras y Bizkaitarras, hemos lanzado un mensaje claro durante el verano, durante las vacaciones, en las movilizaciones de las playas y durante las fiestas de los pueblos. ETXERA. A lo largo del \u00faltimo a\u00f1o hemos dicho que hemos sido la llave para la resoluci\u00f3n y s\u00ed, hemos conseguido darle una vuelta a la cerradura pero estamos convencidos de que le vamos a dar una segunda vuelta. Tenemos que conseguir entre todos y todas que ETXERA pase de ser una reivindicaci\u00f3n a ser una realidad, seguiremos abriendo las puertas a la resoluci\u00f3n integral del conflicto y seguiremos reivindicando ETXERA a los cuatro vientos.<\/p>\n<p><strong>Euskal Preso, Iheslari eta Deportatuak ETXERA!<\/strong><\/p>\n","protected":false},"excerpt":{"rendered":"<p>Si bien la semana grande ha estado marcada por el ambiente festivo, una vez m\u00e1s, hemos demostrado que tambi\u00e9n sabemos tomar un hueco para la reivindicaci\u00f3n. A lo largo de [&hellip;]<\/p>\n","protected":false},"author":2,"featured_media":6278,"comment_status":"closed","ping_status":"closed","sticky":false,"template":"","format":"standard","meta":{"_acf_changed":false,"_et_pb_use_builder":"","_et_pb_old_content":"","_et_gb_content_width":"","footnotes":""},"categories":[60],"tags":[],"class_list":["post-6275","post","type-post","status-publish","format-standard","has-post-thumbnail","hentry","category-etxera-es","et-has-post-format-content","et_post_format-et-post-format-standard"],"acf":[],"yoast_head":"<!-- This site is optimized with the Yoast SEO plugin v26.4 - https:\/\/yoast.com\/wordpress\/plugins\/seo\/ -->\n<title>En la Aste Nagusia de Bilbo hemos reivindicado que las y los presos, exiliados y deportados vascos deben estar en casa - Sare Herritarra<\/title>\n<meta name=\"robots\" content=\"index, follow, max-snippet:-1, max-image-preview:large, max-video-preview:-1\" \/>\n<link rel=\"canonical\" href=\"https:\/\/sare.eus\/es\/en-la-aste-nagusia-de-bilbo-hemos-reivindicado-que-las-y-los-presos-exiliados-y-deportados-vascos-deben-estar-en-casa\/\" \/>\n<meta property=\"og:locale\" content=\"es_ES\" \/>\n<meta property=\"og:type\" content=\"article\" \/>\n<meta property=\"og:title\" content=\"En la Aste Nagusia de Bilbo hemos reivindicado que las y los presos, exiliados y deportados vascos deben estar en casa - Sare Herritarra\" \/>\n<meta property=\"og:description\" content=\"Si bien la semana grande ha estado marcada por el ambiente festivo, una vez m\u00e1s, hemos demostrado que tambi\u00e9n sabemos tomar un hueco para la reivindicaci\u00f3n. A lo largo de [&hellip;]\" \/>\n<meta property=\"og:url\" content=\"https:\/\/sare.eus\/es\/en-la-aste-nagusia-de-bilbo-hemos-reivindicado-que-las-y-los-presos-exiliados-y-deportados-vascos-deben-estar-en-casa\/\" \/>\n<meta property=\"og:site_name\" content=\"Sare Herritarra\" \/>\n<meta property=\"article:published_time\" content=\"2024-08-23T12:21:41+00:00\" \/>\n<meta property=\"og:image\" content=\"https:\/\/sare.eus\/wp-content\/uploads\/2024\/08\/20240823_133946-scaled.jpg\" \/>\n\t<meta property=\"og:image:width\" content=\"2560\" \/>\n\t<meta property=\"og:image:height\" content=\"1876\" \/>\n\t<meta property=\"og:image:type\" content=\"image\/jpeg\" \/>\n<meta name=\"author\" content=\"sare\" \/>\n<meta name=\"twitter:card\" content=\"summary_large_image\" \/>\n<meta name=\"twitter:label1\" content=\"Escrito por\" \/>\n\t<meta name=\"twitter:data1\" content=\"sare\" \/>\n\t<meta name=\"twitter:label2\" content=\"Tiempo de lectura\" \/>\n\t<meta name=\"twitter:data2\" content=\"2 minutos\" \/>\n<script type=\"application\/ld+json\" class=\"yoast-schema-graph\">{\"@context\":\"https:\/\/schema.org\",\"@graph\":[{\"@type\":\"Article\",\"@id\":\"https:\/\/sare.eus\/es\/en-la-aste-nagusia-de-bilbo-hemos-reivindicado-que-las-y-los-presos-exiliados-y-deportados-vascos-deben-estar-en-casa\/#article\",\"isPartOf\":{\"@id\":\"https:\/\/sare.eus\/es\/en-la-aste-nagusia-de-bilbo-hemos-reivindicado-que-las-y-los-presos-exiliados-y-deportados-vascos-deben-estar-en-casa\/\"},\"author\":{\"name\":\"sare\",\"@id\":\"https:\/\/sare.eus\/#\/schema\/person\/2fe6d0df294f56313d3ab236dbe38e17\"},\"headline\":\"En la Aste Nagusia de Bilbo hemos reivindicado que las y los presos, exiliados y deportados vascos deben estar en casa\",\"datePublished\":\"2024-08-23T12:21:41+00:00\",\"mainEntityOfPage\":{\"@id\":\"https:\/\/sare.eus\/es\/en-la-aste-nagusia-de-bilbo-hemos-reivindicado-que-las-y-los-presos-exiliados-y-deportados-vascos-deben-estar-en-casa\/\"},\"wordCount\":431,\"publisher\":{\"@id\":\"https:\/\/sare.eus\/#organization\"},\"image\":{\"@id\":\"https:\/\/sare.eus\/es\/en-la-aste-nagusia-de-bilbo-hemos-reivindicado-que-las-y-los-presos-exiliados-y-deportados-vascos-deben-estar-en-casa\/#primaryimage\"},\"thumbnailUrl\":\"https:\/\/sare.eus\/wp-content\/uploads\/2024\/08\/20240823_133946-scaled.jpg\",\"articleSection\":[\"Etxera\"],\"inLanguage\":\"es\"},{\"@type\":\"WebPage\",\"@id\":\"https:\/\/sare.eus\/es\/en-la-aste-nagusia-de-bilbo-hemos-reivindicado-que-las-y-los-presos-exiliados-y-deportados-vascos-deben-estar-en-casa\/\",\"url\":\"https:\/\/sare.eus\/es\/en-la-aste-nagusia-de-bilbo-hemos-reivindicado-que-las-y-los-presos-exiliados-y-deportados-vascos-deben-estar-en-casa\/\",\"name\":\"En la Aste Nagusia de Bilbo hemos reivindicado que las y los presos, exiliados y deportados vascos deben estar en casa - Sare Herritarra\",\"isPartOf\":{\"@id\":\"https:\/\/sare.eus\/#website\"},\"primaryImageOfPage\":{\"@id\":\"https:\/\/sare.eus\/es\/en-la-aste-nagusia-de-bilbo-hemos-reivindicado-que-las-y-los-presos-exiliados-y-deportados-vascos-deben-estar-en-casa\/#primaryimage\"},\"image\":{\"@id\":\"https:\/\/sare.eus\/es\/en-la-aste-nagusia-de-bilbo-hemos-reivindicado-que-las-y-los-presos-exiliados-y-deportados-vascos-deben-estar-en-casa\/#primaryimage\"},\"thumbnailUrl\":\"https:\/\/sare.eus\/wp-content\/uploads\/2024\/08\/20240823_133946-scaled.jpg\",\"datePublished\":\"2024-08-23T12:21:41+00:00\",\"breadcrumb\":{\"@id\":\"https:\/\/sare.eus\/es\/en-la-aste-nagusia-de-bilbo-hemos-reivindicado-que-las-y-los-presos-exiliados-y-deportados-vascos-deben-estar-en-casa\/#breadcrumb\"},\"inLanguage\":\"es\",\"potentialAction\":[{\"@type\":\"ReadAction\",\"target\":[\"https:\/\/sare.eus\/es\/en-la-aste-nagusia-de-bilbo-hemos-reivindicado-que-las-y-los-presos-exiliados-y-deportados-vascos-deben-estar-en-casa\/\"]}]},{\"@type\":\"ImageObject\",\"inLanguage\":\"es\",\"@id\":\"https:\/\/sare.eus\/es\/en-la-aste-nagusia-de-bilbo-hemos-reivindicado-que-las-y-los-presos-exiliados-y-deportados-vascos-deben-estar-en-casa\/#primaryimage\",\"url\":\"https:\/\/sare.eus\/wp-content\/uploads\/2024\/08\/20240823_133946-scaled.jpg\",\"contentUrl\":\"https:\/\/sare.eus\/wp-content\/uploads\/2024\/08\/20240823_133946-scaled.jpg\",\"width\":2560,\"height\":1876},{\"@type\":\"BreadcrumbList\",\"@id\":\"https:\/\/sare.eus\/es\/en-la-aste-nagusia-de-bilbo-hemos-reivindicado-que-las-y-los-presos-exiliados-y-deportados-vascos-deben-estar-en-casa\/#breadcrumb\",\"itemListElement\":[{\"@type\":\"ListItem\",\"position\":1,\"name\":\"Home\",\"item\":\"https:\/\/sare.eus\/\"},{\"@type\":\"ListItem\",\"position\":2,\"name\":\"En la Aste Nagusia de Bilbo hemos reivindicado que las y los presos, exiliados y deportados vascos deben estar en casa\"}]},{\"@type\":\"WebSite\",\"@id\":\"https:\/\/sare.eus\/#website\",\"url\":\"https:\/\/sare.eus\/\",\"name\":\"Sare Herritarra\",\"description\":\"KONPONBIDEAREN ETA GIZA ESKUBIDEEN ALDEKO SARE HERRITARRA\",\"publisher\":{\"@id\":\"https:\/\/sare.eus\/#organization\"},\"potentialAction\":[{\"@type\":\"SearchAction\",\"target\":{\"@type\":\"EntryPoint\",\"urlTemplate\":\"https:\/\/sare.eus\/?s={search_term_string}\"},\"query-input\":{\"@type\":\"PropertyValueSpecification\",\"valueRequired\":true,\"valueName\":\"search_term_string\"}}],\"inLanguage\":\"es\"},{\"@type\":\"Organization\",\"@id\":\"https:\/\/sare.eus\/#organization\",\"name\":\"Sare Herritarra\",\"url\":\"https:\/\/sare.eus\/\",\"logo\":{\"@type\":\"ImageObject\",\"inLanguage\":\"es\",\"@id\":\"https:\/\/sare.eus\/#\/schema\/logo\/image\/\",\"url\":\"https:\/\/sare.eus\/wp-content\/uploads\/2021\/08\/sare.png\",\"contentUrl\":\"https:\/\/sare.eus\/wp-content\/uploads\/2021\/08\/sare.png\",\"width\":120,\"height\":142,\"caption\":\"Sare Herritarra\"},\"image\":{\"@id\":\"https:\/\/sare.eus\/#\/schema\/logo\/image\/\"}},{\"@type\":\"Person\",\"@id\":\"https:\/\/sare.eus\/#\/schema\/person\/2fe6d0df294f56313d3ab236dbe38e17\",\"name\":\"sare\",\"image\":{\"@type\":\"ImageObject\",\"inLanguage\":\"es\",\"@id\":\"https:\/\/sare.eus\/#\/schema\/person\/image\/\",\"url\":\"https:\/\/secure.gravatar.com\/avatar\/77cad838677ceb1977e7b3c878b55eaa7fa4aae2158983063b047c3ad7ef2c25?s=96&d=mm&r=g\",\"contentUrl\":\"https:\/\/secure.gravatar.com\/avatar\/77cad838677ceb1977e7b3c878b55eaa7fa4aae2158983063b047c3ad7ef2c25?s=96&d=mm&r=g\",\"caption\":\"sare\"},\"url\":\"https:\/\/sare.eus\/es\/author\/sare\/\"}]}<\/script>\n<!-- \/ Yoast SEO plugin. -->","yoast_head_json":{"title":"En la Aste Nagusia de Bilbo hemos reivindicado que las y los presos, exiliados y deportados vascos deben estar en casa - Sare Herritarra","robots":{"index":"index","follow":"follow","max-snippet":"max-snippet:-1","max-image-preview":"max-image-preview:large","max-video-preview":"max-video-preview:-1"},"canonical":"https:\/\/sare.eus\/es\/en-la-aste-nagusia-de-bilbo-hemos-reivindicado-que-las-y-los-presos-exiliados-y-deportados-vascos-deben-estar-en-casa\/","og_locale":"es_ES","og_type":"article","og_title":"En la Aste Nagusia de Bilbo hemos reivindicado que las y los presos, exiliados y deportados vascos deben estar en casa - Sare Herritarra","og_description":"Si bien la semana grande ha estado marcada por el ambiente festivo, una vez m\u00e1s, hemos demostrado que tambi\u00e9n sabemos tomar un hueco para la reivindicaci\u00f3n. A lo largo de [&hellip;]","og_url":"https:\/\/sare.eus\/es\/en-la-aste-nagusia-de-bilbo-hemos-reivindicado-que-las-y-los-presos-exiliados-y-deportados-vascos-deben-estar-en-casa\/","og_site_name":"Sare Herritarra","article_published_time":"2024-08-23T12:21:41+00:00","og_image":[{"width":2560,"height":1876,"url":"https:\/\/sare.eus\/wp-content\/uploads\/2024\/08\/20240823_133946-scaled.jpg","type":"image\/jpeg"}],"author":"sare","twitter_card":"summary_large_image","twitter_misc":{"Escrito por":"sare","Tiempo de lectura":"2 minutos"},"schema":{"@context":"https:\/\/schema.org","@graph":[{"@type":"Article","@id":"https:\/\/sare.eus\/es\/en-la-aste-nagusia-de-bilbo-hemos-reivindicado-que-las-y-los-presos-exiliados-y-deportados-vascos-deben-estar-en-casa\/#article","isPartOf":{"@id":"https:\/\/sare.eus\/es\/en-la-aste-nagusia-de-bilbo-hemos-reivindicado-que-las-y-los-presos-exiliados-y-deportados-vascos-deben-estar-en-casa\/"},"author":{"name":"sare","@id":"https:\/\/sare.eus\/#\/schema\/person\/2fe6d0df294f56313d3ab236dbe38e17"},"headline":"En la Aste Nagusia de Bilbo hemos reivindicado que las y los presos, exiliados y deportados vascos deben estar en casa","datePublished":"2024-08-23T12:21:41+00:00","mainEntityOfPage":{"@id":"https:\/\/sare.eus\/es\/en-la-aste-nagusia-de-bilbo-hemos-reivindicado-que-las-y-los-presos-exiliados-y-deportados-vascos-deben-estar-en-casa\/"},"wordCount":431,"publisher":{"@id":"https:\/\/sare.eus\/#organization"},"image":{"@id":"https:\/\/sare.eus\/es\/en-la-aste-nagusia-de-bilbo-hemos-reivindicado-que-las-y-los-presos-exiliados-y-deportados-vascos-deben-estar-en-casa\/#primaryimage"},"thumbnailUrl":"https:\/\/sare.eus\/wp-content\/uploads\/2024\/08\/20240823_133946-scaled.jpg","articleSection":["Etxera"],"inLanguage":"es"},{"@type":"WebPage","@id":"https:\/\/sare.eus\/es\/en-la-aste-nagusia-de-bilbo-hemos-reivindicado-que-las-y-los-presos-exiliados-y-deportados-vascos-deben-estar-en-casa\/","url":"https:\/\/sare.eus\/es\/en-la-aste-nagusia-de-bilbo-hemos-reivindicado-que-las-y-los-presos-exiliados-y-deportados-vascos-deben-estar-en-casa\/","name":"En la Aste Nagusia de Bilbo hemos reivindicado que las y los presos, exiliados y deportados vascos deben estar en casa - Sare Herritarra","isPartOf":{"@id":"https:\/\/sare.eus\/#website"},"primaryImageOfPage":{"@id":"https:\/\/sare.eus\/es\/en-la-aste-nagusia-de-bilbo-hemos-reivindicado-que-las-y-los-presos-exiliados-y-deportados-vascos-deben-estar-en-casa\/#primaryimage"},"image":{"@id":"https:\/\/sare.eus\/es\/en-la-aste-nagusia-de-bilbo-hemos-reivindicado-que-las-y-los-presos-exiliados-y-deportados-vascos-deben-estar-en-casa\/#primaryimage"},"thumbnailUrl":"https:\/\/sare.eus\/wp-content\/uploads\/2024\/08\/20240823_133946-scaled.jpg","datePublished":"2024-08-23T12:21:41+00:00","breadcrumb":{"@id":"https:\/\/sare.eus\/es\/en-la-aste-nagusia-de-bilbo-hemos-reivindicado-que-las-y-los-presos-exiliados-y-deportados-vascos-deben-estar-en-casa\/#breadcrumb"},"inLanguage":"es","potentialAction":[{"@type":"ReadAction","target":["https:\/\/sare.eus\/es\/en-la-aste-nagusia-de-bilbo-hemos-reivindicado-que-las-y-los-presos-exiliados-y-deportados-vascos-deben-estar-en-casa\/"]}]},{"@type":"ImageObject","inLanguage":"es","@id":"https:\/\/sare.eus\/es\/en-la-aste-nagusia-de-bilbo-hemos-reivindicado-que-las-y-los-presos-exiliados-y-deportados-vascos-deben-estar-en-casa\/#primaryimage","url":"https:\/\/sare.eus\/wp-content\/uploads\/2024\/08\/20240823_133946-scaled.jpg","contentUrl":"https:\/\/sare.eus\/wp-content\/uploads\/2024\/08\/20240823_133946-scaled.jpg","width":2560,"height":1876},{"@type":"BreadcrumbList","@id":"https:\/\/sare.eus\/es\/en-la-aste-nagusia-de-bilbo-hemos-reivindicado-que-las-y-los-presos-exiliados-y-deportados-vascos-deben-estar-en-casa\/#breadcrumb","itemListElement":[{"@type":"ListItem","position":1,"name":"Home","item":"https:\/\/sare.eus\/"},{"@type":"ListItem","position":2,"name":"En la Aste Nagusia de Bilbo hemos reivindicado que las y los presos, exiliados y deportados vascos deben estar en casa"}]},{"@type":"WebSite","@id":"https:\/\/sare.eus\/#website","url":"https:\/\/sare.eus\/","name":"Sare Herritarra","description":"KONPONBIDEAREN ETA GIZA ESKUBIDEEN ALDEKO SARE HERRITARRA","publisher":{"@id":"https:\/\/sare.eus\/#organization"},"potentialAction":[{"@type":"SearchAction","target":{"@type":"EntryPoint","urlTemplate":"https:\/\/sare.eus\/?s={search_term_string}"},"query-input":{"@type":"PropertyValueSpecification","valueRequired":true,"valueName":"search_term_string"}}],"inLanguage":"es"},{"@type":"Organization","@id":"https:\/\/sare.eus\/#organization","name":"Sare Herritarra","url":"https:\/\/sare.eus\/","logo":{"@type":"ImageObject","inLanguage":"es","@id":"https:\/\/sare.eus\/#\/schema\/logo\/image\/","url":"https:\/\/sare.eus\/wp-content\/uploads\/2021\/08\/sare.png","contentUrl":"https:\/\/sare.eus\/wp-content\/uploads\/2021\/08\/sare.png","width":120,"height":142,"caption":"Sare Herritarra"},"image":{"@id":"https:\/\/sare.eus\/#\/schema\/logo\/image\/"}},{"@type":"Person","@id":"https:\/\/sare.eus\/#\/schema\/person\/2fe6d0df294f56313d3ab236dbe38e17","name":"sare","image":{"@type":"ImageObject","inLanguage":"es","@id":"https:\/\/sare.eus\/#\/schema\/person\/image\/","url":"https:\/\/secure.gravatar.com\/avatar\/77cad838677ceb1977e7b3c878b55eaa7fa4aae2158983063b047c3ad7ef2c25?s=96&d=mm&r=g","contentUrl":"https:\/\/secure.gravatar.com\/avatar\/77cad838677ceb1977e7b3c878b55eaa7fa4aae2158983063b047c3ad7ef2c25?s=96&d=mm&r=g","caption":"sare"},"url":"https:\/\/sare.eus\/es\/author\/sare\/"}]}},"_links":{"self":[{"href":"https:\/\/sare.eus\/es\/wp-json\/wp\/v2\/posts\/6275","targetHints":{"allow":["GET"]}}],"collection":[{"href":"https:\/\/sare.eus\/es\/wp-json\/wp\/v2\/posts"}],"about":[{"href":"https:\/\/sare.eus\/es\/wp-json\/wp\/v2\/types\/post"}],"author":[{"embeddable":true,"href":"https:\/\/sare.eus\/es\/wp-json\/wp\/v2\/users\/2"}],"replies":[{"embeddable":true,"href":"https:\/\/sare.eus\/es\/wp-json\/wp\/v2\/comments?post=6275"}],"version-history":[{"count":1,"href":"https:\/\/sare.eus\/es\/wp-json\/wp\/v2\/posts\/6275\/revisions"}],"predecessor-version":[{"id":6276,"href":"https:\/\/sare.eus\/es\/wp-json\/wp\/v2\/posts\/6275\/revisions\/6276"}],"wp:featuredmedia":[{"embeddable":true,"href":"https:\/\/sare.eus\/es\/wp-json\/wp\/v2\/media\/6278"}],"wp:attachment":[{"href":"https:\/\/sare.eus\/es\/wp-json\/wp\/v2\/media?parent=6275"}],"wp:term":[{"taxonomy":"category","embeddable":true,"href":"https:\/\/sare.eus\/es\/wp-json\/wp\/v2\/categories?post=6275"},{"taxonomy":"post_tag","embeddable":true,"href":"https:\/\/sare.eus\/es\/wp-json\/wp\/v2\/tags?post=6275"}],"curies":[{"name":"wp","href":"https:\/\/api.w.org\/{rel}","templated":true}]}}