{"id":6246,"date":"2024-08-18T10:37:51","date_gmt":"2024-08-18T10:37:51","guid":{"rendered":"https:\/\/sare.eus\/presoen-etxeratzea-eskatu-du-sarek-donostiako-aste-nagusian\/"},"modified":"2024-08-18T10:41:57","modified_gmt":"2024-08-18T10:41:57","slug":"sare-pide-la-vuelta-a-casa-de-los-presos-en-la-aste-nagusia-de-donostia","status":"publish","type":"post","link":"https:\/\/sare.eus\/es\/sare-pide-la-vuelta-a-casa-de-los-presos-en-la-aste-nagusia-de-donostia\/","title":{"rendered":"Sare pide la vuelta a casa de los presos en la Aste Nagusia de Donostia"},"content":{"rendered":"<p class=\"western\" align=\"justify\"><span style=\"font-family: Eina 01 Light, serif;\"><span style=\"font-size: medium;\">Si bien la semana grande ha estado marcada por el ambiente festivo, una vez m\u00e1s, hemos demostrado que tambi\u00e9n sabemos tomar un hueco para la reivindicaci\u00f3n. A lo largo de la semana grande han sido muchos los rincones de Donostia que hemos decorado con los simbolos de etxera. Han sido muchos los momentos en los que hemos hecho proclamas a favor del proceso de resolucion del confilcto, de la vuelta a casa. Somos muchos y muchas una vez m\u00e1s las que nos hemos juntado para pedir que es el momento de abrir las puertas a la convivencia.<\/span><\/span><\/p>\n<p class=\"western\" align=\"justify\"><span style=\"font-family: Eina 01 Light, serif;\"><span style=\"font-size: medium;\">Aunque sea poco a poco, estamos avanzando en el proceso de la vuelta a casa, son evidentes los avances que hemos dado en el \u00faltimo a\u00f1o. Pero somos conscientes de que todavia nos quedan pasos por dar, pedimos que se d\u00e9 una resolucion integral a la cuesti\u00f3n de los y las presas, refugiadas y deportadas vascas. Es una necesidad, es una necesidad no alargar m\u00e1s la resoluci\u00f3n del conflicto, es una necesidad abrir las puertas despu\u00e9s de tantos a\u00f1os. Es una necesidad que no se prolongue mas a\u00f1os el camino a la convivencia, que no se alargue durante mas generaciones.<\/span><\/span><\/p>\n<p><iframe loading=\"lazy\" title=\"YouTube video player\" src=\"https:\/\/www.youtube.com\/embed\/3bC3V1Yis3A?si=q2WMT1_Y2nsrwOaR\" width=\"560\" height=\"315\" frameborder=\"0\" allowfullscreen=\"allowfullscreen\"><\/iframe><\/p>\n<p class=\"western\" align=\"justify\"><span style=\"font-family: Eina 01 Light, serif;\"><span style=\"font-size: medium;\">La sociedad vasca ha demostrado que est\u00e1 dispuesta a dar ese paso adelante, hemos demostrado que estamos preparados. Es el momento de que los y las presas vascas crucen las puertas de las c\u00e1rceles, de que las refugiadas y deportadas vuelvan a casa, de que las v\u00edctimas de las diferentes violencias tengan un reconocimiento completo. Estamos dispuestos a abrir las puertas a la resoluci\u00f3n integral del conflicto, es el momento de convivir.<\/span><\/span><\/p>\n<p class=\"western\" align=\"justify\"><span style=\"font-family: Eina 01 Light, serif;\"><span style=\"font-size: medium;\">Los y las donostiarras y toda gipuzkoa hemos lanzado un mensaje claro durante el verano, durante las vacaciones, en las movilizaciones de las playas y durante las fiestas de los pueblos. ETXERA. A lo largo del \u00faltimo a\u00f1o hemos dicho que hemos sido la llave para la resoluci\u00f3n y s\u00ed, hemos conseguido darle una vuelta a la cerradura pero estamos convencidos de que le vamos a dar una segunda vuelta. Tenemos que conseguir entre todos que ETXERA pase de ser una reivindicaci\u00f3n a ser una realidad, seguiremos abriendo las puertas a la resoluci\u00f3n integral del conflicto y seguiremos reivindicando ETXERA a los cuatro vientos.<\/span><\/span><\/p>\n<p><strong>Euskal Preso, Iheslari eta Deportatuak ETXERA!<\/strong><\/p>\n<p>&nbsp;<\/p>\n\n\t\t<style type=\"text\/css\">\n\t\t\t#gallery-1 {\n\t\t\t\tmargin: auto;\n\t\t\t}\n\t\t\t#gallery-1 .gallery-item {\n\t\t\t\tfloat: left;\n\t\t\t\tmargin-top: 10px;\n\t\t\t\ttext-align: center;\n\t\t\t\twidth: 33%;\n\t\t\t}\n\t\t\t#gallery-1 img {\n\t\t\t\tborder: 2px solid #cfcfcf;\n\t\t\t}\n\t\t\t#gallery-1 .gallery-caption {\n\t\t\t\tmargin-left: 0;\n\t\t\t}\n\t\t\t\/* see gallery_shortcode() in wp-includes\/media.php *\/\n\t\t<\/style>\n\t\t<div id='gallery-1' class='gallery galleryid-6246 gallery-columns-3 gallery-size-large'><dl class='gallery-item'>\n\t\t\t<dt class='gallery-icon landscape'>\n\t\t\t\t<a href='https:\/\/sare.eus\/es\/sare-pide-la-vuelta-a-casa-de-los-presos-en-la-aste-nagusia-de-donostia\/photo_5908999028287325210_w-2\/'><img loading=\"lazy\" decoding=\"async\" width=\"1024\" height=\"793\" src=\"https:\/\/sare.eus\/wp-content\/uploads\/2024\/08\/photo_5908999028287325210_w-1024x793.jpg\" class=\"attachment-large size-large\" alt=\"\" srcset=\"https:\/\/sare.eus\/wp-content\/uploads\/2024\/08\/photo_5908999028287325210_w-1024x793.jpg 1024w, https:\/\/sare.eus\/wp-content\/uploads\/2024\/08\/photo_5908999028287325210_w-300x232.jpg 300w, https:\/\/sare.eus\/wp-content\/uploads\/2024\/08\/photo_5908999028287325210_w-768x595.jpg 768w, https:\/\/sare.eus\/wp-content\/uploads\/2024\/08\/photo_5908999028287325210_w-1536x1189.jpg 1536w, https:\/\/sare.eus\/wp-content\/uploads\/2024\/08\/photo_5908999028287325210_w-2048x1586.jpg 2048w, https:\/\/sare.eus\/wp-content\/uploads\/2024\/08\/photo_5908999028287325210_w-1080x836.jpg 1080w\" sizes=\"(max-width: 1024px) 100vw, 1024px\" \/><\/a>\n\t\t\t<\/dt><\/dl><dl class='gallery-item'>\n\t\t\t<dt class='gallery-icon landscape'>\n\t\t\t\t<a href='https:\/\/sare.eus\/es\/sare-pide-la-vuelta-a-casa-de-los-presos-en-la-aste-nagusia-de-donostia\/photo_5908999028287325211_y-2\/'><img loading=\"lazy\" decoding=\"async\" width=\"1024\" height=\"683\" src=\"https:\/\/sare.eus\/wp-content\/uploads\/2024\/08\/photo_5908999028287325211_y-1024x683.jpg\" class=\"attachment-large size-large\" alt=\"\" srcset=\"https:\/\/sare.eus\/wp-content\/uploads\/2024\/08\/photo_5908999028287325211_y-1024x683.jpg 1024w, https:\/\/sare.eus\/wp-content\/uploads\/2024\/08\/photo_5908999028287325211_y-300x200.jpg 300w, https:\/\/sare.eus\/wp-content\/uploads\/2024\/08\/photo_5908999028287325211_y-768x512.jpg 768w, https:\/\/sare.eus\/wp-content\/uploads\/2024\/08\/photo_5908999028287325211_y-1080x720.jpg 1080w, https:\/\/sare.eus\/wp-content\/uploads\/2024\/08\/photo_5908999028287325211_y.jpg 1200w\" sizes=\"(max-width: 1024px) 100vw, 1024px\" \/><\/a>\n\t\t\t<\/dt><\/dl><dl class='gallery-item'>\n\t\t\t<dt class='gallery-icon landscape'>\n\t\t\t\t<a href='https:\/\/sare.eus\/es\/sare-pide-la-vuelta-a-casa-de-los-presos-en-la-aste-nagusia-de-donostia\/photo_5908999028287325212_y-2\/'><img loading=\"lazy\" decoding=\"async\" width=\"1024\" height=\"683\" src=\"https:\/\/sare.eus\/wp-content\/uploads\/2024\/08\/photo_5908999028287325212_y-1024x683.jpg\" class=\"attachment-large size-large\" alt=\"\" srcset=\"https:\/\/sare.eus\/wp-content\/uploads\/2024\/08\/photo_5908999028287325212_y-1024x683.jpg 1024w, https:\/\/sare.eus\/wp-content\/uploads\/2024\/08\/photo_5908999028287325212_y-300x200.jpg 300w, https:\/\/sare.eus\/wp-content\/uploads\/2024\/08\/photo_5908999028287325212_y-768x512.jpg 768w, https:\/\/sare.eus\/wp-content\/uploads\/2024\/08\/photo_5908999028287325212_y-1080x720.jpg 1080w, https:\/\/sare.eus\/wp-content\/uploads\/2024\/08\/photo_5908999028287325212_y.jpg 1200w\" sizes=\"(max-width: 1024px) 100vw, 1024px\" \/><\/a>\n\t\t\t<\/dt><\/dl><br style=\"clear: both\" \/><dl class='gallery-item'>\n\t\t\t<dt class='gallery-icon landscape'>\n\t\t\t\t<a href='https:\/\/sare.eus\/es\/sare-pide-la-vuelta-a-casa-de-los-presos-en-la-aste-nagusia-de-donostia\/photo_5908999028287325213_y-2\/'><img loading=\"lazy\" decoding=\"async\" width=\"1024\" height=\"683\" src=\"https:\/\/sare.eus\/wp-content\/uploads\/2024\/08\/photo_5908999028287325213_y-1024x683.jpg\" class=\"attachment-large size-large\" alt=\"\" srcset=\"https:\/\/sare.eus\/wp-content\/uploads\/2024\/08\/photo_5908999028287325213_y-1024x683.jpg 1024w, https:\/\/sare.eus\/wp-content\/uploads\/2024\/08\/photo_5908999028287325213_y-300x200.jpg 300w, https:\/\/sare.eus\/wp-content\/uploads\/2024\/08\/photo_5908999028287325213_y-768x512.jpg 768w, https:\/\/sare.eus\/wp-content\/uploads\/2024\/08\/photo_5908999028287325213_y-1080x720.jpg 1080w, https:\/\/sare.eus\/wp-content\/uploads\/2024\/08\/photo_5908999028287325213_y.jpg 1200w\" sizes=\"(max-width: 1024px) 100vw, 1024px\" \/><\/a>\n\t\t\t<\/dt><\/dl><dl class='gallery-item'>\n\t\t\t<dt class='gallery-icon landscape'>\n\t\t\t\t<a href='https:\/\/sare.eus\/es\/sare-pide-la-vuelta-a-casa-de-los-presos-en-la-aste-nagusia-de-donostia\/photo_5908999028287325214_y-2\/'><img loading=\"lazy\" decoding=\"async\" width=\"1024\" height=\"683\" src=\"https:\/\/sare.eus\/wp-content\/uploads\/2024\/08\/photo_5908999028287325214_y-1024x683.jpg\" class=\"attachment-large size-large\" alt=\"\" srcset=\"https:\/\/sare.eus\/wp-content\/uploads\/2024\/08\/photo_5908999028287325214_y-1024x683.jpg 1024w, https:\/\/sare.eus\/wp-content\/uploads\/2024\/08\/photo_5908999028287325214_y-300x200.jpg 300w, https:\/\/sare.eus\/wp-content\/uploads\/2024\/08\/photo_5908999028287325214_y-768x512.jpg 768w, https:\/\/sare.eus\/wp-content\/uploads\/2024\/08\/photo_5908999028287325214_y-1080x720.jpg 1080w, https:\/\/sare.eus\/wp-content\/uploads\/2024\/08\/photo_5908999028287325214_y.jpg 1200w\" sizes=\"(max-width: 1024px) 100vw, 1024px\" \/><\/a>\n\t\t\t<\/dt><\/dl>\n\t\t\t<br style='clear: both' \/>\n\t\t<\/div>\n\n","protected":false},"excerpt":{"rendered":"<p>Si bien la semana grande ha estado marcada por el ambiente festivo, una vez m\u00e1s, hemos demostrado que tambi\u00e9n sabemos tomar un hueco para la reivindicaci\u00f3n. A lo largo de [&hellip;]<\/p>\n","protected":false},"author":2,"featured_media":6238,"comment_status":"closed","ping_status":"closed","sticky":false,"template":"","format":"standard","meta":{"_acf_changed":false,"_et_pb_use_builder":"","_et_pb_old_content":"","_et_gb_content_width":"","footnotes":""},"categories":[60],"tags":[],"class_list":["post-6246","post","type-post","status-publish","format-standard","has-post-thumbnail","hentry","category-etxera-es","et-has-post-format-content","et_post_format-et-post-format-standard"],"acf":[],"yoast_head":"<!-- This site is optimized with the Yoast SEO plugin v26.4 - https:\/\/yoast.com\/wordpress\/plugins\/seo\/ -->\n<title>Sare pide la vuelta a casa de los presos en la Aste Nagusia de Donostia - Sare Herritarra<\/title>\n<meta name=\"robots\" content=\"index, follow, max-snippet:-1, max-image-preview:large, max-video-preview:-1\" \/>\n<link rel=\"canonical\" href=\"https:\/\/sare.eus\/es\/sare-pide-la-vuelta-a-casa-de-los-presos-en-la-aste-nagusia-de-donostia\/\" \/>\n<meta property=\"og:locale\" content=\"es_ES\" \/>\n<meta property=\"og:type\" content=\"article\" \/>\n<meta property=\"og:title\" content=\"Sare pide la vuelta a casa de los presos en la Aste Nagusia de Donostia - Sare Herritarra\" \/>\n<meta property=\"og:description\" content=\"Si bien la semana grande ha estado marcada por el ambiente festivo, una vez m\u00e1s, hemos demostrado que tambi\u00e9n sabemos tomar un hueco para la reivindicaci\u00f3n. A lo largo de [&hellip;]\" \/>\n<meta property=\"og:url\" content=\"https:\/\/sare.eus\/es\/sare-pide-la-vuelta-a-casa-de-los-presos-en-la-aste-nagusia-de-donostia\/\" \/>\n<meta property=\"og:site_name\" content=\"Sare Herritarra\" \/>\n<meta property=\"article:published_time\" content=\"2024-08-18T10:37:51+00:00\" \/>\n<meta property=\"article:modified_time\" content=\"2024-08-18T10:41:57+00:00\" \/>\n<meta property=\"og:image\" content=\"https:\/\/sare.eus\/wp-content\/uploads\/2024\/08\/photo_5908999028287325212_y.jpg\" \/>\n\t<meta property=\"og:image:width\" content=\"1200\" \/>\n\t<meta property=\"og:image:height\" content=\"800\" \/>\n\t<meta property=\"og:image:type\" content=\"image\/jpeg\" \/>\n<meta name=\"author\" content=\"sare\" \/>\n<meta name=\"twitter:card\" content=\"summary_large_image\" \/>\n<meta name=\"twitter:label1\" content=\"Escrito por\" \/>\n\t<meta name=\"twitter:data1\" content=\"sare\" \/>\n\t<meta name=\"twitter:label2\" content=\"Tiempo de lectura\" \/>\n\t<meta name=\"twitter:data2\" content=\"2 minutos\" \/>\n<script type=\"application\/ld+json\" class=\"yoast-schema-graph\">{\"@context\":\"https:\/\/schema.org\",\"@graph\":[{\"@type\":\"Article\",\"@id\":\"https:\/\/sare.eus\/es\/sare-pide-la-vuelta-a-casa-de-los-presos-en-la-aste-nagusia-de-donostia\/#article\",\"isPartOf\":{\"@id\":\"https:\/\/sare.eus\/es\/sare-pide-la-vuelta-a-casa-de-los-presos-en-la-aste-nagusia-de-donostia\/\"},\"author\":{\"name\":\"sare\",\"@id\":\"https:\/\/sare.eus\/#\/schema\/person\/2fe6d0df294f56313d3ab236dbe38e17\"},\"headline\":\"Sare pide la vuelta a casa de los presos en la Aste Nagusia de Donostia\",\"datePublished\":\"2024-08-18T10:37:51+00:00\",\"dateModified\":\"2024-08-18T10:41:57+00:00\",\"mainEntityOfPage\":{\"@id\":\"https:\/\/sare.eus\/es\/sare-pide-la-vuelta-a-casa-de-los-presos-en-la-aste-nagusia-de-donostia\/\"},\"wordCount\":417,\"publisher\":{\"@id\":\"https:\/\/sare.eus\/#organization\"},\"image\":{\"@id\":\"https:\/\/sare.eus\/es\/sare-pide-la-vuelta-a-casa-de-los-presos-en-la-aste-nagusia-de-donostia\/#primaryimage\"},\"thumbnailUrl\":\"https:\/\/sare.eus\/wp-content\/uploads\/2024\/08\/photo_5908999028287325212_y.jpg\",\"articleSection\":[\"Etxera\"],\"inLanguage\":\"es\"},{\"@type\":\"WebPage\",\"@id\":\"https:\/\/sare.eus\/es\/sare-pide-la-vuelta-a-casa-de-los-presos-en-la-aste-nagusia-de-donostia\/\",\"url\":\"https:\/\/sare.eus\/es\/sare-pide-la-vuelta-a-casa-de-los-presos-en-la-aste-nagusia-de-donostia\/\",\"name\":\"Sare pide la vuelta a casa de los presos en la Aste Nagusia de Donostia - Sare Herritarra\",\"isPartOf\":{\"@id\":\"https:\/\/sare.eus\/#website\"},\"primaryImageOfPage\":{\"@id\":\"https:\/\/sare.eus\/es\/sare-pide-la-vuelta-a-casa-de-los-presos-en-la-aste-nagusia-de-donostia\/#primaryimage\"},\"image\":{\"@id\":\"https:\/\/sare.eus\/es\/sare-pide-la-vuelta-a-casa-de-los-presos-en-la-aste-nagusia-de-donostia\/#primaryimage\"},\"thumbnailUrl\":\"https:\/\/sare.eus\/wp-content\/uploads\/2024\/08\/photo_5908999028287325212_y.jpg\",\"datePublished\":\"2024-08-18T10:37:51+00:00\",\"dateModified\":\"2024-08-18T10:41:57+00:00\",\"breadcrumb\":{\"@id\":\"https:\/\/sare.eus\/es\/sare-pide-la-vuelta-a-casa-de-los-presos-en-la-aste-nagusia-de-donostia\/#breadcrumb\"},\"inLanguage\":\"es\",\"potentialAction\":[{\"@type\":\"ReadAction\",\"target\":[\"https:\/\/sare.eus\/es\/sare-pide-la-vuelta-a-casa-de-los-presos-en-la-aste-nagusia-de-donostia\/\"]}]},{\"@type\":\"ImageObject\",\"inLanguage\":\"es\",\"@id\":\"https:\/\/sare.eus\/es\/sare-pide-la-vuelta-a-casa-de-los-presos-en-la-aste-nagusia-de-donostia\/#primaryimage\",\"url\":\"https:\/\/sare.eus\/wp-content\/uploads\/2024\/08\/photo_5908999028287325212_y.jpg\",\"contentUrl\":\"https:\/\/sare.eus\/wp-content\/uploads\/2024\/08\/photo_5908999028287325212_y.jpg\",\"width\":1200,\"height\":800},{\"@type\":\"BreadcrumbList\",\"@id\":\"https:\/\/sare.eus\/es\/sare-pide-la-vuelta-a-casa-de-los-presos-en-la-aste-nagusia-de-donostia\/#breadcrumb\",\"itemListElement\":[{\"@type\":\"ListItem\",\"position\":1,\"name\":\"Home\",\"item\":\"https:\/\/sare.eus\/\"},{\"@type\":\"ListItem\",\"position\":2,\"name\":\"Sare pide la vuelta a casa de los presos en la Aste Nagusia de Donostia\"}]},{\"@type\":\"WebSite\",\"@id\":\"https:\/\/sare.eus\/#website\",\"url\":\"https:\/\/sare.eus\/\",\"name\":\"Sare Herritarra\",\"description\":\"KONPONBIDEAREN ETA GIZA ESKUBIDEEN ALDEKO SARE HERRITARRA\",\"publisher\":{\"@id\":\"https:\/\/sare.eus\/#organization\"},\"potentialAction\":[{\"@type\":\"SearchAction\",\"target\":{\"@type\":\"EntryPoint\",\"urlTemplate\":\"https:\/\/sare.eus\/?s={search_term_string}\"},\"query-input\":{\"@type\":\"PropertyValueSpecification\",\"valueRequired\":true,\"valueName\":\"search_term_string\"}}],\"inLanguage\":\"es\"},{\"@type\":\"Organization\",\"@id\":\"https:\/\/sare.eus\/#organization\",\"name\":\"Sare Herritarra\",\"url\":\"https:\/\/sare.eus\/\",\"logo\":{\"@type\":\"ImageObject\",\"inLanguage\":\"es\",\"@id\":\"https:\/\/sare.eus\/#\/schema\/logo\/image\/\",\"url\":\"https:\/\/sare.eus\/wp-content\/uploads\/2021\/08\/sare.png\",\"contentUrl\":\"https:\/\/sare.eus\/wp-content\/uploads\/2021\/08\/sare.png\",\"width\":120,\"height\":142,\"caption\":\"Sare Herritarra\"},\"image\":{\"@id\":\"https:\/\/sare.eus\/#\/schema\/logo\/image\/\"}},{\"@type\":\"Person\",\"@id\":\"https:\/\/sare.eus\/#\/schema\/person\/2fe6d0df294f56313d3ab236dbe38e17\",\"name\":\"sare\",\"image\":{\"@type\":\"ImageObject\",\"inLanguage\":\"es\",\"@id\":\"https:\/\/sare.eus\/#\/schema\/person\/image\/\",\"url\":\"https:\/\/secure.gravatar.com\/avatar\/77cad838677ceb1977e7b3c878b55eaa7fa4aae2158983063b047c3ad7ef2c25?s=96&d=mm&r=g\",\"contentUrl\":\"https:\/\/secure.gravatar.com\/avatar\/77cad838677ceb1977e7b3c878b55eaa7fa4aae2158983063b047c3ad7ef2c25?s=96&d=mm&r=g\",\"caption\":\"sare\"},\"url\":\"https:\/\/sare.eus\/es\/author\/sare\/\"}]}<\/script>\n<!-- \/ Yoast SEO plugin. -->","yoast_head_json":{"title":"Sare pide la vuelta a casa de los presos en la Aste Nagusia de Donostia - Sare Herritarra","robots":{"index":"index","follow":"follow","max-snippet":"max-snippet:-1","max-image-preview":"max-image-preview:large","max-video-preview":"max-video-preview:-1"},"canonical":"https:\/\/sare.eus\/es\/sare-pide-la-vuelta-a-casa-de-los-presos-en-la-aste-nagusia-de-donostia\/","og_locale":"es_ES","og_type":"article","og_title":"Sare pide la vuelta a casa de los presos en la Aste Nagusia de Donostia - Sare Herritarra","og_description":"Si bien la semana grande ha estado marcada por el ambiente festivo, una vez m\u00e1s, hemos demostrado que tambi\u00e9n sabemos tomar un hueco para la reivindicaci\u00f3n. A lo largo de [&hellip;]","og_url":"https:\/\/sare.eus\/es\/sare-pide-la-vuelta-a-casa-de-los-presos-en-la-aste-nagusia-de-donostia\/","og_site_name":"Sare Herritarra","article_published_time":"2024-08-18T10:37:51+00:00","article_modified_time":"2024-08-18T10:41:57+00:00","og_image":[{"width":1200,"height":800,"url":"https:\/\/sare.eus\/wp-content\/uploads\/2024\/08\/photo_5908999028287325212_y.jpg","type":"image\/jpeg"}],"author":"sare","twitter_card":"summary_large_image","twitter_misc":{"Escrito por":"sare","Tiempo de lectura":"2 minutos"},"schema":{"@context":"https:\/\/schema.org","@graph":[{"@type":"Article","@id":"https:\/\/sare.eus\/es\/sare-pide-la-vuelta-a-casa-de-los-presos-en-la-aste-nagusia-de-donostia\/#article","isPartOf":{"@id":"https:\/\/sare.eus\/es\/sare-pide-la-vuelta-a-casa-de-los-presos-en-la-aste-nagusia-de-donostia\/"},"author":{"name":"sare","@id":"https:\/\/sare.eus\/#\/schema\/person\/2fe6d0df294f56313d3ab236dbe38e17"},"headline":"Sare pide la vuelta a casa de los presos en la Aste Nagusia de Donostia","datePublished":"2024-08-18T10:37:51+00:00","dateModified":"2024-08-18T10:41:57+00:00","mainEntityOfPage":{"@id":"https:\/\/sare.eus\/es\/sare-pide-la-vuelta-a-casa-de-los-presos-en-la-aste-nagusia-de-donostia\/"},"wordCount":417,"publisher":{"@id":"https:\/\/sare.eus\/#organization"},"image":{"@id":"https:\/\/sare.eus\/es\/sare-pide-la-vuelta-a-casa-de-los-presos-en-la-aste-nagusia-de-donostia\/#primaryimage"},"thumbnailUrl":"https:\/\/sare.eus\/wp-content\/uploads\/2024\/08\/photo_5908999028287325212_y.jpg","articleSection":["Etxera"],"inLanguage":"es"},{"@type":"WebPage","@id":"https:\/\/sare.eus\/es\/sare-pide-la-vuelta-a-casa-de-los-presos-en-la-aste-nagusia-de-donostia\/","url":"https:\/\/sare.eus\/es\/sare-pide-la-vuelta-a-casa-de-los-presos-en-la-aste-nagusia-de-donostia\/","name":"Sare pide la vuelta a casa de los presos en la Aste Nagusia de Donostia - Sare Herritarra","isPartOf":{"@id":"https:\/\/sare.eus\/#website"},"primaryImageOfPage":{"@id":"https:\/\/sare.eus\/es\/sare-pide-la-vuelta-a-casa-de-los-presos-en-la-aste-nagusia-de-donostia\/#primaryimage"},"image":{"@id":"https:\/\/sare.eus\/es\/sare-pide-la-vuelta-a-casa-de-los-presos-en-la-aste-nagusia-de-donostia\/#primaryimage"},"thumbnailUrl":"https:\/\/sare.eus\/wp-content\/uploads\/2024\/08\/photo_5908999028287325212_y.jpg","datePublished":"2024-08-18T10:37:51+00:00","dateModified":"2024-08-18T10:41:57+00:00","breadcrumb":{"@id":"https:\/\/sare.eus\/es\/sare-pide-la-vuelta-a-casa-de-los-presos-en-la-aste-nagusia-de-donostia\/#breadcrumb"},"inLanguage":"es","potentialAction":[{"@type":"ReadAction","target":["https:\/\/sare.eus\/es\/sare-pide-la-vuelta-a-casa-de-los-presos-en-la-aste-nagusia-de-donostia\/"]}]},{"@type":"ImageObject","inLanguage":"es","@id":"https:\/\/sare.eus\/es\/sare-pide-la-vuelta-a-casa-de-los-presos-en-la-aste-nagusia-de-donostia\/#primaryimage","url":"https:\/\/sare.eus\/wp-content\/uploads\/2024\/08\/photo_5908999028287325212_y.jpg","contentUrl":"https:\/\/sare.eus\/wp-content\/uploads\/2024\/08\/photo_5908999028287325212_y.jpg","width":1200,"height":800},{"@type":"BreadcrumbList","@id":"https:\/\/sare.eus\/es\/sare-pide-la-vuelta-a-casa-de-los-presos-en-la-aste-nagusia-de-donostia\/#breadcrumb","itemListElement":[{"@type":"ListItem","position":1,"name":"Home","item":"https:\/\/sare.eus\/"},{"@type":"ListItem","position":2,"name":"Sare pide la vuelta a casa de los presos en la Aste Nagusia de Donostia"}]},{"@type":"WebSite","@id":"https:\/\/sare.eus\/#website","url":"https:\/\/sare.eus\/","name":"Sare Herritarra","description":"KONPONBIDEAREN ETA GIZA ESKUBIDEEN ALDEKO SARE HERRITARRA","publisher":{"@id":"https:\/\/sare.eus\/#organization"},"potentialAction":[{"@type":"SearchAction","target":{"@type":"EntryPoint","urlTemplate":"https:\/\/sare.eus\/?s={search_term_string}"},"query-input":{"@type":"PropertyValueSpecification","valueRequired":true,"valueName":"search_term_string"}}],"inLanguage":"es"},{"@type":"Organization","@id":"https:\/\/sare.eus\/#organization","name":"Sare Herritarra","url":"https:\/\/sare.eus\/","logo":{"@type":"ImageObject","inLanguage":"es","@id":"https:\/\/sare.eus\/#\/schema\/logo\/image\/","url":"https:\/\/sare.eus\/wp-content\/uploads\/2021\/08\/sare.png","contentUrl":"https:\/\/sare.eus\/wp-content\/uploads\/2021\/08\/sare.png","width":120,"height":142,"caption":"Sare Herritarra"},"image":{"@id":"https:\/\/sare.eus\/#\/schema\/logo\/image\/"}},{"@type":"Person","@id":"https:\/\/sare.eus\/#\/schema\/person\/2fe6d0df294f56313d3ab236dbe38e17","name":"sare","image":{"@type":"ImageObject","inLanguage":"es","@id":"https:\/\/sare.eus\/#\/schema\/person\/image\/","url":"https:\/\/secure.gravatar.com\/avatar\/77cad838677ceb1977e7b3c878b55eaa7fa4aae2158983063b047c3ad7ef2c25?s=96&d=mm&r=g","contentUrl":"https:\/\/secure.gravatar.com\/avatar\/77cad838677ceb1977e7b3c878b55eaa7fa4aae2158983063b047c3ad7ef2c25?s=96&d=mm&r=g","caption":"sare"},"url":"https:\/\/sare.eus\/es\/author\/sare\/"}]}},"_links":{"self":[{"href":"https:\/\/sare.eus\/es\/wp-json\/wp\/v2\/posts\/6246","targetHints":{"allow":["GET"]}}],"collection":[{"href":"https:\/\/sare.eus\/es\/wp-json\/wp\/v2\/posts"}],"about":[{"href":"https:\/\/sare.eus\/es\/wp-json\/wp\/v2\/types\/post"}],"author":[{"embeddable":true,"href":"https:\/\/sare.eus\/es\/wp-json\/wp\/v2\/users\/2"}],"replies":[{"embeddable":true,"href":"https:\/\/sare.eus\/es\/wp-json\/wp\/v2\/comments?post=6246"}],"version-history":[{"count":1,"href":"https:\/\/sare.eus\/es\/wp-json\/wp\/v2\/posts\/6246\/revisions"}],"predecessor-version":[{"id":6247,"href":"https:\/\/sare.eus\/es\/wp-json\/wp\/v2\/posts\/6246\/revisions\/6247"}],"wp:featuredmedia":[{"embeddable":true,"href":"https:\/\/sare.eus\/es\/wp-json\/wp\/v2\/media\/6238"}],"wp:attachment":[{"href":"https:\/\/sare.eus\/es\/wp-json\/wp\/v2\/media?parent=6246"}],"wp:term":[{"taxonomy":"category","embeddable":true,"href":"https:\/\/sare.eus\/es\/wp-json\/wp\/v2\/categories?post=6246"},{"taxonomy":"post_tag","embeddable":true,"href":"https:\/\/sare.eus\/es\/wp-json\/wp\/v2\/tags?post=6246"}],"curies":[{"name":"wp","href":"https:\/\/api.w.org\/{rel}","templated":true}]}}