{"id":6226,"date":"2024-08-12T11:27:32","date_gmt":"2024-08-12T11:27:32","guid":{"rendered":"https:\/\/sare.eus\/etxera-lelopean-presoen-eskubideen-alde-egingo-dute-bilboko-aste-nagusian-hilaren-23an\/"},"modified":"2024-08-12T12:25:18","modified_gmt":"2024-08-12T12:25:18","slug":"bajo-el-lema-etxera-en-la-aste-nagusia-de-bilbao-se-celebrara-el-dia-23-una-movilizacion-en-defensa-de-los-derechos-de-los-presos","status":"publish","type":"post","link":"https:\/\/sare.eus\/es\/bajo-el-lema-etxera-en-la-aste-nagusia-de-bilbao-se-celebrara-el-dia-23-una-movilizacion-en-defensa-de-los-derechos-de-los-presos\/","title":{"rendered":"Bajo el lema \u00abEtxera\u00bb, en la Aste Nagusia de Bilbao se celebrar\u00e1 el d\u00eda 23 una movilizaci\u00f3n en defensa de los derechos de los presos"},"content":{"rendered":"<p>[et_pb_section fb_built=\u00bb1&#8243; _builder_version=\u00bb4.14.4&#8243; _module_preset=\u00bbdefault\u00bb global_colors_info=\u00bb{}\u00bb][et_pb_row _builder_version=\u00bb4.14.4&#8243; _module_preset=\u00bbdefault\u00bb global_colors_info=\u00bb{}\u00bb][et_pb_column type=\u00bb4_4&#8243; _builder_version=\u00bb4.14.4&#8243; _module_preset=\u00bbdefault\u00bb global_colors_info=\u00bb{}\u00bb][et_pb_code _builder_version=\u00bb4.14.4&#8243; _module_preset=\u00bbdefault\u00bb hover_enabled=\u00bb0&#8243; global_colors_info=\u00bb{}\u00bb sticky_enabled=\u00bb0&#8243;]<iframe loading=\"lazy\" width=\"560\" height=\"315\" src=\"https:\/\/www.youtube.com\/embed\/5_y1iFZewPg?si=NEqhNn-IH53ptMag\" title=\"YouTube video player\" frameborder=\"0\" allow=\"accelerometer; autoplay; clipboard-write; encrypted-media; gyroscope; picture-in-picture; web-share\" referrerpolicy=\"strict-origin-when-cross-origin\" allowfullscreen><\/iframe>[\/et_pb_code][et_pb_text admin_label=\u00bbText\u00bb _builder_version=\u00bb4.14.4&#8243; _module_preset=\u00bbdefault\u00bb global_colors_info=\u00bb{}\u00bb]Un a\u00f1o m\u00e1s,  llega la semana que nos une a todas las bilbotarras, con 9\u00a0d\u00edas\u00a0de\u00a0disfrute,\u00a09\u00a0d\u00edas\u00a0de\u00a0alegr\u00eda,\u00a0una\u00a0semana\u00a0para\u00a0poner\u00a0a Bilbo\u00a0en\u00a0el\u00a0centro\u00a0del\u00a0mundo, nuestra Aste Nagusia. Una semana en la que volvemos a demostrar que, en un ambiente festivo, somos capaces de extender nuestras reivindicaciones a los cuatro vientos. <\/p>\n<p>Estamos aqu\u00ed para dar a conocer la manifestaci\u00f3n que hemos organizado las kompartsas de Bilbo y Sare Herritarra bajo el lema \u00abEtxera\u00bb. Lamentablemente, nos vemos en la obligaci\u00f3n de convocar un a\u00f1o m\u00e1s esta movilizaci\u00f3n ya que todav\u00eda queda mucho camino para conseguir normalizar la situaci\u00f3n de las presas y de los presos y de las refugiadas y de los refugiados.<\/p>\n<p>Hemos estado m\u00e1s de 34 a\u00f1os pidiendo el fin de la pol\u00edtica de alejamiento porque era inhumana, vengativa y cruel. Pero la superaci\u00f3n de esta pol\u00edtica de alejamiento, no ha supuesto el fin de la vulneraci\u00f3n de los derechos de los y las presas vascas, porque las medidas de excepci\u00f3n y las vulneraciones de derechos que obstaculizan el camino a casa siguen siendo la norma.<\/p>\n<p>Actitudes basadas en la venganza que pretenden frustrar la soluci\u00f3n y anclar a este pueblo en el pasado. No nos cansamos de repetir que no pedimos ning\u00fan privilegio: es el momento de desactivar la excepcionalidad, aplicar la legislaci\u00f3n ordinaria y dejar de obstaculizar el recorrido que por derecho les corresponde.<\/p>\n<p>Los queremos en casa. S\u00ed, A CASA. Para avanzar en el camino de la convivencia, debemos dar soluci\u00f3n a la cuesti\u00f3n de los y las presas, exiliadas y deportadas vascas. Y para que ese objetivo sea una realidad os necesitamos a todos y a todas.<\/p>\n<p>En\u00a0este\u00a0sentido,\u00a0el\u00a023\u00a0de\u00a0agosto,\u00a0llamamos\u00a0a\u00a0la\u00a0sociedad\u00a0a participar\u00a0en\u00a0el\u00a0\u201cBizkaiko\u00a0Etxera\u00a0eguna\u201d,\u00a0que la reivindicaci\u00f3n A CASA, ETXERA, pase a ser una realidad. <\/p>\n<p>El d\u00eda comenzar\u00e1 a las 13:00 con una manifestaci\u00f3n desde la plaza el\u00edptica hasta el Ayuntamiento.<\/p>\n<p>A las 15:00 se celebrar\u00e1 una comida popular en el recinto festivo. Y para terminar, a partir de las 17:30, en la parte trasera del Arriaga, habr\u00e1 una romer\u00eda y un peque\u00f1o acto. \u00a0<\/p>\n<p>\u00a1Entre todos lo conseguiremos![\/et_pb_text][et_pb_image src=\u00bbhttps:\/\/sare.eus\/wp-content\/uploads\/2024\/08\/photo_5886258757002971162_y.jpg\u00bb title_text=\u00bbphoto_5886258757002971162_y\u00bb _builder_version=\u00bb4.14.4&#8243; _module_preset=\u00bbdefault\u00bb global_colors_info=\u00bb{}\u00bb][\/et_pb_image][\/et_pb_column][\/et_pb_row][\/et_pb_section]<\/p>\n","protected":false},"excerpt":{"rendered":"<p>Un a\u00f1o m\u00e1s, llega la semana que nos une a todas las bilbotarras, con 9\u00a0d\u00edas\u00a0de\u00a0disfrute,\u00a09\u00a0d\u00edas\u00a0de\u00a0alegr\u00eda,\u00a0una\u00a0semana\u00a0para\u00a0poner\u00a0a Bilbo\u00a0en\u00a0el\u00a0centro\u00a0del\u00a0mundo, nuestra Aste Nagusia. Una semana en la que volvemos a demostrar que, en un [&hellip;]<\/p>\n","protected":false},"author":2,"featured_media":6220,"comment_status":"closed","ping_status":"closed","sticky":false,"template":"","format":"standard","meta":{"_acf_changed":false,"_et_pb_use_builder":"on","_et_pb_old_content":"","_et_gb_content_width":"","footnotes":""},"categories":[60],"tags":[],"class_list":["post-6226","post","type-post","status-publish","format-standard","has-post-thumbnail","hentry","category-etxera-es","et-has-post-format-content","et_post_format-et-post-format-standard"],"acf":[],"yoast_head":"<!-- This site is optimized with the Yoast SEO plugin v26.4 - https:\/\/yoast.com\/wordpress\/plugins\/seo\/ -->\n<title>Bajo el lema &quot;Etxera&quot;, en la Aste Nagusia de Bilbao se celebrar\u00e1 el d\u00eda 23 una movilizaci\u00f3n en defensa de los derechos de los presos - Sare Herritarra<\/title>\n<meta name=\"robots\" content=\"index, follow, max-snippet:-1, max-image-preview:large, max-video-preview:-1\" \/>\n<link rel=\"canonical\" href=\"https:\/\/sare.eus\/es\/bajo-el-lema-etxera-en-la-aste-nagusia-de-bilbao-se-celebrara-el-dia-23-una-movilizacion-en-defensa-de-los-derechos-de-los-presos\/\" \/>\n<meta property=\"og:locale\" content=\"es_ES\" \/>\n<meta property=\"og:type\" content=\"article\" \/>\n<meta property=\"og:title\" content=\"Bajo el lema &quot;Etxera&quot;, en la Aste Nagusia de Bilbao se celebrar\u00e1 el d\u00eda 23 una movilizaci\u00f3n en defensa de los derechos de los presos - Sare Herritarra\" \/>\n<meta property=\"og:description\" content=\"Un a\u00f1o m\u00e1s, llega la semana que nos une a todas las bilbotarras, con 9\u00a0d\u00edas\u00a0de\u00a0disfrute,\u00a09\u00a0d\u00edas\u00a0de\u00a0alegr\u00eda,\u00a0una\u00a0semana\u00a0para\u00a0poner\u00a0a Bilbo\u00a0en\u00a0el\u00a0centro\u00a0del\u00a0mundo, nuestra Aste Nagusia. Una semana en la que volvemos a demostrar que, en un [&hellip;]\" \/>\n<meta property=\"og:url\" content=\"https:\/\/sare.eus\/es\/bajo-el-lema-etxera-en-la-aste-nagusia-de-bilbao-se-celebrara-el-dia-23-una-movilizacion-en-defensa-de-los-derechos-de-los-presos\/\" \/>\n<meta property=\"og:site_name\" content=\"Sare Herritarra\" \/>\n<meta property=\"article:published_time\" content=\"2024-08-12T11:27:32+00:00\" \/>\n<meta property=\"article:modified_time\" content=\"2024-08-12T12:25:18+00:00\" \/>\n<meta property=\"og:image\" content=\"https:\/\/sare.eus\/wp-content\/uploads\/2024\/08\/photo_5895306204396242651_y.jpg\" \/>\n\t<meta property=\"og:image:width\" content=\"1280\" \/>\n\t<meta property=\"og:image:height\" content=\"789\" \/>\n\t<meta property=\"og:image:type\" content=\"image\/jpeg\" \/>\n<meta name=\"author\" content=\"sare\" \/>\n<meta name=\"twitter:card\" content=\"summary_large_image\" \/>\n<meta name=\"twitter:label1\" content=\"Escrito por\" \/>\n\t<meta name=\"twitter:data1\" content=\"sare\" \/>\n\t<meta name=\"twitter:label2\" content=\"Tiempo de lectura\" \/>\n\t<meta name=\"twitter:data2\" content=\"2 minutos\" \/>\n<script type=\"application\/ld+json\" class=\"yoast-schema-graph\">{\"@context\":\"https:\/\/schema.org\",\"@graph\":[{\"@type\":\"Article\",\"@id\":\"https:\/\/sare.eus\/es\/bajo-el-lema-etxera-en-la-aste-nagusia-de-bilbao-se-celebrara-el-dia-23-una-movilizacion-en-defensa-de-los-derechos-de-los-presos\/#article\",\"isPartOf\":{\"@id\":\"https:\/\/sare.eus\/es\/bajo-el-lema-etxera-en-la-aste-nagusia-de-bilbao-se-celebrara-el-dia-23-una-movilizacion-en-defensa-de-los-derechos-de-los-presos\/\"},\"author\":{\"name\":\"sare\",\"@id\":\"https:\/\/sare.eus\/#\/schema\/person\/2fe6d0df294f56313d3ab236dbe38e17\"},\"headline\":\"Bajo el lema \u00abEtxera\u00bb, en la Aste Nagusia de Bilbao se celebrar\u00e1 el d\u00eda 23 una movilizaci\u00f3n en defensa de los derechos de los presos\",\"datePublished\":\"2024-08-12T11:27:32+00:00\",\"dateModified\":\"2024-08-12T12:25:18+00:00\",\"mainEntityOfPage\":{\"@id\":\"https:\/\/sare.eus\/es\/bajo-el-lema-etxera-en-la-aste-nagusia-de-bilbao-se-celebrara-el-dia-23-una-movilizacion-en-defensa-de-los-derechos-de-los-presos\/\"},\"wordCount\":518,\"publisher\":{\"@id\":\"https:\/\/sare.eus\/#organization\"},\"image\":{\"@id\":\"https:\/\/sare.eus\/es\/bajo-el-lema-etxera-en-la-aste-nagusia-de-bilbao-se-celebrara-el-dia-23-una-movilizacion-en-defensa-de-los-derechos-de-los-presos\/#primaryimage\"},\"thumbnailUrl\":\"https:\/\/sare.eus\/wp-content\/uploads\/2024\/08\/photo_5895306204396242651_y.jpg\",\"articleSection\":[\"Etxera\"],\"inLanguage\":\"es\"},{\"@type\":\"WebPage\",\"@id\":\"https:\/\/sare.eus\/es\/bajo-el-lema-etxera-en-la-aste-nagusia-de-bilbao-se-celebrara-el-dia-23-una-movilizacion-en-defensa-de-los-derechos-de-los-presos\/\",\"url\":\"https:\/\/sare.eus\/es\/bajo-el-lema-etxera-en-la-aste-nagusia-de-bilbao-se-celebrara-el-dia-23-una-movilizacion-en-defensa-de-los-derechos-de-los-presos\/\",\"name\":\"Bajo el lema \\\"Etxera\\\", en la Aste Nagusia de Bilbao se celebrar\u00e1 el d\u00eda 23 una movilizaci\u00f3n en defensa de los derechos de los presos - Sare Herritarra\",\"isPartOf\":{\"@id\":\"https:\/\/sare.eus\/#website\"},\"primaryImageOfPage\":{\"@id\":\"https:\/\/sare.eus\/es\/bajo-el-lema-etxera-en-la-aste-nagusia-de-bilbao-se-celebrara-el-dia-23-una-movilizacion-en-defensa-de-los-derechos-de-los-presos\/#primaryimage\"},\"image\":{\"@id\":\"https:\/\/sare.eus\/es\/bajo-el-lema-etxera-en-la-aste-nagusia-de-bilbao-se-celebrara-el-dia-23-una-movilizacion-en-defensa-de-los-derechos-de-los-presos\/#primaryimage\"},\"thumbnailUrl\":\"https:\/\/sare.eus\/wp-content\/uploads\/2024\/08\/photo_5895306204396242651_y.jpg\",\"datePublished\":\"2024-08-12T11:27:32+00:00\",\"dateModified\":\"2024-08-12T12:25:18+00:00\",\"breadcrumb\":{\"@id\":\"https:\/\/sare.eus\/es\/bajo-el-lema-etxera-en-la-aste-nagusia-de-bilbao-se-celebrara-el-dia-23-una-movilizacion-en-defensa-de-los-derechos-de-los-presos\/#breadcrumb\"},\"inLanguage\":\"es\",\"potentialAction\":[{\"@type\":\"ReadAction\",\"target\":[\"https:\/\/sare.eus\/es\/bajo-el-lema-etxera-en-la-aste-nagusia-de-bilbao-se-celebrara-el-dia-23-una-movilizacion-en-defensa-de-los-derechos-de-los-presos\/\"]}]},{\"@type\":\"ImageObject\",\"inLanguage\":\"es\",\"@id\":\"https:\/\/sare.eus\/es\/bajo-el-lema-etxera-en-la-aste-nagusia-de-bilbao-se-celebrara-el-dia-23-una-movilizacion-en-defensa-de-los-derechos-de-los-presos\/#primaryimage\",\"url\":\"https:\/\/sare.eus\/wp-content\/uploads\/2024\/08\/photo_5895306204396242651_y.jpg\",\"contentUrl\":\"https:\/\/sare.eus\/wp-content\/uploads\/2024\/08\/photo_5895306204396242651_y.jpg\",\"width\":1280,\"height\":789},{\"@type\":\"BreadcrumbList\",\"@id\":\"https:\/\/sare.eus\/es\/bajo-el-lema-etxera-en-la-aste-nagusia-de-bilbao-se-celebrara-el-dia-23-una-movilizacion-en-defensa-de-los-derechos-de-los-presos\/#breadcrumb\",\"itemListElement\":[{\"@type\":\"ListItem\",\"position\":1,\"name\":\"Home\",\"item\":\"https:\/\/sare.eus\/\"},{\"@type\":\"ListItem\",\"position\":2,\"name\":\"Bajo el lema \u00abEtxera\u00bb, en la Aste Nagusia de Bilbao se celebrar\u00e1 el d\u00eda 23 una movilizaci\u00f3n en defensa de los derechos de los presos\"}]},{\"@type\":\"WebSite\",\"@id\":\"https:\/\/sare.eus\/#website\",\"url\":\"https:\/\/sare.eus\/\",\"name\":\"Sare Herritarra\",\"description\":\"KONPONBIDEAREN ETA GIZA ESKUBIDEEN ALDEKO SARE HERRITARRA\",\"publisher\":{\"@id\":\"https:\/\/sare.eus\/#organization\"},\"potentialAction\":[{\"@type\":\"SearchAction\",\"target\":{\"@type\":\"EntryPoint\",\"urlTemplate\":\"https:\/\/sare.eus\/?s={search_term_string}\"},\"query-input\":{\"@type\":\"PropertyValueSpecification\",\"valueRequired\":true,\"valueName\":\"search_term_string\"}}],\"inLanguage\":\"es\"},{\"@type\":\"Organization\",\"@id\":\"https:\/\/sare.eus\/#organization\",\"name\":\"Sare Herritarra\",\"url\":\"https:\/\/sare.eus\/\",\"logo\":{\"@type\":\"ImageObject\",\"inLanguage\":\"es\",\"@id\":\"https:\/\/sare.eus\/#\/schema\/logo\/image\/\",\"url\":\"https:\/\/sare.eus\/wp-content\/uploads\/2021\/08\/sare.png\",\"contentUrl\":\"https:\/\/sare.eus\/wp-content\/uploads\/2021\/08\/sare.png\",\"width\":120,\"height\":142,\"caption\":\"Sare Herritarra\"},\"image\":{\"@id\":\"https:\/\/sare.eus\/#\/schema\/logo\/image\/\"}},{\"@type\":\"Person\",\"@id\":\"https:\/\/sare.eus\/#\/schema\/person\/2fe6d0df294f56313d3ab236dbe38e17\",\"name\":\"sare\",\"image\":{\"@type\":\"ImageObject\",\"inLanguage\":\"es\",\"@id\":\"https:\/\/sare.eus\/#\/schema\/person\/image\/\",\"url\":\"https:\/\/secure.gravatar.com\/avatar\/77cad838677ceb1977e7b3c878b55eaa7fa4aae2158983063b047c3ad7ef2c25?s=96&d=mm&r=g\",\"contentUrl\":\"https:\/\/secure.gravatar.com\/avatar\/77cad838677ceb1977e7b3c878b55eaa7fa4aae2158983063b047c3ad7ef2c25?s=96&d=mm&r=g\",\"caption\":\"sare\"},\"url\":\"https:\/\/sare.eus\/es\/author\/sare\/\"}]}<\/script>\n<!-- \/ Yoast SEO plugin. -->","yoast_head_json":{"title":"Bajo el lema \"Etxera\", en la Aste Nagusia de Bilbao se celebrar\u00e1 el d\u00eda 23 una movilizaci\u00f3n en defensa de los derechos de los presos - Sare Herritarra","robots":{"index":"index","follow":"follow","max-snippet":"max-snippet:-1","max-image-preview":"max-image-preview:large","max-video-preview":"max-video-preview:-1"},"canonical":"https:\/\/sare.eus\/es\/bajo-el-lema-etxera-en-la-aste-nagusia-de-bilbao-se-celebrara-el-dia-23-una-movilizacion-en-defensa-de-los-derechos-de-los-presos\/","og_locale":"es_ES","og_type":"article","og_title":"Bajo el lema \"Etxera\", en la Aste Nagusia de Bilbao se celebrar\u00e1 el d\u00eda 23 una movilizaci\u00f3n en defensa de los derechos de los presos - Sare Herritarra","og_description":"Un a\u00f1o m\u00e1s, llega la semana que nos une a todas las bilbotarras, con 9\u00a0d\u00edas\u00a0de\u00a0disfrute,\u00a09\u00a0d\u00edas\u00a0de\u00a0alegr\u00eda,\u00a0una\u00a0semana\u00a0para\u00a0poner\u00a0a Bilbo\u00a0en\u00a0el\u00a0centro\u00a0del\u00a0mundo, nuestra Aste Nagusia. Una semana en la que volvemos a demostrar que, en un [&hellip;]","og_url":"https:\/\/sare.eus\/es\/bajo-el-lema-etxera-en-la-aste-nagusia-de-bilbao-se-celebrara-el-dia-23-una-movilizacion-en-defensa-de-los-derechos-de-los-presos\/","og_site_name":"Sare Herritarra","article_published_time":"2024-08-12T11:27:32+00:00","article_modified_time":"2024-08-12T12:25:18+00:00","og_image":[{"width":1280,"height":789,"url":"https:\/\/sare.eus\/wp-content\/uploads\/2024\/08\/photo_5895306204396242651_y.jpg","type":"image\/jpeg"}],"author":"sare","twitter_card":"summary_large_image","twitter_misc":{"Escrito por":"sare","Tiempo de lectura":"2 minutos"},"schema":{"@context":"https:\/\/schema.org","@graph":[{"@type":"Article","@id":"https:\/\/sare.eus\/es\/bajo-el-lema-etxera-en-la-aste-nagusia-de-bilbao-se-celebrara-el-dia-23-una-movilizacion-en-defensa-de-los-derechos-de-los-presos\/#article","isPartOf":{"@id":"https:\/\/sare.eus\/es\/bajo-el-lema-etxera-en-la-aste-nagusia-de-bilbao-se-celebrara-el-dia-23-una-movilizacion-en-defensa-de-los-derechos-de-los-presos\/"},"author":{"name":"sare","@id":"https:\/\/sare.eus\/#\/schema\/person\/2fe6d0df294f56313d3ab236dbe38e17"},"headline":"Bajo el lema \u00abEtxera\u00bb, en la Aste Nagusia de Bilbao se celebrar\u00e1 el d\u00eda 23 una movilizaci\u00f3n en defensa de los derechos de los presos","datePublished":"2024-08-12T11:27:32+00:00","dateModified":"2024-08-12T12:25:18+00:00","mainEntityOfPage":{"@id":"https:\/\/sare.eus\/es\/bajo-el-lema-etxera-en-la-aste-nagusia-de-bilbao-se-celebrara-el-dia-23-una-movilizacion-en-defensa-de-los-derechos-de-los-presos\/"},"wordCount":518,"publisher":{"@id":"https:\/\/sare.eus\/#organization"},"image":{"@id":"https:\/\/sare.eus\/es\/bajo-el-lema-etxera-en-la-aste-nagusia-de-bilbao-se-celebrara-el-dia-23-una-movilizacion-en-defensa-de-los-derechos-de-los-presos\/#primaryimage"},"thumbnailUrl":"https:\/\/sare.eus\/wp-content\/uploads\/2024\/08\/photo_5895306204396242651_y.jpg","articleSection":["Etxera"],"inLanguage":"es"},{"@type":"WebPage","@id":"https:\/\/sare.eus\/es\/bajo-el-lema-etxera-en-la-aste-nagusia-de-bilbao-se-celebrara-el-dia-23-una-movilizacion-en-defensa-de-los-derechos-de-los-presos\/","url":"https:\/\/sare.eus\/es\/bajo-el-lema-etxera-en-la-aste-nagusia-de-bilbao-se-celebrara-el-dia-23-una-movilizacion-en-defensa-de-los-derechos-de-los-presos\/","name":"Bajo el lema \"Etxera\", en la Aste Nagusia de Bilbao se celebrar\u00e1 el d\u00eda 23 una movilizaci\u00f3n en defensa de los derechos de los presos - Sare Herritarra","isPartOf":{"@id":"https:\/\/sare.eus\/#website"},"primaryImageOfPage":{"@id":"https:\/\/sare.eus\/es\/bajo-el-lema-etxera-en-la-aste-nagusia-de-bilbao-se-celebrara-el-dia-23-una-movilizacion-en-defensa-de-los-derechos-de-los-presos\/#primaryimage"},"image":{"@id":"https:\/\/sare.eus\/es\/bajo-el-lema-etxera-en-la-aste-nagusia-de-bilbao-se-celebrara-el-dia-23-una-movilizacion-en-defensa-de-los-derechos-de-los-presos\/#primaryimage"},"thumbnailUrl":"https:\/\/sare.eus\/wp-content\/uploads\/2024\/08\/photo_5895306204396242651_y.jpg","datePublished":"2024-08-12T11:27:32+00:00","dateModified":"2024-08-12T12:25:18+00:00","breadcrumb":{"@id":"https:\/\/sare.eus\/es\/bajo-el-lema-etxera-en-la-aste-nagusia-de-bilbao-se-celebrara-el-dia-23-una-movilizacion-en-defensa-de-los-derechos-de-los-presos\/#breadcrumb"},"inLanguage":"es","potentialAction":[{"@type":"ReadAction","target":["https:\/\/sare.eus\/es\/bajo-el-lema-etxera-en-la-aste-nagusia-de-bilbao-se-celebrara-el-dia-23-una-movilizacion-en-defensa-de-los-derechos-de-los-presos\/"]}]},{"@type":"ImageObject","inLanguage":"es","@id":"https:\/\/sare.eus\/es\/bajo-el-lema-etxera-en-la-aste-nagusia-de-bilbao-se-celebrara-el-dia-23-una-movilizacion-en-defensa-de-los-derechos-de-los-presos\/#primaryimage","url":"https:\/\/sare.eus\/wp-content\/uploads\/2024\/08\/photo_5895306204396242651_y.jpg","contentUrl":"https:\/\/sare.eus\/wp-content\/uploads\/2024\/08\/photo_5895306204396242651_y.jpg","width":1280,"height":789},{"@type":"BreadcrumbList","@id":"https:\/\/sare.eus\/es\/bajo-el-lema-etxera-en-la-aste-nagusia-de-bilbao-se-celebrara-el-dia-23-una-movilizacion-en-defensa-de-los-derechos-de-los-presos\/#breadcrumb","itemListElement":[{"@type":"ListItem","position":1,"name":"Home","item":"https:\/\/sare.eus\/"},{"@type":"ListItem","position":2,"name":"Bajo el lema \u00abEtxera\u00bb, en la Aste Nagusia de Bilbao se celebrar\u00e1 el d\u00eda 23 una movilizaci\u00f3n en defensa de los derechos de los presos"}]},{"@type":"WebSite","@id":"https:\/\/sare.eus\/#website","url":"https:\/\/sare.eus\/","name":"Sare Herritarra","description":"KONPONBIDEAREN ETA GIZA ESKUBIDEEN ALDEKO SARE HERRITARRA","publisher":{"@id":"https:\/\/sare.eus\/#organization"},"potentialAction":[{"@type":"SearchAction","target":{"@type":"EntryPoint","urlTemplate":"https:\/\/sare.eus\/?s={search_term_string}"},"query-input":{"@type":"PropertyValueSpecification","valueRequired":true,"valueName":"search_term_string"}}],"inLanguage":"es"},{"@type":"Organization","@id":"https:\/\/sare.eus\/#organization","name":"Sare Herritarra","url":"https:\/\/sare.eus\/","logo":{"@type":"ImageObject","inLanguage":"es","@id":"https:\/\/sare.eus\/#\/schema\/logo\/image\/","url":"https:\/\/sare.eus\/wp-content\/uploads\/2021\/08\/sare.png","contentUrl":"https:\/\/sare.eus\/wp-content\/uploads\/2021\/08\/sare.png","width":120,"height":142,"caption":"Sare Herritarra"},"image":{"@id":"https:\/\/sare.eus\/#\/schema\/logo\/image\/"}},{"@type":"Person","@id":"https:\/\/sare.eus\/#\/schema\/person\/2fe6d0df294f56313d3ab236dbe38e17","name":"sare","image":{"@type":"ImageObject","inLanguage":"es","@id":"https:\/\/sare.eus\/#\/schema\/person\/image\/","url":"https:\/\/secure.gravatar.com\/avatar\/77cad838677ceb1977e7b3c878b55eaa7fa4aae2158983063b047c3ad7ef2c25?s=96&d=mm&r=g","contentUrl":"https:\/\/secure.gravatar.com\/avatar\/77cad838677ceb1977e7b3c878b55eaa7fa4aae2158983063b047c3ad7ef2c25?s=96&d=mm&r=g","caption":"sare"},"url":"https:\/\/sare.eus\/es\/author\/sare\/"}]}},"_links":{"self":[{"href":"https:\/\/sare.eus\/es\/wp-json\/wp\/v2\/posts\/6226","targetHints":{"allow":["GET"]}}],"collection":[{"href":"https:\/\/sare.eus\/es\/wp-json\/wp\/v2\/posts"}],"about":[{"href":"https:\/\/sare.eus\/es\/wp-json\/wp\/v2\/types\/post"}],"author":[{"embeddable":true,"href":"https:\/\/sare.eus\/es\/wp-json\/wp\/v2\/users\/2"}],"replies":[{"embeddable":true,"href":"https:\/\/sare.eus\/es\/wp-json\/wp\/v2\/comments?post=6226"}],"version-history":[{"count":3,"href":"https:\/\/sare.eus\/es\/wp-json\/wp\/v2\/posts\/6226\/revisions"}],"predecessor-version":[{"id":6231,"href":"https:\/\/sare.eus\/es\/wp-json\/wp\/v2\/posts\/6226\/revisions\/6231"}],"wp:featuredmedia":[{"embeddable":true,"href":"https:\/\/sare.eus\/es\/wp-json\/wp\/v2\/media\/6220"}],"wp:attachment":[{"href":"https:\/\/sare.eus\/es\/wp-json\/wp\/v2\/media?parent=6226"}],"wp:term":[{"taxonomy":"category","embeddable":true,"href":"https:\/\/sare.eus\/es\/wp-json\/wp\/v2\/categories?post=6226"},{"taxonomy":"post_tag","embeddable":true,"href":"https:\/\/sare.eus\/es\/wp-json\/wp\/v2\/tags?post=6226"}],"curies":[{"name":"wp","href":"https:\/\/api.w.org\/{rel}","templated":true}]}}