{"id":6196,"date":"2024-08-04T11:13:37","date_gmt":"2024-08-04T11:13:37","guid":{"rendered":"https:\/\/sare.eus\/?p=6196"},"modified":"2024-08-04T11:13:37","modified_gmt":"2024-08-04T11:13:37","slug":"piden-la-vuelta-a-casa-de-presos-exiliados-y-deportados-vascos-en-6-playas-de-hego-euskal-herria","status":"publish","type":"post","link":"https:\/\/sare.eus\/es\/piden-la-vuelta-a-casa-de-presos-exiliados-y-deportados-vascos-en-6-playas-de-hego-euskal-herria\/","title":{"rendered":"Piden la vuelta a casa de presos, exiliados y deportados vascos en 6 playas de Hego Euskal Herria"},"content":{"rendered":"<p>Hoy, como todos los a\u00f1os, y dentro de la campa\u00f1a de verano, estamos llevando nuestra reivindicaci\u00f3n a diferentes playas de Hego Euskal Herria. Este a\u00f1o, sin embargo, la movilizaci\u00f3n organizada por Etxerat tiene novedades. Este a\u00f1o hemos organizado junto a Sare Herritarra una movilizaci\u00f3n que cada a\u00f1o llena las playas de Hego Euskal Herria reclamando la vuelta a casa de presas y presos, huidas y deportadas vascas. Unir fuerzas es imprescindible en esta nueva fase. Por el mismo camino que conseguimos poner fin a la dispersi\u00f3n, conseguiremos que el proceso de vuelta a casa tambi\u00e9n lo sea.<\/p>\n<p>Hoy en las playas de Bakio, Laida, Lekeitio, Mutriku, Orio y Donostia, nos hemos reunido para reivindicar la necesidad de dar soluci\u00f3n a las consecuencias que ha dejado el conflicto en este pa\u00eds. Para reivindicar, pero tambi\u00e9n para exigir, que la sociedad vasca debe avanzar, y para ello es necesario dar una salida al proceso de resoluci\u00f3n de las consecuencias del conflicto y abrir las puertas a la convivencia.<\/p>\n<p>Es necesario acabar con el sufrimiento y la injusticia que siguen causando las consecuencias creadas por el conflicto. En esta \u00faltima d\u00e9cada la sociedad vasca ha dejado clara su disposici\u00f3n a dar una salida integral a todas las consecuencias. Para construir una convivencia s\u00f3lida hay que acabar con todo tipo de sufrimientos: dar una salida definitiva a la cuesti\u00f3n de las personas presas, huidas y deportadas; y reconocer el dolor de las v\u00edctimas de todas las violencias vividas en este pa\u00eds.<br \/>\nEn ese sentido, la derogaci\u00f3n de la legislaci\u00f3n de excepci\u00f3n actualmente vigente, y que prolonga m\u00e1s de lo necesario la pena\/sufrimiento, es necesaria para la soluci\u00f3n.<\/p>\n<p>Por tanto, llevemos la reivindicaci\u00f3n de ETXERA a todos los rincones de nuestro pueblo. Hoy, desde estas playas de Bakio, Laida, Lekeitio, Mutriku, Orio y Donostia gritamos alto y claro que los queremos en casa. Toca que \u201cETXERA\u201d pase de ser una reivindicaci\u00f3n a convertirse en un logro de todas y todos. Un avance del que todas podamos sentirnos satisfechas y todas ganemos. S\u00ed, todas ganamos cuando se acaba con la conculcaci\u00f3n de derechos; todas ganamos cuando se acaba con las pol\u00edticas de excepci\u00f3n y de venganza; todas ganamos cuando sacamos sufrimiento de la ecuaci\u00f3n pol\u00edtica para abrir paso de par en par a escenarios de convivencia, a escenarios de memoria inclusiva, a escenarios de reencuentro.<\/p>\n<p><strong>\u00a1Tambi\u00e9n desde las playas, PRESO, IHESLARI ETA DEPORTATUAK ETXERA!<\/strong><\/p>\n","protected":false},"excerpt":{"rendered":"<p>Hoy, como todos los a\u00f1os, y dentro de la campa\u00f1a de verano, estamos llevando nuestra reivindicaci\u00f3n a diferentes playas de Hego Euskal Herria. Este a\u00f1o, sin embargo, la movilizaci\u00f3n organizada [&hellip;]<\/p>\n","protected":false},"author":2,"featured_media":6202,"comment_status":"closed","ping_status":"closed","sticky":false,"template":"","format":"standard","meta":{"_acf_changed":false,"_et_pb_use_builder":"","_et_pb_old_content":"","_et_gb_content_width":"","footnotes":""},"categories":[60],"tags":[],"class_list":["post-6196","post","type-post","status-publish","format-standard","has-post-thumbnail","hentry","category-etxera-es","et-has-post-format-content","et_post_format-et-post-format-standard"],"acf":[],"yoast_head":"<!-- This site is optimized with the Yoast SEO plugin v26.4 - https:\/\/yoast.com\/wordpress\/plugins\/seo\/ -->\n<title>Piden la vuelta a casa de presos, exiliados y deportados vascos en 6 playas de Hego Euskal Herria - Sare Herritarra<\/title>\n<meta name=\"robots\" content=\"index, follow, max-snippet:-1, max-image-preview:large, max-video-preview:-1\" \/>\n<link rel=\"canonical\" href=\"https:\/\/sare.eus\/es\/piden-la-vuelta-a-casa-de-presos-exiliados-y-deportados-vascos-en-6-playas-de-hego-euskal-herria\/\" \/>\n<meta property=\"og:locale\" content=\"es_ES\" \/>\n<meta property=\"og:type\" content=\"article\" \/>\n<meta property=\"og:title\" content=\"Piden la vuelta a casa de presos, exiliados y deportados vascos en 6 playas de Hego Euskal Herria - Sare Herritarra\" \/>\n<meta property=\"og:description\" content=\"Hoy, como todos los a\u00f1os, y dentro de la campa\u00f1a de verano, estamos llevando nuestra reivindicaci\u00f3n a diferentes playas de Hego Euskal Herria. Este a\u00f1o, sin embargo, la movilizaci\u00f3n organizada [&hellip;]\" \/>\n<meta property=\"og:url\" content=\"https:\/\/sare.eus\/es\/piden-la-vuelta-a-casa-de-presos-exiliados-y-deportados-vascos-en-6-playas-de-hego-euskal-herria\/\" \/>\n<meta property=\"og:site_name\" content=\"Sare Herritarra\" \/>\n<meta property=\"article:published_time\" content=\"2024-08-04T11:13:37+00:00\" \/>\n<meta property=\"og:image\" content=\"https:\/\/sare.eus\/wp-content\/uploads\/2024\/08\/20240804_sare-donostia-hondartzak-web.jpg\" \/>\n\t<meta property=\"og:image:width\" content=\"1280\" \/>\n\t<meta property=\"og:image:height\" content=\"960\" \/>\n\t<meta property=\"og:image:type\" content=\"image\/jpeg\" \/>\n<meta name=\"author\" content=\"sare\" \/>\n<meta name=\"twitter:card\" content=\"summary_large_image\" \/>\n<meta name=\"twitter:label1\" content=\"Escrito por\" \/>\n\t<meta name=\"twitter:data1\" content=\"sare\" \/>\n\t<meta name=\"twitter:label2\" content=\"Tiempo de lectura\" \/>\n\t<meta name=\"twitter:data2\" content=\"2 minutos\" \/>\n<script type=\"application\/ld+json\" class=\"yoast-schema-graph\">{\"@context\":\"https:\/\/schema.org\",\"@graph\":[{\"@type\":\"Article\",\"@id\":\"https:\/\/sare.eus\/es\/piden-la-vuelta-a-casa-de-presos-exiliados-y-deportados-vascos-en-6-playas-de-hego-euskal-herria\/#article\",\"isPartOf\":{\"@id\":\"https:\/\/sare.eus\/es\/piden-la-vuelta-a-casa-de-presos-exiliados-y-deportados-vascos-en-6-playas-de-hego-euskal-herria\/\"},\"author\":{\"name\":\"sare\",\"@id\":\"https:\/\/sare.eus\/#\/schema\/person\/2fe6d0df294f56313d3ab236dbe38e17\"},\"headline\":\"Piden la vuelta a casa de presos, exiliados y deportados vascos en 6 playas de Hego Euskal Herria\",\"datePublished\":\"2024-08-04T11:13:37+00:00\",\"mainEntityOfPage\":{\"@id\":\"https:\/\/sare.eus\/es\/piden-la-vuelta-a-casa-de-presos-exiliados-y-deportados-vascos-en-6-playas-de-hego-euskal-herria\/\"},\"wordCount\":449,\"publisher\":{\"@id\":\"https:\/\/sare.eus\/#organization\"},\"image\":{\"@id\":\"https:\/\/sare.eus\/es\/piden-la-vuelta-a-casa-de-presos-exiliados-y-deportados-vascos-en-6-playas-de-hego-euskal-herria\/#primaryimage\"},\"thumbnailUrl\":\"https:\/\/sare.eus\/wp-content\/uploads\/2024\/08\/20240804_sare-donostia-hondartzak-web.jpg\",\"articleSection\":[\"Etxera\"],\"inLanguage\":\"es\"},{\"@type\":\"WebPage\",\"@id\":\"https:\/\/sare.eus\/es\/piden-la-vuelta-a-casa-de-presos-exiliados-y-deportados-vascos-en-6-playas-de-hego-euskal-herria\/\",\"url\":\"https:\/\/sare.eus\/es\/piden-la-vuelta-a-casa-de-presos-exiliados-y-deportados-vascos-en-6-playas-de-hego-euskal-herria\/\",\"name\":\"Piden la vuelta a casa de presos, exiliados y deportados vascos en 6 playas de Hego Euskal Herria - Sare Herritarra\",\"isPartOf\":{\"@id\":\"https:\/\/sare.eus\/#website\"},\"primaryImageOfPage\":{\"@id\":\"https:\/\/sare.eus\/es\/piden-la-vuelta-a-casa-de-presos-exiliados-y-deportados-vascos-en-6-playas-de-hego-euskal-herria\/#primaryimage\"},\"image\":{\"@id\":\"https:\/\/sare.eus\/es\/piden-la-vuelta-a-casa-de-presos-exiliados-y-deportados-vascos-en-6-playas-de-hego-euskal-herria\/#primaryimage\"},\"thumbnailUrl\":\"https:\/\/sare.eus\/wp-content\/uploads\/2024\/08\/20240804_sare-donostia-hondartzak-web.jpg\",\"datePublished\":\"2024-08-04T11:13:37+00:00\",\"breadcrumb\":{\"@id\":\"https:\/\/sare.eus\/es\/piden-la-vuelta-a-casa-de-presos-exiliados-y-deportados-vascos-en-6-playas-de-hego-euskal-herria\/#breadcrumb\"},\"inLanguage\":\"es\",\"potentialAction\":[{\"@type\":\"ReadAction\",\"target\":[\"https:\/\/sare.eus\/es\/piden-la-vuelta-a-casa-de-presos-exiliados-y-deportados-vascos-en-6-playas-de-hego-euskal-herria\/\"]}]},{\"@type\":\"ImageObject\",\"inLanguage\":\"es\",\"@id\":\"https:\/\/sare.eus\/es\/piden-la-vuelta-a-casa-de-presos-exiliados-y-deportados-vascos-en-6-playas-de-hego-euskal-herria\/#primaryimage\",\"url\":\"https:\/\/sare.eus\/wp-content\/uploads\/2024\/08\/20240804_sare-donostia-hondartzak-web.jpg\",\"contentUrl\":\"https:\/\/sare.eus\/wp-content\/uploads\/2024\/08\/20240804_sare-donostia-hondartzak-web.jpg\",\"width\":1280,\"height\":960},{\"@type\":\"BreadcrumbList\",\"@id\":\"https:\/\/sare.eus\/es\/piden-la-vuelta-a-casa-de-presos-exiliados-y-deportados-vascos-en-6-playas-de-hego-euskal-herria\/#breadcrumb\",\"itemListElement\":[{\"@type\":\"ListItem\",\"position\":1,\"name\":\"Home\",\"item\":\"https:\/\/sare.eus\/\"},{\"@type\":\"ListItem\",\"position\":2,\"name\":\"Piden la vuelta a casa de presos, exiliados y deportados vascos en 6 playas de Hego Euskal Herria\"}]},{\"@type\":\"WebSite\",\"@id\":\"https:\/\/sare.eus\/#website\",\"url\":\"https:\/\/sare.eus\/\",\"name\":\"Sare Herritarra\",\"description\":\"KONPONBIDEAREN ETA GIZA ESKUBIDEEN ALDEKO SARE HERRITARRA\",\"publisher\":{\"@id\":\"https:\/\/sare.eus\/#organization\"},\"potentialAction\":[{\"@type\":\"SearchAction\",\"target\":{\"@type\":\"EntryPoint\",\"urlTemplate\":\"https:\/\/sare.eus\/?s={search_term_string}\"},\"query-input\":{\"@type\":\"PropertyValueSpecification\",\"valueRequired\":true,\"valueName\":\"search_term_string\"}}],\"inLanguage\":\"es\"},{\"@type\":\"Organization\",\"@id\":\"https:\/\/sare.eus\/#organization\",\"name\":\"Sare Herritarra\",\"url\":\"https:\/\/sare.eus\/\",\"logo\":{\"@type\":\"ImageObject\",\"inLanguage\":\"es\",\"@id\":\"https:\/\/sare.eus\/#\/schema\/logo\/image\/\",\"url\":\"https:\/\/sare.eus\/wp-content\/uploads\/2021\/08\/sare.png\",\"contentUrl\":\"https:\/\/sare.eus\/wp-content\/uploads\/2021\/08\/sare.png\",\"width\":120,\"height\":142,\"caption\":\"Sare Herritarra\"},\"image\":{\"@id\":\"https:\/\/sare.eus\/#\/schema\/logo\/image\/\"}},{\"@type\":\"Person\",\"@id\":\"https:\/\/sare.eus\/#\/schema\/person\/2fe6d0df294f56313d3ab236dbe38e17\",\"name\":\"sare\",\"image\":{\"@type\":\"ImageObject\",\"inLanguage\":\"es\",\"@id\":\"https:\/\/sare.eus\/#\/schema\/person\/image\/\",\"url\":\"https:\/\/secure.gravatar.com\/avatar\/77cad838677ceb1977e7b3c878b55eaa7fa4aae2158983063b047c3ad7ef2c25?s=96&d=mm&r=g\",\"contentUrl\":\"https:\/\/secure.gravatar.com\/avatar\/77cad838677ceb1977e7b3c878b55eaa7fa4aae2158983063b047c3ad7ef2c25?s=96&d=mm&r=g\",\"caption\":\"sare\"},\"url\":\"https:\/\/sare.eus\/es\/author\/sare\/\"}]}<\/script>\n<!-- \/ Yoast SEO plugin. -->","yoast_head_json":{"title":"Piden la vuelta a casa de presos, exiliados y deportados vascos en 6 playas de Hego Euskal Herria - Sare Herritarra","robots":{"index":"index","follow":"follow","max-snippet":"max-snippet:-1","max-image-preview":"max-image-preview:large","max-video-preview":"max-video-preview:-1"},"canonical":"https:\/\/sare.eus\/es\/piden-la-vuelta-a-casa-de-presos-exiliados-y-deportados-vascos-en-6-playas-de-hego-euskal-herria\/","og_locale":"es_ES","og_type":"article","og_title":"Piden la vuelta a casa de presos, exiliados y deportados vascos en 6 playas de Hego Euskal Herria - Sare Herritarra","og_description":"Hoy, como todos los a\u00f1os, y dentro de la campa\u00f1a de verano, estamos llevando nuestra reivindicaci\u00f3n a diferentes playas de Hego Euskal Herria. Este a\u00f1o, sin embargo, la movilizaci\u00f3n organizada [&hellip;]","og_url":"https:\/\/sare.eus\/es\/piden-la-vuelta-a-casa-de-presos-exiliados-y-deportados-vascos-en-6-playas-de-hego-euskal-herria\/","og_site_name":"Sare Herritarra","article_published_time":"2024-08-04T11:13:37+00:00","og_image":[{"width":1280,"height":960,"url":"https:\/\/sare.eus\/wp-content\/uploads\/2024\/08\/20240804_sare-donostia-hondartzak-web.jpg","type":"image\/jpeg"}],"author":"sare","twitter_card":"summary_large_image","twitter_misc":{"Escrito por":"sare","Tiempo de lectura":"2 minutos"},"schema":{"@context":"https:\/\/schema.org","@graph":[{"@type":"Article","@id":"https:\/\/sare.eus\/es\/piden-la-vuelta-a-casa-de-presos-exiliados-y-deportados-vascos-en-6-playas-de-hego-euskal-herria\/#article","isPartOf":{"@id":"https:\/\/sare.eus\/es\/piden-la-vuelta-a-casa-de-presos-exiliados-y-deportados-vascos-en-6-playas-de-hego-euskal-herria\/"},"author":{"name":"sare","@id":"https:\/\/sare.eus\/#\/schema\/person\/2fe6d0df294f56313d3ab236dbe38e17"},"headline":"Piden la vuelta a casa de presos, exiliados y deportados vascos en 6 playas de Hego Euskal Herria","datePublished":"2024-08-04T11:13:37+00:00","mainEntityOfPage":{"@id":"https:\/\/sare.eus\/es\/piden-la-vuelta-a-casa-de-presos-exiliados-y-deportados-vascos-en-6-playas-de-hego-euskal-herria\/"},"wordCount":449,"publisher":{"@id":"https:\/\/sare.eus\/#organization"},"image":{"@id":"https:\/\/sare.eus\/es\/piden-la-vuelta-a-casa-de-presos-exiliados-y-deportados-vascos-en-6-playas-de-hego-euskal-herria\/#primaryimage"},"thumbnailUrl":"https:\/\/sare.eus\/wp-content\/uploads\/2024\/08\/20240804_sare-donostia-hondartzak-web.jpg","articleSection":["Etxera"],"inLanguage":"es"},{"@type":"WebPage","@id":"https:\/\/sare.eus\/es\/piden-la-vuelta-a-casa-de-presos-exiliados-y-deportados-vascos-en-6-playas-de-hego-euskal-herria\/","url":"https:\/\/sare.eus\/es\/piden-la-vuelta-a-casa-de-presos-exiliados-y-deportados-vascos-en-6-playas-de-hego-euskal-herria\/","name":"Piden la vuelta a casa de presos, exiliados y deportados vascos en 6 playas de Hego Euskal Herria - Sare Herritarra","isPartOf":{"@id":"https:\/\/sare.eus\/#website"},"primaryImageOfPage":{"@id":"https:\/\/sare.eus\/es\/piden-la-vuelta-a-casa-de-presos-exiliados-y-deportados-vascos-en-6-playas-de-hego-euskal-herria\/#primaryimage"},"image":{"@id":"https:\/\/sare.eus\/es\/piden-la-vuelta-a-casa-de-presos-exiliados-y-deportados-vascos-en-6-playas-de-hego-euskal-herria\/#primaryimage"},"thumbnailUrl":"https:\/\/sare.eus\/wp-content\/uploads\/2024\/08\/20240804_sare-donostia-hondartzak-web.jpg","datePublished":"2024-08-04T11:13:37+00:00","breadcrumb":{"@id":"https:\/\/sare.eus\/es\/piden-la-vuelta-a-casa-de-presos-exiliados-y-deportados-vascos-en-6-playas-de-hego-euskal-herria\/#breadcrumb"},"inLanguage":"es","potentialAction":[{"@type":"ReadAction","target":["https:\/\/sare.eus\/es\/piden-la-vuelta-a-casa-de-presos-exiliados-y-deportados-vascos-en-6-playas-de-hego-euskal-herria\/"]}]},{"@type":"ImageObject","inLanguage":"es","@id":"https:\/\/sare.eus\/es\/piden-la-vuelta-a-casa-de-presos-exiliados-y-deportados-vascos-en-6-playas-de-hego-euskal-herria\/#primaryimage","url":"https:\/\/sare.eus\/wp-content\/uploads\/2024\/08\/20240804_sare-donostia-hondartzak-web.jpg","contentUrl":"https:\/\/sare.eus\/wp-content\/uploads\/2024\/08\/20240804_sare-donostia-hondartzak-web.jpg","width":1280,"height":960},{"@type":"BreadcrumbList","@id":"https:\/\/sare.eus\/es\/piden-la-vuelta-a-casa-de-presos-exiliados-y-deportados-vascos-en-6-playas-de-hego-euskal-herria\/#breadcrumb","itemListElement":[{"@type":"ListItem","position":1,"name":"Home","item":"https:\/\/sare.eus\/"},{"@type":"ListItem","position":2,"name":"Piden la vuelta a casa de presos, exiliados y deportados vascos en 6 playas de Hego Euskal Herria"}]},{"@type":"WebSite","@id":"https:\/\/sare.eus\/#website","url":"https:\/\/sare.eus\/","name":"Sare Herritarra","description":"KONPONBIDEAREN ETA GIZA ESKUBIDEEN ALDEKO SARE HERRITARRA","publisher":{"@id":"https:\/\/sare.eus\/#organization"},"potentialAction":[{"@type":"SearchAction","target":{"@type":"EntryPoint","urlTemplate":"https:\/\/sare.eus\/?s={search_term_string}"},"query-input":{"@type":"PropertyValueSpecification","valueRequired":true,"valueName":"search_term_string"}}],"inLanguage":"es"},{"@type":"Organization","@id":"https:\/\/sare.eus\/#organization","name":"Sare Herritarra","url":"https:\/\/sare.eus\/","logo":{"@type":"ImageObject","inLanguage":"es","@id":"https:\/\/sare.eus\/#\/schema\/logo\/image\/","url":"https:\/\/sare.eus\/wp-content\/uploads\/2021\/08\/sare.png","contentUrl":"https:\/\/sare.eus\/wp-content\/uploads\/2021\/08\/sare.png","width":120,"height":142,"caption":"Sare Herritarra"},"image":{"@id":"https:\/\/sare.eus\/#\/schema\/logo\/image\/"}},{"@type":"Person","@id":"https:\/\/sare.eus\/#\/schema\/person\/2fe6d0df294f56313d3ab236dbe38e17","name":"sare","image":{"@type":"ImageObject","inLanguage":"es","@id":"https:\/\/sare.eus\/#\/schema\/person\/image\/","url":"https:\/\/secure.gravatar.com\/avatar\/77cad838677ceb1977e7b3c878b55eaa7fa4aae2158983063b047c3ad7ef2c25?s=96&d=mm&r=g","contentUrl":"https:\/\/secure.gravatar.com\/avatar\/77cad838677ceb1977e7b3c878b55eaa7fa4aae2158983063b047c3ad7ef2c25?s=96&d=mm&r=g","caption":"sare"},"url":"https:\/\/sare.eus\/es\/author\/sare\/"}]}},"_links":{"self":[{"href":"https:\/\/sare.eus\/es\/wp-json\/wp\/v2\/posts\/6196","targetHints":{"allow":["GET"]}}],"collection":[{"href":"https:\/\/sare.eus\/es\/wp-json\/wp\/v2\/posts"}],"about":[{"href":"https:\/\/sare.eus\/es\/wp-json\/wp\/v2\/types\/post"}],"author":[{"embeddable":true,"href":"https:\/\/sare.eus\/es\/wp-json\/wp\/v2\/users\/2"}],"replies":[{"embeddable":true,"href":"https:\/\/sare.eus\/es\/wp-json\/wp\/v2\/comments?post=6196"}],"version-history":[{"count":2,"href":"https:\/\/sare.eus\/es\/wp-json\/wp\/v2\/posts\/6196\/revisions"}],"predecessor-version":[{"id":6198,"href":"https:\/\/sare.eus\/es\/wp-json\/wp\/v2\/posts\/6196\/revisions\/6198"}],"wp:featuredmedia":[{"embeddable":true,"href":"https:\/\/sare.eus\/es\/wp-json\/wp\/v2\/media\/6202"}],"wp:attachment":[{"href":"https:\/\/sare.eus\/es\/wp-json\/wp\/v2\/media?parent=6196"}],"wp:term":[{"taxonomy":"category","embeddable":true,"href":"https:\/\/sare.eus\/es\/wp-json\/wp\/v2\/categories?post=6196"},{"taxonomy":"post_tag","embeddable":true,"href":"https:\/\/sare.eus\/es\/wp-json\/wp\/v2\/tags?post=6196"}],"curies":[{"name":"wp","href":"https:\/\/api.w.org\/{rel}","templated":true}]}}