{"id":6167,"date":"2024-07-24T10:01:40","date_gmt":"2024-07-24T10:01:40","guid":{"rendered":"https:\/\/sare.eus\/?p=6167"},"modified":"2024-07-24T14:59:07","modified_gmt":"2024-07-24T14:59:07","slug":"kosta-ala-kosta-etxera","status":"publish","type":"post","link":"https:\/\/sare.eus\/es\/kosta-ala-kosta-etxera\/","title":{"rendered":"El 4 de agosto nos reuniremos en 6 playas de Hego Euskal Herria. Kosta ala Kosta #Etxera"},"content":{"rendered":"<p>Como todos los a\u00f1os, nos reunimos aqu\u00ed para presentar la movilizaci\u00f3n de las playas en plena campa\u00f1a de verano. Sin embargo, este a\u00f1o tenemos novedades. Por primera vez, la movilizaci\u00f3n en las playas que organiza anualmente Etxerat ha sido organizada en colaboracion junto a la Red Ciudadana Sare. Es responsabilidad de todos colaborar en el proceso de vuelta a casa de los y las presas, refugiadas y deportadas vascas.<\/p>\n\n\t\t<style type=\"text\/css\">\n\t\t\t#gallery-1 {\n\t\t\t\tmargin: auto;\n\t\t\t}\n\t\t\t#gallery-1 .gallery-item {\n\t\t\t\tfloat: left;\n\t\t\t\tmargin-top: 10px;\n\t\t\t\ttext-align: center;\n\t\t\t\twidth: 33%;\n\t\t\t}\n\t\t\t#gallery-1 img {\n\t\t\t\tborder: 2px solid #cfcfcf;\n\t\t\t}\n\t\t\t#gallery-1 .gallery-caption {\n\t\t\t\tmargin-left: 0;\n\t\t\t}\n\t\t\t\/* see gallery_shortcode() in wp-includes\/media.php *\/\n\t\t<\/style>\n\t\t<div id='gallery-1' class='gallery galleryid-6167 gallery-columns-3 gallery-size-medium'><dl class='gallery-item'>\n\t\t\t<dt class='gallery-icon landscape'>\n\t\t\t\t<a href='https:\/\/sare.eus\/es\/kosta-ala-kosta-etxera\/2024-07-24_hondartzetako-mobilizazioren-agerraldia-02\/'><img loading=\"lazy\" decoding=\"async\" width=\"300\" height=\"200\" src=\"https:\/\/sare.eus\/wp-content\/uploads\/2024\/07\/2024.07.24_Hondartzetako-mobilizazioren-agerraldia-02-300x200.jpg\" class=\"attachment-medium size-medium\" alt=\"\" srcset=\"https:\/\/sare.eus\/wp-content\/uploads\/2024\/07\/2024.07.24_Hondartzetako-mobilizazioren-agerraldia-02-300x200.jpg 300w, https:\/\/sare.eus\/wp-content\/uploads\/2024\/07\/2024.07.24_Hondartzetako-mobilizazioren-agerraldia-02-1024x682.jpg 1024w, https:\/\/sare.eus\/wp-content\/uploads\/2024\/07\/2024.07.24_Hondartzetako-mobilizazioren-agerraldia-02-768x511.jpg 768w, https:\/\/sare.eus\/wp-content\/uploads\/2024\/07\/2024.07.24_Hondartzetako-mobilizazioren-agerraldia-02-1536x1023.jpg 1536w, https:\/\/sare.eus\/wp-content\/uploads\/2024\/07\/2024.07.24_Hondartzetako-mobilizazioren-agerraldia-02-2048x1364.jpg 2048w, https:\/\/sare.eus\/wp-content\/uploads\/2024\/07\/2024.07.24_Hondartzetako-mobilizazioren-agerraldia-02-1080x719.jpg 1080w\" sizes=\"(max-width: 300px) 100vw, 300px\" \/><\/a>\n\t\t\t<\/dt><\/dl><dl class='gallery-item'>\n\t\t\t<dt class='gallery-icon landscape'>\n\t\t\t\t<a href='https:\/\/sare.eus\/es\/kosta-ala-kosta-etxera\/20240724_113737-2\/'><img loading=\"lazy\" decoding=\"async\" width=\"300\" height=\"196\" src=\"https:\/\/sare.eus\/wp-content\/uploads\/2024\/07\/20240724_113737-300x196.jpg\" class=\"attachment-medium size-medium\" alt=\"\" srcset=\"https:\/\/sare.eus\/wp-content\/uploads\/2024\/07\/20240724_113737-300x196.jpg 300w, https:\/\/sare.eus\/wp-content\/uploads\/2024\/07\/20240724_113737-1024x668.jpg 1024w, https:\/\/sare.eus\/wp-content\/uploads\/2024\/07\/20240724_113737-768x501.jpg 768w, https:\/\/sare.eus\/wp-content\/uploads\/2024\/07\/20240724_113737-1536x1002.jpg 1536w, https:\/\/sare.eus\/wp-content\/uploads\/2024\/07\/20240724_113737-2048x1335.jpg 2048w, https:\/\/sare.eus\/wp-content\/uploads\/2024\/07\/20240724_113737-1080x704.jpg 1080w\" sizes=\"(max-width: 300px) 100vw, 300px\" \/><\/a>\n\t\t\t<\/dt><\/dl><dl class='gallery-item'>\n\t\t\t<dt class='gallery-icon landscape'>\n\t\t\t\t<a href='https:\/\/sare.eus\/es\/kosta-ala-kosta-etxera\/2024-07-24_hondartzetako-mobilizazioren-agerraldia-03\/'><img loading=\"lazy\" decoding=\"async\" width=\"300\" height=\"200\" src=\"https:\/\/sare.eus\/wp-content\/uploads\/2024\/07\/2024.07.24_Hondartzetako-mobilizazioren-agerraldia-03-300x200.jpg\" class=\"attachment-medium size-medium\" alt=\"\" srcset=\"https:\/\/sare.eus\/wp-content\/uploads\/2024\/07\/2024.07.24_Hondartzetako-mobilizazioren-agerraldia-03-300x200.jpg 300w, https:\/\/sare.eus\/wp-content\/uploads\/2024\/07\/2024.07.24_Hondartzetako-mobilizazioren-agerraldia-03-1024x682.jpg 1024w, https:\/\/sare.eus\/wp-content\/uploads\/2024\/07\/2024.07.24_Hondartzetako-mobilizazioren-agerraldia-03-768x512.jpg 768w, https:\/\/sare.eus\/wp-content\/uploads\/2024\/07\/2024.07.24_Hondartzetako-mobilizazioren-agerraldia-03-1536x1023.jpg 1536w, https:\/\/sare.eus\/wp-content\/uploads\/2024\/07\/2024.07.24_Hondartzetako-mobilizazioren-agerraldia-03-2048x1364.jpg 2048w, https:\/\/sare.eus\/wp-content\/uploads\/2024\/07\/2024.07.24_Hondartzetako-mobilizazioren-agerraldia-03-1080x719.jpg 1080w\" sizes=\"(max-width: 300px) 100vw, 300px\" \/><\/a>\n\t\t\t<\/dt><\/dl><br style=\"clear: both\" \/>\n\t\t<\/div>\n\n<p>El 4 de agosto a las 12:00 del mediod\u00eda nos reuniremos en 6 playas de Hego Euskal Herria, tres playas de Bizkaia y en otras tres playas de Gipuzkoa. Concretamente en las playas de Bakio, Laida, Lekeitio, Mutriku, Orio y Donostia. 6 playas, 6 espacios, en los que reivindicaremos la necesidad que tiene la sociedad vasca de abrir de una vez por todas las puertas a la resoluci\u00f3n. Lo conseguiremos, lo tenemos que conseguir cueste lo que cueste.<\/p>\n<p>La aportaci\u00f3n de los m\u00e1s j\u00f3venes, adultos y mayores ser\u00e1 necesaria el pr\u00f3ximo 4 de Agosto. Animamos a la ciudadan\u00eda a participar con tablas de surf, flotadores, piraguas, traineras y banderolas y llenemos de reivindicacion estas 6 playas de Hego euskal herria.<\/p>\n<p><strong>El 4 de agosto nos vemos en las playas de Bakio, Laida, Lekeitio, Mutriku, Orio y Donostia! Euskal preso, iheslari eta deportatuak etxera!<\/strong><\/p>\n<p>&nbsp;<\/p>\n\n\t\t<style type=\"text\/css\">\n\t\t\t#gallery-2 {\n\t\t\t\tmargin: auto;\n\t\t\t}\n\t\t\t#gallery-2 .gallery-item {\n\t\t\t\tfloat: left;\n\t\t\t\tmargin-top: 10px;\n\t\t\t\ttext-align: center;\n\t\t\t\twidth: 33%;\n\t\t\t}\n\t\t\t#gallery-2 img {\n\t\t\t\tborder: 2px solid #cfcfcf;\n\t\t\t}\n\t\t\t#gallery-2 .gallery-caption {\n\t\t\t\tmargin-left: 0;\n\t\t\t}\n\t\t\t\/* see gallery_shortcode() in wp-includes\/media.php *\/\n\t\t<\/style>\n\t\t<div id='gallery-2' class='gallery galleryid-6167 gallery-columns-3 gallery-size-medium'><dl class='gallery-item'>\n\t\t\t<dt class='gallery-icon portrait'>\n\t\t\t\t<a href='https:\/\/sare.eus\/es\/4-de-agosto-hondartzetara\/2024-08-04_hondartzak-donostia-2\/'><img loading=\"lazy\" decoding=\"async\" width=\"212\" height=\"300\" src=\"https:\/\/sare.eus\/wp-content\/uploads\/2024\/07\/2024.08.04_Hondartzak-Donostia-212x300.jpg\" class=\"attachment-medium size-medium\" alt=\"\" srcset=\"https:\/\/sare.eus\/wp-content\/uploads\/2024\/07\/2024.08.04_Hondartzak-Donostia-212x300.jpg 212w, https:\/\/sare.eus\/wp-content\/uploads\/2024\/07\/2024.08.04_Hondartzak-Donostia-724x1024.jpg 724w, https:\/\/sare.eus\/wp-content\/uploads\/2024\/07\/2024.08.04_Hondartzak-Donostia-768x1086.jpg 768w, https:\/\/sare.eus\/wp-content\/uploads\/2024\/07\/2024.08.04_Hondartzak-Donostia-1086x1536.jpg 1086w, https:\/\/sare.eus\/wp-content\/uploads\/2024\/07\/2024.08.04_Hondartzak-Donostia-1449x2048.jpg 1449w, https:\/\/sare.eus\/wp-content\/uploads\/2024\/07\/2024.08.04_Hondartzak-Donostia-1080x1527.jpg 1080w, https:\/\/sare.eus\/wp-content\/uploads\/2024\/07\/2024.08.04_Hondartzak-Donostia-scaled.jpg 1811w\" sizes=\"(max-width: 212px) 100vw, 212px\" \/><\/a>\n\t\t\t<\/dt><\/dl><dl class='gallery-item'>\n\t\t\t<dt class='gallery-icon portrait'>\n\t\t\t\t<a href='https:\/\/sare.eus\/es\/4-de-agosto-hondartzetara\/2024-08-04_hondartzak-bakio-2\/'><img loading=\"lazy\" decoding=\"async\" width=\"212\" height=\"300\" src=\"https:\/\/sare.eus\/wp-content\/uploads\/2024\/07\/2024.08.04_Hondartzak-Bakio-212x300.jpg\" class=\"attachment-medium size-medium\" alt=\"\" srcset=\"https:\/\/sare.eus\/wp-content\/uploads\/2024\/07\/2024.08.04_Hondartzak-Bakio-212x300.jpg 212w, https:\/\/sare.eus\/wp-content\/uploads\/2024\/07\/2024.08.04_Hondartzak-Bakio-724x1024.jpg 724w, https:\/\/sare.eus\/wp-content\/uploads\/2024\/07\/2024.08.04_Hondartzak-Bakio-768x1086.jpg 768w, https:\/\/sare.eus\/wp-content\/uploads\/2024\/07\/2024.08.04_Hondartzak-Bakio-1086x1536.jpg 1086w, https:\/\/sare.eus\/wp-content\/uploads\/2024\/07\/2024.08.04_Hondartzak-Bakio-1449x2048.jpg 1449w, https:\/\/sare.eus\/wp-content\/uploads\/2024\/07\/2024.08.04_Hondartzak-Bakio-1080x1527.jpg 1080w, https:\/\/sare.eus\/wp-content\/uploads\/2024\/07\/2024.08.04_Hondartzak-Bakio-scaled.jpg 1811w\" sizes=\"(max-width: 212px) 100vw, 212px\" \/><\/a>\n\t\t\t<\/dt><\/dl><dl class='gallery-item'>\n\t\t\t<dt class='gallery-icon portrait'>\n\t\t\t\t<a href='https:\/\/sare.eus\/es\/4-de-agosto-hondartzetara\/2024-08-04_hondartzak-laida-2\/'><img loading=\"lazy\" decoding=\"async\" width=\"212\" height=\"300\" src=\"https:\/\/sare.eus\/wp-content\/uploads\/2024\/07\/2024.08.04_Hondartzak-Laida-212x300.jpg\" class=\"attachment-medium size-medium\" alt=\"\" srcset=\"https:\/\/sare.eus\/wp-content\/uploads\/2024\/07\/2024.08.04_Hondartzak-Laida-212x300.jpg 212w, https:\/\/sare.eus\/wp-content\/uploads\/2024\/07\/2024.08.04_Hondartzak-Laida-724x1024.jpg 724w, https:\/\/sare.eus\/wp-content\/uploads\/2024\/07\/2024.08.04_Hondartzak-Laida-768x1086.jpg 768w, https:\/\/sare.eus\/wp-content\/uploads\/2024\/07\/2024.08.04_Hondartzak-Laida-1086x1536.jpg 1086w, https:\/\/sare.eus\/wp-content\/uploads\/2024\/07\/2024.08.04_Hondartzak-Laida-1449x2048.jpg 1449w, https:\/\/sare.eus\/wp-content\/uploads\/2024\/07\/2024.08.04_Hondartzak-Laida-1080x1527.jpg 1080w, https:\/\/sare.eus\/wp-content\/uploads\/2024\/07\/2024.08.04_Hondartzak-Laida-scaled.jpg 1811w\" sizes=\"(max-width: 212px) 100vw, 212px\" \/><\/a>\n\t\t\t<\/dt><\/dl><br style=\"clear: both\" \/><dl class='gallery-item'>\n\t\t\t<dt class='gallery-icon portrait'>\n\t\t\t\t<a href='https:\/\/sare.eus\/es\/4-de-agosto-hondartzetara\/2024-08-04_hondartzak-lekeitio-2\/'><img loading=\"lazy\" decoding=\"async\" width=\"212\" height=\"300\" src=\"https:\/\/sare.eus\/wp-content\/uploads\/2024\/07\/2024.08.04_Hondartzak-Lekeitio-212x300.jpg\" class=\"attachment-medium size-medium\" alt=\"\" srcset=\"https:\/\/sare.eus\/wp-content\/uploads\/2024\/07\/2024.08.04_Hondartzak-Lekeitio-212x300.jpg 212w, https:\/\/sare.eus\/wp-content\/uploads\/2024\/07\/2024.08.04_Hondartzak-Lekeitio-724x1024.jpg 724w, https:\/\/sare.eus\/wp-content\/uploads\/2024\/07\/2024.08.04_Hondartzak-Lekeitio-768x1086.jpg 768w, https:\/\/sare.eus\/wp-content\/uploads\/2024\/07\/2024.08.04_Hondartzak-Lekeitio-1086x1536.jpg 1086w, https:\/\/sare.eus\/wp-content\/uploads\/2024\/07\/2024.08.04_Hondartzak-Lekeitio-1449x2048.jpg 1449w, https:\/\/sare.eus\/wp-content\/uploads\/2024\/07\/2024.08.04_Hondartzak-Lekeitio-1080x1527.jpg 1080w, https:\/\/sare.eus\/wp-content\/uploads\/2024\/07\/2024.08.04_Hondartzak-Lekeitio-scaled.jpg 1811w\" sizes=\"(max-width: 212px) 100vw, 212px\" \/><\/a>\n\t\t\t<\/dt><\/dl><dl class='gallery-item'>\n\t\t\t<dt class='gallery-icon portrait'>\n\t\t\t\t<a href='https:\/\/sare.eus\/es\/4-de-agosto-hondartzetara\/2024-08-04_hondartzak-mutriku-2\/'><img loading=\"lazy\" decoding=\"async\" width=\"212\" height=\"300\" src=\"https:\/\/sare.eus\/wp-content\/uploads\/2024\/07\/2024.08.04_Hondartzak-Mutriku-212x300.jpg\" class=\"attachment-medium size-medium\" alt=\"\" srcset=\"https:\/\/sare.eus\/wp-content\/uploads\/2024\/07\/2024.08.04_Hondartzak-Mutriku-212x300.jpg 212w, https:\/\/sare.eus\/wp-content\/uploads\/2024\/07\/2024.08.04_Hondartzak-Mutriku-724x1024.jpg 724w, https:\/\/sare.eus\/wp-content\/uploads\/2024\/07\/2024.08.04_Hondartzak-Mutriku-768x1086.jpg 768w, https:\/\/sare.eus\/wp-content\/uploads\/2024\/07\/2024.08.04_Hondartzak-Mutriku-1086x1536.jpg 1086w, https:\/\/sare.eus\/wp-content\/uploads\/2024\/07\/2024.08.04_Hondartzak-Mutriku-1449x2048.jpg 1449w, https:\/\/sare.eus\/wp-content\/uploads\/2024\/07\/2024.08.04_Hondartzak-Mutriku-1080x1527.jpg 1080w, https:\/\/sare.eus\/wp-content\/uploads\/2024\/07\/2024.08.04_Hondartzak-Mutriku-scaled.jpg 1811w\" sizes=\"(max-width: 212px) 100vw, 212px\" \/><\/a>\n\t\t\t<\/dt><\/dl><dl class='gallery-item'>\n\t\t\t<dt class='gallery-icon portrait'>\n\t\t\t\t<a href='https:\/\/sare.eus\/es\/4-de-agosto-hondartzetara\/2024-08-04_hondartzak-orio-2\/'><img loading=\"lazy\" decoding=\"async\" width=\"212\" height=\"300\" src=\"https:\/\/sare.eus\/wp-content\/uploads\/2024\/07\/2024.08.04_Hondartzak-Orio-212x300.jpg\" class=\"attachment-medium size-medium\" alt=\"\" srcset=\"https:\/\/sare.eus\/wp-content\/uploads\/2024\/07\/2024.08.04_Hondartzak-Orio-212x300.jpg 212w, https:\/\/sare.eus\/wp-content\/uploads\/2024\/07\/2024.08.04_Hondartzak-Orio-724x1024.jpg 724w, https:\/\/sare.eus\/wp-content\/uploads\/2024\/07\/2024.08.04_Hondartzak-Orio-768x1086.jpg 768w, https:\/\/sare.eus\/wp-content\/uploads\/2024\/07\/2024.08.04_Hondartzak-Orio-1086x1536.jpg 1086w, https:\/\/sare.eus\/wp-content\/uploads\/2024\/07\/2024.08.04_Hondartzak-Orio-1449x2048.jpg 1449w, https:\/\/sare.eus\/wp-content\/uploads\/2024\/07\/2024.08.04_Hondartzak-Orio-1080x1527.jpg 1080w, https:\/\/sare.eus\/wp-content\/uploads\/2024\/07\/2024.08.04_Hondartzak-Orio-scaled.jpg 1811w\" sizes=\"(max-width: 212px) 100vw, 212px\" \/><\/a>\n\t\t\t<\/dt><\/dl><br style=\"clear: both\" \/>\n\t\t<\/div>\n\n","protected":false},"excerpt":{"rendered":"<p>Como todos los a\u00f1os, nos reunimos aqu\u00ed para presentar la movilizaci\u00f3n de las playas en plena campa\u00f1a de verano. Sin embargo, este a\u00f1o tenemos novedades. Por primera vez, la movilizaci\u00f3n [&hellip;]<\/p>\n","protected":false},"author":2,"featured_media":6171,"comment_status":"closed","ping_status":"closed","sticky":false,"template":"","format":"standard","meta":{"_acf_changed":false,"_et_pb_use_builder":"","_et_pb_old_content":"","_et_gb_content_width":"","footnotes":""},"categories":[60],"tags":[],"class_list":["post-6167","post","type-post","status-publish","format-standard","has-post-thumbnail","hentry","category-etxera-es","et-has-post-format-content","et_post_format-et-post-format-standard"],"acf":[],"yoast_head":"<!-- This site is optimized with the Yoast SEO plugin v26.4 - https:\/\/yoast.com\/wordpress\/plugins\/seo\/ -->\n<title>El 4 de agosto nos reuniremos en 6 playas de Hego Euskal Herria. Kosta ala Kosta #Etxera - Sare Herritarra<\/title>\n<meta name=\"robots\" content=\"index, follow, max-snippet:-1, max-image-preview:large, max-video-preview:-1\" \/>\n<link rel=\"canonical\" href=\"https:\/\/sare.eus\/es\/kosta-ala-kosta-etxera\/\" \/>\n<meta property=\"og:locale\" content=\"es_ES\" \/>\n<meta property=\"og:type\" content=\"article\" \/>\n<meta property=\"og:title\" content=\"El 4 de agosto nos reuniremos en 6 playas de Hego Euskal Herria. Kosta ala Kosta #Etxera - Sare Herritarra\" \/>\n<meta property=\"og:description\" content=\"Como todos los a\u00f1os, nos reunimos aqu\u00ed para presentar la movilizaci\u00f3n de las playas en plena campa\u00f1a de verano. Sin embargo, este a\u00f1o tenemos novedades. Por primera vez, la movilizaci\u00f3n [&hellip;]\" \/>\n<meta property=\"og:url\" content=\"https:\/\/sare.eus\/es\/kosta-ala-kosta-etxera\/\" \/>\n<meta property=\"og:site_name\" content=\"Sare Herritarra\" \/>\n<meta property=\"article:published_time\" content=\"2024-07-24T10:01:40+00:00\" \/>\n<meta property=\"article:modified_time\" content=\"2024-07-24T14:59:07+00:00\" \/>\n<meta property=\"og:image\" content=\"https:\/\/sare.eus\/wp-content\/uploads\/2024\/07\/2024.07.24_Hondartzetako-mobilizazioren-agerraldia-web-scaled.jpg\" \/>\n\t<meta property=\"og:image:width\" content=\"2560\" \/>\n\t<meta property=\"og:image:height\" content=\"1595\" \/>\n\t<meta property=\"og:image:type\" content=\"image\/jpeg\" \/>\n<meta name=\"author\" content=\"sare\" \/>\n<meta name=\"twitter:card\" content=\"summary_large_image\" \/>\n<meta name=\"twitter:label1\" content=\"Escrito por\" \/>\n\t<meta name=\"twitter:data1\" content=\"sare\" \/>\n\t<meta name=\"twitter:label2\" content=\"Tiempo de lectura\" \/>\n\t<meta name=\"twitter:data2\" content=\"1 minuto\" \/>\n<script type=\"application\/ld+json\" class=\"yoast-schema-graph\">{\"@context\":\"https:\/\/schema.org\",\"@graph\":[{\"@type\":\"Article\",\"@id\":\"https:\/\/sare.eus\/es\/kosta-ala-kosta-etxera\/#article\",\"isPartOf\":{\"@id\":\"https:\/\/sare.eus\/es\/kosta-ala-kosta-etxera\/\"},\"author\":{\"name\":\"sare\",\"@id\":\"https:\/\/sare.eus\/#\/schema\/person\/2fe6d0df294f56313d3ab236dbe38e17\"},\"headline\":\"El 4 de agosto nos reuniremos en 6 playas de Hego Euskal Herria. Kosta ala Kosta #Etxera\",\"datePublished\":\"2024-07-24T10:01:40+00:00\",\"dateModified\":\"2024-07-24T14:59:07+00:00\",\"mainEntityOfPage\":{\"@id\":\"https:\/\/sare.eus\/es\/kosta-ala-kosta-etxera\/\"},\"wordCount\":240,\"publisher\":{\"@id\":\"https:\/\/sare.eus\/#organization\"},\"image\":{\"@id\":\"https:\/\/sare.eus\/es\/kosta-ala-kosta-etxera\/#primaryimage\"},\"thumbnailUrl\":\"https:\/\/sare.eus\/wp-content\/uploads\/2024\/07\/2024.07.24_Hondartzetako-mobilizazioren-agerraldia-web-scaled.jpg\",\"articleSection\":[\"Etxera\"],\"inLanguage\":\"es\"},{\"@type\":\"WebPage\",\"@id\":\"https:\/\/sare.eus\/es\/kosta-ala-kosta-etxera\/\",\"url\":\"https:\/\/sare.eus\/es\/kosta-ala-kosta-etxera\/\",\"name\":\"El 4 de agosto nos reuniremos en 6 playas de Hego Euskal Herria. Kosta ala Kosta #Etxera - Sare Herritarra\",\"isPartOf\":{\"@id\":\"https:\/\/sare.eus\/#website\"},\"primaryImageOfPage\":{\"@id\":\"https:\/\/sare.eus\/es\/kosta-ala-kosta-etxera\/#primaryimage\"},\"image\":{\"@id\":\"https:\/\/sare.eus\/es\/kosta-ala-kosta-etxera\/#primaryimage\"},\"thumbnailUrl\":\"https:\/\/sare.eus\/wp-content\/uploads\/2024\/07\/2024.07.24_Hondartzetako-mobilizazioren-agerraldia-web-scaled.jpg\",\"datePublished\":\"2024-07-24T10:01:40+00:00\",\"dateModified\":\"2024-07-24T14:59:07+00:00\",\"breadcrumb\":{\"@id\":\"https:\/\/sare.eus\/es\/kosta-ala-kosta-etxera\/#breadcrumb\"},\"inLanguage\":\"es\",\"potentialAction\":[{\"@type\":\"ReadAction\",\"target\":[\"https:\/\/sare.eus\/es\/kosta-ala-kosta-etxera\/\"]}]},{\"@type\":\"ImageObject\",\"inLanguage\":\"es\",\"@id\":\"https:\/\/sare.eus\/es\/kosta-ala-kosta-etxera\/#primaryimage\",\"url\":\"https:\/\/sare.eus\/wp-content\/uploads\/2024\/07\/2024.07.24_Hondartzetako-mobilizazioren-agerraldia-web-scaled.jpg\",\"contentUrl\":\"https:\/\/sare.eus\/wp-content\/uploads\/2024\/07\/2024.07.24_Hondartzetako-mobilizazioren-agerraldia-web-scaled.jpg\",\"width\":2560,\"height\":1595},{\"@type\":\"BreadcrumbList\",\"@id\":\"https:\/\/sare.eus\/es\/kosta-ala-kosta-etxera\/#breadcrumb\",\"itemListElement\":[{\"@type\":\"ListItem\",\"position\":1,\"name\":\"Home\",\"item\":\"https:\/\/sare.eus\/\"},{\"@type\":\"ListItem\",\"position\":2,\"name\":\"El 4 de agosto nos reuniremos en 6 playas de Hego Euskal Herria. Kosta ala Kosta #Etxera\"}]},{\"@type\":\"WebSite\",\"@id\":\"https:\/\/sare.eus\/#website\",\"url\":\"https:\/\/sare.eus\/\",\"name\":\"Sare Herritarra\",\"description\":\"KONPONBIDEAREN ETA GIZA ESKUBIDEEN ALDEKO SARE HERRITARRA\",\"publisher\":{\"@id\":\"https:\/\/sare.eus\/#organization\"},\"potentialAction\":[{\"@type\":\"SearchAction\",\"target\":{\"@type\":\"EntryPoint\",\"urlTemplate\":\"https:\/\/sare.eus\/?s={search_term_string}\"},\"query-input\":{\"@type\":\"PropertyValueSpecification\",\"valueRequired\":true,\"valueName\":\"search_term_string\"}}],\"inLanguage\":\"es\"},{\"@type\":\"Organization\",\"@id\":\"https:\/\/sare.eus\/#organization\",\"name\":\"Sare Herritarra\",\"url\":\"https:\/\/sare.eus\/\",\"logo\":{\"@type\":\"ImageObject\",\"inLanguage\":\"es\",\"@id\":\"https:\/\/sare.eus\/#\/schema\/logo\/image\/\",\"url\":\"https:\/\/sare.eus\/wp-content\/uploads\/2021\/08\/sare.png\",\"contentUrl\":\"https:\/\/sare.eus\/wp-content\/uploads\/2021\/08\/sare.png\",\"width\":120,\"height\":142,\"caption\":\"Sare Herritarra\"},\"image\":{\"@id\":\"https:\/\/sare.eus\/#\/schema\/logo\/image\/\"}},{\"@type\":\"Person\",\"@id\":\"https:\/\/sare.eus\/#\/schema\/person\/2fe6d0df294f56313d3ab236dbe38e17\",\"name\":\"sare\",\"image\":{\"@type\":\"ImageObject\",\"inLanguage\":\"es\",\"@id\":\"https:\/\/sare.eus\/#\/schema\/person\/image\/\",\"url\":\"https:\/\/secure.gravatar.com\/avatar\/77cad838677ceb1977e7b3c878b55eaa7fa4aae2158983063b047c3ad7ef2c25?s=96&d=mm&r=g\",\"contentUrl\":\"https:\/\/secure.gravatar.com\/avatar\/77cad838677ceb1977e7b3c878b55eaa7fa4aae2158983063b047c3ad7ef2c25?s=96&d=mm&r=g\",\"caption\":\"sare\"},\"url\":\"https:\/\/sare.eus\/es\/author\/sare\/\"}]}<\/script>\n<!-- \/ Yoast SEO plugin. -->","yoast_head_json":{"title":"El 4 de agosto nos reuniremos en 6 playas de Hego Euskal Herria. Kosta ala Kosta #Etxera - Sare Herritarra","robots":{"index":"index","follow":"follow","max-snippet":"max-snippet:-1","max-image-preview":"max-image-preview:large","max-video-preview":"max-video-preview:-1"},"canonical":"https:\/\/sare.eus\/es\/kosta-ala-kosta-etxera\/","og_locale":"es_ES","og_type":"article","og_title":"El 4 de agosto nos reuniremos en 6 playas de Hego Euskal Herria. Kosta ala Kosta #Etxera - Sare Herritarra","og_description":"Como todos los a\u00f1os, nos reunimos aqu\u00ed para presentar la movilizaci\u00f3n de las playas en plena campa\u00f1a de verano. Sin embargo, este a\u00f1o tenemos novedades. Por primera vez, la movilizaci\u00f3n [&hellip;]","og_url":"https:\/\/sare.eus\/es\/kosta-ala-kosta-etxera\/","og_site_name":"Sare Herritarra","article_published_time":"2024-07-24T10:01:40+00:00","article_modified_time":"2024-07-24T14:59:07+00:00","og_image":[{"width":2560,"height":1595,"url":"https:\/\/sare.eus\/wp-content\/uploads\/2024\/07\/2024.07.24_Hondartzetako-mobilizazioren-agerraldia-web-scaled.jpg","type":"image\/jpeg"}],"author":"sare","twitter_card":"summary_large_image","twitter_misc":{"Escrito por":"sare","Tiempo de lectura":"1 minuto"},"schema":{"@context":"https:\/\/schema.org","@graph":[{"@type":"Article","@id":"https:\/\/sare.eus\/es\/kosta-ala-kosta-etxera\/#article","isPartOf":{"@id":"https:\/\/sare.eus\/es\/kosta-ala-kosta-etxera\/"},"author":{"name":"sare","@id":"https:\/\/sare.eus\/#\/schema\/person\/2fe6d0df294f56313d3ab236dbe38e17"},"headline":"El 4 de agosto nos reuniremos en 6 playas de Hego Euskal Herria. Kosta ala Kosta #Etxera","datePublished":"2024-07-24T10:01:40+00:00","dateModified":"2024-07-24T14:59:07+00:00","mainEntityOfPage":{"@id":"https:\/\/sare.eus\/es\/kosta-ala-kosta-etxera\/"},"wordCount":240,"publisher":{"@id":"https:\/\/sare.eus\/#organization"},"image":{"@id":"https:\/\/sare.eus\/es\/kosta-ala-kosta-etxera\/#primaryimage"},"thumbnailUrl":"https:\/\/sare.eus\/wp-content\/uploads\/2024\/07\/2024.07.24_Hondartzetako-mobilizazioren-agerraldia-web-scaled.jpg","articleSection":["Etxera"],"inLanguage":"es"},{"@type":"WebPage","@id":"https:\/\/sare.eus\/es\/kosta-ala-kosta-etxera\/","url":"https:\/\/sare.eus\/es\/kosta-ala-kosta-etxera\/","name":"El 4 de agosto nos reuniremos en 6 playas de Hego Euskal Herria. Kosta ala Kosta #Etxera - Sare Herritarra","isPartOf":{"@id":"https:\/\/sare.eus\/#website"},"primaryImageOfPage":{"@id":"https:\/\/sare.eus\/es\/kosta-ala-kosta-etxera\/#primaryimage"},"image":{"@id":"https:\/\/sare.eus\/es\/kosta-ala-kosta-etxera\/#primaryimage"},"thumbnailUrl":"https:\/\/sare.eus\/wp-content\/uploads\/2024\/07\/2024.07.24_Hondartzetako-mobilizazioren-agerraldia-web-scaled.jpg","datePublished":"2024-07-24T10:01:40+00:00","dateModified":"2024-07-24T14:59:07+00:00","breadcrumb":{"@id":"https:\/\/sare.eus\/es\/kosta-ala-kosta-etxera\/#breadcrumb"},"inLanguage":"es","potentialAction":[{"@type":"ReadAction","target":["https:\/\/sare.eus\/es\/kosta-ala-kosta-etxera\/"]}]},{"@type":"ImageObject","inLanguage":"es","@id":"https:\/\/sare.eus\/es\/kosta-ala-kosta-etxera\/#primaryimage","url":"https:\/\/sare.eus\/wp-content\/uploads\/2024\/07\/2024.07.24_Hondartzetako-mobilizazioren-agerraldia-web-scaled.jpg","contentUrl":"https:\/\/sare.eus\/wp-content\/uploads\/2024\/07\/2024.07.24_Hondartzetako-mobilizazioren-agerraldia-web-scaled.jpg","width":2560,"height":1595},{"@type":"BreadcrumbList","@id":"https:\/\/sare.eus\/es\/kosta-ala-kosta-etxera\/#breadcrumb","itemListElement":[{"@type":"ListItem","position":1,"name":"Home","item":"https:\/\/sare.eus\/"},{"@type":"ListItem","position":2,"name":"El 4 de agosto nos reuniremos en 6 playas de Hego Euskal Herria. Kosta ala Kosta #Etxera"}]},{"@type":"WebSite","@id":"https:\/\/sare.eus\/#website","url":"https:\/\/sare.eus\/","name":"Sare Herritarra","description":"KONPONBIDEAREN ETA GIZA ESKUBIDEEN ALDEKO SARE HERRITARRA","publisher":{"@id":"https:\/\/sare.eus\/#organization"},"potentialAction":[{"@type":"SearchAction","target":{"@type":"EntryPoint","urlTemplate":"https:\/\/sare.eus\/?s={search_term_string}"},"query-input":{"@type":"PropertyValueSpecification","valueRequired":true,"valueName":"search_term_string"}}],"inLanguage":"es"},{"@type":"Organization","@id":"https:\/\/sare.eus\/#organization","name":"Sare Herritarra","url":"https:\/\/sare.eus\/","logo":{"@type":"ImageObject","inLanguage":"es","@id":"https:\/\/sare.eus\/#\/schema\/logo\/image\/","url":"https:\/\/sare.eus\/wp-content\/uploads\/2021\/08\/sare.png","contentUrl":"https:\/\/sare.eus\/wp-content\/uploads\/2021\/08\/sare.png","width":120,"height":142,"caption":"Sare Herritarra"},"image":{"@id":"https:\/\/sare.eus\/#\/schema\/logo\/image\/"}},{"@type":"Person","@id":"https:\/\/sare.eus\/#\/schema\/person\/2fe6d0df294f56313d3ab236dbe38e17","name":"sare","image":{"@type":"ImageObject","inLanguage":"es","@id":"https:\/\/sare.eus\/#\/schema\/person\/image\/","url":"https:\/\/secure.gravatar.com\/avatar\/77cad838677ceb1977e7b3c878b55eaa7fa4aae2158983063b047c3ad7ef2c25?s=96&d=mm&r=g","contentUrl":"https:\/\/secure.gravatar.com\/avatar\/77cad838677ceb1977e7b3c878b55eaa7fa4aae2158983063b047c3ad7ef2c25?s=96&d=mm&r=g","caption":"sare"},"url":"https:\/\/sare.eus\/es\/author\/sare\/"}]}},"_links":{"self":[{"href":"https:\/\/sare.eus\/es\/wp-json\/wp\/v2\/posts\/6167","targetHints":{"allow":["GET"]}}],"collection":[{"href":"https:\/\/sare.eus\/es\/wp-json\/wp\/v2\/posts"}],"about":[{"href":"https:\/\/sare.eus\/es\/wp-json\/wp\/v2\/types\/post"}],"author":[{"embeddable":true,"href":"https:\/\/sare.eus\/es\/wp-json\/wp\/v2\/users\/2"}],"replies":[{"embeddable":true,"href":"https:\/\/sare.eus\/es\/wp-json\/wp\/v2\/comments?post=6167"}],"version-history":[{"count":4,"href":"https:\/\/sare.eus\/es\/wp-json\/wp\/v2\/posts\/6167\/revisions"}],"predecessor-version":[{"id":6181,"href":"https:\/\/sare.eus\/es\/wp-json\/wp\/v2\/posts\/6167\/revisions\/6181"}],"wp:featuredmedia":[{"embeddable":true,"href":"https:\/\/sare.eus\/es\/wp-json\/wp\/v2\/media\/6171"}],"wp:attachment":[{"href":"https:\/\/sare.eus\/es\/wp-json\/wp\/v2\/media?parent=6167"}],"wp:term":[{"taxonomy":"category","embeddable":true,"href":"https:\/\/sare.eus\/es\/wp-json\/wp\/v2\/categories?post=6167"},{"taxonomy":"post_tag","embeddable":true,"href":"https:\/\/sare.eus\/es\/wp-json\/wp\/v2\/tags?post=6167"}],"curies":[{"name":"wp","href":"https:\/\/api.w.org\/{rel}","templated":true}]}}