{"id":6117,"date":"2024-06-27T12:57:55","date_gmt":"2024-06-27T12:57:55","guid":{"rendered":"https:\/\/sare.eus\/sindikatuen-elkarretaratzeak-2024-vi-27\/"},"modified":"2024-06-27T13:12:22","modified_gmt":"2024-06-27T13:12:22","slug":"concentraciones-de-los-sindicatos-20-vi-2024","status":"publish","type":"post","link":"https:\/\/sare.eus\/es\/concentraciones-de-los-sindicatos-20-vi-2024\/","title":{"rendered":"Concentraciones de los Sindicatos (20-VI-2024)"},"content":{"rendered":"<p>Una vez m\u00e1s, hoy los representantes sindicales volvemos a salir a las calles Iru\u00f1ea, Gasteiz, Donostia y Bilbo para decir alto y claro que nos reafirmamos en el proceso de camino a casa de los y las presas, refugiadas y deportadas vascas.<\/p>\n<p>Sare Herritarra cumpli\u00f3 su d\u00e9cimo aniversario el pasado 15 de junio y adem\u00e1s de felicitarlos por su trabajo en estos diez a\u00f1os, queremos dejar claro que seguiremos al lado de la Red Ciudadana Sare en el camino de conseguir la paz, la resoluci\u00f3n y la convivencia en Euskal Herria.<\/p>\n<p><iframe loading=\"lazy\" title=\"YouTube video player\" src=\"https:\/\/www.youtube.com\/embed\/kmZ3MPA7o2Y?si=zjZUuUX_isVLC1Hl\" width=\"560\" height=\"315\" frameborder=\"0\" allowfullscreen=\"allowfullscreen\"><\/iframe><\/p>\n<p>Los logros conseguidos entre todos en estos diez a\u00f1os han sido significativos, pero somos conscientes de que los y las trabajadoras cumplimos un papel muy importante en el camino hacia la convivencia en nuestro pueblo. Desde los centros de trabajo queremos transmitir el deseo que tiene la sociedad vasca de aportar a la resoluci\u00f3n integral despu\u00e9s de tantos a\u00f1os de sufrimiento y conculcaci\u00f3n de derechos. Queremos reafirmarnos en nuestro compromiso en dicho camino.<\/p>\n<p>Para finalizar, llamamos a los y las trabajadoras de Euskal Herria a participar en las movilizaciones e iniciativas que convocar\u00e1 Sare este verano y tambi\u00e9n en el futuro. Entre todos conseguiremos cerrar el proceso de resoluci\u00f3n y abrir las puertas a la convivencia.<\/p>\n<p><strong>Euskal preso, iheslari eta deportatuak lantokietara!<\/strong><\/p>\n<p><strong>Langileok KonponBIDEAN!<\/strong><\/p>\n<p><strong>ELA \u00b7 LAB \u00b7 ESK \u00b7 STEILAS \u00b7 CGT\/LKN \u00b7 CNT \u00b7 HIRU \u00b7 EHNE \u00b7 ETXALDE<\/strong><\/p>\n","protected":false},"excerpt":{"rendered":"<p>Una vez m\u00e1s, hoy los representantes sindicales volvemos a salir a las calles Iru\u00f1ea, Gasteiz, Donostia y Bilbo para decir alto y claro que nos reafirmamos en el proceso de [&hellip;]<\/p>\n","protected":false},"author":2,"featured_media":6120,"comment_status":"closed","ping_status":"closed","sticky":false,"template":"","format":"standard","meta":{"_acf_changed":false,"_et_pb_use_builder":"","_et_pb_old_content":"","_et_gb_content_width":"","footnotes":""},"categories":[69],"tags":[],"class_list":["post-6117","post","type-post","status-publish","format-standard","has-post-thumbnail","hentry","category-leyes-de-excepcion","et-has-post-format-content","et_post_format-et-post-format-standard"],"acf":[],"yoast_head":"<!-- This site is optimized with the Yoast SEO plugin v26.4 - https:\/\/yoast.com\/wordpress\/plugins\/seo\/ -->\n<title>Concentraciones de los Sindicatos (20-VI-2024) - Sare Herritarra<\/title>\n<meta name=\"robots\" content=\"index, follow, max-snippet:-1, max-image-preview:large, max-video-preview:-1\" \/>\n<link rel=\"canonical\" href=\"https:\/\/sare.eus\/es\/concentraciones-de-los-sindicatos-20-vi-2024\/\" \/>\n<meta property=\"og:locale\" content=\"es_ES\" \/>\n<meta property=\"og:type\" content=\"article\" \/>\n<meta property=\"og:title\" content=\"Concentraciones de los Sindicatos (20-VI-2024) - Sare Herritarra\" \/>\n<meta property=\"og:description\" content=\"Una vez m\u00e1s, hoy los representantes sindicales volvemos a salir a las calles Iru\u00f1ea, Gasteiz, Donostia y Bilbo para decir alto y claro que nos reafirmamos en el proceso de [&hellip;]\" \/>\n<meta property=\"og:url\" content=\"https:\/\/sare.eus\/es\/concentraciones-de-los-sindicatos-20-vi-2024\/\" \/>\n<meta property=\"og:site_name\" content=\"Sare Herritarra\" \/>\n<meta property=\"article:published_time\" content=\"2024-06-27T12:57:55+00:00\" \/>\n<meta property=\"article:modified_time\" content=\"2024-06-27T13:12:22+00:00\" \/>\n<meta property=\"og:image\" content=\"https:\/\/sare.eus\/wp-content\/uploads\/2024\/06\/photo_6048847999578260815_y.jpg\" \/>\n\t<meta property=\"og:image:width\" content=\"1280\" \/>\n\t<meta property=\"og:image:height\" content=\"852\" \/>\n\t<meta property=\"og:image:type\" content=\"image\/jpeg\" \/>\n<meta name=\"author\" content=\"sare\" \/>\n<meta name=\"twitter:card\" content=\"summary_large_image\" \/>\n<meta name=\"twitter:label1\" content=\"Escrito por\" \/>\n\t<meta name=\"twitter:data1\" content=\"sare\" \/>\n\t<meta name=\"twitter:label2\" content=\"Tiempo de lectura\" \/>\n\t<meta name=\"twitter:data2\" content=\"1 minuto\" \/>\n<script type=\"application\/ld+json\" class=\"yoast-schema-graph\">{\"@context\":\"https:\/\/schema.org\",\"@graph\":[{\"@type\":\"Article\",\"@id\":\"https:\/\/sare.eus\/es\/concentraciones-de-los-sindicatos-20-vi-2024\/#article\",\"isPartOf\":{\"@id\":\"https:\/\/sare.eus\/es\/concentraciones-de-los-sindicatos-20-vi-2024\/\"},\"author\":{\"name\":\"sare\",\"@id\":\"https:\/\/sare.eus\/#\/schema\/person\/2fe6d0df294f56313d3ab236dbe38e17\"},\"headline\":\"Concentraciones de los Sindicatos (20-VI-2024)\",\"datePublished\":\"2024-06-27T12:57:55+00:00\",\"dateModified\":\"2024-06-27T13:12:22+00:00\",\"mainEntityOfPage\":{\"@id\":\"https:\/\/sare.eus\/es\/concentraciones-de-los-sindicatos-20-vi-2024\/\"},\"wordCount\":242,\"publisher\":{\"@id\":\"https:\/\/sare.eus\/#organization\"},\"image\":{\"@id\":\"https:\/\/sare.eus\/es\/concentraciones-de-los-sindicatos-20-vi-2024\/#primaryimage\"},\"thumbnailUrl\":\"https:\/\/sare.eus\/wp-content\/uploads\/2024\/06\/photo_6048847999578260815_y.jpg\",\"articleSection\":[\"Leyes de Excepci\u00f3n\"],\"inLanguage\":\"es\"},{\"@type\":\"WebPage\",\"@id\":\"https:\/\/sare.eus\/es\/concentraciones-de-los-sindicatos-20-vi-2024\/\",\"url\":\"https:\/\/sare.eus\/es\/concentraciones-de-los-sindicatos-20-vi-2024\/\",\"name\":\"Concentraciones de los Sindicatos (20-VI-2024) - Sare Herritarra\",\"isPartOf\":{\"@id\":\"https:\/\/sare.eus\/#website\"},\"primaryImageOfPage\":{\"@id\":\"https:\/\/sare.eus\/es\/concentraciones-de-los-sindicatos-20-vi-2024\/#primaryimage\"},\"image\":{\"@id\":\"https:\/\/sare.eus\/es\/concentraciones-de-los-sindicatos-20-vi-2024\/#primaryimage\"},\"thumbnailUrl\":\"https:\/\/sare.eus\/wp-content\/uploads\/2024\/06\/photo_6048847999578260815_y.jpg\",\"datePublished\":\"2024-06-27T12:57:55+00:00\",\"dateModified\":\"2024-06-27T13:12:22+00:00\",\"breadcrumb\":{\"@id\":\"https:\/\/sare.eus\/es\/concentraciones-de-los-sindicatos-20-vi-2024\/#breadcrumb\"},\"inLanguage\":\"es\",\"potentialAction\":[{\"@type\":\"ReadAction\",\"target\":[\"https:\/\/sare.eus\/es\/concentraciones-de-los-sindicatos-20-vi-2024\/\"]}]},{\"@type\":\"ImageObject\",\"inLanguage\":\"es\",\"@id\":\"https:\/\/sare.eus\/es\/concentraciones-de-los-sindicatos-20-vi-2024\/#primaryimage\",\"url\":\"https:\/\/sare.eus\/wp-content\/uploads\/2024\/06\/photo_6048847999578260815_y.jpg\",\"contentUrl\":\"https:\/\/sare.eus\/wp-content\/uploads\/2024\/06\/photo_6048847999578260815_y.jpg\",\"width\":1280,\"height\":852},{\"@type\":\"BreadcrumbList\",\"@id\":\"https:\/\/sare.eus\/es\/concentraciones-de-los-sindicatos-20-vi-2024\/#breadcrumb\",\"itemListElement\":[{\"@type\":\"ListItem\",\"position\":1,\"name\":\"Home\",\"item\":\"https:\/\/sare.eus\/\"},{\"@type\":\"ListItem\",\"position\":2,\"name\":\"Concentraciones de los Sindicatos (20-VI-2024)\"}]},{\"@type\":\"WebSite\",\"@id\":\"https:\/\/sare.eus\/#website\",\"url\":\"https:\/\/sare.eus\/\",\"name\":\"Sare Herritarra\",\"description\":\"KONPONBIDEAREN ETA GIZA ESKUBIDEEN ALDEKO SARE HERRITARRA\",\"publisher\":{\"@id\":\"https:\/\/sare.eus\/#organization\"},\"potentialAction\":[{\"@type\":\"SearchAction\",\"target\":{\"@type\":\"EntryPoint\",\"urlTemplate\":\"https:\/\/sare.eus\/?s={search_term_string}\"},\"query-input\":{\"@type\":\"PropertyValueSpecification\",\"valueRequired\":true,\"valueName\":\"search_term_string\"}}],\"inLanguage\":\"es\"},{\"@type\":\"Organization\",\"@id\":\"https:\/\/sare.eus\/#organization\",\"name\":\"Sare Herritarra\",\"url\":\"https:\/\/sare.eus\/\",\"logo\":{\"@type\":\"ImageObject\",\"inLanguage\":\"es\",\"@id\":\"https:\/\/sare.eus\/#\/schema\/logo\/image\/\",\"url\":\"https:\/\/sare.eus\/wp-content\/uploads\/2021\/08\/sare.png\",\"contentUrl\":\"https:\/\/sare.eus\/wp-content\/uploads\/2021\/08\/sare.png\",\"width\":120,\"height\":142,\"caption\":\"Sare Herritarra\"},\"image\":{\"@id\":\"https:\/\/sare.eus\/#\/schema\/logo\/image\/\"}},{\"@type\":\"Person\",\"@id\":\"https:\/\/sare.eus\/#\/schema\/person\/2fe6d0df294f56313d3ab236dbe38e17\",\"name\":\"sare\",\"image\":{\"@type\":\"ImageObject\",\"inLanguage\":\"es\",\"@id\":\"https:\/\/sare.eus\/#\/schema\/person\/image\/\",\"url\":\"https:\/\/secure.gravatar.com\/avatar\/77cad838677ceb1977e7b3c878b55eaa7fa4aae2158983063b047c3ad7ef2c25?s=96&d=mm&r=g\",\"contentUrl\":\"https:\/\/secure.gravatar.com\/avatar\/77cad838677ceb1977e7b3c878b55eaa7fa4aae2158983063b047c3ad7ef2c25?s=96&d=mm&r=g\",\"caption\":\"sare\"},\"url\":\"https:\/\/sare.eus\/es\/author\/sare\/\"}]}<\/script>\n<!-- \/ Yoast SEO plugin. -->","yoast_head_json":{"title":"Concentraciones de los Sindicatos (20-VI-2024) - Sare Herritarra","robots":{"index":"index","follow":"follow","max-snippet":"max-snippet:-1","max-image-preview":"max-image-preview:large","max-video-preview":"max-video-preview:-1"},"canonical":"https:\/\/sare.eus\/es\/concentraciones-de-los-sindicatos-20-vi-2024\/","og_locale":"es_ES","og_type":"article","og_title":"Concentraciones de los Sindicatos (20-VI-2024) - Sare Herritarra","og_description":"Una vez m\u00e1s, hoy los representantes sindicales volvemos a salir a las calles Iru\u00f1ea, Gasteiz, Donostia y Bilbo para decir alto y claro que nos reafirmamos en el proceso de [&hellip;]","og_url":"https:\/\/sare.eus\/es\/concentraciones-de-los-sindicatos-20-vi-2024\/","og_site_name":"Sare Herritarra","article_published_time":"2024-06-27T12:57:55+00:00","article_modified_time":"2024-06-27T13:12:22+00:00","og_image":[{"width":1280,"height":852,"url":"https:\/\/sare.eus\/wp-content\/uploads\/2024\/06\/photo_6048847999578260815_y.jpg","type":"image\/jpeg"}],"author":"sare","twitter_card":"summary_large_image","twitter_misc":{"Escrito por":"sare","Tiempo de lectura":"1 minuto"},"schema":{"@context":"https:\/\/schema.org","@graph":[{"@type":"Article","@id":"https:\/\/sare.eus\/es\/concentraciones-de-los-sindicatos-20-vi-2024\/#article","isPartOf":{"@id":"https:\/\/sare.eus\/es\/concentraciones-de-los-sindicatos-20-vi-2024\/"},"author":{"name":"sare","@id":"https:\/\/sare.eus\/#\/schema\/person\/2fe6d0df294f56313d3ab236dbe38e17"},"headline":"Concentraciones de los Sindicatos (20-VI-2024)","datePublished":"2024-06-27T12:57:55+00:00","dateModified":"2024-06-27T13:12:22+00:00","mainEntityOfPage":{"@id":"https:\/\/sare.eus\/es\/concentraciones-de-los-sindicatos-20-vi-2024\/"},"wordCount":242,"publisher":{"@id":"https:\/\/sare.eus\/#organization"},"image":{"@id":"https:\/\/sare.eus\/es\/concentraciones-de-los-sindicatos-20-vi-2024\/#primaryimage"},"thumbnailUrl":"https:\/\/sare.eus\/wp-content\/uploads\/2024\/06\/photo_6048847999578260815_y.jpg","articleSection":["Leyes de Excepci\u00f3n"],"inLanguage":"es"},{"@type":"WebPage","@id":"https:\/\/sare.eus\/es\/concentraciones-de-los-sindicatos-20-vi-2024\/","url":"https:\/\/sare.eus\/es\/concentraciones-de-los-sindicatos-20-vi-2024\/","name":"Concentraciones de los Sindicatos (20-VI-2024) - Sare Herritarra","isPartOf":{"@id":"https:\/\/sare.eus\/#website"},"primaryImageOfPage":{"@id":"https:\/\/sare.eus\/es\/concentraciones-de-los-sindicatos-20-vi-2024\/#primaryimage"},"image":{"@id":"https:\/\/sare.eus\/es\/concentraciones-de-los-sindicatos-20-vi-2024\/#primaryimage"},"thumbnailUrl":"https:\/\/sare.eus\/wp-content\/uploads\/2024\/06\/photo_6048847999578260815_y.jpg","datePublished":"2024-06-27T12:57:55+00:00","dateModified":"2024-06-27T13:12:22+00:00","breadcrumb":{"@id":"https:\/\/sare.eus\/es\/concentraciones-de-los-sindicatos-20-vi-2024\/#breadcrumb"},"inLanguage":"es","potentialAction":[{"@type":"ReadAction","target":["https:\/\/sare.eus\/es\/concentraciones-de-los-sindicatos-20-vi-2024\/"]}]},{"@type":"ImageObject","inLanguage":"es","@id":"https:\/\/sare.eus\/es\/concentraciones-de-los-sindicatos-20-vi-2024\/#primaryimage","url":"https:\/\/sare.eus\/wp-content\/uploads\/2024\/06\/photo_6048847999578260815_y.jpg","contentUrl":"https:\/\/sare.eus\/wp-content\/uploads\/2024\/06\/photo_6048847999578260815_y.jpg","width":1280,"height":852},{"@type":"BreadcrumbList","@id":"https:\/\/sare.eus\/es\/concentraciones-de-los-sindicatos-20-vi-2024\/#breadcrumb","itemListElement":[{"@type":"ListItem","position":1,"name":"Home","item":"https:\/\/sare.eus\/"},{"@type":"ListItem","position":2,"name":"Concentraciones de los Sindicatos (20-VI-2024)"}]},{"@type":"WebSite","@id":"https:\/\/sare.eus\/#website","url":"https:\/\/sare.eus\/","name":"Sare Herritarra","description":"KONPONBIDEAREN ETA GIZA ESKUBIDEEN ALDEKO SARE HERRITARRA","publisher":{"@id":"https:\/\/sare.eus\/#organization"},"potentialAction":[{"@type":"SearchAction","target":{"@type":"EntryPoint","urlTemplate":"https:\/\/sare.eus\/?s={search_term_string}"},"query-input":{"@type":"PropertyValueSpecification","valueRequired":true,"valueName":"search_term_string"}}],"inLanguage":"es"},{"@type":"Organization","@id":"https:\/\/sare.eus\/#organization","name":"Sare Herritarra","url":"https:\/\/sare.eus\/","logo":{"@type":"ImageObject","inLanguage":"es","@id":"https:\/\/sare.eus\/#\/schema\/logo\/image\/","url":"https:\/\/sare.eus\/wp-content\/uploads\/2021\/08\/sare.png","contentUrl":"https:\/\/sare.eus\/wp-content\/uploads\/2021\/08\/sare.png","width":120,"height":142,"caption":"Sare Herritarra"},"image":{"@id":"https:\/\/sare.eus\/#\/schema\/logo\/image\/"}},{"@type":"Person","@id":"https:\/\/sare.eus\/#\/schema\/person\/2fe6d0df294f56313d3ab236dbe38e17","name":"sare","image":{"@type":"ImageObject","inLanguage":"es","@id":"https:\/\/sare.eus\/#\/schema\/person\/image\/","url":"https:\/\/secure.gravatar.com\/avatar\/77cad838677ceb1977e7b3c878b55eaa7fa4aae2158983063b047c3ad7ef2c25?s=96&d=mm&r=g","contentUrl":"https:\/\/secure.gravatar.com\/avatar\/77cad838677ceb1977e7b3c878b55eaa7fa4aae2158983063b047c3ad7ef2c25?s=96&d=mm&r=g","caption":"sare"},"url":"https:\/\/sare.eus\/es\/author\/sare\/"}]}},"_links":{"self":[{"href":"https:\/\/sare.eus\/es\/wp-json\/wp\/v2\/posts\/6117","targetHints":{"allow":["GET"]}}],"collection":[{"href":"https:\/\/sare.eus\/es\/wp-json\/wp\/v2\/posts"}],"about":[{"href":"https:\/\/sare.eus\/es\/wp-json\/wp\/v2\/types\/post"}],"author":[{"embeddable":true,"href":"https:\/\/sare.eus\/es\/wp-json\/wp\/v2\/users\/2"}],"replies":[{"embeddable":true,"href":"https:\/\/sare.eus\/es\/wp-json\/wp\/v2\/comments?post=6117"}],"version-history":[{"count":2,"href":"https:\/\/sare.eus\/es\/wp-json\/wp\/v2\/posts\/6117\/revisions"}],"predecessor-version":[{"id":6119,"href":"https:\/\/sare.eus\/es\/wp-json\/wp\/v2\/posts\/6117\/revisions\/6119"}],"wp:featuredmedia":[{"embeddable":true,"href":"https:\/\/sare.eus\/es\/wp-json\/wp\/v2\/media\/6120"}],"wp:attachment":[{"href":"https:\/\/sare.eus\/es\/wp-json\/wp\/v2\/media?parent=6117"}],"wp:term":[{"taxonomy":"category","embeddable":true,"href":"https:\/\/sare.eus\/es\/wp-json\/wp\/v2\/categories?post=6117"},{"taxonomy":"post_tag","embeddable":true,"href":"https:\/\/sare.eus\/es\/wp-json\/wp\/v2\/tags?post=6117"}],"curies":[{"name":"wp","href":"https:\/\/api.w.org\/{rel}","templated":true}]}}