{"id":6043,"date":"2024-06-20T17:56:21","date_gmt":"2024-06-20T17:56:21","guid":{"rendered":"https:\/\/sare.eus\/?p=6043"},"modified":"2024-06-20T17:56:21","modified_gmt":"2024-06-20T17:56:21","slug":"etxera-kalejira-4-de-julio","status":"publish","type":"post","link":"https:\/\/sare.eus\/es\/etxera-kalejira-4-de-julio\/","title":{"rendered":"SARE y Etxerat organizan una Kalejira en Iru\u00f1ea para el 4 de julio"},"content":{"rendered":"<p>Se acercan los d\u00edas en que Pamplona, nuestra Iru\u00f1ea, volver\u00e1 a convertirse en capital del mundo. D\u00edas de de fiesta, de m\u00fasicas y bailes, d\u00edas de brindis y momenticos a miles. D\u00edas de encuentros, de abrazos; d\u00edas en los que Iru\u00f1ea se abre al mundo y el mundo se mira en Iru\u00f1ea.<\/p>\n<p>El deseo que tenemos por sumergirnos en la magia de la fiesta no impide que seamos conscientes de que vivimos momentos de alta tensi\u00f3n pol\u00edtica, cargada de crispaci\u00f3n y, tambi\u00e9n, de cierta incertidumbre por lo que el futuro pueda deparar. Constatamos que todav\u00eda son muy fuertes las inercias que pretenden arrastrarnos a ese pasado de sufrimiento y conflicto del que tanto esfuerzo nos ha costado salir.<\/p>\n<p><img loading=\"lazy\" decoding=\"async\" class=\"wp-image-6040 alignleft\" src=\"https:\/\/sare.eus\/wp-content\/uploads\/2024\/06\/ETXERA-ETXERA-KALEJIRA-WEB-212x300.jpg\" alt=\"\" width=\"450\" height=\"636\" srcset=\"https:\/\/sare.eus\/wp-content\/uploads\/2024\/06\/ETXERA-ETXERA-KALEJIRA-WEB-212x300.jpg 212w, https:\/\/sare.eus\/wp-content\/uploads\/2024\/06\/ETXERA-ETXERA-KALEJIRA-WEB-724x1024.jpg 724w, https:\/\/sare.eus\/wp-content\/uploads\/2024\/06\/ETXERA-ETXERA-KALEJIRA-WEB-768x1086.jpg 768w, https:\/\/sare.eus\/wp-content\/uploads\/2024\/06\/ETXERA-ETXERA-KALEJIRA-WEB-1086x1536.jpg 1086w, https:\/\/sare.eus\/wp-content\/uploads\/2024\/06\/ETXERA-ETXERA-KALEJIRA-WEB-1448x2048.jpg 1448w, https:\/\/sare.eus\/wp-content\/uploads\/2024\/06\/ETXERA-ETXERA-KALEJIRA-WEB-1080x1527.jpg 1080w, https:\/\/sare.eus\/wp-content\/uploads\/2024\/06\/ETXERA-ETXERA-KALEJIRA-WEB-scaled.jpg 1810w\" sizes=\"(max-width: 450px) 100vw, 450px\" \/>Si se nos permite un s\u00edmil sanferminero; diremos que en el encierro no vale correr para atr\u00e1s. Avanzar es la \u00fanica alternativa y la plaza el destino final de todas y todos. El punto de encuentro. Nuestra sociedad ha superado ya la cuesta del conflicto m\u00e1s enconado; ha girado sin apenas resbalar el camino hacia la convivencia y las soluciones democr\u00e1ticas y atisba ya el portal\u00f3n de la Plaza, ese lugar donde las ideas se confrontar\u00e1n sin violencia y sin conculcar los derechos de nadie. La pol\u00edtica penitenciaria que se apoya en la excepcionalidad para ralentizar artificialmente la vuelta a casa de presas y presos hace lo mismo que quienes no saben correr el encierro. Entorpecen el curso normal de la carrera y crean situaciones de riesgo que causan heridas, sufrimiento gratuito y, en no pocas ocasiones, da\u00f1os irreparables. Urge por tanto sacar a la pol\u00edtica de excepci\u00f3n afuera del vallado. Cuanto antes mejor.<\/p>\n<p>Porque sinceramente creemos que ya toca su retirada. Toca que \u201cETXERA\u201d pase de ser una reivindicaci\u00f3n a convertirse en un logro de todas y todos. Un avance del que todas podamos sentirnos satisfechas y todas ganemos. S\u00ed, todas ganamos cuando se acaba con la conculcaci\u00f3n de derechos; todas ganamos cuando se acaba con las pol\u00edticas de excepci\u00f3n y de venganza; todas ganamos cuando sacamos sufrimiento de la ecuaci\u00f3n pol\u00edtica para abrir paso de par en par a escenarios de convivencia, a escenarios de memoria inclusiva, a escenarios de reencuentro.<\/p>\n<p>En este sentido, el 4 de julio, en v\u00edsperas de San Ferm\u00edn, y a partir de las 19:30 h, haremos una movilizaci\u00f3n especial que partir\u00e1 desde Sarasate: ETXERA KALEJIRA, por la soluci\u00f3n, la convivencia y la vuelta a casa.<\/p>\n<p>Hacemos un llamamiento a la ciudadan\u00eda de Iru\u00f1erria para que se una a esta movilizaci\u00f3n. <strong>\u00a1Stop medidas de excepci\u00f3n! Denak ETXERA!<\/strong><\/p>\n<p>&nbsp;<\/p>\n","protected":false},"excerpt":{"rendered":"<p>Se acercan los d\u00edas en que Pamplona, nuestra Iru\u00f1ea, volver\u00e1 a convertirse en capital del mundo. D\u00edas de de fiesta, de m\u00fasicas y bailes, d\u00edas de brindis y momenticos a [&hellip;]<\/p>\n","protected":false},"author":2,"featured_media":6046,"comment_status":"closed","ping_status":"closed","sticky":false,"template":"","format":"standard","meta":{"_acf_changed":false,"_et_pb_use_builder":"","_et_pb_old_content":"","_et_gb_content_width":"","footnotes":""},"categories":[60],"tags":[],"class_list":["post-6043","post","type-post","status-publish","format-standard","has-post-thumbnail","hentry","category-etxera-es","et-has-post-format-content","et_post_format-et-post-format-standard"],"acf":[],"yoast_head":"<!-- This site is optimized with the Yoast SEO plugin v26.4 - https:\/\/yoast.com\/wordpress\/plugins\/seo\/ -->\n<title>SARE y Etxerat organizan una Kalejira en Iru\u00f1ea para el 4 de julio - Sare Herritarra<\/title>\n<meta name=\"robots\" content=\"index, follow, max-snippet:-1, max-image-preview:large, max-video-preview:-1\" \/>\n<link rel=\"canonical\" href=\"https:\/\/sare.eus\/es\/etxera-kalejira-4-de-julio\/\" \/>\n<meta property=\"og:locale\" content=\"es_ES\" \/>\n<meta property=\"og:type\" content=\"article\" \/>\n<meta property=\"og:title\" content=\"SARE y Etxerat organizan una Kalejira en Iru\u00f1ea para el 4 de julio - Sare Herritarra\" \/>\n<meta property=\"og:description\" content=\"Se acercan los d\u00edas en que Pamplona, nuestra Iru\u00f1ea, volver\u00e1 a convertirse en capital del mundo. D\u00edas de de fiesta, de m\u00fasicas y bailes, d\u00edas de brindis y momenticos a [&hellip;]\" \/>\n<meta property=\"og:url\" content=\"https:\/\/sare.eus\/es\/etxera-kalejira-4-de-julio\/\" \/>\n<meta property=\"og:site_name\" content=\"Sare Herritarra\" \/>\n<meta property=\"article:published_time\" content=\"2024-06-20T17:56:21+00:00\" \/>\n<meta property=\"og:image\" content=\"https:\/\/sare.eus\/wp-content\/uploads\/2024\/06\/IMG_20240620_191328_625.jpg\" \/>\n\t<meta property=\"og:image:width\" content=\"1280\" \/>\n\t<meta property=\"og:image:height\" content=\"853\" \/>\n\t<meta property=\"og:image:type\" content=\"image\/jpeg\" \/>\n<meta name=\"author\" content=\"sare\" \/>\n<meta name=\"twitter:card\" content=\"summary_large_image\" \/>\n<meta name=\"twitter:label1\" content=\"Escrito por\" \/>\n\t<meta name=\"twitter:data1\" content=\"sare\" \/>\n\t<meta name=\"twitter:label2\" content=\"Tiempo de lectura\" \/>\n\t<meta name=\"twitter:data2\" content=\"2 minutos\" \/>\n<script type=\"application\/ld+json\" class=\"yoast-schema-graph\">{\"@context\":\"https:\/\/schema.org\",\"@graph\":[{\"@type\":\"Article\",\"@id\":\"https:\/\/sare.eus\/es\/etxera-kalejira-4-de-julio\/#article\",\"isPartOf\":{\"@id\":\"https:\/\/sare.eus\/es\/etxera-kalejira-4-de-julio\/\"},\"author\":{\"name\":\"sare\",\"@id\":\"https:\/\/sare.eus\/#\/schema\/person\/2fe6d0df294f56313d3ab236dbe38e17\"},\"headline\":\"SARE y Etxerat organizan una Kalejira en Iru\u00f1ea para el 4 de julio\",\"datePublished\":\"2024-06-20T17:56:21+00:00\",\"mainEntityOfPage\":{\"@id\":\"https:\/\/sare.eus\/es\/etxera-kalejira-4-de-julio\/\"},\"wordCount\":471,\"publisher\":{\"@id\":\"https:\/\/sare.eus\/#organization\"},\"image\":{\"@id\":\"https:\/\/sare.eus\/es\/etxera-kalejira-4-de-julio\/#primaryimage\"},\"thumbnailUrl\":\"https:\/\/sare.eus\/wp-content\/uploads\/2024\/06\/IMG_20240620_191328_625.jpg\",\"articleSection\":[\"Etxera\"],\"inLanguage\":\"es\"},{\"@type\":\"WebPage\",\"@id\":\"https:\/\/sare.eus\/es\/etxera-kalejira-4-de-julio\/\",\"url\":\"https:\/\/sare.eus\/es\/etxera-kalejira-4-de-julio\/\",\"name\":\"SARE y Etxerat organizan una Kalejira en Iru\u00f1ea para el 4 de julio - Sare Herritarra\",\"isPartOf\":{\"@id\":\"https:\/\/sare.eus\/#website\"},\"primaryImageOfPage\":{\"@id\":\"https:\/\/sare.eus\/es\/etxera-kalejira-4-de-julio\/#primaryimage\"},\"image\":{\"@id\":\"https:\/\/sare.eus\/es\/etxera-kalejira-4-de-julio\/#primaryimage\"},\"thumbnailUrl\":\"https:\/\/sare.eus\/wp-content\/uploads\/2024\/06\/IMG_20240620_191328_625.jpg\",\"datePublished\":\"2024-06-20T17:56:21+00:00\",\"breadcrumb\":{\"@id\":\"https:\/\/sare.eus\/es\/etxera-kalejira-4-de-julio\/#breadcrumb\"},\"inLanguage\":\"es\",\"potentialAction\":[{\"@type\":\"ReadAction\",\"target\":[\"https:\/\/sare.eus\/es\/etxera-kalejira-4-de-julio\/\"]}]},{\"@type\":\"ImageObject\",\"inLanguage\":\"es\",\"@id\":\"https:\/\/sare.eus\/es\/etxera-kalejira-4-de-julio\/#primaryimage\",\"url\":\"https:\/\/sare.eus\/wp-content\/uploads\/2024\/06\/IMG_20240620_191328_625.jpg\",\"contentUrl\":\"https:\/\/sare.eus\/wp-content\/uploads\/2024\/06\/IMG_20240620_191328_625.jpg\",\"width\":1280,\"height\":853},{\"@type\":\"BreadcrumbList\",\"@id\":\"https:\/\/sare.eus\/es\/etxera-kalejira-4-de-julio\/#breadcrumb\",\"itemListElement\":[{\"@type\":\"ListItem\",\"position\":1,\"name\":\"Home\",\"item\":\"https:\/\/sare.eus\/\"},{\"@type\":\"ListItem\",\"position\":2,\"name\":\"SARE y Etxerat organizan una Kalejira en Iru\u00f1ea para el 4 de julio\"}]},{\"@type\":\"WebSite\",\"@id\":\"https:\/\/sare.eus\/#website\",\"url\":\"https:\/\/sare.eus\/\",\"name\":\"Sare Herritarra\",\"description\":\"KONPONBIDEAREN ETA GIZA ESKUBIDEEN ALDEKO SARE HERRITARRA\",\"publisher\":{\"@id\":\"https:\/\/sare.eus\/#organization\"},\"potentialAction\":[{\"@type\":\"SearchAction\",\"target\":{\"@type\":\"EntryPoint\",\"urlTemplate\":\"https:\/\/sare.eus\/?s={search_term_string}\"},\"query-input\":{\"@type\":\"PropertyValueSpecification\",\"valueRequired\":true,\"valueName\":\"search_term_string\"}}],\"inLanguage\":\"es\"},{\"@type\":\"Organization\",\"@id\":\"https:\/\/sare.eus\/#organization\",\"name\":\"Sare Herritarra\",\"url\":\"https:\/\/sare.eus\/\",\"logo\":{\"@type\":\"ImageObject\",\"inLanguage\":\"es\",\"@id\":\"https:\/\/sare.eus\/#\/schema\/logo\/image\/\",\"url\":\"https:\/\/sare.eus\/wp-content\/uploads\/2021\/08\/sare.png\",\"contentUrl\":\"https:\/\/sare.eus\/wp-content\/uploads\/2021\/08\/sare.png\",\"width\":120,\"height\":142,\"caption\":\"Sare Herritarra\"},\"image\":{\"@id\":\"https:\/\/sare.eus\/#\/schema\/logo\/image\/\"}},{\"@type\":\"Person\",\"@id\":\"https:\/\/sare.eus\/#\/schema\/person\/2fe6d0df294f56313d3ab236dbe38e17\",\"name\":\"sare\",\"image\":{\"@type\":\"ImageObject\",\"inLanguage\":\"es\",\"@id\":\"https:\/\/sare.eus\/#\/schema\/person\/image\/\",\"url\":\"https:\/\/secure.gravatar.com\/avatar\/77cad838677ceb1977e7b3c878b55eaa7fa4aae2158983063b047c3ad7ef2c25?s=96&d=mm&r=g\",\"contentUrl\":\"https:\/\/secure.gravatar.com\/avatar\/77cad838677ceb1977e7b3c878b55eaa7fa4aae2158983063b047c3ad7ef2c25?s=96&d=mm&r=g\",\"caption\":\"sare\"},\"url\":\"https:\/\/sare.eus\/es\/author\/sare\/\"}]}<\/script>\n<!-- \/ Yoast SEO plugin. -->","yoast_head_json":{"title":"SARE y Etxerat organizan una Kalejira en Iru\u00f1ea para el 4 de julio - Sare Herritarra","robots":{"index":"index","follow":"follow","max-snippet":"max-snippet:-1","max-image-preview":"max-image-preview:large","max-video-preview":"max-video-preview:-1"},"canonical":"https:\/\/sare.eus\/es\/etxera-kalejira-4-de-julio\/","og_locale":"es_ES","og_type":"article","og_title":"SARE y Etxerat organizan una Kalejira en Iru\u00f1ea para el 4 de julio - Sare Herritarra","og_description":"Se acercan los d\u00edas en que Pamplona, nuestra Iru\u00f1ea, volver\u00e1 a convertirse en capital del mundo. D\u00edas de de fiesta, de m\u00fasicas y bailes, d\u00edas de brindis y momenticos a [&hellip;]","og_url":"https:\/\/sare.eus\/es\/etxera-kalejira-4-de-julio\/","og_site_name":"Sare Herritarra","article_published_time":"2024-06-20T17:56:21+00:00","og_image":[{"width":1280,"height":853,"url":"https:\/\/sare.eus\/wp-content\/uploads\/2024\/06\/IMG_20240620_191328_625.jpg","type":"image\/jpeg"}],"author":"sare","twitter_card":"summary_large_image","twitter_misc":{"Escrito por":"sare","Tiempo de lectura":"2 minutos"},"schema":{"@context":"https:\/\/schema.org","@graph":[{"@type":"Article","@id":"https:\/\/sare.eus\/es\/etxera-kalejira-4-de-julio\/#article","isPartOf":{"@id":"https:\/\/sare.eus\/es\/etxera-kalejira-4-de-julio\/"},"author":{"name":"sare","@id":"https:\/\/sare.eus\/#\/schema\/person\/2fe6d0df294f56313d3ab236dbe38e17"},"headline":"SARE y Etxerat organizan una Kalejira en Iru\u00f1ea para el 4 de julio","datePublished":"2024-06-20T17:56:21+00:00","mainEntityOfPage":{"@id":"https:\/\/sare.eus\/es\/etxera-kalejira-4-de-julio\/"},"wordCount":471,"publisher":{"@id":"https:\/\/sare.eus\/#organization"},"image":{"@id":"https:\/\/sare.eus\/es\/etxera-kalejira-4-de-julio\/#primaryimage"},"thumbnailUrl":"https:\/\/sare.eus\/wp-content\/uploads\/2024\/06\/IMG_20240620_191328_625.jpg","articleSection":["Etxera"],"inLanguage":"es"},{"@type":"WebPage","@id":"https:\/\/sare.eus\/es\/etxera-kalejira-4-de-julio\/","url":"https:\/\/sare.eus\/es\/etxera-kalejira-4-de-julio\/","name":"SARE y Etxerat organizan una Kalejira en Iru\u00f1ea para el 4 de julio - Sare Herritarra","isPartOf":{"@id":"https:\/\/sare.eus\/#website"},"primaryImageOfPage":{"@id":"https:\/\/sare.eus\/es\/etxera-kalejira-4-de-julio\/#primaryimage"},"image":{"@id":"https:\/\/sare.eus\/es\/etxera-kalejira-4-de-julio\/#primaryimage"},"thumbnailUrl":"https:\/\/sare.eus\/wp-content\/uploads\/2024\/06\/IMG_20240620_191328_625.jpg","datePublished":"2024-06-20T17:56:21+00:00","breadcrumb":{"@id":"https:\/\/sare.eus\/es\/etxera-kalejira-4-de-julio\/#breadcrumb"},"inLanguage":"es","potentialAction":[{"@type":"ReadAction","target":["https:\/\/sare.eus\/es\/etxera-kalejira-4-de-julio\/"]}]},{"@type":"ImageObject","inLanguage":"es","@id":"https:\/\/sare.eus\/es\/etxera-kalejira-4-de-julio\/#primaryimage","url":"https:\/\/sare.eus\/wp-content\/uploads\/2024\/06\/IMG_20240620_191328_625.jpg","contentUrl":"https:\/\/sare.eus\/wp-content\/uploads\/2024\/06\/IMG_20240620_191328_625.jpg","width":1280,"height":853},{"@type":"BreadcrumbList","@id":"https:\/\/sare.eus\/es\/etxera-kalejira-4-de-julio\/#breadcrumb","itemListElement":[{"@type":"ListItem","position":1,"name":"Home","item":"https:\/\/sare.eus\/"},{"@type":"ListItem","position":2,"name":"SARE y Etxerat organizan una Kalejira en Iru\u00f1ea para el 4 de julio"}]},{"@type":"WebSite","@id":"https:\/\/sare.eus\/#website","url":"https:\/\/sare.eus\/","name":"Sare Herritarra","description":"KONPONBIDEAREN ETA GIZA ESKUBIDEEN ALDEKO SARE HERRITARRA","publisher":{"@id":"https:\/\/sare.eus\/#organization"},"potentialAction":[{"@type":"SearchAction","target":{"@type":"EntryPoint","urlTemplate":"https:\/\/sare.eus\/?s={search_term_string}"},"query-input":{"@type":"PropertyValueSpecification","valueRequired":true,"valueName":"search_term_string"}}],"inLanguage":"es"},{"@type":"Organization","@id":"https:\/\/sare.eus\/#organization","name":"Sare Herritarra","url":"https:\/\/sare.eus\/","logo":{"@type":"ImageObject","inLanguage":"es","@id":"https:\/\/sare.eus\/#\/schema\/logo\/image\/","url":"https:\/\/sare.eus\/wp-content\/uploads\/2021\/08\/sare.png","contentUrl":"https:\/\/sare.eus\/wp-content\/uploads\/2021\/08\/sare.png","width":120,"height":142,"caption":"Sare Herritarra"},"image":{"@id":"https:\/\/sare.eus\/#\/schema\/logo\/image\/"}},{"@type":"Person","@id":"https:\/\/sare.eus\/#\/schema\/person\/2fe6d0df294f56313d3ab236dbe38e17","name":"sare","image":{"@type":"ImageObject","inLanguage":"es","@id":"https:\/\/sare.eus\/#\/schema\/person\/image\/","url":"https:\/\/secure.gravatar.com\/avatar\/77cad838677ceb1977e7b3c878b55eaa7fa4aae2158983063b047c3ad7ef2c25?s=96&d=mm&r=g","contentUrl":"https:\/\/secure.gravatar.com\/avatar\/77cad838677ceb1977e7b3c878b55eaa7fa4aae2158983063b047c3ad7ef2c25?s=96&d=mm&r=g","caption":"sare"},"url":"https:\/\/sare.eus\/es\/author\/sare\/"}]}},"_links":{"self":[{"href":"https:\/\/sare.eus\/es\/wp-json\/wp\/v2\/posts\/6043","targetHints":{"allow":["GET"]}}],"collection":[{"href":"https:\/\/sare.eus\/es\/wp-json\/wp\/v2\/posts"}],"about":[{"href":"https:\/\/sare.eus\/es\/wp-json\/wp\/v2\/types\/post"}],"author":[{"embeddable":true,"href":"https:\/\/sare.eus\/es\/wp-json\/wp\/v2\/users\/2"}],"replies":[{"embeddable":true,"href":"https:\/\/sare.eus\/es\/wp-json\/wp\/v2\/comments?post=6043"}],"version-history":[{"count":1,"href":"https:\/\/sare.eus\/es\/wp-json\/wp\/v2\/posts\/6043\/revisions"}],"predecessor-version":[{"id":6044,"href":"https:\/\/sare.eus\/es\/wp-json\/wp\/v2\/posts\/6043\/revisions\/6044"}],"wp:featuredmedia":[{"embeddable":true,"href":"https:\/\/sare.eus\/es\/wp-json\/wp\/v2\/media\/6046"}],"wp:attachment":[{"href":"https:\/\/sare.eus\/es\/wp-json\/wp\/v2\/media?parent=6043"}],"wp:term":[{"taxonomy":"category","embeddable":true,"href":"https:\/\/sare.eus\/es\/wp-json\/wp\/v2\/categories?post=6043"},{"taxonomy":"post_tag","embeddable":true,"href":"https:\/\/sare.eus\/es\/wp-json\/wp\/v2\/tags?post=6043"}],"curies":[{"name":"wp","href":"https:\/\/api.w.org\/{rel}","templated":true}]}}