{"id":6023,"date":"2024-06-10T09:39:05","date_gmt":"2024-06-10T09:39:05","guid":{"rendered":"https:\/\/sare.eus\/etxera-denda-udako-kolekzioa-2024\/"},"modified":"2024-06-10T10:02:22","modified_gmt":"2024-06-10T10:02:22","slug":"etxera-denda-coleccion-de-verano-2024","status":"publish","type":"post","link":"https:\/\/sare.eus\/es\/etxera-denda-coleccion-de-verano-2024\/","title":{"rendered":"Etxera denda | Colecci\u00f3n de Verano 2024"},"content":{"rendered":"<p>[et_pb_section fb_built=\u00bb1&#8243; admin_label=\u00bbSection\u00bb _builder_version=\u00bb4.14.4&#8243; _module_preset=\u00bbdefault\u00bb global_colors_info=\u00bb{}\u00bb][et_pb_row _builder_version=\u00bb4.14.4&#8243; _module_preset=\u00bbdefault\u00bb global_colors_info=\u00bb{}\u00bb][et_pb_column type=\u00bb4_4&#8243; _builder_version=\u00bb4.14.4&#8243; _module_preset=\u00bbdefault\u00bb global_colors_info=\u00bb{}\u00bb][et_pb_text admin_label=\u00bbText\u00bb _builder_version=\u00bb4.14.4&#8243; _module_preset=\u00bbdefault\u00bb global_colors_info=\u00bb{}\u00bb]<\/p>\n<p><strong>V\u00edstete este Verano con Merchan de Etxera<\/strong><\/p>\n<p>Camisetas, polos, viseras, boinas, sudaderas, pa\u00f1uelos, s\u00edmbolos, pines&#8230;<\/p>\n<p><a href=\"https:\/\/serigrafia.eus\/shop\/etxera\/eu\/\" target=\"_blank\" rel=\"noopener\">YA a la venta en nuestra web<\/a><\/p>\n<p>[\/et_pb_text][\/et_pb_column][\/et_pb_row][et_pb_row column_structure=\u00bb1_4,1_4,1_4,1_4&#8243; _builder_version=\u00bb4.14.4&#8243; _module_preset=\u00bbdefault\u00bb global_colors_info=\u00bb{}\u00bb][et_pb_column type=\u00bb1_4&#8243; _builder_version=\u00bb4.14.4&#8243; _module_preset=\u00bbdefault\u00bb global_colors_info=\u00bb{}\u00bb][et_pb_text _builder_version=\u00bb4.14.4&#8243; _module_preset=\u00bbdefault\u00bb global_colors_info=\u00bb{}\u00bb]<\/p>\n<p class=\"h1 product-detail-name\"><a href=\"https:\/\/serigrafia.eus\/shop\/etxera\/eu\/kamiseta-gris-raton-transfer\/2303-19710-kamiseta-zabala-transferetxera-karratua.html#\/6-kolorea_-gris_iluna\/26-neurria-xl\" target=\"_blank\" rel=\"noopener\">KAMISETA GRIS ILUNA ZABALA TRANSFER ETXERA KARRATUA<\/a><\/p>\n<p><img decoding=\"async\" src=\"https:\/\/serigrafia.eus\/shop\/etxera\/6269-large_default\/kamiseta-zabala-transferetxera-karratua.jpg\" \/><\/p>\n<p>[\/et_pb_text][\/et_pb_column][et_pb_column type=\u00bb1_4&#8243; _builder_version=\u00bb4.14.4&#8243; _module_preset=\u00bbdefault\u00bb global_colors_info=\u00bb{}\u00bb][et_pb_text admin_label=\u00bbText\u00bb _builder_version=\u00bb4.14.4&#8243; _module_preset=\u00bbdefault\u00bb global_colors_info=\u00bb{}\u00bb]<\/p>\n<p><a href=\"https:\/\/serigrafia.eus\/shop\/etxera\/eu\/kamiseta-berde-jaspeatua-transfer\/2304-19712-kamiseta-berde-argia-zabala-transferetxera-karratua.html#\/1-neurria-s\/227-kolorea_-berde_jaspeatua\" target=\"_blank\" rel=\"noopener\">KAMISETA BERDE ARGIA ZABALA TRANSFER_ETXERA KARRATUA<\/a><\/p>\n<p><img decoding=\"async\" src=\"https:\/\/serigrafia.eus\/shop\/etxera\/6274-large_default\/kamiseta-estua-berde-argia-transferetxera-karratua.jpg\" \/><\/p>\n<p>&nbsp;<\/p>\n<p>[\/et_pb_text][\/et_pb_column][et_pb_column type=\u00bb1_4&#8243; _builder_version=\u00bb4.14.4&#8243; _module_preset=\u00bbdefault\u00bb global_colors_info=\u00bb{}\u00bb][et_pb_text _builder_version=\u00bb4.14.4&#8243; _module_preset=\u00bbdefault\u00bb global_colors_info=\u00bb{}\u00bb]<\/p>\n<p><a href=\"https:\/\/serigrafia.eus\/shop\/etxera\/eu\/kamiseta-cuerda-transfer\/2308-19732-kamiseta-estua-beige-transferetxera-karratua.html#\/1-neurria-s\/226-kolorea_-cuerda\" target=\"_blank\" rel=\"noopener\">KAMISETA ESTUA BEIGE TRANSFER_ETXERA KARRATUA<\/a><\/p>\n<p><img decoding=\"async\" src=\"https:\/\/serigrafia.eus\/shop\/etxera\/6275-large_default\/kamiseta-estua-beige-transferetxera-karratua.jpg\" \/><\/p>\n<p>[\/et_pb_text][\/et_pb_column][et_pb_column type=\u00bb1_4&#8243; _builder_version=\u00bb4.14.4&#8243; _module_preset=\u00bbdefault\u00bb global_colors_info=\u00bb{}\u00bb][et_pb_text _builder_version=\u00bb4.14.4&#8243; _module_preset=\u00bbdefault\u00bb global_colors_info=\u00bb{}\u00bb]<\/p>\n<p><a href=\"https:\/\/serigrafia.eus\/shop\/etxera\/eu\/kaputxadun-sudadera-organikoa-transfer\/2309-19737-sudadera-organikoa-zabala-transferetxera-karratua.html#\/1-neurria-s\/228-kolorea_-sage\" target=\"_blank\" rel=\"noopener\">SUDADERA ORGANIKOA ZABALA TRANSFER_ETXERA KARRATUA<\/a><\/p>\n<p><img decoding=\"async\" class=\"\" src=\"https:\/\/serigrafia.eus\/shop\/etxera\/6276-large_default\/sudadera-organikoa-zabala-transferetxera-karratua.jpg\" \/><\/p>\n<p>[\/et_pb_text][\/et_pb_column][\/et_pb_row][et_pb_row column_structure=\u00bb1_4,1_4,1_4,1_4&#8243; _builder_version=\u00bb4.14.4&#8243; _module_preset=\u00bbdefault\u00bb global_colors_info=\u00bb{}\u00bb][et_pb_column type=\u00bb1_4&#8243; _builder_version=\u00bb4.14.4&#8243; _module_preset=\u00bbdefault\u00bb global_colors_info=\u00bb{}\u00bb][et_pb_text _builder_version=\u00bb4.14.4&#8243; _module_preset=\u00bbdefault\u00bb global_colors_info=\u00bb{}\u00bb]<\/p>\n<p><a href=\"https:\/\/serigrafia.eus\/shop\/etxera\/eu\/sudadera-kaputxa-gabe-transfer\/2311-19748-sudadera-kaputxa-gabea-unisex-transferetxera-karratua.html#\/1-neurria-s\/11-kolorea_-beltza\" target=\"_blank\" rel=\"noopener\">SUDADERA KAPUTXA GABEA UNISEX TRANSFER_ETXERA KARRATUA<\/a><\/p>\n<p><img decoding=\"async\" src=\"https:\/\/serigrafia.eus\/shop\/etxera\/6278-large_default\/sudadera-kaputxa-gabea-unisex-transferetxera-karratua.jpg\" \/><\/p>\n<p>[\/et_pb_text][\/et_pb_column][et_pb_column type=\u00bb1_4&#8243; _builder_version=\u00bb4.14.4&#8243; _module_preset=\u00bbdefault\u00bb global_colors_info=\u00bb{}\u00bb][et_pb_text _builder_version=\u00bb4.14.4&#8243; _module_preset=\u00bbdefault\u00bb global_colors_info=\u00bb{}\u00bb]<\/p>\n<p><a href=\"https:\/\/serigrafia.eus\/shop\/etxera\/eu\/kaputxadun-sudadera-organikoa-transfer\/2310-19742-sudadera-organiko-estua-transferetxera-karratua.html#\/1-neurria-s\/228-kolorea_-sage\" target=\"_blank\" rel=\"noopener\">SUDADERA ORGANIKO ESTUA TRANSFER_ETXERA KARRATUA<\/a><\/p>\n<p><img decoding=\"async\" src=\"https:\/\/serigrafia.eus\/shop\/etxera\/6277-large_default\/sudadera-organiko-estua-transferetxera-karratua.jpg\" \/><\/p>\n<p>&nbsp;<\/p>\n<p>[\/et_pb_text][\/et_pb_column][et_pb_column type=\u00bb1_4&#8243; _builder_version=\u00bb4.14.4&#8243; _module_preset=\u00bbdefault\u00bb global_colors_info=\u00bb{}\u00bb][et_pb_text admin_label=\u00bbText\u00bb _builder_version=\u00bb4.14.4&#8243; _module_preset=\u00bbdefault\u00bb global_colors_info=\u00bb{}\u00bb]<\/p>\n<p><a href=\"https:\/\/serigrafia.eus\/shop\/etxera\/eu\/motxila-dtf\/2313-etxera-motxila.html\" target=\"_blank\" rel=\"noopener\">ETXERA MOTXILA<\/a><\/p>\n<p><img decoding=\"async\" src=\"https:\/\/serigrafia.eus\/shop\/etxera\/6280-large_default\/etxera-motxila.jpg\" \/><\/p>\n<p>[\/et_pb_text][\/et_pb_column][et_pb_column type=\u00bb1_4&#8243; _builder_version=\u00bb4.14.4&#8243; _module_preset=\u00bbdefault\u00bb global_colors_info=\u00bb{}\u00bb][et_pb_text _builder_version=\u00bb4.14.4&#8243; _module_preset=\u00bbdefault\u00bb global_colors_info=\u00bb{}\u00bb]<\/p>\n<p><a href=\"https:\/\/serigrafia.eus\/shop\/etxera\/eu\/txano-bob-dtf\/2312-txanoa-etxera.html\" target=\"_blank\" rel=\"noopener\">TXANOA<\/a><br \/><img decoding=\"async\" src=\"https:\/\/serigrafia.eus\/shop\/etxera\/6279-large_default\/txanoa-etxera.jpg\" \/><\/p>\n<p>[\/et_pb_text][\/et_pb_column][\/et_pb_row][et_pb_row _builder_version=\u00bb4.14.4&#8243; _module_preset=\u00bbdefault\u00bb global_colors_info=\u00bb{}\u00bb][et_pb_column type=\u00bb4_4&#8243; _builder_version=\u00bb4.14.4&#8243; _module_preset=\u00bbdefault\u00bb global_colors_info=\u00bb{}\u00bb][et_pb_code _builder_version=\u00bb4.14.4&#8243; _module_preset=\u00bbdefault\u00bb global_colors_info=\u00bb{}\u00bb]<\/p>\n<blockquote class=\"twitter-tweet\" data-media-max-width=\"560\"><pee lang=\"eu\" dir=\"ltr\">&#x1f389;Aurtengo Udan jantzi &#x1f1ea;\u200c&#x1f1f9;\u200c&#x1f1fd;\u200c&#x1f1ea;\u200c&#x1f1f7;\u200c&#x1f1e6;\u200c Merchanarekin <!\u2013- [et_pb_br_holder] -\u2013><!\u2013- [et_pb_br_holder] -\u2013>Kamisetak, poloak, biserak, txapelak, sudaderak, zapiak, ikurrak, pinak&#8230;<!\u2013- [et_pb_br_holder] -\u2013><!\u2013- [et_pb_br_holder] -\u2013>Jadanik webgunean SALGAI! <!\u2013- [et_pb_br_holder] -\u2013><!\u2013- [et_pb_br_holder] -\u2013>&#x1f449;&#x1f3fe; <a href=\"https:\/\/t.co\/TvJ65wk9nI\">https:\/\/t.co\/TvJ65wk9nI<\/a> <a href=\"https:\/\/twitter.com\/hashtag\/Etxera?src=hash&#038;ref_src=twsrc%5Etfw\">#Etxera<\/a> &#x2197;&#xfe0f;&#x2199;&#xfe0f; <a href=\"https:\/\/t.co\/AiS9JzYJah\">pic.twitter.com\/AiS9JzYJah<\/a><\/pee>\u2014 SARE_Konponbiderako #Giltzak &#x1f511; (@sare_herritarra) <a href=\"https:\/\/twitter.com\/sare_herritarra\/status\/1799010722351022144?ref_src=twsrc%5Etfw\">June 7, 2024<\/a><\/p><\/blockquote>\n<p> <script async src=\"https:\/\/platform.twitter.com\/widgets.js\" charset=\"utf-8\"><\/script>[\/et_pb_code][\/et_pb_column][\/et_pb_row][et_pb_row _builder_version=\u00bb4.14.4&#8243; _module_preset=\u00bbdefault\u00bb global_colors_info=\u00bb{}\u00bb][et_pb_column type=\u00bb4_4&#8243; _builder_version=\u00bb4.14.4&#8243; _module_preset=\u00bbdefault\u00bb global_colors_info=\u00bb{}\u00bb][et_pb_text admin_label=\u00bbText\u00bb _builder_version=\u00bb4.14.4&#8243; _module_preset=\u00bbdefault\u00bb hover_enabled=\u00bb0&#8243; global_colors_info=\u00bb{}\u00bb sticky_enabled=\u00bb0&#8243;]<\/p>\n<p style=\"text-align: center;\"><a href=\"https:\/\/serigrafia.eus\/shop\/etxera\/es\/\" target=\"_blank\" rel=\"noopener\">Todo el material a la venta en la tienda ON LINE\u00a0<\/a><\/p>\n<p>[\/et_pb_text][\/et_pb_column][\/et_pb_row][\/et_pb_section]<\/p>\n","protected":false},"excerpt":{"rendered":"<p>V\u00edstete este Verano con Merchan de Etxera Camisetas, polos, viseras, boinas, sudaderas, pa\u00f1uelos, s\u00edmbolos, pines&#8230; YA a la venta en nuestra webKAMISETA GRIS ILUNA ZABALA TRANSFER ETXERA KARRATUA KAMISETA BERDE [&hellip;]<\/p>\n","protected":false},"author":2,"featured_media":6003,"comment_status":"closed","ping_status":"closed","sticky":false,"template":"","format":"standard","meta":{"_acf_changed":false,"_et_pb_use_builder":"on","_et_pb_old_content":"","_et_gb_content_width":"","footnotes":""},"categories":[60],"tags":[],"class_list":["post-6023","post","type-post","status-publish","format-standard","has-post-thumbnail","hentry","category-etxera-es","et-has-post-format-content","et_post_format-et-post-format-standard"],"acf":[],"yoast_head":"<!-- This site is optimized with the Yoast SEO plugin v26.4 - https:\/\/yoast.com\/wordpress\/plugins\/seo\/ -->\n<title>Etxera denda | Colecci\u00f3n de Verano 2024 - Sare Herritarra<\/title>\n<meta name=\"robots\" content=\"index, follow, max-snippet:-1, max-image-preview:large, max-video-preview:-1\" \/>\n<link rel=\"canonical\" href=\"https:\/\/sare.eus\/es\/etxera-denda-coleccion-de-verano-2024\/\" \/>\n<meta property=\"og:locale\" content=\"es_ES\" \/>\n<meta property=\"og:type\" content=\"article\" \/>\n<meta property=\"og:title\" content=\"Etxera denda | Colecci\u00f3n de Verano 2024 - Sare Herritarra\" \/>\n<meta property=\"og:description\" content=\"V\u00edstete este Verano con Merchan de Etxera Camisetas, polos, viseras, boinas, sudaderas, pa\u00f1uelos, s\u00edmbolos, pines... YA a la venta en nuestra webKAMISETA GRIS ILUNA ZABALA TRANSFER ETXERA KARRATUA KAMISETA BERDE [&hellip;]\" \/>\n<meta property=\"og:url\" content=\"https:\/\/sare.eus\/es\/etxera-denda-coleccion-de-verano-2024\/\" \/>\n<meta property=\"og:site_name\" content=\"Sare Herritarra\" \/>\n<meta property=\"article:published_time\" content=\"2024-06-10T09:39:05+00:00\" \/>\n<meta property=\"article:modified_time\" content=\"2024-06-10T10:02:22+00:00\" \/>\n<meta property=\"og:image\" content=\"https:\/\/sare.eus\/wp-content\/uploads\/2024\/06\/web.jpg\" \/>\n\t<meta property=\"og:image:width\" content=\"2560\" \/>\n\t<meta property=\"og:image:height\" content=\"1706\" \/>\n\t<meta property=\"og:image:type\" content=\"image\/jpeg\" \/>\n<meta name=\"author\" content=\"sare\" \/>\n<meta name=\"twitter:card\" content=\"summary_large_image\" \/>\n<meta name=\"twitter:label1\" content=\"Escrito por\" \/>\n\t<meta name=\"twitter:data1\" content=\"sare\" \/>\n\t<meta name=\"twitter:label2\" content=\"Tiempo de lectura\" \/>\n\t<meta name=\"twitter:data2\" content=\"3 minutos\" \/>\n<script type=\"application\/ld+json\" class=\"yoast-schema-graph\">{\"@context\":\"https:\/\/schema.org\",\"@graph\":[{\"@type\":\"Article\",\"@id\":\"https:\/\/sare.eus\/es\/etxera-denda-coleccion-de-verano-2024\/#article\",\"isPartOf\":{\"@id\":\"https:\/\/sare.eus\/es\/etxera-denda-coleccion-de-verano-2024\/\"},\"author\":{\"name\":\"sare\",\"@id\":\"https:\/\/sare.eus\/#\/schema\/person\/2fe6d0df294f56313d3ab236dbe38e17\"},\"headline\":\"Etxera denda | Colecci\u00f3n de Verano 2024\",\"datePublished\":\"2024-06-10T09:39:05+00:00\",\"dateModified\":\"2024-06-10T10:02:22+00:00\",\"mainEntityOfPage\":{\"@id\":\"https:\/\/sare.eus\/es\/etxera-denda-coleccion-de-verano-2024\/\"},\"wordCount\":580,\"publisher\":{\"@id\":\"https:\/\/sare.eus\/#organization\"},\"image\":{\"@id\":\"https:\/\/sare.eus\/es\/etxera-denda-coleccion-de-verano-2024\/#primaryimage\"},\"thumbnailUrl\":\"https:\/\/sare.eus\/wp-content\/uploads\/2024\/06\/web.jpg\",\"articleSection\":[\"Etxera\"],\"inLanguage\":\"es\"},{\"@type\":\"WebPage\",\"@id\":\"https:\/\/sare.eus\/es\/etxera-denda-coleccion-de-verano-2024\/\",\"url\":\"https:\/\/sare.eus\/es\/etxera-denda-coleccion-de-verano-2024\/\",\"name\":\"Etxera denda | Colecci\u00f3n de Verano 2024 - Sare Herritarra\",\"isPartOf\":{\"@id\":\"https:\/\/sare.eus\/#website\"},\"primaryImageOfPage\":{\"@id\":\"https:\/\/sare.eus\/es\/etxera-denda-coleccion-de-verano-2024\/#primaryimage\"},\"image\":{\"@id\":\"https:\/\/sare.eus\/es\/etxera-denda-coleccion-de-verano-2024\/#primaryimage\"},\"thumbnailUrl\":\"https:\/\/sare.eus\/wp-content\/uploads\/2024\/06\/web.jpg\",\"datePublished\":\"2024-06-10T09:39:05+00:00\",\"dateModified\":\"2024-06-10T10:02:22+00:00\",\"breadcrumb\":{\"@id\":\"https:\/\/sare.eus\/es\/etxera-denda-coleccion-de-verano-2024\/#breadcrumb\"},\"inLanguage\":\"es\",\"potentialAction\":[{\"@type\":\"ReadAction\",\"target\":[\"https:\/\/sare.eus\/es\/etxera-denda-coleccion-de-verano-2024\/\"]}]},{\"@type\":\"ImageObject\",\"inLanguage\":\"es\",\"@id\":\"https:\/\/sare.eus\/es\/etxera-denda-coleccion-de-verano-2024\/#primaryimage\",\"url\":\"https:\/\/sare.eus\/wp-content\/uploads\/2024\/06\/web.jpg\",\"contentUrl\":\"https:\/\/sare.eus\/wp-content\/uploads\/2024\/06\/web.jpg\",\"width\":2560,\"height\":1706},{\"@type\":\"BreadcrumbList\",\"@id\":\"https:\/\/sare.eus\/es\/etxera-denda-coleccion-de-verano-2024\/#breadcrumb\",\"itemListElement\":[{\"@type\":\"ListItem\",\"position\":1,\"name\":\"Home\",\"item\":\"https:\/\/sare.eus\/\"},{\"@type\":\"ListItem\",\"position\":2,\"name\":\"Etxera denda | Colecci\u00f3n de Verano 2024\"}]},{\"@type\":\"WebSite\",\"@id\":\"https:\/\/sare.eus\/#website\",\"url\":\"https:\/\/sare.eus\/\",\"name\":\"Sare Herritarra\",\"description\":\"KONPONBIDEAREN ETA GIZA ESKUBIDEEN ALDEKO SARE HERRITARRA\",\"publisher\":{\"@id\":\"https:\/\/sare.eus\/#organization\"},\"potentialAction\":[{\"@type\":\"SearchAction\",\"target\":{\"@type\":\"EntryPoint\",\"urlTemplate\":\"https:\/\/sare.eus\/?s={search_term_string}\"},\"query-input\":{\"@type\":\"PropertyValueSpecification\",\"valueRequired\":true,\"valueName\":\"search_term_string\"}}],\"inLanguage\":\"es\"},{\"@type\":\"Organization\",\"@id\":\"https:\/\/sare.eus\/#organization\",\"name\":\"Sare Herritarra\",\"url\":\"https:\/\/sare.eus\/\",\"logo\":{\"@type\":\"ImageObject\",\"inLanguage\":\"es\",\"@id\":\"https:\/\/sare.eus\/#\/schema\/logo\/image\/\",\"url\":\"https:\/\/sare.eus\/wp-content\/uploads\/2021\/08\/sare.png\",\"contentUrl\":\"https:\/\/sare.eus\/wp-content\/uploads\/2021\/08\/sare.png\",\"width\":120,\"height\":142,\"caption\":\"Sare Herritarra\"},\"image\":{\"@id\":\"https:\/\/sare.eus\/#\/schema\/logo\/image\/\"}},{\"@type\":\"Person\",\"@id\":\"https:\/\/sare.eus\/#\/schema\/person\/2fe6d0df294f56313d3ab236dbe38e17\",\"name\":\"sare\",\"image\":{\"@type\":\"ImageObject\",\"inLanguage\":\"es\",\"@id\":\"https:\/\/sare.eus\/#\/schema\/person\/image\/\",\"url\":\"https:\/\/secure.gravatar.com\/avatar\/77cad838677ceb1977e7b3c878b55eaa7fa4aae2158983063b047c3ad7ef2c25?s=96&d=mm&r=g\",\"contentUrl\":\"https:\/\/secure.gravatar.com\/avatar\/77cad838677ceb1977e7b3c878b55eaa7fa4aae2158983063b047c3ad7ef2c25?s=96&d=mm&r=g\",\"caption\":\"sare\"},\"url\":\"https:\/\/sare.eus\/es\/author\/sare\/\"}]}<\/script>\n<!-- \/ Yoast SEO plugin. -->","yoast_head_json":{"title":"Etxera denda | Colecci\u00f3n de Verano 2024 - Sare Herritarra","robots":{"index":"index","follow":"follow","max-snippet":"max-snippet:-1","max-image-preview":"max-image-preview:large","max-video-preview":"max-video-preview:-1"},"canonical":"https:\/\/sare.eus\/es\/etxera-denda-coleccion-de-verano-2024\/","og_locale":"es_ES","og_type":"article","og_title":"Etxera denda | Colecci\u00f3n de Verano 2024 - Sare Herritarra","og_description":"V\u00edstete este Verano con Merchan de Etxera Camisetas, polos, viseras, boinas, sudaderas, pa\u00f1uelos, s\u00edmbolos, pines... YA a la venta en nuestra webKAMISETA GRIS ILUNA ZABALA TRANSFER ETXERA KARRATUA KAMISETA BERDE [&hellip;]","og_url":"https:\/\/sare.eus\/es\/etxera-denda-coleccion-de-verano-2024\/","og_site_name":"Sare Herritarra","article_published_time":"2024-06-10T09:39:05+00:00","article_modified_time":"2024-06-10T10:02:22+00:00","og_image":[{"width":2560,"height":1706,"url":"https:\/\/sare.eus\/wp-content\/uploads\/2024\/06\/web.jpg","type":"image\/jpeg"}],"author":"sare","twitter_card":"summary_large_image","twitter_misc":{"Escrito por":"sare","Tiempo de lectura":"3 minutos"},"schema":{"@context":"https:\/\/schema.org","@graph":[{"@type":"Article","@id":"https:\/\/sare.eus\/es\/etxera-denda-coleccion-de-verano-2024\/#article","isPartOf":{"@id":"https:\/\/sare.eus\/es\/etxera-denda-coleccion-de-verano-2024\/"},"author":{"name":"sare","@id":"https:\/\/sare.eus\/#\/schema\/person\/2fe6d0df294f56313d3ab236dbe38e17"},"headline":"Etxera denda | Colecci\u00f3n de Verano 2024","datePublished":"2024-06-10T09:39:05+00:00","dateModified":"2024-06-10T10:02:22+00:00","mainEntityOfPage":{"@id":"https:\/\/sare.eus\/es\/etxera-denda-coleccion-de-verano-2024\/"},"wordCount":580,"publisher":{"@id":"https:\/\/sare.eus\/#organization"},"image":{"@id":"https:\/\/sare.eus\/es\/etxera-denda-coleccion-de-verano-2024\/#primaryimage"},"thumbnailUrl":"https:\/\/sare.eus\/wp-content\/uploads\/2024\/06\/web.jpg","articleSection":["Etxera"],"inLanguage":"es"},{"@type":"WebPage","@id":"https:\/\/sare.eus\/es\/etxera-denda-coleccion-de-verano-2024\/","url":"https:\/\/sare.eus\/es\/etxera-denda-coleccion-de-verano-2024\/","name":"Etxera denda | Colecci\u00f3n de Verano 2024 - Sare Herritarra","isPartOf":{"@id":"https:\/\/sare.eus\/#website"},"primaryImageOfPage":{"@id":"https:\/\/sare.eus\/es\/etxera-denda-coleccion-de-verano-2024\/#primaryimage"},"image":{"@id":"https:\/\/sare.eus\/es\/etxera-denda-coleccion-de-verano-2024\/#primaryimage"},"thumbnailUrl":"https:\/\/sare.eus\/wp-content\/uploads\/2024\/06\/web.jpg","datePublished":"2024-06-10T09:39:05+00:00","dateModified":"2024-06-10T10:02:22+00:00","breadcrumb":{"@id":"https:\/\/sare.eus\/es\/etxera-denda-coleccion-de-verano-2024\/#breadcrumb"},"inLanguage":"es","potentialAction":[{"@type":"ReadAction","target":["https:\/\/sare.eus\/es\/etxera-denda-coleccion-de-verano-2024\/"]}]},{"@type":"ImageObject","inLanguage":"es","@id":"https:\/\/sare.eus\/es\/etxera-denda-coleccion-de-verano-2024\/#primaryimage","url":"https:\/\/sare.eus\/wp-content\/uploads\/2024\/06\/web.jpg","contentUrl":"https:\/\/sare.eus\/wp-content\/uploads\/2024\/06\/web.jpg","width":2560,"height":1706},{"@type":"BreadcrumbList","@id":"https:\/\/sare.eus\/es\/etxera-denda-coleccion-de-verano-2024\/#breadcrumb","itemListElement":[{"@type":"ListItem","position":1,"name":"Home","item":"https:\/\/sare.eus\/"},{"@type":"ListItem","position":2,"name":"Etxera denda | Colecci\u00f3n de Verano 2024"}]},{"@type":"WebSite","@id":"https:\/\/sare.eus\/#website","url":"https:\/\/sare.eus\/","name":"Sare Herritarra","description":"KONPONBIDEAREN ETA GIZA ESKUBIDEEN ALDEKO SARE HERRITARRA","publisher":{"@id":"https:\/\/sare.eus\/#organization"},"potentialAction":[{"@type":"SearchAction","target":{"@type":"EntryPoint","urlTemplate":"https:\/\/sare.eus\/?s={search_term_string}"},"query-input":{"@type":"PropertyValueSpecification","valueRequired":true,"valueName":"search_term_string"}}],"inLanguage":"es"},{"@type":"Organization","@id":"https:\/\/sare.eus\/#organization","name":"Sare Herritarra","url":"https:\/\/sare.eus\/","logo":{"@type":"ImageObject","inLanguage":"es","@id":"https:\/\/sare.eus\/#\/schema\/logo\/image\/","url":"https:\/\/sare.eus\/wp-content\/uploads\/2021\/08\/sare.png","contentUrl":"https:\/\/sare.eus\/wp-content\/uploads\/2021\/08\/sare.png","width":120,"height":142,"caption":"Sare Herritarra"},"image":{"@id":"https:\/\/sare.eus\/#\/schema\/logo\/image\/"}},{"@type":"Person","@id":"https:\/\/sare.eus\/#\/schema\/person\/2fe6d0df294f56313d3ab236dbe38e17","name":"sare","image":{"@type":"ImageObject","inLanguage":"es","@id":"https:\/\/sare.eus\/#\/schema\/person\/image\/","url":"https:\/\/secure.gravatar.com\/avatar\/77cad838677ceb1977e7b3c878b55eaa7fa4aae2158983063b047c3ad7ef2c25?s=96&d=mm&r=g","contentUrl":"https:\/\/secure.gravatar.com\/avatar\/77cad838677ceb1977e7b3c878b55eaa7fa4aae2158983063b047c3ad7ef2c25?s=96&d=mm&r=g","caption":"sare"},"url":"https:\/\/sare.eus\/es\/author\/sare\/"}]}},"_links":{"self":[{"href":"https:\/\/sare.eus\/es\/wp-json\/wp\/v2\/posts\/6023","targetHints":{"allow":["GET"]}}],"collection":[{"href":"https:\/\/sare.eus\/es\/wp-json\/wp\/v2\/posts"}],"about":[{"href":"https:\/\/sare.eus\/es\/wp-json\/wp\/v2\/types\/post"}],"author":[{"embeddable":true,"href":"https:\/\/sare.eus\/es\/wp-json\/wp\/v2\/users\/2"}],"replies":[{"embeddable":true,"href":"https:\/\/sare.eus\/es\/wp-json\/wp\/v2\/comments?post=6023"}],"version-history":[{"count":6,"href":"https:\/\/sare.eus\/es\/wp-json\/wp\/v2\/posts\/6023\/revisions"}],"predecessor-version":[{"id":6034,"href":"https:\/\/sare.eus\/es\/wp-json\/wp\/v2\/posts\/6023\/revisions\/6034"}],"wp:featuredmedia":[{"embeddable":true,"href":"https:\/\/sare.eus\/es\/wp-json\/wp\/v2\/media\/6003"}],"wp:attachment":[{"href":"https:\/\/sare.eus\/es\/wp-json\/wp\/v2\/media?parent=6023"}],"wp:term":[{"taxonomy":"category","embeddable":true,"href":"https:\/\/sare.eus\/es\/wp-json\/wp\/v2\/categories?post=6023"},{"taxonomy":"post_tag","embeddable":true,"href":"https:\/\/sare.eus\/es\/wp-json\/wp\/v2\/tags?post=6023"}],"curies":[{"name":"wp","href":"https:\/\/api.w.org\/{rel}","templated":true}]}}