{"id":5989,"date":"2024-04-07T10:08:24","date_gmt":"2024-04-07T10:08:24","guid":{"rendered":"https:\/\/sare.eus\/apirilak-7-osasunaren-nazioarteko-eguna-2\/"},"modified":"2024-04-07T10:11:33","modified_gmt":"2024-04-07T10:11:33","slug":"7-de-abril-dia-internacional-de-la-salud","status":"publish","type":"post","link":"https:\/\/sare.eus\/es\/7-de-abril-dia-internacional-de-la-salud\/","title":{"rendered":"7 de abril, Di\u0301a internacional de la salud"},"content":{"rendered":"<p>Hoy es el 7 de abril, Di\u0301a Internacional de la Salud y La Red Ciudadana Sare quiere recordar a las personas gravemente enfermas en prisio\u0301n. La defensa de un sistema de salud universal, que no deje a nadie atr\u00e1s ni por su situaci\u00f3n econ\u00f3mica, social o de cualquier otro \u00edndole, debe de ser el objetivo de cualquier sociedad que se considere democr\u00e1tica. Desde la Red Ciudadana SARE, en este d\u00eda queremos poner el acento, sobre todo, en aquellas personas que por su situaci\u00f3n de privaci\u00f3n de libertad, su acceso a ese sistema de salud se encuentra con muchas dificultades.<\/p>\n<p>La poli\u0301tica penitenciaria excepcional que se aplica a los y las presas vascas, es decir, la soledad que ha supuesto tantos an\u0303os de alejamiento y aislamiento, la prolongacio\u0301n de la pena o la imposicio\u0301n de penas similares a la cadena perpetua y la imposibilidad de pasar a tercer grado o de obtener permisos, influyen directamente en la salud de la persona presa y generan inestabilidad, problemas psicolo\u0301gicos, ansiedad, problemas para el desarrollo de las relaciones\u2026 En el transcurso de los \u00faltimos a\u00f1os, han sido varios los presos vascos, en la que su deterioro de la salud y la deficiente atenci\u00f3n m\u00e9dica, a supuesto o bi\u00e9n la muerte en prisi\u00f3n, o su puesta en libertad, cuando les quedaban d\u00edas de vida.<br \/>\nA pesar de que la situacio\u0301n ha comenzado a cambiar en el seno de la poli\u0301tica penitenciaria, todavi\u0301a hay muchos presos\/as que se enfrentan a esta realidad, sin olvidar que la mayori\u0301a ha pasado gran parte de la pena cumplida hasta ahora en primer grado o en aislamiento.<\/p>\n<p>Las graves enfermedades, que un n\u00famero importante de ellos padecen, son incompatibles con la c\u00e1rcel y esta afirmaci\u00f3n no es nuestra, es de los propios profesionales de la sanidad, que de esta manera se han pronunciado en repetidas ocasiones. En este sentido, recientemente el Psiquiatra Luis Rojas Marcos, dec\u00eda, que \u201cm\u00e1s de 20 a\u00f1os de privaci\u00f3n de libertad en cualquier preso, supone un deterioro f\u00edsico y ps\u00edquico irreversible\u201d. Aproximadamente 80 presos y presas vascos, llevan cumplidos m\u00e1s de 20 a\u00f1os de prisi\u00f3n, seis de los cuales, superan los 30 a\u00f1os.<\/p>\n<p>La aplicacio\u0301n de la ley ordinaria permitiri\u0301a que los y las presas gravemente enfermas permanecieran en casa, atendiendo su dolencia de la manera ma\u0301s adecuada posible, a ser posible con el objetivo de superarla. Este debe de ser un criterio que no puede estar vedado a los presos y presas vascos. No estamos pidiendo nada, que no est\u00e9 recogido en la legislaci\u00f3n interna y en las normas internacionales. Estamos pidiendo el cumplimiento de la ley, sin excepciones y con humanidad. \u00bftan dif\u00edcil es, que se aplique su propia legalidad? \u00bfes tan dif\u00edcil, analizar la situaci\u00f3n de cada uno de estos presos enfermos, desde una visi\u00f3n de legalidad y de derechos humanos?<\/p>\n<p>La salud es un derecho que atan\u0303e a todas las personas, incluidas las personas presas. No podemos aceptar poli\u0301ticas que bajo el pretexto de poli\u0301ticas de seguridad pisoteen los derechos fundamentales de los y las presas. Todo\/a preso\/a tiene derecho a la asistencia de un me\u0301dico o psico\u0301logo de confianza. Aunque u\u0301ltimamente se han dado pasos importantes con algunos presos gravemente enfermos, somos testigos de la consecuencia ma\u0301s grave y drama\u0301tica de esta poli\u0301tica porque la lista de las personas presas que han perdido la vida en prisio\u0301n ha aumentado en los u\u0301ltimos an\u0303os. La poli\u0301tica penitenciaria y la prisio\u0301n son responsables de la vida de las personas presas. Y les corresponde actuar con diligencia antes de que la enfermedad sea irreversible.<\/p>\n<p>Por \u00faltimo y directamente, relacionado con todo ello, debemos recordar la reciente decisi\u00f3n del Ministerio Fiscal al recurrir por tercera vez la progresi\u00f3n a tercer grado penitenciario del preso Juan Carlos Subijana. Lo dijimos hace unos d\u00eda y repetimos hoy que esta decisi\u00f3n se ha aplicado a un preso con graves enfermedades y donde la c\u00e1rcel representara con seguridad un deterioro de las mismas.<\/p>\n<p>Esta reivindicacio\u0301n no es nueva. Sare lleva reivindicando el derecho a la salud desde sus inicios. Hoy, aprovechando la celebracio\u0301n del Di\u0301a Internacional de la Salud, venimos a insistir en la importancia de acabar con la pol\u00edtica penitenciaria de excepcio\u0301n y a reiterar que los y las presas gravemente enfermas deben estar en casa. A todos y todas nos corresponde cambiar esta situaci\u00f3n y exigir que se actu\u0301e con responsabilidad, tanto en la calle como en las instituciones. Hagamos juntos el camino de la convivencia, de la paz, y del regreso a casa.<\/p>\n","protected":false},"excerpt":{"rendered":"<p>Hoy es el 7 de abril, Di\u0301a Internacional de la Salud y La Red Ciudadana Sare quiere recordar a las personas gravemente enfermas en prisio\u0301n. La defensa de un sistema [&hellip;]<\/p>\n","protected":false},"author":2,"featured_media":5987,"comment_status":"closed","ping_status":"closed","sticky":false,"template":"","format":"standard","meta":{"_acf_changed":false,"_et_pb_use_builder":"","_et_pb_old_content":"","_et_gb_content_width":"","footnotes":""},"categories":[64],"tags":[],"class_list":["post-5989","post","type-post","status-publish","format-standard","has-post-thumbnail","hentry","category-enfermos-graves","et-has-post-format-content","et_post_format-et-post-format-standard"],"acf":[],"yoast_head":"<!-- This site is optimized with the Yoast SEO plugin v26.4 - https:\/\/yoast.com\/wordpress\/plugins\/seo\/ -->\n<title>7 de abril, Di\u0301a internacional de la salud - Sare Herritarra<\/title>\n<meta name=\"robots\" content=\"index, follow, max-snippet:-1, max-image-preview:large, max-video-preview:-1\" \/>\n<link rel=\"canonical\" href=\"https:\/\/sare.eus\/es\/7-de-abril-dia-internacional-de-la-salud\/\" \/>\n<meta property=\"og:locale\" content=\"es_ES\" \/>\n<meta property=\"og:type\" content=\"article\" \/>\n<meta property=\"og:title\" content=\"7 de abril, Di\u0301a internacional de la salud - Sare Herritarra\" \/>\n<meta property=\"og:description\" content=\"Hoy es el 7 de abril, Di\u0301a Internacional de la Salud y La Red Ciudadana Sare quiere recordar a las personas gravemente enfermas en prisio\u0301n. La defensa de un sistema [&hellip;]\" \/>\n<meta property=\"og:url\" content=\"https:\/\/sare.eus\/es\/7-de-abril-dia-internacional-de-la-salud\/\" \/>\n<meta property=\"og:site_name\" content=\"Sare Herritarra\" \/>\n<meta property=\"article:published_time\" content=\"2024-04-07T10:08:24+00:00\" \/>\n<meta property=\"article:modified_time\" content=\"2024-04-07T10:11:33+00:00\" \/>\n<meta property=\"og:image\" content=\"https:\/\/sare.eus\/wp-content\/uploads\/2024\/04\/2022.04.07_SARE_Irunea_ARTXIBOA.jpg\" \/>\n\t<meta property=\"og:image:width\" content=\"1280\" \/>\n\t<meta property=\"og:image:height\" content=\"960\" \/>\n\t<meta property=\"og:image:type\" content=\"image\/jpeg\" \/>\n<meta name=\"author\" content=\"sare\" \/>\n<meta name=\"twitter:card\" content=\"summary_large_image\" \/>\n<meta name=\"twitter:label1\" content=\"Escrito por\" \/>\n\t<meta name=\"twitter:data1\" content=\"sare\" \/>\n\t<meta name=\"twitter:label2\" content=\"Tiempo de lectura\" \/>\n\t<meta name=\"twitter:data2\" content=\"5 minutos\" \/>\n<script type=\"application\/ld+json\" class=\"yoast-schema-graph\">{\"@context\":\"https:\/\/schema.org\",\"@graph\":[{\"@type\":\"Article\",\"@id\":\"https:\/\/sare.eus\/es\/7-de-abril-dia-internacional-de-la-salud\/#article\",\"isPartOf\":{\"@id\":\"https:\/\/sare.eus\/es\/7-de-abril-dia-internacional-de-la-salud\/\"},\"author\":{\"name\":\"sare\",\"@id\":\"https:\/\/sare.eus\/#\/schema\/person\/2fe6d0df294f56313d3ab236dbe38e17\"},\"headline\":\"7 de abril, Di\u0301a internacional de la salud\",\"datePublished\":\"2024-04-07T10:08:24+00:00\",\"dateModified\":\"2024-04-07T10:11:33+00:00\",\"mainEntityOfPage\":{\"@id\":\"https:\/\/sare.eus\/es\/7-de-abril-dia-internacional-de-la-salud\/\"},\"wordCount\":824,\"publisher\":{\"@id\":\"https:\/\/sare.eus\/#organization\"},\"image\":{\"@id\":\"https:\/\/sare.eus\/es\/7-de-abril-dia-internacional-de-la-salud\/#primaryimage\"},\"thumbnailUrl\":\"https:\/\/sare.eus\/wp-content\/uploads\/2024\/04\/2022.04.07_SARE_Irunea_ARTXIBOA.jpg\",\"articleSection\":[\"Enfermos Graves\"],\"inLanguage\":\"es\"},{\"@type\":\"WebPage\",\"@id\":\"https:\/\/sare.eus\/es\/7-de-abril-dia-internacional-de-la-salud\/\",\"url\":\"https:\/\/sare.eus\/es\/7-de-abril-dia-internacional-de-la-salud\/\",\"name\":\"7 de abril, Di\u0301a internacional de la salud - Sare Herritarra\",\"isPartOf\":{\"@id\":\"https:\/\/sare.eus\/#website\"},\"primaryImageOfPage\":{\"@id\":\"https:\/\/sare.eus\/es\/7-de-abril-dia-internacional-de-la-salud\/#primaryimage\"},\"image\":{\"@id\":\"https:\/\/sare.eus\/es\/7-de-abril-dia-internacional-de-la-salud\/#primaryimage\"},\"thumbnailUrl\":\"https:\/\/sare.eus\/wp-content\/uploads\/2024\/04\/2022.04.07_SARE_Irunea_ARTXIBOA.jpg\",\"datePublished\":\"2024-04-07T10:08:24+00:00\",\"dateModified\":\"2024-04-07T10:11:33+00:00\",\"breadcrumb\":{\"@id\":\"https:\/\/sare.eus\/es\/7-de-abril-dia-internacional-de-la-salud\/#breadcrumb\"},\"inLanguage\":\"es\",\"potentialAction\":[{\"@type\":\"ReadAction\",\"target\":[\"https:\/\/sare.eus\/es\/7-de-abril-dia-internacional-de-la-salud\/\"]}]},{\"@type\":\"ImageObject\",\"inLanguage\":\"es\",\"@id\":\"https:\/\/sare.eus\/es\/7-de-abril-dia-internacional-de-la-salud\/#primaryimage\",\"url\":\"https:\/\/sare.eus\/wp-content\/uploads\/2024\/04\/2022.04.07_SARE_Irunea_ARTXIBOA.jpg\",\"contentUrl\":\"https:\/\/sare.eus\/wp-content\/uploads\/2024\/04\/2022.04.07_SARE_Irunea_ARTXIBOA.jpg\",\"width\":1280,\"height\":960,\"caption\":\"2022.04.07_Iru\u00f1ea_ARTXIBOA\"},{\"@type\":\"BreadcrumbList\",\"@id\":\"https:\/\/sare.eus\/es\/7-de-abril-dia-internacional-de-la-salud\/#breadcrumb\",\"itemListElement\":[{\"@type\":\"ListItem\",\"position\":1,\"name\":\"Home\",\"item\":\"https:\/\/sare.eus\/\"},{\"@type\":\"ListItem\",\"position\":2,\"name\":\"7 de abril, Di\u0301a internacional de la salud\"}]},{\"@type\":\"WebSite\",\"@id\":\"https:\/\/sare.eus\/#website\",\"url\":\"https:\/\/sare.eus\/\",\"name\":\"Sare Herritarra\",\"description\":\"KONPONBIDEAREN ETA GIZA ESKUBIDEEN ALDEKO SARE HERRITARRA\",\"publisher\":{\"@id\":\"https:\/\/sare.eus\/#organization\"},\"potentialAction\":[{\"@type\":\"SearchAction\",\"target\":{\"@type\":\"EntryPoint\",\"urlTemplate\":\"https:\/\/sare.eus\/?s={search_term_string}\"},\"query-input\":{\"@type\":\"PropertyValueSpecification\",\"valueRequired\":true,\"valueName\":\"search_term_string\"}}],\"inLanguage\":\"es\"},{\"@type\":\"Organization\",\"@id\":\"https:\/\/sare.eus\/#organization\",\"name\":\"Sare Herritarra\",\"url\":\"https:\/\/sare.eus\/\",\"logo\":{\"@type\":\"ImageObject\",\"inLanguage\":\"es\",\"@id\":\"https:\/\/sare.eus\/#\/schema\/logo\/image\/\",\"url\":\"https:\/\/sare.eus\/wp-content\/uploads\/2021\/08\/sare.png\",\"contentUrl\":\"https:\/\/sare.eus\/wp-content\/uploads\/2021\/08\/sare.png\",\"width\":120,\"height\":142,\"caption\":\"Sare Herritarra\"},\"image\":{\"@id\":\"https:\/\/sare.eus\/#\/schema\/logo\/image\/\"}},{\"@type\":\"Person\",\"@id\":\"https:\/\/sare.eus\/#\/schema\/person\/2fe6d0df294f56313d3ab236dbe38e17\",\"name\":\"sare\",\"image\":{\"@type\":\"ImageObject\",\"inLanguage\":\"es\",\"@id\":\"https:\/\/sare.eus\/#\/schema\/person\/image\/\",\"url\":\"https:\/\/secure.gravatar.com\/avatar\/77cad838677ceb1977e7b3c878b55eaa7fa4aae2158983063b047c3ad7ef2c25?s=96&d=mm&r=g\",\"contentUrl\":\"https:\/\/secure.gravatar.com\/avatar\/77cad838677ceb1977e7b3c878b55eaa7fa4aae2158983063b047c3ad7ef2c25?s=96&d=mm&r=g\",\"caption\":\"sare\"},\"url\":\"https:\/\/sare.eus\/es\/author\/sare\/\"}]}<\/script>\n<!-- \/ Yoast SEO plugin. -->","yoast_head_json":{"title":"7 de abril, Di\u0301a internacional de la salud - Sare Herritarra","robots":{"index":"index","follow":"follow","max-snippet":"max-snippet:-1","max-image-preview":"max-image-preview:large","max-video-preview":"max-video-preview:-1"},"canonical":"https:\/\/sare.eus\/es\/7-de-abril-dia-internacional-de-la-salud\/","og_locale":"es_ES","og_type":"article","og_title":"7 de abril, Di\u0301a internacional de la salud - Sare Herritarra","og_description":"Hoy es el 7 de abril, Di\u0301a Internacional de la Salud y La Red Ciudadana Sare quiere recordar a las personas gravemente enfermas en prisio\u0301n. La defensa de un sistema [&hellip;]","og_url":"https:\/\/sare.eus\/es\/7-de-abril-dia-internacional-de-la-salud\/","og_site_name":"Sare Herritarra","article_published_time":"2024-04-07T10:08:24+00:00","article_modified_time":"2024-04-07T10:11:33+00:00","og_image":[{"width":1280,"height":960,"url":"https:\/\/sare.eus\/wp-content\/uploads\/2024\/04\/2022.04.07_SARE_Irunea_ARTXIBOA.jpg","type":"image\/jpeg"}],"author":"sare","twitter_card":"summary_large_image","twitter_misc":{"Escrito por":"sare","Tiempo de lectura":"5 minutos"},"schema":{"@context":"https:\/\/schema.org","@graph":[{"@type":"Article","@id":"https:\/\/sare.eus\/es\/7-de-abril-dia-internacional-de-la-salud\/#article","isPartOf":{"@id":"https:\/\/sare.eus\/es\/7-de-abril-dia-internacional-de-la-salud\/"},"author":{"name":"sare","@id":"https:\/\/sare.eus\/#\/schema\/person\/2fe6d0df294f56313d3ab236dbe38e17"},"headline":"7 de abril, Di\u0301a internacional de la salud","datePublished":"2024-04-07T10:08:24+00:00","dateModified":"2024-04-07T10:11:33+00:00","mainEntityOfPage":{"@id":"https:\/\/sare.eus\/es\/7-de-abril-dia-internacional-de-la-salud\/"},"wordCount":824,"publisher":{"@id":"https:\/\/sare.eus\/#organization"},"image":{"@id":"https:\/\/sare.eus\/es\/7-de-abril-dia-internacional-de-la-salud\/#primaryimage"},"thumbnailUrl":"https:\/\/sare.eus\/wp-content\/uploads\/2024\/04\/2022.04.07_SARE_Irunea_ARTXIBOA.jpg","articleSection":["Enfermos Graves"],"inLanguage":"es"},{"@type":"WebPage","@id":"https:\/\/sare.eus\/es\/7-de-abril-dia-internacional-de-la-salud\/","url":"https:\/\/sare.eus\/es\/7-de-abril-dia-internacional-de-la-salud\/","name":"7 de abril, Di\u0301a internacional de la salud - Sare Herritarra","isPartOf":{"@id":"https:\/\/sare.eus\/#website"},"primaryImageOfPage":{"@id":"https:\/\/sare.eus\/es\/7-de-abril-dia-internacional-de-la-salud\/#primaryimage"},"image":{"@id":"https:\/\/sare.eus\/es\/7-de-abril-dia-internacional-de-la-salud\/#primaryimage"},"thumbnailUrl":"https:\/\/sare.eus\/wp-content\/uploads\/2024\/04\/2022.04.07_SARE_Irunea_ARTXIBOA.jpg","datePublished":"2024-04-07T10:08:24+00:00","dateModified":"2024-04-07T10:11:33+00:00","breadcrumb":{"@id":"https:\/\/sare.eus\/es\/7-de-abril-dia-internacional-de-la-salud\/#breadcrumb"},"inLanguage":"es","potentialAction":[{"@type":"ReadAction","target":["https:\/\/sare.eus\/es\/7-de-abril-dia-internacional-de-la-salud\/"]}]},{"@type":"ImageObject","inLanguage":"es","@id":"https:\/\/sare.eus\/es\/7-de-abril-dia-internacional-de-la-salud\/#primaryimage","url":"https:\/\/sare.eus\/wp-content\/uploads\/2024\/04\/2022.04.07_SARE_Irunea_ARTXIBOA.jpg","contentUrl":"https:\/\/sare.eus\/wp-content\/uploads\/2024\/04\/2022.04.07_SARE_Irunea_ARTXIBOA.jpg","width":1280,"height":960,"caption":"2022.04.07_Iru\u00f1ea_ARTXIBOA"},{"@type":"BreadcrumbList","@id":"https:\/\/sare.eus\/es\/7-de-abril-dia-internacional-de-la-salud\/#breadcrumb","itemListElement":[{"@type":"ListItem","position":1,"name":"Home","item":"https:\/\/sare.eus\/"},{"@type":"ListItem","position":2,"name":"7 de abril, Di\u0301a internacional de la salud"}]},{"@type":"WebSite","@id":"https:\/\/sare.eus\/#website","url":"https:\/\/sare.eus\/","name":"Sare Herritarra","description":"KONPONBIDEAREN ETA GIZA ESKUBIDEEN ALDEKO SARE HERRITARRA","publisher":{"@id":"https:\/\/sare.eus\/#organization"},"potentialAction":[{"@type":"SearchAction","target":{"@type":"EntryPoint","urlTemplate":"https:\/\/sare.eus\/?s={search_term_string}"},"query-input":{"@type":"PropertyValueSpecification","valueRequired":true,"valueName":"search_term_string"}}],"inLanguage":"es"},{"@type":"Organization","@id":"https:\/\/sare.eus\/#organization","name":"Sare Herritarra","url":"https:\/\/sare.eus\/","logo":{"@type":"ImageObject","inLanguage":"es","@id":"https:\/\/sare.eus\/#\/schema\/logo\/image\/","url":"https:\/\/sare.eus\/wp-content\/uploads\/2021\/08\/sare.png","contentUrl":"https:\/\/sare.eus\/wp-content\/uploads\/2021\/08\/sare.png","width":120,"height":142,"caption":"Sare Herritarra"},"image":{"@id":"https:\/\/sare.eus\/#\/schema\/logo\/image\/"}},{"@type":"Person","@id":"https:\/\/sare.eus\/#\/schema\/person\/2fe6d0df294f56313d3ab236dbe38e17","name":"sare","image":{"@type":"ImageObject","inLanguage":"es","@id":"https:\/\/sare.eus\/#\/schema\/person\/image\/","url":"https:\/\/secure.gravatar.com\/avatar\/77cad838677ceb1977e7b3c878b55eaa7fa4aae2158983063b047c3ad7ef2c25?s=96&d=mm&r=g","contentUrl":"https:\/\/secure.gravatar.com\/avatar\/77cad838677ceb1977e7b3c878b55eaa7fa4aae2158983063b047c3ad7ef2c25?s=96&d=mm&r=g","caption":"sare"},"url":"https:\/\/sare.eus\/es\/author\/sare\/"}]}},"_links":{"self":[{"href":"https:\/\/sare.eus\/es\/wp-json\/wp\/v2\/posts\/5989","targetHints":{"allow":["GET"]}}],"collection":[{"href":"https:\/\/sare.eus\/es\/wp-json\/wp\/v2\/posts"}],"about":[{"href":"https:\/\/sare.eus\/es\/wp-json\/wp\/v2\/types\/post"}],"author":[{"embeddable":true,"href":"https:\/\/sare.eus\/es\/wp-json\/wp\/v2\/users\/2"}],"replies":[{"embeddable":true,"href":"https:\/\/sare.eus\/es\/wp-json\/wp\/v2\/comments?post=5989"}],"version-history":[{"count":3,"href":"https:\/\/sare.eus\/es\/wp-json\/wp\/v2\/posts\/5989\/revisions"}],"predecessor-version":[{"id":5992,"href":"https:\/\/sare.eus\/es\/wp-json\/wp\/v2\/posts\/5989\/revisions\/5992"}],"wp:featuredmedia":[{"embeddable":true,"href":"https:\/\/sare.eus\/es\/wp-json\/wp\/v2\/media\/5987"}],"wp:attachment":[{"href":"https:\/\/sare.eus\/es\/wp-json\/wp\/v2\/media?parent=5989"}],"wp:term":[{"taxonomy":"category","embeddable":true,"href":"https:\/\/sare.eus\/es\/wp-json\/wp\/v2\/categories?post=5989"},{"taxonomy":"post_tag","embeddable":true,"href":"https:\/\/sare.eus\/es\/wp-json\/wp\/v2\/tags?post=5989"}],"curies":[{"name":"wp","href":"https:\/\/api.w.org\/{rel}","templated":true}]}}