{"id":5981,"date":"2024-04-05T07:30:59","date_gmt":"2024-04-05T07:30:59","guid":{"rendered":"https:\/\/sare.eus\/luhusok-etapa-berri-baterako-ateak-zabaldu-zizkigun-zalantza-izpirik-gabe\/"},"modified":"2024-04-05T07:36:41","modified_gmt":"2024-04-05T07:36:41","slug":"luhuso-sin-duda-nos-abrio-las-puertas-hacia-una-nueva-etapa","status":"publish","type":"post","link":"https:\/\/sare.eus\/es\/luhuso-sin-duda-nos-abrio-las-puertas-hacia-una-nueva-etapa\/","title":{"rendered":"Luhuso, sin duda, nos abri\u00f3 las puertas hacia una nueva etapa"},"content":{"rendered":"<p>Ayer se celebr\u00f3 en Par\u00eds el juicio contra los llamados \u201cBakegileak\u201d, reflejo del anacronismo. A los 7 a\u00f1os y medio de los acontecimientos acaecidos en Luhuso en 2016. Su iniciativa tuvo un efecto innegable de arranque en el proceso de paz entonces obstaculizada. Fue un gesto de generosidad y compromiso hacia la paz, la resoluci\u00f3n y la convivencia.<\/p>\n<p>Luhuso fue un hito para poner en marcha un proceso de paz obstaculizado y nos gustar\u00eda aprovechar este juicio para abordar los nudos que a\u00fan quedan por resolver.<\/p>\n<p>Queremos decir que es el momento de dar salida a las consecuencias de una situaci\u00f3n de confrontaci\u00f3n que ha conocido Euskal Herria durante demasiado tiempo y seguir abriendo puertas hacia la resoluci\u00f3n y a la convivencia.<\/p>\n<p>Nos toca seguir trabajando para lograr una paz plena y duradera sin hambre de venganza. Es necesario que la legislaci\u00f3n de excepci\u00f3n deje de ser una norma y atienda la situaci\u00f3n de las personas que a\u00fan permanecen en prisi\u00f3n o en el exilio, as\u00ed como que se cumpla el objetivo de dar un tratamiento justo a todas las v\u00edctimas.<\/p>\n<p>El tiempo nos ha ense\u00f1ado que Luhuso fue un hito para una nueva era y en ese camino seguiremos siendo claves en las calles, en el \u00e1mbito pol\u00edtico, sindical y social&#8230; para seguir abriendo las puertas al futuro que como sociedad queremos construir tras tantos a\u00f1os de confrontaci\u00f3n.<\/p>\n<p><strong>En el camino de la convivencia y la resoluci\u00f3n\u2026 \u00a1ETXERA!<\/strong><\/p>\n","protected":false},"excerpt":{"rendered":"<p>Ayer se celebr\u00f3 en Par\u00eds el juicio contra los llamados \u201cBakegileak\u201d, reflejo del anacronismo. A los 7 a\u00f1os y medio de los acontecimientos acaecidos en Luhuso en 2016. Su iniciativa [&hellip;]<\/p>\n","protected":false},"author":2,"featured_media":5968,"comment_status":"closed","ping_status":"closed","sticky":false,"template":"","format":"standard","meta":{"_acf_changed":false,"_et_pb_use_builder":"","_et_pb_old_content":"","_et_gb_content_width":"","footnotes":""},"categories":[60],"tags":[],"class_list":["post-5981","post","type-post","status-publish","format-standard","has-post-thumbnail","hentry","category-etxera-es","et-has-post-format-content","et_post_format-et-post-format-standard"],"acf":[],"yoast_head":"<!-- This site is optimized with the Yoast SEO plugin v26.4 - https:\/\/yoast.com\/wordpress\/plugins\/seo\/ -->\n<title>Luhuso, sin duda, nos abri\u00f3 las puertas hacia una nueva etapa - Sare Herritarra<\/title>\n<meta name=\"robots\" content=\"index, follow, max-snippet:-1, max-image-preview:large, max-video-preview:-1\" \/>\n<link rel=\"canonical\" href=\"https:\/\/sare.eus\/es\/luhuso-sin-duda-nos-abrio-las-puertas-hacia-una-nueva-etapa\/\" \/>\n<meta property=\"og:locale\" content=\"es_ES\" \/>\n<meta property=\"og:type\" content=\"article\" \/>\n<meta property=\"og:title\" content=\"Luhuso, sin duda, nos abri\u00f3 las puertas hacia una nueva etapa - Sare Herritarra\" \/>\n<meta property=\"og:description\" content=\"Ayer se celebr\u00f3 en Par\u00eds el juicio contra los llamados \u201cBakegileak\u201d, reflejo del anacronismo. A los 7 a\u00f1os y medio de los acontecimientos acaecidos en Luhuso en 2016. Su iniciativa [&hellip;]\" \/>\n<meta property=\"og:url\" content=\"https:\/\/sare.eus\/es\/luhuso-sin-duda-nos-abrio-las-puertas-hacia-una-nueva-etapa\/\" \/>\n<meta property=\"og:site_name\" content=\"Sare Herritarra\" \/>\n<meta property=\"article:published_time\" content=\"2024-04-05T07:30:59+00:00\" \/>\n<meta property=\"article:modified_time\" content=\"2024-04-05T07:36:41+00:00\" \/>\n<meta property=\"og:image\" content=\"https:\/\/sare.eus\/wp-content\/uploads\/2024\/04\/GASTEIZ-AP-3.jpg\" \/>\n\t<meta property=\"og:image:width\" content=\"1280\" \/>\n\t<meta property=\"og:image:height\" content=\"1280\" \/>\n\t<meta property=\"og:image:type\" content=\"image\/jpeg\" \/>\n<meta name=\"author\" content=\"sare\" \/>\n<meta name=\"twitter:card\" content=\"summary_large_image\" \/>\n<meta name=\"twitter:label1\" content=\"Escrito por\" \/>\n\t<meta name=\"twitter:data1\" content=\"sare\" \/>\n\t<meta name=\"twitter:label2\" content=\"Tiempo de lectura\" \/>\n\t<meta name=\"twitter:data2\" content=\"1 minuto\" \/>\n<script type=\"application\/ld+json\" class=\"yoast-schema-graph\">{\"@context\":\"https:\/\/schema.org\",\"@graph\":[{\"@type\":\"Article\",\"@id\":\"https:\/\/sare.eus\/es\/luhuso-sin-duda-nos-abrio-las-puertas-hacia-una-nueva-etapa\/#article\",\"isPartOf\":{\"@id\":\"https:\/\/sare.eus\/es\/luhuso-sin-duda-nos-abrio-las-puertas-hacia-una-nueva-etapa\/\"},\"author\":{\"name\":\"sare\",\"@id\":\"https:\/\/sare.eus\/#\/schema\/person\/2fe6d0df294f56313d3ab236dbe38e17\"},\"headline\":\"Luhuso, sin duda, nos abri\u00f3 las puertas hacia una nueva etapa\",\"datePublished\":\"2024-04-05T07:30:59+00:00\",\"dateModified\":\"2024-04-05T07:36:41+00:00\",\"mainEntityOfPage\":{\"@id\":\"https:\/\/sare.eus\/es\/luhuso-sin-duda-nos-abrio-las-puertas-hacia-una-nueva-etapa\/\"},\"wordCount\":267,\"publisher\":{\"@id\":\"https:\/\/sare.eus\/#organization\"},\"image\":{\"@id\":\"https:\/\/sare.eus\/es\/luhuso-sin-duda-nos-abrio-las-puertas-hacia-una-nueva-etapa\/#primaryimage\"},\"thumbnailUrl\":\"https:\/\/sare.eus\/wp-content\/uploads\/2024\/04\/GASTEIZ-AP-3.jpg\",\"articleSection\":[\"Etxera\"],\"inLanguage\":\"es\"},{\"@type\":\"WebPage\",\"@id\":\"https:\/\/sare.eus\/es\/luhuso-sin-duda-nos-abrio-las-puertas-hacia-una-nueva-etapa\/\",\"url\":\"https:\/\/sare.eus\/es\/luhuso-sin-duda-nos-abrio-las-puertas-hacia-una-nueva-etapa\/\",\"name\":\"Luhuso, sin duda, nos abri\u00f3 las puertas hacia una nueva etapa - Sare Herritarra\",\"isPartOf\":{\"@id\":\"https:\/\/sare.eus\/#website\"},\"primaryImageOfPage\":{\"@id\":\"https:\/\/sare.eus\/es\/luhuso-sin-duda-nos-abrio-las-puertas-hacia-una-nueva-etapa\/#primaryimage\"},\"image\":{\"@id\":\"https:\/\/sare.eus\/es\/luhuso-sin-duda-nos-abrio-las-puertas-hacia-una-nueva-etapa\/#primaryimage\"},\"thumbnailUrl\":\"https:\/\/sare.eus\/wp-content\/uploads\/2024\/04\/GASTEIZ-AP-3.jpg\",\"datePublished\":\"2024-04-05T07:30:59+00:00\",\"dateModified\":\"2024-04-05T07:36:41+00:00\",\"breadcrumb\":{\"@id\":\"https:\/\/sare.eus\/es\/luhuso-sin-duda-nos-abrio-las-puertas-hacia-una-nueva-etapa\/#breadcrumb\"},\"inLanguage\":\"es\",\"potentialAction\":[{\"@type\":\"ReadAction\",\"target\":[\"https:\/\/sare.eus\/es\/luhuso-sin-duda-nos-abrio-las-puertas-hacia-una-nueva-etapa\/\"]}]},{\"@type\":\"ImageObject\",\"inLanguage\":\"es\",\"@id\":\"https:\/\/sare.eus\/es\/luhuso-sin-duda-nos-abrio-las-puertas-hacia-una-nueva-etapa\/#primaryimage\",\"url\":\"https:\/\/sare.eus\/wp-content\/uploads\/2024\/04\/GASTEIZ-AP-3.jpg\",\"contentUrl\":\"https:\/\/sare.eus\/wp-content\/uploads\/2024\/04\/GASTEIZ-AP-3.jpg\",\"width\":1280,\"height\":1280,\"caption\":\"GASTEIZ\"},{\"@type\":\"BreadcrumbList\",\"@id\":\"https:\/\/sare.eus\/es\/luhuso-sin-duda-nos-abrio-las-puertas-hacia-una-nueva-etapa\/#breadcrumb\",\"itemListElement\":[{\"@type\":\"ListItem\",\"position\":1,\"name\":\"Home\",\"item\":\"https:\/\/sare.eus\/\"},{\"@type\":\"ListItem\",\"position\":2,\"name\":\"Luhuso, sin duda, nos abri\u00f3 las puertas hacia una nueva etapa\"}]},{\"@type\":\"WebSite\",\"@id\":\"https:\/\/sare.eus\/#website\",\"url\":\"https:\/\/sare.eus\/\",\"name\":\"Sare Herritarra\",\"description\":\"KONPONBIDEAREN ETA GIZA ESKUBIDEEN ALDEKO SARE HERRITARRA\",\"publisher\":{\"@id\":\"https:\/\/sare.eus\/#organization\"},\"potentialAction\":[{\"@type\":\"SearchAction\",\"target\":{\"@type\":\"EntryPoint\",\"urlTemplate\":\"https:\/\/sare.eus\/?s={search_term_string}\"},\"query-input\":{\"@type\":\"PropertyValueSpecification\",\"valueRequired\":true,\"valueName\":\"search_term_string\"}}],\"inLanguage\":\"es\"},{\"@type\":\"Organization\",\"@id\":\"https:\/\/sare.eus\/#organization\",\"name\":\"Sare Herritarra\",\"url\":\"https:\/\/sare.eus\/\",\"logo\":{\"@type\":\"ImageObject\",\"inLanguage\":\"es\",\"@id\":\"https:\/\/sare.eus\/#\/schema\/logo\/image\/\",\"url\":\"https:\/\/sare.eus\/wp-content\/uploads\/2021\/08\/sare.png\",\"contentUrl\":\"https:\/\/sare.eus\/wp-content\/uploads\/2021\/08\/sare.png\",\"width\":120,\"height\":142,\"caption\":\"Sare Herritarra\"},\"image\":{\"@id\":\"https:\/\/sare.eus\/#\/schema\/logo\/image\/\"}},{\"@type\":\"Person\",\"@id\":\"https:\/\/sare.eus\/#\/schema\/person\/2fe6d0df294f56313d3ab236dbe38e17\",\"name\":\"sare\",\"image\":{\"@type\":\"ImageObject\",\"inLanguage\":\"es\",\"@id\":\"https:\/\/sare.eus\/#\/schema\/person\/image\/\",\"url\":\"https:\/\/secure.gravatar.com\/avatar\/77cad838677ceb1977e7b3c878b55eaa7fa4aae2158983063b047c3ad7ef2c25?s=96&d=mm&r=g\",\"contentUrl\":\"https:\/\/secure.gravatar.com\/avatar\/77cad838677ceb1977e7b3c878b55eaa7fa4aae2158983063b047c3ad7ef2c25?s=96&d=mm&r=g\",\"caption\":\"sare\"},\"url\":\"https:\/\/sare.eus\/es\/author\/sare\/\"}]}<\/script>\n<!-- \/ Yoast SEO plugin. -->","yoast_head_json":{"title":"Luhuso, sin duda, nos abri\u00f3 las puertas hacia una nueva etapa - Sare Herritarra","robots":{"index":"index","follow":"follow","max-snippet":"max-snippet:-1","max-image-preview":"max-image-preview:large","max-video-preview":"max-video-preview:-1"},"canonical":"https:\/\/sare.eus\/es\/luhuso-sin-duda-nos-abrio-las-puertas-hacia-una-nueva-etapa\/","og_locale":"es_ES","og_type":"article","og_title":"Luhuso, sin duda, nos abri\u00f3 las puertas hacia una nueva etapa - Sare Herritarra","og_description":"Ayer se celebr\u00f3 en Par\u00eds el juicio contra los llamados \u201cBakegileak\u201d, reflejo del anacronismo. A los 7 a\u00f1os y medio de los acontecimientos acaecidos en Luhuso en 2016. Su iniciativa [&hellip;]","og_url":"https:\/\/sare.eus\/es\/luhuso-sin-duda-nos-abrio-las-puertas-hacia-una-nueva-etapa\/","og_site_name":"Sare Herritarra","article_published_time":"2024-04-05T07:30:59+00:00","article_modified_time":"2024-04-05T07:36:41+00:00","og_image":[{"width":1280,"height":1280,"url":"https:\/\/sare.eus\/wp-content\/uploads\/2024\/04\/GASTEIZ-AP-3.jpg","type":"image\/jpeg"}],"author":"sare","twitter_card":"summary_large_image","twitter_misc":{"Escrito por":"sare","Tiempo de lectura":"1 minuto"},"schema":{"@context":"https:\/\/schema.org","@graph":[{"@type":"Article","@id":"https:\/\/sare.eus\/es\/luhuso-sin-duda-nos-abrio-las-puertas-hacia-una-nueva-etapa\/#article","isPartOf":{"@id":"https:\/\/sare.eus\/es\/luhuso-sin-duda-nos-abrio-las-puertas-hacia-una-nueva-etapa\/"},"author":{"name":"sare","@id":"https:\/\/sare.eus\/#\/schema\/person\/2fe6d0df294f56313d3ab236dbe38e17"},"headline":"Luhuso, sin duda, nos abri\u00f3 las puertas hacia una nueva etapa","datePublished":"2024-04-05T07:30:59+00:00","dateModified":"2024-04-05T07:36:41+00:00","mainEntityOfPage":{"@id":"https:\/\/sare.eus\/es\/luhuso-sin-duda-nos-abrio-las-puertas-hacia-una-nueva-etapa\/"},"wordCount":267,"publisher":{"@id":"https:\/\/sare.eus\/#organization"},"image":{"@id":"https:\/\/sare.eus\/es\/luhuso-sin-duda-nos-abrio-las-puertas-hacia-una-nueva-etapa\/#primaryimage"},"thumbnailUrl":"https:\/\/sare.eus\/wp-content\/uploads\/2024\/04\/GASTEIZ-AP-3.jpg","articleSection":["Etxera"],"inLanguage":"es"},{"@type":"WebPage","@id":"https:\/\/sare.eus\/es\/luhuso-sin-duda-nos-abrio-las-puertas-hacia-una-nueva-etapa\/","url":"https:\/\/sare.eus\/es\/luhuso-sin-duda-nos-abrio-las-puertas-hacia-una-nueva-etapa\/","name":"Luhuso, sin duda, nos abri\u00f3 las puertas hacia una nueva etapa - Sare Herritarra","isPartOf":{"@id":"https:\/\/sare.eus\/#website"},"primaryImageOfPage":{"@id":"https:\/\/sare.eus\/es\/luhuso-sin-duda-nos-abrio-las-puertas-hacia-una-nueva-etapa\/#primaryimage"},"image":{"@id":"https:\/\/sare.eus\/es\/luhuso-sin-duda-nos-abrio-las-puertas-hacia-una-nueva-etapa\/#primaryimage"},"thumbnailUrl":"https:\/\/sare.eus\/wp-content\/uploads\/2024\/04\/GASTEIZ-AP-3.jpg","datePublished":"2024-04-05T07:30:59+00:00","dateModified":"2024-04-05T07:36:41+00:00","breadcrumb":{"@id":"https:\/\/sare.eus\/es\/luhuso-sin-duda-nos-abrio-las-puertas-hacia-una-nueva-etapa\/#breadcrumb"},"inLanguage":"es","potentialAction":[{"@type":"ReadAction","target":["https:\/\/sare.eus\/es\/luhuso-sin-duda-nos-abrio-las-puertas-hacia-una-nueva-etapa\/"]}]},{"@type":"ImageObject","inLanguage":"es","@id":"https:\/\/sare.eus\/es\/luhuso-sin-duda-nos-abrio-las-puertas-hacia-una-nueva-etapa\/#primaryimage","url":"https:\/\/sare.eus\/wp-content\/uploads\/2024\/04\/GASTEIZ-AP-3.jpg","contentUrl":"https:\/\/sare.eus\/wp-content\/uploads\/2024\/04\/GASTEIZ-AP-3.jpg","width":1280,"height":1280,"caption":"GASTEIZ"},{"@type":"BreadcrumbList","@id":"https:\/\/sare.eus\/es\/luhuso-sin-duda-nos-abrio-las-puertas-hacia-una-nueva-etapa\/#breadcrumb","itemListElement":[{"@type":"ListItem","position":1,"name":"Home","item":"https:\/\/sare.eus\/"},{"@type":"ListItem","position":2,"name":"Luhuso, sin duda, nos abri\u00f3 las puertas hacia una nueva etapa"}]},{"@type":"WebSite","@id":"https:\/\/sare.eus\/#website","url":"https:\/\/sare.eus\/","name":"Sare Herritarra","description":"KONPONBIDEAREN ETA GIZA ESKUBIDEEN ALDEKO SARE HERRITARRA","publisher":{"@id":"https:\/\/sare.eus\/#organization"},"potentialAction":[{"@type":"SearchAction","target":{"@type":"EntryPoint","urlTemplate":"https:\/\/sare.eus\/?s={search_term_string}"},"query-input":{"@type":"PropertyValueSpecification","valueRequired":true,"valueName":"search_term_string"}}],"inLanguage":"es"},{"@type":"Organization","@id":"https:\/\/sare.eus\/#organization","name":"Sare Herritarra","url":"https:\/\/sare.eus\/","logo":{"@type":"ImageObject","inLanguage":"es","@id":"https:\/\/sare.eus\/#\/schema\/logo\/image\/","url":"https:\/\/sare.eus\/wp-content\/uploads\/2021\/08\/sare.png","contentUrl":"https:\/\/sare.eus\/wp-content\/uploads\/2021\/08\/sare.png","width":120,"height":142,"caption":"Sare Herritarra"},"image":{"@id":"https:\/\/sare.eus\/#\/schema\/logo\/image\/"}},{"@type":"Person","@id":"https:\/\/sare.eus\/#\/schema\/person\/2fe6d0df294f56313d3ab236dbe38e17","name":"sare","image":{"@type":"ImageObject","inLanguage":"es","@id":"https:\/\/sare.eus\/#\/schema\/person\/image\/","url":"https:\/\/secure.gravatar.com\/avatar\/77cad838677ceb1977e7b3c878b55eaa7fa4aae2158983063b047c3ad7ef2c25?s=96&d=mm&r=g","contentUrl":"https:\/\/secure.gravatar.com\/avatar\/77cad838677ceb1977e7b3c878b55eaa7fa4aae2158983063b047c3ad7ef2c25?s=96&d=mm&r=g","caption":"sare"},"url":"https:\/\/sare.eus\/es\/author\/sare\/"}]}},"_links":{"self":[{"href":"https:\/\/sare.eus\/es\/wp-json\/wp\/v2\/posts\/5981","targetHints":{"allow":["GET"]}}],"collection":[{"href":"https:\/\/sare.eus\/es\/wp-json\/wp\/v2\/posts"}],"about":[{"href":"https:\/\/sare.eus\/es\/wp-json\/wp\/v2\/types\/post"}],"author":[{"embeddable":true,"href":"https:\/\/sare.eus\/es\/wp-json\/wp\/v2\/users\/2"}],"replies":[{"embeddable":true,"href":"https:\/\/sare.eus\/es\/wp-json\/wp\/v2\/comments?post=5981"}],"version-history":[{"count":3,"href":"https:\/\/sare.eus\/es\/wp-json\/wp\/v2\/posts\/5981\/revisions"}],"predecessor-version":[{"id":5984,"href":"https:\/\/sare.eus\/es\/wp-json\/wp\/v2\/posts\/5981\/revisions\/5984"}],"wp:featuredmedia":[{"embeddable":true,"href":"https:\/\/sare.eus\/es\/wp-json\/wp\/v2\/media\/5968"}],"wp:attachment":[{"href":"https:\/\/sare.eus\/es\/wp-json\/wp\/v2\/media?parent=5981"}],"wp:term":[{"taxonomy":"category","embeddable":true,"href":"https:\/\/sare.eus\/es\/wp-json\/wp\/v2\/categories?post=5981"},{"taxonomy":"post_tag","embeddable":true,"href":"https:\/\/sare.eus\/es\/wp-json\/wp\/v2\/tags?post=5981"}],"curies":[{"name":"wp","href":"https:\/\/api.w.org\/{rel}","templated":true}]}}