{"id":5976,"date":"2024-04-03T19:02:00","date_gmt":"2024-04-03T19:02:00","guid":{"rendered":"https:\/\/sare.eus\/konponbide-osoa-orain-apirilaren-3ko-kontzentrazioetan-irakurtzeko\/"},"modified":"2024-04-03T19:10:54","modified_gmt":"2024-04-03T19:10:54","slug":"para-leer-en-las-concentraciones-del-3-de-abril","status":"publish","type":"post","link":"https:\/\/sare.eus\/es\/para-leer-en-las-concentraciones-del-3-de-abril\/","title":{"rendered":"Konponbide Osoa Orain | Para leer en las concentraciones del 3 de abril"},"content":{"rendered":"<p>Ayer y hoy, B\u00e9atrice Molle-Haran y Txetx Etcheverry est\u00e1n compareciendo en el tribunal correccional de Par\u00eds. El 16 de diciembre de 2016, en Luhuso, ambos intentaron neutralizar armas y explosivos provenientes del arsenal de ETA. Esta acci\u00f3n fue respaldada y aplaudida por la mayor\u00eda de la sociedad vasca y representantes de casi todas las tendencias pol\u00edticas.<\/p>\n<p>Estas personas, activistas reconocidas por su compromiso no violento, junto a otras ya fallecidas, vinieron a compensar la ausencia de iniciativas de Par\u00eds y Madrid para hacer posible el desarme seguro y ordenado de ETA que hac\u00eda cinco a\u00f1os hab\u00eda decidido poner fin a la lucha armada. Los dos Estados, por el contrario, continuaron con la represi\u00f3n, las pol\u00edticas de dispersi\u00f3n y excepci\u00f3n respecto de los presos y presas vascos.<\/p>\n<p>El prop\u00f3sito de la acci\u00f3n en Luhuso fue poner fin a cinco a\u00f1os de inacci\u00f3n arriesgada por parte de las autoridades. Despu\u00e9s de Luhuso, cientos de otros \u00abArtesanos de la Paz\u00bb tomaron la iniciativa y el 8 de abril de 2017, veinte mil personas se congregaron en Baiona para respaldar la neutralizaci\u00f3n del arsenal realizada por cientos de personas.<\/p>\n<p>Posteriormente, se estableci\u00f3 por primera vez un espacio de trabajo oficial entre el gobierno franc\u00e9s y los \u00abArtesanos de la Paz\u00bb sobre la cuesti\u00f3n de los presos y presas vascas, lo que permiti\u00f3 mejoras en sus condiciones de encarcelamiento. El 3 de mayo de 2018 ETA anunci\u00f3 su disoluci\u00f3n.<\/p>\n<p>A\u00fan hay mucho trabajo por hacer para lograr una paz completa y duradera, sin deseos de venganza. Esto supondr\u00e1 reconocer adecuadamente a las v\u00edctimas, abordar la situaci\u00f3n de las personas que a\u00fan est\u00e1n encarceladas o en el exilio, y cumplir con el deber de memoria y verdad. Sin embargo, creemos que Luhuso marc\u00f3 el fin de cinco a\u00f1os de inmovilismo y abri\u00f3 nuevas posibilidades en Euskal Herria.<\/p>\n<p>Por eso, pedimos que B\u00e9atrice Molle-Haran y Txetx Etcheverry sean absueltos. Esta absoluci\u00f3n ser\u00eda un claro indicio de una determinaci\u00f3n para abordar las secuelas del conflicto armado en el Pa\u00eds Vasco y de una voluntad de abrir un nuevo cap\u00edtulo en nuestra historia.<\/p>\n<hr \/>\n\n\t\t<style type=\"text\/css\">\n\t\t\t#gallery-1 {\n\t\t\t\tmargin: auto;\n\t\t\t}\n\t\t\t#gallery-1 .gallery-item {\n\t\t\t\tfloat: left;\n\t\t\t\tmargin-top: 10px;\n\t\t\t\ttext-align: center;\n\t\t\t\twidth: 33%;\n\t\t\t}\n\t\t\t#gallery-1 img {\n\t\t\t\tborder: 2px solid #cfcfcf;\n\t\t\t}\n\t\t\t#gallery-1 .gallery-caption {\n\t\t\t\tmargin-left: 0;\n\t\t\t}\n\t\t\t\/* see gallery_shortcode() in wp-includes\/media.php *\/\n\t\t<\/style>\n\t\t<div id='gallery-1' class='gallery galleryid-5976 gallery-columns-3 gallery-size-medium'><dl class='gallery-item'>\n\t\t\t<dt class='gallery-icon landscape'>\n\t\t\t\t<a href='https:\/\/sare.eus\/es\/para-leer-en-las-concentraciones-del-3-de-abril\/baiona-2\/'><img loading=\"lazy\" decoding=\"async\" width=\"300\" height=\"300\" src=\"https:\/\/sare.eus\/wp-content\/uploads\/2024\/04\/BAIONA-300x300.jpg\" class=\"attachment-medium size-medium\" alt=\"\" aria-describedby=\"gallery-1-5960\" srcset=\"https:\/\/sare.eus\/wp-content\/uploads\/2024\/04\/BAIONA-300x300.jpg 300w, https:\/\/sare.eus\/wp-content\/uploads\/2024\/04\/BAIONA-1024x1024.jpg 1024w, https:\/\/sare.eus\/wp-content\/uploads\/2024\/04\/BAIONA-150x150.jpg 150w, https:\/\/sare.eus\/wp-content\/uploads\/2024\/04\/BAIONA-768x768.jpg 768w, https:\/\/sare.eus\/wp-content\/uploads\/2024\/04\/BAIONA-1080x1080.jpg 1080w, https:\/\/sare.eus\/wp-content\/uploads\/2024\/04\/BAIONA-440x440.jpg 440w, https:\/\/sare.eus\/wp-content\/uploads\/2024\/04\/BAIONA.jpg 1440w\" sizes=\"(max-width: 300px) 100vw, 300px\" \/><\/a>\n\t\t\t<\/dt>\n\t\t\t\t<dd class='wp-caption-text gallery-caption' id='gallery-1-5960'>\n\t\t\t\tBAIONA\n\t\t\t\t<\/dd><\/dl><dl class='gallery-item'>\n\t\t\t<dt class='gallery-icon landscape'>\n\t\t\t\t<a href='https:\/\/sare.eus\/es\/para-leer-en-las-concentraciones-del-3-de-abril\/bilbo-ap3-2\/'><img loading=\"lazy\" decoding=\"async\" width=\"300\" height=\"300\" src=\"https:\/\/sare.eus\/wp-content\/uploads\/2024\/04\/BILBO-AP3-300x300.jpg\" class=\"attachment-medium size-medium\" alt=\"\" aria-describedby=\"gallery-1-5962\" srcset=\"https:\/\/sare.eus\/wp-content\/uploads\/2024\/04\/BILBO-AP3-300x300.jpg 300w, https:\/\/sare.eus\/wp-content\/uploads\/2024\/04\/BILBO-AP3-1024x1024.jpg 1024w, https:\/\/sare.eus\/wp-content\/uploads\/2024\/04\/BILBO-AP3-150x150.jpg 150w, https:\/\/sare.eus\/wp-content\/uploads\/2024\/04\/BILBO-AP3-768x768.jpg 768w, https:\/\/sare.eus\/wp-content\/uploads\/2024\/04\/BILBO-AP3-1080x1080.jpg 1080w, https:\/\/sare.eus\/wp-content\/uploads\/2024\/04\/BILBO-AP3-440x440.jpg 440w, https:\/\/sare.eus\/wp-content\/uploads\/2024\/04\/BILBO-AP3.jpg 1440w\" sizes=\"(max-width: 300px) 100vw, 300px\" \/><\/a>\n\t\t\t<\/dt>\n\t\t\t\t<dd class='wp-caption-text gallery-caption' id='gallery-1-5962'>\n\t\t\t\tBILBO\n\t\t\t\t<\/dd><\/dl><dl class='gallery-item'>\n\t\t\t<dt class='gallery-icon landscape'>\n\t\t\t\t<a href='https:\/\/sare.eus\/es\/para-leer-en-las-concentraciones-del-3-de-abril\/donibane-garazi-2\/'><img loading=\"lazy\" decoding=\"async\" width=\"300\" height=\"300\" src=\"https:\/\/sare.eus\/wp-content\/uploads\/2024\/04\/DONIBANE-GARAZI-300x300.jpg\" class=\"attachment-medium size-medium\" alt=\"\" aria-describedby=\"gallery-1-5964\" srcset=\"https:\/\/sare.eus\/wp-content\/uploads\/2024\/04\/DONIBANE-GARAZI-300x300.jpg 300w, https:\/\/sare.eus\/wp-content\/uploads\/2024\/04\/DONIBANE-GARAZI.jpg 1024w, https:\/\/sare.eus\/wp-content\/uploads\/2024\/04\/DONIBANE-GARAZI-150x150.jpg 150w, https:\/\/sare.eus\/wp-content\/uploads\/2024\/04\/DONIBANE-GARAZI-768x768.jpg 768w, https:\/\/sare.eus\/wp-content\/uploads\/2024\/04\/DONIBANE-GARAZI-440x440.jpg 440w\" sizes=\"(max-width: 300px) 100vw, 300px\" \/><\/a>\n\t\t\t<\/dt>\n\t\t\t\t<dd class='wp-caption-text gallery-caption' id='gallery-1-5964'>\n\t\t\t\tDONIBANE GARAZI\n\t\t\t\t<\/dd><\/dl><br style=\"clear: both\" \/><dl class='gallery-item'>\n\t\t\t<dt class='gallery-icon landscape'>\n\t\t\t\t<a href='https:\/\/sare.eus\/es\/para-leer-en-las-concentraciones-del-3-de-abril\/donostia-ap3-2\/'><img loading=\"lazy\" decoding=\"async\" width=\"300\" height=\"300\" src=\"https:\/\/sare.eus\/wp-content\/uploads\/2024\/04\/DONOSTIA-AP3-300x300.jpg\" class=\"attachment-medium size-medium\" alt=\"\" aria-describedby=\"gallery-1-5966\" srcset=\"https:\/\/sare.eus\/wp-content\/uploads\/2024\/04\/DONOSTIA-AP3-300x300.jpg 300w, https:\/\/sare.eus\/wp-content\/uploads\/2024\/04\/DONOSTIA-AP3-1024x1024.jpg 1024w, https:\/\/sare.eus\/wp-content\/uploads\/2024\/04\/DONOSTIA-AP3-150x150.jpg 150w, https:\/\/sare.eus\/wp-content\/uploads\/2024\/04\/DONOSTIA-AP3-768x768.jpg 768w, https:\/\/sare.eus\/wp-content\/uploads\/2024\/04\/DONOSTIA-AP3-1080x1080.jpg 1080w, https:\/\/sare.eus\/wp-content\/uploads\/2024\/04\/DONOSTIA-AP3-440x440.jpg 440w, https:\/\/sare.eus\/wp-content\/uploads\/2024\/04\/DONOSTIA-AP3.jpg 1440w\" sizes=\"(max-width: 300px) 100vw, 300px\" \/><\/a>\n\t\t\t<\/dt>\n\t\t\t\t<dd class='wp-caption-text gallery-caption' id='gallery-1-5966'>\n\t\t\t\tDONOSTIA\n\t\t\t\t<\/dd><\/dl><dl class='gallery-item'>\n\t\t\t<dt class='gallery-icon landscape'>\n\t\t\t\t<a href='https:\/\/sare.eus\/es\/para-leer-en-las-concentraciones-del-3-de-abril\/gasteiz-ap-3-2\/'><img loading=\"lazy\" decoding=\"async\" width=\"300\" height=\"300\" src=\"https:\/\/sare.eus\/wp-content\/uploads\/2024\/04\/GASTEIZ-AP-3-300x300.jpg\" class=\"attachment-medium size-medium\" alt=\"\" aria-describedby=\"gallery-1-5968\" srcset=\"https:\/\/sare.eus\/wp-content\/uploads\/2024\/04\/GASTEIZ-AP-3-300x300.jpg 300w, https:\/\/sare.eus\/wp-content\/uploads\/2024\/04\/GASTEIZ-AP-3-1024x1024.jpg 1024w, https:\/\/sare.eus\/wp-content\/uploads\/2024\/04\/GASTEIZ-AP-3-150x150.jpg 150w, https:\/\/sare.eus\/wp-content\/uploads\/2024\/04\/GASTEIZ-AP-3-768x768.jpg 768w, https:\/\/sare.eus\/wp-content\/uploads\/2024\/04\/GASTEIZ-AP-3-1080x1080.jpg 1080w, https:\/\/sare.eus\/wp-content\/uploads\/2024\/04\/GASTEIZ-AP-3-440x440.jpg 440w, https:\/\/sare.eus\/wp-content\/uploads\/2024\/04\/GASTEIZ-AP-3.jpg 1280w\" sizes=\"(max-width: 300px) 100vw, 300px\" \/><\/a>\n\t\t\t<\/dt>\n\t\t\t\t<dd class='wp-caption-text gallery-caption' id='gallery-1-5968'>\n\t\t\t\tGASTEIZ\n\t\t\t\t<\/dd><\/dl><dl class='gallery-item'>\n\t\t\t<dt class='gallery-icon landscape'>\n\t\t\t\t<a href='https:\/\/sare.eus\/es\/para-leer-en-las-concentraciones-del-3-de-abril\/irunea-ap3-2\/'><img loading=\"lazy\" decoding=\"async\" width=\"300\" height=\"300\" src=\"https:\/\/sare.eus\/wp-content\/uploads\/2024\/04\/IRUNEA-AP3-300x300.jpg\" class=\"attachment-medium size-medium\" alt=\"\" aria-describedby=\"gallery-1-5970\" srcset=\"https:\/\/sare.eus\/wp-content\/uploads\/2024\/04\/IRUNEA-AP3-300x300.jpg 300w, https:\/\/sare.eus\/wp-content\/uploads\/2024\/04\/IRUNEA-AP3-1024x1024.jpg 1024w, https:\/\/sare.eus\/wp-content\/uploads\/2024\/04\/IRUNEA-AP3-150x150.jpg 150w, https:\/\/sare.eus\/wp-content\/uploads\/2024\/04\/IRUNEA-AP3-768x768.jpg 768w, https:\/\/sare.eus\/wp-content\/uploads\/2024\/04\/IRUNEA-AP3-1080x1080.jpg 1080w, https:\/\/sare.eus\/wp-content\/uploads\/2024\/04\/IRUNEA-AP3-440x440.jpg 440w, https:\/\/sare.eus\/wp-content\/uploads\/2024\/04\/IRUNEA-AP3.jpg 1440w\" sizes=\"(max-width: 300px) 100vw, 300px\" \/><\/a>\n\t\t\t<\/dt>\n\t\t\t\t<dd class='wp-caption-text gallery-caption' id='gallery-1-5970'>\n\t\t\t\tIRU\u00d1EA\n\t\t\t\t<\/dd><\/dl><br style=\"clear: both\" \/><dl class='gallery-item'>\n\t\t\t<dt class='gallery-icon landscape'>\n\t\t\t\t<a href='https:\/\/sare.eus\/es\/para-leer-en-las-concentraciones-del-3-de-abril\/maule-2\/'><img loading=\"lazy\" decoding=\"async\" width=\"300\" height=\"300\" src=\"https:\/\/sare.eus\/wp-content\/uploads\/2024\/04\/MAULE-300x300.jpg\" class=\"attachment-medium size-medium\" alt=\"\" aria-describedby=\"gallery-1-5972\" srcset=\"https:\/\/sare.eus\/wp-content\/uploads\/2024\/04\/MAULE-300x300.jpg 300w, https:\/\/sare.eus\/wp-content\/uploads\/2024\/04\/MAULE-1024x1024.jpg 1024w, https:\/\/sare.eus\/wp-content\/uploads\/2024\/04\/MAULE-150x150.jpg 150w, https:\/\/sare.eus\/wp-content\/uploads\/2024\/04\/MAULE-768x768.jpg 768w, https:\/\/sare.eus\/wp-content\/uploads\/2024\/04\/MAULE-1080x1080.jpg 1080w, https:\/\/sare.eus\/wp-content\/uploads\/2024\/04\/MAULE-440x440.jpg 440w, https:\/\/sare.eus\/wp-content\/uploads\/2024\/04\/MAULE.jpg 1440w\" sizes=\"(max-width: 300px) 100vw, 300px\" \/><\/a>\n\t\t\t<\/dt>\n\t\t\t\t<dd class='wp-caption-text gallery-caption' id='gallery-1-5972'>\n\t\t\t\tMAULE\n\t\t\t\t<\/dd><\/dl>\n\t\t\t<br style='clear: both' \/>\n\t\t<\/div>\n\n","protected":false},"excerpt":{"rendered":"<p>Ayer y hoy, B\u00e9atrice Molle-Haran y Txetx Etcheverry est\u00e1n compareciendo en el tribunal correccional de Par\u00eds. El 16 de diciembre de 2016, en Luhuso, ambos intentaron neutralizar armas y explosivos [&hellip;]<\/p>\n","protected":false},"author":2,"featured_media":5958,"comment_status":"closed","ping_status":"closed","sticky":false,"template":"","format":"standard","meta":{"_acf_changed":false,"_et_pb_use_builder":"","_et_pb_old_content":"","_et_gb_content_width":"","footnotes":""},"categories":[60],"tags":[],"class_list":["post-5976","post","type-post","status-publish","format-standard","has-post-thumbnail","hentry","category-etxera-es","et-has-post-format-content","et_post_format-et-post-format-standard"],"acf":[],"yoast_head":"<!-- This site is optimized with the Yoast SEO plugin v26.4 - https:\/\/yoast.com\/wordpress\/plugins\/seo\/ -->\n<title>Konponbide Osoa Orain | Para leer en las concentraciones del 3 de abril - Sare Herritarra<\/title>\n<meta name=\"robots\" content=\"index, follow, max-snippet:-1, max-image-preview:large, max-video-preview:-1\" \/>\n<link rel=\"canonical\" href=\"https:\/\/sare.eus\/es\/para-leer-en-las-concentraciones-del-3-de-abril\/\" \/>\n<meta property=\"og:locale\" content=\"es_ES\" \/>\n<meta property=\"og:type\" content=\"article\" \/>\n<meta property=\"og:title\" content=\"Konponbide Osoa Orain | Para leer en las concentraciones del 3 de abril - Sare Herritarra\" \/>\n<meta property=\"og:description\" content=\"Ayer y hoy, B\u00e9atrice Molle-Haran y Txetx Etcheverry est\u00e1n compareciendo en el tribunal correccional de Par\u00eds. El 16 de diciembre de 2016, en Luhuso, ambos intentaron neutralizar armas y explosivos [&hellip;]\" \/>\n<meta property=\"og:url\" content=\"https:\/\/sare.eus\/es\/para-leer-en-las-concentraciones-del-3-de-abril\/\" \/>\n<meta property=\"og:site_name\" content=\"Sare Herritarra\" \/>\n<meta property=\"article:published_time\" content=\"2024-04-03T19:02:00+00:00\" \/>\n<meta property=\"article:modified_time\" content=\"2024-04-03T19:10:54+00:00\" \/>\n<meta property=\"og:image\" content=\"https:\/\/sare.eus\/wp-content\/uploads\/2024\/04\/BILBO-AP3-00.jpg\" \/>\n\t<meta property=\"og:image:width\" content=\"1280\" \/>\n\t<meta property=\"og:image:height\" content=\"721\" \/>\n\t<meta property=\"og:image:type\" content=\"image\/jpeg\" \/>\n<meta name=\"author\" content=\"sare\" \/>\n<meta name=\"twitter:card\" content=\"summary_large_image\" \/>\n<meta name=\"twitter:label1\" content=\"Escrito por\" \/>\n\t<meta name=\"twitter:data1\" content=\"sare\" \/>\n\t<meta name=\"twitter:label2\" content=\"Tiempo de lectura\" \/>\n\t<meta name=\"twitter:data2\" content=\"2 minutos\" \/>\n<script type=\"application\/ld+json\" class=\"yoast-schema-graph\">{\"@context\":\"https:\/\/schema.org\",\"@graph\":[{\"@type\":\"Article\",\"@id\":\"https:\/\/sare.eus\/es\/para-leer-en-las-concentraciones-del-3-de-abril\/#article\",\"isPartOf\":{\"@id\":\"https:\/\/sare.eus\/es\/para-leer-en-las-concentraciones-del-3-de-abril\/\"},\"author\":{\"name\":\"sare\",\"@id\":\"https:\/\/sare.eus\/#\/schema\/person\/2fe6d0df294f56313d3ab236dbe38e17\"},\"headline\":\"Konponbide Osoa Orain | Para leer en las concentraciones del 3 de abril\",\"datePublished\":\"2024-04-03T19:02:00+00:00\",\"dateModified\":\"2024-04-03T19:10:54+00:00\",\"mainEntityOfPage\":{\"@id\":\"https:\/\/sare.eus\/es\/para-leer-en-las-concentraciones-del-3-de-abril\/\"},\"wordCount\":388,\"publisher\":{\"@id\":\"https:\/\/sare.eus\/#organization\"},\"image\":{\"@id\":\"https:\/\/sare.eus\/es\/para-leer-en-las-concentraciones-del-3-de-abril\/#primaryimage\"},\"thumbnailUrl\":\"https:\/\/sare.eus\/wp-content\/uploads\/2024\/04\/BILBO-AP3-00.jpg\",\"articleSection\":[\"Etxera\"],\"inLanguage\":\"es\"},{\"@type\":\"WebPage\",\"@id\":\"https:\/\/sare.eus\/es\/para-leer-en-las-concentraciones-del-3-de-abril\/\",\"url\":\"https:\/\/sare.eus\/es\/para-leer-en-las-concentraciones-del-3-de-abril\/\",\"name\":\"Konponbide Osoa Orain | Para leer en las concentraciones del 3 de abril - Sare Herritarra\",\"isPartOf\":{\"@id\":\"https:\/\/sare.eus\/#website\"},\"primaryImageOfPage\":{\"@id\":\"https:\/\/sare.eus\/es\/para-leer-en-las-concentraciones-del-3-de-abril\/#primaryimage\"},\"image\":{\"@id\":\"https:\/\/sare.eus\/es\/para-leer-en-las-concentraciones-del-3-de-abril\/#primaryimage\"},\"thumbnailUrl\":\"https:\/\/sare.eus\/wp-content\/uploads\/2024\/04\/BILBO-AP3-00.jpg\",\"datePublished\":\"2024-04-03T19:02:00+00:00\",\"dateModified\":\"2024-04-03T19:10:54+00:00\",\"breadcrumb\":{\"@id\":\"https:\/\/sare.eus\/es\/para-leer-en-las-concentraciones-del-3-de-abril\/#breadcrumb\"},\"inLanguage\":\"es\",\"potentialAction\":[{\"@type\":\"ReadAction\",\"target\":[\"https:\/\/sare.eus\/es\/para-leer-en-las-concentraciones-del-3-de-abril\/\"]}]},{\"@type\":\"ImageObject\",\"inLanguage\":\"es\",\"@id\":\"https:\/\/sare.eus\/es\/para-leer-en-las-concentraciones-del-3-de-abril\/#primaryimage\",\"url\":\"https:\/\/sare.eus\/wp-content\/uploads\/2024\/04\/BILBO-AP3-00.jpg\",\"contentUrl\":\"https:\/\/sare.eus\/wp-content\/uploads\/2024\/04\/BILBO-AP3-00.jpg\",\"width\":1280,\"height\":721},{\"@type\":\"BreadcrumbList\",\"@id\":\"https:\/\/sare.eus\/es\/para-leer-en-las-concentraciones-del-3-de-abril\/#breadcrumb\",\"itemListElement\":[{\"@type\":\"ListItem\",\"position\":1,\"name\":\"Home\",\"item\":\"https:\/\/sare.eus\/\"},{\"@type\":\"ListItem\",\"position\":2,\"name\":\"Konponbide Osoa Orain | Para leer en las concentraciones del 3 de abril\"}]},{\"@type\":\"WebSite\",\"@id\":\"https:\/\/sare.eus\/#website\",\"url\":\"https:\/\/sare.eus\/\",\"name\":\"Sare Herritarra\",\"description\":\"KONPONBIDEAREN ETA GIZA ESKUBIDEEN ALDEKO SARE HERRITARRA\",\"publisher\":{\"@id\":\"https:\/\/sare.eus\/#organization\"},\"potentialAction\":[{\"@type\":\"SearchAction\",\"target\":{\"@type\":\"EntryPoint\",\"urlTemplate\":\"https:\/\/sare.eus\/?s={search_term_string}\"},\"query-input\":{\"@type\":\"PropertyValueSpecification\",\"valueRequired\":true,\"valueName\":\"search_term_string\"}}],\"inLanguage\":\"es\"},{\"@type\":\"Organization\",\"@id\":\"https:\/\/sare.eus\/#organization\",\"name\":\"Sare Herritarra\",\"url\":\"https:\/\/sare.eus\/\",\"logo\":{\"@type\":\"ImageObject\",\"inLanguage\":\"es\",\"@id\":\"https:\/\/sare.eus\/#\/schema\/logo\/image\/\",\"url\":\"https:\/\/sare.eus\/wp-content\/uploads\/2021\/08\/sare.png\",\"contentUrl\":\"https:\/\/sare.eus\/wp-content\/uploads\/2021\/08\/sare.png\",\"width\":120,\"height\":142,\"caption\":\"Sare Herritarra\"},\"image\":{\"@id\":\"https:\/\/sare.eus\/#\/schema\/logo\/image\/\"}},{\"@type\":\"Person\",\"@id\":\"https:\/\/sare.eus\/#\/schema\/person\/2fe6d0df294f56313d3ab236dbe38e17\",\"name\":\"sare\",\"image\":{\"@type\":\"ImageObject\",\"inLanguage\":\"es\",\"@id\":\"https:\/\/sare.eus\/#\/schema\/person\/image\/\",\"url\":\"https:\/\/secure.gravatar.com\/avatar\/77cad838677ceb1977e7b3c878b55eaa7fa4aae2158983063b047c3ad7ef2c25?s=96&d=mm&r=g\",\"contentUrl\":\"https:\/\/secure.gravatar.com\/avatar\/77cad838677ceb1977e7b3c878b55eaa7fa4aae2158983063b047c3ad7ef2c25?s=96&d=mm&r=g\",\"caption\":\"sare\"},\"url\":\"https:\/\/sare.eus\/es\/author\/sare\/\"}]}<\/script>\n<!-- \/ Yoast SEO plugin. -->","yoast_head_json":{"title":"Konponbide Osoa Orain | Para leer en las concentraciones del 3 de abril - Sare Herritarra","robots":{"index":"index","follow":"follow","max-snippet":"max-snippet:-1","max-image-preview":"max-image-preview:large","max-video-preview":"max-video-preview:-1"},"canonical":"https:\/\/sare.eus\/es\/para-leer-en-las-concentraciones-del-3-de-abril\/","og_locale":"es_ES","og_type":"article","og_title":"Konponbide Osoa Orain | Para leer en las concentraciones del 3 de abril - Sare Herritarra","og_description":"Ayer y hoy, B\u00e9atrice Molle-Haran y Txetx Etcheverry est\u00e1n compareciendo en el tribunal correccional de Par\u00eds. El 16 de diciembre de 2016, en Luhuso, ambos intentaron neutralizar armas y explosivos [&hellip;]","og_url":"https:\/\/sare.eus\/es\/para-leer-en-las-concentraciones-del-3-de-abril\/","og_site_name":"Sare Herritarra","article_published_time":"2024-04-03T19:02:00+00:00","article_modified_time":"2024-04-03T19:10:54+00:00","og_image":[{"width":1280,"height":721,"url":"https:\/\/sare.eus\/wp-content\/uploads\/2024\/04\/BILBO-AP3-00.jpg","type":"image\/jpeg"}],"author":"sare","twitter_card":"summary_large_image","twitter_misc":{"Escrito por":"sare","Tiempo de lectura":"2 minutos"},"schema":{"@context":"https:\/\/schema.org","@graph":[{"@type":"Article","@id":"https:\/\/sare.eus\/es\/para-leer-en-las-concentraciones-del-3-de-abril\/#article","isPartOf":{"@id":"https:\/\/sare.eus\/es\/para-leer-en-las-concentraciones-del-3-de-abril\/"},"author":{"name":"sare","@id":"https:\/\/sare.eus\/#\/schema\/person\/2fe6d0df294f56313d3ab236dbe38e17"},"headline":"Konponbide Osoa Orain | Para leer en las concentraciones del 3 de abril","datePublished":"2024-04-03T19:02:00+00:00","dateModified":"2024-04-03T19:10:54+00:00","mainEntityOfPage":{"@id":"https:\/\/sare.eus\/es\/para-leer-en-las-concentraciones-del-3-de-abril\/"},"wordCount":388,"publisher":{"@id":"https:\/\/sare.eus\/#organization"},"image":{"@id":"https:\/\/sare.eus\/es\/para-leer-en-las-concentraciones-del-3-de-abril\/#primaryimage"},"thumbnailUrl":"https:\/\/sare.eus\/wp-content\/uploads\/2024\/04\/BILBO-AP3-00.jpg","articleSection":["Etxera"],"inLanguage":"es"},{"@type":"WebPage","@id":"https:\/\/sare.eus\/es\/para-leer-en-las-concentraciones-del-3-de-abril\/","url":"https:\/\/sare.eus\/es\/para-leer-en-las-concentraciones-del-3-de-abril\/","name":"Konponbide Osoa Orain | Para leer en las concentraciones del 3 de abril - Sare Herritarra","isPartOf":{"@id":"https:\/\/sare.eus\/#website"},"primaryImageOfPage":{"@id":"https:\/\/sare.eus\/es\/para-leer-en-las-concentraciones-del-3-de-abril\/#primaryimage"},"image":{"@id":"https:\/\/sare.eus\/es\/para-leer-en-las-concentraciones-del-3-de-abril\/#primaryimage"},"thumbnailUrl":"https:\/\/sare.eus\/wp-content\/uploads\/2024\/04\/BILBO-AP3-00.jpg","datePublished":"2024-04-03T19:02:00+00:00","dateModified":"2024-04-03T19:10:54+00:00","breadcrumb":{"@id":"https:\/\/sare.eus\/es\/para-leer-en-las-concentraciones-del-3-de-abril\/#breadcrumb"},"inLanguage":"es","potentialAction":[{"@type":"ReadAction","target":["https:\/\/sare.eus\/es\/para-leer-en-las-concentraciones-del-3-de-abril\/"]}]},{"@type":"ImageObject","inLanguage":"es","@id":"https:\/\/sare.eus\/es\/para-leer-en-las-concentraciones-del-3-de-abril\/#primaryimage","url":"https:\/\/sare.eus\/wp-content\/uploads\/2024\/04\/BILBO-AP3-00.jpg","contentUrl":"https:\/\/sare.eus\/wp-content\/uploads\/2024\/04\/BILBO-AP3-00.jpg","width":1280,"height":721},{"@type":"BreadcrumbList","@id":"https:\/\/sare.eus\/es\/para-leer-en-las-concentraciones-del-3-de-abril\/#breadcrumb","itemListElement":[{"@type":"ListItem","position":1,"name":"Home","item":"https:\/\/sare.eus\/"},{"@type":"ListItem","position":2,"name":"Konponbide Osoa Orain | Para leer en las concentraciones del 3 de abril"}]},{"@type":"WebSite","@id":"https:\/\/sare.eus\/#website","url":"https:\/\/sare.eus\/","name":"Sare Herritarra","description":"KONPONBIDEAREN ETA GIZA ESKUBIDEEN ALDEKO SARE HERRITARRA","publisher":{"@id":"https:\/\/sare.eus\/#organization"},"potentialAction":[{"@type":"SearchAction","target":{"@type":"EntryPoint","urlTemplate":"https:\/\/sare.eus\/?s={search_term_string}"},"query-input":{"@type":"PropertyValueSpecification","valueRequired":true,"valueName":"search_term_string"}}],"inLanguage":"es"},{"@type":"Organization","@id":"https:\/\/sare.eus\/#organization","name":"Sare Herritarra","url":"https:\/\/sare.eus\/","logo":{"@type":"ImageObject","inLanguage":"es","@id":"https:\/\/sare.eus\/#\/schema\/logo\/image\/","url":"https:\/\/sare.eus\/wp-content\/uploads\/2021\/08\/sare.png","contentUrl":"https:\/\/sare.eus\/wp-content\/uploads\/2021\/08\/sare.png","width":120,"height":142,"caption":"Sare Herritarra"},"image":{"@id":"https:\/\/sare.eus\/#\/schema\/logo\/image\/"}},{"@type":"Person","@id":"https:\/\/sare.eus\/#\/schema\/person\/2fe6d0df294f56313d3ab236dbe38e17","name":"sare","image":{"@type":"ImageObject","inLanguage":"es","@id":"https:\/\/sare.eus\/#\/schema\/person\/image\/","url":"https:\/\/secure.gravatar.com\/avatar\/77cad838677ceb1977e7b3c878b55eaa7fa4aae2158983063b047c3ad7ef2c25?s=96&d=mm&r=g","contentUrl":"https:\/\/secure.gravatar.com\/avatar\/77cad838677ceb1977e7b3c878b55eaa7fa4aae2158983063b047c3ad7ef2c25?s=96&d=mm&r=g","caption":"sare"},"url":"https:\/\/sare.eus\/es\/author\/sare\/"}]}},"_links":{"self":[{"href":"https:\/\/sare.eus\/es\/wp-json\/wp\/v2\/posts\/5976","targetHints":{"allow":["GET"]}}],"collection":[{"href":"https:\/\/sare.eus\/es\/wp-json\/wp\/v2\/posts"}],"about":[{"href":"https:\/\/sare.eus\/es\/wp-json\/wp\/v2\/types\/post"}],"author":[{"embeddable":true,"href":"https:\/\/sare.eus\/es\/wp-json\/wp\/v2\/users\/2"}],"replies":[{"embeddable":true,"href":"https:\/\/sare.eus\/es\/wp-json\/wp\/v2\/comments?post=5976"}],"version-history":[{"count":2,"href":"https:\/\/sare.eus\/es\/wp-json\/wp\/v2\/posts\/5976\/revisions"}],"predecessor-version":[{"id":5978,"href":"https:\/\/sare.eus\/es\/wp-json\/wp\/v2\/posts\/5976\/revisions\/5978"}],"wp:featuredmedia":[{"embeddable":true,"href":"https:\/\/sare.eus\/es\/wp-json\/wp\/v2\/media\/5958"}],"wp:attachment":[{"href":"https:\/\/sare.eus\/es\/wp-json\/wp\/v2\/media?parent=5976"}],"wp:term":[{"taxonomy":"category","embeddable":true,"href":"https:\/\/sare.eus\/es\/wp-json\/wp\/v2\/categories?post=5976"},{"taxonomy":"post_tag","embeddable":true,"href":"https:\/\/sare.eus\/es\/wp-json\/wp\/v2\/tags?post=5976"}],"curies":[{"name":"wp","href":"https:\/\/api.w.org\/{rel}","templated":true}]}}