{"id":5948,"date":"2024-03-28T10:00:04","date_gmt":"2024-03-28T10:00:04","guid":{"rendered":"https:\/\/sare.eus\/?p=5948"},"modified":"2024-03-28T10:00:04","modified_gmt":"2024-03-28T10:00:04","slug":"joseba-borde-y-juan-karlos-subijana-vuelven-a-prision-tras-el-recurso-de-la-fiscalia-de-la-audiencia-nacional","status":"publish","type":"post","link":"https:\/\/sare.eus\/es\/joseba-borde-y-juan-karlos-subijana-vuelven-a-prision-tras-el-recurso-de-la-fiscalia-de-la-audiencia-nacional\/","title":{"rendered":"Joseba Borde y Juan Karlos Subijana vuelven a prisi\u00f3n tras el recurso de la Fiscal\u00eda de la Audiencia Nacional"},"content":{"rendered":"<p>El pasado 21 de marzo, el Gobierno Vasco, a propuesta de las Juntas Tratamiento del C.P de Basauri del 7 de febrero de 2024, aprob\u00f3 el tercer grado a los presos Juan Carlos Subijana y Joseba Borde.<\/p>\n<p>Ayer 27 de marzo, la Fiscal\u00eda de la Audiencia Nacional, presenta recurso contra esta decisi\u00f3n y ambos presos, este mismo d\u00eda, vuelven a reingresar en prisi\u00f3n y en segundo grado.<\/p>\n<p>En ambos casos, esta es la tercera vez, que la fiscal\u00eda, recurre las decisiones de los profesionales de los Centros Penitenciarios y del propio Gobierno Vasco.<\/p>\n<p><img loading=\"lazy\" decoding=\"async\" class=\"wp-image-5946 alignleft\" src=\"https:\/\/sare.eus\/wp-content\/uploads\/2024\/03\/2024.03_JOSEBA-BORDEsubijana-00-212x300.jpg\" alt=\"\" width=\"500\" height=\"707\" srcset=\"https:\/\/sare.eus\/wp-content\/uploads\/2024\/03\/2024.03_JOSEBA-BORDEsubijana-00-212x300.jpg 212w, https:\/\/sare.eus\/wp-content\/uploads\/2024\/03\/2024.03_JOSEBA-BORDEsubijana-00-724x1024.jpg 724w, https:\/\/sare.eus\/wp-content\/uploads\/2024\/03\/2024.03_JOSEBA-BORDEsubijana-00-768x1086.jpg 768w, https:\/\/sare.eus\/wp-content\/uploads\/2024\/03\/2024.03_JOSEBA-BORDEsubijana-00-1086x1536.jpg 1086w, https:\/\/sare.eus\/wp-content\/uploads\/2024\/03\/2024.03_JOSEBA-BORDEsubijana-00-1448x2048.jpg 1448w, https:\/\/sare.eus\/wp-content\/uploads\/2024\/03\/2024.03_JOSEBA-BORDEsubijana-00-1080x1527.jpg 1080w, https:\/\/sare.eus\/wp-content\/uploads\/2024\/03\/2024.03_JOSEBA-BORDEsubijana-00-scaled.jpg 1810w\" sizes=\"(max-width: 500px) 100vw, 500px\" \/>Cabe preguntarse, \u00bfQu\u00e9 l\u00f3gica tiene que quienes mejor conocen la evoluci\u00f3n de estos presos, como son los profesionales de los Centros Penitenciarios, vean recurridas sus decisiones por quienes a 400 kms. De distancia deciden sobre presos y presas, de las cuales nada conocen y nada les importan?<\/p>\n<p><strong>\u2022 JOSEBA BORDE:<\/strong> est\u00e1 cumpliendo una condena 30 a\u00f1os. Cumpli\u00f3 las \u00be partes de su condena en 2019; tiene 65 a\u00f1os de edad. Cumple la totalidad de la condena en Noviembre de este a\u00f1o. Esta abonando la Responsabilidad CIVIL desde 2021; ha disfrutado de m\u00e1s de 20 salidas programadas y 9 permisos ordinarios. Trabaja en el CP. Los hechos por los que cumple prisi\u00f3n son de 1981. Ha presentado escrito de reconocimiento del da\u00f1o causado y compromiso con las v\u00edas pacificas, pol\u00edticas y democr\u00e1ticas.<\/p>\n<p><strong>\u2022 JUAN CARLOS SUBIJANA:<\/strong> 59 a\u00f1os de edad. Lleva cumplidos 23 a\u00f1os de una condena de 28 a\u00f1os; esta abonando las Responsabilidad civil; ha participado de trece salidas programadas y unos 20 permisos ordinarios. Los permisos ordinarios le son aprobados por el Juzgados Centrales de Vigilancia Penitenciaria, atendiendo precisamente a su escrito de reconocimiento del da\u00f1o causado que fue considerado suficiente por el Ministerio Fiscal en Agosto de 2022. ha participado con normalidad en actividades dentro del CP, asi como en trabajos remunerados. En el caso de SUBIJANA, debemos indicar, como asi consta en los expedientes m\u00e9dicos del CP y del Hospital de Basurto, donde se le diagnostica una enfermedad pulmonar obstructiva cr\u00f3nica, considerada como grave; enfermedad nefrologica y desnutrici\u00f3n y que seg\u00fan el expediente m\u00e9dico, condiciona la esperanza y calidad del vida de este paciente.<\/p>\n<p>Al Ministerio Fiscal les da igual. No le vale para nada, el reconocimiento del da\u00f1o causado manifestado por estos y otros presos y presas. No le vale para nada, que hace m\u00e1s de trece a\u00f1os, ETA tom\u00f3 la decisi\u00f3n de poner fin a su actividad.<\/p>\n<p>Y esto es as\u00ed, porque no se gu\u00eda por criterios de justicia. NO. Estamos ante una Justicia, que en estos casos se ha convertido en el arma jur\u00eddica de la extrema derecha pol\u00edtica.<\/p>\n<p>Har\u00e1n lo posible y lo imposible para impedir la aplicaci\u00f3n de una pol\u00edtica penitenciaria ordinaria y bloquear el camino de regreso a casa de estos presos\/as.<\/p>\n<p>Ha optado, en la interpretaci\u00f3n de la ley, por el camino de la subjetividad, la discrecionalidad y la arbitrariedad.<\/p>\n<p>Ante esta situaci\u00f3n, pedimos al Gobierno Vasco que contin\u00fae dando pasos. Que se continu\u00e9 avanzando y que las Juntas Tratamiento contin\u00faen gui\u00e1ndose por sus propios criterios profesionales y ante la actitud del Ministerio Fiscal y del Juzgados Centrales de Vigilancia Penitenciaria, proponga de nuevo las progresiones de grado a aquellos presos\/as a los que la Audiencia Nacional continua bloqueando su libertad condicional o semi-libertad.<\/p>\n<p>En ning\u00fan caso, se dice que los presos y presas, esten obligados al cumplimiento integro de las condenas. Hay otras modalidades de cumplimiento, al margen de las que se cumplen en prisi\u00f3n, que no pueden estar vedadas para estos presos y presas. Es por ello, que reivindicamos, una vez mas, el fin de las excepcionalidades juridicas y penitenciarias.<\/p>\n<p>Es en contra de esta situaci\u00f3n por lo que SARE continuar\u00e1 moviliz\u00e1ndose. Ellos han apostado por la confrontaci\u00f3n, nosotros continuaremos defendiendo la convivencia y la aplicaci\u00f3n de politica penitenciaria normalizada.<\/p>\n","protected":false},"excerpt":{"rendered":"<p>El pasado 21 de marzo, el Gobierno Vasco, a propuesta de las Juntas Tratamiento del C.P de Basauri del 7 de febrero de 2024, aprob\u00f3 el tercer grado a los [&hellip;]<\/p>\n","protected":false},"author":2,"featured_media":5953,"comment_status":"closed","ping_status":"closed","sticky":false,"template":"","format":"standard","meta":{"_acf_changed":false,"_et_pb_use_builder":"","_et_pb_old_content":"","_et_gb_content_width":"","footnotes":""},"categories":[65],"tags":[],"class_list":["post-5948","post","type-post","status-publish","format-standard","has-post-thumbnail","hentry","category-progresion-de-grado","et-has-post-format-content","et_post_format-et-post-format-standard"],"acf":[],"yoast_head":"<!-- This site is optimized with the Yoast SEO plugin v26.4 - https:\/\/yoast.com\/wordpress\/plugins\/seo\/ -->\n<title>Joseba Borde y Juan Karlos Subijana vuelven a prisi\u00f3n tras el recurso de la Fiscal\u00eda de la Audiencia Nacional - Sare Herritarra<\/title>\n<meta name=\"robots\" content=\"index, follow, max-snippet:-1, max-image-preview:large, max-video-preview:-1\" \/>\n<link rel=\"canonical\" href=\"https:\/\/sare.eus\/es\/joseba-borde-y-juan-karlos-subijana-vuelven-a-prision-tras-el-recurso-de-la-fiscalia-de-la-audiencia-nacional\/\" \/>\n<meta property=\"og:locale\" content=\"es_ES\" \/>\n<meta property=\"og:type\" content=\"article\" \/>\n<meta property=\"og:title\" content=\"Joseba Borde y Juan Karlos Subijana vuelven a prisi\u00f3n tras el recurso de la Fiscal\u00eda de la Audiencia Nacional - Sare Herritarra\" \/>\n<meta property=\"og:description\" content=\"El pasado 21 de marzo, el Gobierno Vasco, a propuesta de las Juntas Tratamiento del C.P de Basauri del 7 de febrero de 2024, aprob\u00f3 el tercer grado a los [&hellip;]\" \/>\n<meta property=\"og:url\" content=\"https:\/\/sare.eus\/es\/joseba-borde-y-juan-karlos-subijana-vuelven-a-prision-tras-el-recurso-de-la-fiscalia-de-la-audiencia-nacional\/\" \/>\n<meta property=\"og:site_name\" content=\"Sare Herritarra\" \/>\n<meta property=\"article:published_time\" content=\"2024-03-28T10:00:04+00:00\" \/>\n<meta property=\"og:image\" content=\"https:\/\/sare.eus\/wp-content\/uploads\/2024\/03\/2024.03_JOSEBA-BORDEJK-SUBIJANA-AGERRALDIA-00.jpg\" \/>\n\t<meta property=\"og:image:width\" content=\"1280\" \/>\n\t<meta property=\"og:image:height\" content=\"852\" \/>\n\t<meta property=\"og:image:type\" content=\"image\/jpeg\" \/>\n<meta name=\"author\" content=\"sare\" \/>\n<meta name=\"twitter:card\" content=\"summary_large_image\" \/>\n<meta name=\"twitter:label1\" content=\"Escrito por\" \/>\n\t<meta name=\"twitter:data1\" content=\"sare\" \/>\n\t<meta name=\"twitter:label2\" content=\"Tiempo de lectura\" \/>\n\t<meta name=\"twitter:data2\" content=\"3 minutos\" \/>\n<script type=\"application\/ld+json\" class=\"yoast-schema-graph\">{\"@context\":\"https:\/\/schema.org\",\"@graph\":[{\"@type\":\"Article\",\"@id\":\"https:\/\/sare.eus\/es\/joseba-borde-y-juan-karlos-subijana-vuelven-a-prision-tras-el-recurso-de-la-fiscalia-de-la-audiencia-nacional\/#article\",\"isPartOf\":{\"@id\":\"https:\/\/sare.eus\/es\/joseba-borde-y-juan-karlos-subijana-vuelven-a-prision-tras-el-recurso-de-la-fiscalia-de-la-audiencia-nacional\/\"},\"author\":{\"name\":\"sare\",\"@id\":\"https:\/\/sare.eus\/#\/schema\/person\/2fe6d0df294f56313d3ab236dbe38e17\"},\"headline\":\"Joseba Borde y Juan Karlos Subijana vuelven a prisi\u00f3n tras el recurso de la Fiscal\u00eda de la Audiencia Nacional\",\"datePublished\":\"2024-03-28T10:00:04+00:00\",\"mainEntityOfPage\":{\"@id\":\"https:\/\/sare.eus\/es\/joseba-borde-y-juan-karlos-subijana-vuelven-a-prision-tras-el-recurso-de-la-fiscalia-de-la-audiencia-nacional\/\"},\"wordCount\":685,\"publisher\":{\"@id\":\"https:\/\/sare.eus\/#organization\"},\"image\":{\"@id\":\"https:\/\/sare.eus\/es\/joseba-borde-y-juan-karlos-subijana-vuelven-a-prision-tras-el-recurso-de-la-fiscalia-de-la-audiencia-nacional\/#primaryimage\"},\"thumbnailUrl\":\"https:\/\/sare.eus\/wp-content\/uploads\/2024\/03\/2024.03_JOSEBA-BORDEJK-SUBIJANA-AGERRALDIA-00.jpg\",\"articleSection\":[\"Progresi\u00f3n de Grado\"],\"inLanguage\":\"es\"},{\"@type\":\"WebPage\",\"@id\":\"https:\/\/sare.eus\/es\/joseba-borde-y-juan-karlos-subijana-vuelven-a-prision-tras-el-recurso-de-la-fiscalia-de-la-audiencia-nacional\/\",\"url\":\"https:\/\/sare.eus\/es\/joseba-borde-y-juan-karlos-subijana-vuelven-a-prision-tras-el-recurso-de-la-fiscalia-de-la-audiencia-nacional\/\",\"name\":\"Joseba Borde y Juan Karlos Subijana vuelven a prisi\u00f3n tras el recurso de la Fiscal\u00eda de la Audiencia Nacional - Sare Herritarra\",\"isPartOf\":{\"@id\":\"https:\/\/sare.eus\/#website\"},\"primaryImageOfPage\":{\"@id\":\"https:\/\/sare.eus\/es\/joseba-borde-y-juan-karlos-subijana-vuelven-a-prision-tras-el-recurso-de-la-fiscalia-de-la-audiencia-nacional\/#primaryimage\"},\"image\":{\"@id\":\"https:\/\/sare.eus\/es\/joseba-borde-y-juan-karlos-subijana-vuelven-a-prision-tras-el-recurso-de-la-fiscalia-de-la-audiencia-nacional\/#primaryimage\"},\"thumbnailUrl\":\"https:\/\/sare.eus\/wp-content\/uploads\/2024\/03\/2024.03_JOSEBA-BORDEJK-SUBIJANA-AGERRALDIA-00.jpg\",\"datePublished\":\"2024-03-28T10:00:04+00:00\",\"breadcrumb\":{\"@id\":\"https:\/\/sare.eus\/es\/joseba-borde-y-juan-karlos-subijana-vuelven-a-prision-tras-el-recurso-de-la-fiscalia-de-la-audiencia-nacional\/#breadcrumb\"},\"inLanguage\":\"es\",\"potentialAction\":[{\"@type\":\"ReadAction\",\"target\":[\"https:\/\/sare.eus\/es\/joseba-borde-y-juan-karlos-subijana-vuelven-a-prision-tras-el-recurso-de-la-fiscalia-de-la-audiencia-nacional\/\"]}]},{\"@type\":\"ImageObject\",\"inLanguage\":\"es\",\"@id\":\"https:\/\/sare.eus\/es\/joseba-borde-y-juan-karlos-subijana-vuelven-a-prision-tras-el-recurso-de-la-fiscalia-de-la-audiencia-nacional\/#primaryimage\",\"url\":\"https:\/\/sare.eus\/wp-content\/uploads\/2024\/03\/2024.03_JOSEBA-BORDEJK-SUBIJANA-AGERRALDIA-00.jpg\",\"contentUrl\":\"https:\/\/sare.eus\/wp-content\/uploads\/2024\/03\/2024.03_JOSEBA-BORDEJK-SUBIJANA-AGERRALDIA-00.jpg\",\"width\":1280,\"height\":852},{\"@type\":\"BreadcrumbList\",\"@id\":\"https:\/\/sare.eus\/es\/joseba-borde-y-juan-karlos-subijana-vuelven-a-prision-tras-el-recurso-de-la-fiscalia-de-la-audiencia-nacional\/#breadcrumb\",\"itemListElement\":[{\"@type\":\"ListItem\",\"position\":1,\"name\":\"Home\",\"item\":\"https:\/\/sare.eus\/\"},{\"@type\":\"ListItem\",\"position\":2,\"name\":\"Joseba Borde y Juan Karlos Subijana vuelven a prisi\u00f3n tras el recurso de la Fiscal\u00eda de la Audiencia Nacional\"}]},{\"@type\":\"WebSite\",\"@id\":\"https:\/\/sare.eus\/#website\",\"url\":\"https:\/\/sare.eus\/\",\"name\":\"Sare Herritarra\",\"description\":\"KONPONBIDEAREN ETA GIZA ESKUBIDEEN ALDEKO SARE HERRITARRA\",\"publisher\":{\"@id\":\"https:\/\/sare.eus\/#organization\"},\"potentialAction\":[{\"@type\":\"SearchAction\",\"target\":{\"@type\":\"EntryPoint\",\"urlTemplate\":\"https:\/\/sare.eus\/?s={search_term_string}\"},\"query-input\":{\"@type\":\"PropertyValueSpecification\",\"valueRequired\":true,\"valueName\":\"search_term_string\"}}],\"inLanguage\":\"es\"},{\"@type\":\"Organization\",\"@id\":\"https:\/\/sare.eus\/#organization\",\"name\":\"Sare Herritarra\",\"url\":\"https:\/\/sare.eus\/\",\"logo\":{\"@type\":\"ImageObject\",\"inLanguage\":\"es\",\"@id\":\"https:\/\/sare.eus\/#\/schema\/logo\/image\/\",\"url\":\"https:\/\/sare.eus\/wp-content\/uploads\/2021\/08\/sare.png\",\"contentUrl\":\"https:\/\/sare.eus\/wp-content\/uploads\/2021\/08\/sare.png\",\"width\":120,\"height\":142,\"caption\":\"Sare Herritarra\"},\"image\":{\"@id\":\"https:\/\/sare.eus\/#\/schema\/logo\/image\/\"}},{\"@type\":\"Person\",\"@id\":\"https:\/\/sare.eus\/#\/schema\/person\/2fe6d0df294f56313d3ab236dbe38e17\",\"name\":\"sare\",\"image\":{\"@type\":\"ImageObject\",\"inLanguage\":\"es\",\"@id\":\"https:\/\/sare.eus\/#\/schema\/person\/image\/\",\"url\":\"https:\/\/secure.gravatar.com\/avatar\/77cad838677ceb1977e7b3c878b55eaa7fa4aae2158983063b047c3ad7ef2c25?s=96&d=mm&r=g\",\"contentUrl\":\"https:\/\/secure.gravatar.com\/avatar\/77cad838677ceb1977e7b3c878b55eaa7fa4aae2158983063b047c3ad7ef2c25?s=96&d=mm&r=g\",\"caption\":\"sare\"},\"url\":\"https:\/\/sare.eus\/es\/author\/sare\/\"}]}<\/script>\n<!-- \/ Yoast SEO plugin. -->","yoast_head_json":{"title":"Joseba Borde y Juan Karlos Subijana vuelven a prisi\u00f3n tras el recurso de la Fiscal\u00eda de la Audiencia Nacional - Sare Herritarra","robots":{"index":"index","follow":"follow","max-snippet":"max-snippet:-1","max-image-preview":"max-image-preview:large","max-video-preview":"max-video-preview:-1"},"canonical":"https:\/\/sare.eus\/es\/joseba-borde-y-juan-karlos-subijana-vuelven-a-prision-tras-el-recurso-de-la-fiscalia-de-la-audiencia-nacional\/","og_locale":"es_ES","og_type":"article","og_title":"Joseba Borde y Juan Karlos Subijana vuelven a prisi\u00f3n tras el recurso de la Fiscal\u00eda de la Audiencia Nacional - Sare Herritarra","og_description":"El pasado 21 de marzo, el Gobierno Vasco, a propuesta de las Juntas Tratamiento del C.P de Basauri del 7 de febrero de 2024, aprob\u00f3 el tercer grado a los [&hellip;]","og_url":"https:\/\/sare.eus\/es\/joseba-borde-y-juan-karlos-subijana-vuelven-a-prision-tras-el-recurso-de-la-fiscalia-de-la-audiencia-nacional\/","og_site_name":"Sare Herritarra","article_published_time":"2024-03-28T10:00:04+00:00","og_image":[{"width":1280,"height":852,"url":"https:\/\/sare.eus\/wp-content\/uploads\/2024\/03\/2024.03_JOSEBA-BORDEJK-SUBIJANA-AGERRALDIA-00.jpg","type":"image\/jpeg"}],"author":"sare","twitter_card":"summary_large_image","twitter_misc":{"Escrito por":"sare","Tiempo de lectura":"3 minutos"},"schema":{"@context":"https:\/\/schema.org","@graph":[{"@type":"Article","@id":"https:\/\/sare.eus\/es\/joseba-borde-y-juan-karlos-subijana-vuelven-a-prision-tras-el-recurso-de-la-fiscalia-de-la-audiencia-nacional\/#article","isPartOf":{"@id":"https:\/\/sare.eus\/es\/joseba-borde-y-juan-karlos-subijana-vuelven-a-prision-tras-el-recurso-de-la-fiscalia-de-la-audiencia-nacional\/"},"author":{"name":"sare","@id":"https:\/\/sare.eus\/#\/schema\/person\/2fe6d0df294f56313d3ab236dbe38e17"},"headline":"Joseba Borde y Juan Karlos Subijana vuelven a prisi\u00f3n tras el recurso de la Fiscal\u00eda de la Audiencia Nacional","datePublished":"2024-03-28T10:00:04+00:00","mainEntityOfPage":{"@id":"https:\/\/sare.eus\/es\/joseba-borde-y-juan-karlos-subijana-vuelven-a-prision-tras-el-recurso-de-la-fiscalia-de-la-audiencia-nacional\/"},"wordCount":685,"publisher":{"@id":"https:\/\/sare.eus\/#organization"},"image":{"@id":"https:\/\/sare.eus\/es\/joseba-borde-y-juan-karlos-subijana-vuelven-a-prision-tras-el-recurso-de-la-fiscalia-de-la-audiencia-nacional\/#primaryimage"},"thumbnailUrl":"https:\/\/sare.eus\/wp-content\/uploads\/2024\/03\/2024.03_JOSEBA-BORDEJK-SUBIJANA-AGERRALDIA-00.jpg","articleSection":["Progresi\u00f3n de Grado"],"inLanguage":"es"},{"@type":"WebPage","@id":"https:\/\/sare.eus\/es\/joseba-borde-y-juan-karlos-subijana-vuelven-a-prision-tras-el-recurso-de-la-fiscalia-de-la-audiencia-nacional\/","url":"https:\/\/sare.eus\/es\/joseba-borde-y-juan-karlos-subijana-vuelven-a-prision-tras-el-recurso-de-la-fiscalia-de-la-audiencia-nacional\/","name":"Joseba Borde y Juan Karlos Subijana vuelven a prisi\u00f3n tras el recurso de la Fiscal\u00eda de la Audiencia Nacional - Sare Herritarra","isPartOf":{"@id":"https:\/\/sare.eus\/#website"},"primaryImageOfPage":{"@id":"https:\/\/sare.eus\/es\/joseba-borde-y-juan-karlos-subijana-vuelven-a-prision-tras-el-recurso-de-la-fiscalia-de-la-audiencia-nacional\/#primaryimage"},"image":{"@id":"https:\/\/sare.eus\/es\/joseba-borde-y-juan-karlos-subijana-vuelven-a-prision-tras-el-recurso-de-la-fiscalia-de-la-audiencia-nacional\/#primaryimage"},"thumbnailUrl":"https:\/\/sare.eus\/wp-content\/uploads\/2024\/03\/2024.03_JOSEBA-BORDEJK-SUBIJANA-AGERRALDIA-00.jpg","datePublished":"2024-03-28T10:00:04+00:00","breadcrumb":{"@id":"https:\/\/sare.eus\/es\/joseba-borde-y-juan-karlos-subijana-vuelven-a-prision-tras-el-recurso-de-la-fiscalia-de-la-audiencia-nacional\/#breadcrumb"},"inLanguage":"es","potentialAction":[{"@type":"ReadAction","target":["https:\/\/sare.eus\/es\/joseba-borde-y-juan-karlos-subijana-vuelven-a-prision-tras-el-recurso-de-la-fiscalia-de-la-audiencia-nacional\/"]}]},{"@type":"ImageObject","inLanguage":"es","@id":"https:\/\/sare.eus\/es\/joseba-borde-y-juan-karlos-subijana-vuelven-a-prision-tras-el-recurso-de-la-fiscalia-de-la-audiencia-nacional\/#primaryimage","url":"https:\/\/sare.eus\/wp-content\/uploads\/2024\/03\/2024.03_JOSEBA-BORDEJK-SUBIJANA-AGERRALDIA-00.jpg","contentUrl":"https:\/\/sare.eus\/wp-content\/uploads\/2024\/03\/2024.03_JOSEBA-BORDEJK-SUBIJANA-AGERRALDIA-00.jpg","width":1280,"height":852},{"@type":"BreadcrumbList","@id":"https:\/\/sare.eus\/es\/joseba-borde-y-juan-karlos-subijana-vuelven-a-prision-tras-el-recurso-de-la-fiscalia-de-la-audiencia-nacional\/#breadcrumb","itemListElement":[{"@type":"ListItem","position":1,"name":"Home","item":"https:\/\/sare.eus\/"},{"@type":"ListItem","position":2,"name":"Joseba Borde y Juan Karlos Subijana vuelven a prisi\u00f3n tras el recurso de la Fiscal\u00eda de la Audiencia Nacional"}]},{"@type":"WebSite","@id":"https:\/\/sare.eus\/#website","url":"https:\/\/sare.eus\/","name":"Sare Herritarra","description":"KONPONBIDEAREN ETA GIZA ESKUBIDEEN ALDEKO SARE HERRITARRA","publisher":{"@id":"https:\/\/sare.eus\/#organization"},"potentialAction":[{"@type":"SearchAction","target":{"@type":"EntryPoint","urlTemplate":"https:\/\/sare.eus\/?s={search_term_string}"},"query-input":{"@type":"PropertyValueSpecification","valueRequired":true,"valueName":"search_term_string"}}],"inLanguage":"es"},{"@type":"Organization","@id":"https:\/\/sare.eus\/#organization","name":"Sare Herritarra","url":"https:\/\/sare.eus\/","logo":{"@type":"ImageObject","inLanguage":"es","@id":"https:\/\/sare.eus\/#\/schema\/logo\/image\/","url":"https:\/\/sare.eus\/wp-content\/uploads\/2021\/08\/sare.png","contentUrl":"https:\/\/sare.eus\/wp-content\/uploads\/2021\/08\/sare.png","width":120,"height":142,"caption":"Sare Herritarra"},"image":{"@id":"https:\/\/sare.eus\/#\/schema\/logo\/image\/"}},{"@type":"Person","@id":"https:\/\/sare.eus\/#\/schema\/person\/2fe6d0df294f56313d3ab236dbe38e17","name":"sare","image":{"@type":"ImageObject","inLanguage":"es","@id":"https:\/\/sare.eus\/#\/schema\/person\/image\/","url":"https:\/\/secure.gravatar.com\/avatar\/77cad838677ceb1977e7b3c878b55eaa7fa4aae2158983063b047c3ad7ef2c25?s=96&d=mm&r=g","contentUrl":"https:\/\/secure.gravatar.com\/avatar\/77cad838677ceb1977e7b3c878b55eaa7fa4aae2158983063b047c3ad7ef2c25?s=96&d=mm&r=g","caption":"sare"},"url":"https:\/\/sare.eus\/es\/author\/sare\/"}]}},"_links":{"self":[{"href":"https:\/\/sare.eus\/es\/wp-json\/wp\/v2\/posts\/5948","targetHints":{"allow":["GET"]}}],"collection":[{"href":"https:\/\/sare.eus\/es\/wp-json\/wp\/v2\/posts"}],"about":[{"href":"https:\/\/sare.eus\/es\/wp-json\/wp\/v2\/types\/post"}],"author":[{"embeddable":true,"href":"https:\/\/sare.eus\/es\/wp-json\/wp\/v2\/users\/2"}],"replies":[{"embeddable":true,"href":"https:\/\/sare.eus\/es\/wp-json\/wp\/v2\/comments?post=5948"}],"version-history":[{"count":1,"href":"https:\/\/sare.eus\/es\/wp-json\/wp\/v2\/posts\/5948\/revisions"}],"predecessor-version":[{"id":5951,"href":"https:\/\/sare.eus\/es\/wp-json\/wp\/v2\/posts\/5948\/revisions\/5951"}],"wp:featuredmedia":[{"embeddable":true,"href":"https:\/\/sare.eus\/es\/wp-json\/wp\/v2\/media\/5953"}],"wp:attachment":[{"href":"https:\/\/sare.eus\/es\/wp-json\/wp\/v2\/media?parent=5948"}],"wp:term":[{"taxonomy":"category","embeddable":true,"href":"https:\/\/sare.eus\/es\/wp-json\/wp\/v2\/categories?post=5948"},{"taxonomy":"post_tag","embeddable":true,"href":"https:\/\/sare.eus\/es\/wp-json\/wp\/v2\/tags?post=5948"}],"curies":[{"name":"wp","href":"https:\/\/api.w.org\/{rel}","templated":true}]}}