{"id":5941,"date":"2024-03-26T12:25:09","date_gmt":"2024-03-26T12:25:09","guid":{"rendered":"https:\/\/sare.eus\/beatrice-molle-haran-eta-txetx-etcheverry-bake-artisauen-absoluzioa\/"},"modified":"2024-03-26T12:36:36","modified_gmt":"2024-03-26T12:36:36","slug":"beatrice-molle-haran-eta-txetx-etcheverry-bake-artisauen-absolucion","status":"publish","type":"post","link":"https:\/\/sare.eus\/es\/beatrice-molle-haran-eta-txetx-etcheverry-bake-artisauen-absolucion\/","title":{"rendered":"Solicitamos la absoluci\u00f3n de los artesanos de la paz B\u00e9atrice Molle-Haran y Txetx Etcheverry junto a agentes sociales y sindicatos"},"content":{"rendered":"<p>Comparecemos en esta rueda de prensa representantes de sindicatos, organizaciones y activistas de la sociedad civil que, durante sus a\u00f1os de existencia, formamos parte del Foro Social. En concreto, estamos aqu\u00ed presentes:<\/p>\n<p>\u25e6 ELA, LAB, ESK, STEILAS, ETXALDE, HIRU<br \/>\n\u25e6 Antxeta Irratia, Bilgune Feminista, Etxerat, Egiari Zor, Gernika Batzordea, Herri Eliza, Hitz&amp;Hitz, Paz con Dignidad, Sare Herritarra<\/p>\n<p>Haremos esta introducci\u00f3n Agus Hernan, activista por los derechos humanos; y Bego\u00f1a Atxa, representate de Sare Herritarra. A continuaci\u00f3n tomar\u00e1n la palabra el secretario general de ELA, Mitxel Lakuntza, y el coordinador general de LAB, Igor Arroyo.<\/p>\n<p>Los d\u00edas 2 y 3 de abril en Par\u00eds tendr\u00e1 lugar el juicio contra los conocidos como \u201cArtesanos de la Paz\u201d en el que comparecer\u00e1n B\u00e9atrice Molle-Haran y Txetx Etcheverry.<\/p>\n<p>Los aqu\u00ed presentes hemos compartido, entre otras muchas iniciativas, la agenda del desarme. La implicaci\u00f3n de la sociedad vasca ha sido y es necesaria, tanto en este tema como, en general, en el proceso de resoluci\u00f3n de los diferentes aspectos del conflicto armado, como el reconocimiento a todas las v\u00edctimas, la memoria y el derecho a la verdad as\u00ed como la reintegraci\u00f3n de las personas a\u00fan presas o en el exilio. Respecto a esta \u00faltima cuesti\u00f3n, reiteramos la exigencia de eliminar toda excepcionalidad en la pol\u00edtica penitenciaria que a\u00fan se aplica a los presos y presas vascas.<\/p>\n<p>Es por ello que nos sentimos interpelados por el juicio a los artesanos de la Paz y nos sentimos concernidos por la din\u00e1mica ampliamente compartida que se est\u00e1 desarrollando en Iparralde por esta causa.<\/p>\n<p>El pasado 16 de marzo, con una rueda de prensa masiva celebrada en Luhuso, numerosas organizaciones y personalidades de la pol\u00edtica, la sociedad civil, las artes, etc. tanto del conjunto de Euskal Herria como del estado franc\u00e9s, comparecieron para pedir la absoluci\u00f3n de esas dos personas y llamar a la movilizaci\u00f3n.<\/p>\n<p>Nuestro prop\u00f3sito, con esta rueda de prensa, es, por una parte, hacer visible esta demanda tambi\u00e9n en Hegoalde; y por otra, llamar a nuestras bases sociales y al conjunto de la ciudadan\u00eda, a las movilizaciones que el pr\u00f3ximo 3 de abril tendr\u00e1n lugar en las siete capitales de Euskal Herria.<\/p>\n<p><img loading=\"lazy\" decoding=\"async\" class=\"alignnone wp-image-5939 size-large\" src=\"https:\/\/sare.eus\/wp-content\/uploads\/2024\/03\/photo_5767365760077906470_y-730x1024.jpg\" alt=\"\" width=\"730\" height=\"1024\" srcset=\"https:\/\/sare.eus\/wp-content\/uploads\/2024\/03\/photo_5767365760077906470_y-730x1024.jpg 730w, https:\/\/sare.eus\/wp-content\/uploads\/2024\/03\/photo_5767365760077906470_y-214x300.jpg 214w, https:\/\/sare.eus\/wp-content\/uploads\/2024\/03\/photo_5767365760077906470_y-768x1077.jpg 768w, https:\/\/sare.eus\/wp-content\/uploads\/2024\/03\/photo_5767365760077906470_y.jpg 913w\" sizes=\"(max-width: 730px) 100vw, 730px\" \/><\/p>\n","protected":false},"excerpt":{"rendered":"<p>Comparecemos en esta rueda de prensa representantes de sindicatos, organizaciones y activistas de la sociedad civil que, durante sus a\u00f1os de existencia, formamos parte del Foro Social. En concreto, estamos [&hellip;]<\/p>\n","protected":false},"author":2,"featured_media":5937,"comment_status":"closed","ping_status":"closed","sticky":false,"template":"","format":"standard","meta":{"_acf_changed":false,"_et_pb_use_builder":"","_et_pb_old_content":"","_et_gb_content_width":"","footnotes":""},"categories":[69],"tags":[],"class_list":["post-5941","post","type-post","status-publish","format-standard","has-post-thumbnail","hentry","category-leyes-de-excepcion","et-has-post-format-content","et_post_format-et-post-format-standard"],"acf":[],"yoast_head":"<!-- This site is optimized with the Yoast SEO plugin v26.4 - https:\/\/yoast.com\/wordpress\/plugins\/seo\/ -->\n<title>Solicitamos la absoluci\u00f3n de los artesanos de la paz B\u00e9atrice Molle-Haran y Txetx Etcheverry junto a agentes sociales y sindicatos - Sare Herritarra<\/title>\n<meta name=\"robots\" content=\"index, follow, max-snippet:-1, max-image-preview:large, max-video-preview:-1\" \/>\n<link rel=\"canonical\" href=\"https:\/\/sare.eus\/es\/beatrice-molle-haran-eta-txetx-etcheverry-bake-artisauen-absolucion\/\" \/>\n<meta property=\"og:locale\" content=\"es_ES\" \/>\n<meta property=\"og:type\" content=\"article\" \/>\n<meta property=\"og:title\" content=\"Solicitamos la absoluci\u00f3n de los artesanos de la paz B\u00e9atrice Molle-Haran y Txetx Etcheverry junto a agentes sociales y sindicatos - Sare Herritarra\" \/>\n<meta property=\"og:description\" content=\"Comparecemos en esta rueda de prensa representantes de sindicatos, organizaciones y activistas de la sociedad civil que, durante sus a\u00f1os de existencia, formamos parte del Foro Social. En concreto, estamos [&hellip;]\" \/>\n<meta property=\"og:url\" content=\"https:\/\/sare.eus\/es\/beatrice-molle-haran-eta-txetx-etcheverry-bake-artisauen-absolucion\/\" \/>\n<meta property=\"og:site_name\" content=\"Sare Herritarra\" \/>\n<meta property=\"article:published_time\" content=\"2024-03-26T12:25:09+00:00\" \/>\n<meta property=\"article:modified_time\" content=\"2024-03-26T12:36:36+00:00\" \/>\n<meta property=\"og:image\" content=\"https:\/\/sare.eus\/wp-content\/uploads\/2024\/03\/photo_5771503789268910512_y.jpg\" \/>\n\t<meta property=\"og:image:width\" content=\"1280\" \/>\n\t<meta property=\"og:image:height\" content=\"818\" \/>\n\t<meta property=\"og:image:type\" content=\"image\/jpeg\" \/>\n<meta name=\"author\" content=\"sare\" \/>\n<meta name=\"twitter:card\" content=\"summary_large_image\" \/>\n<meta name=\"twitter:label1\" content=\"Escrito por\" \/>\n\t<meta name=\"twitter:data1\" content=\"sare\" \/>\n\t<meta name=\"twitter:label2\" content=\"Tiempo de lectura\" \/>\n\t<meta name=\"twitter:data2\" content=\"3 minutos\" \/>\n<script type=\"application\/ld+json\" class=\"yoast-schema-graph\">{\"@context\":\"https:\/\/schema.org\",\"@graph\":[{\"@type\":\"Article\",\"@id\":\"https:\/\/sare.eus\/es\/beatrice-molle-haran-eta-txetx-etcheverry-bake-artisauen-absolucion\/#article\",\"isPartOf\":{\"@id\":\"https:\/\/sare.eus\/es\/beatrice-molle-haran-eta-txetx-etcheverry-bake-artisauen-absolucion\/\"},\"author\":{\"name\":\"sare\",\"@id\":\"https:\/\/sare.eus\/#\/schema\/person\/2fe6d0df294f56313d3ab236dbe38e17\"},\"headline\":\"Solicitamos la absoluci\u00f3n de los artesanos de la paz B\u00e9atrice Molle-Haran y Txetx Etcheverry junto a agentes sociales y sindicatos\",\"datePublished\":\"2024-03-26T12:25:09+00:00\",\"dateModified\":\"2024-03-26T12:36:36+00:00\",\"mainEntityOfPage\":{\"@id\":\"https:\/\/sare.eus\/es\/beatrice-molle-haran-eta-txetx-etcheverry-bake-artisauen-absolucion\/\"},\"wordCount\":401,\"publisher\":{\"@id\":\"https:\/\/sare.eus\/#organization\"},\"image\":{\"@id\":\"https:\/\/sare.eus\/es\/beatrice-molle-haran-eta-txetx-etcheverry-bake-artisauen-absolucion\/#primaryimage\"},\"thumbnailUrl\":\"https:\/\/sare.eus\/wp-content\/uploads\/2024\/03\/photo_5771503789268910512_y.jpg\",\"articleSection\":[\"Leyes de Excepci\u00f3n\"],\"inLanguage\":\"es\"},{\"@type\":\"WebPage\",\"@id\":\"https:\/\/sare.eus\/es\/beatrice-molle-haran-eta-txetx-etcheverry-bake-artisauen-absolucion\/\",\"url\":\"https:\/\/sare.eus\/es\/beatrice-molle-haran-eta-txetx-etcheverry-bake-artisauen-absolucion\/\",\"name\":\"Solicitamos la absoluci\u00f3n de los artesanos de la paz B\u00e9atrice Molle-Haran y Txetx Etcheverry junto a agentes sociales y sindicatos - Sare Herritarra\",\"isPartOf\":{\"@id\":\"https:\/\/sare.eus\/#website\"},\"primaryImageOfPage\":{\"@id\":\"https:\/\/sare.eus\/es\/beatrice-molle-haran-eta-txetx-etcheverry-bake-artisauen-absolucion\/#primaryimage\"},\"image\":{\"@id\":\"https:\/\/sare.eus\/es\/beatrice-molle-haran-eta-txetx-etcheverry-bake-artisauen-absolucion\/#primaryimage\"},\"thumbnailUrl\":\"https:\/\/sare.eus\/wp-content\/uploads\/2024\/03\/photo_5771503789268910512_y.jpg\",\"datePublished\":\"2024-03-26T12:25:09+00:00\",\"dateModified\":\"2024-03-26T12:36:36+00:00\",\"breadcrumb\":{\"@id\":\"https:\/\/sare.eus\/es\/beatrice-molle-haran-eta-txetx-etcheverry-bake-artisauen-absolucion\/#breadcrumb\"},\"inLanguage\":\"es\",\"potentialAction\":[{\"@type\":\"ReadAction\",\"target\":[\"https:\/\/sare.eus\/es\/beatrice-molle-haran-eta-txetx-etcheverry-bake-artisauen-absolucion\/\"]}]},{\"@type\":\"ImageObject\",\"inLanguage\":\"es\",\"@id\":\"https:\/\/sare.eus\/es\/beatrice-molle-haran-eta-txetx-etcheverry-bake-artisauen-absolucion\/#primaryimage\",\"url\":\"https:\/\/sare.eus\/wp-content\/uploads\/2024\/03\/photo_5771503789268910512_y.jpg\",\"contentUrl\":\"https:\/\/sare.eus\/wp-content\/uploads\/2024\/03\/photo_5771503789268910512_y.jpg\",\"width\":1280,\"height\":818},{\"@type\":\"BreadcrumbList\",\"@id\":\"https:\/\/sare.eus\/es\/beatrice-molle-haran-eta-txetx-etcheverry-bake-artisauen-absolucion\/#breadcrumb\",\"itemListElement\":[{\"@type\":\"ListItem\",\"position\":1,\"name\":\"Home\",\"item\":\"https:\/\/sare.eus\/\"},{\"@type\":\"ListItem\",\"position\":2,\"name\":\"Solicitamos la absoluci\u00f3n de los artesanos de la paz B\u00e9atrice Molle-Haran y Txetx Etcheverry junto a agentes sociales y sindicatos\"}]},{\"@type\":\"WebSite\",\"@id\":\"https:\/\/sare.eus\/#website\",\"url\":\"https:\/\/sare.eus\/\",\"name\":\"Sare Herritarra\",\"description\":\"KONPONBIDEAREN ETA GIZA ESKUBIDEEN ALDEKO SARE HERRITARRA\",\"publisher\":{\"@id\":\"https:\/\/sare.eus\/#organization\"},\"potentialAction\":[{\"@type\":\"SearchAction\",\"target\":{\"@type\":\"EntryPoint\",\"urlTemplate\":\"https:\/\/sare.eus\/?s={search_term_string}\"},\"query-input\":{\"@type\":\"PropertyValueSpecification\",\"valueRequired\":true,\"valueName\":\"search_term_string\"}}],\"inLanguage\":\"es\"},{\"@type\":\"Organization\",\"@id\":\"https:\/\/sare.eus\/#organization\",\"name\":\"Sare Herritarra\",\"url\":\"https:\/\/sare.eus\/\",\"logo\":{\"@type\":\"ImageObject\",\"inLanguage\":\"es\",\"@id\":\"https:\/\/sare.eus\/#\/schema\/logo\/image\/\",\"url\":\"https:\/\/sare.eus\/wp-content\/uploads\/2021\/08\/sare.png\",\"contentUrl\":\"https:\/\/sare.eus\/wp-content\/uploads\/2021\/08\/sare.png\",\"width\":120,\"height\":142,\"caption\":\"Sare Herritarra\"},\"image\":{\"@id\":\"https:\/\/sare.eus\/#\/schema\/logo\/image\/\"}},{\"@type\":\"Person\",\"@id\":\"https:\/\/sare.eus\/#\/schema\/person\/2fe6d0df294f56313d3ab236dbe38e17\",\"name\":\"sare\",\"image\":{\"@type\":\"ImageObject\",\"inLanguage\":\"es\",\"@id\":\"https:\/\/sare.eus\/#\/schema\/person\/image\/\",\"url\":\"https:\/\/secure.gravatar.com\/avatar\/77cad838677ceb1977e7b3c878b55eaa7fa4aae2158983063b047c3ad7ef2c25?s=96&d=mm&r=g\",\"contentUrl\":\"https:\/\/secure.gravatar.com\/avatar\/77cad838677ceb1977e7b3c878b55eaa7fa4aae2158983063b047c3ad7ef2c25?s=96&d=mm&r=g\",\"caption\":\"sare\"},\"url\":\"https:\/\/sare.eus\/es\/author\/sare\/\"}]}<\/script>\n<!-- \/ Yoast SEO plugin. -->","yoast_head_json":{"title":"Solicitamos la absoluci\u00f3n de los artesanos de la paz B\u00e9atrice Molle-Haran y Txetx Etcheverry junto a agentes sociales y sindicatos - Sare Herritarra","robots":{"index":"index","follow":"follow","max-snippet":"max-snippet:-1","max-image-preview":"max-image-preview:large","max-video-preview":"max-video-preview:-1"},"canonical":"https:\/\/sare.eus\/es\/beatrice-molle-haran-eta-txetx-etcheverry-bake-artisauen-absolucion\/","og_locale":"es_ES","og_type":"article","og_title":"Solicitamos la absoluci\u00f3n de los artesanos de la paz B\u00e9atrice Molle-Haran y Txetx Etcheverry junto a agentes sociales y sindicatos - Sare Herritarra","og_description":"Comparecemos en esta rueda de prensa representantes de sindicatos, organizaciones y activistas de la sociedad civil que, durante sus a\u00f1os de existencia, formamos parte del Foro Social. En concreto, estamos [&hellip;]","og_url":"https:\/\/sare.eus\/es\/beatrice-molle-haran-eta-txetx-etcheverry-bake-artisauen-absolucion\/","og_site_name":"Sare Herritarra","article_published_time":"2024-03-26T12:25:09+00:00","article_modified_time":"2024-03-26T12:36:36+00:00","og_image":[{"width":1280,"height":818,"url":"https:\/\/sare.eus\/wp-content\/uploads\/2024\/03\/photo_5771503789268910512_y.jpg","type":"image\/jpeg"}],"author":"sare","twitter_card":"summary_large_image","twitter_misc":{"Escrito por":"sare","Tiempo de lectura":"3 minutos"},"schema":{"@context":"https:\/\/schema.org","@graph":[{"@type":"Article","@id":"https:\/\/sare.eus\/es\/beatrice-molle-haran-eta-txetx-etcheverry-bake-artisauen-absolucion\/#article","isPartOf":{"@id":"https:\/\/sare.eus\/es\/beatrice-molle-haran-eta-txetx-etcheverry-bake-artisauen-absolucion\/"},"author":{"name":"sare","@id":"https:\/\/sare.eus\/#\/schema\/person\/2fe6d0df294f56313d3ab236dbe38e17"},"headline":"Solicitamos la absoluci\u00f3n de los artesanos de la paz B\u00e9atrice Molle-Haran y Txetx Etcheverry junto a agentes sociales y sindicatos","datePublished":"2024-03-26T12:25:09+00:00","dateModified":"2024-03-26T12:36:36+00:00","mainEntityOfPage":{"@id":"https:\/\/sare.eus\/es\/beatrice-molle-haran-eta-txetx-etcheverry-bake-artisauen-absolucion\/"},"wordCount":401,"publisher":{"@id":"https:\/\/sare.eus\/#organization"},"image":{"@id":"https:\/\/sare.eus\/es\/beatrice-molle-haran-eta-txetx-etcheverry-bake-artisauen-absolucion\/#primaryimage"},"thumbnailUrl":"https:\/\/sare.eus\/wp-content\/uploads\/2024\/03\/photo_5771503789268910512_y.jpg","articleSection":["Leyes de Excepci\u00f3n"],"inLanguage":"es"},{"@type":"WebPage","@id":"https:\/\/sare.eus\/es\/beatrice-molle-haran-eta-txetx-etcheverry-bake-artisauen-absolucion\/","url":"https:\/\/sare.eus\/es\/beatrice-molle-haran-eta-txetx-etcheverry-bake-artisauen-absolucion\/","name":"Solicitamos la absoluci\u00f3n de los artesanos de la paz B\u00e9atrice Molle-Haran y Txetx Etcheverry junto a agentes sociales y sindicatos - Sare Herritarra","isPartOf":{"@id":"https:\/\/sare.eus\/#website"},"primaryImageOfPage":{"@id":"https:\/\/sare.eus\/es\/beatrice-molle-haran-eta-txetx-etcheverry-bake-artisauen-absolucion\/#primaryimage"},"image":{"@id":"https:\/\/sare.eus\/es\/beatrice-molle-haran-eta-txetx-etcheverry-bake-artisauen-absolucion\/#primaryimage"},"thumbnailUrl":"https:\/\/sare.eus\/wp-content\/uploads\/2024\/03\/photo_5771503789268910512_y.jpg","datePublished":"2024-03-26T12:25:09+00:00","dateModified":"2024-03-26T12:36:36+00:00","breadcrumb":{"@id":"https:\/\/sare.eus\/es\/beatrice-molle-haran-eta-txetx-etcheverry-bake-artisauen-absolucion\/#breadcrumb"},"inLanguage":"es","potentialAction":[{"@type":"ReadAction","target":["https:\/\/sare.eus\/es\/beatrice-molle-haran-eta-txetx-etcheverry-bake-artisauen-absolucion\/"]}]},{"@type":"ImageObject","inLanguage":"es","@id":"https:\/\/sare.eus\/es\/beatrice-molle-haran-eta-txetx-etcheverry-bake-artisauen-absolucion\/#primaryimage","url":"https:\/\/sare.eus\/wp-content\/uploads\/2024\/03\/photo_5771503789268910512_y.jpg","contentUrl":"https:\/\/sare.eus\/wp-content\/uploads\/2024\/03\/photo_5771503789268910512_y.jpg","width":1280,"height":818},{"@type":"BreadcrumbList","@id":"https:\/\/sare.eus\/es\/beatrice-molle-haran-eta-txetx-etcheverry-bake-artisauen-absolucion\/#breadcrumb","itemListElement":[{"@type":"ListItem","position":1,"name":"Home","item":"https:\/\/sare.eus\/"},{"@type":"ListItem","position":2,"name":"Solicitamos la absoluci\u00f3n de los artesanos de la paz B\u00e9atrice Molle-Haran y Txetx Etcheverry junto a agentes sociales y sindicatos"}]},{"@type":"WebSite","@id":"https:\/\/sare.eus\/#website","url":"https:\/\/sare.eus\/","name":"Sare Herritarra","description":"KONPONBIDEAREN ETA GIZA ESKUBIDEEN ALDEKO SARE HERRITARRA","publisher":{"@id":"https:\/\/sare.eus\/#organization"},"potentialAction":[{"@type":"SearchAction","target":{"@type":"EntryPoint","urlTemplate":"https:\/\/sare.eus\/?s={search_term_string}"},"query-input":{"@type":"PropertyValueSpecification","valueRequired":true,"valueName":"search_term_string"}}],"inLanguage":"es"},{"@type":"Organization","@id":"https:\/\/sare.eus\/#organization","name":"Sare Herritarra","url":"https:\/\/sare.eus\/","logo":{"@type":"ImageObject","inLanguage":"es","@id":"https:\/\/sare.eus\/#\/schema\/logo\/image\/","url":"https:\/\/sare.eus\/wp-content\/uploads\/2021\/08\/sare.png","contentUrl":"https:\/\/sare.eus\/wp-content\/uploads\/2021\/08\/sare.png","width":120,"height":142,"caption":"Sare Herritarra"},"image":{"@id":"https:\/\/sare.eus\/#\/schema\/logo\/image\/"}},{"@type":"Person","@id":"https:\/\/sare.eus\/#\/schema\/person\/2fe6d0df294f56313d3ab236dbe38e17","name":"sare","image":{"@type":"ImageObject","inLanguage":"es","@id":"https:\/\/sare.eus\/#\/schema\/person\/image\/","url":"https:\/\/secure.gravatar.com\/avatar\/77cad838677ceb1977e7b3c878b55eaa7fa4aae2158983063b047c3ad7ef2c25?s=96&d=mm&r=g","contentUrl":"https:\/\/secure.gravatar.com\/avatar\/77cad838677ceb1977e7b3c878b55eaa7fa4aae2158983063b047c3ad7ef2c25?s=96&d=mm&r=g","caption":"sare"},"url":"https:\/\/sare.eus\/es\/author\/sare\/"}]}},"_links":{"self":[{"href":"https:\/\/sare.eus\/es\/wp-json\/wp\/v2\/posts\/5941","targetHints":{"allow":["GET"]}}],"collection":[{"href":"https:\/\/sare.eus\/es\/wp-json\/wp\/v2\/posts"}],"about":[{"href":"https:\/\/sare.eus\/es\/wp-json\/wp\/v2\/types\/post"}],"author":[{"embeddable":true,"href":"https:\/\/sare.eus\/es\/wp-json\/wp\/v2\/users\/2"}],"replies":[{"embeddable":true,"href":"https:\/\/sare.eus\/es\/wp-json\/wp\/v2\/comments?post=5941"}],"version-history":[{"count":2,"href":"https:\/\/sare.eus\/es\/wp-json\/wp\/v2\/posts\/5941\/revisions"}],"predecessor-version":[{"id":5943,"href":"https:\/\/sare.eus\/es\/wp-json\/wp\/v2\/posts\/5941\/revisions\/5943"}],"wp:featuredmedia":[{"embeddable":true,"href":"https:\/\/sare.eus\/es\/wp-json\/wp\/v2\/media\/5937"}],"wp:attachment":[{"href":"https:\/\/sare.eus\/es\/wp-json\/wp\/v2\/media?parent=5941"}],"wp:term":[{"taxonomy":"category","embeddable":true,"href":"https:\/\/sare.eus\/es\/wp-json\/wp\/v2\/categories?post=5941"},{"taxonomy":"post_tag","embeddable":true,"href":"https:\/\/sare.eus\/es\/wp-json\/wp\/v2\/tags?post=5941"}],"curies":[{"name":"wp","href":"https:\/\/api.w.org\/{rel}","templated":true}]}}