{"id":5925,"date":"2024-03-09T11:35:32","date_gmt":"2024-03-09T11:35:32","guid":{"rendered":"https:\/\/sare.eus\/?p=5925"},"modified":"2024-03-09T14:05:39","modified_gmt":"2024-03-09T14:05:39","slug":"red-ciudadana-sare-celebra-su-ix-asamblea-general-en-araia","status":"publish","type":"post","link":"https:\/\/sare.eus\/es\/red-ciudadana-sare-celebra-su-ix-asamblea-general-en-araia\/","title":{"rendered":"Red Ciudadana SARE celebra su IX Asamblea General en Araia"},"content":{"rendered":"<p>Afrontamos esta IX Asamblea de la Red Ciudadana Sare con las fuerzas renovadas, tras el \u00e9xito de la movilizaci\u00f3n del pasado 13 de enero en Bilbao. De hecho, ese d\u00eda se volvi\u00f3 a sentir la ilusi\u00f3n y la esperanza de miles de ciudadanos que reclamaron poner fin a las medidas de excepci\u00f3n que a d\u00eda de hoy todav\u00eda se aplican a presos y presas vascas.<\/p>\n<p>Una vez m\u00e1s, qued\u00f3 patente el deseo y compromiso por la convivencia de una parte importante de la sociedad vasca. Queremos cerrar el ciclo de las violencias y lograr una verdadera pacificaci\u00f3n que conduzca a la convivencia y a la soluci\u00f3n, a la instauraci\u00f3n de una cultura de derechos humanos y de paz. Esto ser\u00eda una garant\u00eda real de que no se repita el ciclo de las violencias que hemos sufrido en este pueblo.<\/p>\n<p>Somos optimistas. Vamos avanzando. M\u00e1s despacio de lo que nos gustar\u00eda, pero vamos avanzando. Son las instituciones pol\u00edticas y judiciales del Pa\u00eds Vasco las que deben dise\u00f1ar y facilitar el itinerario de vuelta a casa de los presos vascos. La sociedad vasca tiene que definir su camino a casa. Y eso exige decisiones pol\u00edticas valientes y correctas. Por ello, exigimos la desaparici\u00f3n de las medidas excepcionales en materia de pol\u00edtica penitenciaria y judicial. No son privilegios. Lo \u00fanico que pedimos es que se aplique la legalidad ordinaria y se respeten los derechos que corresponden a las personas privadas de libertad.<\/p>\n<p><iframe loading=\"lazy\" width=\"560\" height=\"315\" src=\"https:\/\/www.youtube.com\/embed\/xfSm6kSXIs8?si=wrDinuQCx4pjJard\" title=\"YouTube video player\" frameborder=\"0\" allow=\"accelerometer; autoplay; clipboard-write; encrypted-media; gyroscope; picture-in-picture; web-share\" allowfullscreen><\/iframe><\/p>\n<p>Esta asamblea debatir\u00e1 sobre la necesidad de coger impulso para llevar a la pr\u00e1ctica dos lemas fundamentales: FIN DE LAS EXCEPCIONALIDADES y ETXERA. Ambos objetivos son complementarios. Poniendo fin a las excepcionalidades, abriremos las puertas de la libertad para presos y presas, que llevan varias d\u00e9cadas en prisi\u00f3n.<\/p>\n<p>En esta direcci\u00f3n vamos a aprobar hoy una serie de din\u00e1micas que consolidar\u00e1n este objetivo, que desarrollaremos en 2024, coincidiendo con el X Aniversario del nacimiento de SARE.<\/p>\n<p>Para acabar, volvemos a hacer un llamamiento a la sociedad vasca para que se una a nosotros y tome en sus manos la llave de la soluci\u00f3n y por tanto de regreso a casa de presos, huidos y deportados. Entre todos y todas tenemos fuerza suficiente para lograr ese objetivo: fin de las excepcionalidades para poder avanzar hacia la libertad, a trav\u00e9s de la aplicaci\u00f3n de la legislaci\u00f3n ordinaria. No privilegios, pero, tambi\u00e9n, no excepciones.<\/p>\n<blockquote class=\"twitter-tweet\" data-media-max-width=\"560\">\n<p lang=\"es\" dir=\"ltr\">Red Ciudadana SARE celebra su IX Asamblea General en Araia<\/p>\n<p>&#x1f4dd;Nota:<a href=\"https:\/\/t.co\/I4lbMzdpZo\">https:\/\/t.co\/I4lbMzdpZo<\/a> <a href=\"https:\/\/twitter.com\/hashtag\/Etxera?src=hash&amp;ref_src=twsrc%5Etfw\">#Etxera<\/a> <a href=\"https:\/\/t.co\/Z7l5wfsRqR\">pic.twitter.com\/Z7l5wfsRqR<\/a><\/p>\n<p>&mdash; SARE_Konponbiderako #Giltzak &#x1f511; (@sare_herritarra) <a href=\"https:\/\/twitter.com\/sare_herritarra\/status\/1766444765103468957?ref_src=twsrc%5Etfw\">March 9, 2024<\/a><\/p><\/blockquote>\n<p> <script async src=\"https:\/\/platform.twitter.com\/widgets.js\" charset=\"utf-8\"><\/script><\/p>\n","protected":false},"excerpt":{"rendered":"<p>Afrontamos esta IX Asamblea de la Red Ciudadana Sare con las fuerzas renovadas, tras el \u00e9xito de la movilizaci\u00f3n del pasado 13 de enero en Bilbao. De hecho, ese d\u00eda [&hellip;]<\/p>\n","protected":false},"author":2,"featured_media":5928,"comment_status":"closed","ping_status":"closed","sticky":false,"template":"","format":"standard","meta":{"_acf_changed":false,"_et_pb_use_builder":"","_et_pb_old_content":"","_et_gb_content_width":"","footnotes":""},"categories":[69],"tags":[],"class_list":["post-5925","post","type-post","status-publish","format-standard","has-post-thumbnail","hentry","category-leyes-de-excepcion","et-has-post-format-content","et_post_format-et-post-format-standard"],"acf":[],"yoast_head":"<!-- This site is optimized with the Yoast SEO plugin v26.4 - https:\/\/yoast.com\/wordpress\/plugins\/seo\/ -->\n<title>Red Ciudadana SARE celebra su IX Asamblea General en Araia - Sare Herritarra<\/title>\n<meta name=\"robots\" content=\"index, follow, max-snippet:-1, max-image-preview:large, max-video-preview:-1\" \/>\n<link rel=\"canonical\" href=\"https:\/\/sare.eus\/es\/red-ciudadana-sare-celebra-su-ix-asamblea-general-en-araia\/\" \/>\n<meta property=\"og:locale\" content=\"es_ES\" \/>\n<meta property=\"og:type\" content=\"article\" \/>\n<meta property=\"og:title\" content=\"Red Ciudadana SARE celebra su IX Asamblea General en Araia - Sare Herritarra\" \/>\n<meta property=\"og:description\" content=\"Afrontamos esta IX Asamblea de la Red Ciudadana Sare con las fuerzas renovadas, tras el \u00e9xito de la movilizaci\u00f3n del pasado 13 de enero en Bilbao. De hecho, ese d\u00eda [&hellip;]\" \/>\n<meta property=\"og:url\" content=\"https:\/\/sare.eus\/es\/red-ciudadana-sare-celebra-su-ix-asamblea-general-en-araia\/\" \/>\n<meta property=\"og:site_name\" content=\"Sare Herritarra\" \/>\n<meta property=\"article:published_time\" content=\"2024-03-09T11:35:32+00:00\" \/>\n<meta property=\"article:modified_time\" content=\"2024-03-09T14:05:39+00:00\" \/>\n<meta property=\"og:image\" content=\"https:\/\/sare.eus\/wp-content\/uploads\/2024\/03\/20240309_Sare-Batzar-Orokorra-Araia-scaled.jpg\" \/>\n\t<meta property=\"og:image:width\" content=\"2560\" \/>\n\t<meta property=\"og:image:height\" content=\"1920\" \/>\n\t<meta property=\"og:image:type\" content=\"image\/jpeg\" \/>\n<meta name=\"author\" content=\"sare\" \/>\n<meta name=\"twitter:card\" content=\"summary_large_image\" \/>\n<meta name=\"twitter:label1\" content=\"Escrito por\" \/>\n\t<meta name=\"twitter:data1\" content=\"sare\" \/>\n\t<meta name=\"twitter:label2\" content=\"Tiempo de lectura\" \/>\n\t<meta name=\"twitter:data2\" content=\"2 minutos\" \/>\n<script type=\"application\/ld+json\" class=\"yoast-schema-graph\">{\"@context\":\"https:\/\/schema.org\",\"@graph\":[{\"@type\":\"Article\",\"@id\":\"https:\/\/sare.eus\/es\/red-ciudadana-sare-celebra-su-ix-asamblea-general-en-araia\/#article\",\"isPartOf\":{\"@id\":\"https:\/\/sare.eus\/es\/red-ciudadana-sare-celebra-su-ix-asamblea-general-en-araia\/\"},\"author\":{\"name\":\"sare\",\"@id\":\"https:\/\/sare.eus\/#\/schema\/person\/2fe6d0df294f56313d3ab236dbe38e17\"},\"headline\":\"Red Ciudadana SARE celebra su IX Asamblea General en Araia\",\"datePublished\":\"2024-03-09T11:35:32+00:00\",\"dateModified\":\"2024-03-09T14:05:39+00:00\",\"mainEntityOfPage\":{\"@id\":\"https:\/\/sare.eus\/es\/red-ciudadana-sare-celebra-su-ix-asamblea-general-en-araia\/\"},\"wordCount\":464,\"publisher\":{\"@id\":\"https:\/\/sare.eus\/#organization\"},\"image\":{\"@id\":\"https:\/\/sare.eus\/es\/red-ciudadana-sare-celebra-su-ix-asamblea-general-en-araia\/#primaryimage\"},\"thumbnailUrl\":\"https:\/\/sare.eus\/wp-content\/uploads\/2024\/03\/20240309_Sare-Batzar-Orokorra-Araia-scaled.jpg\",\"articleSection\":[\"Leyes de Excepci\u00f3n\"],\"inLanguage\":\"es\"},{\"@type\":\"WebPage\",\"@id\":\"https:\/\/sare.eus\/es\/red-ciudadana-sare-celebra-su-ix-asamblea-general-en-araia\/\",\"url\":\"https:\/\/sare.eus\/es\/red-ciudadana-sare-celebra-su-ix-asamblea-general-en-araia\/\",\"name\":\"Red Ciudadana SARE celebra su IX Asamblea General en Araia - Sare Herritarra\",\"isPartOf\":{\"@id\":\"https:\/\/sare.eus\/#website\"},\"primaryImageOfPage\":{\"@id\":\"https:\/\/sare.eus\/es\/red-ciudadana-sare-celebra-su-ix-asamblea-general-en-araia\/#primaryimage\"},\"image\":{\"@id\":\"https:\/\/sare.eus\/es\/red-ciudadana-sare-celebra-su-ix-asamblea-general-en-araia\/#primaryimage\"},\"thumbnailUrl\":\"https:\/\/sare.eus\/wp-content\/uploads\/2024\/03\/20240309_Sare-Batzar-Orokorra-Araia-scaled.jpg\",\"datePublished\":\"2024-03-09T11:35:32+00:00\",\"dateModified\":\"2024-03-09T14:05:39+00:00\",\"breadcrumb\":{\"@id\":\"https:\/\/sare.eus\/es\/red-ciudadana-sare-celebra-su-ix-asamblea-general-en-araia\/#breadcrumb\"},\"inLanguage\":\"es\",\"potentialAction\":[{\"@type\":\"ReadAction\",\"target\":[\"https:\/\/sare.eus\/es\/red-ciudadana-sare-celebra-su-ix-asamblea-general-en-araia\/\"]}]},{\"@type\":\"ImageObject\",\"inLanguage\":\"es\",\"@id\":\"https:\/\/sare.eus\/es\/red-ciudadana-sare-celebra-su-ix-asamblea-general-en-araia\/#primaryimage\",\"url\":\"https:\/\/sare.eus\/wp-content\/uploads\/2024\/03\/20240309_Sare-Batzar-Orokorra-Araia-scaled.jpg\",\"contentUrl\":\"https:\/\/sare.eus\/wp-content\/uploads\/2024\/03\/20240309_Sare-Batzar-Orokorra-Araia-scaled.jpg\",\"width\":2560,\"height\":1920},{\"@type\":\"BreadcrumbList\",\"@id\":\"https:\/\/sare.eus\/es\/red-ciudadana-sare-celebra-su-ix-asamblea-general-en-araia\/#breadcrumb\",\"itemListElement\":[{\"@type\":\"ListItem\",\"position\":1,\"name\":\"Home\",\"item\":\"https:\/\/sare.eus\/\"},{\"@type\":\"ListItem\",\"position\":2,\"name\":\"Red Ciudadana SARE celebra su IX Asamblea General en Araia\"}]},{\"@type\":\"WebSite\",\"@id\":\"https:\/\/sare.eus\/#website\",\"url\":\"https:\/\/sare.eus\/\",\"name\":\"Sare Herritarra\",\"description\":\"KONPONBIDEAREN ETA GIZA ESKUBIDEEN ALDEKO SARE HERRITARRA\",\"publisher\":{\"@id\":\"https:\/\/sare.eus\/#organization\"},\"potentialAction\":[{\"@type\":\"SearchAction\",\"target\":{\"@type\":\"EntryPoint\",\"urlTemplate\":\"https:\/\/sare.eus\/?s={search_term_string}\"},\"query-input\":{\"@type\":\"PropertyValueSpecification\",\"valueRequired\":true,\"valueName\":\"search_term_string\"}}],\"inLanguage\":\"es\"},{\"@type\":\"Organization\",\"@id\":\"https:\/\/sare.eus\/#organization\",\"name\":\"Sare Herritarra\",\"url\":\"https:\/\/sare.eus\/\",\"logo\":{\"@type\":\"ImageObject\",\"inLanguage\":\"es\",\"@id\":\"https:\/\/sare.eus\/#\/schema\/logo\/image\/\",\"url\":\"https:\/\/sare.eus\/wp-content\/uploads\/2021\/08\/sare.png\",\"contentUrl\":\"https:\/\/sare.eus\/wp-content\/uploads\/2021\/08\/sare.png\",\"width\":120,\"height\":142,\"caption\":\"Sare Herritarra\"},\"image\":{\"@id\":\"https:\/\/sare.eus\/#\/schema\/logo\/image\/\"}},{\"@type\":\"Person\",\"@id\":\"https:\/\/sare.eus\/#\/schema\/person\/2fe6d0df294f56313d3ab236dbe38e17\",\"name\":\"sare\",\"image\":{\"@type\":\"ImageObject\",\"inLanguage\":\"es\",\"@id\":\"https:\/\/sare.eus\/#\/schema\/person\/image\/\",\"url\":\"https:\/\/secure.gravatar.com\/avatar\/77cad838677ceb1977e7b3c878b55eaa7fa4aae2158983063b047c3ad7ef2c25?s=96&d=mm&r=g\",\"contentUrl\":\"https:\/\/secure.gravatar.com\/avatar\/77cad838677ceb1977e7b3c878b55eaa7fa4aae2158983063b047c3ad7ef2c25?s=96&d=mm&r=g\",\"caption\":\"sare\"},\"url\":\"https:\/\/sare.eus\/es\/author\/sare\/\"}]}<\/script>\n<!-- \/ Yoast SEO plugin. -->","yoast_head_json":{"title":"Red Ciudadana SARE celebra su IX Asamblea General en Araia - Sare Herritarra","robots":{"index":"index","follow":"follow","max-snippet":"max-snippet:-1","max-image-preview":"max-image-preview:large","max-video-preview":"max-video-preview:-1"},"canonical":"https:\/\/sare.eus\/es\/red-ciudadana-sare-celebra-su-ix-asamblea-general-en-araia\/","og_locale":"es_ES","og_type":"article","og_title":"Red Ciudadana SARE celebra su IX Asamblea General en Araia - Sare Herritarra","og_description":"Afrontamos esta IX Asamblea de la Red Ciudadana Sare con las fuerzas renovadas, tras el \u00e9xito de la movilizaci\u00f3n del pasado 13 de enero en Bilbao. De hecho, ese d\u00eda [&hellip;]","og_url":"https:\/\/sare.eus\/es\/red-ciudadana-sare-celebra-su-ix-asamblea-general-en-araia\/","og_site_name":"Sare Herritarra","article_published_time":"2024-03-09T11:35:32+00:00","article_modified_time":"2024-03-09T14:05:39+00:00","og_image":[{"width":2560,"height":1920,"url":"https:\/\/sare.eus\/wp-content\/uploads\/2024\/03\/20240309_Sare-Batzar-Orokorra-Araia-scaled.jpg","type":"image\/jpeg"}],"author":"sare","twitter_card":"summary_large_image","twitter_misc":{"Escrito por":"sare","Tiempo de lectura":"2 minutos"},"schema":{"@context":"https:\/\/schema.org","@graph":[{"@type":"Article","@id":"https:\/\/sare.eus\/es\/red-ciudadana-sare-celebra-su-ix-asamblea-general-en-araia\/#article","isPartOf":{"@id":"https:\/\/sare.eus\/es\/red-ciudadana-sare-celebra-su-ix-asamblea-general-en-araia\/"},"author":{"name":"sare","@id":"https:\/\/sare.eus\/#\/schema\/person\/2fe6d0df294f56313d3ab236dbe38e17"},"headline":"Red Ciudadana SARE celebra su IX Asamblea General en Araia","datePublished":"2024-03-09T11:35:32+00:00","dateModified":"2024-03-09T14:05:39+00:00","mainEntityOfPage":{"@id":"https:\/\/sare.eus\/es\/red-ciudadana-sare-celebra-su-ix-asamblea-general-en-araia\/"},"wordCount":464,"publisher":{"@id":"https:\/\/sare.eus\/#organization"},"image":{"@id":"https:\/\/sare.eus\/es\/red-ciudadana-sare-celebra-su-ix-asamblea-general-en-araia\/#primaryimage"},"thumbnailUrl":"https:\/\/sare.eus\/wp-content\/uploads\/2024\/03\/20240309_Sare-Batzar-Orokorra-Araia-scaled.jpg","articleSection":["Leyes de Excepci\u00f3n"],"inLanguage":"es"},{"@type":"WebPage","@id":"https:\/\/sare.eus\/es\/red-ciudadana-sare-celebra-su-ix-asamblea-general-en-araia\/","url":"https:\/\/sare.eus\/es\/red-ciudadana-sare-celebra-su-ix-asamblea-general-en-araia\/","name":"Red Ciudadana SARE celebra su IX Asamblea General en Araia - Sare Herritarra","isPartOf":{"@id":"https:\/\/sare.eus\/#website"},"primaryImageOfPage":{"@id":"https:\/\/sare.eus\/es\/red-ciudadana-sare-celebra-su-ix-asamblea-general-en-araia\/#primaryimage"},"image":{"@id":"https:\/\/sare.eus\/es\/red-ciudadana-sare-celebra-su-ix-asamblea-general-en-araia\/#primaryimage"},"thumbnailUrl":"https:\/\/sare.eus\/wp-content\/uploads\/2024\/03\/20240309_Sare-Batzar-Orokorra-Araia-scaled.jpg","datePublished":"2024-03-09T11:35:32+00:00","dateModified":"2024-03-09T14:05:39+00:00","breadcrumb":{"@id":"https:\/\/sare.eus\/es\/red-ciudadana-sare-celebra-su-ix-asamblea-general-en-araia\/#breadcrumb"},"inLanguage":"es","potentialAction":[{"@type":"ReadAction","target":["https:\/\/sare.eus\/es\/red-ciudadana-sare-celebra-su-ix-asamblea-general-en-araia\/"]}]},{"@type":"ImageObject","inLanguage":"es","@id":"https:\/\/sare.eus\/es\/red-ciudadana-sare-celebra-su-ix-asamblea-general-en-araia\/#primaryimage","url":"https:\/\/sare.eus\/wp-content\/uploads\/2024\/03\/20240309_Sare-Batzar-Orokorra-Araia-scaled.jpg","contentUrl":"https:\/\/sare.eus\/wp-content\/uploads\/2024\/03\/20240309_Sare-Batzar-Orokorra-Araia-scaled.jpg","width":2560,"height":1920},{"@type":"BreadcrumbList","@id":"https:\/\/sare.eus\/es\/red-ciudadana-sare-celebra-su-ix-asamblea-general-en-araia\/#breadcrumb","itemListElement":[{"@type":"ListItem","position":1,"name":"Home","item":"https:\/\/sare.eus\/"},{"@type":"ListItem","position":2,"name":"Red Ciudadana SARE celebra su IX Asamblea General en Araia"}]},{"@type":"WebSite","@id":"https:\/\/sare.eus\/#website","url":"https:\/\/sare.eus\/","name":"Sare Herritarra","description":"KONPONBIDEAREN ETA GIZA ESKUBIDEEN ALDEKO SARE HERRITARRA","publisher":{"@id":"https:\/\/sare.eus\/#organization"},"potentialAction":[{"@type":"SearchAction","target":{"@type":"EntryPoint","urlTemplate":"https:\/\/sare.eus\/?s={search_term_string}"},"query-input":{"@type":"PropertyValueSpecification","valueRequired":true,"valueName":"search_term_string"}}],"inLanguage":"es"},{"@type":"Organization","@id":"https:\/\/sare.eus\/#organization","name":"Sare Herritarra","url":"https:\/\/sare.eus\/","logo":{"@type":"ImageObject","inLanguage":"es","@id":"https:\/\/sare.eus\/#\/schema\/logo\/image\/","url":"https:\/\/sare.eus\/wp-content\/uploads\/2021\/08\/sare.png","contentUrl":"https:\/\/sare.eus\/wp-content\/uploads\/2021\/08\/sare.png","width":120,"height":142,"caption":"Sare Herritarra"},"image":{"@id":"https:\/\/sare.eus\/#\/schema\/logo\/image\/"}},{"@type":"Person","@id":"https:\/\/sare.eus\/#\/schema\/person\/2fe6d0df294f56313d3ab236dbe38e17","name":"sare","image":{"@type":"ImageObject","inLanguage":"es","@id":"https:\/\/sare.eus\/#\/schema\/person\/image\/","url":"https:\/\/secure.gravatar.com\/avatar\/77cad838677ceb1977e7b3c878b55eaa7fa4aae2158983063b047c3ad7ef2c25?s=96&d=mm&r=g","contentUrl":"https:\/\/secure.gravatar.com\/avatar\/77cad838677ceb1977e7b3c878b55eaa7fa4aae2158983063b047c3ad7ef2c25?s=96&d=mm&r=g","caption":"sare"},"url":"https:\/\/sare.eus\/es\/author\/sare\/"}]}},"_links":{"self":[{"href":"https:\/\/sare.eus\/es\/wp-json\/wp\/v2\/posts\/5925","targetHints":{"allow":["GET"]}}],"collection":[{"href":"https:\/\/sare.eus\/es\/wp-json\/wp\/v2\/posts"}],"about":[{"href":"https:\/\/sare.eus\/es\/wp-json\/wp\/v2\/types\/post"}],"author":[{"embeddable":true,"href":"https:\/\/sare.eus\/es\/wp-json\/wp\/v2\/users\/2"}],"replies":[{"embeddable":true,"href":"https:\/\/sare.eus\/es\/wp-json\/wp\/v2\/comments?post=5925"}],"version-history":[{"count":2,"href":"https:\/\/sare.eus\/es\/wp-json\/wp\/v2\/posts\/5925\/revisions"}],"predecessor-version":[{"id":5932,"href":"https:\/\/sare.eus\/es\/wp-json\/wp\/v2\/posts\/5925\/revisions\/5932"}],"wp:featuredmedia":[{"embeddable":true,"href":"https:\/\/sare.eus\/es\/wp-json\/wp\/v2\/media\/5928"}],"wp:attachment":[{"href":"https:\/\/sare.eus\/es\/wp-json\/wp\/v2\/media?parent=5925"}],"wp:term":[{"taxonomy":"category","embeddable":true,"href":"https:\/\/sare.eus\/es\/wp-json\/wp\/v2\/categories?post=5925"},{"taxonomy":"post_tag","embeddable":true,"href":"https:\/\/sare.eus\/es\/wp-json\/wp\/v2\/tags?post=5925"}],"curies":[{"name":"wp","href":"https:\/\/api.w.org\/{rel}","templated":true}]}}