{"id":5891,"date":"2024-01-13T17:23:35","date_gmt":"2024-01-13T17:23:35","guid":{"rendered":"https:\/\/sare.eus\/urtarrilak-13-%c2%b7-bilbo-amaierako-hitzartzea\/"},"modified":"2024-01-13T17:37:29","modified_gmt":"2024-01-13T17:37:29","slug":"urtarrilak-13-%c2%b7-bilbo-amaierako-hitzartzea","status":"publish","type":"post","link":"https:\/\/sare.eus\/es\/urtarrilak-13-%c2%b7-bilbo-amaierako-hitzartzea\/","title":{"rendered":"13 ENERO \u00b7 LECTURA FINAL DE LA MANIFESTACI\u00d3N DE BILBAO"},"content":{"rendered":"<p>Hoy, hemos vuelto a llenar de reivindicaci\u00f3n democr\u00e1tica las calles de Bilbo. Aqu\u00ed, en esta gran manifestaci\u00f3n, se siente la ilusi\u00f3n y esperanza de poner fin a todas las normas penitenciarias de excepci\u00f3n que afectan a presos\/as vascos.<br \/>\nBene-benetan ESKERRIK ASKO.<\/p>\n<p>Eskerrik asko a los partidos pol\u00edticos, sindicatos y asociaciones de Euskal Herria, y sobre todo a la ciudadana vasca, que con vuestra presencia estais diciendo alto y claro, que mientras las personas presas no vean reconocidos sus derechos, seguiremos viviendo una injusticia y teniendo un problema irresuelto.<\/p>\n<p>Moltes gracies, als nostres amics catalans per ser-hi. Gracies, una vegada mes: OMNIUM, ANC, ERC, JUNTS, CUP y la Coordinadora de l\u2019Advocacia Catalunya defensa dels drets i llibertats fonamentals dels catalans i les institucions. per la vostra solidaritat amb els drests dels presos i preses vascos.<\/p>\n<p>Moitas grazas ao BNG, un ano mais pola vosa presenza e solidariedade. Esto nos emociona. Hemos vuelto a demostrar que hay solidaridad entre los Pueblos y que somos un Pueblo solidario. Por ello, una vez m\u00e1s, en nombre de la Red Ciudadana SARE, Eskerrik asko, hemen gurekin izateagatik.<\/p>\n<p>Con este esfuerzo colectivo , estamos abriendo el camino de regreso a casa de las personas presas, exiliadas y deportadas vascas. Y esto solamente podemos conseguirlo yendo de la mano, sin importarnos qui\u00e9n camina a nuestro lado, en defensa de los derechos fundamentales que asisten a las personas presas. Porque es la \u00fanica forma de poder avanzar hacia una sociedad en convivencia. Buscamos cerrar el ciclo de las violencias, con una pacificaci\u00f3n real, que d\u00e9 paso a la convivencia y la resoluci\u00f3n, implantando para ello una cultura de los derechos humanos y de paz. Eso ser\u00eda una aut\u00e9ntica garant\u00eda de no repetici\u00f3n . A quienes se empe\u00f1an en dibujar un escenario de \u201cvencedores y vencidos\u201d, les decimos que ese escenario es imaginario y, adem\u00e1s, ajeno a las ansias de paz que tiene la inmensa mayor\u00eda de la sociedad vasca.<\/p>\n<p>El esfuerzo de organizaciones pol\u00edticas, sindicales y sociales, como SARE HERRITARRA, para poner fin a la cruel pol\u00edtica de alejamiento, ha conseguido que las personas presas est\u00e9n ya en las c\u00e1rceles de hegoalde. Una etapa cumplida. Pero ahora nos toca abrir las puertas de las c\u00e1rceles y traerlas a sus casas, a trav\u00e9s de la aplicaci\u00f3n de una pol\u00edtica penitenciaria sin excepciones. Por eso, el slogan de la manifestaci\u00f3n de hoy: \u201cKonponbiderako Giltzak\u201d. Cojamos en nuestras manos las llaves de la resoluci\u00f3n. Las llaves que cierren las puertas al sufrimiento. Las llaves que abran las puertas a la convivencia. Y todo ello con m\u00e1s democracia.<\/p>\n<p>La vuelta a sus casas de estas personas no puede quedar en manos de personas ajenas a nuestro Pueblo, desconocedoras de lo que nuestra sociedad demanda y a quienes no importan las consecuencias, que para nuestra sociedad puedan tener sus decisiones. No estamos hablando de utop\u00edas. Estamos hablando de posibilidades reales. Deben ser las instituciones pol\u00edticas y judiciales de Euskal Herria, las que dise\u00f1en y faciliten el recorrido del regreso a casa, de los presos y presas vascas. Debe ser la sociedad vasca, a donde estas personas han de regresar, quien defina el c\u00f3mo y el cu\u00e1ndo deben regresar. Y ello exige decisiones politicas, valientes y justas. Por ello, exigimos una pol\u00edtica judicial y penitenciaria, sin normas excepcionales. No exigimos privilegios. Exigimos que se les aplique la legalidad ordinaria y se respeten los derechos que asisten a las personas privadas de libertad.<\/p>\n<p>Y a quienes desde la Fiscal\u00eda y la Audiencia Nacional, contin\u00faan actuando con criterios pol\u00edticos y no de justicia, les decimos que nos tendr\u00e1n enfrente y continuaremos denunci\u00e1ndoles una y otra vez, por su arbitrariedad y sesgo. Que no reclamen respeto a sus decisiones, cuando esas decisiones est\u00e1n contaminadas por su ideolog\u00eda pol\u00edtica. El respeto se gana, no se impone. La legitimidad de las instituciones, tambi\u00e9n, la de los tribunales, se gana por su uso, respetuoso con su raz\u00f3n de ser y su funcionalidad en la estructura democr\u00e1tica de una sociedad.<\/p>\n<p>A los presos\/as vascos, encarcelados en Zaballa, Iru\u00f1a, Martutene, Basauri, y en las prisiones ubicadas en territorio franc\u00e9s, les volvemos a decir, que continuaremos trabajando, para que vuelvan a casa. Que con el esfuerzo de la sociedad vasca, de una sociedad plural que tiene como objetivo compartido, la defensa de los derechos humanos, abriremos las puertas de sus celdas, para que despu\u00e9s de d\u00e9cadas de privaci\u00f3n de libertad, se sumen a la tarea de reconstruir la convivencia en nuestro Pa\u00eds. A las personas deportadas en Venezuela, Cabo Verde y Cuba, les decimos, tambi\u00e9n, que conseguiremos superar las dificultades que a\u00fan hoy, les impiden regresar a sus casas. Y a los exiliados\/as, repartidos por el mundo, les reiteramos nuestra solidaridad y tambi\u00e9n nuestros esfuerzos por lograr su regreso.<\/p>\n<p>No queremos olvidar en este acto, a todas las v\u00edctimas de todas las violencias generadas en nuestro Pueblo y fuera de \u00e9l. Por ello, denunciamos a quienes, permanentemente, quieren hacer un uso pol\u00edtico de su dolor. Les debemos respeto, apoyo, reconocimiento, reparaci\u00f3n y solidaridad en su sufrimiento. Les queremos decir, que en el proceso de reconstrucci\u00f3n de la convivencia, tambi\u00e9n ellas, son claves para alcanzar una paz solida. Nuestra sociedad es plural y tiene como objetivo compartido la defensa de los derechos humanos pero, es muy importante que lo hagamos colectivamente. Lo mucho conseguido en nuestro Pa\u00eds, en los \u00faltimos a\u00f1os, se debe a haber sido capaces de articular un consenso entre la mayor\u00eda pol\u00edtica, sindical y social vasca, representada en las instituciones y en la calle.<\/p>\n<p>Hemos superado las etapas que nos han colocado en un camino irreversible, porque hemos sido capaces de arriesgar a favor de la paz y la resoluci\u00f3n, hemos sido creativos, hemos sabido pensar desde el pueblo para el pueblo. Hoy queremos trasladar nuestros saludos y apoyos m\u00e1s calurosos a los pacificadores Txetx Etcheverry y Bea Molle, que ser\u00e1n juzgados en el juzgado de Par\u00eds los pr\u00f3ximos 2 y 3 de abril. \u00a1Nuestros mejores aplausos, a vosotros y a Mikel Bergouignan, Michel Berrokoirigoin y Michel Tubiana que nos dejaron en ese camino! \u00a1No aceptamos esta causa y desde aqu\u00ed exigimos su exculpaci\u00f3n.<\/p>\n<p>Os pedimos que sig\u00e1is empujando en ese camino hacia la convivencia, la paz y el regreso a casa de todas las personas presas, exiliadas y deportadas.<\/p>\n<p>Esto, o lo hacemos juntos\/as o ser\u00e1 muy dificil conseguirlo.<\/p>\n<p>LORTUKO DUGU! Cojamos las llaves en nuestras manos y sigamos avanzando en el camino.<\/p>\n<hr \/>\n\n\t\t<style type=\"text\/css\">\n\t\t\t#gallery-1 {\n\t\t\t\tmargin: auto;\n\t\t\t}\n\t\t\t#gallery-1 .gallery-item {\n\t\t\t\tfloat: left;\n\t\t\t\tmargin-top: 10px;\n\t\t\t\ttext-align: center;\n\t\t\t\twidth: 33%;\n\t\t\t}\n\t\t\t#gallery-1 img {\n\t\t\t\tborder: 2px solid #cfcfcf;\n\t\t\t}\n\t\t\t#gallery-1 .gallery-caption {\n\t\t\t\tmargin-left: 0;\n\t\t\t}\n\t\t\t\/* see gallery_shortcode() in wp-includes\/media.php *\/\n\t\t<\/style>\n\t\t<div id='gallery-1' class='gallery galleryid-5891 gallery-columns-3 gallery-size-thumbnail'><dl class='gallery-item'>\n\t\t\t<dt class='gallery-icon portrait'>\n\t\t\t\t<a href='https:\/\/sare.eus\/es\/urtarrilak-13-%c2%b7-bilbo-amaierako-hitzartzea\/foku-02-2\/'><img loading=\"lazy\" decoding=\"async\" width=\"150\" height=\"150\" src=\"https:\/\/sare.eus\/wp-content\/uploads\/2024\/01\/foku-02-150x150.jpeg\" class=\"attachment-thumbnail size-thumbnail\" alt=\"\" srcset=\"https:\/\/sare.eus\/wp-content\/uploads\/2024\/01\/foku-02-150x150.jpeg 150w, https:\/\/sare.eus\/wp-content\/uploads\/2024\/01\/foku-02-440x440.jpeg 440w\" sizes=\"(max-width: 150px) 100vw, 150px\" \/><\/a>\n\t\t\t<\/dt><\/dl><dl class='gallery-item'>\n\t\t\t<dt class='gallery-icon portrait'>\n\t\t\t\t<a href='https:\/\/sare.eus\/es\/urtarrilak-13-%c2%b7-bilbo-amaierako-hitzartzea\/foku-03-2\/'><img loading=\"lazy\" decoding=\"async\" width=\"150\" height=\"150\" src=\"https:\/\/sare.eus\/wp-content\/uploads\/2024\/01\/foku-03-150x150.jpeg\" class=\"attachment-thumbnail size-thumbnail\" alt=\"\" srcset=\"https:\/\/sare.eus\/wp-content\/uploads\/2024\/01\/foku-03-150x150.jpeg 150w, https:\/\/sare.eus\/wp-content\/uploads\/2024\/01\/foku-03-440x440.jpeg 440w\" sizes=\"(max-width: 150px) 100vw, 150px\" \/><\/a>\n\t\t\t<\/dt><\/dl><dl class='gallery-item'>\n\t\t\t<dt class='gallery-icon portrait'>\n\t\t\t\t<a href='https:\/\/sare.eus\/es\/urtarrilak-13-%c2%b7-bilbo-amaierako-hitzartzea\/foku-04-2\/'><img loading=\"lazy\" decoding=\"async\" width=\"150\" height=\"150\" src=\"https:\/\/sare.eus\/wp-content\/uploads\/2024\/01\/foku-04-150x150.jpeg\" class=\"attachment-thumbnail size-thumbnail\" alt=\"\" srcset=\"https:\/\/sare.eus\/wp-content\/uploads\/2024\/01\/foku-04-150x150.jpeg 150w, https:\/\/sare.eus\/wp-content\/uploads\/2024\/01\/foku-04-440x440.jpeg 440w\" sizes=\"(max-width: 150px) 100vw, 150px\" \/><\/a>\n\t\t\t<\/dt><\/dl><br style=\"clear: both\" \/><dl class='gallery-item'>\n\t\t\t<dt class='gallery-icon portrait'>\n\t\t\t\t<a href='https:\/\/sare.eus\/es\/urtarrilak-13-%c2%b7-bilbo-amaierako-hitzartzea\/foku-05-2\/'><img loading=\"lazy\" decoding=\"async\" width=\"150\" height=\"150\" src=\"https:\/\/sare.eus\/wp-content\/uploads\/2024\/01\/foku-05-150x150.jpeg\" class=\"attachment-thumbnail size-thumbnail\" alt=\"\" srcset=\"https:\/\/sare.eus\/wp-content\/uploads\/2024\/01\/foku-05-150x150.jpeg 150w, https:\/\/sare.eus\/wp-content\/uploads\/2024\/01\/foku-05-440x440.jpeg 440w\" sizes=\"(max-width: 150px) 100vw, 150px\" \/><\/a>\n\t\t\t<\/dt><\/dl><dl class='gallery-item'>\n\t\t\t<dt class='gallery-icon portrait'>\n\t\t\t\t<a href='https:\/\/sare.eus\/es\/urtarrilak-13-%c2%b7-bilbo-amaierako-hitzartzea\/foku-06-2\/'><img loading=\"lazy\" decoding=\"async\" width=\"150\" height=\"150\" src=\"https:\/\/sare.eus\/wp-content\/uploads\/2024\/01\/foku-06-150x150.jpeg\" class=\"attachment-thumbnail size-thumbnail\" alt=\"\" srcset=\"https:\/\/sare.eus\/wp-content\/uploads\/2024\/01\/foku-06-150x150.jpeg 150w, https:\/\/sare.eus\/wp-content\/uploads\/2024\/01\/foku-06-440x440.jpeg 440w\" sizes=\"(max-width: 150px) 100vw, 150px\" \/><\/a>\n\t\t\t<\/dt><\/dl><dl class='gallery-item'>\n\t\t\t<dt class='gallery-icon portrait'>\n\t\t\t\t<a href='https:\/\/sare.eus\/es\/urtarrilak-13-%c2%b7-bilbo-amaierako-hitzartzea\/foku-07-2\/'><img loading=\"lazy\" decoding=\"async\" width=\"150\" height=\"150\" src=\"https:\/\/sare.eus\/wp-content\/uploads\/2024\/01\/foku-07-150x150.jpeg\" class=\"attachment-thumbnail size-thumbnail\" alt=\"\" srcset=\"https:\/\/sare.eus\/wp-content\/uploads\/2024\/01\/foku-07-150x150.jpeg 150w, https:\/\/sare.eus\/wp-content\/uploads\/2024\/01\/foku-07-440x440.jpeg 440w\" sizes=\"(max-width: 150px) 100vw, 150px\" \/><\/a>\n\t\t\t<\/dt><\/dl><br style=\"clear: both\" \/><dl class='gallery-item'>\n\t\t\t<dt class='gallery-icon portrait'>\n\t\t\t\t<a href='https:\/\/sare.eus\/es\/urtarrilak-13-%c2%b7-bilbo-amaierako-hitzartzea\/foku-08-2\/'><img loading=\"lazy\" decoding=\"async\" width=\"150\" height=\"150\" src=\"https:\/\/sare.eus\/wp-content\/uploads\/2024\/01\/foku-08-150x150.jpeg\" class=\"attachment-thumbnail size-thumbnail\" alt=\"\" srcset=\"https:\/\/sare.eus\/wp-content\/uploads\/2024\/01\/foku-08-150x150.jpeg 150w, https:\/\/sare.eus\/wp-content\/uploads\/2024\/01\/foku-08-671x675.jpeg 671w, https:\/\/sare.eus\/wp-content\/uploads\/2024\/01\/foku-08-440x440.jpeg 440w\" sizes=\"(max-width: 150px) 100vw, 150px\" \/><\/a>\n\t\t\t<\/dt><\/dl>\n\t\t\t<br style='clear: both' \/>\n\t\t<\/div>\n\n","protected":false},"excerpt":{"rendered":"<p>Hoy, hemos vuelto a llenar de reivindicaci\u00f3n democr\u00e1tica las calles de Bilbo. Aqu\u00ed, en esta gran manifestaci\u00f3n, se siente la ilusi\u00f3n y esperanza de poner fin a todas las normas [&hellip;]<\/p>\n","protected":false},"author":2,"featured_media":5873,"comment_status":"closed","ping_status":"closed","sticky":false,"template":"","format":"standard","meta":{"_acf_changed":false,"_et_pb_use_builder":"","_et_pb_old_content":"","_et_gb_content_width":"","footnotes":""},"categories":[60],"tags":[],"class_list":["post-5891","post","type-post","status-publish","format-standard","has-post-thumbnail","hentry","category-etxera-es","et-has-post-format-content","et_post_format-et-post-format-standard"],"acf":[],"yoast_head":"<!-- This site is optimized with the Yoast SEO plugin v26.4 - https:\/\/yoast.com\/wordpress\/plugins\/seo\/ -->\n<title>13 ENERO \u00b7 LECTURA FINAL DE LA MANIFESTACI\u00d3N DE BILBAO - Sare Herritarra<\/title>\n<meta name=\"robots\" content=\"index, follow, max-snippet:-1, max-image-preview:large, max-video-preview:-1\" \/>\n<link rel=\"canonical\" href=\"https:\/\/sare.eus\/es\/urtarrilak-13-\u00b7-bilbo-amaierako-hitzartzea\/\" \/>\n<meta property=\"og:locale\" content=\"es_ES\" \/>\n<meta property=\"og:type\" content=\"article\" \/>\n<meta property=\"og:title\" content=\"13 ENERO \u00b7 LECTURA FINAL DE LA MANIFESTACI\u00d3N DE BILBAO - Sare Herritarra\" \/>\n<meta property=\"og:description\" content=\"Hoy, hemos vuelto a llenar de reivindicaci\u00f3n democr\u00e1tica las calles de Bilbo. Aqu\u00ed, en esta gran manifestaci\u00f3n, se siente la ilusi\u00f3n y esperanza de poner fin a todas las normas [&hellip;]\" \/>\n<meta property=\"og:url\" content=\"https:\/\/sare.eus\/es\/urtarrilak-13-\u00b7-bilbo-amaierako-hitzartzea\/\" \/>\n<meta property=\"og:site_name\" content=\"Sare Herritarra\" \/>\n<meta property=\"article:published_time\" content=\"2024-01-13T17:23:35+00:00\" \/>\n<meta property=\"article:modified_time\" content=\"2024-01-13T17:37:29+00:00\" \/>\n<meta property=\"og:image\" content=\"https:\/\/sare.eus\/wp-content\/uploads\/2024\/01\/foku-01.jpeg\" \/>\n\t<meta property=\"og:image:width\" content=\"1600\" \/>\n\t<meta property=\"og:image:height\" content=\"1066\" \/>\n\t<meta property=\"og:image:type\" content=\"image\/jpeg\" \/>\n<meta name=\"author\" content=\"sare\" \/>\n<meta name=\"twitter:card\" content=\"summary_large_image\" \/>\n<meta name=\"twitter:label1\" content=\"Escrito por\" \/>\n\t<meta name=\"twitter:data1\" content=\"sare\" \/>\n\t<meta name=\"twitter:label2\" content=\"Tiempo de lectura\" \/>\n\t<meta name=\"twitter:data2\" content=\"6 minutos\" \/>\n<script type=\"application\/ld+json\" class=\"yoast-schema-graph\">{\"@context\":\"https:\/\/schema.org\",\"@graph\":[{\"@type\":\"Article\",\"@id\":\"https:\/\/sare.eus\/es\/urtarrilak-13-%c2%b7-bilbo-amaierako-hitzartzea\/#article\",\"isPartOf\":{\"@id\":\"https:\/\/sare.eus\/es\/urtarrilak-13-%c2%b7-bilbo-amaierako-hitzartzea\/\"},\"author\":{\"name\":\"sare\",\"@id\":\"https:\/\/sare.eus\/#\/schema\/person\/2fe6d0df294f56313d3ab236dbe38e17\"},\"headline\":\"13 ENERO \u00b7 LECTURA FINAL DE LA MANIFESTACI\u00d3N DE BILBAO\",\"datePublished\":\"2024-01-13T17:23:35+00:00\",\"dateModified\":\"2024-01-13T17:37:29+00:00\",\"mainEntityOfPage\":{\"@id\":\"https:\/\/sare.eus\/es\/urtarrilak-13-%c2%b7-bilbo-amaierako-hitzartzea\/\"},\"wordCount\":1145,\"publisher\":{\"@id\":\"https:\/\/sare.eus\/#organization\"},\"image\":{\"@id\":\"https:\/\/sare.eus\/es\/urtarrilak-13-%c2%b7-bilbo-amaierako-hitzartzea\/#primaryimage\"},\"thumbnailUrl\":\"https:\/\/sare.eus\/wp-content\/uploads\/2024\/01\/foku-01.jpeg\",\"articleSection\":[\"Etxera\"],\"inLanguage\":\"es\"},{\"@type\":\"WebPage\",\"@id\":\"https:\/\/sare.eus\/es\/urtarrilak-13-%c2%b7-bilbo-amaierako-hitzartzea\/\",\"url\":\"https:\/\/sare.eus\/es\/urtarrilak-13-%c2%b7-bilbo-amaierako-hitzartzea\/\",\"name\":\"13 ENERO \u00b7 LECTURA FINAL DE LA MANIFESTACI\u00d3N DE BILBAO - Sare Herritarra\",\"isPartOf\":{\"@id\":\"https:\/\/sare.eus\/#website\"},\"primaryImageOfPage\":{\"@id\":\"https:\/\/sare.eus\/es\/urtarrilak-13-%c2%b7-bilbo-amaierako-hitzartzea\/#primaryimage\"},\"image\":{\"@id\":\"https:\/\/sare.eus\/es\/urtarrilak-13-%c2%b7-bilbo-amaierako-hitzartzea\/#primaryimage\"},\"thumbnailUrl\":\"https:\/\/sare.eus\/wp-content\/uploads\/2024\/01\/foku-01.jpeg\",\"datePublished\":\"2024-01-13T17:23:35+00:00\",\"dateModified\":\"2024-01-13T17:37:29+00:00\",\"breadcrumb\":{\"@id\":\"https:\/\/sare.eus\/es\/urtarrilak-13-%c2%b7-bilbo-amaierako-hitzartzea\/#breadcrumb\"},\"inLanguage\":\"es\",\"potentialAction\":[{\"@type\":\"ReadAction\",\"target\":[\"https:\/\/sare.eus\/es\/urtarrilak-13-%c2%b7-bilbo-amaierako-hitzartzea\/\"]}]},{\"@type\":\"ImageObject\",\"inLanguage\":\"es\",\"@id\":\"https:\/\/sare.eus\/es\/urtarrilak-13-%c2%b7-bilbo-amaierako-hitzartzea\/#primaryimage\",\"url\":\"https:\/\/sare.eus\/wp-content\/uploads\/2024\/01\/foku-01.jpeg\",\"contentUrl\":\"https:\/\/sare.eus\/wp-content\/uploads\/2024\/01\/foku-01.jpeg\",\"width\":1600,\"height\":1066},{\"@type\":\"BreadcrumbList\",\"@id\":\"https:\/\/sare.eus\/es\/urtarrilak-13-%c2%b7-bilbo-amaierako-hitzartzea\/#breadcrumb\",\"itemListElement\":[{\"@type\":\"ListItem\",\"position\":1,\"name\":\"Home\",\"item\":\"https:\/\/sare.eus\/\"},{\"@type\":\"ListItem\",\"position\":2,\"name\":\"13 ENERO \u00b7 LECTURA FINAL DE LA MANIFESTACI\u00d3N DE BILBAO\"}]},{\"@type\":\"WebSite\",\"@id\":\"https:\/\/sare.eus\/#website\",\"url\":\"https:\/\/sare.eus\/\",\"name\":\"Sare Herritarra\",\"description\":\"KONPONBIDEAREN ETA GIZA ESKUBIDEEN ALDEKO SARE HERRITARRA\",\"publisher\":{\"@id\":\"https:\/\/sare.eus\/#organization\"},\"potentialAction\":[{\"@type\":\"SearchAction\",\"target\":{\"@type\":\"EntryPoint\",\"urlTemplate\":\"https:\/\/sare.eus\/?s={search_term_string}\"},\"query-input\":{\"@type\":\"PropertyValueSpecification\",\"valueRequired\":true,\"valueName\":\"search_term_string\"}}],\"inLanguage\":\"es\"},{\"@type\":\"Organization\",\"@id\":\"https:\/\/sare.eus\/#organization\",\"name\":\"Sare Herritarra\",\"url\":\"https:\/\/sare.eus\/\",\"logo\":{\"@type\":\"ImageObject\",\"inLanguage\":\"es\",\"@id\":\"https:\/\/sare.eus\/#\/schema\/logo\/image\/\",\"url\":\"https:\/\/sare.eus\/wp-content\/uploads\/2021\/08\/sare.png\",\"contentUrl\":\"https:\/\/sare.eus\/wp-content\/uploads\/2021\/08\/sare.png\",\"width\":120,\"height\":142,\"caption\":\"Sare Herritarra\"},\"image\":{\"@id\":\"https:\/\/sare.eus\/#\/schema\/logo\/image\/\"}},{\"@type\":\"Person\",\"@id\":\"https:\/\/sare.eus\/#\/schema\/person\/2fe6d0df294f56313d3ab236dbe38e17\",\"name\":\"sare\",\"image\":{\"@type\":\"ImageObject\",\"inLanguage\":\"es\",\"@id\":\"https:\/\/sare.eus\/#\/schema\/person\/image\/\",\"url\":\"https:\/\/secure.gravatar.com\/avatar\/77cad838677ceb1977e7b3c878b55eaa7fa4aae2158983063b047c3ad7ef2c25?s=96&d=mm&r=g\",\"contentUrl\":\"https:\/\/secure.gravatar.com\/avatar\/77cad838677ceb1977e7b3c878b55eaa7fa4aae2158983063b047c3ad7ef2c25?s=96&d=mm&r=g\",\"caption\":\"sare\"},\"url\":\"https:\/\/sare.eus\/es\/author\/sare\/\"}]}<\/script>\n<!-- \/ Yoast SEO plugin. -->","yoast_head_json":{"title":"13 ENERO \u00b7 LECTURA FINAL DE LA MANIFESTACI\u00d3N DE BILBAO - Sare Herritarra","robots":{"index":"index","follow":"follow","max-snippet":"max-snippet:-1","max-image-preview":"max-image-preview:large","max-video-preview":"max-video-preview:-1"},"canonical":"https:\/\/sare.eus\/es\/urtarrilak-13-\u00b7-bilbo-amaierako-hitzartzea\/","og_locale":"es_ES","og_type":"article","og_title":"13 ENERO \u00b7 LECTURA FINAL DE LA MANIFESTACI\u00d3N DE BILBAO - Sare Herritarra","og_description":"Hoy, hemos vuelto a llenar de reivindicaci\u00f3n democr\u00e1tica las calles de Bilbo. Aqu\u00ed, en esta gran manifestaci\u00f3n, se siente la ilusi\u00f3n y esperanza de poner fin a todas las normas [&hellip;]","og_url":"https:\/\/sare.eus\/es\/urtarrilak-13-\u00b7-bilbo-amaierako-hitzartzea\/","og_site_name":"Sare Herritarra","article_published_time":"2024-01-13T17:23:35+00:00","article_modified_time":"2024-01-13T17:37:29+00:00","og_image":[{"width":1600,"height":1066,"url":"https:\/\/sare.eus\/wp-content\/uploads\/2024\/01\/foku-01.jpeg","type":"image\/jpeg"}],"author":"sare","twitter_card":"summary_large_image","twitter_misc":{"Escrito por":"sare","Tiempo de lectura":"6 minutos"},"schema":{"@context":"https:\/\/schema.org","@graph":[{"@type":"Article","@id":"https:\/\/sare.eus\/es\/urtarrilak-13-%c2%b7-bilbo-amaierako-hitzartzea\/#article","isPartOf":{"@id":"https:\/\/sare.eus\/es\/urtarrilak-13-%c2%b7-bilbo-amaierako-hitzartzea\/"},"author":{"name":"sare","@id":"https:\/\/sare.eus\/#\/schema\/person\/2fe6d0df294f56313d3ab236dbe38e17"},"headline":"13 ENERO \u00b7 LECTURA FINAL DE LA MANIFESTACI\u00d3N DE BILBAO","datePublished":"2024-01-13T17:23:35+00:00","dateModified":"2024-01-13T17:37:29+00:00","mainEntityOfPage":{"@id":"https:\/\/sare.eus\/es\/urtarrilak-13-%c2%b7-bilbo-amaierako-hitzartzea\/"},"wordCount":1145,"publisher":{"@id":"https:\/\/sare.eus\/#organization"},"image":{"@id":"https:\/\/sare.eus\/es\/urtarrilak-13-%c2%b7-bilbo-amaierako-hitzartzea\/#primaryimage"},"thumbnailUrl":"https:\/\/sare.eus\/wp-content\/uploads\/2024\/01\/foku-01.jpeg","articleSection":["Etxera"],"inLanguage":"es"},{"@type":"WebPage","@id":"https:\/\/sare.eus\/es\/urtarrilak-13-%c2%b7-bilbo-amaierako-hitzartzea\/","url":"https:\/\/sare.eus\/es\/urtarrilak-13-%c2%b7-bilbo-amaierako-hitzartzea\/","name":"13 ENERO \u00b7 LECTURA FINAL DE LA MANIFESTACI\u00d3N DE BILBAO - Sare Herritarra","isPartOf":{"@id":"https:\/\/sare.eus\/#website"},"primaryImageOfPage":{"@id":"https:\/\/sare.eus\/es\/urtarrilak-13-%c2%b7-bilbo-amaierako-hitzartzea\/#primaryimage"},"image":{"@id":"https:\/\/sare.eus\/es\/urtarrilak-13-%c2%b7-bilbo-amaierako-hitzartzea\/#primaryimage"},"thumbnailUrl":"https:\/\/sare.eus\/wp-content\/uploads\/2024\/01\/foku-01.jpeg","datePublished":"2024-01-13T17:23:35+00:00","dateModified":"2024-01-13T17:37:29+00:00","breadcrumb":{"@id":"https:\/\/sare.eus\/es\/urtarrilak-13-%c2%b7-bilbo-amaierako-hitzartzea\/#breadcrumb"},"inLanguage":"es","potentialAction":[{"@type":"ReadAction","target":["https:\/\/sare.eus\/es\/urtarrilak-13-%c2%b7-bilbo-amaierako-hitzartzea\/"]}]},{"@type":"ImageObject","inLanguage":"es","@id":"https:\/\/sare.eus\/es\/urtarrilak-13-%c2%b7-bilbo-amaierako-hitzartzea\/#primaryimage","url":"https:\/\/sare.eus\/wp-content\/uploads\/2024\/01\/foku-01.jpeg","contentUrl":"https:\/\/sare.eus\/wp-content\/uploads\/2024\/01\/foku-01.jpeg","width":1600,"height":1066},{"@type":"BreadcrumbList","@id":"https:\/\/sare.eus\/es\/urtarrilak-13-%c2%b7-bilbo-amaierako-hitzartzea\/#breadcrumb","itemListElement":[{"@type":"ListItem","position":1,"name":"Home","item":"https:\/\/sare.eus\/"},{"@type":"ListItem","position":2,"name":"13 ENERO \u00b7 LECTURA FINAL DE LA MANIFESTACI\u00d3N DE BILBAO"}]},{"@type":"WebSite","@id":"https:\/\/sare.eus\/#website","url":"https:\/\/sare.eus\/","name":"Sare Herritarra","description":"KONPONBIDEAREN ETA GIZA ESKUBIDEEN ALDEKO SARE HERRITARRA","publisher":{"@id":"https:\/\/sare.eus\/#organization"},"potentialAction":[{"@type":"SearchAction","target":{"@type":"EntryPoint","urlTemplate":"https:\/\/sare.eus\/?s={search_term_string}"},"query-input":{"@type":"PropertyValueSpecification","valueRequired":true,"valueName":"search_term_string"}}],"inLanguage":"es"},{"@type":"Organization","@id":"https:\/\/sare.eus\/#organization","name":"Sare Herritarra","url":"https:\/\/sare.eus\/","logo":{"@type":"ImageObject","inLanguage":"es","@id":"https:\/\/sare.eus\/#\/schema\/logo\/image\/","url":"https:\/\/sare.eus\/wp-content\/uploads\/2021\/08\/sare.png","contentUrl":"https:\/\/sare.eus\/wp-content\/uploads\/2021\/08\/sare.png","width":120,"height":142,"caption":"Sare Herritarra"},"image":{"@id":"https:\/\/sare.eus\/#\/schema\/logo\/image\/"}},{"@type":"Person","@id":"https:\/\/sare.eus\/#\/schema\/person\/2fe6d0df294f56313d3ab236dbe38e17","name":"sare","image":{"@type":"ImageObject","inLanguage":"es","@id":"https:\/\/sare.eus\/#\/schema\/person\/image\/","url":"https:\/\/secure.gravatar.com\/avatar\/77cad838677ceb1977e7b3c878b55eaa7fa4aae2158983063b047c3ad7ef2c25?s=96&d=mm&r=g","contentUrl":"https:\/\/secure.gravatar.com\/avatar\/77cad838677ceb1977e7b3c878b55eaa7fa4aae2158983063b047c3ad7ef2c25?s=96&d=mm&r=g","caption":"sare"},"url":"https:\/\/sare.eus\/es\/author\/sare\/"}]}},"_links":{"self":[{"href":"https:\/\/sare.eus\/es\/wp-json\/wp\/v2\/posts\/5891","targetHints":{"allow":["GET"]}}],"collection":[{"href":"https:\/\/sare.eus\/es\/wp-json\/wp\/v2\/posts"}],"about":[{"href":"https:\/\/sare.eus\/es\/wp-json\/wp\/v2\/types\/post"}],"author":[{"embeddable":true,"href":"https:\/\/sare.eus\/es\/wp-json\/wp\/v2\/users\/2"}],"replies":[{"embeddable":true,"href":"https:\/\/sare.eus\/es\/wp-json\/wp\/v2\/comments?post=5891"}],"version-history":[{"count":2,"href":"https:\/\/sare.eus\/es\/wp-json\/wp\/v2\/posts\/5891\/revisions"}],"predecessor-version":[{"id":5893,"href":"https:\/\/sare.eus\/es\/wp-json\/wp\/v2\/posts\/5891\/revisions\/5893"}],"wp:featuredmedia":[{"embeddable":true,"href":"https:\/\/sare.eus\/es\/wp-json\/wp\/v2\/media\/5873"}],"wp:attachment":[{"href":"https:\/\/sare.eus\/es\/wp-json\/wp\/v2\/media?parent=5891"}],"wp:term":[{"taxonomy":"category","embeddable":true,"href":"https:\/\/sare.eus\/es\/wp-json\/wp\/v2\/categories?post=5891"},{"taxonomy":"post_tag","embeddable":true,"href":"https:\/\/sare.eus\/es\/wp-json\/wp\/v2\/tags?post=5891"}],"curies":[{"name":"wp","href":"https:\/\/api.w.org\/{rel}","templated":true}]}}