{"id":5827,"date":"2024-01-09T09:03:17","date_gmt":"2024-01-09T09:03:17","guid":{"rendered":"https:\/\/sare.eus\/urtarrilaren-13ko-manifestazioari-sostengua-adierazi-diote-15-eurodiputatuek\/"},"modified":"2024-01-10T09:23:24","modified_gmt":"2024-01-10T09:23:24","slug":"un-total-de-15-eurodiputados-muestran-su-apoyo-a-la-manifestacion-del-13-de-enero-en-bilbo","status":"publish","type":"post","link":"https:\/\/sare.eus\/es\/un-total-de-15-eurodiputados-muestran-su-apoyo-a-la-manifestacion-del-13-de-enero-en-bilbo\/","title":{"rendered":"Un total de 18 eurodiputados muestran su apoyo a la manifestaci\u00f3n del 13 de enero en Bilbo"},"content":{"rendered":"<blockquote><p>18 eurodiputados y eurodiputadas han mostrado su apoyo, tanto al manifiesto \u201cLlaves para la resoluci\u00f3n\u201d, como a la manifestaci\u00f3n convocada por Sare el pr\u00f3ximo 13 de enero en Bilbo.<\/p>\n<p>ELDH (Abogados Europeos por la Democracia y los Derechos Humanos) apoya la manifestaci\u00f3n organizada por la organizaci\u00f3n c\u00edvica vasca SARE exigiendo el fin de las medidas excepcionales aplicadas a los presos vascos.<\/p><\/blockquote>\n<p>Sare quiere agradecer p\u00fablicamente el compromiso mostrado por estos representantes pol\u00edticos europeos, en relaci\u00f3n al final de la excepcionalidad penitenciaria que se contin\u00faa aplicando a los presos, y en favor de la resoluci\u00f3n definitiva que posibilite que presos, exiliados y deportados vascos regresen a casa.<\/p>\n<p>Queremos subrayar la importancia del trabajo pol\u00edtico en favor de este fin y valoramos, por lo tanto, de manera muy positiva el apoyo de eurodiputados que representan distintas sensibilidades en diversos pa\u00edses, toda vez que reiteramos el llamamiento a la sociedad vasca a tomar parte, el pr\u00f3ximo s\u00e1bado, en la manifestaci\u00f3n que realizaremos en Bilbo.<\/p>\n<p>Relaci\u00f3n de eurodiputados que muestran su adhesi\u00f3n al manifiesto \u201cLlaves para la resoluci\u00f3n\u201d, as\u00ed como a la manifestaci\u00f3n convocada por Sare el pr\u00f3ximo 13 de enero en Bilbo.<\/p>\n<ol>\n<li>\n<p class=\"western\" lang=\"es-ES\"><span style=\"color: #000080;\"><u><a href=\"https:\/\/www.europarl.europa.eu\/meps\/en\/24942\/ANA_MIRANDA\/home\">Ana Miranda, BNG, Galiza, Greens-EFA<\/a><\/u><\/span><\/p>\n<\/li>\n<li>\n<p class=\"western\" lang=\"es-ES\"><span style=\"color: #000080;\"><u><a href=\"https:\/\/www.europarl.europa.eu\/meps\/en\/202351\/CARLES_PUIGDEMONT+I+CASAMAJO\/home\">Carles Puigdemont i Casamaj\u00f3 , Junts per Europa, Catalunya, Ez-lerrotuak<\/a><\/u><\/span><\/p>\n<\/li>\n<li>\n<p class=\"western\" lang=\"es-ES\"><span style=\"color: #000080;\"><u><a href=\"https:\/\/www.europarl.europa.eu\/meps\/en\/205452\/CHRIS_MACMANUS\/home\">Chris MacManus, Sinn F\u00e9in, Irlanda, The Left (GUE-NGL)<\/a><\/u><\/span><\/p>\n<\/li>\n<li>\n<p class=\"western\" lang=\"es-ES\"><span style=\"color: #000080;\"><u><a href=\"https:\/\/www.europarl.europa.eu\/meps\/en\/204443\/CLARA_PONSATI+OBIOLS\/home\">Clara Ponsat\u00ed Obiols, Junts per Europa, Catalunya, Ez-lerrotuak<\/a><\/u><\/span><\/p>\n<\/li>\n<li>\n<p class=\"western\" lang=\"es-ES\"><span style=\"color: #000080;\"><u><a href=\"https:\/\/www.europarl.europa.eu\/meps\/en\/197731\/CLARE_DALY\/home\">Clare Daly, Independents for Change, Irlanda, The Left (GUE-NGL)<\/a><\/u><\/span><\/p>\n<\/li>\n<li>\n<p class=\"western\" lang=\"es-ES\"><span style=\"color: #000080;\"><u><a href=\"https:\/\/www.europarl.europa.eu\/meps\/en\/197832\/DIANA_RIBA+I+GINER\/home\">Diana Riba i Giner, MEP, ERC, Catalunya, Greens-EFA<\/a><\/u><\/span><\/p>\n<\/li>\n<li>\n<p class=\"western\" lang=\"es-ES\"><span style=\"color: #000080;\"><u><a href=\"https:\/\/www.europarl.europa.eu\/meps\/en\/28586\/DIMITRIOS_PAPADIMOULIS\/home\">Dimitrios Papadimoulis, MEP, Syriza, Grezia, Europar Parlamentuko<\/a><\/u><\/span><\/p>\n<\/li>\n<\/ol>\n<p class=\"western\" lang=\"es-ES\"><span style=\"color: #000080;\"><u><a href=\"https:\/\/www.europarl.europa.eu\/meps\/en\/28586\/DIMITRIOS_PAPADIMOULIS\/home\">lehendakari-ordea, The Left.<\/a><\/u><\/span><\/p>\n<ol start=\"8\">\n<li>\n<p class=\"western\" lang=\"es-ES\"><span style=\"color: #000080;\"><u><a href=\"https:\/\/www.europarl.europa.eu\/meps\/en\/96750\/FRANCOIS_ALFONSI\/home\">Fran\u00e7ois Alfonsi, RPS, Corsica, Greens-EFA<\/a><\/u><\/span><\/p>\n<\/li>\n<li>\n<p class=\"western\" lang=\"es-ES\"><span style=\"color: #000080;\"><u><a href=\"https:\/\/www.europarl.europa.eu\/meps\/en\/197827\/IDOIA_VILLANUEVA+RUIZ\/home\">Idoia Villanueva, Unidas-Podemos, Estatu espainola, The Left (GUE-NGL)<\/a><\/u><\/span><\/p>\n<\/li>\n<li>\n<p class=\"western\" lang=\"es-ES\"><span style=\"color: #000080;\"><u><a href=\"https:\/\/www.europarl.europa.eu\/meps\/en\/185974\/JORDI_SOLE\/home\">Jordi Sol\u00e9, ERC, Catalunya, Greens-EFA<\/a><\/u><\/span><\/p>\n<\/li>\n<li>\n<p class=\"western\" lang=\"es-ES\"><span style=\"color: #000080;\"><u><a href=\"https:\/\/www.europarl.europa.eu\/meps\/en\/197785\/EUGENIA_RODRIGUEZ+PALOP\/home\">Eugenia Rodriguez Palop, Unidas-Podemos, Estatu espainola , The Left (GUE-NGL)<\/a><\/u><\/span><\/p>\n<\/li>\n<li>\n<p class=\"western\" lang=\"es-ES\"><span style=\"color: #000080;\"><u><a href=\"https:\/\/www.europarl.europa.eu\/meps\/en\/131507\/MIGUEL_URBAN+CRESPO\/home\">Miguel Urban Crespo, Anticapitalistas, Estatu espainola, The Left (GUE-NGL)<\/a><\/u><\/span><\/p>\n<\/li>\n<li>\n<p class=\"western\" lang=\"es-ES\"><span style=\"color: #000080;\"><u><a href=\"https:\/\/www.europarl.europa.eu\/meps\/en\/197817\/MICK_WALLACE\/home\">Mick Wallace, Independents for Change, Irlanda, The Left (GUE-NGL)<\/a><\/u><\/span><\/p>\n<\/li>\n<li>\n<p class=\"western\" lang=\"es-ES\"><span style=\"color: #000080;\"><u><a href=\"https:\/\/www.europarl.europa.eu\/meps\/en\/197571\/NIKOLAJ_VILLUMSEN\/home\">Nikolaj Villumsen, Enhedlisten, Danimarka, The Left (GUE-NGL)<\/a><\/u><\/span><\/p>\n<\/li>\n<li>\n<p class=\"western\" lang=\"es-ES\"><span style=\"color: #000080;\"><u><a href=\"https:\/\/www.europarl.europa.eu\/meps\/en\/202352\/ANTONI_COMIN+I+OLIVERES\/home\">Toni Comin i Oliveres, Junts per Europa, Catalunya, Ez-lerrotuak\u00a0<\/a><\/u><\/span><u><\/u><strong><span style=\"font-family: Times New Roman, serif;\"><span style=\"color: #000080;\"><u>ACTUALIZADO:<\/u><\/span><\/span><\/strong><\/p>\n<\/li>\n<li>\n<p class=\"western\" lang=\"es-ES-u-co-trad\"><span style=\"font-family: Times New Roman, serif;\"><span style=\"color: #000080;\"><u><a href=\"https:\/\/www.europarl.europa.eu\/meps\/en\/249285\/LYDIE_MASSARD\/home\">Lydie Massard MEP, RPS, Bretainia, Greens-EFA<\/a><\/u><\/span><\/span><\/p>\n<\/li>\n<li>\n<p class=\"western\" lang=\"es-ES-u-co-trad\"><span style=\"font-family: Times New Roman, serif;\"><span style=\"color: #000080;\"><u><a href=\"https:\/\/www.europarl.europa.eu\/meps\/en\/124992\/MALIN_BJORK\/home\">Malin Bj\u00f6rk MEP, Vansterpartiet, Suedia, The Left<\/a><\/u><\/span><\/span><\/p>\n<\/li>\n<li>\n<p class=\"western\" lang=\"es-ES-u-co-trad\"><span style=\"font-family: Times New Roman, serif;\"><span style=\"color: #000080;\"><u><a href=\"https:\/\/www.europarl.europa.eu\/meps\/en\/96820\/MARISA_MATIAS\/home\">Marisa Matias MEP, Bloco de Esquerda, Portugal, The Left<\/a><\/u><\/span><\/span><\/p>\n<\/li>\n<\/ol>\n\n\t\t<style type=\"text\/css\">\n\t\t\t#gallery-1 {\n\t\t\t\tmargin: auto;\n\t\t\t}\n\t\t\t#gallery-1 .gallery-item {\n\t\t\t\tfloat: left;\n\t\t\t\tmargin-top: 10px;\n\t\t\t\ttext-align: center;\n\t\t\t\twidth: 50%;\n\t\t\t}\n\t\t\t#gallery-1 img {\n\t\t\t\tborder: 2px solid #cfcfcf;\n\t\t\t}\n\t\t\t#gallery-1 .gallery-caption {\n\t\t\t\tmargin-left: 0;\n\t\t\t}\n\t\t\t\/* see gallery_shortcode() in wp-includes\/media.php *\/\n\t\t<\/style>\n\t\t<div id='gallery-1' class='gallery galleryid-5827 gallery-columns-2 gallery-size-full'><dl class='gallery-item'>\n\t\t\t<dt class='gallery-icon landscape'>\n\t\t\t\t<a href='https:\/\/sare.eus\/es\/un-total-de-15-eurodiputados-muestran-su-apoyo-a-la-manifestacion-del-13-de-enero-en-bilbo\/eurodiputatuak-zerrenda-web-01-2\/'><img loading=\"lazy\" decoding=\"async\" width=\"2170\" height=\"730\" src=\"https:\/\/sare.eus\/wp-content\/uploads\/2024\/01\/EURODIPUTATUAK-ZERRENDA-WEB-01.jpg\" class=\"attachment-full size-full\" alt=\"\" srcset=\"https:\/\/sare.eus\/wp-content\/uploads\/2024\/01\/EURODIPUTATUAK-ZERRENDA-WEB-01.jpg 2170w, https:\/\/sare.eus\/wp-content\/uploads\/2024\/01\/EURODIPUTATUAK-ZERRENDA-WEB-01-300x101.jpg 300w, https:\/\/sare.eus\/wp-content\/uploads\/2024\/01\/EURODIPUTATUAK-ZERRENDA-WEB-01-1024x344.jpg 1024w, https:\/\/sare.eus\/wp-content\/uploads\/2024\/01\/EURODIPUTATUAK-ZERRENDA-WEB-01-768x258.jpg 768w, https:\/\/sare.eus\/wp-content\/uploads\/2024\/01\/EURODIPUTATUAK-ZERRENDA-WEB-01-1536x517.jpg 1536w, https:\/\/sare.eus\/wp-content\/uploads\/2024\/01\/EURODIPUTATUAK-ZERRENDA-WEB-01-2048x689.jpg 2048w, https:\/\/sare.eus\/wp-content\/uploads\/2024\/01\/EURODIPUTATUAK-ZERRENDA-WEB-01-1080x363.jpg 1080w\" sizes=\"(max-width: 2170px) 100vw, 2170px\" \/><\/a>\n\t\t\t<\/dt><\/dl><dl class='gallery-item'>\n\t\t\t<dt class='gallery-icon landscape'>\n\t\t\t\t<a href='https:\/\/sare.eus\/es\/un-total-de-15-eurodiputados-muestran-su-apoyo-a-la-manifestacion-del-13-de-enero-en-bilbo\/eurodiputatuak-zerrenda-web-02-2\/'><img loading=\"lazy\" decoding=\"async\" width=\"2170\" height=\"730\" src=\"https:\/\/sare.eus\/wp-content\/uploads\/2024\/01\/EURODIPUTATUAK-ZERRENDA-WEB-02.jpg\" class=\"attachment-full size-full\" alt=\"\" srcset=\"https:\/\/sare.eus\/wp-content\/uploads\/2024\/01\/EURODIPUTATUAK-ZERRENDA-WEB-02.jpg 2170w, https:\/\/sare.eus\/wp-content\/uploads\/2024\/01\/EURODIPUTATUAK-ZERRENDA-WEB-02-300x101.jpg 300w, https:\/\/sare.eus\/wp-content\/uploads\/2024\/01\/EURODIPUTATUAK-ZERRENDA-WEB-02-1024x344.jpg 1024w, https:\/\/sare.eus\/wp-content\/uploads\/2024\/01\/EURODIPUTATUAK-ZERRENDA-WEB-02-768x258.jpg 768w, https:\/\/sare.eus\/wp-content\/uploads\/2024\/01\/EURODIPUTATUAK-ZERRENDA-WEB-02-1536x517.jpg 1536w, https:\/\/sare.eus\/wp-content\/uploads\/2024\/01\/EURODIPUTATUAK-ZERRENDA-WEB-02-2048x689.jpg 2048w, https:\/\/sare.eus\/wp-content\/uploads\/2024\/01\/EURODIPUTATUAK-ZERRENDA-WEB-02-1080x363.jpg 1080w\" sizes=\"(max-width: 2170px) 100vw, 2170px\" \/><\/a>\n\t\t\t<\/dt><\/dl><br style=\"clear: both\" \/><dl class='gallery-item'>\n\t\t\t<dt class='gallery-icon landscape'>\n\t\t\t\t<a href='https:\/\/sare.eus\/es\/un-total-de-15-eurodiputados-muestran-su-apoyo-a-la-manifestacion-del-13-de-enero-en-bilbo\/eurodiputatuak-zerrenda-web-03-2\/'><img loading=\"lazy\" decoding=\"async\" width=\"2170\" height=\"730\" src=\"https:\/\/sare.eus\/wp-content\/uploads\/2024\/01\/EURODIPUTATUAK-ZERRENDA-WEB-03.jpg\" class=\"attachment-full size-full\" alt=\"\" srcset=\"https:\/\/sare.eus\/wp-content\/uploads\/2024\/01\/EURODIPUTATUAK-ZERRENDA-WEB-03.jpg 2170w, https:\/\/sare.eus\/wp-content\/uploads\/2024\/01\/EURODIPUTATUAK-ZERRENDA-WEB-03-300x101.jpg 300w, https:\/\/sare.eus\/wp-content\/uploads\/2024\/01\/EURODIPUTATUAK-ZERRENDA-WEB-03-1024x344.jpg 1024w, https:\/\/sare.eus\/wp-content\/uploads\/2024\/01\/EURODIPUTATUAK-ZERRENDA-WEB-03-768x258.jpg 768w, https:\/\/sare.eus\/wp-content\/uploads\/2024\/01\/EURODIPUTATUAK-ZERRENDA-WEB-03-1536x517.jpg 1536w, https:\/\/sare.eus\/wp-content\/uploads\/2024\/01\/EURODIPUTATUAK-ZERRENDA-WEB-03-2048x689.jpg 2048w, https:\/\/sare.eus\/wp-content\/uploads\/2024\/01\/EURODIPUTATUAK-ZERRENDA-WEB-03-1080x363.jpg 1080w\" sizes=\"(max-width: 2170px) 100vw, 2170px\" \/><\/a>\n\t\t\t<\/dt><\/dl><dl class='gallery-item'>\n\t\t\t<dt class='gallery-icon landscape'>\n\t\t\t\t<a href='https:\/\/sare.eus\/es\/un-total-de-15-eurodiputados-muestran-su-apoyo-a-la-manifestacion-del-13-de-enero-en-bilbo\/eurodiputatuak-zerrenda-web-04-2\/'><img loading=\"lazy\" decoding=\"async\" width=\"2170\" height=\"730\" src=\"https:\/\/sare.eus\/wp-content\/uploads\/2024\/01\/EURODIPUTATUAK-ZERRENDA-WEB-04.jpg\" class=\"attachment-full size-full\" alt=\"\" srcset=\"https:\/\/sare.eus\/wp-content\/uploads\/2024\/01\/EURODIPUTATUAK-ZERRENDA-WEB-04.jpg 2170w, https:\/\/sare.eus\/wp-content\/uploads\/2024\/01\/EURODIPUTATUAK-ZERRENDA-WEB-04-300x101.jpg 300w, https:\/\/sare.eus\/wp-content\/uploads\/2024\/01\/EURODIPUTATUAK-ZERRENDA-WEB-04-1024x344.jpg 1024w, https:\/\/sare.eus\/wp-content\/uploads\/2024\/01\/EURODIPUTATUAK-ZERRENDA-WEB-04-768x258.jpg 768w, https:\/\/sare.eus\/wp-content\/uploads\/2024\/01\/EURODIPUTATUAK-ZERRENDA-WEB-04-1536x517.jpg 1536w, https:\/\/sare.eus\/wp-content\/uploads\/2024\/01\/EURODIPUTATUAK-ZERRENDA-WEB-04-2048x689.jpg 2048w, https:\/\/sare.eus\/wp-content\/uploads\/2024\/01\/EURODIPUTATUAK-ZERRENDA-WEB-04-1080x363.jpg 1080w\" sizes=\"(max-width: 2170px) 100vw, 2170px\" \/><\/a>\n\t\t\t<\/dt><\/dl><br style=\"clear: both\" \/>\n\t\t<\/div>\n\n<p><strong>DOCUMENTO DE ELDH (Abogados Europeos por la Democracia y los Derechos Humanos)\u00a0<\/strong><\/p>\n<p><a href=\"https:\/\/sare.eus\/wp-content\/uploads\/2024\/01\/ELDH_Statement_Basque_Political__Prisoners.pdf\">ELDH_Statement_Basque_Political__Prisoners<\/a><\/p>\n<p><a href=\"https:\/\/sare.eus\/wp-content\/uploads\/2024\/01\/ELDH_Statement_Basque_Political__Prisoners__Basque_.pdf\">ELDH_Statement_Basque_Political__Prisoners__Basque_<\/a><\/p>\n<p><a href=\"https:\/\/sare.eus\/wp-content\/uploads\/2024\/01\/ELDH_Statement_Basque_Political__Prisoners__Spanish_.pdf\">ELDH_Statement_Basque_Political__Prisoners__Spanish_<\/a><\/p>\n","protected":false},"excerpt":{"rendered":"<p>18 eurodiputados y eurodiputadas han mostrado su apoyo, tanto al manifiesto \u201cLlaves para la resoluci\u00f3n\u201d, como a la manifestaci\u00f3n convocada por Sare el pr\u00f3ximo 13 de enero en Bilbo. ELDH [&hellip;]<\/p>\n","protected":false},"author":2,"featured_media":4682,"comment_status":"closed","ping_status":"closed","sticky":false,"template":"","format":"standard","meta":{"_acf_changed":false,"_et_pb_use_builder":"","_et_pb_old_content":"","_et_gb_content_width":"","footnotes":""},"categories":[60],"tags":[],"class_list":["post-5827","post","type-post","status-publish","format-standard","has-post-thumbnail","hentry","category-etxera-es","et-has-post-format-content","et_post_format-et-post-format-standard"],"acf":[],"yoast_head":"<!-- This site is optimized with the Yoast SEO plugin v26.4 - https:\/\/yoast.com\/wordpress\/plugins\/seo\/ -->\n<title>Un total de 18 eurodiputados muestran su apoyo a la manifestaci\u00f3n del 13 de enero en Bilbo - Sare Herritarra<\/title>\n<meta name=\"robots\" content=\"index, follow, max-snippet:-1, max-image-preview:large, max-video-preview:-1\" \/>\n<link rel=\"canonical\" href=\"https:\/\/sare.eus\/es\/un-total-de-15-eurodiputados-muestran-su-apoyo-a-la-manifestacion-del-13-de-enero-en-bilbo\/\" \/>\n<meta property=\"og:locale\" content=\"es_ES\" \/>\n<meta property=\"og:type\" content=\"article\" \/>\n<meta property=\"og:title\" content=\"Un total de 18 eurodiputados muestran su apoyo a la manifestaci\u00f3n del 13 de enero en Bilbo - Sare Herritarra\" \/>\n<meta property=\"og:description\" content=\"18 eurodiputados y eurodiputadas han mostrado su apoyo, tanto al manifiesto \u201cLlaves para la resoluci\u00f3n\u201d, como a la manifestaci\u00f3n convocada por Sare el pr\u00f3ximo 13 de enero en Bilbo. ELDH [&hellip;]\" \/>\n<meta property=\"og:url\" content=\"https:\/\/sare.eus\/es\/un-total-de-15-eurodiputados-muestran-su-apoyo-a-la-manifestacion-del-13-de-enero-en-bilbo\/\" \/>\n<meta property=\"og:site_name\" content=\"Sare Herritarra\" \/>\n<meta property=\"article:published_time\" content=\"2024-01-09T09:03:17+00:00\" \/>\n<meta property=\"article:modified_time\" content=\"2024-01-10T09:23:24+00:00\" \/>\n<meta property=\"og:image\" content=\"https:\/\/sare.eus\/wp-content\/uploads\/2023\/01\/photo_2023-01-07_19-59-05.jpg\" \/>\n\t<meta property=\"og:image:width\" content=\"1280\" \/>\n\t<meta property=\"og:image:height\" content=\"853\" \/>\n\t<meta property=\"og:image:type\" content=\"image\/jpeg\" \/>\n<meta name=\"author\" content=\"sare\" \/>\n<meta name=\"twitter:card\" content=\"summary_large_image\" \/>\n<meta name=\"twitter:label1\" content=\"Escrito por\" \/>\n\t<meta name=\"twitter:data1\" content=\"sare\" \/>\n\t<meta name=\"twitter:label2\" content=\"Tiempo de lectura\" \/>\n\t<meta name=\"twitter:data2\" content=\"2 minutos\" \/>\n<script type=\"application\/ld+json\" class=\"yoast-schema-graph\">{\"@context\":\"https:\/\/schema.org\",\"@graph\":[{\"@type\":\"Article\",\"@id\":\"https:\/\/sare.eus\/es\/un-total-de-15-eurodiputados-muestran-su-apoyo-a-la-manifestacion-del-13-de-enero-en-bilbo\/#article\",\"isPartOf\":{\"@id\":\"https:\/\/sare.eus\/es\/un-total-de-15-eurodiputados-muestran-su-apoyo-a-la-manifestacion-del-13-de-enero-en-bilbo\/\"},\"author\":{\"name\":\"sare\",\"@id\":\"https:\/\/sare.eus\/#\/schema\/person\/2fe6d0df294f56313d3ab236dbe38e17\"},\"headline\":\"Un total de 18 eurodiputados muestran su apoyo a la manifestaci\u00f3n del 13 de enero en Bilbo\",\"datePublished\":\"2024-01-09T09:03:17+00:00\",\"dateModified\":\"2024-01-10T09:23:24+00:00\",\"mainEntityOfPage\":{\"@id\":\"https:\/\/sare.eus\/es\/un-total-de-15-eurodiputados-muestran-su-apoyo-a-la-manifestacion-del-13-de-enero-en-bilbo\/\"},\"wordCount\":401,\"publisher\":{\"@id\":\"https:\/\/sare.eus\/#organization\"},\"image\":{\"@id\":\"https:\/\/sare.eus\/es\/un-total-de-15-eurodiputados-muestran-su-apoyo-a-la-manifestacion-del-13-de-enero-en-bilbo\/#primaryimage\"},\"thumbnailUrl\":\"https:\/\/sare.eus\/wp-content\/uploads\/2023\/01\/photo_2023-01-07_19-59-05.jpg\",\"articleSection\":[\"Etxera\"],\"inLanguage\":\"es\"},{\"@type\":\"WebPage\",\"@id\":\"https:\/\/sare.eus\/es\/un-total-de-15-eurodiputados-muestran-su-apoyo-a-la-manifestacion-del-13-de-enero-en-bilbo\/\",\"url\":\"https:\/\/sare.eus\/es\/un-total-de-15-eurodiputados-muestran-su-apoyo-a-la-manifestacion-del-13-de-enero-en-bilbo\/\",\"name\":\"Un total de 18 eurodiputados muestran su apoyo a la manifestaci\u00f3n del 13 de enero en Bilbo - Sare Herritarra\",\"isPartOf\":{\"@id\":\"https:\/\/sare.eus\/#website\"},\"primaryImageOfPage\":{\"@id\":\"https:\/\/sare.eus\/es\/un-total-de-15-eurodiputados-muestran-su-apoyo-a-la-manifestacion-del-13-de-enero-en-bilbo\/#primaryimage\"},\"image\":{\"@id\":\"https:\/\/sare.eus\/es\/un-total-de-15-eurodiputados-muestran-su-apoyo-a-la-manifestacion-del-13-de-enero-en-bilbo\/#primaryimage\"},\"thumbnailUrl\":\"https:\/\/sare.eus\/wp-content\/uploads\/2023\/01\/photo_2023-01-07_19-59-05.jpg\",\"datePublished\":\"2024-01-09T09:03:17+00:00\",\"dateModified\":\"2024-01-10T09:23:24+00:00\",\"breadcrumb\":{\"@id\":\"https:\/\/sare.eus\/es\/un-total-de-15-eurodiputados-muestran-su-apoyo-a-la-manifestacion-del-13-de-enero-en-bilbo\/#breadcrumb\"},\"inLanguage\":\"es\",\"potentialAction\":[{\"@type\":\"ReadAction\",\"target\":[\"https:\/\/sare.eus\/es\/un-total-de-15-eurodiputados-muestran-su-apoyo-a-la-manifestacion-del-13-de-enero-en-bilbo\/\"]}]},{\"@type\":\"ImageObject\",\"inLanguage\":\"es\",\"@id\":\"https:\/\/sare.eus\/es\/un-total-de-15-eurodiputados-muestran-su-apoyo-a-la-manifestacion-del-13-de-enero-en-bilbo\/#primaryimage\",\"url\":\"https:\/\/sare.eus\/wp-content\/uploads\/2023\/01\/photo_2023-01-07_19-59-05.jpg\",\"contentUrl\":\"https:\/\/sare.eus\/wp-content\/uploads\/2023\/01\/photo_2023-01-07_19-59-05.jpg\",\"width\":1280,\"height\":853},{\"@type\":\"BreadcrumbList\",\"@id\":\"https:\/\/sare.eus\/es\/un-total-de-15-eurodiputados-muestran-su-apoyo-a-la-manifestacion-del-13-de-enero-en-bilbo\/#breadcrumb\",\"itemListElement\":[{\"@type\":\"ListItem\",\"position\":1,\"name\":\"Home\",\"item\":\"https:\/\/sare.eus\/\"},{\"@type\":\"ListItem\",\"position\":2,\"name\":\"Un total de 18 eurodiputados muestran su apoyo a la manifestaci\u00f3n del 13 de enero en Bilbo\"}]},{\"@type\":\"WebSite\",\"@id\":\"https:\/\/sare.eus\/#website\",\"url\":\"https:\/\/sare.eus\/\",\"name\":\"Sare Herritarra\",\"description\":\"KONPONBIDEAREN ETA GIZA ESKUBIDEEN ALDEKO SARE HERRITARRA\",\"publisher\":{\"@id\":\"https:\/\/sare.eus\/#organization\"},\"potentialAction\":[{\"@type\":\"SearchAction\",\"target\":{\"@type\":\"EntryPoint\",\"urlTemplate\":\"https:\/\/sare.eus\/?s={search_term_string}\"},\"query-input\":{\"@type\":\"PropertyValueSpecification\",\"valueRequired\":true,\"valueName\":\"search_term_string\"}}],\"inLanguage\":\"es\"},{\"@type\":\"Organization\",\"@id\":\"https:\/\/sare.eus\/#organization\",\"name\":\"Sare Herritarra\",\"url\":\"https:\/\/sare.eus\/\",\"logo\":{\"@type\":\"ImageObject\",\"inLanguage\":\"es\",\"@id\":\"https:\/\/sare.eus\/#\/schema\/logo\/image\/\",\"url\":\"https:\/\/sare.eus\/wp-content\/uploads\/2021\/08\/sare.png\",\"contentUrl\":\"https:\/\/sare.eus\/wp-content\/uploads\/2021\/08\/sare.png\",\"width\":120,\"height\":142,\"caption\":\"Sare Herritarra\"},\"image\":{\"@id\":\"https:\/\/sare.eus\/#\/schema\/logo\/image\/\"}},{\"@type\":\"Person\",\"@id\":\"https:\/\/sare.eus\/#\/schema\/person\/2fe6d0df294f56313d3ab236dbe38e17\",\"name\":\"sare\",\"image\":{\"@type\":\"ImageObject\",\"inLanguage\":\"es\",\"@id\":\"https:\/\/sare.eus\/#\/schema\/person\/image\/\",\"url\":\"https:\/\/secure.gravatar.com\/avatar\/77cad838677ceb1977e7b3c878b55eaa7fa4aae2158983063b047c3ad7ef2c25?s=96&d=mm&r=g\",\"contentUrl\":\"https:\/\/secure.gravatar.com\/avatar\/77cad838677ceb1977e7b3c878b55eaa7fa4aae2158983063b047c3ad7ef2c25?s=96&d=mm&r=g\",\"caption\":\"sare\"},\"url\":\"https:\/\/sare.eus\/es\/author\/sare\/\"}]}<\/script>\n<!-- \/ Yoast SEO plugin. -->","yoast_head_json":{"title":"Un total de 18 eurodiputados muestran su apoyo a la manifestaci\u00f3n del 13 de enero en Bilbo - Sare Herritarra","robots":{"index":"index","follow":"follow","max-snippet":"max-snippet:-1","max-image-preview":"max-image-preview:large","max-video-preview":"max-video-preview:-1"},"canonical":"https:\/\/sare.eus\/es\/un-total-de-15-eurodiputados-muestran-su-apoyo-a-la-manifestacion-del-13-de-enero-en-bilbo\/","og_locale":"es_ES","og_type":"article","og_title":"Un total de 18 eurodiputados muestran su apoyo a la manifestaci\u00f3n del 13 de enero en Bilbo - Sare Herritarra","og_description":"18 eurodiputados y eurodiputadas han mostrado su apoyo, tanto al manifiesto \u201cLlaves para la resoluci\u00f3n\u201d, como a la manifestaci\u00f3n convocada por Sare el pr\u00f3ximo 13 de enero en Bilbo. ELDH [&hellip;]","og_url":"https:\/\/sare.eus\/es\/un-total-de-15-eurodiputados-muestran-su-apoyo-a-la-manifestacion-del-13-de-enero-en-bilbo\/","og_site_name":"Sare Herritarra","article_published_time":"2024-01-09T09:03:17+00:00","article_modified_time":"2024-01-10T09:23:24+00:00","og_image":[{"width":1280,"height":853,"url":"https:\/\/sare.eus\/wp-content\/uploads\/2023\/01\/photo_2023-01-07_19-59-05.jpg","type":"image\/jpeg"}],"author":"sare","twitter_card":"summary_large_image","twitter_misc":{"Escrito por":"sare","Tiempo de lectura":"2 minutos"},"schema":{"@context":"https:\/\/schema.org","@graph":[{"@type":"Article","@id":"https:\/\/sare.eus\/es\/un-total-de-15-eurodiputados-muestran-su-apoyo-a-la-manifestacion-del-13-de-enero-en-bilbo\/#article","isPartOf":{"@id":"https:\/\/sare.eus\/es\/un-total-de-15-eurodiputados-muestran-su-apoyo-a-la-manifestacion-del-13-de-enero-en-bilbo\/"},"author":{"name":"sare","@id":"https:\/\/sare.eus\/#\/schema\/person\/2fe6d0df294f56313d3ab236dbe38e17"},"headline":"Un total de 18 eurodiputados muestran su apoyo a la manifestaci\u00f3n del 13 de enero en Bilbo","datePublished":"2024-01-09T09:03:17+00:00","dateModified":"2024-01-10T09:23:24+00:00","mainEntityOfPage":{"@id":"https:\/\/sare.eus\/es\/un-total-de-15-eurodiputados-muestran-su-apoyo-a-la-manifestacion-del-13-de-enero-en-bilbo\/"},"wordCount":401,"publisher":{"@id":"https:\/\/sare.eus\/#organization"},"image":{"@id":"https:\/\/sare.eus\/es\/un-total-de-15-eurodiputados-muestran-su-apoyo-a-la-manifestacion-del-13-de-enero-en-bilbo\/#primaryimage"},"thumbnailUrl":"https:\/\/sare.eus\/wp-content\/uploads\/2023\/01\/photo_2023-01-07_19-59-05.jpg","articleSection":["Etxera"],"inLanguage":"es"},{"@type":"WebPage","@id":"https:\/\/sare.eus\/es\/un-total-de-15-eurodiputados-muestran-su-apoyo-a-la-manifestacion-del-13-de-enero-en-bilbo\/","url":"https:\/\/sare.eus\/es\/un-total-de-15-eurodiputados-muestran-su-apoyo-a-la-manifestacion-del-13-de-enero-en-bilbo\/","name":"Un total de 18 eurodiputados muestran su apoyo a la manifestaci\u00f3n del 13 de enero en Bilbo - Sare Herritarra","isPartOf":{"@id":"https:\/\/sare.eus\/#website"},"primaryImageOfPage":{"@id":"https:\/\/sare.eus\/es\/un-total-de-15-eurodiputados-muestran-su-apoyo-a-la-manifestacion-del-13-de-enero-en-bilbo\/#primaryimage"},"image":{"@id":"https:\/\/sare.eus\/es\/un-total-de-15-eurodiputados-muestran-su-apoyo-a-la-manifestacion-del-13-de-enero-en-bilbo\/#primaryimage"},"thumbnailUrl":"https:\/\/sare.eus\/wp-content\/uploads\/2023\/01\/photo_2023-01-07_19-59-05.jpg","datePublished":"2024-01-09T09:03:17+00:00","dateModified":"2024-01-10T09:23:24+00:00","breadcrumb":{"@id":"https:\/\/sare.eus\/es\/un-total-de-15-eurodiputados-muestran-su-apoyo-a-la-manifestacion-del-13-de-enero-en-bilbo\/#breadcrumb"},"inLanguage":"es","potentialAction":[{"@type":"ReadAction","target":["https:\/\/sare.eus\/es\/un-total-de-15-eurodiputados-muestran-su-apoyo-a-la-manifestacion-del-13-de-enero-en-bilbo\/"]}]},{"@type":"ImageObject","inLanguage":"es","@id":"https:\/\/sare.eus\/es\/un-total-de-15-eurodiputados-muestran-su-apoyo-a-la-manifestacion-del-13-de-enero-en-bilbo\/#primaryimage","url":"https:\/\/sare.eus\/wp-content\/uploads\/2023\/01\/photo_2023-01-07_19-59-05.jpg","contentUrl":"https:\/\/sare.eus\/wp-content\/uploads\/2023\/01\/photo_2023-01-07_19-59-05.jpg","width":1280,"height":853},{"@type":"BreadcrumbList","@id":"https:\/\/sare.eus\/es\/un-total-de-15-eurodiputados-muestran-su-apoyo-a-la-manifestacion-del-13-de-enero-en-bilbo\/#breadcrumb","itemListElement":[{"@type":"ListItem","position":1,"name":"Home","item":"https:\/\/sare.eus\/"},{"@type":"ListItem","position":2,"name":"Un total de 18 eurodiputados muestran su apoyo a la manifestaci\u00f3n del 13 de enero en Bilbo"}]},{"@type":"WebSite","@id":"https:\/\/sare.eus\/#website","url":"https:\/\/sare.eus\/","name":"Sare Herritarra","description":"KONPONBIDEAREN ETA GIZA ESKUBIDEEN ALDEKO SARE HERRITARRA","publisher":{"@id":"https:\/\/sare.eus\/#organization"},"potentialAction":[{"@type":"SearchAction","target":{"@type":"EntryPoint","urlTemplate":"https:\/\/sare.eus\/?s={search_term_string}"},"query-input":{"@type":"PropertyValueSpecification","valueRequired":true,"valueName":"search_term_string"}}],"inLanguage":"es"},{"@type":"Organization","@id":"https:\/\/sare.eus\/#organization","name":"Sare Herritarra","url":"https:\/\/sare.eus\/","logo":{"@type":"ImageObject","inLanguage":"es","@id":"https:\/\/sare.eus\/#\/schema\/logo\/image\/","url":"https:\/\/sare.eus\/wp-content\/uploads\/2021\/08\/sare.png","contentUrl":"https:\/\/sare.eus\/wp-content\/uploads\/2021\/08\/sare.png","width":120,"height":142,"caption":"Sare Herritarra"},"image":{"@id":"https:\/\/sare.eus\/#\/schema\/logo\/image\/"}},{"@type":"Person","@id":"https:\/\/sare.eus\/#\/schema\/person\/2fe6d0df294f56313d3ab236dbe38e17","name":"sare","image":{"@type":"ImageObject","inLanguage":"es","@id":"https:\/\/sare.eus\/#\/schema\/person\/image\/","url":"https:\/\/secure.gravatar.com\/avatar\/77cad838677ceb1977e7b3c878b55eaa7fa4aae2158983063b047c3ad7ef2c25?s=96&d=mm&r=g","contentUrl":"https:\/\/secure.gravatar.com\/avatar\/77cad838677ceb1977e7b3c878b55eaa7fa4aae2158983063b047c3ad7ef2c25?s=96&d=mm&r=g","caption":"sare"},"url":"https:\/\/sare.eus\/es\/author\/sare\/"}]}},"_links":{"self":[{"href":"https:\/\/sare.eus\/es\/wp-json\/wp\/v2\/posts\/5827","targetHints":{"allow":["GET"]}}],"collection":[{"href":"https:\/\/sare.eus\/es\/wp-json\/wp\/v2\/posts"}],"about":[{"href":"https:\/\/sare.eus\/es\/wp-json\/wp\/v2\/types\/post"}],"author":[{"embeddable":true,"href":"https:\/\/sare.eus\/es\/wp-json\/wp\/v2\/users\/2"}],"replies":[{"embeddable":true,"href":"https:\/\/sare.eus\/es\/wp-json\/wp\/v2\/comments?post=5827"}],"version-history":[{"count":6,"href":"https:\/\/sare.eus\/es\/wp-json\/wp\/v2\/posts\/5827\/revisions"}],"predecessor-version":[{"id":5853,"href":"https:\/\/sare.eus\/es\/wp-json\/wp\/v2\/posts\/5827\/revisions\/5853"}],"wp:featuredmedia":[{"embeddable":true,"href":"https:\/\/sare.eus\/es\/wp-json\/wp\/v2\/media\/4682"}],"wp:attachment":[{"href":"https:\/\/sare.eus\/es\/wp-json\/wp\/v2\/media?parent=5827"}],"wp:term":[{"taxonomy":"category","embeddable":true,"href":"https:\/\/sare.eus\/es\/wp-json\/wp\/v2\/categories?post=5827"},{"taxonomy":"post_tag","embeddable":true,"href":"https:\/\/sare.eus\/es\/wp-json\/wp\/v2\/tags?post=5827"}],"curies":[{"name":"wp","href":"https:\/\/api.w.org\/{rel}","templated":true}]}}