{"id":5685,"date":"2023-12-22T11:38:47","date_gmt":"2023-12-22T11:38:47","guid":{"rendered":"https:\/\/sare.eus\/?p=5685"},"modified":"2023-12-22T11:41:15","modified_gmt":"2023-12-22T11:41:15","slug":"urtarrilak13lacasilla","status":"publish","type":"post","link":"https:\/\/sare.eus\/es\/urtarrilak13lacasilla\/","title":{"rendered":"Adelantamos una hora la manifestaci\u00f3n del 13 de enero que saldr\u00e1 desde La Casilla a las 16:00"},"content":{"rendered":"<blockquote><p>Os hemos convocado a esta rueda de prensa para anunciar un cambio importante en cuanto al horario de la manifestaci\u00f3n que vamos a realizar el pr\u00f3ximo 13 de enero en Bilbao bajo el lema \u201cKonponbiderako Giltzak, Llaves para la resoluci\u00f3n\u00bb. Este lunes tuvimos conocimiento de que el 13 de enero en Bilbao, casi a la misma hora, tendr\u00e1n lugar dos actos multitudinarios; la manifestaci\u00f3n que re\u00fane cada a\u00f1o a miles de ciudadanos y ciudadanas, y el derbi entre el Athletic y la Real, que tambi\u00e9n reunir\u00e1 a miles de aficionados y aficionadas. Tras muchas vueltas, contrastes con la Polic\u00eda Municipal, clubes de f\u00fatbol y otros agentes, y por diversas razones que comentaremos a continuaci\u00f3n, hemos decidido adelantar una hora la manifestaci\u00f3n. <strong>As\u00ed, el 13 de enero iniciaremos la movilizaci\u00f3n a las 16:00 horas desde La Casilla.<\/strong><\/p><\/blockquote>\n<p>No ha sido una decisi\u00f3n f\u00e1cil. Sabemos que supone un esfuerzo tanto a los implicados en la organizaci\u00f3n, como a todos y todas las ciudadanas que participan en esta movilizaci\u00f3n. Pero, por un lado, los problemas t\u00e9cnicos y log\u00edsticos que pod\u00eda acarrear la confluencia de ambas convocatorias y, por otro lado, el deseo de ofrecer esta oportunidad a miles de ciudadanos y ciudadanas que desean estar presente en una u otra iniciativa, hemos apostado por hacer ese peque\u00f1o esfuerzo. Porque ser flexible ante estas situaciones y dar pasos a favor de ofrecer oportunidades para todos, lo entendemos en el marco de la convivencia, siendo como somos parte del pa\u00eds, buscando y creando una situaci\u00f3n beneficiosa para todos y todas.<\/p>\n<p>Por esta raz\u00f3n, se ha optado por que los dos eventos no sean un choque entre s\u00ed, y que, en consecuencia, la ciudadan\u00eda no se vea en la situaci\u00f3n de tener que tomar una u otra decisi\u00f3n, y que aquellos que deseen participar en ambos eventos, puedan hacerlo. Somos conscientes de que la decisi\u00f3n puede generar sorpresa o duda entre los ciudadanos y ciudadanas que se han acercado a\u00f1o tras a\u00f1o a Bilbao, pero creemos que las razones que nos han llevado a tomar esta decisi\u00f3n son comprensivas y esperamos que as\u00ed sea.<\/p>\n<p><img loading=\"lazy\" decoding=\"async\" class=\"alignleft wp-image-5688\" src=\"https:\/\/sare.eus\/wp-content\/uploads\/2023\/12\/KARTELA_MANI_web-214x300.jpg\" alt=\"\" width=\"400\" height=\"562\" srcset=\"https:\/\/sare.eus\/wp-content\/uploads\/2023\/12\/KARTELA_MANI_web-214x300.jpg 214w, https:\/\/sare.eus\/wp-content\/uploads\/2023\/12\/KARTELA_MANI_web-729x1024.jpg 729w, https:\/\/sare.eus\/wp-content\/uploads\/2023\/12\/KARTELA_MANI_web-768x1078.jpg 768w, https:\/\/sare.eus\/wp-content\/uploads\/2023\/12\/KARTELA_MANI_web-1094x1536.jpg 1094w, https:\/\/sare.eus\/wp-content\/uploads\/2023\/12\/KARTELA_MANI_web-1459x2048.jpg 1459w, https:\/\/sare.eus\/wp-content\/uploads\/2023\/12\/KARTELA_MANI_web-1080x1516.jpg 1080w, https:\/\/sare.eus\/wp-content\/uploads\/2023\/12\/KARTELA_MANI_web-scaled.jpg 1823w\" sizes=\"(max-width: 400px) 100vw, 400px\" \/>Los objetivos marcados el 13 de enero en Bilbao siguen siendo los mismos: llenar la calle de miles de personas que con su presencia en esta manifestaci\u00f3n hacen palpable su apuesta por la convivencia y el fin de las excepcionalidades que se contin\u00faan aplicando a los presos y presas vascos. <strong>Esperamos que el cambio de horario nos ayude a cumplir estos objetivos, evitando los problemas de colapso y llegada que se producir\u00edan en el caso de que coincidiesen ambas iniciativas, ofreciendo a todas las personas que quieran participar en ambas iniciativas la oportunidad de hacerlo, y no ser un impedimento, sino una apuesta de colaboraci\u00f3n.<\/strong><\/p>\n<p>Sare, reitera el llamamiento al conjunto de la sociedad vasca, para que nuevamente acuda a Bilbo, el pr\u00f3ximo 13 de enero y caminemos juntos y juntas, en favor de la resoluci\u00f3n y la convivencia. Para ello, es necesario posibilitar a trav\u00e9s de la aplicaci\u00f3n de la legislaci\u00f3n ordinaria el regreso a casa de los presos\/as, refugiados y deportados vascos, haciendo compatible todo ello, con el total respeto a todas las victimas de las violencias, desde el reconocimiento de su dolor y la necesidad de la reparaci\u00f3n del da\u00f1o causado.<\/p>\n<p>\u2022 La manifestaci\u00f3n de Sare partir\u00e1, por lo tanto, a las 16:00 horas de La Casilla, para pasar por Autonom\u00eda, Zabalburu, Hurtado de Amezaga, Plaza Circular, Buenos Aires y finalizar en el Ayuntamiento de Bilbao.<\/p>\n<p>\u2022 A las 15,30 horas, los representantes de las organizaciones invitadas a esta manifestaci\u00f3n, atender\u00e1n a los medios de comunicaci\u00f3n, en el quiosco de la Casilla.<\/p>\n<p>\u2022 El lema de la movilizaci\u00f3n ser\u00e1 \u201cKonponbiderako giltzak. Llaves para la resoluci\u00f3n\u201c.<\/p>\n<p>\u2022 En la pancarta de inicio, junto a los portavoces de Sare, Bego\u00f1a Atxa y Joseba Azkarraga, se situar\u00e1n firmantes del manifiesto que aboga por la resoluci\u00f3n y otras personas conocidas de diversos \u00e1mbitos de la sociedad vasca.<\/p>\n<p>\u2022 Los portavoces de Sare realizar\u00e1n declaraciones cuando la manifestaci\u00f3n llegue a Zabalburu.<\/p>\n<p>\u2022 El mensaje final ser\u00e1 le\u00eddo en las escalinatas del Ayuntamiento de Bilbao.<\/p>\n<p>\u2022 Para acabar a\u00f1adir que el ambiente que vamos a tener en las calles de Bilbo ser\u00e1 espectacular y nosotros, desde Sare tambi\u00e9n queremos contribuir a ello: zanpantzar, Elektrotxaranga, trikitilaris, \u2026 dar\u00e1n colorido y alegr\u00eda a un s\u00e1bado lleno de reivindicaci\u00f3n.<\/p>\n<p><strong><em>Nos veremos el 13 de Enero en Bilbo a las 16:00 en La Casilla.<\/em><\/strong><\/p>\n","protected":false},"excerpt":{"rendered":"<p>Os hemos convocado a esta rueda de prensa para anunciar un cambio importante en cuanto al horario de la manifestaci\u00f3n que vamos a realizar el pr\u00f3ximo 13 de enero en [&hellip;]<\/p>\n","protected":false},"author":2,"featured_media":5698,"comment_status":"closed","ping_status":"closed","sticky":false,"template":"","format":"standard","meta":{"_acf_changed":false,"_et_pb_use_builder":"","_et_pb_old_content":"","_et_gb_content_width":"","footnotes":""},"categories":[60],"tags":[],"class_list":["post-5685","post","type-post","status-publish","format-standard","has-post-thumbnail","hentry","category-etxera-es","et-has-post-format-content","et_post_format-et-post-format-standard"],"acf":[],"yoast_head":"<!-- This site is optimized with the Yoast SEO plugin v26.4 - https:\/\/yoast.com\/wordpress\/plugins\/seo\/ -->\n<title>Adelantamos una hora la manifestaci\u00f3n del 13 de enero que saldr\u00e1 desde La Casilla a las 16:00 - Sare Herritarra<\/title>\n<meta name=\"robots\" content=\"index, follow, max-snippet:-1, max-image-preview:large, max-video-preview:-1\" \/>\n<link rel=\"canonical\" href=\"https:\/\/sare.eus\/es\/urtarrilak13lacasilla\/\" \/>\n<meta property=\"og:locale\" content=\"es_ES\" \/>\n<meta property=\"og:type\" content=\"article\" \/>\n<meta property=\"og:title\" content=\"Adelantamos una hora la manifestaci\u00f3n del 13 de enero que saldr\u00e1 desde La Casilla a las 16:00 - Sare Herritarra\" \/>\n<meta property=\"og:description\" content=\"Os hemos convocado a esta rueda de prensa para anunciar un cambio importante en cuanto al horario de la manifestaci\u00f3n que vamos a realizar el pr\u00f3ximo 13 de enero en [&hellip;]\" \/>\n<meta property=\"og:url\" content=\"https:\/\/sare.eus\/es\/urtarrilak13lacasilla\/\" \/>\n<meta property=\"og:site_name\" content=\"Sare Herritarra\" \/>\n<meta property=\"article:published_time\" content=\"2023-12-22T11:38:47+00:00\" \/>\n<meta property=\"article:modified_time\" content=\"2023-12-22T11:41:15+00:00\" \/>\n<meta property=\"og:image\" content=\"https:\/\/sare.eus\/wp-content\/uploads\/2023\/12\/IMG_20231222_124006-scaled.jpg\" \/>\n\t<meta property=\"og:image:width\" content=\"2560\" \/>\n\t<meta property=\"og:image:height\" content=\"1920\" \/>\n\t<meta property=\"og:image:type\" content=\"image\/jpeg\" \/>\n<meta name=\"author\" content=\"sare\" \/>\n<meta name=\"twitter:card\" content=\"summary_large_image\" \/>\n<meta name=\"twitter:label1\" content=\"Escrito por\" \/>\n\t<meta name=\"twitter:data1\" content=\"sare\" \/>\n\t<meta name=\"twitter:label2\" content=\"Tiempo de lectura\" \/>\n\t<meta name=\"twitter:data2\" content=\"4 minutos\" \/>\n<script type=\"application\/ld+json\" class=\"yoast-schema-graph\">{\"@context\":\"https:\/\/schema.org\",\"@graph\":[{\"@type\":\"Article\",\"@id\":\"https:\/\/sare.eus\/es\/urtarrilak13lacasilla\/#article\",\"isPartOf\":{\"@id\":\"https:\/\/sare.eus\/es\/urtarrilak13lacasilla\/\"},\"author\":{\"name\":\"sare\",\"@id\":\"https:\/\/sare.eus\/#\/schema\/person\/2fe6d0df294f56313d3ab236dbe38e17\"},\"headline\":\"Adelantamos una hora la manifestaci\u00f3n del 13 de enero que saldr\u00e1 desde La Casilla a las 16:00\",\"datePublished\":\"2023-12-22T11:38:47+00:00\",\"dateModified\":\"2023-12-22T11:41:15+00:00\",\"mainEntityOfPage\":{\"@id\":\"https:\/\/sare.eus\/es\/urtarrilak13lacasilla\/\"},\"wordCount\":795,\"publisher\":{\"@id\":\"https:\/\/sare.eus\/#organization\"},\"image\":{\"@id\":\"https:\/\/sare.eus\/es\/urtarrilak13lacasilla\/#primaryimage\"},\"thumbnailUrl\":\"https:\/\/sare.eus\/wp-content\/uploads\/2023\/12\/IMG_20231222_124006-scaled.jpg\",\"articleSection\":[\"Etxera\"],\"inLanguage\":\"es\"},{\"@type\":\"WebPage\",\"@id\":\"https:\/\/sare.eus\/es\/urtarrilak13lacasilla\/\",\"url\":\"https:\/\/sare.eus\/es\/urtarrilak13lacasilla\/\",\"name\":\"Adelantamos una hora la manifestaci\u00f3n del 13 de enero que saldr\u00e1 desde La Casilla a las 16:00 - Sare Herritarra\",\"isPartOf\":{\"@id\":\"https:\/\/sare.eus\/#website\"},\"primaryImageOfPage\":{\"@id\":\"https:\/\/sare.eus\/es\/urtarrilak13lacasilla\/#primaryimage\"},\"image\":{\"@id\":\"https:\/\/sare.eus\/es\/urtarrilak13lacasilla\/#primaryimage\"},\"thumbnailUrl\":\"https:\/\/sare.eus\/wp-content\/uploads\/2023\/12\/IMG_20231222_124006-scaled.jpg\",\"datePublished\":\"2023-12-22T11:38:47+00:00\",\"dateModified\":\"2023-12-22T11:41:15+00:00\",\"breadcrumb\":{\"@id\":\"https:\/\/sare.eus\/es\/urtarrilak13lacasilla\/#breadcrumb\"},\"inLanguage\":\"es\",\"potentialAction\":[{\"@type\":\"ReadAction\",\"target\":[\"https:\/\/sare.eus\/es\/urtarrilak13lacasilla\/\"]}]},{\"@type\":\"ImageObject\",\"inLanguage\":\"es\",\"@id\":\"https:\/\/sare.eus\/es\/urtarrilak13lacasilla\/#primaryimage\",\"url\":\"https:\/\/sare.eus\/wp-content\/uploads\/2023\/12\/IMG_20231222_124006-scaled.jpg\",\"contentUrl\":\"https:\/\/sare.eus\/wp-content\/uploads\/2023\/12\/IMG_20231222_124006-scaled.jpg\",\"width\":2560,\"height\":1920},{\"@type\":\"BreadcrumbList\",\"@id\":\"https:\/\/sare.eus\/es\/urtarrilak13lacasilla\/#breadcrumb\",\"itemListElement\":[{\"@type\":\"ListItem\",\"position\":1,\"name\":\"Home\",\"item\":\"https:\/\/sare.eus\/\"},{\"@type\":\"ListItem\",\"position\":2,\"name\":\"Adelantamos una hora la manifestaci\u00f3n del 13 de enero que saldr\u00e1 desde La Casilla a las 16:00\"}]},{\"@type\":\"WebSite\",\"@id\":\"https:\/\/sare.eus\/#website\",\"url\":\"https:\/\/sare.eus\/\",\"name\":\"Sare Herritarra\",\"description\":\"KONPONBIDEAREN ETA GIZA ESKUBIDEEN ALDEKO SARE HERRITARRA\",\"publisher\":{\"@id\":\"https:\/\/sare.eus\/#organization\"},\"potentialAction\":[{\"@type\":\"SearchAction\",\"target\":{\"@type\":\"EntryPoint\",\"urlTemplate\":\"https:\/\/sare.eus\/?s={search_term_string}\"},\"query-input\":{\"@type\":\"PropertyValueSpecification\",\"valueRequired\":true,\"valueName\":\"search_term_string\"}}],\"inLanguage\":\"es\"},{\"@type\":\"Organization\",\"@id\":\"https:\/\/sare.eus\/#organization\",\"name\":\"Sare Herritarra\",\"url\":\"https:\/\/sare.eus\/\",\"logo\":{\"@type\":\"ImageObject\",\"inLanguage\":\"es\",\"@id\":\"https:\/\/sare.eus\/#\/schema\/logo\/image\/\",\"url\":\"https:\/\/sare.eus\/wp-content\/uploads\/2021\/08\/sare.png\",\"contentUrl\":\"https:\/\/sare.eus\/wp-content\/uploads\/2021\/08\/sare.png\",\"width\":120,\"height\":142,\"caption\":\"Sare Herritarra\"},\"image\":{\"@id\":\"https:\/\/sare.eus\/#\/schema\/logo\/image\/\"}},{\"@type\":\"Person\",\"@id\":\"https:\/\/sare.eus\/#\/schema\/person\/2fe6d0df294f56313d3ab236dbe38e17\",\"name\":\"sare\",\"image\":{\"@type\":\"ImageObject\",\"inLanguage\":\"es\",\"@id\":\"https:\/\/sare.eus\/#\/schema\/person\/image\/\",\"url\":\"https:\/\/secure.gravatar.com\/avatar\/77cad838677ceb1977e7b3c878b55eaa7fa4aae2158983063b047c3ad7ef2c25?s=96&d=mm&r=g\",\"contentUrl\":\"https:\/\/secure.gravatar.com\/avatar\/77cad838677ceb1977e7b3c878b55eaa7fa4aae2158983063b047c3ad7ef2c25?s=96&d=mm&r=g\",\"caption\":\"sare\"},\"url\":\"https:\/\/sare.eus\/es\/author\/sare\/\"}]}<\/script>\n<!-- \/ Yoast SEO plugin. -->","yoast_head_json":{"title":"Adelantamos una hora la manifestaci\u00f3n del 13 de enero que saldr\u00e1 desde La Casilla a las 16:00 - Sare Herritarra","robots":{"index":"index","follow":"follow","max-snippet":"max-snippet:-1","max-image-preview":"max-image-preview:large","max-video-preview":"max-video-preview:-1"},"canonical":"https:\/\/sare.eus\/es\/urtarrilak13lacasilla\/","og_locale":"es_ES","og_type":"article","og_title":"Adelantamos una hora la manifestaci\u00f3n del 13 de enero que saldr\u00e1 desde La Casilla a las 16:00 - Sare Herritarra","og_description":"Os hemos convocado a esta rueda de prensa para anunciar un cambio importante en cuanto al horario de la manifestaci\u00f3n que vamos a realizar el pr\u00f3ximo 13 de enero en [&hellip;]","og_url":"https:\/\/sare.eus\/es\/urtarrilak13lacasilla\/","og_site_name":"Sare Herritarra","article_published_time":"2023-12-22T11:38:47+00:00","article_modified_time":"2023-12-22T11:41:15+00:00","og_image":[{"width":2560,"height":1920,"url":"https:\/\/sare.eus\/wp-content\/uploads\/2023\/12\/IMG_20231222_124006-scaled.jpg","type":"image\/jpeg"}],"author":"sare","twitter_card":"summary_large_image","twitter_misc":{"Escrito por":"sare","Tiempo de lectura":"4 minutos"},"schema":{"@context":"https:\/\/schema.org","@graph":[{"@type":"Article","@id":"https:\/\/sare.eus\/es\/urtarrilak13lacasilla\/#article","isPartOf":{"@id":"https:\/\/sare.eus\/es\/urtarrilak13lacasilla\/"},"author":{"name":"sare","@id":"https:\/\/sare.eus\/#\/schema\/person\/2fe6d0df294f56313d3ab236dbe38e17"},"headline":"Adelantamos una hora la manifestaci\u00f3n del 13 de enero que saldr\u00e1 desde La Casilla a las 16:00","datePublished":"2023-12-22T11:38:47+00:00","dateModified":"2023-12-22T11:41:15+00:00","mainEntityOfPage":{"@id":"https:\/\/sare.eus\/es\/urtarrilak13lacasilla\/"},"wordCount":795,"publisher":{"@id":"https:\/\/sare.eus\/#organization"},"image":{"@id":"https:\/\/sare.eus\/es\/urtarrilak13lacasilla\/#primaryimage"},"thumbnailUrl":"https:\/\/sare.eus\/wp-content\/uploads\/2023\/12\/IMG_20231222_124006-scaled.jpg","articleSection":["Etxera"],"inLanguage":"es"},{"@type":"WebPage","@id":"https:\/\/sare.eus\/es\/urtarrilak13lacasilla\/","url":"https:\/\/sare.eus\/es\/urtarrilak13lacasilla\/","name":"Adelantamos una hora la manifestaci\u00f3n del 13 de enero que saldr\u00e1 desde La Casilla a las 16:00 - Sare Herritarra","isPartOf":{"@id":"https:\/\/sare.eus\/#website"},"primaryImageOfPage":{"@id":"https:\/\/sare.eus\/es\/urtarrilak13lacasilla\/#primaryimage"},"image":{"@id":"https:\/\/sare.eus\/es\/urtarrilak13lacasilla\/#primaryimage"},"thumbnailUrl":"https:\/\/sare.eus\/wp-content\/uploads\/2023\/12\/IMG_20231222_124006-scaled.jpg","datePublished":"2023-12-22T11:38:47+00:00","dateModified":"2023-12-22T11:41:15+00:00","breadcrumb":{"@id":"https:\/\/sare.eus\/es\/urtarrilak13lacasilla\/#breadcrumb"},"inLanguage":"es","potentialAction":[{"@type":"ReadAction","target":["https:\/\/sare.eus\/es\/urtarrilak13lacasilla\/"]}]},{"@type":"ImageObject","inLanguage":"es","@id":"https:\/\/sare.eus\/es\/urtarrilak13lacasilla\/#primaryimage","url":"https:\/\/sare.eus\/wp-content\/uploads\/2023\/12\/IMG_20231222_124006-scaled.jpg","contentUrl":"https:\/\/sare.eus\/wp-content\/uploads\/2023\/12\/IMG_20231222_124006-scaled.jpg","width":2560,"height":1920},{"@type":"BreadcrumbList","@id":"https:\/\/sare.eus\/es\/urtarrilak13lacasilla\/#breadcrumb","itemListElement":[{"@type":"ListItem","position":1,"name":"Home","item":"https:\/\/sare.eus\/"},{"@type":"ListItem","position":2,"name":"Adelantamos una hora la manifestaci\u00f3n del 13 de enero que saldr\u00e1 desde La Casilla a las 16:00"}]},{"@type":"WebSite","@id":"https:\/\/sare.eus\/#website","url":"https:\/\/sare.eus\/","name":"Sare Herritarra","description":"KONPONBIDEAREN ETA GIZA ESKUBIDEEN ALDEKO SARE HERRITARRA","publisher":{"@id":"https:\/\/sare.eus\/#organization"},"potentialAction":[{"@type":"SearchAction","target":{"@type":"EntryPoint","urlTemplate":"https:\/\/sare.eus\/?s={search_term_string}"},"query-input":{"@type":"PropertyValueSpecification","valueRequired":true,"valueName":"search_term_string"}}],"inLanguage":"es"},{"@type":"Organization","@id":"https:\/\/sare.eus\/#organization","name":"Sare Herritarra","url":"https:\/\/sare.eus\/","logo":{"@type":"ImageObject","inLanguage":"es","@id":"https:\/\/sare.eus\/#\/schema\/logo\/image\/","url":"https:\/\/sare.eus\/wp-content\/uploads\/2021\/08\/sare.png","contentUrl":"https:\/\/sare.eus\/wp-content\/uploads\/2021\/08\/sare.png","width":120,"height":142,"caption":"Sare Herritarra"},"image":{"@id":"https:\/\/sare.eus\/#\/schema\/logo\/image\/"}},{"@type":"Person","@id":"https:\/\/sare.eus\/#\/schema\/person\/2fe6d0df294f56313d3ab236dbe38e17","name":"sare","image":{"@type":"ImageObject","inLanguage":"es","@id":"https:\/\/sare.eus\/#\/schema\/person\/image\/","url":"https:\/\/secure.gravatar.com\/avatar\/77cad838677ceb1977e7b3c878b55eaa7fa4aae2158983063b047c3ad7ef2c25?s=96&d=mm&r=g","contentUrl":"https:\/\/secure.gravatar.com\/avatar\/77cad838677ceb1977e7b3c878b55eaa7fa4aae2158983063b047c3ad7ef2c25?s=96&d=mm&r=g","caption":"sare"},"url":"https:\/\/sare.eus\/es\/author\/sare\/"}]}},"_links":{"self":[{"href":"https:\/\/sare.eus\/es\/wp-json\/wp\/v2\/posts\/5685","targetHints":{"allow":["GET"]}}],"collection":[{"href":"https:\/\/sare.eus\/es\/wp-json\/wp\/v2\/posts"}],"about":[{"href":"https:\/\/sare.eus\/es\/wp-json\/wp\/v2\/types\/post"}],"author":[{"embeddable":true,"href":"https:\/\/sare.eus\/es\/wp-json\/wp\/v2\/users\/2"}],"replies":[{"embeddable":true,"href":"https:\/\/sare.eus\/es\/wp-json\/wp\/v2\/comments?post=5685"}],"version-history":[{"count":5,"href":"https:\/\/sare.eus\/es\/wp-json\/wp\/v2\/posts\/5685\/revisions"}],"predecessor-version":[{"id":5692,"href":"https:\/\/sare.eus\/es\/wp-json\/wp\/v2\/posts\/5685\/revisions\/5692"}],"wp:featuredmedia":[{"embeddable":true,"href":"https:\/\/sare.eus\/es\/wp-json\/wp\/v2\/media\/5698"}],"wp:attachment":[{"href":"https:\/\/sare.eus\/es\/wp-json\/wp\/v2\/media?parent=5685"}],"wp:term":[{"taxonomy":"category","embeddable":true,"href":"https:\/\/sare.eus\/es\/wp-json\/wp\/v2\/categories?post=5685"},{"taxonomy":"post_tag","embeddable":true,"href":"https:\/\/sare.eus\/es\/wp-json\/wp\/v2\/tags?post=5685"}],"curies":[{"name":"wp","href":"https:\/\/api.w.org\/{rel}","templated":true}]}}