{"id":5675,"date":"2023-12-20T15:30:28","date_gmt":"2023-12-20T15:30:28","guid":{"rendered":"https:\/\/sare.eus\/langileok-ere-konponbiderako-giltza\/"},"modified":"2023-12-21T15:35:15","modified_gmt":"2023-12-21T15:35:15","slug":"langileok-ere-konponbiderako-giltza","status":"publish","type":"post","link":"https:\/\/sare.eus\/es\/langileok-ere-konponbiderako-giltza\/","title":{"rendered":"La mayor\u00eda sindical vasca se moviliza con el lema: \u00abLangileok ere KONPONBIDERAKO GILTZA!\u00bb"},"content":{"rendered":"<p>Los representantes de los y las trabajadoras vascas que hemos salido hoy a la calle en Iru\u00f1ea, Gasteiz, Donostia y Bilbo, lo hacemos para mostrar p\u00fablicamente nuestro apoyo a la din\u00e1mica \u201cKonponbiderako Giltzak-Llaves para la resoluci\u00f3n\u201c, un apoyo que se ha trasladado ya desde hace algunas fechas a las f\u00e1bricas y centros de trabajo, ya que consideramos que es lo que nos corresponde aportar para avanzar en la convivencia y la resoluci\u00f3n. Ahora toca, en definitiva, utilizar las llaves que abran la puerta del camino a casa de los presos y presas.<\/p>\n<p>Sabemos que los avances que se han producido en este pa\u00eds en relaci\u00f3n a la convivencia y a la desactivaci\u00f3n de la excepcionalidad penitenciaria han sido consecuencia de la activaci\u00f3n social y del acuerdo y la unidad de partidos, sindicatos e instituciones. Queda a\u00fan camino por recorrer, y es momento de convertirnos en llave para abrir las puertas al futuro que como sociedad anhelamos.<\/p>\n<p>Por nuestra parte, manifestamos nuestro compromiso para continuar expandiendo en los centros de trabajo este mensaje, que seamos cada vez m\u00e1s para propiciar un avance definitivo que acabe con las medidas penitenciarias de excepci\u00f3n y avanzar en la construcci\u00f3n de la convivencia. Llamamos asimismo a tomar parte en la manifestaci\u00f3n que Sare ha convocado el 13 de enero en Bilbo. Seamos miles de llaves en el camino de abrir de par en par las puertas de la soluci\u00f3n y la convivencia.<\/p>\n<p>&nbsp;<\/p>\n","protected":false},"excerpt":{"rendered":"<p>Los representantes de los y las trabajadoras vascas que hemos salido hoy a la calle en Iru\u00f1ea, Gasteiz, Donostia y Bilbo, lo hacemos para mostrar p\u00fablicamente nuestro apoyo a la [&hellip;]<\/p>\n","protected":false},"author":2,"featured_media":5674,"comment_status":"closed","ping_status":"closed","sticky":false,"template":"","format":"standard","meta":{"_acf_changed":false,"_et_pb_use_builder":"","_et_pb_old_content":"","_et_gb_content_width":"","footnotes":""},"categories":[69],"tags":[],"class_list":["post-5675","post","type-post","status-publish","format-standard","has-post-thumbnail","hentry","category-leyes-de-excepcion","et-has-post-format-content","et_post_format-et-post-format-standard"],"acf":[],"yoast_head":"<!-- This site is optimized with the Yoast SEO plugin v26.4 - https:\/\/yoast.com\/wordpress\/plugins\/seo\/ -->\n<title>La mayor\u00eda sindical vasca se moviliza con el lema: &quot;Langileok ere KONPONBIDERAKO GILTZA!&quot; - Sare Herritarra<\/title>\n<meta name=\"robots\" content=\"index, follow, max-snippet:-1, max-image-preview:large, max-video-preview:-1\" \/>\n<link rel=\"canonical\" href=\"https:\/\/sare.eus\/es\/langileok-ere-konponbiderako-giltza\/\" \/>\n<meta property=\"og:locale\" content=\"es_ES\" \/>\n<meta property=\"og:type\" content=\"article\" \/>\n<meta property=\"og:title\" content=\"La mayor\u00eda sindical vasca se moviliza con el lema: &quot;Langileok ere KONPONBIDERAKO GILTZA!&quot; - Sare Herritarra\" \/>\n<meta property=\"og:description\" content=\"Los representantes de los y las trabajadoras vascas que hemos salido hoy a la calle en Iru\u00f1ea, Gasteiz, Donostia y Bilbo, lo hacemos para mostrar p\u00fablicamente nuestro apoyo a la [&hellip;]\" \/>\n<meta property=\"og:url\" content=\"https:\/\/sare.eus\/es\/langileok-ere-konponbiderako-giltza\/\" \/>\n<meta property=\"og:site_name\" content=\"Sare Herritarra\" \/>\n<meta property=\"article:published_time\" content=\"2023-12-20T15:30:28+00:00\" \/>\n<meta property=\"article:modified_time\" content=\"2023-12-21T15:35:15+00:00\" \/>\n<meta property=\"og:image\" content=\"https:\/\/sare.eus\/wp-content\/uploads\/2023\/12\/photo_5771779826817023968_y.jpg\" \/>\n\t<meta property=\"og:image:width\" content=\"1280\" \/>\n\t<meta property=\"og:image:height\" content=\"720\" \/>\n\t<meta property=\"og:image:type\" content=\"image\/jpeg\" \/>\n<meta name=\"author\" content=\"sare\" \/>\n<meta name=\"twitter:card\" content=\"summary_large_image\" \/>\n<meta name=\"twitter:label1\" content=\"Escrito por\" \/>\n\t<meta name=\"twitter:data1\" content=\"sare\" \/>\n\t<meta name=\"twitter:label2\" content=\"Tiempo de lectura\" \/>\n\t<meta name=\"twitter:data2\" content=\"1 minuto\" \/>\n<script type=\"application\/ld+json\" class=\"yoast-schema-graph\">{\"@context\":\"https:\/\/schema.org\",\"@graph\":[{\"@type\":\"Article\",\"@id\":\"https:\/\/sare.eus\/es\/langileok-ere-konponbiderako-giltza\/#article\",\"isPartOf\":{\"@id\":\"https:\/\/sare.eus\/es\/langileok-ere-konponbiderako-giltza\/\"},\"author\":{\"name\":\"sare\",\"@id\":\"https:\/\/sare.eus\/#\/schema\/person\/2fe6d0df294f56313d3ab236dbe38e17\"},\"headline\":\"La mayor\u00eda sindical vasca se moviliza con el lema: \u00abLangileok ere KONPONBIDERAKO GILTZA!\u00bb\",\"datePublished\":\"2023-12-20T15:30:28+00:00\",\"dateModified\":\"2023-12-21T15:35:15+00:00\",\"mainEntityOfPage\":{\"@id\":\"https:\/\/sare.eus\/es\/langileok-ere-konponbiderako-giltza\/\"},\"wordCount\":267,\"publisher\":{\"@id\":\"https:\/\/sare.eus\/#organization\"},\"image\":{\"@id\":\"https:\/\/sare.eus\/es\/langileok-ere-konponbiderako-giltza\/#primaryimage\"},\"thumbnailUrl\":\"https:\/\/sare.eus\/wp-content\/uploads\/2023\/12\/photo_5771779826817023968_y.jpg\",\"articleSection\":[\"Leyes de Excepci\u00f3n\"],\"inLanguage\":\"es\"},{\"@type\":\"WebPage\",\"@id\":\"https:\/\/sare.eus\/es\/langileok-ere-konponbiderako-giltza\/\",\"url\":\"https:\/\/sare.eus\/es\/langileok-ere-konponbiderako-giltza\/\",\"name\":\"La mayor\u00eda sindical vasca se moviliza con el lema: \\\"Langileok ere KONPONBIDERAKO GILTZA!\\\" - Sare Herritarra\",\"isPartOf\":{\"@id\":\"https:\/\/sare.eus\/#website\"},\"primaryImageOfPage\":{\"@id\":\"https:\/\/sare.eus\/es\/langileok-ere-konponbiderako-giltza\/#primaryimage\"},\"image\":{\"@id\":\"https:\/\/sare.eus\/es\/langileok-ere-konponbiderako-giltza\/#primaryimage\"},\"thumbnailUrl\":\"https:\/\/sare.eus\/wp-content\/uploads\/2023\/12\/photo_5771779826817023968_y.jpg\",\"datePublished\":\"2023-12-20T15:30:28+00:00\",\"dateModified\":\"2023-12-21T15:35:15+00:00\",\"breadcrumb\":{\"@id\":\"https:\/\/sare.eus\/es\/langileok-ere-konponbiderako-giltza\/#breadcrumb\"},\"inLanguage\":\"es\",\"potentialAction\":[{\"@type\":\"ReadAction\",\"target\":[\"https:\/\/sare.eus\/es\/langileok-ere-konponbiderako-giltza\/\"]}]},{\"@type\":\"ImageObject\",\"inLanguage\":\"es\",\"@id\":\"https:\/\/sare.eus\/es\/langileok-ere-konponbiderako-giltza\/#primaryimage\",\"url\":\"https:\/\/sare.eus\/wp-content\/uploads\/2023\/12\/photo_5771779826817023968_y.jpg\",\"contentUrl\":\"https:\/\/sare.eus\/wp-content\/uploads\/2023\/12\/photo_5771779826817023968_y.jpg\",\"width\":1280,\"height\":720},{\"@type\":\"BreadcrumbList\",\"@id\":\"https:\/\/sare.eus\/es\/langileok-ere-konponbiderako-giltza\/#breadcrumb\",\"itemListElement\":[{\"@type\":\"ListItem\",\"position\":1,\"name\":\"Home\",\"item\":\"https:\/\/sare.eus\/\"},{\"@type\":\"ListItem\",\"position\":2,\"name\":\"La mayor\u00eda sindical vasca se moviliza con el lema: \u00abLangileok ere KONPONBIDERAKO GILTZA!\u00bb\"}]},{\"@type\":\"WebSite\",\"@id\":\"https:\/\/sare.eus\/#website\",\"url\":\"https:\/\/sare.eus\/\",\"name\":\"Sare Herritarra\",\"description\":\"KONPONBIDEAREN ETA GIZA ESKUBIDEEN ALDEKO SARE HERRITARRA\",\"publisher\":{\"@id\":\"https:\/\/sare.eus\/#organization\"},\"potentialAction\":[{\"@type\":\"SearchAction\",\"target\":{\"@type\":\"EntryPoint\",\"urlTemplate\":\"https:\/\/sare.eus\/?s={search_term_string}\"},\"query-input\":{\"@type\":\"PropertyValueSpecification\",\"valueRequired\":true,\"valueName\":\"search_term_string\"}}],\"inLanguage\":\"es\"},{\"@type\":\"Organization\",\"@id\":\"https:\/\/sare.eus\/#organization\",\"name\":\"Sare Herritarra\",\"url\":\"https:\/\/sare.eus\/\",\"logo\":{\"@type\":\"ImageObject\",\"inLanguage\":\"es\",\"@id\":\"https:\/\/sare.eus\/#\/schema\/logo\/image\/\",\"url\":\"https:\/\/sare.eus\/wp-content\/uploads\/2021\/08\/sare.png\",\"contentUrl\":\"https:\/\/sare.eus\/wp-content\/uploads\/2021\/08\/sare.png\",\"width\":120,\"height\":142,\"caption\":\"Sare Herritarra\"},\"image\":{\"@id\":\"https:\/\/sare.eus\/#\/schema\/logo\/image\/\"}},{\"@type\":\"Person\",\"@id\":\"https:\/\/sare.eus\/#\/schema\/person\/2fe6d0df294f56313d3ab236dbe38e17\",\"name\":\"sare\",\"image\":{\"@type\":\"ImageObject\",\"inLanguage\":\"es\",\"@id\":\"https:\/\/sare.eus\/#\/schema\/person\/image\/\",\"url\":\"https:\/\/secure.gravatar.com\/avatar\/77cad838677ceb1977e7b3c878b55eaa7fa4aae2158983063b047c3ad7ef2c25?s=96&d=mm&r=g\",\"contentUrl\":\"https:\/\/secure.gravatar.com\/avatar\/77cad838677ceb1977e7b3c878b55eaa7fa4aae2158983063b047c3ad7ef2c25?s=96&d=mm&r=g\",\"caption\":\"sare\"},\"url\":\"https:\/\/sare.eus\/es\/author\/sare\/\"}]}<\/script>\n<!-- \/ Yoast SEO plugin. -->","yoast_head_json":{"title":"La mayor\u00eda sindical vasca se moviliza con el lema: \"Langileok ere KONPONBIDERAKO GILTZA!\" - Sare Herritarra","robots":{"index":"index","follow":"follow","max-snippet":"max-snippet:-1","max-image-preview":"max-image-preview:large","max-video-preview":"max-video-preview:-1"},"canonical":"https:\/\/sare.eus\/es\/langileok-ere-konponbiderako-giltza\/","og_locale":"es_ES","og_type":"article","og_title":"La mayor\u00eda sindical vasca se moviliza con el lema: \"Langileok ere KONPONBIDERAKO GILTZA!\" - Sare Herritarra","og_description":"Los representantes de los y las trabajadoras vascas que hemos salido hoy a la calle en Iru\u00f1ea, Gasteiz, Donostia y Bilbo, lo hacemos para mostrar p\u00fablicamente nuestro apoyo a la [&hellip;]","og_url":"https:\/\/sare.eus\/es\/langileok-ere-konponbiderako-giltza\/","og_site_name":"Sare Herritarra","article_published_time":"2023-12-20T15:30:28+00:00","article_modified_time":"2023-12-21T15:35:15+00:00","og_image":[{"width":1280,"height":720,"url":"https:\/\/sare.eus\/wp-content\/uploads\/2023\/12\/photo_5771779826817023968_y.jpg","type":"image\/jpeg"}],"author":"sare","twitter_card":"summary_large_image","twitter_misc":{"Escrito por":"sare","Tiempo de lectura":"1 minuto"},"schema":{"@context":"https:\/\/schema.org","@graph":[{"@type":"Article","@id":"https:\/\/sare.eus\/es\/langileok-ere-konponbiderako-giltza\/#article","isPartOf":{"@id":"https:\/\/sare.eus\/es\/langileok-ere-konponbiderako-giltza\/"},"author":{"name":"sare","@id":"https:\/\/sare.eus\/#\/schema\/person\/2fe6d0df294f56313d3ab236dbe38e17"},"headline":"La mayor\u00eda sindical vasca se moviliza con el lema: \u00abLangileok ere KONPONBIDERAKO GILTZA!\u00bb","datePublished":"2023-12-20T15:30:28+00:00","dateModified":"2023-12-21T15:35:15+00:00","mainEntityOfPage":{"@id":"https:\/\/sare.eus\/es\/langileok-ere-konponbiderako-giltza\/"},"wordCount":267,"publisher":{"@id":"https:\/\/sare.eus\/#organization"},"image":{"@id":"https:\/\/sare.eus\/es\/langileok-ere-konponbiderako-giltza\/#primaryimage"},"thumbnailUrl":"https:\/\/sare.eus\/wp-content\/uploads\/2023\/12\/photo_5771779826817023968_y.jpg","articleSection":["Leyes de Excepci\u00f3n"],"inLanguage":"es"},{"@type":"WebPage","@id":"https:\/\/sare.eus\/es\/langileok-ere-konponbiderako-giltza\/","url":"https:\/\/sare.eus\/es\/langileok-ere-konponbiderako-giltza\/","name":"La mayor\u00eda sindical vasca se moviliza con el lema: \"Langileok ere KONPONBIDERAKO GILTZA!\" - Sare Herritarra","isPartOf":{"@id":"https:\/\/sare.eus\/#website"},"primaryImageOfPage":{"@id":"https:\/\/sare.eus\/es\/langileok-ere-konponbiderako-giltza\/#primaryimage"},"image":{"@id":"https:\/\/sare.eus\/es\/langileok-ere-konponbiderako-giltza\/#primaryimage"},"thumbnailUrl":"https:\/\/sare.eus\/wp-content\/uploads\/2023\/12\/photo_5771779826817023968_y.jpg","datePublished":"2023-12-20T15:30:28+00:00","dateModified":"2023-12-21T15:35:15+00:00","breadcrumb":{"@id":"https:\/\/sare.eus\/es\/langileok-ere-konponbiderako-giltza\/#breadcrumb"},"inLanguage":"es","potentialAction":[{"@type":"ReadAction","target":["https:\/\/sare.eus\/es\/langileok-ere-konponbiderako-giltza\/"]}]},{"@type":"ImageObject","inLanguage":"es","@id":"https:\/\/sare.eus\/es\/langileok-ere-konponbiderako-giltza\/#primaryimage","url":"https:\/\/sare.eus\/wp-content\/uploads\/2023\/12\/photo_5771779826817023968_y.jpg","contentUrl":"https:\/\/sare.eus\/wp-content\/uploads\/2023\/12\/photo_5771779826817023968_y.jpg","width":1280,"height":720},{"@type":"BreadcrumbList","@id":"https:\/\/sare.eus\/es\/langileok-ere-konponbiderako-giltza\/#breadcrumb","itemListElement":[{"@type":"ListItem","position":1,"name":"Home","item":"https:\/\/sare.eus\/"},{"@type":"ListItem","position":2,"name":"La mayor\u00eda sindical vasca se moviliza con el lema: \u00abLangileok ere KONPONBIDERAKO GILTZA!\u00bb"}]},{"@type":"WebSite","@id":"https:\/\/sare.eus\/#website","url":"https:\/\/sare.eus\/","name":"Sare Herritarra","description":"KONPONBIDEAREN ETA GIZA ESKUBIDEEN ALDEKO SARE HERRITARRA","publisher":{"@id":"https:\/\/sare.eus\/#organization"},"potentialAction":[{"@type":"SearchAction","target":{"@type":"EntryPoint","urlTemplate":"https:\/\/sare.eus\/?s={search_term_string}"},"query-input":{"@type":"PropertyValueSpecification","valueRequired":true,"valueName":"search_term_string"}}],"inLanguage":"es"},{"@type":"Organization","@id":"https:\/\/sare.eus\/#organization","name":"Sare Herritarra","url":"https:\/\/sare.eus\/","logo":{"@type":"ImageObject","inLanguage":"es","@id":"https:\/\/sare.eus\/#\/schema\/logo\/image\/","url":"https:\/\/sare.eus\/wp-content\/uploads\/2021\/08\/sare.png","contentUrl":"https:\/\/sare.eus\/wp-content\/uploads\/2021\/08\/sare.png","width":120,"height":142,"caption":"Sare Herritarra"},"image":{"@id":"https:\/\/sare.eus\/#\/schema\/logo\/image\/"}},{"@type":"Person","@id":"https:\/\/sare.eus\/#\/schema\/person\/2fe6d0df294f56313d3ab236dbe38e17","name":"sare","image":{"@type":"ImageObject","inLanguage":"es","@id":"https:\/\/sare.eus\/#\/schema\/person\/image\/","url":"https:\/\/secure.gravatar.com\/avatar\/77cad838677ceb1977e7b3c878b55eaa7fa4aae2158983063b047c3ad7ef2c25?s=96&d=mm&r=g","contentUrl":"https:\/\/secure.gravatar.com\/avatar\/77cad838677ceb1977e7b3c878b55eaa7fa4aae2158983063b047c3ad7ef2c25?s=96&d=mm&r=g","caption":"sare"},"url":"https:\/\/sare.eus\/es\/author\/sare\/"}]}},"_links":{"self":[{"href":"https:\/\/sare.eus\/es\/wp-json\/wp\/v2\/posts\/5675","targetHints":{"allow":["GET"]}}],"collection":[{"href":"https:\/\/sare.eus\/es\/wp-json\/wp\/v2\/posts"}],"about":[{"href":"https:\/\/sare.eus\/es\/wp-json\/wp\/v2\/types\/post"}],"author":[{"embeddable":true,"href":"https:\/\/sare.eus\/es\/wp-json\/wp\/v2\/users\/2"}],"replies":[{"embeddable":true,"href":"https:\/\/sare.eus\/es\/wp-json\/wp\/v2\/comments?post=5675"}],"version-history":[{"count":2,"href":"https:\/\/sare.eus\/es\/wp-json\/wp\/v2\/posts\/5675\/revisions"}],"predecessor-version":[{"id":5677,"href":"https:\/\/sare.eus\/es\/wp-json\/wp\/v2\/posts\/5675\/revisions\/5677"}],"wp:featuredmedia":[{"embeddable":true,"href":"https:\/\/sare.eus\/es\/wp-json\/wp\/v2\/media\/5674"}],"wp:attachment":[{"href":"https:\/\/sare.eus\/es\/wp-json\/wp\/v2\/media?parent=5675"}],"wp:term":[{"taxonomy":"category","embeddable":true,"href":"https:\/\/sare.eus\/es\/wp-json\/wp\/v2\/categories?post=5675"},{"taxonomy":"post_tag","embeddable":true,"href":"https:\/\/sare.eus\/es\/wp-json\/wp\/v2\/tags?post=5675"}],"curies":[{"name":"wp","href":"https:\/\/api.w.org\/{rel}","templated":true}]}}